{"id":77550,"date":"2023-01-24T14:41:36","date_gmt":"2023-01-24T19:41:36","guid":{"rendered":"https:\/\/adf-magazine.com\/?p=77550"},"modified":"2023-01-24T14:42:21","modified_gmt":"2023-01-24T19:42:21","slug":"togo-procura-respostas-para-acabar-com-incursoes-de-extremistas","status":"publish","type":"post","link":"https:\/\/adf-magazine.com\/pt-pt\/2023\/01\/togo-procura-respostas-para-acabar-com-incursoes-de-extremistas\/","title":{"rendered":"Togo Procura Respostas para Acabar com Incurs\u00f5es de Extremistas"},"content":{"rendered":"<p style=\"font-weight: 400;\">EQUIPA DA ADF<\/p>\n<p style=\"font-weight: 400;\">A prov\u00edncia de Savanes, no norte do Togo, continua em estado de emerg\u00eancia, numa altura em que o pa\u00eds luta contra ataques repetitivos de extremistas do vizinho Burquina Faso.<\/p>\n<p style=\"font-weight: 400;\">Desde Novembro de 2021, os extremistas mataram e feriram dezenas de residentes de Savanes e soldados. Um dos piores ataques ocorreu em Maio de 2022, quando dezenas de homens armados que se faziam transportar em motorizadas mataram oito soldados, durante um ataque num posto avan\u00e7ado do ex\u00e9rcito, em Kpinkankandi.<\/p>\n<p style=\"font-weight: 400;\">Depois disso, mais ataques vieram ao longo da fronteira de 131 quil\u00f3metros, do Togo com o Burquina Faso, chegando a aproximadamente um por m\u00eas at\u00e9 Novembro.<\/p>\n<p style=\"font-weight: 400;\">Em Dezembro de 2022, o Presidente do Togo, Faure Gnassingb\u00e9, disse que iria supervisionar pessoalmente as for\u00e7as armadas em meio a cont\u00ednua instabilidade. Durante um discurso da noite de passagem do ano, ele comprometeu-se em ser inflex\u00edvel para enfrentar a amea\u00e7a.<\/p>\n<p style=\"font-weight: 400;\">\u201cEstamos a fazer tudo o que \u00e9 poss\u00edvel para defender a terra natal atacada,\u201d disse. \u201cE, nesta luta, estou convencido de que, com a ajuda de Deus, seremos vitoriosos. Iremos vencer as for\u00e7as do mal. Estas for\u00e7as ser\u00e3o derrotadas nos port\u00f5es de Togo.\u201d<\/p>\n<p style=\"font-weight: 400;\">O Togo juntou-se aos seus vizinhos do norte do Golfo da Guin\u00e9 na defesa contra as incurs\u00f5es extremistas. No ano passado, Benin, Costa do Marfim e Gana lutaram contra as tentativas dos extremistas de pressionarem em direc\u00e7\u00e3o ao sul, para a costa, de modo a garantir linhas de fornecimento para as suas bases no Sahel.<\/p>\n<p style=\"font-weight: 400;\">Mesmo numa altura em que defende o seu territ\u00f3rio dos extremistas, o Togo alberga mais de 4.000 pessoas deslocadas por ataques nos pa\u00edses vizinhos. Tamb\u00e9m est\u00e1 a lidar com milhares de seus pr\u00f3prios cidad\u00e3os que fogem das suas comunidades depois dos ataques extremistas.<\/p>\n<p style=\"font-weight: 400;\">Enquanto procura manter a seguran\u00e7a em Savanes, o governo do Togo expandiu a sua presen\u00e7a militar na regi\u00e3o. Enviou soldados para a regi\u00e3o, na opera\u00e7\u00e3o Koundjoare, inicialmente lan\u00e7ada em 2018, que visa prevenir a infiltra\u00e7\u00e3o de extremistas violentos.<\/p>\n<p style=\"font-weight: 400;\">Em Setembro, prorrogou um estado de emerg\u00eancia inicial at\u00e9 Mar\u00e7o de 2023. Nos termos dessa ordem, os oficiais de seguran\u00e7a podem proibir o movimento, banir aglomerados em estradas p\u00fablicas e prender qualquer pessoa que considerarem suspeita.<\/p>\n<p style=\"font-weight: 400;\">Especialistas possuem teorias diferentes em rela\u00e7\u00e3o ao que est\u00e1 a motivar os ataques.<\/p>\n<p style=\"font-weight: 400;\">De acordo com o investigador Dr. Folahanmi Aina, os ataques extremistas no norte do Togo tamb\u00e9m foram concebidos para ganhar notoriedade e engrossar as suas fileiras.<\/p>\n<p style=\"font-weight: 400;\">\u201cEstabelecendo a presen\u00e7a no Togo, os grupos extremistas saem a ganhar, recrutando soldados rasos,\u201d escreveu Aina para o The Conversation, depois do ataque de Maio de 2022. \u201cEstar no norte do Togo tamb\u00e9m os coloca pr\u00f3ximo do Burquina Faso, possibilitando que haja colabora\u00e7\u00f5es transfronteiri\u00e7as e ataques com outros extremistas violentos que operam naquela \u00e1rea.\u201d<\/p>\n<p style=\"font-weight: 400;\">Francis Kpatind\u00e9, um diplomata e professor na Science Po Paris, considera os ataques uma retribui\u00e7\u00e3o contra os cidad\u00e3os de Savanes que ajudaram as for\u00e7as de seguran\u00e7a a desmantelar outras opera\u00e7\u00f5es extremistas. Nalguns casos, os atacantes foram de casa em casa, visando certos indiv\u00edduos.<\/p>\n<p style=\"font-weight: 400;\">\u201cMuitos ataques foram frustrados,\u201d disse Kpatind\u00e9 \u00e0 TV5 Monde, da Fran\u00e7a. \u201cOs outros ataques tiveram publicidade devido a perdas humanas que causaram. Na verdade, para cada ataque bem-sucedido, existem v\u00e1rios que fracassaram.\u201d<\/p>\n<p style=\"font-weight: 400;\">Jeannine Ella Abatan, uma investigadora do Instituto de Estudos de Seguran\u00e7a, no Senegal, disse que o Togo deve manter o apoio e a confian\u00e7a dos residentes locais enquanto luta contra os extremistas.<\/p>\n<p style=\"font-weight: 400;\">\u201cAs autoridades devem continuar a fortalecer esta confian\u00e7a, demonstrando toda a utilidade do Estado para essas popula\u00e7\u00f5es, estando presentes nas suas vidas di\u00e1rias, mas tamb\u00e9m as protegendo numa situa\u00e7\u00e3o cada vez mais dif\u00edcil,\u201d disse Abatan \u00e0 TV5 Monde.<\/p>\n<p style=\"font-weight: 400;\">Isso pode ser dif\u00edcil numa \u00e1rea com elevados \u00edndices de pobreza e um hist\u00f3rico de neglig\u00eancia do governo, afirmam os especialistas.<\/p>\n<p><span style=\"font-weight: 400;\">\u201cO Togo tem condi\u00e7\u00f5es criadas para que os extremistas se instalem,\u201d escreveu Aina.<\/span><\/p>\n","protected":false},"excerpt":{"rendered":"<p>EQUIPA DA ADF A prov\u00edncia de Savanes, no norte do Togo, continua em estado de emerg\u00eancia, numa altura em que o pa\u00eds luta contra ataques repetitivos de extremistas do vizinho Burquina Faso. Desde Novembro de 2021, os extremistas mataram e feriram dezenas de residentes de Savanes e soldados. Um dos piores ataques ocorreu em Maio<\/p>\n","protected":false},"author":1,"featured_media":77528,"comment_status":"open","ping_status":"closed","sticky":false,"template":"","format":"standard","meta":{"_acf_changed":false,"_monsterinsights_skip_tracking":false,"_monsterinsights_sitenote_active":false,"_monsterinsights_sitenote_note":"","_monsterinsights_sitenote_category":0,"_uf_show_specific_survey":0,"_uf_disable_surveys":false,"footnotes":""},"categories":[363],"tags":[558,534,812],"class_list":{"0":"post-77550","1":"post","2":"type-post","3":"status-publish","4":"format-standard","5":"has-post-thumbnail","7":"category-melhores-historias","8":"tag-africa-ocidental","9":"tag-terrorismo","10":"tag-togo-pt-pt"},"acf":[],"yoast_head":"<!-- This site is optimized with the Yoast SEO plugin v27.4 - https:\/\/yoast.com\/product\/yoast-seo-wordpress\/ -->\n<title>Togo Procura Respostas para Acabar com Incurs\u00f5es de Extremistas - Africa Defense Forum<\/title>\n<meta name=\"robots\" content=\"index, follow, max-snippet:-1, max-image-preview:large, max-video-preview:-1\" \/>\n<link rel=\"canonical\" href=\"https:\/\/adf-magazine.com\/pt-pt\/2023\/01\/togo-procura-respostas-para-acabar-com-incursoes-de-extremistas\/\" \/>\n<meta property=\"og:locale\" content=\"pt_PT\" \/>\n<meta property=\"og:type\" content=\"article\" \/>\n<meta property=\"og:title\" content=\"Togo Procura Respostas para Acabar com Incurs\u00f5es de Extremistas - Africa Defense Forum\" \/>\n<meta property=\"og:description\" content=\"EQUIPA DA ADF A prov\u00edncia de Savanes, no norte do Togo, continua em estado de emerg\u00eancia, numa altura em que o pa\u00eds luta contra ataques repetitivos de extremistas do vizinho Burquina Faso. Desde Novembro de 2021, os extremistas mataram e feriram dezenas de residentes de Savanes e soldados. Um dos piores ataques ocorreu em Maio\" \/>\n<meta property=\"og:url\" content=\"https:\/\/adf-magazine.com\/pt-pt\/2023\/01\/togo-procura-respostas-para-acabar-com-incursoes-de-extremistas\/\" \/>\n<meta property=\"og:site_name\" content=\"Africa Defense Forum\" \/>\n<meta property=\"article:publisher\" content=\"https:\/\/www.facebook.com\/ADFmagazine\/\" \/>\n<meta property=\"article:published_time\" content=\"2023-01-24T19:41:36+00:00\" \/>\n<meta property=\"article:modified_time\" content=\"2023-01-24T19:42:21+00:00\" \/>\n<meta property=\"og:image\" content=\"https:\/\/adf-magazine.com\/wp-content\/uploads\/2023\/01\/GettyImages-1244115212.jpg\" \/>\n\t<meta property=\"og:image:width\" content=\"1024\" \/>\n\t<meta property=\"og:image:height\" content=\"683\" \/>\n\t<meta property=\"og:image:type\" content=\"image\/jpeg\" \/>\n<meta name=\"author\" content=\"ADF\" \/>\n<meta name=\"twitter:card\" content=\"summary_large_image\" \/>\n<meta name=\"twitter:creator\" content=\"@ADFmagazine\" \/>\n<meta name=\"twitter:site\" content=\"@ADFmagazine\" \/>\n<meta name=\"twitter:label1\" content=\"Escrito por\" \/>\n\t<meta name=\"twitter:data1\" content=\"ADF\" \/>\n\t<meta name=\"twitter:label2\" content=\"Tempo estimado de leitura\" \/>\n\t<meta name=\"twitter:data2\" content=\"3 minutos\" \/>\n<script type=\"application\/ld+json\" class=\"yoast-schema-graph\">{\"@context\":\"https:\\\/\\\/schema.org\",\"@graph\":[{\"@type\":\"Article\",\"@id\":\"https:\\\/\\\/adf-magazine.com\\\/pt-pt\\\/2023\\\/01\\\/togo-procura-respostas-para-acabar-com-incursoes-de-extremistas\\\/#article\",\"isPartOf\":{\"@id\":\"https:\\\/\\\/adf-magazine.com\\\/pt-pt\\\/2023\\\/01\\\/togo-procura-respostas-para-acabar-com-incursoes-de-extremistas\\\/\"},\"author\":{\"name\":\"ADF\",\"@id\":\"https:\\\/\\\/adf-magazine.com\\\/#\\\/schema\\\/person\\\/f266a6061389568b5a11465bb38bc025\"},\"headline\":\"Togo Procura Respostas para Acabar com Incurs\u00f5es de Extremistas\",\"datePublished\":\"2023-01-24T19:41:36+00:00\",\"dateModified\":\"2023-01-24T19:42:21+00:00\",\"mainEntityOfPage\":{\"@id\":\"https:\\\/\\\/adf-magazine.com\\\/pt-pt\\\/2023\\\/01\\\/togo-procura-respostas-para-acabar-com-incursoes-de-extremistas\\\/\"},\"wordCount\":695,\"commentCount\":0,\"image\":{\"@id\":\"https:\\\/\\\/adf-magazine.com\\\/pt-pt\\\/2023\\\/01\\\/togo-procura-respostas-para-acabar-com-incursoes-de-extremistas\\\/#primaryimage\"},\"thumbnailUrl\":\"https:\\\/\\\/adf-magazine.com\\\/wp-content\\\/uploads\\\/2023\\\/01\\\/GettyImages-1244115212.jpg\",\"keywords\":[\"\u00c1frica Ocidental\",\"Terrorismo\",\"Togo\"],\"articleSection\":[\"Not\u00edcias diaries\"],\"inLanguage\":\"pt-PT\",\"potentialAction\":[{\"@type\":\"CommentAction\",\"name\":\"Comment\",\"target\":[\"https:\\\/\\\/adf-magazine.com\\\/pt-pt\\\/2023\\\/01\\\/togo-procura-respostas-para-acabar-com-incursoes-de-extremistas\\\/#respond\"]}]},{\"@type\":\"WebPage\",\"@id\":\"https:\\\/\\\/adf-magazine.com\\\/pt-pt\\\/2023\\\/01\\\/togo-procura-respostas-para-acabar-com-incursoes-de-extremistas\\\/\",\"url\":\"https:\\\/\\\/adf-magazine.com\\\/pt-pt\\\/2023\\\/01\\\/togo-procura-respostas-para-acabar-com-incursoes-de-extremistas\\\/\",\"name\":\"Togo Procura Respostas para Acabar com Incurs\u00f5es de Extremistas - Africa Defense Forum\",\"isPartOf\":{\"@id\":\"https:\\\/\\\/adf-magazine.com\\\/#website\"},\"primaryImageOfPage\":{\"@id\":\"https:\\\/\\\/adf-magazine.com\\\/pt-pt\\\/2023\\\/01\\\/togo-procura-respostas-para-acabar-com-incursoes-de-extremistas\\\/#primaryimage\"},\"image\":{\"@id\":\"https:\\\/\\\/adf-magazine.com\\\/pt-pt\\\/2023\\\/01\\\/togo-procura-respostas-para-acabar-com-incursoes-de-extremistas\\\/#primaryimage\"},\"thumbnailUrl\":\"https:\\\/\\\/adf-magazine.com\\\/wp-content\\\/uploads\\\/2023\\\/01\\\/GettyImages-1244115212.jpg\",\"datePublished\":\"2023-01-24T19:41:36+00:00\",\"dateModified\":\"2023-01-24T19:42:21+00:00\",\"author\":{\"@id\":\"https:\\\/\\\/adf-magazine.com\\\/#\\\/schema\\\/person\\\/f266a6061389568b5a11465bb38bc025\"},\"breadcrumb\":{\"@id\":\"https:\\\/\\\/adf-magazine.com\\\/pt-pt\\\/2023\\\/01\\\/togo-procura-respostas-para-acabar-com-incursoes-de-extremistas\\\/#breadcrumb\"},\"inLanguage\":\"pt-PT\",\"potentialAction\":[{\"@type\":\"ReadAction\",\"target\":[\"https:\\\/\\\/adf-magazine.com\\\/pt-pt\\\/2023\\\/01\\\/togo-procura-respostas-para-acabar-com-incursoes-de-extremistas\\\/\"]}]},{\"@type\":\"ImageObject\",\"inLanguage\":\"pt-PT\",\"@id\":\"https:\\\/\\\/adf-magazine.com\\\/pt-pt\\\/2023\\\/01\\\/togo-procura-respostas-para-acabar-com-incursoes-de-extremistas\\\/#primaryimage\",\"url\":\"https:\\\/\\\/adf-magazine.com\\\/wp-content\\\/uploads\\\/2023\\\/01\\\/GettyImages-1244115212.jpg\",\"contentUrl\":\"https:\\\/\\\/adf-magazine.com\\\/wp-content\\\/uploads\\\/2023\\\/01\\\/GettyImages-1244115212.jpg\",\"width\":1024,\"height\":683,\"caption\":\"Togo enviou for\u00e7as de seguran\u00e7a adicionais para a sua regi\u00e3o nortenha de Savanes, em resposta a repetidos ataques transfronteiri\u00e7os, de extremistas que operam a partir do Burquina Faso. AFP\\\/GETTY IMAGES\"},{\"@type\":\"BreadcrumbList\",\"@id\":\"https:\\\/\\\/adf-magazine.com\\\/pt-pt\\\/2023\\\/01\\\/togo-procura-respostas-para-acabar-com-incursoes-de-extremistas\\\/#breadcrumb\",\"itemListElement\":[{\"@type\":\"ListItem\",\"position\":1,\"name\":\"Home\",\"item\":\"https:\\\/\\\/adf-magazine.com\\\/\"},{\"@type\":\"ListItem\",\"position\":2,\"name\":\"Togo Procura Respostas para Acabar com Incurs\u00f5es de Extremistas\"}]},{\"@type\":\"WebSite\",\"@id\":\"https:\\\/\\\/adf-magazine.com\\\/#website\",\"url\":\"https:\\\/\\\/adf-magazine.com\\\/\",\"name\":\"Africa Defense Forum\",\"description\":\"Africa Defense Forum\",\"potentialAction\":[{\"@type\":\"SearchAction\",\"target\":{\"@type\":\"EntryPoint\",\"urlTemplate\":\"https:\\\/\\\/adf-magazine.com\\\/?s={search_term_string}\"},\"query-input\":{\"@type\":\"PropertyValueSpecification\",\"valueRequired\":true,\"valueName\":\"search_term_string\"}}],\"inLanguage\":\"pt-PT\"},{\"@type\":\"Person\",\"@id\":\"https:\\\/\\\/adf-magazine.com\\\/#\\\/schema\\\/person\\\/f266a6061389568b5a11465bb38bc025\",\"name\":\"ADF\",\"image\":{\"@type\":\"ImageObject\",\"inLanguage\":\"pt-PT\",\"@id\":\"https:\\\/\\\/adf-magazine.com\\\/wp-content\\\/uploads\\\/2020\\\/05\\\/cropped-ADF_icon.jpg\",\"url\":\"https:\\\/\\\/adf-magazine.com\\\/wp-content\\\/uploads\\\/2020\\\/05\\\/cropped-ADF_icon.jpg\",\"contentUrl\":\"https:\\\/\\\/adf-magazine.com\\\/wp-content\\\/uploads\\\/2020\\\/05\\\/cropped-ADF_icon.jpg\",\"caption\":\"ADF\"},\"description\":\"ADF is a professional military magazine published quarterly by U.S. Africa Command to provide an international forum for African security professionals. ADF covers topics such as counter terrorism strategies, security and defense operations, transnational crime, and all other issues affecting peace, stability, and good governance on the African continent.\",\"sameAs\":[\"https:\\\/\\\/x.com\\\/ADFmagazine\"],\"url\":\"https:\\\/\\\/adf-magazine.com\\\/pt-pt\\\/author\\\/adf\\\/\"}]}<\/script>\n<!-- \/ Yoast SEO plugin. -->","yoast_head_json":{"title":"Togo Procura Respostas para Acabar com Incurs\u00f5es de Extremistas - Africa Defense Forum","robots":{"index":"index","follow":"follow","max-snippet":"max-snippet:-1","max-image-preview":"max-image-preview:large","max-video-preview":"max-video-preview:-1"},"canonical":"https:\/\/adf-magazine.com\/pt-pt\/2023\/01\/togo-procura-respostas-para-acabar-com-incursoes-de-extremistas\/","og_locale":"pt_PT","og_type":"article","og_title":"Togo Procura Respostas para Acabar com Incurs\u00f5es de Extremistas - Africa Defense Forum","og_description":"EQUIPA DA ADF A prov\u00edncia de Savanes, no norte do Togo, continua em estado de emerg\u00eancia, numa altura em que o pa\u00eds luta contra ataques repetitivos de extremistas do vizinho Burquina Faso. Desde Novembro de 2021, os extremistas mataram e feriram dezenas de residentes de Savanes e soldados. Um dos piores ataques ocorreu em Maio","og_url":"https:\/\/adf-magazine.com\/pt-pt\/2023\/01\/togo-procura-respostas-para-acabar-com-incursoes-de-extremistas\/","og_site_name":"Africa Defense Forum","article_publisher":"https:\/\/www.facebook.com\/ADFmagazine\/","article_published_time":"2023-01-24T19:41:36+00:00","article_modified_time":"2023-01-24T19:42:21+00:00","og_image":[{"width":1024,"height":683,"url":"https:\/\/adf-magazine.com\/wp-content\/uploads\/2023\/01\/GettyImages-1244115212.jpg","type":"image\/jpeg"}],"author":"ADF","twitter_card":"summary_large_image","twitter_creator":"@ADFmagazine","twitter_site":"@ADFmagazine","twitter_misc":{"Escrito por":"ADF","Tempo estimado de leitura":"3 minutos"},"schema":{"@context":"https:\/\/schema.org","@graph":[{"@type":"Article","@id":"https:\/\/adf-magazine.com\/pt-pt\/2023\/01\/togo-procura-respostas-para-acabar-com-incursoes-de-extremistas\/#article","isPartOf":{"@id":"https:\/\/adf-magazine.com\/pt-pt\/2023\/01\/togo-procura-respostas-para-acabar-com-incursoes-de-extremistas\/"},"author":{"name":"ADF","@id":"https:\/\/adf-magazine.com\/#\/schema\/person\/f266a6061389568b5a11465bb38bc025"},"headline":"Togo Procura Respostas para Acabar com Incurs\u00f5es de Extremistas","datePublished":"2023-01-24T19:41:36+00:00","dateModified":"2023-01-24T19:42:21+00:00","mainEntityOfPage":{"@id":"https:\/\/adf-magazine.com\/pt-pt\/2023\/01\/togo-procura-respostas-para-acabar-com-incursoes-de-extremistas\/"},"wordCount":695,"commentCount":0,"image":{"@id":"https:\/\/adf-magazine.com\/pt-pt\/2023\/01\/togo-procura-respostas-para-acabar-com-incursoes-de-extremistas\/#primaryimage"},"thumbnailUrl":"https:\/\/adf-magazine.com\/wp-content\/uploads\/2023\/01\/GettyImages-1244115212.jpg","keywords":["\u00c1frica Ocidental","Terrorismo","Togo"],"articleSection":["Not\u00edcias diaries"],"inLanguage":"pt-PT","potentialAction":[{"@type":"CommentAction","name":"Comment","target":["https:\/\/adf-magazine.com\/pt-pt\/2023\/01\/togo-procura-respostas-para-acabar-com-incursoes-de-extremistas\/#respond"]}]},{"@type":"WebPage","@id":"https:\/\/adf-magazine.com\/pt-pt\/2023\/01\/togo-procura-respostas-para-acabar-com-incursoes-de-extremistas\/","url":"https:\/\/adf-magazine.com\/pt-pt\/2023\/01\/togo-procura-respostas-para-acabar-com-incursoes-de-extremistas\/","name":"Togo Procura Respostas para Acabar com Incurs\u00f5es de Extremistas - Africa Defense Forum","isPartOf":{"@id":"https:\/\/adf-magazine.com\/#website"},"primaryImageOfPage":{"@id":"https:\/\/adf-magazine.com\/pt-pt\/2023\/01\/togo-procura-respostas-para-acabar-com-incursoes-de-extremistas\/#primaryimage"},"image":{"@id":"https:\/\/adf-magazine.com\/pt-pt\/2023\/01\/togo-procura-respostas-para-acabar-com-incursoes-de-extremistas\/#primaryimage"},"thumbnailUrl":"https:\/\/adf-magazine.com\/wp-content\/uploads\/2023\/01\/GettyImages-1244115212.jpg","datePublished":"2023-01-24T19:41:36+00:00","dateModified":"2023-01-24T19:42:21+00:00","author":{"@id":"https:\/\/adf-magazine.com\/#\/schema\/person\/f266a6061389568b5a11465bb38bc025"},"breadcrumb":{"@id":"https:\/\/adf-magazine.com\/pt-pt\/2023\/01\/togo-procura-respostas-para-acabar-com-incursoes-de-extremistas\/#breadcrumb"},"inLanguage":"pt-PT","potentialAction":[{"@type":"ReadAction","target":["https:\/\/adf-magazine.com\/pt-pt\/2023\/01\/togo-procura-respostas-para-acabar-com-incursoes-de-extremistas\/"]}]},{"@type":"ImageObject","inLanguage":"pt-PT","@id":"https:\/\/adf-magazine.com\/pt-pt\/2023\/01\/togo-procura-respostas-para-acabar-com-incursoes-de-extremistas\/#primaryimage","url":"https:\/\/adf-magazine.com\/wp-content\/uploads\/2023\/01\/GettyImages-1244115212.jpg","contentUrl":"https:\/\/adf-magazine.com\/wp-content\/uploads\/2023\/01\/GettyImages-1244115212.jpg","width":1024,"height":683,"caption":"Togo enviou for\u00e7as de seguran\u00e7a adicionais para a sua regi\u00e3o nortenha de Savanes, em resposta a repetidos ataques transfronteiri\u00e7os, de extremistas que operam a partir do Burquina Faso. AFP\/GETTY IMAGES"},{"@type":"BreadcrumbList","@id":"https:\/\/adf-magazine.com\/pt-pt\/2023\/01\/togo-procura-respostas-para-acabar-com-incursoes-de-extremistas\/#breadcrumb","itemListElement":[{"@type":"ListItem","position":1,"name":"Home","item":"https:\/\/adf-magazine.com\/"},{"@type":"ListItem","position":2,"name":"Togo Procura Respostas para Acabar com Incurs\u00f5es de Extremistas"}]},{"@type":"WebSite","@id":"https:\/\/adf-magazine.com\/#website","url":"https:\/\/adf-magazine.com\/","name":"Africa Defense Forum","description":"Africa Defense Forum","potentialAction":[{"@type":"SearchAction","target":{"@type":"EntryPoint","urlTemplate":"https:\/\/adf-magazine.com\/?s={search_term_string}"},"query-input":{"@type":"PropertyValueSpecification","valueRequired":true,"valueName":"search_term_string"}}],"inLanguage":"pt-PT"},{"@type":"Person","@id":"https:\/\/adf-magazine.com\/#\/schema\/person\/f266a6061389568b5a11465bb38bc025","name":"ADF","image":{"@type":"ImageObject","inLanguage":"pt-PT","@id":"https:\/\/adf-magazine.com\/wp-content\/uploads\/2020\/05\/cropped-ADF_icon.jpg","url":"https:\/\/adf-magazine.com\/wp-content\/uploads\/2020\/05\/cropped-ADF_icon.jpg","contentUrl":"https:\/\/adf-magazine.com\/wp-content\/uploads\/2020\/05\/cropped-ADF_icon.jpg","caption":"ADF"},"description":"ADF is a professional military magazine published quarterly by U.S. Africa Command to provide an international forum for African security professionals. ADF covers topics such as counter terrorism strategies, security and defense operations, transnational crime, and all other issues affecting peace, stability, and good governance on the African continent.","sameAs":["https:\/\/x.com\/ADFmagazine"],"url":"https:\/\/adf-magazine.com\/pt-pt\/author\/adf\/"}]}},"_links":{"self":[{"href":"https:\/\/adf-magazine.com\/pt-pt\/wp-json\/wp\/v2\/posts\/77550","targetHints":{"allow":["GET"]}}],"collection":[{"href":"https:\/\/adf-magazine.com\/pt-pt\/wp-json\/wp\/v2\/posts"}],"about":[{"href":"https:\/\/adf-magazine.com\/pt-pt\/wp-json\/wp\/v2\/types\/post"}],"author":[{"embeddable":true,"href":"https:\/\/adf-magazine.com\/pt-pt\/wp-json\/wp\/v2\/users\/1"}],"replies":[{"embeddable":true,"href":"https:\/\/adf-magazine.com\/pt-pt\/wp-json\/wp\/v2\/comments?post=77550"}],"version-history":[{"count":0,"href":"https:\/\/adf-magazine.com\/pt-pt\/wp-json\/wp\/v2\/posts\/77550\/revisions"}],"wp:featuredmedia":[{"embeddable":true,"href":"https:\/\/adf-magazine.com\/pt-pt\/wp-json\/wp\/v2\/media\/77528"}],"wp:attachment":[{"href":"https:\/\/adf-magazine.com\/pt-pt\/wp-json\/wp\/v2\/media?parent=77550"}],"wp:term":[{"taxonomy":"category","embeddable":true,"href":"https:\/\/adf-magazine.com\/pt-pt\/wp-json\/wp\/v2\/categories?post=77550"},{"taxonomy":"post_tag","embeddable":true,"href":"https:\/\/adf-magazine.com\/pt-pt\/wp-json\/wp\/v2\/tags?post=77550"}],"curies":[{"name":"wp","href":"https:\/\/api.w.org\/{rel}","templated":true}]}}