{"id":67073,"date":"2023-01-18T11:18:08","date_gmt":"2023-01-18T16:18:08","guid":{"rendered":"https:\/\/adf-magazine.com\/?p=67073"},"modified":"2023-01-22T17:27:10","modified_gmt":"2023-01-22T22:27:10","slug":"evento-entre-nigeria-e-ue-destaca-a-parceria-maritima","status":"publish","type":"post","link":"https:\/\/adf-magazine.com\/pt-pt\/2023\/01\/evento-entre-nigeria-e-ue-destaca-a-parceria-maritima\/","title":{"rendered":"Evento Entre Nig\u00e9ria e UE Destaca a Parceria Mar\u00edtima"},"content":{"rendered":"<p>EQUIPA DA ADF<span class=\"Apple-converted-space\">\u00a0 <\/span>|<span class=\"Apple-converted-space\">\u00a0 <\/span>FOTOS DA UNI\u00c3O EUROPEIA<\/p>\n<p>L\u00edderes navais da Uni\u00e3o Europeia e da Nig\u00e9ria reuniram-se para fazer uma parceria forte com vista a combater amea\u00e7as no mar.<span class=\"Apple-converted-space\">\u00a0<\/span><\/p>\n<p>Decorrido no dia 7 de Abril de 2022, o primeir\u00edssimo Evento Conjunto de Fortalecimento da Coopera\u00e7\u00e3o entre Nig\u00e9ria e UE em Mat\u00e9rias de Seguran\u00e7a Mar\u00edtima teve lugar no Comando Naval Ocidental da Marinha Nigeriana em Lagos. O evento incluiu escalas da fragata da Marinha Italiana, ITN Luigi Rizzo, e a embarca\u00e7\u00e3o de patrulha offshore da Marinha Espanhola, ESPS Serviola. A Marinha Nigeriana, a Delega\u00e7\u00e3o da UE para a Nig\u00e9ria e os Estados membros da UE, que operam sob a iniciativa de Presen\u00e7as Mar\u00edtimas Coordenadas da Uni\u00e3o Europeia, organizaram o evento de alto n\u00edvel. Este evento incluiu dois dias de treinos conjuntos e demonstra\u00e7\u00e3o de capacidade.<\/p>\n<p><span class=\"Apple-converted-space\">\u00a0<\/span>\u201cA parceria de seguran\u00e7a vai para al\u00e9m de \u00c1frica, abra\u00e7ando a Uni\u00e3o Europeia e outros actores internacionais fundamentais geograficamente localizados fora do Golfo da Guin\u00e9, porque o Golfo da Guin\u00e9 \u00e9 de import\u00e2ncia global como uma rota mar\u00edtima crucial,\u201d disse o Contra-Almirante Saidu Garba, chefe de pol\u00edtica e planifica\u00e7\u00e3o do Quartel-General da Marinha da Nig\u00e9ria.<\/p>\n<p>A UE credita que as rela\u00e7\u00f5es foram aprofundadas entre os parceiros nos \u00faltimos anos, atrav\u00e9s de melhorias de coopera\u00e7\u00e3o operacional, exerc\u00edcios conjuntos, treinos e aumento de partilha de informa\u00e7\u00e3o. A UE elogiou o papel de lideran\u00e7a da Nig\u00e9ria no F\u00f3rum de Colabora\u00e7\u00e3o Mar\u00edtima de partilha de Conhecimento e Desconflitualiza\u00e7\u00e3o do Golfo da Guin\u00e9 bem como as iniciativas regionais como a plataforma de partilha de informa\u00e7\u00e3o YARIS.<span class=\"Apple-converted-space\">\u00a0<\/span><\/p>\n<p>\u201c\u00c9 bom que coordenemos internamente e colaboremos estrategicamente com a Marinha da Nig\u00e9ria,\u201d disse o Coordenador S\u00e9nior da UE para o Golfo da Guin\u00e9, Nicolas Berlanga. \u201cPorque a liberdade de navega\u00e7\u00e3o e investimento de actividades econ\u00f3micas \u00e9 tamb\u00e9m a nossa liberdade.\u201d<\/p>\n<p>Mais de 1.500 petroleiros, navios de carga e embarca\u00e7\u00f5es de pesca navegam nas \u00e1guas do Golfo da Guin\u00e9 diariamente. Os navios t\u00eam origem e destino que alcan\u00e7am o globo, fazendo com que a coordena\u00e7\u00e3o intercontinental entre os profissionais de seguran\u00e7a e a partilha de informa\u00e7\u00e3o sejam importantes.<\/p>\n<p>\u201cO trabalho conjunto \u00e9 uma condi\u00e7\u00e3o sine qua non no zelo para defender os mares, atrav\u00e9s da melhoria da seguran\u00e7a mar\u00edtima e bem-estar necess\u00e1rios para promover o com\u00e9rcio internacional, proteger o meio ambiente e garantir o uso do mar para neg\u00f3cios leg\u00edtimos,\u201d disse o Contra-Almirante Yakubu Wambai, oficial general comandante do Comando Naval Ocidental, da Nig\u00e9ria.<\/p>\n","protected":false},"excerpt":{"rendered":"<p>EQUIPA DA ADF\u00a0 |\u00a0 FOTOS DA UNI\u00c3O EUROPEIA L\u00edderes navais da Uni\u00e3o Europeia e da Nig\u00e9ria reuniram-se para fazer uma parceria forte com vista a combater amea\u00e7as no mar.\u00a0 Decorrido no dia 7 de Abril de 2022, o primeir\u00edssimo Evento Conjunto de Fortalecimento da Coopera\u00e7\u00e3o entre Nig\u00e9ria e UE em Mat\u00e9rias de Seguran\u00e7a Mar\u00edtima teve<\/p>\n","protected":false},"author":1,"featured_media":65620,"comment_status":"open","ping_status":"closed","sticky":false,"template":"","format":"standard","meta":{"_acf_changed":false,"_monsterinsights_skip_tracking":false,"_monsterinsights_sitenote_active":false,"_monsterinsights_sitenote_note":"","_monsterinsights_sitenote_category":0,"_uf_show_specific_survey":0,"_uf_disable_surveys":false,"footnotes":""},"categories":[335,340],"tags":[],"class_list":{"0":"post-67073","1":"post","2":"type-post","3":"status-publish","4":"format-standard","5":"has-post-thumbnail","7":"category-colunas","8":"category-perspectiva-internaciona"},"acf":[],"yoast_head":"<!-- This site is optimized with the Yoast SEO plugin v27.4 - https:\/\/yoast.com\/product\/yoast-seo-wordpress\/ -->\n<title>Evento Entre Nig\u00e9ria e UE Destaca a Parceria Mar\u00edtima - Africa Defense Forum<\/title>\n<meta name=\"robots\" content=\"index, follow, max-snippet:-1, max-image-preview:large, max-video-preview:-1\" \/>\n<link rel=\"canonical\" href=\"https:\/\/adf-magazine.com\/pt-pt\/2023\/01\/evento-entre-nigeria-e-ue-destaca-a-parceria-maritima\/\" \/>\n<meta property=\"og:locale\" content=\"pt_PT\" \/>\n<meta property=\"og:type\" content=\"article\" \/>\n<meta property=\"og:title\" content=\"Evento Entre Nig\u00e9ria e UE Destaca a Parceria Mar\u00edtima - Africa Defense Forum\" \/>\n<meta property=\"og:description\" content=\"EQUIPA DA ADF\u00a0 |\u00a0 FOTOS DA UNI\u00c3O EUROPEIA L\u00edderes navais da Uni\u00e3o Europeia e da Nig\u00e9ria reuniram-se para fazer uma parceria forte com vista a combater amea\u00e7as no mar.\u00a0 Decorrido no dia 7 de Abril de 2022, o primeir\u00edssimo Evento Conjunto de Fortalecimento da Coopera\u00e7\u00e3o entre Nig\u00e9ria e UE em Mat\u00e9rias de Seguran\u00e7a Mar\u00edtima teve\" \/>\n<meta property=\"og:url\" content=\"https:\/\/adf-magazine.com\/pt-pt\/2023\/01\/evento-entre-nigeria-e-ue-destaca-a-parceria-maritima\/\" \/>\n<meta property=\"og:site_name\" content=\"Africa Defense Forum\" \/>\n<meta property=\"article:publisher\" content=\"https:\/\/www.facebook.com\/ADFmagazine\/\" \/>\n<meta property=\"article:published_time\" content=\"2023-01-18T16:18:08+00:00\" \/>\n<meta property=\"article:modified_time\" content=\"2023-01-22T22:27:10+00:00\" \/>\n<meta property=\"og:image\" content=\"https:\/\/adf-magazine.com\/wp-content\/uploads\/2023\/01\/WORLD3.jpg\" \/>\n\t<meta property=\"og:image:width\" content=\"1080\" \/>\n\t<meta property=\"og:image:height\" content=\"636\" \/>\n\t<meta property=\"og:image:type\" content=\"image\/jpeg\" \/>\n<meta name=\"author\" content=\"ADF\" \/>\n<meta name=\"twitter:card\" content=\"summary_large_image\" \/>\n<meta name=\"twitter:creator\" content=\"@ADFmagazine\" \/>\n<meta name=\"twitter:site\" content=\"@ADFmagazine\" \/>\n<meta name=\"twitter:label1\" content=\"Escrito por\" \/>\n\t<meta name=\"twitter:data1\" content=\"ADF\" \/>\n\t<meta name=\"twitter:label2\" content=\"Tempo estimado de leitura\" \/>\n\t<meta name=\"twitter:data2\" content=\"2 minutos\" \/>\n<script type=\"application\/ld+json\" class=\"yoast-schema-graph\">{\"@context\":\"https:\\\/\\\/schema.org\",\"@graph\":[{\"@type\":\"Article\",\"@id\":\"https:\\\/\\\/adf-magazine.com\\\/pt-pt\\\/2023\\\/01\\\/evento-entre-nigeria-e-ue-destaca-a-parceria-maritima\\\/#article\",\"isPartOf\":{\"@id\":\"https:\\\/\\\/adf-magazine.com\\\/pt-pt\\\/2023\\\/01\\\/evento-entre-nigeria-e-ue-destaca-a-parceria-maritima\\\/\"},\"author\":{\"name\":\"ADF\",\"@id\":\"https:\\\/\\\/adf-magazine.com\\\/#\\\/schema\\\/person\\\/f266a6061389568b5a11465bb38bc025\"},\"headline\":\"Evento Entre Nig\u00e9ria e UE Destaca a Parceria Mar\u00edtima\",\"datePublished\":\"2023-01-18T16:18:08+00:00\",\"dateModified\":\"2023-01-22T22:27:10+00:00\",\"mainEntityOfPage\":{\"@id\":\"https:\\\/\\\/adf-magazine.com\\\/pt-pt\\\/2023\\\/01\\\/evento-entre-nigeria-e-ue-destaca-a-parceria-maritima\\\/\"},\"wordCount\":462,\"commentCount\":0,\"image\":{\"@id\":\"https:\\\/\\\/adf-magazine.com\\\/pt-pt\\\/2023\\\/01\\\/evento-entre-nigeria-e-ue-destaca-a-parceria-maritima\\\/#primaryimage\"},\"thumbnailUrl\":\"https:\\\/\\\/adf-magazine.com\\\/wp-content\\\/uploads\\\/2023\\\/01\\\/WORLD3.jpg\",\"articleSection\":[\"Colunas\",\"Perspectiva Internaciona\"],\"inLanguage\":\"pt-PT\",\"potentialAction\":[{\"@type\":\"CommentAction\",\"name\":\"Comment\",\"target\":[\"https:\\\/\\\/adf-magazine.com\\\/pt-pt\\\/2023\\\/01\\\/evento-entre-nigeria-e-ue-destaca-a-parceria-maritima\\\/#respond\"]}]},{\"@type\":\"WebPage\",\"@id\":\"https:\\\/\\\/adf-magazine.com\\\/pt-pt\\\/2023\\\/01\\\/evento-entre-nigeria-e-ue-destaca-a-parceria-maritima\\\/\",\"url\":\"https:\\\/\\\/adf-magazine.com\\\/pt-pt\\\/2023\\\/01\\\/evento-entre-nigeria-e-ue-destaca-a-parceria-maritima\\\/\",\"name\":\"Evento Entre Nig\u00e9ria e UE Destaca a Parceria Mar\u00edtima - Africa Defense Forum\",\"isPartOf\":{\"@id\":\"https:\\\/\\\/adf-magazine.com\\\/#website\"},\"primaryImageOfPage\":{\"@id\":\"https:\\\/\\\/adf-magazine.com\\\/pt-pt\\\/2023\\\/01\\\/evento-entre-nigeria-e-ue-destaca-a-parceria-maritima\\\/#primaryimage\"},\"image\":{\"@id\":\"https:\\\/\\\/adf-magazine.com\\\/pt-pt\\\/2023\\\/01\\\/evento-entre-nigeria-e-ue-destaca-a-parceria-maritima\\\/#primaryimage\"},\"thumbnailUrl\":\"https:\\\/\\\/adf-magazine.com\\\/wp-content\\\/uploads\\\/2023\\\/01\\\/WORLD3.jpg\",\"datePublished\":\"2023-01-18T16:18:08+00:00\",\"dateModified\":\"2023-01-22T22:27:10+00:00\",\"author\":{\"@id\":\"https:\\\/\\\/adf-magazine.com\\\/#\\\/schema\\\/person\\\/f266a6061389568b5a11465bb38bc025\"},\"breadcrumb\":{\"@id\":\"https:\\\/\\\/adf-magazine.com\\\/pt-pt\\\/2023\\\/01\\\/evento-entre-nigeria-e-ue-destaca-a-parceria-maritima\\\/#breadcrumb\"},\"inLanguage\":\"pt-PT\",\"potentialAction\":[{\"@type\":\"ReadAction\",\"target\":[\"https:\\\/\\\/adf-magazine.com\\\/pt-pt\\\/2023\\\/01\\\/evento-entre-nigeria-e-ue-destaca-a-parceria-maritima\\\/\"]}]},{\"@type\":\"ImageObject\",\"inLanguage\":\"pt-PT\",\"@id\":\"https:\\\/\\\/adf-magazine.com\\\/pt-pt\\\/2023\\\/01\\\/evento-entre-nigeria-e-ue-destaca-a-parceria-maritima\\\/#primaryimage\",\"url\":\"https:\\\/\\\/adf-magazine.com\\\/wp-content\\\/uploads\\\/2023\\\/01\\\/WORLD3.jpg\",\"contentUrl\":\"https:\\\/\\\/adf-magazine.com\\\/wp-content\\\/uploads\\\/2023\\\/01\\\/WORLD3.jpg\",\"width\":1080,\"height\":636},{\"@type\":\"BreadcrumbList\",\"@id\":\"https:\\\/\\\/adf-magazine.com\\\/pt-pt\\\/2023\\\/01\\\/evento-entre-nigeria-e-ue-destaca-a-parceria-maritima\\\/#breadcrumb\",\"itemListElement\":[{\"@type\":\"ListItem\",\"position\":1,\"name\":\"Home\",\"item\":\"https:\\\/\\\/adf-magazine.com\\\/\"},{\"@type\":\"ListItem\",\"position\":2,\"name\":\"Evento Entre Nig\u00e9ria e UE Destaca a Parceria Mar\u00edtima\"}]},{\"@type\":\"WebSite\",\"@id\":\"https:\\\/\\\/adf-magazine.com\\\/#website\",\"url\":\"https:\\\/\\\/adf-magazine.com\\\/\",\"name\":\"Africa Defense Forum\",\"description\":\"Africa Defense Forum\",\"potentialAction\":[{\"@type\":\"SearchAction\",\"target\":{\"@type\":\"EntryPoint\",\"urlTemplate\":\"https:\\\/\\\/adf-magazine.com\\\/?s={search_term_string}\"},\"query-input\":{\"@type\":\"PropertyValueSpecification\",\"valueRequired\":true,\"valueName\":\"search_term_string\"}}],\"inLanguage\":\"pt-PT\"},{\"@type\":\"Person\",\"@id\":\"https:\\\/\\\/adf-magazine.com\\\/#\\\/schema\\\/person\\\/f266a6061389568b5a11465bb38bc025\",\"name\":\"ADF\",\"image\":{\"@type\":\"ImageObject\",\"inLanguage\":\"pt-PT\",\"@id\":\"https:\\\/\\\/adf-magazine.com\\\/wp-content\\\/uploads\\\/2020\\\/05\\\/cropped-ADF_icon.jpg\",\"url\":\"https:\\\/\\\/adf-magazine.com\\\/wp-content\\\/uploads\\\/2020\\\/05\\\/cropped-ADF_icon.jpg\",\"contentUrl\":\"https:\\\/\\\/adf-magazine.com\\\/wp-content\\\/uploads\\\/2020\\\/05\\\/cropped-ADF_icon.jpg\",\"caption\":\"ADF\"},\"description\":\"ADF is a professional military magazine published quarterly by U.S. Africa Command to provide an international forum for African security professionals. ADF covers topics such as counter terrorism strategies, security and defense operations, transnational crime, and all other issues affecting peace, stability, and good governance on the African continent.\",\"sameAs\":[\"https:\\\/\\\/x.com\\\/ADFmagazine\"],\"url\":\"https:\\\/\\\/adf-magazine.com\\\/pt-pt\\\/author\\\/adf\\\/\"}]}<\/script>\n<!-- \/ Yoast SEO plugin. -->","yoast_head_json":{"title":"Evento Entre Nig\u00e9ria e UE Destaca a Parceria Mar\u00edtima - Africa Defense Forum","robots":{"index":"index","follow":"follow","max-snippet":"max-snippet:-1","max-image-preview":"max-image-preview:large","max-video-preview":"max-video-preview:-1"},"canonical":"https:\/\/adf-magazine.com\/pt-pt\/2023\/01\/evento-entre-nigeria-e-ue-destaca-a-parceria-maritima\/","og_locale":"pt_PT","og_type":"article","og_title":"Evento Entre Nig\u00e9ria e UE Destaca a Parceria Mar\u00edtima - Africa Defense Forum","og_description":"EQUIPA DA ADF\u00a0 |\u00a0 FOTOS DA UNI\u00c3O EUROPEIA L\u00edderes navais da Uni\u00e3o Europeia e da Nig\u00e9ria reuniram-se para fazer uma parceria forte com vista a combater amea\u00e7as no mar.\u00a0 Decorrido no dia 7 de Abril de 2022, o primeir\u00edssimo Evento Conjunto de Fortalecimento da Coopera\u00e7\u00e3o entre Nig\u00e9ria e UE em Mat\u00e9rias de Seguran\u00e7a Mar\u00edtima teve","og_url":"https:\/\/adf-magazine.com\/pt-pt\/2023\/01\/evento-entre-nigeria-e-ue-destaca-a-parceria-maritima\/","og_site_name":"Africa Defense Forum","article_publisher":"https:\/\/www.facebook.com\/ADFmagazine\/","article_published_time":"2023-01-18T16:18:08+00:00","article_modified_time":"2023-01-22T22:27:10+00:00","og_image":[{"width":1080,"height":636,"url":"https:\/\/adf-magazine.com\/wp-content\/uploads\/2023\/01\/WORLD3.jpg","type":"image\/jpeg"}],"author":"ADF","twitter_card":"summary_large_image","twitter_creator":"@ADFmagazine","twitter_site":"@ADFmagazine","twitter_misc":{"Escrito por":"ADF","Tempo estimado de leitura":"2 minutos"},"schema":{"@context":"https:\/\/schema.org","@graph":[{"@type":"Article","@id":"https:\/\/adf-magazine.com\/pt-pt\/2023\/01\/evento-entre-nigeria-e-ue-destaca-a-parceria-maritima\/#article","isPartOf":{"@id":"https:\/\/adf-magazine.com\/pt-pt\/2023\/01\/evento-entre-nigeria-e-ue-destaca-a-parceria-maritima\/"},"author":{"name":"ADF","@id":"https:\/\/adf-magazine.com\/#\/schema\/person\/f266a6061389568b5a11465bb38bc025"},"headline":"Evento Entre Nig\u00e9ria e UE Destaca a Parceria Mar\u00edtima","datePublished":"2023-01-18T16:18:08+00:00","dateModified":"2023-01-22T22:27:10+00:00","mainEntityOfPage":{"@id":"https:\/\/adf-magazine.com\/pt-pt\/2023\/01\/evento-entre-nigeria-e-ue-destaca-a-parceria-maritima\/"},"wordCount":462,"commentCount":0,"image":{"@id":"https:\/\/adf-magazine.com\/pt-pt\/2023\/01\/evento-entre-nigeria-e-ue-destaca-a-parceria-maritima\/#primaryimage"},"thumbnailUrl":"https:\/\/adf-magazine.com\/wp-content\/uploads\/2023\/01\/WORLD3.jpg","articleSection":["Colunas","Perspectiva Internaciona"],"inLanguage":"pt-PT","potentialAction":[{"@type":"CommentAction","name":"Comment","target":["https:\/\/adf-magazine.com\/pt-pt\/2023\/01\/evento-entre-nigeria-e-ue-destaca-a-parceria-maritima\/#respond"]}]},{"@type":"WebPage","@id":"https:\/\/adf-magazine.com\/pt-pt\/2023\/01\/evento-entre-nigeria-e-ue-destaca-a-parceria-maritima\/","url":"https:\/\/adf-magazine.com\/pt-pt\/2023\/01\/evento-entre-nigeria-e-ue-destaca-a-parceria-maritima\/","name":"Evento Entre Nig\u00e9ria e UE Destaca a Parceria Mar\u00edtima - Africa Defense Forum","isPartOf":{"@id":"https:\/\/adf-magazine.com\/#website"},"primaryImageOfPage":{"@id":"https:\/\/adf-magazine.com\/pt-pt\/2023\/01\/evento-entre-nigeria-e-ue-destaca-a-parceria-maritima\/#primaryimage"},"image":{"@id":"https:\/\/adf-magazine.com\/pt-pt\/2023\/01\/evento-entre-nigeria-e-ue-destaca-a-parceria-maritima\/#primaryimage"},"thumbnailUrl":"https:\/\/adf-magazine.com\/wp-content\/uploads\/2023\/01\/WORLD3.jpg","datePublished":"2023-01-18T16:18:08+00:00","dateModified":"2023-01-22T22:27:10+00:00","author":{"@id":"https:\/\/adf-magazine.com\/#\/schema\/person\/f266a6061389568b5a11465bb38bc025"},"breadcrumb":{"@id":"https:\/\/adf-magazine.com\/pt-pt\/2023\/01\/evento-entre-nigeria-e-ue-destaca-a-parceria-maritima\/#breadcrumb"},"inLanguage":"pt-PT","potentialAction":[{"@type":"ReadAction","target":["https:\/\/adf-magazine.com\/pt-pt\/2023\/01\/evento-entre-nigeria-e-ue-destaca-a-parceria-maritima\/"]}]},{"@type":"ImageObject","inLanguage":"pt-PT","@id":"https:\/\/adf-magazine.com\/pt-pt\/2023\/01\/evento-entre-nigeria-e-ue-destaca-a-parceria-maritima\/#primaryimage","url":"https:\/\/adf-magazine.com\/wp-content\/uploads\/2023\/01\/WORLD3.jpg","contentUrl":"https:\/\/adf-magazine.com\/wp-content\/uploads\/2023\/01\/WORLD3.jpg","width":1080,"height":636},{"@type":"BreadcrumbList","@id":"https:\/\/adf-magazine.com\/pt-pt\/2023\/01\/evento-entre-nigeria-e-ue-destaca-a-parceria-maritima\/#breadcrumb","itemListElement":[{"@type":"ListItem","position":1,"name":"Home","item":"https:\/\/adf-magazine.com\/"},{"@type":"ListItem","position":2,"name":"Evento Entre Nig\u00e9ria e UE Destaca a Parceria Mar\u00edtima"}]},{"@type":"WebSite","@id":"https:\/\/adf-magazine.com\/#website","url":"https:\/\/adf-magazine.com\/","name":"Africa Defense Forum","description":"Africa Defense Forum","potentialAction":[{"@type":"SearchAction","target":{"@type":"EntryPoint","urlTemplate":"https:\/\/adf-magazine.com\/?s={search_term_string}"},"query-input":{"@type":"PropertyValueSpecification","valueRequired":true,"valueName":"search_term_string"}}],"inLanguage":"pt-PT"},{"@type":"Person","@id":"https:\/\/adf-magazine.com\/#\/schema\/person\/f266a6061389568b5a11465bb38bc025","name":"ADF","image":{"@type":"ImageObject","inLanguage":"pt-PT","@id":"https:\/\/adf-magazine.com\/wp-content\/uploads\/2020\/05\/cropped-ADF_icon.jpg","url":"https:\/\/adf-magazine.com\/wp-content\/uploads\/2020\/05\/cropped-ADF_icon.jpg","contentUrl":"https:\/\/adf-magazine.com\/wp-content\/uploads\/2020\/05\/cropped-ADF_icon.jpg","caption":"ADF"},"description":"ADF is a professional military magazine published quarterly by U.S. Africa Command to provide an international forum for African security professionals. ADF covers topics such as counter terrorism strategies, security and defense operations, transnational crime, and all other issues affecting peace, stability, and good governance on the African continent.","sameAs":["https:\/\/x.com\/ADFmagazine"],"url":"https:\/\/adf-magazine.com\/pt-pt\/author\/adf\/"}]}},"_links":{"self":[{"href":"https:\/\/adf-magazine.com\/pt-pt\/wp-json\/wp\/v2\/posts\/67073","targetHints":{"allow":["GET"]}}],"collection":[{"href":"https:\/\/adf-magazine.com\/pt-pt\/wp-json\/wp\/v2\/posts"}],"about":[{"href":"https:\/\/adf-magazine.com\/pt-pt\/wp-json\/wp\/v2\/types\/post"}],"author":[{"embeddable":true,"href":"https:\/\/adf-magazine.com\/pt-pt\/wp-json\/wp\/v2\/users\/1"}],"replies":[{"embeddable":true,"href":"https:\/\/adf-magazine.com\/pt-pt\/wp-json\/wp\/v2\/comments?post=67073"}],"version-history":[{"count":0,"href":"https:\/\/adf-magazine.com\/pt-pt\/wp-json\/wp\/v2\/posts\/67073\/revisions"}],"wp:featuredmedia":[{"embeddable":true,"href":"https:\/\/adf-magazine.com\/pt-pt\/wp-json\/wp\/v2\/media\/65620"}],"wp:attachment":[{"href":"https:\/\/adf-magazine.com\/pt-pt\/wp-json\/wp\/v2\/media?parent=67073"}],"wp:term":[{"taxonomy":"category","embeddable":true,"href":"https:\/\/adf-magazine.com\/pt-pt\/wp-json\/wp\/v2\/categories?post=67073"},{"taxonomy":"post_tag","embeddable":true,"href":"https:\/\/adf-magazine.com\/pt-pt\/wp-json\/wp\/v2\/tags?post=67073"}],"curies":[{"name":"wp","href":"https:\/\/api.w.org\/{rel}","templated":true}]}}