{"id":52627,"date":"2022-12-13T13:25:42","date_gmt":"2022-12-13T18:25:42","guid":{"rendered":"https:\/\/adf-magazine.com\/?p=52627"},"modified":"2022-12-13T13:26:36","modified_gmt":"2022-12-13T18:26:36","slug":"cooperacao-de-combate-ao-terrorismo-do-sahel-assume-nova-postura-depois-da-retirada-do-mali-2","status":"publish","type":"post","link":"https:\/\/adf-magazine.com\/pt-pt\/2022\/12\/cooperacao-de-combate-ao-terrorismo-do-sahel-assume-nova-postura-depois-da-retirada-do-mali-2\/","title":{"rendered":"Coopera\u00e7\u00e3o de Combate ao Terrorismo do Sahel Assume Nova Postura Depois da Retirada do Mali"},"content":{"rendered":"<p style=\"font-weight: 400;\">EQUIPA DA ADF<\/p>\n<p style=\"font-weight: 400;\">A decis\u00e3o do Mali de retirar-se da For\u00e7a-Tarefa Conjunta G5 do Sahel em Maio enviou ondas de inseguran\u00e7a para toda a regi\u00e3o.<\/p>\n<p style=\"font-weight: 400;\">Num discurso perante o Conselho de Seguran\u00e7a das Na\u00e7\u00f5es Unidas, na altura, a Secret\u00e1ria-Geral Assistente da ONU para \u00c1frica, Martha Ama Akyaa Pobee, considerou a retirada do Mali de \u201cinfeliz\u201d e \u201clament\u00e1vel.\u201d<\/p>\n<p style=\"font-weight: 400;\">\u201c\u00c9 certamente um passo em retrocesso para o Sahel,\u201d disse no dia 18 de Maio.<\/p>\n<p style=\"font-weight: 400;\">Pobee, que tamb\u00e9m questionou o futuro dos esfor\u00e7os de combate ao terrorismo na regi\u00e3o, faz parte do Departamento de Assuntos Pol\u00edticos e de Manuten\u00e7\u00e3o da Paz e Opera\u00e7\u00f5es de Paz da ONU.<\/p>\n<p style=\"font-weight: 400;\">\u201cTalvez seja o tempo de repensarmos as nossas abordagens e mudarmos a forma como fazemos o nosso trabalho,\u201d frisou. \u201cPrecisamos de abordagens inovadoras em face a t\u00e1cticas em constante evolu\u00e7\u00e3o dos grupos terroristas, cuja influ\u00eancia continua a aumentar.\u201d<\/p>\n<p style=\"font-weight: 400;\">Conhecido como o epicentro do terrorismo no Sahel, Mali sofreu anos de instabilidade na forma de m\u00faltiplas organiza\u00e7\u00f5es extremistas militantes, dois golpes de Estado em nove meses e a ca\u00f3tica presen\u00e7a de mercen\u00e1rios russos.<\/p>\n<p style=\"font-weight: 400;\">O Sahel j\u00e1 registou uma expans\u00e3o devastadora do terrorismo nos \u00faltimos anos, e os movimentos de insurgentes tornaram-se um grande problema para a maior parte da \u00c1frica Ocidental.<\/p>\n<p style=\"font-weight: 400;\">Enquanto os actores do Sahel e arredores ponderam novas abordagens para combater o terrorismo, o ressurgimento do G5 \u00e9 apenas uma das op\u00e7\u00f5es. Muitas for\u00e7as conjuntas militares bilaterais e multilaterais dirigidas por africanos est\u00e3o a ganhar corpo.<\/p>\n<ul>\n<li>A maior parte dos pa\u00edses do G5, mesmo aqueles com l\u00edderes de junta militar, assinaram acordos e comprometeram-se em combater o terrorismo com coopera\u00e7\u00e3o bilateral militar. O N\u00edger e o Burquina Faso realizaram a sua terceira opera\u00e7\u00e3o conjunta em Abril chamada Taanli 3.<\/li>\n<li>Cada vez mais sob ataque nas suas prov\u00edncias do norte, que fazem fronteira com o Burquina Faso, o Benin refor\u00e7ou a sua resposta, que alegadamente inclui a esperada assinatura de um acordo de seguran\u00e7a com o Ruanda.<\/li>\n<li>Os L\u00edderes da Comunidade Econ\u00f3mica dos Estados da \u00c1frica Ocidental concordaram, no dia 4 de Dezembro, em criar uma for\u00e7a regional para intervir em situa\u00e7\u00f5es de emerg\u00eancia.<\/li>\n<\/ul>\n<p style=\"font-weight: 400;\">Contudo, o futuro da for\u00e7a G5 do Sahel e da miss\u00e3o de manuten\u00e7\u00e3o da paz da ONU no Mali (MINUSMA) continua a ser o foco central.<\/p>\n<p style=\"font-weight: 400;\">Os Ministros e os Chefes de Estado-Maior da Defesa dos restantes pa\u00edses do G5 do Sahel \u2014 Burquina Faso, Chade, Maurit\u00e2nia e N\u00edger \u2014 reuniram-se em Setembro para considerarem uma \u201cnova estrat\u00e9gia.\u201d<\/p>\n<p style=\"font-weight: 400;\">O Ministro da Defesa do N\u00edger, Alkassoum Indatou, disse \u00e0 imprensa que o G5 do Sahel enfrenta um \u201cproblema de coes\u00e3o e unidade de ac\u00e7\u00e3o \u2026 tendo ficado prejudicado desde a retirada do Mali.\u201d<\/p>\n<p style=\"font-weight: 400;\">Apelos para rever o mandato da MINUSMA aumentaram depois de a Fran\u00e7a ter retirado as suas for\u00e7as e colocado um fim na sua Opera\u00e7\u00e3o Barkhane de combate ao terrorismo.<\/p>\n<p style=\"font-weight: 400;\">Os especialistas, como o PCA do Grupo da Crise, Comfort Ero, dizem que a ONU precisa de desempenhar um papel de mais apoio.<\/p>\n<p style=\"font-weight: 400;\">\u201cOs conflitos que envolvem grupos armados n\u00e3o estatais \u2014 incluindo grupos [extremistas] \u2014 ser\u00e3o uma fonte de instabilidade em \u00c1frica ainda por algum tempo,\u201d disse. \u201cMiss\u00f5es robustas e dirigidas por africanos est\u00e3o melhor posicionadas para combater essas amea\u00e7as, mas elas apenas podem ser eficazes se forem equipadas de forma adequada e fi\u00e1vel.<\/p>\n<p style=\"font-weight: 400;\">\u201cQuer gostemos ou n\u00e3o, a melhor forma de equipar essas miss\u00f5es \u00e9 atrav\u00e9s e algum tipo de mecanismo da ONU.\u201d<\/p>\n<p style=\"font-weight: 400;\">Desde a sua forma\u00e7\u00e3o, em 2017, a for\u00e7a G5 do Sahel enfrenta dificuldades com capacidade e problemas de financiamento.<\/p>\n<p style=\"font-weight: 400;\">Hassane Kon\u00e9, investigador s\u00e9nior do Sahel, no Instituto de Estudos de Seguran\u00e7a, sediado na \u00c1frica do Sul, disse que a zona de fronteira tr\u00edplice, onde se cruzam Mali, N\u00edger e Burquina Faso, tamb\u00e9m conhecida como Liptako-Gourma, tornou-se uma colmeia de actividades insurgentes que exigem uma resposta coordenada.<\/p>\n<p style=\"font-weight: 400;\">\u201cUma reconfigura\u00e7\u00e3o militar est\u00e1 a decorrer naquela regi\u00e3o,\u201d escreveu no dia 14 de Novembro. \u201cSe o Mali tivesse de voltar a juntar-se ao G5 do Sahel, o conceito operacional revisto da for\u00e7a poderia dirigir o grosso do seu pessoal para a zona de Liptako-Gourma.\u201d<\/p>\n<p style=\"font-weight: 400;\">O aumentando do n\u00famero de mortes e deslocados em massa destaca o n\u00edvel de sofrimento e emerg\u00eancia.<\/p>\n<p style=\"font-weight: 400;\">Num outro comunicado do Conselho de Seguran\u00e7a, do dia 16 de Novembro, Pobee enfatizou a necessidade urgente de \u201cum avan\u00e7o coordenado na nossa resposta ao extremismo violento.\u201d<\/p>\n<p><span style=\"font-weight: 400;\">\u201cSe fracassarmos neste esfor\u00e7o, os efeitos do terrorismo, extremismo violento e crime organizado ser\u00e3o sentidos em regi\u00f5es que v\u00e3o muito al\u00e9m do Sahel e, de facto, no continente africano.\u201d<\/span><\/p>\n","protected":false},"excerpt":{"rendered":"<p>EQUIPA DA ADF A decis\u00e3o do Mali de retirar-se da For\u00e7a-Tarefa Conjunta G5 do Sahel em Maio enviou ondas de inseguran\u00e7a para toda a regi\u00e3o. Num discurso perante o Conselho de Seguran\u00e7a das Na\u00e7\u00f5es Unidas, na altura, a Secret\u00e1ria-Geral Assistente da ONU para \u00c1frica, Martha Ama Akyaa Pobee, considerou a retirada do Mali de \u201cinfeliz\u201d<\/p>\n","protected":false},"author":1,"featured_media":52558,"comment_status":"open","ping_status":"closed","sticky":false,"template":"","format":"standard","meta":{"_acf_changed":false,"_monsterinsights_skip_tracking":false,"_monsterinsights_sitenote_active":false,"_monsterinsights_sitenote_note":"","_monsterinsights_sitenote_category":0,"_uf_show_specific_survey":0,"_uf_disable_surveys":false,"footnotes":""},"categories":[363],"tags":[558,888,503,636,500,499,559,544,452,504,885,502,501,534],"class_list":{"0":"post-52627","1":"post","2":"type-post","3":"status-publish","4":"format-standard","5":"has-post-thumbnail","7":"category-melhores-historias","8":"tag-africa-ocidental","9":"tag-benin-pt-pt","10":"tag-burkina-faso-pt-pt","11":"tag-cedeao","12":"tag-chade","13":"tag-extremismo","14":"tag-g5-do-sahel","15":"tag-golfo-da-guine","16":"tag-mali-pt-pt","17":"tag-mauritania-pt-pt","18":"tag-minusma-pt-pt","19":"tag-niger-pt-pt","20":"tag-sahel-pt-pt","21":"tag-terrorismo"},"acf":[],"yoast_head":"<!-- This site is optimized with the Yoast SEO plugin v27.4 - https:\/\/yoast.com\/product\/yoast-seo-wordpress\/ -->\n<title>Coopera\u00e7\u00e3o de Combate ao Terrorismo do Sahel Assume Nova Postura Depois da Retirada do Mali - Africa Defense Forum<\/title>\n<meta name=\"robots\" content=\"index, follow, max-snippet:-1, max-image-preview:large, max-video-preview:-1\" \/>\n<link rel=\"canonical\" href=\"https:\/\/adf-magazine.com\/pt-pt\/2022\/12\/cooperacao-de-combate-ao-terrorismo-do-sahel-assume-nova-postura-depois-da-retirada-do-mali-2\/\" \/>\n<meta property=\"og:locale\" content=\"pt_PT\" \/>\n<meta property=\"og:type\" content=\"article\" \/>\n<meta property=\"og:title\" content=\"Coopera\u00e7\u00e3o de Combate ao Terrorismo do Sahel Assume Nova Postura Depois da Retirada do Mali - Africa Defense Forum\" \/>\n<meta property=\"og:description\" content=\"EQUIPA DA ADF A decis\u00e3o do Mali de retirar-se da For\u00e7a-Tarefa Conjunta G5 do Sahel em Maio enviou ondas de inseguran\u00e7a para toda a regi\u00e3o. Num discurso perante o Conselho de Seguran\u00e7a das Na\u00e7\u00f5es Unidas, na altura, a Secret\u00e1ria-Geral Assistente da ONU para \u00c1frica, Martha Ama Akyaa Pobee, considerou a retirada do Mali de \u201cinfeliz\u201d\" \/>\n<meta property=\"og:url\" content=\"https:\/\/adf-magazine.com\/pt-pt\/2022\/12\/cooperacao-de-combate-ao-terrorismo-do-sahel-assume-nova-postura-depois-da-retirada-do-mali-2\/\" \/>\n<meta property=\"og:site_name\" content=\"Africa Defense Forum\" \/>\n<meta property=\"article:publisher\" content=\"https:\/\/www.facebook.com\/ADFmagazine\/\" \/>\n<meta property=\"article:published_time\" content=\"2022-12-13T18:25:42+00:00\" \/>\n<meta property=\"article:modified_time\" content=\"2022-12-13T18:26:36+00:00\" \/>\n<meta property=\"og:image\" content=\"https:\/\/adf-magazine.com\/wp-content\/uploads\/2022\/12\/GettyImages-1066068340.jpg\" \/>\n\t<meta property=\"og:image:width\" content=\"1024\" \/>\n\t<meta property=\"og:image:height\" content=\"683\" \/>\n\t<meta property=\"og:image:type\" content=\"image\/jpeg\" \/>\n<meta name=\"author\" content=\"ADF\" \/>\n<meta name=\"twitter:card\" content=\"summary_large_image\" \/>\n<meta name=\"twitter:creator\" content=\"@ADFmagazine\" \/>\n<meta name=\"twitter:site\" content=\"@ADFmagazine\" \/>\n<meta name=\"twitter:label1\" content=\"Escrito por\" \/>\n\t<meta name=\"twitter:data1\" content=\"ADF\" \/>\n\t<meta name=\"twitter:label2\" content=\"Tempo estimado de leitura\" \/>\n\t<meta name=\"twitter:data2\" content=\"4 minutos\" \/>\n<script type=\"application\/ld+json\" class=\"yoast-schema-graph\">{\"@context\":\"https:\\\/\\\/schema.org\",\"@graph\":[{\"@type\":\"Article\",\"@id\":\"https:\\\/\\\/adf-magazine.com\\\/pt-pt\\\/2022\\\/12\\\/cooperacao-de-combate-ao-terrorismo-do-sahel-assume-nova-postura-depois-da-retirada-do-mali-2\\\/#article\",\"isPartOf\":{\"@id\":\"https:\\\/\\\/adf-magazine.com\\\/pt-pt\\\/2022\\\/12\\\/cooperacao-de-combate-ao-terrorismo-do-sahel-assume-nova-postura-depois-da-retirada-do-mali-2\\\/\"},\"author\":{\"name\":\"ADF\",\"@id\":\"https:\\\/\\\/adf-magazine.com\\\/#\\\/schema\\\/person\\\/f266a6061389568b5a11465bb38bc025\"},\"headline\":\"Coopera\u00e7\u00e3o de Combate ao Terrorismo do Sahel Assume Nova Postura Depois da Retirada do Mali\",\"datePublished\":\"2022-12-13T18:25:42+00:00\",\"dateModified\":\"2022-12-13T18:26:36+00:00\",\"mainEntityOfPage\":{\"@id\":\"https:\\\/\\\/adf-magazine.com\\\/pt-pt\\\/2022\\\/12\\\/cooperacao-de-combate-ao-terrorismo-do-sahel-assume-nova-postura-depois-da-retirada-do-mali-2\\\/\"},\"wordCount\":829,\"commentCount\":0,\"image\":{\"@id\":\"https:\\\/\\\/adf-magazine.com\\\/pt-pt\\\/2022\\\/12\\\/cooperacao-de-combate-ao-terrorismo-do-sahel-assume-nova-postura-depois-da-retirada-do-mali-2\\\/#primaryimage\"},\"thumbnailUrl\":\"https:\\\/\\\/adf-magazine.com\\\/wp-content\\\/uploads\\\/2022\\\/12\\\/GettyImages-1066068340.jpg\",\"keywords\":[\"\u00c1frica Ocidental\",\"Benin\",\"Burkina Faso\",\"CEDEAO\",\"Chade\",\"extremismo\",\"G5 do Sahel\",\"Golfo da Guin\u00e9\",\"Mali\",\"Mauritania\",\"MINUSMA\",\"Niger\",\"Sahel\",\"Terrorismo\"],\"articleSection\":[\"Not\u00edcias diaries\"],\"inLanguage\":\"pt-PT\",\"potentialAction\":[{\"@type\":\"CommentAction\",\"name\":\"Comment\",\"target\":[\"https:\\\/\\\/adf-magazine.com\\\/pt-pt\\\/2022\\\/12\\\/cooperacao-de-combate-ao-terrorismo-do-sahel-assume-nova-postura-depois-da-retirada-do-mali-2\\\/#respond\"]}]},{\"@type\":\"WebPage\",\"@id\":\"https:\\\/\\\/adf-magazine.com\\\/pt-pt\\\/2022\\\/12\\\/cooperacao-de-combate-ao-terrorismo-do-sahel-assume-nova-postura-depois-da-retirada-do-mali-2\\\/\",\"url\":\"https:\\\/\\\/adf-magazine.com\\\/pt-pt\\\/2022\\\/12\\\/cooperacao-de-combate-ao-terrorismo-do-sahel-assume-nova-postura-depois-da-retirada-do-mali-2\\\/\",\"name\":\"Coopera\u00e7\u00e3o de Combate ao Terrorismo do Sahel Assume Nova Postura Depois da Retirada do Mali - Africa Defense Forum\",\"isPartOf\":{\"@id\":\"https:\\\/\\\/adf-magazine.com\\\/#website\"},\"primaryImageOfPage\":{\"@id\":\"https:\\\/\\\/adf-magazine.com\\\/pt-pt\\\/2022\\\/12\\\/cooperacao-de-combate-ao-terrorismo-do-sahel-assume-nova-postura-depois-da-retirada-do-mali-2\\\/#primaryimage\"},\"image\":{\"@id\":\"https:\\\/\\\/adf-magazine.com\\\/pt-pt\\\/2022\\\/12\\\/cooperacao-de-combate-ao-terrorismo-do-sahel-assume-nova-postura-depois-da-retirada-do-mali-2\\\/#primaryimage\"},\"thumbnailUrl\":\"https:\\\/\\\/adf-magazine.com\\\/wp-content\\\/uploads\\\/2022\\\/12\\\/GettyImages-1066068340.jpg\",\"datePublished\":\"2022-12-13T18:25:42+00:00\",\"dateModified\":\"2022-12-13T18:26:36+00:00\",\"author\":{\"@id\":\"https:\\\/\\\/adf-magazine.com\\\/#\\\/schema\\\/person\\\/f266a6061389568b5a11465bb38bc025\"},\"breadcrumb\":{\"@id\":\"https:\\\/\\\/adf-magazine.com\\\/pt-pt\\\/2022\\\/12\\\/cooperacao-de-combate-ao-terrorismo-do-sahel-assume-nova-postura-depois-da-retirada-do-mali-2\\\/#breadcrumb\"},\"inLanguage\":\"pt-PT\",\"potentialAction\":[{\"@type\":\"ReadAction\",\"target\":[\"https:\\\/\\\/adf-magazine.com\\\/pt-pt\\\/2022\\\/12\\\/cooperacao-de-combate-ao-terrorismo-do-sahel-assume-nova-postura-depois-da-retirada-do-mali-2\\\/\"]}]},{\"@type\":\"ImageObject\",\"inLanguage\":\"pt-PT\",\"@id\":\"https:\\\/\\\/adf-magazine.com\\\/pt-pt\\\/2022\\\/12\\\/cooperacao-de-combate-ao-terrorismo-do-sahel-assume-nova-postura-depois-da-retirada-do-mali-2\\\/#primaryimage\",\"url\":\"https:\\\/\\\/adf-magazine.com\\\/wp-content\\\/uploads\\\/2022\\\/12\\\/GettyImages-1066068340.jpg\",\"contentUrl\":\"https:\\\/\\\/adf-magazine.com\\\/wp-content\\\/uploads\\\/2022\\\/12\\\/GettyImages-1066068340.jpg\",\"width\":1024,\"height\":683,\"caption\":\"Soldados da Maurit\u00e2nia montam guarda num posto de comando da For\u00e7a Conjunta G5 do Sahel, no sudeste da Maurit\u00e2nia, pr\u00f3ximo da fronteira com o Mali.AFP\\\/GETTY IMAGES\"},{\"@type\":\"BreadcrumbList\",\"@id\":\"https:\\\/\\\/adf-magazine.com\\\/pt-pt\\\/2022\\\/12\\\/cooperacao-de-combate-ao-terrorismo-do-sahel-assume-nova-postura-depois-da-retirada-do-mali-2\\\/#breadcrumb\",\"itemListElement\":[{\"@type\":\"ListItem\",\"position\":1,\"name\":\"Home\",\"item\":\"https:\\\/\\\/adf-magazine.com\\\/\"},{\"@type\":\"ListItem\",\"position\":2,\"name\":\"Coopera\u00e7\u00e3o de Combate ao Terrorismo do Sahel Assume Nova Postura Depois da Retirada do Mali\"}]},{\"@type\":\"WebSite\",\"@id\":\"https:\\\/\\\/adf-magazine.com\\\/#website\",\"url\":\"https:\\\/\\\/adf-magazine.com\\\/\",\"name\":\"Africa Defense Forum\",\"description\":\"Africa Defense Forum\",\"potentialAction\":[{\"@type\":\"SearchAction\",\"target\":{\"@type\":\"EntryPoint\",\"urlTemplate\":\"https:\\\/\\\/adf-magazine.com\\\/?s={search_term_string}\"},\"query-input\":{\"@type\":\"PropertyValueSpecification\",\"valueRequired\":true,\"valueName\":\"search_term_string\"}}],\"inLanguage\":\"pt-PT\"},{\"@type\":\"Person\",\"@id\":\"https:\\\/\\\/adf-magazine.com\\\/#\\\/schema\\\/person\\\/f266a6061389568b5a11465bb38bc025\",\"name\":\"ADF\",\"image\":{\"@type\":\"ImageObject\",\"inLanguage\":\"pt-PT\",\"@id\":\"https:\\\/\\\/adf-magazine.com\\\/wp-content\\\/uploads\\\/2020\\\/05\\\/cropped-ADF_icon.jpg\",\"url\":\"https:\\\/\\\/adf-magazine.com\\\/wp-content\\\/uploads\\\/2020\\\/05\\\/cropped-ADF_icon.jpg\",\"contentUrl\":\"https:\\\/\\\/adf-magazine.com\\\/wp-content\\\/uploads\\\/2020\\\/05\\\/cropped-ADF_icon.jpg\",\"caption\":\"ADF\"},\"description\":\"ADF is a professional military magazine published quarterly by U.S. Africa Command to provide an international forum for African security professionals. ADF covers topics such as counter terrorism strategies, security and defense operations, transnational crime, and all other issues affecting peace, stability, and good governance on the African continent.\",\"sameAs\":[\"https:\\\/\\\/x.com\\\/ADFmagazine\"],\"url\":\"https:\\\/\\\/adf-magazine.com\\\/pt-pt\\\/author\\\/adf\\\/\"}]}<\/script>\n<!-- \/ Yoast SEO plugin. -->","yoast_head_json":{"title":"Coopera\u00e7\u00e3o de Combate ao Terrorismo do Sahel Assume Nova Postura Depois da Retirada do Mali - Africa Defense Forum","robots":{"index":"index","follow":"follow","max-snippet":"max-snippet:-1","max-image-preview":"max-image-preview:large","max-video-preview":"max-video-preview:-1"},"canonical":"https:\/\/adf-magazine.com\/pt-pt\/2022\/12\/cooperacao-de-combate-ao-terrorismo-do-sahel-assume-nova-postura-depois-da-retirada-do-mali-2\/","og_locale":"pt_PT","og_type":"article","og_title":"Coopera\u00e7\u00e3o de Combate ao Terrorismo do Sahel Assume Nova Postura Depois da Retirada do Mali - Africa Defense Forum","og_description":"EQUIPA DA ADF A decis\u00e3o do Mali de retirar-se da For\u00e7a-Tarefa Conjunta G5 do Sahel em Maio enviou ondas de inseguran\u00e7a para toda a regi\u00e3o. Num discurso perante o Conselho de Seguran\u00e7a das Na\u00e7\u00f5es Unidas, na altura, a Secret\u00e1ria-Geral Assistente da ONU para \u00c1frica, Martha Ama Akyaa Pobee, considerou a retirada do Mali de \u201cinfeliz\u201d","og_url":"https:\/\/adf-magazine.com\/pt-pt\/2022\/12\/cooperacao-de-combate-ao-terrorismo-do-sahel-assume-nova-postura-depois-da-retirada-do-mali-2\/","og_site_name":"Africa Defense Forum","article_publisher":"https:\/\/www.facebook.com\/ADFmagazine\/","article_published_time":"2022-12-13T18:25:42+00:00","article_modified_time":"2022-12-13T18:26:36+00:00","og_image":[{"width":1024,"height":683,"url":"https:\/\/adf-magazine.com\/wp-content\/uploads\/2022\/12\/GettyImages-1066068340.jpg","type":"image\/jpeg"}],"author":"ADF","twitter_card":"summary_large_image","twitter_creator":"@ADFmagazine","twitter_site":"@ADFmagazine","twitter_misc":{"Escrito por":"ADF","Tempo estimado de leitura":"4 minutos"},"schema":{"@context":"https:\/\/schema.org","@graph":[{"@type":"Article","@id":"https:\/\/adf-magazine.com\/pt-pt\/2022\/12\/cooperacao-de-combate-ao-terrorismo-do-sahel-assume-nova-postura-depois-da-retirada-do-mali-2\/#article","isPartOf":{"@id":"https:\/\/adf-magazine.com\/pt-pt\/2022\/12\/cooperacao-de-combate-ao-terrorismo-do-sahel-assume-nova-postura-depois-da-retirada-do-mali-2\/"},"author":{"name":"ADF","@id":"https:\/\/adf-magazine.com\/#\/schema\/person\/f266a6061389568b5a11465bb38bc025"},"headline":"Coopera\u00e7\u00e3o de Combate ao Terrorismo do Sahel Assume Nova Postura Depois da Retirada do Mali","datePublished":"2022-12-13T18:25:42+00:00","dateModified":"2022-12-13T18:26:36+00:00","mainEntityOfPage":{"@id":"https:\/\/adf-magazine.com\/pt-pt\/2022\/12\/cooperacao-de-combate-ao-terrorismo-do-sahel-assume-nova-postura-depois-da-retirada-do-mali-2\/"},"wordCount":829,"commentCount":0,"image":{"@id":"https:\/\/adf-magazine.com\/pt-pt\/2022\/12\/cooperacao-de-combate-ao-terrorismo-do-sahel-assume-nova-postura-depois-da-retirada-do-mali-2\/#primaryimage"},"thumbnailUrl":"https:\/\/adf-magazine.com\/wp-content\/uploads\/2022\/12\/GettyImages-1066068340.jpg","keywords":["\u00c1frica Ocidental","Benin","Burkina Faso","CEDEAO","Chade","extremismo","G5 do Sahel","Golfo da Guin\u00e9","Mali","Mauritania","MINUSMA","Niger","Sahel","Terrorismo"],"articleSection":["Not\u00edcias diaries"],"inLanguage":"pt-PT","potentialAction":[{"@type":"CommentAction","name":"Comment","target":["https:\/\/adf-magazine.com\/pt-pt\/2022\/12\/cooperacao-de-combate-ao-terrorismo-do-sahel-assume-nova-postura-depois-da-retirada-do-mali-2\/#respond"]}]},{"@type":"WebPage","@id":"https:\/\/adf-magazine.com\/pt-pt\/2022\/12\/cooperacao-de-combate-ao-terrorismo-do-sahel-assume-nova-postura-depois-da-retirada-do-mali-2\/","url":"https:\/\/adf-magazine.com\/pt-pt\/2022\/12\/cooperacao-de-combate-ao-terrorismo-do-sahel-assume-nova-postura-depois-da-retirada-do-mali-2\/","name":"Coopera\u00e7\u00e3o de Combate ao Terrorismo do Sahel Assume Nova Postura Depois da Retirada do Mali - Africa Defense Forum","isPartOf":{"@id":"https:\/\/adf-magazine.com\/#website"},"primaryImageOfPage":{"@id":"https:\/\/adf-magazine.com\/pt-pt\/2022\/12\/cooperacao-de-combate-ao-terrorismo-do-sahel-assume-nova-postura-depois-da-retirada-do-mali-2\/#primaryimage"},"image":{"@id":"https:\/\/adf-magazine.com\/pt-pt\/2022\/12\/cooperacao-de-combate-ao-terrorismo-do-sahel-assume-nova-postura-depois-da-retirada-do-mali-2\/#primaryimage"},"thumbnailUrl":"https:\/\/adf-magazine.com\/wp-content\/uploads\/2022\/12\/GettyImages-1066068340.jpg","datePublished":"2022-12-13T18:25:42+00:00","dateModified":"2022-12-13T18:26:36+00:00","author":{"@id":"https:\/\/adf-magazine.com\/#\/schema\/person\/f266a6061389568b5a11465bb38bc025"},"breadcrumb":{"@id":"https:\/\/adf-magazine.com\/pt-pt\/2022\/12\/cooperacao-de-combate-ao-terrorismo-do-sahel-assume-nova-postura-depois-da-retirada-do-mali-2\/#breadcrumb"},"inLanguage":"pt-PT","potentialAction":[{"@type":"ReadAction","target":["https:\/\/adf-magazine.com\/pt-pt\/2022\/12\/cooperacao-de-combate-ao-terrorismo-do-sahel-assume-nova-postura-depois-da-retirada-do-mali-2\/"]}]},{"@type":"ImageObject","inLanguage":"pt-PT","@id":"https:\/\/adf-magazine.com\/pt-pt\/2022\/12\/cooperacao-de-combate-ao-terrorismo-do-sahel-assume-nova-postura-depois-da-retirada-do-mali-2\/#primaryimage","url":"https:\/\/adf-magazine.com\/wp-content\/uploads\/2022\/12\/GettyImages-1066068340.jpg","contentUrl":"https:\/\/adf-magazine.com\/wp-content\/uploads\/2022\/12\/GettyImages-1066068340.jpg","width":1024,"height":683,"caption":"Soldados da Maurit\u00e2nia montam guarda num posto de comando da For\u00e7a Conjunta G5 do Sahel, no sudeste da Maurit\u00e2nia, pr\u00f3ximo da fronteira com o Mali.AFP\/GETTY IMAGES"},{"@type":"BreadcrumbList","@id":"https:\/\/adf-magazine.com\/pt-pt\/2022\/12\/cooperacao-de-combate-ao-terrorismo-do-sahel-assume-nova-postura-depois-da-retirada-do-mali-2\/#breadcrumb","itemListElement":[{"@type":"ListItem","position":1,"name":"Home","item":"https:\/\/adf-magazine.com\/"},{"@type":"ListItem","position":2,"name":"Coopera\u00e7\u00e3o de Combate ao Terrorismo do Sahel Assume Nova Postura Depois da Retirada do Mali"}]},{"@type":"WebSite","@id":"https:\/\/adf-magazine.com\/#website","url":"https:\/\/adf-magazine.com\/","name":"Africa Defense Forum","description":"Africa Defense Forum","potentialAction":[{"@type":"SearchAction","target":{"@type":"EntryPoint","urlTemplate":"https:\/\/adf-magazine.com\/?s={search_term_string}"},"query-input":{"@type":"PropertyValueSpecification","valueRequired":true,"valueName":"search_term_string"}}],"inLanguage":"pt-PT"},{"@type":"Person","@id":"https:\/\/adf-magazine.com\/#\/schema\/person\/f266a6061389568b5a11465bb38bc025","name":"ADF","image":{"@type":"ImageObject","inLanguage":"pt-PT","@id":"https:\/\/adf-magazine.com\/wp-content\/uploads\/2020\/05\/cropped-ADF_icon.jpg","url":"https:\/\/adf-magazine.com\/wp-content\/uploads\/2020\/05\/cropped-ADF_icon.jpg","contentUrl":"https:\/\/adf-magazine.com\/wp-content\/uploads\/2020\/05\/cropped-ADF_icon.jpg","caption":"ADF"},"description":"ADF is a professional military magazine published quarterly by U.S. Africa Command to provide an international forum for African security professionals. ADF covers topics such as counter terrorism strategies, security and defense operations, transnational crime, and all other issues affecting peace, stability, and good governance on the African continent.","sameAs":["https:\/\/x.com\/ADFmagazine"],"url":"https:\/\/adf-magazine.com\/pt-pt\/author\/adf\/"}]}},"_links":{"self":[{"href":"https:\/\/adf-magazine.com\/pt-pt\/wp-json\/wp\/v2\/posts\/52627","targetHints":{"allow":["GET"]}}],"collection":[{"href":"https:\/\/adf-magazine.com\/pt-pt\/wp-json\/wp\/v2\/posts"}],"about":[{"href":"https:\/\/adf-magazine.com\/pt-pt\/wp-json\/wp\/v2\/types\/post"}],"author":[{"embeddable":true,"href":"https:\/\/adf-magazine.com\/pt-pt\/wp-json\/wp\/v2\/users\/1"}],"replies":[{"embeddable":true,"href":"https:\/\/adf-magazine.com\/pt-pt\/wp-json\/wp\/v2\/comments?post=52627"}],"version-history":[{"count":0,"href":"https:\/\/adf-magazine.com\/pt-pt\/wp-json\/wp\/v2\/posts\/52627\/revisions"}],"wp:featuredmedia":[{"embeddable":true,"href":"https:\/\/adf-magazine.com\/pt-pt\/wp-json\/wp\/v2\/media\/52558"}],"wp:attachment":[{"href":"https:\/\/adf-magazine.com\/pt-pt\/wp-json\/wp\/v2\/media?parent=52627"}],"wp:term":[{"taxonomy":"category","embeddable":true,"href":"https:\/\/adf-magazine.com\/pt-pt\/wp-json\/wp\/v2\/categories?post=52627"},{"taxonomy":"post_tag","embeddable":true,"href":"https:\/\/adf-magazine.com\/pt-pt\/wp-json\/wp\/v2\/tags?post=52627"}],"curies":[{"name":"wp","href":"https:\/\/api.w.org\/{rel}","templated":true}]}}