{"id":41594,"date":"2022-11-14T10:34:02","date_gmt":"2022-11-14T15:34:02","guid":{"rendered":"https:\/\/adf-magazine.com\/?p=41594"},"modified":"2022-11-20T08:57:18","modified_gmt":"2022-11-20T13:57:18","slug":"produtores-de-amendoim-da-rca-enfrentam-ameacas-e-roubo","status":"publish","type":"post","link":"https:\/\/adf-magazine.com\/pt-pt\/2022\/11\/produtores-de-amendoim-da-rca-enfrentam-ameacas-e-roubo\/","title":{"rendered":"Produtores De Amendoim Da Rca Enfrentam Amea\u00e7as E Roubo"},"content":{"rendered":"<p>TEXTO E FOTOS DA AGENCE FRANCE-PRESSE<\/p>\n<p>Para muitos produtores de amendoim na regi\u00e3o de Paoua, na Rep\u00fablica Centro-Africana, a vida \u00e9 uma batalha di\u00e1ria. Eles t\u00eam de arrancar as plantas da terra, colher o amendoim e descasc\u00e1-lo. Depois t\u00eam de sobreviver aos roubos, extors\u00e3o ou pior numa regi\u00e3o onde os rebeldes e as for\u00e7as pr\u00f3-governo est\u00e3o em guerra.<\/p>\n<p>\u201cO que est\u00e1 a impedir que n\u00f3s desenvolvamos mais as planta\u00e7\u00f5es de amendoim em Paoua \u00e9 a inseguran\u00e7a,\u201d Jean-Paul Ndopaye, gestor de um armaz\u00e9m de amendoim, disse \u00e0 Africanews. \u201cQuando queremos enviar os nossos bens para Bangui, Berberati ou Bouar, podemos encontrar bandidos na estrada.\u201d<\/p>\n<p>\u201cExistem muitas amea\u00e7as e roubos,\u201d disse Celestine Inforo, de 33 anos de idade, descascando amendoim juntamente com outras dezenas de pessoas nos arredores de Paoua, uma cidade de 40.000 habitantes. \u201cTivemos de vender a nossa produ\u00e7\u00e3o de forma muito r\u00e1pida e a pre\u00e7os muito baixos.\u201d<\/p>\n<p>Inforo e seus colegas cada um enche v\u00e1rios sacos em algumas horas, depois um par de bois os transporta para um armaz\u00e9m seguro que lhes foi emprestado pela organiza\u00e7\u00e3o n\u00e3o-governamental, Oxfam. Fora do armaz\u00e9m, cada saco \u00e9 pesado e registado entre 35 e 45 quilogramas.<\/p>\n<p>Na cidade, um saco de amendoim descascado \u00e9 vendido a cerca de 10.000 francos CFA, cerca de 17 USD. Na capital, Bangui, um saco \u00e9 vendido por entre 20.000 e 30.000 francos CFA, diz Jean-Paul Ndopaye, Presidente da Uni\u00e3o de Produtores de Arroz de Paoua.<\/p>\n<p>A produ\u00e7\u00e3o excede muito a demanda da regi\u00e3o, fazendo com que os pre\u00e7os reduzam, e 80% da popula\u00e7\u00e3o da cidade trabalha na ind\u00fastria do amendoim.<\/p>\n<p>A RCA tem vindo a enfrentar uma guerra civil desde 2013. O conflito diminuiu em intensidade nestes \u00faltimos anos, mas voltou a aumentar durante as \u00faltimas elei\u00e7\u00f5es presidenciais, em finais de 2020.<\/p>\n<p>Na sombra de uma mangueira, mulheres transformam amendoim em \u00f3leo, manteiga e paus de \u201ckuli-kuli,\u201d que possuem um elevado conte\u00fado nutritivo. Umas torram amendoim. Outras batem a manteiga do amendoim numa t\u00e1bua de madeira.<\/p>\n<p>\u201cO problema est\u00e1 no processamento,\u201d disse Mahoua Coulibaly, gestora local do Programa Mundial de Alimenta\u00e7\u00e3o. \u201c\u00c9 nisso que se deve investir para o bem-estar da popula\u00e7\u00e3o, mas neste momento n\u00e3o h\u00e1 fundos.\u201d<\/p>\n","protected":false},"excerpt":{"rendered":"<p>TEXTO E FOTOS DA AGENCE FRANCE-PRESSE Para muitos produtores de amendoim na regi\u00e3o de Paoua, na Rep\u00fablica Centro-Africana, a vida \u00e9 uma batalha di\u00e1ria. Eles t\u00eam de arrancar as plantas da terra, colher o amendoim e descasc\u00e1-lo. Depois t\u00eam de sobreviver aos roubos, extors\u00e3o ou pior numa regi\u00e3o onde os rebeldes e as for\u00e7as pr\u00f3-governo<\/p>\n","protected":false},"author":1,"featured_media":36329,"comment_status":"open","ping_status":"closed","sticky":false,"template":"","format":"standard","meta":{"_acf_changed":false,"_monsterinsights_skip_tracking":false,"_monsterinsights_sitenote_active":false,"_monsterinsights_sitenote_note":"","_monsterinsights_sitenote_category":0,"_uf_show_specific_survey":0,"_uf_disable_surveys":false,"footnotes":""},"categories":[338,335],"tags":[],"class_list":{"0":"post-41594","1":"post","2":"type-post","3":"status-publish","4":"format-standard","5":"has-post-thumbnail","7":"category-africa-hoje","8":"category-colunas"},"acf":[],"yoast_head":"<!-- This site is optimized with the Yoast SEO plugin v27.5 - https:\/\/yoast.com\/product\/yoast-seo-wordpress\/ -->\n<title>Produtores De Amendoim Da Rca Enfrentam Amea\u00e7as E Roubo - Africa Defense Forum<\/title>\n<meta name=\"robots\" content=\"index, follow, max-snippet:-1, max-image-preview:large, max-video-preview:-1\" \/>\n<link rel=\"canonical\" href=\"https:\/\/adf-magazine.com\/pt-pt\/2022\/11\/produtores-de-amendoim-da-rca-enfrentam-ameacas-e-roubo\/\" \/>\n<meta property=\"og:locale\" content=\"pt_PT\" \/>\n<meta property=\"og:type\" content=\"article\" \/>\n<meta property=\"og:title\" content=\"Produtores De Amendoim Da Rca Enfrentam Amea\u00e7as E Roubo - Africa Defense Forum\" \/>\n<meta property=\"og:description\" content=\"TEXTO E FOTOS DA AGENCE FRANCE-PRESSE Para muitos produtores de amendoim na regi\u00e3o de Paoua, na Rep\u00fablica Centro-Africana, a vida \u00e9 uma batalha di\u00e1ria. Eles t\u00eam de arrancar as plantas da terra, colher o amendoim e descasc\u00e1-lo. Depois t\u00eam de sobreviver aos roubos, extors\u00e3o ou pior numa regi\u00e3o onde os rebeldes e as for\u00e7as pr\u00f3-governo\" \/>\n<meta property=\"og:url\" content=\"https:\/\/adf-magazine.com\/pt-pt\/2022\/11\/produtores-de-amendoim-da-rca-enfrentam-ameacas-e-roubo\/\" \/>\n<meta property=\"og:site_name\" content=\"Africa Defense Forum\" \/>\n<meta property=\"article:publisher\" content=\"https:\/\/www.facebook.com\/ADFmagazine\/\" \/>\n<meta property=\"article:published_time\" content=\"2022-11-14T15:34:02+00:00\" \/>\n<meta property=\"article:modified_time\" content=\"2022-11-20T13:57:18+00:00\" \/>\n<meta property=\"og:image\" content=\"https:\/\/adf-magazine.com\/wp-content\/uploads\/2022\/10\/at-peanuts.jpg\" \/>\n\t<meta property=\"og:image:width\" content=\"1080\" \/>\n\t<meta property=\"og:image:height\" content=\"721\" \/>\n\t<meta property=\"og:image:type\" content=\"image\/jpeg\" \/>\n<meta name=\"author\" content=\"ADF\" \/>\n<meta name=\"twitter:card\" content=\"summary_large_image\" \/>\n<meta name=\"twitter:creator\" content=\"@ADFmagazine\" \/>\n<meta name=\"twitter:site\" content=\"@ADFmagazine\" \/>\n<meta name=\"twitter:label1\" content=\"Escrito por\" \/>\n\t<meta name=\"twitter:data1\" content=\"ADF\" \/>\n\t<meta name=\"twitter:label2\" content=\"Tempo estimado de leitura\" \/>\n\t<meta name=\"twitter:data2\" content=\"2 minutos\" \/>\n<script type=\"application\/ld+json\" class=\"yoast-schema-graph\">{\"@context\":\"https:\\\/\\\/schema.org\",\"@graph\":[{\"@type\":\"Article\",\"@id\":\"https:\\\/\\\/adf-magazine.com\\\/pt-pt\\\/2022\\\/11\\\/produtores-de-amendoim-da-rca-enfrentam-ameacas-e-roubo\\\/#article\",\"isPartOf\":{\"@id\":\"https:\\\/\\\/adf-magazine.com\\\/pt-pt\\\/2022\\\/11\\\/produtores-de-amendoim-da-rca-enfrentam-ameacas-e-roubo\\\/\"},\"author\":{\"name\":\"ADF\",\"@id\":\"https:\\\/\\\/adf-magazine.com\\\/#\\\/schema\\\/person\\\/f266a6061389568b5a11465bb38bc025\"},\"headline\":\"Produtores De Amendoim Da Rca Enfrentam Amea\u00e7as E Roubo\",\"datePublished\":\"2022-11-14T15:34:02+00:00\",\"dateModified\":\"2022-11-20T13:57:18+00:00\",\"mainEntityOfPage\":{\"@id\":\"https:\\\/\\\/adf-magazine.com\\\/pt-pt\\\/2022\\\/11\\\/produtores-de-amendoim-da-rca-enfrentam-ameacas-e-roubo\\\/\"},\"wordCount\":389,\"commentCount\":0,\"image\":{\"@id\":\"https:\\\/\\\/adf-magazine.com\\\/pt-pt\\\/2022\\\/11\\\/produtores-de-amendoim-da-rca-enfrentam-ameacas-e-roubo\\\/#primaryimage\"},\"thumbnailUrl\":\"https:\\\/\\\/adf-magazine.com\\\/wp-content\\\/uploads\\\/2022\\\/10\\\/at-peanuts.jpg\",\"articleSection\":[\"\u00c1frica Hoje\",\"Colunas\"],\"inLanguage\":\"pt-PT\",\"potentialAction\":[{\"@type\":\"CommentAction\",\"name\":\"Comment\",\"target\":[\"https:\\\/\\\/adf-magazine.com\\\/pt-pt\\\/2022\\\/11\\\/produtores-de-amendoim-da-rca-enfrentam-ameacas-e-roubo\\\/#respond\"]}]},{\"@type\":\"WebPage\",\"@id\":\"https:\\\/\\\/adf-magazine.com\\\/pt-pt\\\/2022\\\/11\\\/produtores-de-amendoim-da-rca-enfrentam-ameacas-e-roubo\\\/\",\"url\":\"https:\\\/\\\/adf-magazine.com\\\/pt-pt\\\/2022\\\/11\\\/produtores-de-amendoim-da-rca-enfrentam-ameacas-e-roubo\\\/\",\"name\":\"Produtores De Amendoim Da Rca Enfrentam Amea\u00e7as E Roubo - Africa Defense Forum\",\"isPartOf\":{\"@id\":\"https:\\\/\\\/adf-magazine.com\\\/#website\"},\"primaryImageOfPage\":{\"@id\":\"https:\\\/\\\/adf-magazine.com\\\/pt-pt\\\/2022\\\/11\\\/produtores-de-amendoim-da-rca-enfrentam-ameacas-e-roubo\\\/#primaryimage\"},\"image\":{\"@id\":\"https:\\\/\\\/adf-magazine.com\\\/pt-pt\\\/2022\\\/11\\\/produtores-de-amendoim-da-rca-enfrentam-ameacas-e-roubo\\\/#primaryimage\"},\"thumbnailUrl\":\"https:\\\/\\\/adf-magazine.com\\\/wp-content\\\/uploads\\\/2022\\\/10\\\/at-peanuts.jpg\",\"datePublished\":\"2022-11-14T15:34:02+00:00\",\"dateModified\":\"2022-11-20T13:57:18+00:00\",\"author\":{\"@id\":\"https:\\\/\\\/adf-magazine.com\\\/#\\\/schema\\\/person\\\/f266a6061389568b5a11465bb38bc025\"},\"breadcrumb\":{\"@id\":\"https:\\\/\\\/adf-magazine.com\\\/pt-pt\\\/2022\\\/11\\\/produtores-de-amendoim-da-rca-enfrentam-ameacas-e-roubo\\\/#breadcrumb\"},\"inLanguage\":\"pt-PT\",\"potentialAction\":[{\"@type\":\"ReadAction\",\"target\":[\"https:\\\/\\\/adf-magazine.com\\\/pt-pt\\\/2022\\\/11\\\/produtores-de-amendoim-da-rca-enfrentam-ameacas-e-roubo\\\/\"]}]},{\"@type\":\"ImageObject\",\"inLanguage\":\"pt-PT\",\"@id\":\"https:\\\/\\\/adf-magazine.com\\\/pt-pt\\\/2022\\\/11\\\/produtores-de-amendoim-da-rca-enfrentam-ameacas-e-roubo\\\/#primaryimage\",\"url\":\"https:\\\/\\\/adf-magazine.com\\\/wp-content\\\/uploads\\\/2022\\\/10\\\/at-peanuts.jpg\",\"contentUrl\":\"https:\\\/\\\/adf-magazine.com\\\/wp-content\\\/uploads\\\/2022\\\/10\\\/at-peanuts.jpg\",\"width\":1080,\"height\":721},{\"@type\":\"BreadcrumbList\",\"@id\":\"https:\\\/\\\/adf-magazine.com\\\/pt-pt\\\/2022\\\/11\\\/produtores-de-amendoim-da-rca-enfrentam-ameacas-e-roubo\\\/#breadcrumb\",\"itemListElement\":[{\"@type\":\"ListItem\",\"position\":1,\"name\":\"Home\",\"item\":\"https:\\\/\\\/adf-magazine.com\\\/\"},{\"@type\":\"ListItem\",\"position\":2,\"name\":\"Produtores De Amendoim Da Rca Enfrentam Amea\u00e7as E Roubo\"}]},{\"@type\":\"WebSite\",\"@id\":\"https:\\\/\\\/adf-magazine.com\\\/#website\",\"url\":\"https:\\\/\\\/adf-magazine.com\\\/\",\"name\":\"Africa Defense Forum\",\"description\":\"Africa Defense Forum\",\"potentialAction\":[{\"@type\":\"SearchAction\",\"target\":{\"@type\":\"EntryPoint\",\"urlTemplate\":\"https:\\\/\\\/adf-magazine.com\\\/?s={search_term_string}\"},\"query-input\":{\"@type\":\"PropertyValueSpecification\",\"valueRequired\":true,\"valueName\":\"search_term_string\"}}],\"inLanguage\":\"pt-PT\"},{\"@type\":\"Person\",\"@id\":\"https:\\\/\\\/adf-magazine.com\\\/#\\\/schema\\\/person\\\/f266a6061389568b5a11465bb38bc025\",\"name\":\"ADF\",\"image\":{\"@type\":\"ImageObject\",\"inLanguage\":\"pt-PT\",\"@id\":\"https:\\\/\\\/adf-magazine.com\\\/wp-content\\\/uploads\\\/2020\\\/05\\\/cropped-ADF_icon.jpg\",\"url\":\"https:\\\/\\\/adf-magazine.com\\\/wp-content\\\/uploads\\\/2020\\\/05\\\/cropped-ADF_icon.jpg\",\"contentUrl\":\"https:\\\/\\\/adf-magazine.com\\\/wp-content\\\/uploads\\\/2020\\\/05\\\/cropped-ADF_icon.jpg\",\"caption\":\"ADF\"},\"description\":\"ADF is a professional military magazine published quarterly by U.S. Africa Command to provide an international forum for African security professionals. ADF covers topics such as counter terrorism strategies, security and defense operations, transnational crime, and all other issues affecting peace, stability, and good governance on the African continent.\",\"sameAs\":[\"https:\\\/\\\/x.com\\\/ADFmagazine\"],\"url\":\"https:\\\/\\\/adf-magazine.com\\\/pt-pt\\\/author\\\/adf\\\/\"}]}<\/script>\n<!-- \/ Yoast SEO plugin. -->","yoast_head_json":{"title":"Produtores De Amendoim Da Rca Enfrentam Amea\u00e7as E Roubo - Africa Defense Forum","robots":{"index":"index","follow":"follow","max-snippet":"max-snippet:-1","max-image-preview":"max-image-preview:large","max-video-preview":"max-video-preview:-1"},"canonical":"https:\/\/adf-magazine.com\/pt-pt\/2022\/11\/produtores-de-amendoim-da-rca-enfrentam-ameacas-e-roubo\/","og_locale":"pt_PT","og_type":"article","og_title":"Produtores De Amendoim Da Rca Enfrentam Amea\u00e7as E Roubo - Africa Defense Forum","og_description":"TEXTO E FOTOS DA AGENCE FRANCE-PRESSE Para muitos produtores de amendoim na regi\u00e3o de Paoua, na Rep\u00fablica Centro-Africana, a vida \u00e9 uma batalha di\u00e1ria. Eles t\u00eam de arrancar as plantas da terra, colher o amendoim e descasc\u00e1-lo. Depois t\u00eam de sobreviver aos roubos, extors\u00e3o ou pior numa regi\u00e3o onde os rebeldes e as for\u00e7as pr\u00f3-governo","og_url":"https:\/\/adf-magazine.com\/pt-pt\/2022\/11\/produtores-de-amendoim-da-rca-enfrentam-ameacas-e-roubo\/","og_site_name":"Africa Defense Forum","article_publisher":"https:\/\/www.facebook.com\/ADFmagazine\/","article_published_time":"2022-11-14T15:34:02+00:00","article_modified_time":"2022-11-20T13:57:18+00:00","og_image":[{"width":1080,"height":721,"url":"https:\/\/adf-magazine.com\/wp-content\/uploads\/2022\/10\/at-peanuts.jpg","type":"image\/jpeg"}],"author":"ADF","twitter_card":"summary_large_image","twitter_creator":"@ADFmagazine","twitter_site":"@ADFmagazine","twitter_misc":{"Escrito por":"ADF","Tempo estimado de leitura":"2 minutos"},"schema":{"@context":"https:\/\/schema.org","@graph":[{"@type":"Article","@id":"https:\/\/adf-magazine.com\/pt-pt\/2022\/11\/produtores-de-amendoim-da-rca-enfrentam-ameacas-e-roubo\/#article","isPartOf":{"@id":"https:\/\/adf-magazine.com\/pt-pt\/2022\/11\/produtores-de-amendoim-da-rca-enfrentam-ameacas-e-roubo\/"},"author":{"name":"ADF","@id":"https:\/\/adf-magazine.com\/#\/schema\/person\/f266a6061389568b5a11465bb38bc025"},"headline":"Produtores De Amendoim Da Rca Enfrentam Amea\u00e7as E Roubo","datePublished":"2022-11-14T15:34:02+00:00","dateModified":"2022-11-20T13:57:18+00:00","mainEntityOfPage":{"@id":"https:\/\/adf-magazine.com\/pt-pt\/2022\/11\/produtores-de-amendoim-da-rca-enfrentam-ameacas-e-roubo\/"},"wordCount":389,"commentCount":0,"image":{"@id":"https:\/\/adf-magazine.com\/pt-pt\/2022\/11\/produtores-de-amendoim-da-rca-enfrentam-ameacas-e-roubo\/#primaryimage"},"thumbnailUrl":"https:\/\/adf-magazine.com\/wp-content\/uploads\/2022\/10\/at-peanuts.jpg","articleSection":["\u00c1frica Hoje","Colunas"],"inLanguage":"pt-PT","potentialAction":[{"@type":"CommentAction","name":"Comment","target":["https:\/\/adf-magazine.com\/pt-pt\/2022\/11\/produtores-de-amendoim-da-rca-enfrentam-ameacas-e-roubo\/#respond"]}]},{"@type":"WebPage","@id":"https:\/\/adf-magazine.com\/pt-pt\/2022\/11\/produtores-de-amendoim-da-rca-enfrentam-ameacas-e-roubo\/","url":"https:\/\/adf-magazine.com\/pt-pt\/2022\/11\/produtores-de-amendoim-da-rca-enfrentam-ameacas-e-roubo\/","name":"Produtores De Amendoim Da Rca Enfrentam Amea\u00e7as E Roubo - Africa Defense Forum","isPartOf":{"@id":"https:\/\/adf-magazine.com\/#website"},"primaryImageOfPage":{"@id":"https:\/\/adf-magazine.com\/pt-pt\/2022\/11\/produtores-de-amendoim-da-rca-enfrentam-ameacas-e-roubo\/#primaryimage"},"image":{"@id":"https:\/\/adf-magazine.com\/pt-pt\/2022\/11\/produtores-de-amendoim-da-rca-enfrentam-ameacas-e-roubo\/#primaryimage"},"thumbnailUrl":"https:\/\/adf-magazine.com\/wp-content\/uploads\/2022\/10\/at-peanuts.jpg","datePublished":"2022-11-14T15:34:02+00:00","dateModified":"2022-11-20T13:57:18+00:00","author":{"@id":"https:\/\/adf-magazine.com\/#\/schema\/person\/f266a6061389568b5a11465bb38bc025"},"breadcrumb":{"@id":"https:\/\/adf-magazine.com\/pt-pt\/2022\/11\/produtores-de-amendoim-da-rca-enfrentam-ameacas-e-roubo\/#breadcrumb"},"inLanguage":"pt-PT","potentialAction":[{"@type":"ReadAction","target":["https:\/\/adf-magazine.com\/pt-pt\/2022\/11\/produtores-de-amendoim-da-rca-enfrentam-ameacas-e-roubo\/"]}]},{"@type":"ImageObject","inLanguage":"pt-PT","@id":"https:\/\/adf-magazine.com\/pt-pt\/2022\/11\/produtores-de-amendoim-da-rca-enfrentam-ameacas-e-roubo\/#primaryimage","url":"https:\/\/adf-magazine.com\/wp-content\/uploads\/2022\/10\/at-peanuts.jpg","contentUrl":"https:\/\/adf-magazine.com\/wp-content\/uploads\/2022\/10\/at-peanuts.jpg","width":1080,"height":721},{"@type":"BreadcrumbList","@id":"https:\/\/adf-magazine.com\/pt-pt\/2022\/11\/produtores-de-amendoim-da-rca-enfrentam-ameacas-e-roubo\/#breadcrumb","itemListElement":[{"@type":"ListItem","position":1,"name":"Home","item":"https:\/\/adf-magazine.com\/"},{"@type":"ListItem","position":2,"name":"Produtores De Amendoim Da Rca Enfrentam Amea\u00e7as E Roubo"}]},{"@type":"WebSite","@id":"https:\/\/adf-magazine.com\/#website","url":"https:\/\/adf-magazine.com\/","name":"Africa Defense Forum","description":"Africa Defense Forum","potentialAction":[{"@type":"SearchAction","target":{"@type":"EntryPoint","urlTemplate":"https:\/\/adf-magazine.com\/?s={search_term_string}"},"query-input":{"@type":"PropertyValueSpecification","valueRequired":true,"valueName":"search_term_string"}}],"inLanguage":"pt-PT"},{"@type":"Person","@id":"https:\/\/adf-magazine.com\/#\/schema\/person\/f266a6061389568b5a11465bb38bc025","name":"ADF","image":{"@type":"ImageObject","inLanguage":"pt-PT","@id":"https:\/\/adf-magazine.com\/wp-content\/uploads\/2020\/05\/cropped-ADF_icon.jpg","url":"https:\/\/adf-magazine.com\/wp-content\/uploads\/2020\/05\/cropped-ADF_icon.jpg","contentUrl":"https:\/\/adf-magazine.com\/wp-content\/uploads\/2020\/05\/cropped-ADF_icon.jpg","caption":"ADF"},"description":"ADF is a professional military magazine published quarterly by U.S. Africa Command to provide an international forum for African security professionals. ADF covers topics such as counter terrorism strategies, security and defense operations, transnational crime, and all other issues affecting peace, stability, and good governance on the African continent.","sameAs":["https:\/\/x.com\/ADFmagazine"],"url":"https:\/\/adf-magazine.com\/pt-pt\/author\/adf\/"}]}},"_links":{"self":[{"href":"https:\/\/adf-magazine.com\/pt-pt\/wp-json\/wp\/v2\/posts\/41594","targetHints":{"allow":["GET"]}}],"collection":[{"href":"https:\/\/adf-magazine.com\/pt-pt\/wp-json\/wp\/v2\/posts"}],"about":[{"href":"https:\/\/adf-magazine.com\/pt-pt\/wp-json\/wp\/v2\/types\/post"}],"author":[{"embeddable":true,"href":"https:\/\/adf-magazine.com\/pt-pt\/wp-json\/wp\/v2\/users\/1"}],"replies":[{"embeddable":true,"href":"https:\/\/adf-magazine.com\/pt-pt\/wp-json\/wp\/v2\/comments?post=41594"}],"version-history":[{"count":0,"href":"https:\/\/adf-magazine.com\/pt-pt\/wp-json\/wp\/v2\/posts\/41594\/revisions"}],"wp:featuredmedia":[{"embeddable":true,"href":"https:\/\/adf-magazine.com\/pt-pt\/wp-json\/wp\/v2\/media\/36329"}],"wp:attachment":[{"href":"https:\/\/adf-magazine.com\/pt-pt\/wp-json\/wp\/v2\/media?parent=41594"}],"wp:term":[{"taxonomy":"category","embeddable":true,"href":"https:\/\/adf-magazine.com\/pt-pt\/wp-json\/wp\/v2\/categories?post=41594"},{"taxonomy":"post_tag","embeddable":true,"href":"https:\/\/adf-magazine.com\/pt-pt\/wp-json\/wp\/v2\/tags?post=41594"}],"curies":[{"name":"wp","href":"https:\/\/api.w.org\/{rel}","templated":true}]}}