{"id":36783,"date":"2022-11-01T16:16:35","date_gmt":"2022-11-01T20:16:35","guid":{"rendered":"https:\/\/adf-magazine.com\/?p=36783"},"modified":"2022-11-01T16:17:26","modified_gmt":"2022-11-01T20:17:26","slug":"boko-haram-destroi-economia-do-lago-chade-com-extorsao-e-violencia","status":"publish","type":"post","link":"https:\/\/adf-magazine.com\/pt-pt\/2022\/11\/boko-haram-destroi-economia-do-lago-chade-com-extorsao-e-violencia\/","title":{"rendered":"Boko Haram Destr\u00f3i Economia do Lago Chade com Extors\u00e3o e Viol\u00eancia"},"content":{"rendered":"<p style=\"font-weight: 400;\">EQUIPA DA ADF<\/p>\n<p style=\"font-weight: 400;\">A regi\u00e3o do Lago Chade orgulha-se de ter comunidades interligadas que partilham la\u00e7os \u00e9tnicos e econ\u00f3micos de quatro pa\u00edses. Elas praticam o com\u00e9rcio e est\u00e3o misturadas umas com as outras durante s\u00e9culos. Mas a chegada do Boko Haram prejudicou esses la\u00e7os e destruiu as economias locais.<\/p>\n<p style=\"font-weight: 400;\">Desde 2013, o grupo terrorista infiltrou-se nas comunidades de toda a regi\u00e3o onde os Camar\u00f5es, Chade, N\u00edger e Nig\u00e9ria se encontram. Actualmente, o Boko Haram domina a economia transfronteiri\u00e7a, gerando milh\u00f5es de d\u00f3lares, atrav\u00e9s da opera\u00e7\u00e3o de mercados p\u00fablicos e um conjunto de crimes, como extors\u00e3o, rapto e assaltos \u00e0 m\u00e3o armada.<\/p>\n<p style=\"font-weight: 400;\">\u201cO grupo ataca as comunidades locais para garantir a sua resili\u00eancia, sobreviv\u00eancia e capacidade de continuar a causar destrui\u00e7\u00e3o,\u201d escreve Malik Samuel, autor de um recente relat\u00f3rio do Instituto de Estudos de Seguran\u00e7a (ISS), o qual examina as formas atrav\u00e9s das quais o Boko Haram e os seus afiliados exploram a regi\u00e3o do Lago Chade, para financiar as suas opera\u00e7\u00f5es.<\/p>\n<p style=\"font-weight: 400;\">O relat\u00f3rio do ISS utiliza \u201cBoko Haram\u201d como um termo gen\u00e9rico para os tr\u00eas grupos separatistas que derivaram da organiza\u00e7\u00e3o original. Esses grupos separatistas s\u00e3o o Ansarul Muslimina Fi Biladis-Sudan (Ansaru), a Prov\u00edncia da \u00c1frica Ocidental do Estado Isl\u00e2mico (ISWAP) e o Jama\u2019atu Ahlis-Sunna Lidda\u2019Awati Wal-Jihad (JAS).<\/p>\n<p style=\"font-weight: 400;\">Cerca de 90% da popula\u00e7\u00e3o da bacia do Lago Chade depende da agricultura, pastor\u00edcia e da pesca para a sua sobreviv\u00eancia. Depois de aproximadamente uma d\u00e9cada sob dom\u00ednio do Boko Haram, cerca de um ter\u00e7o dos 30 milh\u00f5es de residentes agora precisam de ajuda humanit\u00e1ria e 3,2 milh\u00f5es abandonaram as suas resid\u00eancias. Mais de 3 milh\u00f5es encontram-se em situa\u00e7\u00e3o de inseguran\u00e7a alimentar.<\/p>\n<p style=\"font-weight: 400;\">As medidas governamentais destinadas a acabar com os grupos terroristas, como a proibi\u00e7\u00e3o do transporte de combust\u00edvel em bid\u00f5es ou o banimento da exporta\u00e7\u00e3o de peixe, prejudicaram a economia local. Isso, por sua vez, gerou falta de confian\u00e7a nas autoridades governamentais enquanto fornecia aos grupos terroristas rendimentos do mercado negro e fazia com que eles fossem fontes importantes da obten\u00e7\u00e3o de rendimento na regi\u00e3o.<\/p>\n<p style=\"font-weight: 400;\">\u201cA situa\u00e7\u00e3o e as medidas para combat\u00ea-la perpetuaram a inseguran\u00e7a e acrescentaram as dificuldades de governa\u00e7\u00e3o e socioecon\u00f3micas pr\u00e9-existentes,\u201d escreveu Samuel.<\/p>\n<p style=\"font-weight: 400;\">Em alguns casos, o Boko Haram beneficia de membros corruptos das for\u00e7as de seguran\u00e7a locais, que fornecem armas aos militantes, adquirem gado roubado e agem como intermedi\u00e1rios na aquisi\u00e7\u00e3o de viaturas utilizadas em ataques.<\/p>\n<p style=\"font-weight: 400;\">\u201cO conluio de indiv\u00edduos das for\u00e7as de seguran\u00e7a talvez seja o facilitador mais importante para a resili\u00eancia do Boko Haram, uma vez que estas entidades s\u00e3o directamente respons\u00e1veis por derrotar o grupo e manter a seguran\u00e7a na regi\u00e3o,\u201d escreve Samuel.<\/p>\n<p style=\"font-weight: 400;\">O ISS desenvolveu o seu relat\u00f3rio atrav\u00e9s de uma s\u00e9rie de entrevistas com antigos terroristas, membros da comunidade, entre outras pessoas da regi\u00e3o.<\/p>\n<p style=\"font-weight: 400;\">O ISWAP angaria aproximadamente 43 milh\u00f5es de d\u00f3lares por ano, atrav\u00e9s da extors\u00e3o de dinheiro de cerca de 10.000 pescadores que procuram obter permiss\u00e3o para trabalhar no Lago Chade. Tamb\u00e9m recebe cerca de 2,2 milh\u00f5es de d\u00f3lares por ano em impostos sobre o peixe seco ou defumado empacotado e enviado a partir do lago. O ISWAP angaria mais rendimentos atrav\u00e9s do aluguer de alguns dos seus 350 barcos a equipas de pesca e atrav\u00e9s da cobran\u00e7a \u00e0s pessoas que pescam com redes ao longo da costa.<\/p>\n<p style=\"font-weight: 400;\">Os terroristas afirmam que os pagamentos fazem parte do \u201czakat,\u201d um imposto autorizado nos termos da lei isl\u00e2mica, muitas vezes, para fins de caridade. Na realidade, o dinheiro que levam dos agricultores e pastores vai para os bolsos dos terroristas.<\/p>\n<p style=\"font-weight: 400;\">Em suma, para acabar com o dom\u00ednio do Boko Haram sobre a regi\u00e3o do Lago Chade, vai ser necess\u00e1rio mais do que ac\u00e7\u00e3o militar, disse Samuel. Ele recomenda que:<\/p>\n<ul>\n<li>Os governos devem retirar os membros corruptos das for\u00e7as de seguran\u00e7a cujo conluio apoia o terrorismo directa ou indirectamente.<\/li>\n<li>As organiza\u00e7\u00f5es regionais devem fortalecer a sua capacidade de acabar com o branqueamento de capitais, como uma forma de destruir as redes financeiras do Boko Haram.<\/li>\n<li>Os grupos transfronteiri\u00e7os, como a For\u00e7a-Tarefa Conjunta Multinacional, devem trabalhar para impedir que os grupos terroristas tenham acesso ao Lago Chade, limitando, deste modo, a capacidade de o ISWAP extorquir os pescadores locais.<\/li>\n<\/ul>\n<p style=\"font-weight: 400;\">Nos seus esfor\u00e7os para impedir que os terroristas tenham um para\u00edso fiscal econ\u00f3mico, na bacia do Lago Chade, os governos devem reconsiderar o tipo de t\u00e1cticas rigorosas que podem prejudicar os meios de subsist\u00eancia dos residentes cumpridores da lei da regi\u00e3o, observa Samuel.<\/p>\n<p><span style=\"font-weight: 400;\">\u201c<\/span><span style=\"font-weight: 400;\">As medidas para acabar com esta economia e enfraquecer o Boko Haram, muitas vezes, demonstram ser contraproducentes,\u201d escreve Samuel. \u201cEm \u00faltima inst\u00e2ncia, essa tend\u00eancia contribui para a resili\u00eancia e subsist\u00eancia do Boko Haram.\u201d<\/span><\/p>\n","protected":false},"excerpt":{"rendered":"<p>EQUIPA DA ADF A regi\u00e3o do Lago Chade orgulha-se de ter comunidades interligadas que partilham la\u00e7os \u00e9tnicos e econ\u00f3micos de quatro pa\u00edses. Elas praticam o com\u00e9rcio e est\u00e3o misturadas umas com as outras durante s\u00e9culos. Mas a chegada do Boko Haram prejudicou esses la\u00e7os e destruiu as economias locais. Desde 2013, o grupo terrorista infiltrou-se<\/p>\n","protected":false},"author":1,"featured_media":36781,"comment_status":"open","ping_status":"closed","sticky":false,"template":"","format":"standard","meta":{"_acf_changed":false,"_monsterinsights_skip_tracking":false,"_monsterinsights_sitenote_active":false,"_monsterinsights_sitenote_note":"","_monsterinsights_sitenote_category":0,"_uf_show_specific_survey":0,"_uf_disable_surveys":false,"footnotes":""},"categories":[363],"tags":[446,500,682,874,502,453,534],"class_list":{"0":"post-36783","1":"post","2":"type-post","3":"status-publish","4":"format-standard","5":"has-post-thumbnail","7":"category-melhores-historias","8":"tag-camaroes","9":"tag-chade","10":"tag-corrupcao","11":"tag-lago-chade","12":"tag-niger-pt-pt","13":"tag-nigeria-pt-pt","14":"tag-terrorismo"},"acf":[],"yoast_head":"<!-- This site is optimized with the Yoast SEO plugin v27.4 - https:\/\/yoast.com\/product\/yoast-seo-wordpress\/ -->\n<title>Boko Haram Destr\u00f3i Economia do Lago Chade com Extors\u00e3o e Viol\u00eancia - Africa Defense Forum<\/title>\n<meta name=\"robots\" content=\"index, follow, max-snippet:-1, max-image-preview:large, max-video-preview:-1\" \/>\n<link rel=\"canonical\" href=\"https:\/\/adf-magazine.com\/pt-pt\/2022\/11\/boko-haram-destroi-economia-do-lago-chade-com-extorsao-e-violencia\/\" \/>\n<meta property=\"og:locale\" content=\"pt_PT\" \/>\n<meta property=\"og:type\" content=\"article\" \/>\n<meta property=\"og:title\" content=\"Boko Haram Destr\u00f3i Economia do Lago Chade com Extors\u00e3o e Viol\u00eancia - Africa Defense Forum\" \/>\n<meta property=\"og:description\" content=\"EQUIPA DA ADF A regi\u00e3o do Lago Chade orgulha-se de ter comunidades interligadas que partilham la\u00e7os \u00e9tnicos e econ\u00f3micos de quatro pa\u00edses. Elas praticam o com\u00e9rcio e est\u00e3o misturadas umas com as outras durante s\u00e9culos. Mas a chegada do Boko Haram prejudicou esses la\u00e7os e destruiu as economias locais. Desde 2013, o grupo terrorista infiltrou-se\" \/>\n<meta property=\"og:url\" content=\"https:\/\/adf-magazine.com\/pt-pt\/2022\/11\/boko-haram-destroi-economia-do-lago-chade-com-extorsao-e-violencia\/\" \/>\n<meta property=\"og:site_name\" content=\"Africa Defense Forum\" \/>\n<meta property=\"article:publisher\" content=\"https:\/\/www.facebook.com\/ADFmagazine\/\" \/>\n<meta property=\"article:published_time\" content=\"2022-11-01T20:16:35+00:00\" \/>\n<meta property=\"article:modified_time\" content=\"2022-11-01T20:17:26+00:00\" \/>\n<meta property=\"og:image\" content=\"https:\/\/adf-magazine.com\/wp-content\/uploads\/2022\/11\/GettyImages-468198874.jpg\" \/>\n\t<meta property=\"og:image:width\" content=\"1024\" \/>\n\t<meta property=\"og:image:height\" content=\"681\" \/>\n\t<meta property=\"og:image:type\" content=\"image\/jpeg\" \/>\n<meta name=\"author\" content=\"ADF\" \/>\n<meta name=\"twitter:card\" content=\"summary_large_image\" \/>\n<meta name=\"twitter:creator\" content=\"@ADFmagazine\" \/>\n<meta name=\"twitter:site\" content=\"@ADFmagazine\" \/>\n<meta name=\"twitter:label1\" content=\"Escrito por\" \/>\n\t<meta name=\"twitter:data1\" content=\"ADF\" \/>\n\t<meta name=\"twitter:label2\" content=\"Tempo estimado de leitura\" \/>\n\t<meta name=\"twitter:data2\" content=\"4 minutos\" \/>\n<script type=\"application\/ld+json\" class=\"yoast-schema-graph\">{\"@context\":\"https:\\\/\\\/schema.org\",\"@graph\":[{\"@type\":\"Article\",\"@id\":\"https:\\\/\\\/adf-magazine.com\\\/pt-pt\\\/2022\\\/11\\\/boko-haram-destroi-economia-do-lago-chade-com-extorsao-e-violencia\\\/#article\",\"isPartOf\":{\"@id\":\"https:\\\/\\\/adf-magazine.com\\\/pt-pt\\\/2022\\\/11\\\/boko-haram-destroi-economia-do-lago-chade-com-extorsao-e-violencia\\\/\"},\"author\":{\"name\":\"ADF\",\"@id\":\"https:\\\/\\\/adf-magazine.com\\\/#\\\/schema\\\/person\\\/f266a6061389568b5a11465bb38bc025\"},\"headline\":\"Boko Haram Destr\u00f3i Economia do Lago Chade com Extors\u00e3o e Viol\u00eancia\",\"datePublished\":\"2022-11-01T20:16:35+00:00\",\"dateModified\":\"2022-11-01T20:17:26+00:00\",\"mainEntityOfPage\":{\"@id\":\"https:\\\/\\\/adf-magazine.com\\\/pt-pt\\\/2022\\\/11\\\/boko-haram-destroi-economia-do-lago-chade-com-extorsao-e-violencia\\\/\"},\"wordCount\":875,\"commentCount\":0,\"image\":{\"@id\":\"https:\\\/\\\/adf-magazine.com\\\/pt-pt\\\/2022\\\/11\\\/boko-haram-destroi-economia-do-lago-chade-com-extorsao-e-violencia\\\/#primaryimage\"},\"thumbnailUrl\":\"https:\\\/\\\/adf-magazine.com\\\/wp-content\\\/uploads\\\/2022\\\/11\\\/GettyImages-468198874.jpg\",\"keywords\":[\"Camar\u00f5es\",\"Chade\",\"corrup\u00e7\u00e3o\",\"Lago Chade\",\"Niger\",\"Nigeria\",\"Terrorismo\"],\"articleSection\":[\"Not\u00edcias diaries\"],\"inLanguage\":\"pt-PT\",\"potentialAction\":[{\"@type\":\"CommentAction\",\"name\":\"Comment\",\"target\":[\"https:\\\/\\\/adf-magazine.com\\\/pt-pt\\\/2022\\\/11\\\/boko-haram-destroi-economia-do-lago-chade-com-extorsao-e-violencia\\\/#respond\"]}]},{\"@type\":\"WebPage\",\"@id\":\"https:\\\/\\\/adf-magazine.com\\\/pt-pt\\\/2022\\\/11\\\/boko-haram-destroi-economia-do-lago-chade-com-extorsao-e-violencia\\\/\",\"url\":\"https:\\\/\\\/adf-magazine.com\\\/pt-pt\\\/2022\\\/11\\\/boko-haram-destroi-economia-do-lago-chade-com-extorsao-e-violencia\\\/\",\"name\":\"Boko Haram Destr\u00f3i Economia do Lago Chade com Extors\u00e3o e Viol\u00eancia - Africa Defense Forum\",\"isPartOf\":{\"@id\":\"https:\\\/\\\/adf-magazine.com\\\/#website\"},\"primaryImageOfPage\":{\"@id\":\"https:\\\/\\\/adf-magazine.com\\\/pt-pt\\\/2022\\\/11\\\/boko-haram-destroi-economia-do-lago-chade-com-extorsao-e-violencia\\\/#primaryimage\"},\"image\":{\"@id\":\"https:\\\/\\\/adf-magazine.com\\\/pt-pt\\\/2022\\\/11\\\/boko-haram-destroi-economia-do-lago-chade-com-extorsao-e-violencia\\\/#primaryimage\"},\"thumbnailUrl\":\"https:\\\/\\\/adf-magazine.com\\\/wp-content\\\/uploads\\\/2022\\\/11\\\/GettyImages-468198874.jpg\",\"datePublished\":\"2022-11-01T20:16:35+00:00\",\"dateModified\":\"2022-11-01T20:17:26+00:00\",\"author\":{\"@id\":\"https:\\\/\\\/adf-magazine.com\\\/#\\\/schema\\\/person\\\/f266a6061389568b5a11465bb38bc025\"},\"breadcrumb\":{\"@id\":\"https:\\\/\\\/adf-magazine.com\\\/pt-pt\\\/2022\\\/11\\\/boko-haram-destroi-economia-do-lago-chade-com-extorsao-e-violencia\\\/#breadcrumb\"},\"inLanguage\":\"pt-PT\",\"potentialAction\":[{\"@type\":\"ReadAction\",\"target\":[\"https:\\\/\\\/adf-magazine.com\\\/pt-pt\\\/2022\\\/11\\\/boko-haram-destroi-economia-do-lago-chade-com-extorsao-e-violencia\\\/\"]}]},{\"@type\":\"ImageObject\",\"inLanguage\":\"pt-PT\",\"@id\":\"https:\\\/\\\/adf-magazine.com\\\/pt-pt\\\/2022\\\/11\\\/boko-haram-destroi-economia-do-lago-chade-com-extorsao-e-violencia\\\/#primaryimage\",\"url\":\"https:\\\/\\\/adf-magazine.com\\\/wp-content\\\/uploads\\\/2022\\\/11\\\/GettyImages-468198874.jpg\",\"contentUrl\":\"https:\\\/\\\/adf-magazine.com\\\/wp-content\\\/uploads\\\/2022\\\/11\\\/GettyImages-468198874.jpg\",\"width\":1024,\"height\":681,\"caption\":\"Pescadores organizam redes em barcos, pr\u00f3ximo da cidade de Guite, Chade. Terroristas ligados ao Boko Haram dominam a bacia do Lago Chade, onde adquirem milhares de d\u00f3lares por ano em receitas, extorquindo os pescadores. AFP\\\/GETTY IMAGES\"},{\"@type\":\"BreadcrumbList\",\"@id\":\"https:\\\/\\\/adf-magazine.com\\\/pt-pt\\\/2022\\\/11\\\/boko-haram-destroi-economia-do-lago-chade-com-extorsao-e-violencia\\\/#breadcrumb\",\"itemListElement\":[{\"@type\":\"ListItem\",\"position\":1,\"name\":\"Home\",\"item\":\"https:\\\/\\\/adf-magazine.com\\\/\"},{\"@type\":\"ListItem\",\"position\":2,\"name\":\"Boko Haram Destr\u00f3i Economia do Lago Chade com Extors\u00e3o e Viol\u00eancia\"}]},{\"@type\":\"WebSite\",\"@id\":\"https:\\\/\\\/adf-magazine.com\\\/#website\",\"url\":\"https:\\\/\\\/adf-magazine.com\\\/\",\"name\":\"Africa Defense Forum\",\"description\":\"Africa Defense Forum\",\"potentialAction\":[{\"@type\":\"SearchAction\",\"target\":{\"@type\":\"EntryPoint\",\"urlTemplate\":\"https:\\\/\\\/adf-magazine.com\\\/?s={search_term_string}\"},\"query-input\":{\"@type\":\"PropertyValueSpecification\",\"valueRequired\":true,\"valueName\":\"search_term_string\"}}],\"inLanguage\":\"pt-PT\"},{\"@type\":\"Person\",\"@id\":\"https:\\\/\\\/adf-magazine.com\\\/#\\\/schema\\\/person\\\/f266a6061389568b5a11465bb38bc025\",\"name\":\"ADF\",\"image\":{\"@type\":\"ImageObject\",\"inLanguage\":\"pt-PT\",\"@id\":\"https:\\\/\\\/adf-magazine.com\\\/wp-content\\\/uploads\\\/2020\\\/05\\\/cropped-ADF_icon.jpg\",\"url\":\"https:\\\/\\\/adf-magazine.com\\\/wp-content\\\/uploads\\\/2020\\\/05\\\/cropped-ADF_icon.jpg\",\"contentUrl\":\"https:\\\/\\\/adf-magazine.com\\\/wp-content\\\/uploads\\\/2020\\\/05\\\/cropped-ADF_icon.jpg\",\"caption\":\"ADF\"},\"description\":\"ADF is a professional military magazine published quarterly by U.S. Africa Command to provide an international forum for African security professionals. ADF covers topics such as counter terrorism strategies, security and defense operations, transnational crime, and all other issues affecting peace, stability, and good governance on the African continent.\",\"sameAs\":[\"https:\\\/\\\/x.com\\\/ADFmagazine\"],\"url\":\"https:\\\/\\\/adf-magazine.com\\\/pt-pt\\\/author\\\/adf\\\/\"}]}<\/script>\n<!-- \/ Yoast SEO plugin. -->","yoast_head_json":{"title":"Boko Haram Destr\u00f3i Economia do Lago Chade com Extors\u00e3o e Viol\u00eancia - Africa Defense Forum","robots":{"index":"index","follow":"follow","max-snippet":"max-snippet:-1","max-image-preview":"max-image-preview:large","max-video-preview":"max-video-preview:-1"},"canonical":"https:\/\/adf-magazine.com\/pt-pt\/2022\/11\/boko-haram-destroi-economia-do-lago-chade-com-extorsao-e-violencia\/","og_locale":"pt_PT","og_type":"article","og_title":"Boko Haram Destr\u00f3i Economia do Lago Chade com Extors\u00e3o e Viol\u00eancia - Africa Defense Forum","og_description":"EQUIPA DA ADF A regi\u00e3o do Lago Chade orgulha-se de ter comunidades interligadas que partilham la\u00e7os \u00e9tnicos e econ\u00f3micos de quatro pa\u00edses. Elas praticam o com\u00e9rcio e est\u00e3o misturadas umas com as outras durante s\u00e9culos. Mas a chegada do Boko Haram prejudicou esses la\u00e7os e destruiu as economias locais. Desde 2013, o grupo terrorista infiltrou-se","og_url":"https:\/\/adf-magazine.com\/pt-pt\/2022\/11\/boko-haram-destroi-economia-do-lago-chade-com-extorsao-e-violencia\/","og_site_name":"Africa Defense Forum","article_publisher":"https:\/\/www.facebook.com\/ADFmagazine\/","article_published_time":"2022-11-01T20:16:35+00:00","article_modified_time":"2022-11-01T20:17:26+00:00","og_image":[{"width":1024,"height":681,"url":"https:\/\/adf-magazine.com\/wp-content\/uploads\/2022\/11\/GettyImages-468198874.jpg","type":"image\/jpeg"}],"author":"ADF","twitter_card":"summary_large_image","twitter_creator":"@ADFmagazine","twitter_site":"@ADFmagazine","twitter_misc":{"Escrito por":"ADF","Tempo estimado de leitura":"4 minutos"},"schema":{"@context":"https:\/\/schema.org","@graph":[{"@type":"Article","@id":"https:\/\/adf-magazine.com\/pt-pt\/2022\/11\/boko-haram-destroi-economia-do-lago-chade-com-extorsao-e-violencia\/#article","isPartOf":{"@id":"https:\/\/adf-magazine.com\/pt-pt\/2022\/11\/boko-haram-destroi-economia-do-lago-chade-com-extorsao-e-violencia\/"},"author":{"name":"ADF","@id":"https:\/\/adf-magazine.com\/#\/schema\/person\/f266a6061389568b5a11465bb38bc025"},"headline":"Boko Haram Destr\u00f3i Economia do Lago Chade com Extors\u00e3o e Viol\u00eancia","datePublished":"2022-11-01T20:16:35+00:00","dateModified":"2022-11-01T20:17:26+00:00","mainEntityOfPage":{"@id":"https:\/\/adf-magazine.com\/pt-pt\/2022\/11\/boko-haram-destroi-economia-do-lago-chade-com-extorsao-e-violencia\/"},"wordCount":875,"commentCount":0,"image":{"@id":"https:\/\/adf-magazine.com\/pt-pt\/2022\/11\/boko-haram-destroi-economia-do-lago-chade-com-extorsao-e-violencia\/#primaryimage"},"thumbnailUrl":"https:\/\/adf-magazine.com\/wp-content\/uploads\/2022\/11\/GettyImages-468198874.jpg","keywords":["Camar\u00f5es","Chade","corrup\u00e7\u00e3o","Lago Chade","Niger","Nigeria","Terrorismo"],"articleSection":["Not\u00edcias diaries"],"inLanguage":"pt-PT","potentialAction":[{"@type":"CommentAction","name":"Comment","target":["https:\/\/adf-magazine.com\/pt-pt\/2022\/11\/boko-haram-destroi-economia-do-lago-chade-com-extorsao-e-violencia\/#respond"]}]},{"@type":"WebPage","@id":"https:\/\/adf-magazine.com\/pt-pt\/2022\/11\/boko-haram-destroi-economia-do-lago-chade-com-extorsao-e-violencia\/","url":"https:\/\/adf-magazine.com\/pt-pt\/2022\/11\/boko-haram-destroi-economia-do-lago-chade-com-extorsao-e-violencia\/","name":"Boko Haram Destr\u00f3i Economia do Lago Chade com Extors\u00e3o e Viol\u00eancia - Africa Defense Forum","isPartOf":{"@id":"https:\/\/adf-magazine.com\/#website"},"primaryImageOfPage":{"@id":"https:\/\/adf-magazine.com\/pt-pt\/2022\/11\/boko-haram-destroi-economia-do-lago-chade-com-extorsao-e-violencia\/#primaryimage"},"image":{"@id":"https:\/\/adf-magazine.com\/pt-pt\/2022\/11\/boko-haram-destroi-economia-do-lago-chade-com-extorsao-e-violencia\/#primaryimage"},"thumbnailUrl":"https:\/\/adf-magazine.com\/wp-content\/uploads\/2022\/11\/GettyImages-468198874.jpg","datePublished":"2022-11-01T20:16:35+00:00","dateModified":"2022-11-01T20:17:26+00:00","author":{"@id":"https:\/\/adf-magazine.com\/#\/schema\/person\/f266a6061389568b5a11465bb38bc025"},"breadcrumb":{"@id":"https:\/\/adf-magazine.com\/pt-pt\/2022\/11\/boko-haram-destroi-economia-do-lago-chade-com-extorsao-e-violencia\/#breadcrumb"},"inLanguage":"pt-PT","potentialAction":[{"@type":"ReadAction","target":["https:\/\/adf-magazine.com\/pt-pt\/2022\/11\/boko-haram-destroi-economia-do-lago-chade-com-extorsao-e-violencia\/"]}]},{"@type":"ImageObject","inLanguage":"pt-PT","@id":"https:\/\/adf-magazine.com\/pt-pt\/2022\/11\/boko-haram-destroi-economia-do-lago-chade-com-extorsao-e-violencia\/#primaryimage","url":"https:\/\/adf-magazine.com\/wp-content\/uploads\/2022\/11\/GettyImages-468198874.jpg","contentUrl":"https:\/\/adf-magazine.com\/wp-content\/uploads\/2022\/11\/GettyImages-468198874.jpg","width":1024,"height":681,"caption":"Pescadores organizam redes em barcos, pr\u00f3ximo da cidade de Guite, Chade. Terroristas ligados ao Boko Haram dominam a bacia do Lago Chade, onde adquirem milhares de d\u00f3lares por ano em receitas, extorquindo os pescadores. AFP\/GETTY IMAGES"},{"@type":"BreadcrumbList","@id":"https:\/\/adf-magazine.com\/pt-pt\/2022\/11\/boko-haram-destroi-economia-do-lago-chade-com-extorsao-e-violencia\/#breadcrumb","itemListElement":[{"@type":"ListItem","position":1,"name":"Home","item":"https:\/\/adf-magazine.com\/"},{"@type":"ListItem","position":2,"name":"Boko Haram Destr\u00f3i Economia do Lago Chade com Extors\u00e3o e Viol\u00eancia"}]},{"@type":"WebSite","@id":"https:\/\/adf-magazine.com\/#website","url":"https:\/\/adf-magazine.com\/","name":"Africa Defense Forum","description":"Africa Defense Forum","potentialAction":[{"@type":"SearchAction","target":{"@type":"EntryPoint","urlTemplate":"https:\/\/adf-magazine.com\/?s={search_term_string}"},"query-input":{"@type":"PropertyValueSpecification","valueRequired":true,"valueName":"search_term_string"}}],"inLanguage":"pt-PT"},{"@type":"Person","@id":"https:\/\/adf-magazine.com\/#\/schema\/person\/f266a6061389568b5a11465bb38bc025","name":"ADF","image":{"@type":"ImageObject","inLanguage":"pt-PT","@id":"https:\/\/adf-magazine.com\/wp-content\/uploads\/2020\/05\/cropped-ADF_icon.jpg","url":"https:\/\/adf-magazine.com\/wp-content\/uploads\/2020\/05\/cropped-ADF_icon.jpg","contentUrl":"https:\/\/adf-magazine.com\/wp-content\/uploads\/2020\/05\/cropped-ADF_icon.jpg","caption":"ADF"},"description":"ADF is a professional military magazine published quarterly by U.S. Africa Command to provide an international forum for African security professionals. ADF covers topics such as counter terrorism strategies, security and defense operations, transnational crime, and all other issues affecting peace, stability, and good governance on the African continent.","sameAs":["https:\/\/x.com\/ADFmagazine"],"url":"https:\/\/adf-magazine.com\/pt-pt\/author\/adf\/"}]}},"_links":{"self":[{"href":"https:\/\/adf-magazine.com\/pt-pt\/wp-json\/wp\/v2\/posts\/36783","targetHints":{"allow":["GET"]}}],"collection":[{"href":"https:\/\/adf-magazine.com\/pt-pt\/wp-json\/wp\/v2\/posts"}],"about":[{"href":"https:\/\/adf-magazine.com\/pt-pt\/wp-json\/wp\/v2\/types\/post"}],"author":[{"embeddable":true,"href":"https:\/\/adf-magazine.com\/pt-pt\/wp-json\/wp\/v2\/users\/1"}],"replies":[{"embeddable":true,"href":"https:\/\/adf-magazine.com\/pt-pt\/wp-json\/wp\/v2\/comments?post=36783"}],"version-history":[{"count":0,"href":"https:\/\/adf-magazine.com\/pt-pt\/wp-json\/wp\/v2\/posts\/36783\/revisions"}],"wp:featuredmedia":[{"embeddable":true,"href":"https:\/\/adf-magazine.com\/pt-pt\/wp-json\/wp\/v2\/media\/36781"}],"wp:attachment":[{"href":"https:\/\/adf-magazine.com\/pt-pt\/wp-json\/wp\/v2\/media?parent=36783"}],"wp:term":[{"taxonomy":"category","embeddable":true,"href":"https:\/\/adf-magazine.com\/pt-pt\/wp-json\/wp\/v2\/categories?post=36783"},{"taxonomy":"post_tag","embeddable":true,"href":"https:\/\/adf-magazine.com\/pt-pt\/wp-json\/wp\/v2\/tags?post=36783"}],"curies":[{"name":"wp","href":"https:\/\/api.w.org\/{rel}","templated":true}]}}