{"id":36752,"date":"2022-11-01T15:50:20","date_gmt":"2022-11-01T19:50:20","guid":{"rendered":"https:\/\/adf-magazine.com\/?p=36752"},"modified":"2022-11-01T15:52:32","modified_gmt":"2022-11-01T19:52:32","slug":"grand-african-nemo-faz-ondas-no-golfo-da-guine","status":"publish","type":"post","link":"https:\/\/adf-magazine.com\/pt-pt\/2022\/11\/grand-african-nemo-faz-ondas-no-golfo-da-guine\/","title":{"rendered":"Grand African NEMO Faz Ondas no Golfo da Guin\u00e9"},"content":{"rendered":"<p style=\"font-weight: 400;\">EQUIPA DA ADF<\/p>\n<p>Mais de 20 pa\u00edses conclu\u00edram recentemente o Exerc\u00edcio Grand African da Marinha para Opera\u00e7\u00f5es Mar\u00edtimas (NEMO) 2022, um evento anual dirigido pela marinha francesa.<\/p>\n<p>A primeira fase centrou-se em habilidades no mar, como abordagem de embarca\u00e7\u00f5es para o combate \u00e0 pesca ilegal, pirataria, tr\u00e1fico de drogas, polui\u00e7\u00e3o e realiza\u00e7\u00e3o de salvamentos no mar. A segunda fase centrou-se na colabora\u00e7\u00e3o e partilha de informa\u00e7\u00e3o entre os centros operacionais mar\u00edtimos nacionais, centros de coordena\u00e7\u00e3o mar\u00edtima e os centros de seguran\u00e7a mar\u00edtima regional.<\/p>\n<p>\u201cO exerc\u00edcio foi organizado no quadro do c\u00f3digo de conduta, resultante do processo de Yaound\u00e9,\u201d Chefe do Estado-Maior da Marinha Nigeriana, Vice-Almirante Awal Gambo, disse numa reportagem do canal de not\u00edcias nigeriano, Silverbird News24. \u201cTemos como objectivo criar um ambiente mar\u00edtimo seguro para o envio de produtos e outras actividades econ\u00f3micas, atrav\u00e9s da preven\u00e7\u00e3o da pirataria, roubos no mar, roubo de petr\u00f3leo bruto, conquistas ilegais e outras formas de criminalidade.\u201d<\/p>\n<p>Outros pa\u00edses africanos participantes s\u00e3o Angola, Benin, Cabo Verde, Camar\u00f5es, Costa do Marfim, Rep\u00fablica Democr\u00e1tica do Congo, Gab\u00e3o, G\u00e2mbia, Gana, Guin\u00e9, Lib\u00e9ria, Marrocos, S\u00e3o-Tom\u00e9 e Pr\u00edncipe, Senegal, Serra Leoa e Togo, de acordo com um comunicado de imprensa da Marinha Francesa.<\/p>\n<figure id=\"attachment_36750\" aria-describedby=\"caption-attachment-36750\" style=\"width: 1080px\" class=\"wp-caption aligncenter\"><a href=\"https:\/\/adf-magazine.com\/wp-content\/uploads\/2022\/11\/NEMO22-TWO.jpg\"><img fetchpriority=\"high\" decoding=\"async\" class=\"size-full wp-image-36750\" src=\"https:\/\/adf-magazine.com\/wp-content\/uploads\/2022\/11\/NEMO22-TWO.jpg\" alt=\"\" width=\"1080\" height=\"771\" srcset=\"https:\/\/adf-magazine.com\/wp-content\/uploads\/2022\/11\/NEMO22-TWO.jpg 1080w, https:\/\/adf-magazine.com\/wp-content\/uploads\/2022\/11\/NEMO22-TWO-300x214.jpg 300w, https:\/\/adf-magazine.com\/wp-content\/uploads\/2022\/11\/NEMO22-TWO-1024x731.jpg 1024w, https:\/\/adf-magazine.com\/wp-content\/uploads\/2022\/11\/NEMO22-TWO-768x548.jpg 768w\" sizes=\"(max-width: 1080px) 100vw, 1080px\" \/><\/a><figcaption id=\"caption-attachment-36750\" class=\"wp-caption-text\">Membros da Marinha Angolana participam num exerc\u00edcio de busca e captura durante o Exerc\u00edcio Grand African da Marinha para Opera\u00e7\u00f5es Mar\u00edtimas. SUBOFICIAL DE 1\u00aa CLASSE TERRENCE SIREN\/MARINHA DOS EUA<\/figcaption><\/figure>\n<p>B\u00e9lgica, Brasil, Dinamarca, It\u00e1lia, Espanha, Reino Unido e os Estados Unidos tamb\u00e9m participaram.<\/p>\n<p>Cerca de 30 embarca\u00e7\u00f5es de superf\u00edcie e cinco aeronaves participaram durante o exerc\u00edcio que teve a dura\u00e7\u00e3o de uma semana, com in\u00edcio no dia 10 de Outubro. Entre as embarca\u00e7\u00f5es encontrava-se o navio da Marinha dos EUA, USS Hershel \u201cWoody\u201d Williams.<\/p>\n<p style=\"font-weight: 400;\">O evento n\u00e3o esteve limitado a simula\u00e7\u00f5es. Durante o exerc\u00edcio, uma aeronave francesa, Falcon 50, localizou uma embarca\u00e7\u00e3o de pesca em dificuldades, e as autoridades orientaram uma embarca\u00e7\u00e3o mercante que se encontrava pr\u00f3ximo dali para ajudar sete pescadores a bordo. Num outro exerc\u00edcio, a fragata francesa, Germinal, e o seu helic\u00f3ptero embarcado, localizaram uma canoa suspeita de contrabando de droga e orientaram um barco de patrulha costa-marfinense para interceptar a canoa.<\/p>\n<p><span style=\"font-weight: 400;\"><br \/>\n\u201cEsta oportunidade de treinos no Golfo da Guin\u00e9 destaca mais a nossa decis\u00e3o e o compromisso e decis\u00e3o dos nossos parceiros e aliados de trabalharmos juntos para melhorar a estabilidade e a seguran\u00e7a da costa africana,\u201d Capit\u00e3o da Marinha dos EUA, Michael Concannon, oficial comandante da USS Hershel \u201cWoody\u201d Williams, disse num comunicado de imprensa.<\/span><\/p>\n<p>Durante o evento, o Contra-Almirante da Marinha Nigeriana, Yakubu Wambai, expressou confian\u00e7a na prontid\u00e3o da sua marinha para fornecer a lideran\u00e7a em opera\u00e7\u00f5es de combate com os pa\u00edses vizinhos.<\/p>\n<p>O NEMO22 est\u00e1 \u201corientado para melhorar a operacionalidade e os esfor\u00e7os de colabora\u00e7\u00e3o da Marinha Nigeriana e outras Marinhas do Golfo da Guin\u00e9,\u201d disse Wambai, na reportagem do Silverbird News24. \u201cA ess\u00eancia \u00e9 continuar a manter o Golfo da Guin\u00e9 e os pa\u00edses e as \u00e1guas dos pa\u00edses anfitri\u00f5es o mais seguras poss\u00edvel. Acreditamos que iremos continuar a ver as \u00e1guas nigerianas cada vez mais livres da pirataria.\u201d<\/p>\n<p>Em 2021, a Nig\u00e9ria lan\u00e7ou o Projecto Deep Blue, uma abordagem multifacetada para confrontar a pirataria no Golfo da Guin\u00e9. O projecto de 195 milh\u00f5es de d\u00f3lares re\u00fane uma mistura de navios, aeronaves e drones para fazer a patrulha das linhas de navega\u00e7\u00e3o ao largo da costa da Nig\u00e9ria. O mesmo identifica potenciais \u00e1reas problem\u00e1ticas e responde de forma r\u00e1pida \u00e0 pirataria. Tamb\u00e9m possui uma componente baseada em terra.<\/p>\n<p>De acordo com o Gabinete Mar\u00edtimo Internacional (IMB, na sigla inglesa), da C\u00e2mara de Com\u00e9rcio Internacional, 13 incidentes de pirataria e assalto \u00e0 m\u00e3o armada foram registados em 2022, na regi\u00e3o do Golfo da Guin\u00e9, em meados de Outubro. Esse n\u00famero representa um decr\u00e9scimo de 27 incidentes, em compara\u00e7\u00e3o com o mesmo per\u00edodo de 2021.<\/p>\n<p>Durante o exerc\u00edcio, os pa\u00edses foram treinados a utilizar o Sistema de Informa\u00e7\u00e3o Regional da Arquitectura de <span style=\"font-weight: 400;\"><a href=\"https:\/\/sweetcrudereports.com\/african-countries-adopts-the-yaounde-agreement-for-maritime-security\/\">Yaound\u00e9<\/a><\/span><span style=\"font-weight: 400;\">\u00a0(YARIS), uma base de dados mar\u00edtima informatizada, utilizada para a partilha de informa\u00e7\u00e3o. A plataforma \u00e9 uma ferramenta para an\u00e1lise e tomada de decis\u00e3o no mar. O YARIS tamb\u00e9m pode destacar amea\u00e7as espec\u00edficas e crit\u00e9rios de alerta para detectar automaticamente embarca\u00e7\u00f5es suspeitas.<\/span><\/p>\n<p>Em finais de Julho, o YARIS ajudou as autoridades da Guin\u00e9 a prenderem uma embarca\u00e7\u00e3o suspeita de pr\u00e1tica de pesca ilegal. O capit\u00e3o Ibrahima Bah, director de opera\u00e7\u00f5es e forma\u00e7\u00e3o do Centro de Opera\u00e7\u00f5es Mar\u00edtimas da Guin\u00e9, disse que a plataforma fez o rastreio da embarca\u00e7\u00e3o durante tr\u00eas dias antes de ser abordada e inspeccionada.<\/p>\n<p>\u201cO<em> sistema YARIS possibilita que se definam v\u00e1rias zonas mar\u00edtimas e que se observem os movimentos das embarca\u00e7\u00f5es nessas zonas,\u201d disse Bah na p\u00e1gina da internet da rede inter-regional do Golfo da Guin\u00e9.<\/em><\/p>\n","protected":false},"excerpt":{"rendered":"<p>EQUIPA DA ADF Mais de 20 pa\u00edses conclu\u00edram recentemente o Exerc\u00edcio Grand African da Marinha para Opera\u00e7\u00f5es Mar\u00edtimas (NEMO) 2022, um evento anual dirigido pela marinha francesa. A primeira fase centrou-se em habilidades no mar, como abordagem de embarca\u00e7\u00f5es para o combate \u00e0 pesca ilegal, pirataria, tr\u00e1fico de drogas, polui\u00e7\u00e3o e realiza\u00e7\u00e3o de salvamentos no<\/p>\n","protected":false},"author":1,"featured_media":36746,"comment_status":"open","ping_status":"closed","sticky":false,"template":"","format":"standard","meta":{"_acf_changed":false,"_monsterinsights_skip_tracking":false,"_monsterinsights_sitenote_active":false,"_monsterinsights_sitenote_note":"","_monsterinsights_sitenote_category":0,"_uf_show_specific_survey":0,"_uf_disable_surveys":false,"footnotes":""},"categories":[363],"tags":[],"class_list":{"0":"post-36752","1":"post","2":"type-post","3":"status-publish","4":"format-standard","5":"has-post-thumbnail","7":"category-melhores-historias"},"acf":[],"yoast_head":"<!-- This site is optimized with the Yoast SEO plugin v27.5 - https:\/\/yoast.com\/product\/yoast-seo-wordpress\/ -->\n<title>Grand African NEMO Faz Ondas no Golfo da Guin\u00e9 - Africa Defense Forum<\/title>\n<meta name=\"robots\" content=\"index, follow, max-snippet:-1, max-image-preview:large, max-video-preview:-1\" \/>\n<link rel=\"canonical\" href=\"https:\/\/adf-magazine.com\/pt-pt\/2022\/11\/grand-african-nemo-faz-ondas-no-golfo-da-guine\/\" \/>\n<meta property=\"og:locale\" content=\"pt_PT\" \/>\n<meta property=\"og:type\" content=\"article\" \/>\n<meta property=\"og:title\" content=\"Grand African NEMO Faz Ondas no Golfo da Guin\u00e9 - Africa Defense Forum\" \/>\n<meta property=\"og:description\" content=\"EQUIPA DA ADF Mais de 20 pa\u00edses conclu\u00edram recentemente o Exerc\u00edcio Grand African da Marinha para Opera\u00e7\u00f5es Mar\u00edtimas (NEMO) 2022, um evento anual dirigido pela marinha francesa. A primeira fase centrou-se em habilidades no mar, como abordagem de embarca\u00e7\u00f5es para o combate \u00e0 pesca ilegal, pirataria, tr\u00e1fico de drogas, polui\u00e7\u00e3o e realiza\u00e7\u00e3o de salvamentos no\" \/>\n<meta property=\"og:url\" content=\"https:\/\/adf-magazine.com\/pt-pt\/2022\/11\/grand-african-nemo-faz-ondas-no-golfo-da-guine\/\" \/>\n<meta property=\"og:site_name\" content=\"Africa Defense Forum\" \/>\n<meta property=\"article:publisher\" content=\"https:\/\/www.facebook.com\/ADFmagazine\/\" \/>\n<meta property=\"article:published_time\" content=\"2022-11-01T19:50:20+00:00\" \/>\n<meta property=\"article:modified_time\" content=\"2022-11-01T19:52:32+00:00\" \/>\n<meta property=\"og:image\" content=\"https:\/\/adf-magazine.com\/wp-content\/uploads\/2022\/11\/NEMO22-ONE.jpg\" \/>\n\t<meta property=\"og:image:width\" content=\"1080\" \/>\n\t<meta property=\"og:image:height\" content=\"771\" \/>\n\t<meta property=\"og:image:type\" content=\"image\/jpeg\" \/>\n<meta name=\"author\" content=\"ADF\" \/>\n<meta name=\"twitter:card\" content=\"summary_large_image\" \/>\n<meta name=\"twitter:creator\" content=\"@ADFmagazine\" \/>\n<meta name=\"twitter:site\" content=\"@ADFmagazine\" \/>\n<meta name=\"twitter:label1\" content=\"Escrito por\" \/>\n\t<meta name=\"twitter:data1\" content=\"ADF\" \/>\n\t<meta name=\"twitter:label2\" content=\"Tempo estimado de leitura\" \/>\n\t<meta name=\"twitter:data2\" content=\"4 minutos\" \/>\n<script type=\"application\/ld+json\" class=\"yoast-schema-graph\">{\"@context\":\"https:\\\/\\\/schema.org\",\"@graph\":[{\"@type\":\"Article\",\"@id\":\"https:\\\/\\\/adf-magazine.com\\\/pt-pt\\\/2022\\\/11\\\/grand-african-nemo-faz-ondas-no-golfo-da-guine\\\/#article\",\"isPartOf\":{\"@id\":\"https:\\\/\\\/adf-magazine.com\\\/pt-pt\\\/2022\\\/11\\\/grand-african-nemo-faz-ondas-no-golfo-da-guine\\\/\"},\"author\":{\"name\":\"ADF\",\"@id\":\"https:\\\/\\\/adf-magazine.com\\\/#\\\/schema\\\/person\\\/f266a6061389568b5a11465bb38bc025\"},\"headline\":\"Grand African NEMO Faz Ondas no Golfo da Guin\u00e9\",\"datePublished\":\"2022-11-01T19:50:20+00:00\",\"dateModified\":\"2022-11-01T19:52:32+00:00\",\"mainEntityOfPage\":{\"@id\":\"https:\\\/\\\/adf-magazine.com\\\/pt-pt\\\/2022\\\/11\\\/grand-african-nemo-faz-ondas-no-golfo-da-guine\\\/\"},\"wordCount\":887,\"commentCount\":0,\"image\":{\"@id\":\"https:\\\/\\\/adf-magazine.com\\\/pt-pt\\\/2022\\\/11\\\/grand-african-nemo-faz-ondas-no-golfo-da-guine\\\/#primaryimage\"},\"thumbnailUrl\":\"https:\\\/\\\/adf-magazine.com\\\/wp-content\\\/uploads\\\/2022\\\/11\\\/NEMO22-ONE.jpg\",\"articleSection\":[\"Not\u00edcias diaries\"],\"inLanguage\":\"pt-PT\",\"potentialAction\":[{\"@type\":\"CommentAction\",\"name\":\"Comment\",\"target\":[\"https:\\\/\\\/adf-magazine.com\\\/pt-pt\\\/2022\\\/11\\\/grand-african-nemo-faz-ondas-no-golfo-da-guine\\\/#respond\"]}]},{\"@type\":\"WebPage\",\"@id\":\"https:\\\/\\\/adf-magazine.com\\\/pt-pt\\\/2022\\\/11\\\/grand-african-nemo-faz-ondas-no-golfo-da-guine\\\/\",\"url\":\"https:\\\/\\\/adf-magazine.com\\\/pt-pt\\\/2022\\\/11\\\/grand-african-nemo-faz-ondas-no-golfo-da-guine\\\/\",\"name\":\"Grand African NEMO Faz Ondas no Golfo da Guin\u00e9 - Africa Defense Forum\",\"isPartOf\":{\"@id\":\"https:\\\/\\\/adf-magazine.com\\\/#website\"},\"primaryImageOfPage\":{\"@id\":\"https:\\\/\\\/adf-magazine.com\\\/pt-pt\\\/2022\\\/11\\\/grand-african-nemo-faz-ondas-no-golfo-da-guine\\\/#primaryimage\"},\"image\":{\"@id\":\"https:\\\/\\\/adf-magazine.com\\\/pt-pt\\\/2022\\\/11\\\/grand-african-nemo-faz-ondas-no-golfo-da-guine\\\/#primaryimage\"},\"thumbnailUrl\":\"https:\\\/\\\/adf-magazine.com\\\/wp-content\\\/uploads\\\/2022\\\/11\\\/NEMO22-ONE.jpg\",\"datePublished\":\"2022-11-01T19:50:20+00:00\",\"dateModified\":\"2022-11-01T19:52:32+00:00\",\"author\":{\"@id\":\"https:\\\/\\\/adf-magazine.com\\\/#\\\/schema\\\/person\\\/f266a6061389568b5a11465bb38bc025\"},\"breadcrumb\":{\"@id\":\"https:\\\/\\\/adf-magazine.com\\\/pt-pt\\\/2022\\\/11\\\/grand-african-nemo-faz-ondas-no-golfo-da-guine\\\/#breadcrumb\"},\"inLanguage\":\"pt-PT\",\"potentialAction\":[{\"@type\":\"ReadAction\",\"target\":[\"https:\\\/\\\/adf-magazine.com\\\/pt-pt\\\/2022\\\/11\\\/grand-african-nemo-faz-ondas-no-golfo-da-guine\\\/\"]}]},{\"@type\":\"ImageObject\",\"inLanguage\":\"pt-PT\",\"@id\":\"https:\\\/\\\/adf-magazine.com\\\/pt-pt\\\/2022\\\/11\\\/grand-african-nemo-faz-ondas-no-golfo-da-guine\\\/#primaryimage\",\"url\":\"https:\\\/\\\/adf-magazine.com\\\/wp-content\\\/uploads\\\/2022\\\/11\\\/NEMO22-ONE.jpg\",\"contentUrl\":\"https:\\\/\\\/adf-magazine.com\\\/wp-content\\\/uploads\\\/2022\\\/11\\\/NEMO22-ONE.jpg\",\"width\":1080,\"height\":771,\"caption\":\"Golfo da Guin\u00e9, pirataria, pesca ilegal\"},{\"@type\":\"BreadcrumbList\",\"@id\":\"https:\\\/\\\/adf-magazine.com\\\/pt-pt\\\/2022\\\/11\\\/grand-african-nemo-faz-ondas-no-golfo-da-guine\\\/#breadcrumb\",\"itemListElement\":[{\"@type\":\"ListItem\",\"position\":1,\"name\":\"Home\",\"item\":\"https:\\\/\\\/adf-magazine.com\\\/\"},{\"@type\":\"ListItem\",\"position\":2,\"name\":\"Grand African NEMO Faz Ondas no Golfo da Guin\u00e9\"}]},{\"@type\":\"WebSite\",\"@id\":\"https:\\\/\\\/adf-magazine.com\\\/#website\",\"url\":\"https:\\\/\\\/adf-magazine.com\\\/\",\"name\":\"Africa Defense Forum\",\"description\":\"Africa Defense Forum\",\"potentialAction\":[{\"@type\":\"SearchAction\",\"target\":{\"@type\":\"EntryPoint\",\"urlTemplate\":\"https:\\\/\\\/adf-magazine.com\\\/?s={search_term_string}\"},\"query-input\":{\"@type\":\"PropertyValueSpecification\",\"valueRequired\":true,\"valueName\":\"search_term_string\"}}],\"inLanguage\":\"pt-PT\"},{\"@type\":\"Person\",\"@id\":\"https:\\\/\\\/adf-magazine.com\\\/#\\\/schema\\\/person\\\/f266a6061389568b5a11465bb38bc025\",\"name\":\"ADF\",\"image\":{\"@type\":\"ImageObject\",\"inLanguage\":\"pt-PT\",\"@id\":\"https:\\\/\\\/adf-magazine.com\\\/wp-content\\\/uploads\\\/2020\\\/05\\\/cropped-ADF_icon.jpg\",\"url\":\"https:\\\/\\\/adf-magazine.com\\\/wp-content\\\/uploads\\\/2020\\\/05\\\/cropped-ADF_icon.jpg\",\"contentUrl\":\"https:\\\/\\\/adf-magazine.com\\\/wp-content\\\/uploads\\\/2020\\\/05\\\/cropped-ADF_icon.jpg\",\"caption\":\"ADF\"},\"description\":\"ADF is a professional military magazine published quarterly by U.S. Africa Command to provide an international forum for African security professionals. ADF covers topics such as counter terrorism strategies, security and defense operations, transnational crime, and all other issues affecting peace, stability, and good governance on the African continent.\",\"sameAs\":[\"https:\\\/\\\/x.com\\\/ADFmagazine\"],\"url\":\"https:\\\/\\\/adf-magazine.com\\\/pt-pt\\\/author\\\/adf\\\/\"}]}<\/script>\n<!-- \/ Yoast SEO plugin. -->","yoast_head_json":{"title":"Grand African NEMO Faz Ondas no Golfo da Guin\u00e9 - Africa Defense Forum","robots":{"index":"index","follow":"follow","max-snippet":"max-snippet:-1","max-image-preview":"max-image-preview:large","max-video-preview":"max-video-preview:-1"},"canonical":"https:\/\/adf-magazine.com\/pt-pt\/2022\/11\/grand-african-nemo-faz-ondas-no-golfo-da-guine\/","og_locale":"pt_PT","og_type":"article","og_title":"Grand African NEMO Faz Ondas no Golfo da Guin\u00e9 - Africa Defense Forum","og_description":"EQUIPA DA ADF Mais de 20 pa\u00edses conclu\u00edram recentemente o Exerc\u00edcio Grand African da Marinha para Opera\u00e7\u00f5es Mar\u00edtimas (NEMO) 2022, um evento anual dirigido pela marinha francesa. A primeira fase centrou-se em habilidades no mar, como abordagem de embarca\u00e7\u00f5es para o combate \u00e0 pesca ilegal, pirataria, tr\u00e1fico de drogas, polui\u00e7\u00e3o e realiza\u00e7\u00e3o de salvamentos no","og_url":"https:\/\/adf-magazine.com\/pt-pt\/2022\/11\/grand-african-nemo-faz-ondas-no-golfo-da-guine\/","og_site_name":"Africa Defense Forum","article_publisher":"https:\/\/www.facebook.com\/ADFmagazine\/","article_published_time":"2022-11-01T19:50:20+00:00","article_modified_time":"2022-11-01T19:52:32+00:00","og_image":[{"width":1080,"height":771,"url":"https:\/\/adf-magazine.com\/wp-content\/uploads\/2022\/11\/NEMO22-ONE.jpg","type":"image\/jpeg"}],"author":"ADF","twitter_card":"summary_large_image","twitter_creator":"@ADFmagazine","twitter_site":"@ADFmagazine","twitter_misc":{"Escrito por":"ADF","Tempo estimado de leitura":"4 minutos"},"schema":{"@context":"https:\/\/schema.org","@graph":[{"@type":"Article","@id":"https:\/\/adf-magazine.com\/pt-pt\/2022\/11\/grand-african-nemo-faz-ondas-no-golfo-da-guine\/#article","isPartOf":{"@id":"https:\/\/adf-magazine.com\/pt-pt\/2022\/11\/grand-african-nemo-faz-ondas-no-golfo-da-guine\/"},"author":{"name":"ADF","@id":"https:\/\/adf-magazine.com\/#\/schema\/person\/f266a6061389568b5a11465bb38bc025"},"headline":"Grand African NEMO Faz Ondas no Golfo da Guin\u00e9","datePublished":"2022-11-01T19:50:20+00:00","dateModified":"2022-11-01T19:52:32+00:00","mainEntityOfPage":{"@id":"https:\/\/adf-magazine.com\/pt-pt\/2022\/11\/grand-african-nemo-faz-ondas-no-golfo-da-guine\/"},"wordCount":887,"commentCount":0,"image":{"@id":"https:\/\/adf-magazine.com\/pt-pt\/2022\/11\/grand-african-nemo-faz-ondas-no-golfo-da-guine\/#primaryimage"},"thumbnailUrl":"https:\/\/adf-magazine.com\/wp-content\/uploads\/2022\/11\/NEMO22-ONE.jpg","articleSection":["Not\u00edcias diaries"],"inLanguage":"pt-PT","potentialAction":[{"@type":"CommentAction","name":"Comment","target":["https:\/\/adf-magazine.com\/pt-pt\/2022\/11\/grand-african-nemo-faz-ondas-no-golfo-da-guine\/#respond"]}]},{"@type":"WebPage","@id":"https:\/\/adf-magazine.com\/pt-pt\/2022\/11\/grand-african-nemo-faz-ondas-no-golfo-da-guine\/","url":"https:\/\/adf-magazine.com\/pt-pt\/2022\/11\/grand-african-nemo-faz-ondas-no-golfo-da-guine\/","name":"Grand African NEMO Faz Ondas no Golfo da Guin\u00e9 - Africa Defense Forum","isPartOf":{"@id":"https:\/\/adf-magazine.com\/#website"},"primaryImageOfPage":{"@id":"https:\/\/adf-magazine.com\/pt-pt\/2022\/11\/grand-african-nemo-faz-ondas-no-golfo-da-guine\/#primaryimage"},"image":{"@id":"https:\/\/adf-magazine.com\/pt-pt\/2022\/11\/grand-african-nemo-faz-ondas-no-golfo-da-guine\/#primaryimage"},"thumbnailUrl":"https:\/\/adf-magazine.com\/wp-content\/uploads\/2022\/11\/NEMO22-ONE.jpg","datePublished":"2022-11-01T19:50:20+00:00","dateModified":"2022-11-01T19:52:32+00:00","author":{"@id":"https:\/\/adf-magazine.com\/#\/schema\/person\/f266a6061389568b5a11465bb38bc025"},"breadcrumb":{"@id":"https:\/\/adf-magazine.com\/pt-pt\/2022\/11\/grand-african-nemo-faz-ondas-no-golfo-da-guine\/#breadcrumb"},"inLanguage":"pt-PT","potentialAction":[{"@type":"ReadAction","target":["https:\/\/adf-magazine.com\/pt-pt\/2022\/11\/grand-african-nemo-faz-ondas-no-golfo-da-guine\/"]}]},{"@type":"ImageObject","inLanguage":"pt-PT","@id":"https:\/\/adf-magazine.com\/pt-pt\/2022\/11\/grand-african-nemo-faz-ondas-no-golfo-da-guine\/#primaryimage","url":"https:\/\/adf-magazine.com\/wp-content\/uploads\/2022\/11\/NEMO22-ONE.jpg","contentUrl":"https:\/\/adf-magazine.com\/wp-content\/uploads\/2022\/11\/NEMO22-ONE.jpg","width":1080,"height":771,"caption":"Golfo da Guin\u00e9, pirataria, pesca ilegal"},{"@type":"BreadcrumbList","@id":"https:\/\/adf-magazine.com\/pt-pt\/2022\/11\/grand-african-nemo-faz-ondas-no-golfo-da-guine\/#breadcrumb","itemListElement":[{"@type":"ListItem","position":1,"name":"Home","item":"https:\/\/adf-magazine.com\/"},{"@type":"ListItem","position":2,"name":"Grand African NEMO Faz Ondas no Golfo da Guin\u00e9"}]},{"@type":"WebSite","@id":"https:\/\/adf-magazine.com\/#website","url":"https:\/\/adf-magazine.com\/","name":"Africa Defense Forum","description":"Africa Defense Forum","potentialAction":[{"@type":"SearchAction","target":{"@type":"EntryPoint","urlTemplate":"https:\/\/adf-magazine.com\/?s={search_term_string}"},"query-input":{"@type":"PropertyValueSpecification","valueRequired":true,"valueName":"search_term_string"}}],"inLanguage":"pt-PT"},{"@type":"Person","@id":"https:\/\/adf-magazine.com\/#\/schema\/person\/f266a6061389568b5a11465bb38bc025","name":"ADF","image":{"@type":"ImageObject","inLanguage":"pt-PT","@id":"https:\/\/adf-magazine.com\/wp-content\/uploads\/2020\/05\/cropped-ADF_icon.jpg","url":"https:\/\/adf-magazine.com\/wp-content\/uploads\/2020\/05\/cropped-ADF_icon.jpg","contentUrl":"https:\/\/adf-magazine.com\/wp-content\/uploads\/2020\/05\/cropped-ADF_icon.jpg","caption":"ADF"},"description":"ADF is a professional military magazine published quarterly by U.S. Africa Command to provide an international forum for African security professionals. ADF covers topics such as counter terrorism strategies, security and defense operations, transnational crime, and all other issues affecting peace, stability, and good governance on the African continent.","sameAs":["https:\/\/x.com\/ADFmagazine"],"url":"https:\/\/adf-magazine.com\/pt-pt\/author\/adf\/"}]}},"_links":{"self":[{"href":"https:\/\/adf-magazine.com\/pt-pt\/wp-json\/wp\/v2\/posts\/36752","targetHints":{"allow":["GET"]}}],"collection":[{"href":"https:\/\/adf-magazine.com\/pt-pt\/wp-json\/wp\/v2\/posts"}],"about":[{"href":"https:\/\/adf-magazine.com\/pt-pt\/wp-json\/wp\/v2\/types\/post"}],"author":[{"embeddable":true,"href":"https:\/\/adf-magazine.com\/pt-pt\/wp-json\/wp\/v2\/users\/1"}],"replies":[{"embeddable":true,"href":"https:\/\/adf-magazine.com\/pt-pt\/wp-json\/wp\/v2\/comments?post=36752"}],"version-history":[{"count":0,"href":"https:\/\/adf-magazine.com\/pt-pt\/wp-json\/wp\/v2\/posts\/36752\/revisions"}],"wp:featuredmedia":[{"embeddable":true,"href":"https:\/\/adf-magazine.com\/pt-pt\/wp-json\/wp\/v2\/media\/36746"}],"wp:attachment":[{"href":"https:\/\/adf-magazine.com\/pt-pt\/wp-json\/wp\/v2\/media?parent=36752"}],"wp:term":[{"taxonomy":"category","embeddable":true,"href":"https:\/\/adf-magazine.com\/pt-pt\/wp-json\/wp\/v2\/categories?post=36752"},{"taxonomy":"post_tag","embeddable":true,"href":"https:\/\/adf-magazine.com\/pt-pt\/wp-json\/wp\/v2\/tags?post=36752"}],"curies":[{"name":"wp","href":"https:\/\/api.w.org\/{rel}","templated":true}]}}