{"id":36604,"date":"2022-10-25T14:03:31","date_gmt":"2022-10-25T18:03:31","guid":{"rendered":"https:\/\/adf-magazine.com\/?p=36604"},"modified":"2022-10-25T14:04:22","modified_gmt":"2022-10-25T18:04:22","slug":"especialistas-alertam-que-drones-prontos-para-uso-sao-potenciais-armas-para-terroristas","status":"publish","type":"post","link":"https:\/\/adf-magazine.com\/pt-pt\/2022\/10\/especialistas-alertam-que-drones-prontos-para-uso-sao-potenciais-armas-para-terroristas\/","title":{"rendered":"Especialistas Alertam Que Drones Prontos Para Uso S\u00e3o Potenciais Armas Para Terroristas"},"content":{"rendered":"<p style=\"font-weight: 400;\">EQUIPA DA ADF<\/p>\n<p style=\"font-weight: 400;\">Em Agosto, terroristas mataram 42 soldados malianos, no Mali, num ataque que combinou artilharia e cami\u00f5es-bomba com o uso de drones no ar.<\/p>\n<p style=\"font-weight: 400;\">Em toda a \u00c1frica, os drones \u2014 tanto em termos de equipamento militar sofisticado quanto em modelos prontos para o uso em lazer \u2014 est\u00e3o a mudar a natureza dos conflitos. Os especialistas temem que os grupos extremistas estejam a trabalhar para adquiri-los e utiliz\u00e1-los para ataques assim\u00e9tricos.<\/p>\n<p style=\"font-weight: 400;\">\u201cAt\u00e9 h\u00e1 bem pouco tempo, os drones eram utilizados exclusivamente por actores estatais em \u00c1frica,\u201d o investigador Ezenwa Olumba, escreveu recentemente num artigo publicado pelo Instituto Firoz Lalji para \u00c1frica, da Escola de Economia de Londres. \u201cS\u00e3o preocupantes os recentes relatos relacionados com o uso de drones [por actores n\u00e3o estatais] e a sua sofistica\u00e7\u00e3o.\u201d<\/p>\n<p style=\"font-weight: 400;\">Cada vez mais, quer seja atrav\u00e9s de ataques contra bases militares ou aquisi\u00e7\u00f5es directas, os drones tornaram-se parte da estrat\u00e9gia dos terroristas contra os ex\u00e9rcitos nacionais. Grupos, como o Boko Haram, da Nig\u00e9ria, assim como grupos ligados a organiza\u00e7\u00f5es do M\u00e9dio Oriente, como o Estado Isl\u00e2mico e o al-Qaeda, est\u00e3o a adoptar a tecnologia.<\/p>\n<p style=\"font-weight: 400;\">Muitos dos drones prontos para o uso s\u00e3o provenientes da China, que se recusou a prevenir o seu cont\u00ednuo uso por grupos terroristas, de acordo com a organiza\u00e7\u00e3o de paz alem\u00e3, PAX.<\/p>\n<p style=\"font-weight: 400;\">Em 2019, o al-Shabaab, da Som\u00e1lia, utilizou drones como parte do seu ataque contra uma base militar. No in\u00edcio deste ano, o ex\u00e9rcito mo\u00e7ambicano utilizou um sistema de combate a drones, feito em Israel, para interceptar e trazer para a terra tr\u00eas drones utilizados por grupos extremistas.<\/p>\n<p style=\"font-weight: 400;\">At\u00e9 agora, os grupos terroristas de \u00c1frica utilizam drones primariamente para vigil\u00e2ncia e em apoio a for\u00e7as no terreno. Diferentemente dos grupos do M\u00e9dio Oriente que eles imitam, os grupos africanos ainda n\u00e3o utilizam os seus drones como armas em n\u00fameros significativos.<\/p>\n<p style=\"font-weight: 400;\">Mas \u00e9 apenas uma quest\u00e3o de tempo antes que isso mude, de acordo com o consultor de seguran\u00e7a David Peddle, um coronel reformado da For\u00e7a Nacional de Defesa da \u00c1frica do Sul. Peddle disse ao Instituto de Estudos de Seguran\u00e7a que acredita que os grupos terroristas ir\u00e3o eventualmente enviar enxames de drones, de baixo custo e facilmente adquiridos, contra alvos em \u00c1frica.<\/p>\n<p style=\"font-weight: 400;\">Os especialistas afirmam que j\u00e1 \u00e9 tarde para que os pa\u00edses africanos tentem impedir que a onda de drones para lazer entre nos seus pa\u00edses. Eles usam a facilidade com que os terroristas adquirem telem\u00f3veis como argumento para afirmar que o g\u00e9nio dos drones j\u00e1 est\u00e1 fora da garrafa.<\/p>\n<p style=\"font-weight: 400;\">\u201cAssim como a proibi\u00e7\u00e3o de AK47, qualquer tentativa pelos governos de banir o uso de drones por actores n\u00e3o estatais ir\u00e1 fracassar,\u201d escreveu Olumba.<\/p>\n<p style=\"font-weight: 400;\">Em vez de banir os drones, os especialistas recomendam uma abordagem dupla. Primeiro, fazer a monitoria das importa\u00e7\u00f5es de grandes aquisi\u00e7\u00f5es enquanto se exige que os drones sejam registados pelo governo. Segundo, aumentar o uso de tecnologias que podem desactivar a habilidade de os drones navegarem ou comunicarem com os seus operadores \u2014 uma t\u00e1ctica que frequentemente obriga a regressar \u00e0 sua base ou a cair em terra.<\/p>\n<p style=\"font-weight: 400;\">\u201cEsta abordagem ir\u00e1 envolver aceder ao talento de novos entusiastas de drones e providenciar-lhes acesso ao ensino global sobre drones, depois empreg\u00e1-los em departamentos na sua terra natal para lidarem com amea\u00e7as dom\u00e9sticas,\u201d escreveu Olumba.<\/p>\n<p style=\"font-weight: 400;\">Os governos devem fazer uso de jovens especialistas e versados em tecnologia, antes que os terroristas o fa\u00e7am, alertou Olumba.<\/p>\n<p style=\"font-weight: 400;\">O receio \u00e9 que grupos, como a Prov\u00edncia da \u00c1frica Ocidental do Estado Isl\u00e2mico, ir\u00e3o avan\u00e7ar com a prepara\u00e7\u00e3o de seus drones para utiliz\u00e1-los em ataques, de acordo com o relat\u00f3rio de 2021, da PAX, intitulado Remote Horizons, que analisou o uso de drones em conflitos em toda a \u00c1frica.<\/p>\n<p style=\"font-weight: 400;\">Os especialistas tamb\u00e9m est\u00e3o preocupados com o uso de tecnologia de impress\u00e3o 3D que permite que indiv\u00edduos criem drones com pouca supervis\u00e3o.<\/p>\n<p><span style=\"font-weight: 400;\">Os drones est\u00e3o a \u201ctransformar os neg\u00f3cios, a agricultura, a ajuda humanit\u00e1ria e a medicina em \u00c1frica,\u201d a analista sul-africana, Karen Allen, escreveu recentemente para o Instituto de Estudos de Seguran\u00e7a. \u201cAo mesmo tempo, o continente apresenta um ambiente vulner\u00e1vel onde drones utilizados como armas podem ser testados e utilizados por ex\u00e9rcitos e insurgentes de igual maneira.\u201d<\/span><\/p>\n","protected":false},"excerpt":{"rendered":"<p>EQUIPA DA ADF Em Agosto, terroristas mataram 42 soldados malianos, no Mali, num ataque que combinou artilharia e cami\u00f5es-bomba com o uso de drones no ar. Em toda a \u00c1frica, os drones \u2014 tanto em termos de equipamento militar sofisticado quanto em modelos prontos para o uso em lazer \u2014 est\u00e3o a mudar a natureza<\/p>\n","protected":false},"author":1,"featured_media":36602,"comment_status":"open","ping_status":"closed","sticky":false,"template":"","format":"standard","meta":{"_acf_changed":false,"_monsterinsights_skip_tracking":false,"_monsterinsights_sitenote_active":false,"_monsterinsights_sitenote_note":"","_monsterinsights_sitenote_category":0,"_uf_show_specific_survey":0,"_uf_disable_surveys":false,"footnotes":""},"categories":[363],"tags":[452,453,535,534],"class_list":{"0":"post-36604","1":"post","2":"type-post","3":"status-publish","4":"format-standard","5":"has-post-thumbnail","7":"category-melhores-historias","8":"tag-mali-pt-pt","9":"tag-nigeria-pt-pt","10":"tag-somalia-pt-pt","11":"tag-terrorismo"},"acf":[],"yoast_head":"<!-- This site is optimized with the Yoast SEO plugin v27.5 - https:\/\/yoast.com\/product\/yoast-seo-wordpress\/ -->\n<title>Especialistas Alertam Que Drones Prontos Para Uso S\u00e3o Potenciais Armas Para Terroristas - Africa Defense Forum<\/title>\n<meta name=\"robots\" content=\"index, follow, max-snippet:-1, max-image-preview:large, max-video-preview:-1\" \/>\n<link rel=\"canonical\" href=\"https:\/\/adf-magazine.com\/pt-pt\/2022\/10\/especialistas-alertam-que-drones-prontos-para-uso-sao-potenciais-armas-para-terroristas\/\" \/>\n<meta property=\"og:locale\" content=\"pt_PT\" \/>\n<meta property=\"og:type\" content=\"article\" \/>\n<meta property=\"og:title\" content=\"Especialistas Alertam Que Drones Prontos Para Uso S\u00e3o Potenciais Armas Para Terroristas - Africa Defense Forum\" \/>\n<meta property=\"og:description\" content=\"EQUIPA DA ADF Em Agosto, terroristas mataram 42 soldados malianos, no Mali, num ataque que combinou artilharia e cami\u00f5es-bomba com o uso de drones no ar. Em toda a \u00c1frica, os drones \u2014 tanto em termos de equipamento militar sofisticado quanto em modelos prontos para o uso em lazer \u2014 est\u00e3o a mudar a natureza\" \/>\n<meta property=\"og:url\" content=\"https:\/\/adf-magazine.com\/pt-pt\/2022\/10\/especialistas-alertam-que-drones-prontos-para-uso-sao-potenciais-armas-para-terroristas\/\" \/>\n<meta property=\"og:site_name\" content=\"Africa Defense Forum\" \/>\n<meta property=\"article:publisher\" content=\"https:\/\/www.facebook.com\/ADFmagazine\/\" \/>\n<meta property=\"article:published_time\" content=\"2022-10-25T18:03:31+00:00\" \/>\n<meta property=\"article:modified_time\" content=\"2022-10-25T18:04:22+00:00\" \/>\n<meta property=\"og:image\" content=\"https:\/\/adf-magazine.com\/wp-content\/uploads\/2022\/10\/GettyImages-486448696.jpg\" \/>\n\t<meta property=\"og:image:width\" content=\"1024\" \/>\n\t<meta property=\"og:image:height\" content=\"726\" \/>\n\t<meta property=\"og:image:type\" content=\"image\/jpeg\" \/>\n<meta name=\"author\" content=\"ADF\" \/>\n<meta name=\"twitter:card\" content=\"summary_large_image\" \/>\n<meta name=\"twitter:creator\" content=\"@ADFmagazine\" \/>\n<meta name=\"twitter:site\" content=\"@ADFmagazine\" \/>\n<meta name=\"twitter:label1\" content=\"Escrito por\" \/>\n\t<meta name=\"twitter:data1\" content=\"ADF\" \/>\n\t<meta name=\"twitter:label2\" content=\"Tempo estimado de leitura\" \/>\n\t<meta name=\"twitter:data2\" content=\"4 minutos\" \/>\n<script type=\"application\/ld+json\" class=\"yoast-schema-graph\">{\"@context\":\"https:\\\/\\\/schema.org\",\"@graph\":[{\"@type\":\"Article\",\"@id\":\"https:\\\/\\\/adf-magazine.com\\\/pt-pt\\\/2022\\\/10\\\/especialistas-alertam-que-drones-prontos-para-uso-sao-potenciais-armas-para-terroristas\\\/#article\",\"isPartOf\":{\"@id\":\"https:\\\/\\\/adf-magazine.com\\\/pt-pt\\\/2022\\\/10\\\/especialistas-alertam-que-drones-prontos-para-uso-sao-potenciais-armas-para-terroristas\\\/\"},\"author\":{\"name\":\"ADF\",\"@id\":\"https:\\\/\\\/adf-magazine.com\\\/#\\\/schema\\\/person\\\/f266a6061389568b5a11465bb38bc025\"},\"headline\":\"Especialistas Alertam Que Drones Prontos Para Uso S\u00e3o Potenciais Armas Para Terroristas\",\"datePublished\":\"2022-10-25T18:03:31+00:00\",\"dateModified\":\"2022-10-25T18:04:22+00:00\",\"mainEntityOfPage\":{\"@id\":\"https:\\\/\\\/adf-magazine.com\\\/pt-pt\\\/2022\\\/10\\\/especialistas-alertam-que-drones-prontos-para-uso-sao-potenciais-armas-para-terroristas\\\/\"},\"wordCount\":759,\"commentCount\":0,\"image\":{\"@id\":\"https:\\\/\\\/adf-magazine.com\\\/pt-pt\\\/2022\\\/10\\\/especialistas-alertam-que-drones-prontos-para-uso-sao-potenciais-armas-para-terroristas\\\/#primaryimage\"},\"thumbnailUrl\":\"https:\\\/\\\/adf-magazine.com\\\/wp-content\\\/uploads\\\/2022\\\/10\\\/GettyImages-486448696.jpg\",\"keywords\":[\"Mali\",\"Nigeria\",\"Somalia\",\"Terrorismo\"],\"articleSection\":[\"Not\u00edcias diaries\"],\"inLanguage\":\"pt-PT\",\"potentialAction\":[{\"@type\":\"CommentAction\",\"name\":\"Comment\",\"target\":[\"https:\\\/\\\/adf-magazine.com\\\/pt-pt\\\/2022\\\/10\\\/especialistas-alertam-que-drones-prontos-para-uso-sao-potenciais-armas-para-terroristas\\\/#respond\"]}]},{\"@type\":\"WebPage\",\"@id\":\"https:\\\/\\\/adf-magazine.com\\\/pt-pt\\\/2022\\\/10\\\/especialistas-alertam-que-drones-prontos-para-uso-sao-potenciais-armas-para-terroristas\\\/\",\"url\":\"https:\\\/\\\/adf-magazine.com\\\/pt-pt\\\/2022\\\/10\\\/especialistas-alertam-que-drones-prontos-para-uso-sao-potenciais-armas-para-terroristas\\\/\",\"name\":\"Especialistas Alertam Que Drones Prontos Para Uso S\u00e3o Potenciais Armas Para Terroristas - Africa Defense Forum\",\"isPartOf\":{\"@id\":\"https:\\\/\\\/adf-magazine.com\\\/#website\"},\"primaryImageOfPage\":{\"@id\":\"https:\\\/\\\/adf-magazine.com\\\/pt-pt\\\/2022\\\/10\\\/especialistas-alertam-que-drones-prontos-para-uso-sao-potenciais-armas-para-terroristas\\\/#primaryimage\"},\"image\":{\"@id\":\"https:\\\/\\\/adf-magazine.com\\\/pt-pt\\\/2022\\\/10\\\/especialistas-alertam-que-drones-prontos-para-uso-sao-potenciais-armas-para-terroristas\\\/#primaryimage\"},\"thumbnailUrl\":\"https:\\\/\\\/adf-magazine.com\\\/wp-content\\\/uploads\\\/2022\\\/10\\\/GettyImages-486448696.jpg\",\"datePublished\":\"2022-10-25T18:03:31+00:00\",\"dateModified\":\"2022-10-25T18:04:22+00:00\",\"author\":{\"@id\":\"https:\\\/\\\/adf-magazine.com\\\/#\\\/schema\\\/person\\\/f266a6061389568b5a11465bb38bc025\"},\"breadcrumb\":{\"@id\":\"https:\\\/\\\/adf-magazine.com\\\/pt-pt\\\/2022\\\/10\\\/especialistas-alertam-que-drones-prontos-para-uso-sao-potenciais-armas-para-terroristas\\\/#breadcrumb\"},\"inLanguage\":\"pt-PT\",\"potentialAction\":[{\"@type\":\"ReadAction\",\"target\":[\"https:\\\/\\\/adf-magazine.com\\\/pt-pt\\\/2022\\\/10\\\/especialistas-alertam-que-drones-prontos-para-uso-sao-potenciais-armas-para-terroristas\\\/\"]}]},{\"@type\":\"ImageObject\",\"inLanguage\":\"pt-PT\",\"@id\":\"https:\\\/\\\/adf-magazine.com\\\/pt-pt\\\/2022\\\/10\\\/especialistas-alertam-que-drones-prontos-para-uso-sao-potenciais-armas-para-terroristas\\\/#primaryimage\",\"url\":\"https:\\\/\\\/adf-magazine.com\\\/wp-content\\\/uploads\\\/2022\\\/10\\\/GettyImages-486448696.jpg\",\"contentUrl\":\"https:\\\/\\\/adf-magazine.com\\\/wp-content\\\/uploads\\\/2022\\\/10\\\/GettyImages-486448696.jpg\",\"width\":1024,\"height\":726,\"caption\":\"A prolifera\u00e7\u00e3o de drones comerciais de baixo custo em toda a \u00c1frica deixa especialistas de seguran\u00e7a preocupados de que os grupos terroristas ir\u00e3o come\u00e7ar a utiliz\u00e1-los como armas para realizar ataques contra alvos militares e civis. AFP\\\/GETTY IMAGES\"},{\"@type\":\"BreadcrumbList\",\"@id\":\"https:\\\/\\\/adf-magazine.com\\\/pt-pt\\\/2022\\\/10\\\/especialistas-alertam-que-drones-prontos-para-uso-sao-potenciais-armas-para-terroristas\\\/#breadcrumb\",\"itemListElement\":[{\"@type\":\"ListItem\",\"position\":1,\"name\":\"Home\",\"item\":\"https:\\\/\\\/adf-magazine.com\\\/\"},{\"@type\":\"ListItem\",\"position\":2,\"name\":\"Especialistas Alertam Que Drones Prontos Para Uso S\u00e3o Potenciais Armas Para Terroristas\"}]},{\"@type\":\"WebSite\",\"@id\":\"https:\\\/\\\/adf-magazine.com\\\/#website\",\"url\":\"https:\\\/\\\/adf-magazine.com\\\/\",\"name\":\"Africa Defense Forum\",\"description\":\"Africa Defense Forum\",\"potentialAction\":[{\"@type\":\"SearchAction\",\"target\":{\"@type\":\"EntryPoint\",\"urlTemplate\":\"https:\\\/\\\/adf-magazine.com\\\/?s={search_term_string}\"},\"query-input\":{\"@type\":\"PropertyValueSpecification\",\"valueRequired\":true,\"valueName\":\"search_term_string\"}}],\"inLanguage\":\"pt-PT\"},{\"@type\":\"Person\",\"@id\":\"https:\\\/\\\/adf-magazine.com\\\/#\\\/schema\\\/person\\\/f266a6061389568b5a11465bb38bc025\",\"name\":\"ADF\",\"image\":{\"@type\":\"ImageObject\",\"inLanguage\":\"pt-PT\",\"@id\":\"https:\\\/\\\/adf-magazine.com\\\/wp-content\\\/uploads\\\/2020\\\/05\\\/cropped-ADF_icon.jpg\",\"url\":\"https:\\\/\\\/adf-magazine.com\\\/wp-content\\\/uploads\\\/2020\\\/05\\\/cropped-ADF_icon.jpg\",\"contentUrl\":\"https:\\\/\\\/adf-magazine.com\\\/wp-content\\\/uploads\\\/2020\\\/05\\\/cropped-ADF_icon.jpg\",\"caption\":\"ADF\"},\"description\":\"ADF is a professional military magazine published quarterly by U.S. Africa Command to provide an international forum for African security professionals. ADF covers topics such as counter terrorism strategies, security and defense operations, transnational crime, and all other issues affecting peace, stability, and good governance on the African continent.\",\"sameAs\":[\"https:\\\/\\\/x.com\\\/ADFmagazine\"],\"url\":\"https:\\\/\\\/adf-magazine.com\\\/pt-pt\\\/author\\\/adf\\\/\"}]}<\/script>\n<!-- \/ Yoast SEO plugin. -->","yoast_head_json":{"title":"Especialistas Alertam Que Drones Prontos Para Uso S\u00e3o Potenciais Armas Para Terroristas - Africa Defense Forum","robots":{"index":"index","follow":"follow","max-snippet":"max-snippet:-1","max-image-preview":"max-image-preview:large","max-video-preview":"max-video-preview:-1"},"canonical":"https:\/\/adf-magazine.com\/pt-pt\/2022\/10\/especialistas-alertam-que-drones-prontos-para-uso-sao-potenciais-armas-para-terroristas\/","og_locale":"pt_PT","og_type":"article","og_title":"Especialistas Alertam Que Drones Prontos Para Uso S\u00e3o Potenciais Armas Para Terroristas - Africa Defense Forum","og_description":"EQUIPA DA ADF Em Agosto, terroristas mataram 42 soldados malianos, no Mali, num ataque que combinou artilharia e cami\u00f5es-bomba com o uso de drones no ar. Em toda a \u00c1frica, os drones \u2014 tanto em termos de equipamento militar sofisticado quanto em modelos prontos para o uso em lazer \u2014 est\u00e3o a mudar a natureza","og_url":"https:\/\/adf-magazine.com\/pt-pt\/2022\/10\/especialistas-alertam-que-drones-prontos-para-uso-sao-potenciais-armas-para-terroristas\/","og_site_name":"Africa Defense Forum","article_publisher":"https:\/\/www.facebook.com\/ADFmagazine\/","article_published_time":"2022-10-25T18:03:31+00:00","article_modified_time":"2022-10-25T18:04:22+00:00","og_image":[{"width":1024,"height":726,"url":"https:\/\/adf-magazine.com\/wp-content\/uploads\/2022\/10\/GettyImages-486448696.jpg","type":"image\/jpeg"}],"author":"ADF","twitter_card":"summary_large_image","twitter_creator":"@ADFmagazine","twitter_site":"@ADFmagazine","twitter_misc":{"Escrito por":"ADF","Tempo estimado de leitura":"4 minutos"},"schema":{"@context":"https:\/\/schema.org","@graph":[{"@type":"Article","@id":"https:\/\/adf-magazine.com\/pt-pt\/2022\/10\/especialistas-alertam-que-drones-prontos-para-uso-sao-potenciais-armas-para-terroristas\/#article","isPartOf":{"@id":"https:\/\/adf-magazine.com\/pt-pt\/2022\/10\/especialistas-alertam-que-drones-prontos-para-uso-sao-potenciais-armas-para-terroristas\/"},"author":{"name":"ADF","@id":"https:\/\/adf-magazine.com\/#\/schema\/person\/f266a6061389568b5a11465bb38bc025"},"headline":"Especialistas Alertam Que Drones Prontos Para Uso S\u00e3o Potenciais Armas Para Terroristas","datePublished":"2022-10-25T18:03:31+00:00","dateModified":"2022-10-25T18:04:22+00:00","mainEntityOfPage":{"@id":"https:\/\/adf-magazine.com\/pt-pt\/2022\/10\/especialistas-alertam-que-drones-prontos-para-uso-sao-potenciais-armas-para-terroristas\/"},"wordCount":759,"commentCount":0,"image":{"@id":"https:\/\/adf-magazine.com\/pt-pt\/2022\/10\/especialistas-alertam-que-drones-prontos-para-uso-sao-potenciais-armas-para-terroristas\/#primaryimage"},"thumbnailUrl":"https:\/\/adf-magazine.com\/wp-content\/uploads\/2022\/10\/GettyImages-486448696.jpg","keywords":["Mali","Nigeria","Somalia","Terrorismo"],"articleSection":["Not\u00edcias diaries"],"inLanguage":"pt-PT","potentialAction":[{"@type":"CommentAction","name":"Comment","target":["https:\/\/adf-magazine.com\/pt-pt\/2022\/10\/especialistas-alertam-que-drones-prontos-para-uso-sao-potenciais-armas-para-terroristas\/#respond"]}]},{"@type":"WebPage","@id":"https:\/\/adf-magazine.com\/pt-pt\/2022\/10\/especialistas-alertam-que-drones-prontos-para-uso-sao-potenciais-armas-para-terroristas\/","url":"https:\/\/adf-magazine.com\/pt-pt\/2022\/10\/especialistas-alertam-que-drones-prontos-para-uso-sao-potenciais-armas-para-terroristas\/","name":"Especialistas Alertam Que Drones Prontos Para Uso S\u00e3o Potenciais Armas Para Terroristas - Africa Defense Forum","isPartOf":{"@id":"https:\/\/adf-magazine.com\/#website"},"primaryImageOfPage":{"@id":"https:\/\/adf-magazine.com\/pt-pt\/2022\/10\/especialistas-alertam-que-drones-prontos-para-uso-sao-potenciais-armas-para-terroristas\/#primaryimage"},"image":{"@id":"https:\/\/adf-magazine.com\/pt-pt\/2022\/10\/especialistas-alertam-que-drones-prontos-para-uso-sao-potenciais-armas-para-terroristas\/#primaryimage"},"thumbnailUrl":"https:\/\/adf-magazine.com\/wp-content\/uploads\/2022\/10\/GettyImages-486448696.jpg","datePublished":"2022-10-25T18:03:31+00:00","dateModified":"2022-10-25T18:04:22+00:00","author":{"@id":"https:\/\/adf-magazine.com\/#\/schema\/person\/f266a6061389568b5a11465bb38bc025"},"breadcrumb":{"@id":"https:\/\/adf-magazine.com\/pt-pt\/2022\/10\/especialistas-alertam-que-drones-prontos-para-uso-sao-potenciais-armas-para-terroristas\/#breadcrumb"},"inLanguage":"pt-PT","potentialAction":[{"@type":"ReadAction","target":["https:\/\/adf-magazine.com\/pt-pt\/2022\/10\/especialistas-alertam-que-drones-prontos-para-uso-sao-potenciais-armas-para-terroristas\/"]}]},{"@type":"ImageObject","inLanguage":"pt-PT","@id":"https:\/\/adf-magazine.com\/pt-pt\/2022\/10\/especialistas-alertam-que-drones-prontos-para-uso-sao-potenciais-armas-para-terroristas\/#primaryimage","url":"https:\/\/adf-magazine.com\/wp-content\/uploads\/2022\/10\/GettyImages-486448696.jpg","contentUrl":"https:\/\/adf-magazine.com\/wp-content\/uploads\/2022\/10\/GettyImages-486448696.jpg","width":1024,"height":726,"caption":"A prolifera\u00e7\u00e3o de drones comerciais de baixo custo em toda a \u00c1frica deixa especialistas de seguran\u00e7a preocupados de que os grupos terroristas ir\u00e3o come\u00e7ar a utiliz\u00e1-los como armas para realizar ataques contra alvos militares e civis. AFP\/GETTY IMAGES"},{"@type":"BreadcrumbList","@id":"https:\/\/adf-magazine.com\/pt-pt\/2022\/10\/especialistas-alertam-que-drones-prontos-para-uso-sao-potenciais-armas-para-terroristas\/#breadcrumb","itemListElement":[{"@type":"ListItem","position":1,"name":"Home","item":"https:\/\/adf-magazine.com\/"},{"@type":"ListItem","position":2,"name":"Especialistas Alertam Que Drones Prontos Para Uso S\u00e3o Potenciais Armas Para Terroristas"}]},{"@type":"WebSite","@id":"https:\/\/adf-magazine.com\/#website","url":"https:\/\/adf-magazine.com\/","name":"Africa Defense Forum","description":"Africa Defense Forum","potentialAction":[{"@type":"SearchAction","target":{"@type":"EntryPoint","urlTemplate":"https:\/\/adf-magazine.com\/?s={search_term_string}"},"query-input":{"@type":"PropertyValueSpecification","valueRequired":true,"valueName":"search_term_string"}}],"inLanguage":"pt-PT"},{"@type":"Person","@id":"https:\/\/adf-magazine.com\/#\/schema\/person\/f266a6061389568b5a11465bb38bc025","name":"ADF","image":{"@type":"ImageObject","inLanguage":"pt-PT","@id":"https:\/\/adf-magazine.com\/wp-content\/uploads\/2020\/05\/cropped-ADF_icon.jpg","url":"https:\/\/adf-magazine.com\/wp-content\/uploads\/2020\/05\/cropped-ADF_icon.jpg","contentUrl":"https:\/\/adf-magazine.com\/wp-content\/uploads\/2020\/05\/cropped-ADF_icon.jpg","caption":"ADF"},"description":"ADF is a professional military magazine published quarterly by U.S. Africa Command to provide an international forum for African security professionals. ADF covers topics such as counter terrorism strategies, security and defense operations, transnational crime, and all other issues affecting peace, stability, and good governance on the African continent.","sameAs":["https:\/\/x.com\/ADFmagazine"],"url":"https:\/\/adf-magazine.com\/pt-pt\/author\/adf\/"}]}},"_links":{"self":[{"href":"https:\/\/adf-magazine.com\/pt-pt\/wp-json\/wp\/v2\/posts\/36604","targetHints":{"allow":["GET"]}}],"collection":[{"href":"https:\/\/adf-magazine.com\/pt-pt\/wp-json\/wp\/v2\/posts"}],"about":[{"href":"https:\/\/adf-magazine.com\/pt-pt\/wp-json\/wp\/v2\/types\/post"}],"author":[{"embeddable":true,"href":"https:\/\/adf-magazine.com\/pt-pt\/wp-json\/wp\/v2\/users\/1"}],"replies":[{"embeddable":true,"href":"https:\/\/adf-magazine.com\/pt-pt\/wp-json\/wp\/v2\/comments?post=36604"}],"version-history":[{"count":0,"href":"https:\/\/adf-magazine.com\/pt-pt\/wp-json\/wp\/v2\/posts\/36604\/revisions"}],"wp:featuredmedia":[{"embeddable":true,"href":"https:\/\/adf-magazine.com\/pt-pt\/wp-json\/wp\/v2\/media\/36602"}],"wp:attachment":[{"href":"https:\/\/adf-magazine.com\/pt-pt\/wp-json\/wp\/v2\/media?parent=36604"}],"wp:term":[{"taxonomy":"category","embeddable":true,"href":"https:\/\/adf-magazine.com\/pt-pt\/wp-json\/wp\/v2\/categories?post=36604"},{"taxonomy":"post_tag","embeddable":true,"href":"https:\/\/adf-magazine.com\/pt-pt\/wp-json\/wp\/v2\/tags?post=36604"}],"curies":[{"name":"wp","href":"https:\/\/api.w.org\/{rel}","templated":true}]}}