{"id":34544,"date":"2022-08-01T15:53:14","date_gmt":"2022-08-01T19:53:14","guid":{"rendered":"https:\/\/adf-magazine.com\/?p=34544"},"modified":"2022-08-15T11:05:04","modified_gmt":"2022-08-15T15:05:04","slug":"comunidade-da-africa-oriental-devera-criar-centro-de-combate-ao-terrorismo","status":"publish","type":"post","link":"https:\/\/adf-magazine.com\/pt-pt\/2022\/08\/comunidade-da-africa-oriental-devera-criar-centro-de-combate-ao-terrorismo\/","title":{"rendered":"Comunidade da \u00c1frica Oriental Dever\u00e1 Criar Centro de Combate  ao Terrorismo"},"content":{"rendered":"<p>EQUIPA DA ADF<\/p>\n<p>A\u00a0Comunidade da \u00c1frica Oriental (CAO) est\u00e1 a preparar-se para criar um centro de combate ao terrorismo para ajudar a coordenar a resposta da regi\u00e3o em caso de um ataque.<\/p>\n<p>O centro ainda est\u00e1 no est\u00e1gio inicial de planifica\u00e7\u00e3o, mas o bloco regional de seis pa\u00edses acredita que s\u00e3o necess\u00e1rias ac\u00e7\u00f5es concretas.<\/p>\n<p>\u201cCada um de n\u00f3s tem estado a lidar com imigra\u00e7\u00e3o e combate ao terrorismo sozinho e agora n\u00f3s nos reunimos,\u201d Peter Odoyo, secret\u00e1rio-administrativo chefe da seguran\u00e7a nacional do Qu\u00e9nia, disse ao The East African. \u201cO centro de combate ao terrorismo da CAO est\u00e1 sob discuss\u00e3o. Ainda est\u00e1 no est\u00e1gio infantil.\u201d<\/p>\n<p>O centro pode desempenhar um papel importante na forma\u00e7\u00e3o de pessoal, recolha e partilha de intelig\u00eancia e na partilha de melhores pr\u00e1ticas em toda a regi\u00e3o. Tamb\u00e9m pode ajudar a capacitar a For\u00e7a de Interven\u00e7\u00e3o da \u00c1frica Oriental, a for\u00e7a multinacional composta por 5.800 homens, concebida para interven\u00e7\u00f5es r\u00e1pidas na regi\u00e3o.<\/p>\n<p>A CAO \u00e9 composta por seis pa\u00edses: Burundi, Qu\u00e9nia, Ruanda, Sud\u00e3o do Sul, Tanz\u00e2nia e Uganda. Durante o per\u00edodo de 12 meses que terminou em Outubro de 2021, houve 1.364 ataques violentos envolvendo rebeldes, grupos terroristas ou militantes na regi\u00e3o, causando 2.631 baixas, de acordo com o Projecto de Localiza\u00e7\u00f5es de Conflitos Armados e Dados de Evento.<\/p>\n<p>\u201cA nossa regi\u00e3o \u00e9 propensa ao terrorismo. Como comunidade, \u00e9 importante que tenhamos uma institui\u00e7\u00e3o especificamente concebida para lidar com quest\u00f5es de amea\u00e7as de qualquer natureza. Isso \u00e9 para garantir que mantenhamos a nossa regi\u00e3o segura,\u201d disse o Dr. Peter Mathuki, secret\u00e1rio-geral da CAO. \u201cPara gerirmos a paz e a seguran\u00e7a de forma eficaz, precisamos de uma institui\u00e7\u00e3o que zele por estas quest\u00f5es.\u201d<\/p>\n<p>Entre as amea\u00e7as persistentes encontram-se o grupo extremista sediado na Som\u00e1lia, o al-Shabaab, que lan\u00e7ou ataques no Qu\u00e9nia, Tanz\u00e2nia e Uganda, e as For\u00e7as Democr\u00e1ticas Aliadas, que possuem bases na Rep\u00fablica Democr\u00e1tica do Congo, mas tamb\u00e9m lan\u00e7aram ataques em Uganda.<\/p>\n","protected":false},"excerpt":{"rendered":"<p>EQUIPA DA ADF A\u00a0Comunidade da \u00c1frica Oriental (CAO) est\u00e1 a preparar-se para criar um centro de combate ao terrorismo para ajudar a coordenar a resposta da regi\u00e3o em caso de um ataque. O centro ainda est\u00e1 no est\u00e1gio inicial de planifica\u00e7\u00e3o, mas o bloco regional de seis pa\u00edses acredita que s\u00e3o necess\u00e1rias ac\u00e7\u00f5es concretas. \u201cCada<\/p>\n","protected":false},"author":1,"featured_media":34204,"comment_status":"open","ping_status":"open","sticky":false,"template":"","format":"standard","meta":{"_acf_changed":false,"_monsterinsights_skip_tracking":false,"_monsterinsights_sitenote_active":false,"_monsterinsights_sitenote_note":"","_monsterinsights_sitenote_category":0,"_uf_show_specific_survey":0,"_uf_disable_surveys":false,"footnotes":""},"categories":[335,341],"tags":[472,474,475,744,534],"class_list":{"0":"post-34544","1":"post","2":"type-post","3":"status-publish","4":"format-standard","5":"has-post-thumbnail","7":"category-colunas","8":"category-defesa-e-seguranca","9":"tag-africa-oriental","10":"tag-quenia","11":"tag-ruanda","12":"tag-sudao-do-sul","13":"tag-terrorismo"},"acf":[],"yoast_head":"<!-- This site is optimized with the Yoast SEO plugin v27.5 - https:\/\/yoast.com\/product\/yoast-seo-wordpress\/ -->\n<title>Comunidade da \u00c1frica Oriental Dever\u00e1 Criar Centro de Combate ao Terrorismo - Africa Defense Forum<\/title>\n<meta name=\"robots\" content=\"index, follow, max-snippet:-1, max-image-preview:large, max-video-preview:-1\" \/>\n<link rel=\"canonical\" href=\"https:\/\/adf-magazine.com\/2022\/08\/east-african-community-to-create-counterterrorism-center\/\" \/>\n<meta property=\"og:locale\" content=\"pt_PT\" \/>\n<meta property=\"og:type\" content=\"article\" \/>\n<meta property=\"og:title\" content=\"Comunidade da \u00c1frica Oriental Dever\u00e1 Criar Centro de Combate ao Terrorismo - Africa Defense Forum\" \/>\n<meta property=\"og:description\" content=\"EQUIPA DA ADF A\u00a0Comunidade da \u00c1frica Oriental (CAO) est\u00e1 a preparar-se para criar um centro de combate ao terrorismo para ajudar a coordenar a resposta da regi\u00e3o em caso de um ataque. O centro ainda est\u00e1 no est\u00e1gio inicial de planifica\u00e7\u00e3o, mas o bloco regional de seis pa\u00edses acredita que s\u00e3o necess\u00e1rias ac\u00e7\u00f5es concretas. \u201cCada\" \/>\n<meta property=\"og:url\" content=\"https:\/\/adf-magazine.com\/2022\/08\/east-african-community-to-create-counterterrorism-center\/\" \/>\n<meta property=\"og:site_name\" content=\"Africa Defense Forum\" \/>\n<meta property=\"article:publisher\" content=\"https:\/\/www.facebook.com\/ADFmagazine\/\" \/>\n<meta property=\"article:published_time\" content=\"2022-08-01T19:53:14+00:00\" \/>\n<meta property=\"article:modified_time\" content=\"2022-08-15T15:05:04+00:00\" \/>\n<meta property=\"og:image\" content=\"https:\/\/adf-magazine.com\/wp-content\/uploads\/2022\/08\/defense-e-african.jpg\" \/>\n\t<meta property=\"og:image:width\" content=\"1080\" \/>\n\t<meta property=\"og:image:height\" content=\"751\" \/>\n\t<meta property=\"og:image:type\" content=\"image\/jpeg\" \/>\n<meta name=\"author\" content=\"ADF\" \/>\n<meta name=\"twitter:card\" content=\"summary_large_image\" \/>\n<meta name=\"twitter:creator\" content=\"@ADFmagazine\" \/>\n<meta name=\"twitter:site\" content=\"@ADFmagazine\" \/>\n<meta name=\"twitter:label1\" content=\"Escrito por\" \/>\n\t<meta name=\"twitter:data1\" content=\"ADF\" \/>\n\t<meta name=\"twitter:label2\" content=\"Tempo estimado de leitura\" \/>\n\t<meta name=\"twitter:data2\" content=\"2 minutos\" \/>\n<script type=\"application\/ld+json\" class=\"yoast-schema-graph\">{\"@context\":\"https:\\\/\\\/schema.org\",\"@graph\":[{\"@type\":\"Article\",\"@id\":\"https:\\\/\\\/adf-magazine.com\\\/2022\\\/08\\\/east-african-community-to-create-counterterrorism-center\\\/#article\",\"isPartOf\":{\"@id\":\"https:\\\/\\\/adf-magazine.com\\\/2022\\\/08\\\/east-african-community-to-create-counterterrorism-center\\\/\"},\"author\":{\"name\":\"ADF\",\"@id\":\"https:\\\/\\\/adf-magazine.com\\\/#\\\/schema\\\/person\\\/f266a6061389568b5a11465bb38bc025\"},\"headline\":\"Comunidade da \u00c1frica Oriental Dever\u00e1 Criar Centro de Combate ao Terrorismo\",\"datePublished\":\"2022-08-01T19:53:14+00:00\",\"dateModified\":\"2022-08-15T15:05:04+00:00\",\"mainEntityOfPage\":{\"@id\":\"https:\\\/\\\/adf-magazine.com\\\/2022\\\/08\\\/east-african-community-to-create-counterterrorism-center\\\/\"},\"wordCount\":371,\"commentCount\":0,\"image\":{\"@id\":\"https:\\\/\\\/adf-magazine.com\\\/2022\\\/08\\\/east-african-community-to-create-counterterrorism-center\\\/#primaryimage\"},\"thumbnailUrl\":\"https:\\\/\\\/adf-magazine.com\\\/wp-content\\\/uploads\\\/2022\\\/08\\\/defense-e-african.jpg\",\"keywords\":[\"\u00c1frica Oriental\",\"Qu\u00e9nia\",\"Ruanda\",\"Sud\u00e3o do Sul\",\"Terrorismo\"],\"articleSection\":[\"Colunas\",\"Defesa e Seguran\u00e7a\"],\"inLanguage\":\"pt-PT\",\"potentialAction\":[{\"@type\":\"CommentAction\",\"name\":\"Comment\",\"target\":[\"https:\\\/\\\/adf-magazine.com\\\/2022\\\/08\\\/east-african-community-to-create-counterterrorism-center\\\/#respond\"]}]},{\"@type\":\"WebPage\",\"@id\":\"https:\\\/\\\/adf-magazine.com\\\/2022\\\/08\\\/east-african-community-to-create-counterterrorism-center\\\/\",\"url\":\"https:\\\/\\\/adf-magazine.com\\\/2022\\\/08\\\/east-african-community-to-create-counterterrorism-center\\\/\",\"name\":\"Comunidade da \u00c1frica Oriental Dever\u00e1 Criar Centro de Combate ao Terrorismo - Africa Defense Forum\",\"isPartOf\":{\"@id\":\"https:\\\/\\\/adf-magazine.com\\\/#website\"},\"primaryImageOfPage\":{\"@id\":\"https:\\\/\\\/adf-magazine.com\\\/2022\\\/08\\\/east-african-community-to-create-counterterrorism-center\\\/#primaryimage\"},\"image\":{\"@id\":\"https:\\\/\\\/adf-magazine.com\\\/2022\\\/08\\\/east-african-community-to-create-counterterrorism-center\\\/#primaryimage\"},\"thumbnailUrl\":\"https:\\\/\\\/adf-magazine.com\\\/wp-content\\\/uploads\\\/2022\\\/08\\\/defense-e-african.jpg\",\"datePublished\":\"2022-08-01T19:53:14+00:00\",\"dateModified\":\"2022-08-15T15:05:04+00:00\",\"author\":{\"@id\":\"https:\\\/\\\/adf-magazine.com\\\/#\\\/schema\\\/person\\\/f266a6061389568b5a11465bb38bc025\"},\"breadcrumb\":{\"@id\":\"https:\\\/\\\/adf-magazine.com\\\/2022\\\/08\\\/east-african-community-to-create-counterterrorism-center\\\/#breadcrumb\"},\"inLanguage\":\"pt-PT\",\"potentialAction\":[{\"@type\":\"ReadAction\",\"target\":[\"https:\\\/\\\/adf-magazine.com\\\/2022\\\/08\\\/east-african-community-to-create-counterterrorism-center\\\/\"]}]},{\"@type\":\"ImageObject\",\"inLanguage\":\"pt-PT\",\"@id\":\"https:\\\/\\\/adf-magazine.com\\\/2022\\\/08\\\/east-african-community-to-create-counterterrorism-center\\\/#primaryimage\",\"url\":\"https:\\\/\\\/adf-magazine.com\\\/wp-content\\\/uploads\\\/2022\\\/08\\\/defense-e-african.jpg\",\"contentUrl\":\"https:\\\/\\\/adf-magazine.com\\\/wp-content\\\/uploads\\\/2022\\\/08\\\/defense-e-african.jpg\",\"width\":1080,\"height\":751},{\"@type\":\"BreadcrumbList\",\"@id\":\"https:\\\/\\\/adf-magazine.com\\\/2022\\\/08\\\/east-african-community-to-create-counterterrorism-center\\\/#breadcrumb\",\"itemListElement\":[{\"@type\":\"ListItem\",\"position\":1,\"name\":\"Home\",\"item\":\"https:\\\/\\\/adf-magazine.com\\\/\"},{\"@type\":\"ListItem\",\"position\":2,\"name\":\"Comunidade da \u00c1frica Oriental Dever\u00e1 Criar Centro de Combate ao Terrorismo\"}]},{\"@type\":\"WebSite\",\"@id\":\"https:\\\/\\\/adf-magazine.com\\\/#website\",\"url\":\"https:\\\/\\\/adf-magazine.com\\\/\",\"name\":\"Africa Defense Forum\",\"description\":\"Africa Defense Forum\",\"potentialAction\":[{\"@type\":\"SearchAction\",\"target\":{\"@type\":\"EntryPoint\",\"urlTemplate\":\"https:\\\/\\\/adf-magazine.com\\\/?s={search_term_string}\"},\"query-input\":{\"@type\":\"PropertyValueSpecification\",\"valueRequired\":true,\"valueName\":\"search_term_string\"}}],\"inLanguage\":\"pt-PT\"},{\"@type\":\"Person\",\"@id\":\"https:\\\/\\\/adf-magazine.com\\\/#\\\/schema\\\/person\\\/f266a6061389568b5a11465bb38bc025\",\"name\":\"ADF\",\"image\":{\"@type\":\"ImageObject\",\"inLanguage\":\"pt-PT\",\"@id\":\"https:\\\/\\\/adf-magazine.com\\\/wp-content\\\/uploads\\\/2020\\\/05\\\/cropped-ADF_icon.jpg\",\"url\":\"https:\\\/\\\/adf-magazine.com\\\/wp-content\\\/uploads\\\/2020\\\/05\\\/cropped-ADF_icon.jpg\",\"contentUrl\":\"https:\\\/\\\/adf-magazine.com\\\/wp-content\\\/uploads\\\/2020\\\/05\\\/cropped-ADF_icon.jpg\",\"caption\":\"ADF\"},\"description\":\"ADF is a professional military magazine published quarterly by U.S. Africa Command to provide an international forum for African security professionals. ADF covers topics such as counter terrorism strategies, security and defense operations, transnational crime, and all other issues affecting peace, stability, and good governance on the African continent.\",\"sameAs\":[\"https:\\\/\\\/x.com\\\/ADFmagazine\"],\"url\":\"https:\\\/\\\/adf-magazine.com\\\/pt-pt\\\/author\\\/adf\\\/\"}]}<\/script>\n<!-- \/ Yoast SEO plugin. -->","yoast_head_json":{"title":"Comunidade da \u00c1frica Oriental Dever\u00e1 Criar Centro de Combate ao Terrorismo - Africa Defense Forum","robots":{"index":"index","follow":"follow","max-snippet":"max-snippet:-1","max-image-preview":"max-image-preview:large","max-video-preview":"max-video-preview:-1"},"canonical":"https:\/\/adf-magazine.com\/2022\/08\/east-african-community-to-create-counterterrorism-center\/","og_locale":"pt_PT","og_type":"article","og_title":"Comunidade da \u00c1frica Oriental Dever\u00e1 Criar Centro de Combate ao Terrorismo - Africa Defense Forum","og_description":"EQUIPA DA ADF A\u00a0Comunidade da \u00c1frica Oriental (CAO) est\u00e1 a preparar-se para criar um centro de combate ao terrorismo para ajudar a coordenar a resposta da regi\u00e3o em caso de um ataque. O centro ainda est\u00e1 no est\u00e1gio inicial de planifica\u00e7\u00e3o, mas o bloco regional de seis pa\u00edses acredita que s\u00e3o necess\u00e1rias ac\u00e7\u00f5es concretas. \u201cCada","og_url":"https:\/\/adf-magazine.com\/2022\/08\/east-african-community-to-create-counterterrorism-center\/","og_site_name":"Africa Defense Forum","article_publisher":"https:\/\/www.facebook.com\/ADFmagazine\/","article_published_time":"2022-08-01T19:53:14+00:00","article_modified_time":"2022-08-15T15:05:04+00:00","og_image":[{"width":1080,"height":751,"url":"https:\/\/adf-magazine.com\/wp-content\/uploads\/2022\/08\/defense-e-african.jpg","type":"image\/jpeg"}],"author":"ADF","twitter_card":"summary_large_image","twitter_creator":"@ADFmagazine","twitter_site":"@ADFmagazine","twitter_misc":{"Escrito por":"ADF","Tempo estimado de leitura":"2 minutos"},"schema":{"@context":"https:\/\/schema.org","@graph":[{"@type":"Article","@id":"https:\/\/adf-magazine.com\/2022\/08\/east-african-community-to-create-counterterrorism-center\/#article","isPartOf":{"@id":"https:\/\/adf-magazine.com\/2022\/08\/east-african-community-to-create-counterterrorism-center\/"},"author":{"name":"ADF","@id":"https:\/\/adf-magazine.com\/#\/schema\/person\/f266a6061389568b5a11465bb38bc025"},"headline":"Comunidade da \u00c1frica Oriental Dever\u00e1 Criar Centro de Combate ao Terrorismo","datePublished":"2022-08-01T19:53:14+00:00","dateModified":"2022-08-15T15:05:04+00:00","mainEntityOfPage":{"@id":"https:\/\/adf-magazine.com\/2022\/08\/east-african-community-to-create-counterterrorism-center\/"},"wordCount":371,"commentCount":0,"image":{"@id":"https:\/\/adf-magazine.com\/2022\/08\/east-african-community-to-create-counterterrorism-center\/#primaryimage"},"thumbnailUrl":"https:\/\/adf-magazine.com\/wp-content\/uploads\/2022\/08\/defense-e-african.jpg","keywords":["\u00c1frica Oriental","Qu\u00e9nia","Ruanda","Sud\u00e3o do Sul","Terrorismo"],"articleSection":["Colunas","Defesa e Seguran\u00e7a"],"inLanguage":"pt-PT","potentialAction":[{"@type":"CommentAction","name":"Comment","target":["https:\/\/adf-magazine.com\/2022\/08\/east-african-community-to-create-counterterrorism-center\/#respond"]}]},{"@type":"WebPage","@id":"https:\/\/adf-magazine.com\/2022\/08\/east-african-community-to-create-counterterrorism-center\/","url":"https:\/\/adf-magazine.com\/2022\/08\/east-african-community-to-create-counterterrorism-center\/","name":"Comunidade da \u00c1frica Oriental Dever\u00e1 Criar Centro de Combate ao Terrorismo - Africa Defense Forum","isPartOf":{"@id":"https:\/\/adf-magazine.com\/#website"},"primaryImageOfPage":{"@id":"https:\/\/adf-magazine.com\/2022\/08\/east-african-community-to-create-counterterrorism-center\/#primaryimage"},"image":{"@id":"https:\/\/adf-magazine.com\/2022\/08\/east-african-community-to-create-counterterrorism-center\/#primaryimage"},"thumbnailUrl":"https:\/\/adf-magazine.com\/wp-content\/uploads\/2022\/08\/defense-e-african.jpg","datePublished":"2022-08-01T19:53:14+00:00","dateModified":"2022-08-15T15:05:04+00:00","author":{"@id":"https:\/\/adf-magazine.com\/#\/schema\/person\/f266a6061389568b5a11465bb38bc025"},"breadcrumb":{"@id":"https:\/\/adf-magazine.com\/2022\/08\/east-african-community-to-create-counterterrorism-center\/#breadcrumb"},"inLanguage":"pt-PT","potentialAction":[{"@type":"ReadAction","target":["https:\/\/adf-magazine.com\/2022\/08\/east-african-community-to-create-counterterrorism-center\/"]}]},{"@type":"ImageObject","inLanguage":"pt-PT","@id":"https:\/\/adf-magazine.com\/2022\/08\/east-african-community-to-create-counterterrorism-center\/#primaryimage","url":"https:\/\/adf-magazine.com\/wp-content\/uploads\/2022\/08\/defense-e-african.jpg","contentUrl":"https:\/\/adf-magazine.com\/wp-content\/uploads\/2022\/08\/defense-e-african.jpg","width":1080,"height":751},{"@type":"BreadcrumbList","@id":"https:\/\/adf-magazine.com\/2022\/08\/east-african-community-to-create-counterterrorism-center\/#breadcrumb","itemListElement":[{"@type":"ListItem","position":1,"name":"Home","item":"https:\/\/adf-magazine.com\/"},{"@type":"ListItem","position":2,"name":"Comunidade da \u00c1frica Oriental Dever\u00e1 Criar Centro de Combate ao Terrorismo"}]},{"@type":"WebSite","@id":"https:\/\/adf-magazine.com\/#website","url":"https:\/\/adf-magazine.com\/","name":"Africa Defense Forum","description":"Africa Defense Forum","potentialAction":[{"@type":"SearchAction","target":{"@type":"EntryPoint","urlTemplate":"https:\/\/adf-magazine.com\/?s={search_term_string}"},"query-input":{"@type":"PropertyValueSpecification","valueRequired":true,"valueName":"search_term_string"}}],"inLanguage":"pt-PT"},{"@type":"Person","@id":"https:\/\/adf-magazine.com\/#\/schema\/person\/f266a6061389568b5a11465bb38bc025","name":"ADF","image":{"@type":"ImageObject","inLanguage":"pt-PT","@id":"https:\/\/adf-magazine.com\/wp-content\/uploads\/2020\/05\/cropped-ADF_icon.jpg","url":"https:\/\/adf-magazine.com\/wp-content\/uploads\/2020\/05\/cropped-ADF_icon.jpg","contentUrl":"https:\/\/adf-magazine.com\/wp-content\/uploads\/2020\/05\/cropped-ADF_icon.jpg","caption":"ADF"},"description":"ADF is a professional military magazine published quarterly by U.S. Africa Command to provide an international forum for African security professionals. ADF covers topics such as counter terrorism strategies, security and defense operations, transnational crime, and all other issues affecting peace, stability, and good governance on the African continent.","sameAs":["https:\/\/x.com\/ADFmagazine"],"url":"https:\/\/adf-magazine.com\/pt-pt\/author\/adf\/"}]}},"_links":{"self":[{"href":"https:\/\/adf-magazine.com\/pt-pt\/wp-json\/wp\/v2\/posts\/34544","targetHints":{"allow":["GET"]}}],"collection":[{"href":"https:\/\/adf-magazine.com\/pt-pt\/wp-json\/wp\/v2\/posts"}],"about":[{"href":"https:\/\/adf-magazine.com\/pt-pt\/wp-json\/wp\/v2\/types\/post"}],"author":[{"embeddable":true,"href":"https:\/\/adf-magazine.com\/pt-pt\/wp-json\/wp\/v2\/users\/1"}],"replies":[{"embeddable":true,"href":"https:\/\/adf-magazine.com\/pt-pt\/wp-json\/wp\/v2\/comments?post=34544"}],"version-history":[{"count":0,"href":"https:\/\/adf-magazine.com\/pt-pt\/wp-json\/wp\/v2\/posts\/34544\/revisions"}],"wp:featuredmedia":[{"embeddable":true,"href":"https:\/\/adf-magazine.com\/pt-pt\/wp-json\/wp\/v2\/media\/34204"}],"wp:attachment":[{"href":"https:\/\/adf-magazine.com\/pt-pt\/wp-json\/wp\/v2\/media?parent=34544"}],"wp:term":[{"taxonomy":"category","embeddable":true,"href":"https:\/\/adf-magazine.com\/pt-pt\/wp-json\/wp\/v2\/categories?post=34544"},{"taxonomy":"post_tag","embeddable":true,"href":"https:\/\/adf-magazine.com\/pt-pt\/wp-json\/wp\/v2\/tags?post=34544"}],"curies":[{"name":"wp","href":"https:\/\/api.w.org\/{rel}","templated":true}]}}