{"id":34007,"date":"2022-07-26T15:21:31","date_gmt":"2022-07-26T19:21:31","guid":{"rendered":"https:\/\/adf-magazine.com\/?p=34007"},"modified":"2022-07-26T15:21:31","modified_gmt":"2022-07-26T19:21:31","slug":"ameaca-de-terrorismo-agora-e-uma-emergencia-no-togo","status":"publish","type":"post","link":"https:\/\/adf-magazine.com\/pt-pt\/2022\/07\/ameaca-de-terrorismo-agora-e-uma-emergencia-no-togo\/","title":{"rendered":"Amea\u00e7a de Terrorismo Agora \u00e9 Uma Emerg\u00eancia no Togo"},"content":{"rendered":"<p style=\"font-weight: 400;\">EQUIPA DA ADF<\/p>\n<p style=\"font-weight: 400;\">O crescente n\u00famero de ataques no norte de Togo teve como alvo civis e militares \u2014 um outro sinal de que os grupos terroristas do Sahel est\u00e3o a expandir-se progressivamente e a amea\u00e7ar a costa da \u00c1frica Ocidental.<\/p>\n<p style=\"font-weight: 400;\">O Togo declarou um \u201cestado de emerg\u00eancia de seguran\u00e7a\u201d na regi\u00e3o das Savanas da sua fronteira norte, no dia 13 de Junho de 2022, em resposta ao primeiro ataque terrorista mortal na hist\u00f3ria daquele pa\u00eds, no in\u00edcio de Maio.<\/p>\n<p style=\"font-weight: 400;\">\u201cEste [estado de emerg\u00eancia] ir\u00e1 melhorar a rapidez da tomada de decis\u00f5es e facilitar a maior agilidade para os servi\u00e7os p\u00fablicos e as for\u00e7as de defesa e seguran\u00e7a,\u201d disse o governo num comunicado.<\/p>\n<p style=\"font-weight: 400;\">O Ministro das Comunica\u00e7\u00f5es, Akodah Ayewouadan, disse que o estado de emerg\u00eancia ir\u00e1 durar tr\u00eas meses e poder\u00e1 ser prorrogado. Acrescentou que foi concedida uma autoridade ampla para o ex\u00e9rcito de modo a combater os grupos armados e proteger os civis.<\/p>\n<p style=\"font-weight: 400;\">\u201cO estado de emerg\u00eancia ir\u00e1 permitir que a administra\u00e7\u00e3o, a defesa e as for\u00e7as de seguran\u00e7a tenham um pouco mais de flexibilidade nas suas actividades, para levarem a cabo verifica\u00e7\u00f5es de identidade com um pouco mais de frequ\u00eancia, para levarem a cabo verifica\u00e7\u00f5es em casas e para proibirem certas actividades,\u201d explicou. \u201cComo sabemos, o estado de emerg\u00eancia de seguran\u00e7a ir\u00e1 levar a um enfraquecimento das liberdades individuais e colectivas.\u201d<\/p>\n<p style=\"font-weight: 400;\">Jama\u2019at Nasr al-Islam wal Muslimin (JNIM), um grupo insurgente do Mali, ligado \u00e0 Al-Qaeda, reivindicou o primeiro ataque de Maio.<\/p>\n<p style=\"font-weight: 400;\">O JNIM continua a pressionar a partir da fronteira porosa do Burquina Faso em direc\u00e7\u00e3o a Benin, Costa do Marfim, Gana e Togo.<\/p>\n<p style=\"font-weight: 400;\">Seguiram-se mais incurs\u00f5es, e as pessoas est\u00e3o a fugir para as cidades vizinhas.<\/p>\n<p style=\"font-weight: 400;\">\u201cAs pessoas est\u00e3o a sair das suas aldeias em massa,\u201d Arzoume Sambiani, edil de uma parte do distrito de Kpendjal, referiu num comunicado, no dia 18 de Julho.<\/p>\n<p style=\"font-weight: 400;\">Sambiani disse que os civis deviam evitar viajar \u00e0 noite, mas apelou que a popula\u00e7\u00e3o regressasse \u00e0s suas aldeias e continuasse as suas actividades normais.<\/p>\n<p style=\"font-weight: 400;\">Na noite do dia 14 de Julho, combatentes do JNIM mataram pelo menos 14 pessoas em ataques contra duas aldeias togolesas da autarquia de Kpendjal, uma regi\u00e3o pr\u00f3xima da fronteira com o Burquina Faso.<\/p>\n<p style=\"font-weight: 400;\">Ayewouadan confirmou o ataque contra uma esta\u00e7\u00e3o de r\u00e1dio local.<\/p>\n<p style=\"font-weight: 400;\">\u201cActualmente est\u00e3o a decorrer algumas opera\u00e7\u00f5es de limpeza,\u201d disse, \u201ce tememos que haja v\u00edtimas.\u201d<\/p>\n<p style=\"font-weight: 400;\">O medo aumenta na maior cidade da regi\u00e3o, Dapaong, que tamb\u00e9m est\u00e1 a registar um influxo de deslocados que fogem da viol\u00eancia no Burquina Faso.<\/p>\n<p style=\"font-weight: 400;\">Opera\u00e7\u00f5es militares nos arredores da regi\u00e3o de Dapaong estiveram em curso desde meados de Maio e aumentaram desde que foi declarado o estado de emerg\u00eancia.<\/p>\n<p style=\"font-weight: 400;\">Os residentes afirmam que o ex\u00e9rcito realiza patrulhas todas as noites.<\/p>\n<p style=\"font-weight: 400;\">\u201cA chegada do ex\u00e9rcito foi percebida por volta de meados de Maio, pouco depois do ataque dos jihadistas no norte,\u201d Emmanuel Batie, um gestor de supermercado e restaurante em Dapaong, disse ao site da \u00c1fricaNews. \u201cEles chegaram, e desde essa altura nos apercebemos da presen\u00e7a do ex\u00e9rcito em todos os lugares da cidade. \u00c9 poss\u00edvel v\u00ea-los em toda a parte.\u201d<\/p>\n<p style=\"font-weight: 400;\">As c\u00e9lulas terroristas do Sahel estiveram a movimentar-se em direc\u00e7\u00e3o ao Golfo da Guin\u00e9 durante anos, de acordo com William Assanvo, um investigador do Instituto de Estudos de Seguran\u00e7a (ISS), que se encontra na Costa do Marfim.<\/p>\n<p style=\"font-weight: 400;\">\u201cTodos os pa\u00edses costeiros est\u00e3o expostos a esta amea\u00e7a, pelo menos os pa\u00edses que fazem fronteira com o Burquina Faso e com o Mali,\u201d disse \u00e0 Radio France Internationale.<\/p>\n<p style=\"font-weight: 400;\">Em Dapaong, o motorista de moto-t\u00e1xi, Kanfitine Naniga, disse que a viol\u00eancia est\u00e1 a ter um impacto profundo sobre o com\u00e9rcio local.<\/p>\n<p style=\"font-weight: 400;\">\u201cEstamos com muito medo desta situa\u00e7\u00e3o,\u201d disse \u00e0 AfricaNews. \u201cVemos clientes, temos medo de os levar, porque nesse momento n\u00e3o sabemos quem \u00e9 quem.<\/p>\n<p style=\"font-weight: 400;\">\u201cAntes, quando havia seguran\u00e7a, pod\u00edamos sair, pod\u00edamos trabalhar e fazer pelo menos 5.000 a 6.000 [Francos CFA]. Mas hoje, com a inseguran\u00e7a, n\u00e3o est\u00e1 muito bem. \u00c9 dif\u00edcil trazer para casa 1.000 Francos.\u201d<\/p>\n<p style=\"font-weight: 400;\">Togo faz parte da iniciativa de Acra, uma alian\u00e7a militar de pa\u00edses costeiros que t\u00eam realizado opera\u00e7\u00f5es conjuntas para impedir que o terrorismo saia do Sahel e da Nig\u00e9ria para os pa\u00edses costeiros da \u00c1frica Ocidental e para lidar com o crime organizado nas regi\u00f5es fronteiri\u00e7as.<\/p>\n<p style=\"font-weight: 400;\">Com os terroristas a fazerem uma press\u00e3o concertada em direc\u00e7\u00e3o ao sul, o Togo tamb\u00e9m criou o Comit\u00e9 Interministerial Para a Preven\u00e7\u00e3o e Luta Contra o Extremismo Violento (CIPLEV).<\/p>\n<p style=\"font-weight: 400;\">De acordo com o CIPLEV, o grupo centra-se em jovens desempregados e insatisfeitos que, muitas vezes, s\u00e3o alvo de recrutamento por parte de insurgentes. O CIPLEV interage com jovens e envia informa\u00e7\u00e3o, reclama\u00e7\u00f5es e pedidos para um comit\u00e9 de minist\u00e9rios do governo, para an\u00e1lise.<\/p>\n<p style=\"font-weight: 400;\">Jeannine Ella Abatan, uma investigadora do Sahel que trabalha com o ISS, disse que receia que os ataques sejam o come\u00e7o.<\/p>\n<p style=\"font-weight: 400;\">\u201cIsso j\u00e1 demonstra a capacidade dos grupos extremistas violentos de realmente realizar ataques naqueles pa\u00edses,\u201d disse \u00e0 Voz da Am\u00e9rica. \u201c[N\u00e3o apenas] para instrumentalizar a porosidade das fronteiras, mas [tamb\u00e9m] para ir para esses pa\u00edses e colocar dispositivos explosivos.\u201d<\/p>\n","protected":false},"excerpt":{"rendered":"<p>EQUIPA DA ADF O crescente n\u00famero de ataques no norte de Togo teve como alvo civis e militares \u2014 um outro sinal de que os grupos terroristas do Sahel est\u00e3o a expandir-se progressivamente e a amea\u00e7ar a costa da \u00c1frica Ocidental. O Togo declarou um \u201cestado de emerg\u00eancia de seguran\u00e7a\u201d na regi\u00e3o das Savanas da<\/p>\n","protected":false},"author":1,"featured_media":34005,"comment_status":"open","ping_status":"open","sticky":false,"template":"","format":"standard","meta":{"_acf_changed":false,"_monsterinsights_skip_tracking":false,"_monsterinsights_sitenote_active":false,"_monsterinsights_sitenote_note":"","_monsterinsights_sitenote_category":0,"_uf_show_specific_survey":0,"_uf_disable_surveys":false,"footnotes":""},"categories":[363],"tags":[558,888,503,714,499,449,544,1020,501,1026,534,812],"class_list":{"0":"post-34007","1":"post","2":"type-post","3":"status-publish","4":"format-standard","5":"has-post-thumbnail","7":"category-melhores-historias","8":"tag-africa-ocidental","9":"tag-benin-pt-pt","10":"tag-burkina-faso-pt-pt","11":"tag-costa-do-marfim","12":"tag-extremismo","13":"tag-gana","14":"tag-golfo-da-guine","15":"tag-insurgencia","16":"tag-sahel-pt-pt","17":"tag-seguranca-fronteirica","18":"tag-terrorismo","19":"tag-togo-pt-pt"},"acf":[],"yoast_head":"<!-- This site is optimized with the Yoast SEO plugin v27.4 - https:\/\/yoast.com\/product\/yoast-seo-wordpress\/ -->\n<title>Amea\u00e7a de Terrorismo Agora \u00e9 Uma Emerg\u00eancia no Togo - Africa Defense Forum<\/title>\n<meta name=\"robots\" content=\"index, follow, max-snippet:-1, max-image-preview:large, max-video-preview:-1\" \/>\n<link rel=\"canonical\" href=\"https:\/\/adf-magazine.com\/pt-pt\/2022\/07\/ameaca-de-terrorismo-agora-e-uma-emergencia-no-togo\/\" \/>\n<meta property=\"og:locale\" content=\"pt_PT\" \/>\n<meta property=\"og:type\" content=\"article\" \/>\n<meta property=\"og:title\" content=\"Amea\u00e7a de Terrorismo Agora \u00e9 Uma Emerg\u00eancia no Togo - Africa Defense Forum\" \/>\n<meta property=\"og:description\" content=\"EQUIPA DA ADF O crescente n\u00famero de ataques no norte de Togo teve como alvo civis e militares \u2014 um outro sinal de que os grupos terroristas do Sahel est\u00e3o a expandir-se progressivamente e a amea\u00e7ar a costa da \u00c1frica Ocidental. O Togo declarou um \u201cestado de emerg\u00eancia de seguran\u00e7a\u201d na regi\u00e3o das Savanas da\" \/>\n<meta property=\"og:url\" content=\"https:\/\/adf-magazine.com\/pt-pt\/2022\/07\/ameaca-de-terrorismo-agora-e-uma-emergencia-no-togo\/\" \/>\n<meta property=\"og:site_name\" content=\"Africa Defense Forum\" \/>\n<meta property=\"article:publisher\" content=\"https:\/\/www.facebook.com\/ADFmagazine\/\" \/>\n<meta property=\"article:published_time\" content=\"2022-07-26T19:21:31+00:00\" \/>\n<meta property=\"og:image\" content=\"https:\/\/adf-magazine.com\/wp-content\/uploads\/2022\/07\/GettyImages-1214277661.jpg\" \/>\n\t<meta property=\"og:image:width\" content=\"1080\" \/>\n\t<meta property=\"og:image:height\" content=\"720\" \/>\n\t<meta property=\"og:image:type\" content=\"image\/jpeg\" \/>\n<meta name=\"author\" content=\"ADF\" \/>\n<meta name=\"twitter:card\" content=\"summary_large_image\" \/>\n<meta name=\"twitter:creator\" content=\"@ADFmagazine\" \/>\n<meta name=\"twitter:site\" content=\"@ADFmagazine\" \/>\n<meta name=\"twitter:label1\" content=\"Escrito por\" \/>\n\t<meta name=\"twitter:data1\" content=\"ADF\" \/>\n\t<meta name=\"twitter:label2\" content=\"Tempo estimado de leitura\" \/>\n\t<meta name=\"twitter:data2\" content=\"5 minutos\" \/>\n<script type=\"application\/ld+json\" class=\"yoast-schema-graph\">{\"@context\":\"https:\\\/\\\/schema.org\",\"@graph\":[{\"@type\":\"Article\",\"@id\":\"https:\\\/\\\/adf-magazine.com\\\/pt-pt\\\/2022\\\/07\\\/ameaca-de-terrorismo-agora-e-uma-emergencia-no-togo\\\/#article\",\"isPartOf\":{\"@id\":\"https:\\\/\\\/adf-magazine.com\\\/pt-pt\\\/2022\\\/07\\\/ameaca-de-terrorismo-agora-e-uma-emergencia-no-togo\\\/\"},\"author\":{\"name\":\"ADF\",\"@id\":\"https:\\\/\\\/adf-magazine.com\\\/#\\\/schema\\\/person\\\/f266a6061389568b5a11465bb38bc025\"},\"headline\":\"Amea\u00e7a de Terrorismo Agora \u00e9 Uma Emerg\u00eancia no Togo\",\"datePublished\":\"2022-07-26T19:21:31+00:00\",\"mainEntityOfPage\":{\"@id\":\"https:\\\/\\\/adf-magazine.com\\\/pt-pt\\\/2022\\\/07\\\/ameaca-de-terrorismo-agora-e-uma-emergencia-no-togo\\\/\"},\"wordCount\":922,\"commentCount\":0,\"image\":{\"@id\":\"https:\\\/\\\/adf-magazine.com\\\/pt-pt\\\/2022\\\/07\\\/ameaca-de-terrorismo-agora-e-uma-emergencia-no-togo\\\/#primaryimage\"},\"thumbnailUrl\":\"https:\\\/\\\/adf-magazine.com\\\/wp-content\\\/uploads\\\/2022\\\/07\\\/GettyImages-1214277661.jpg\",\"keywords\":[\"\u00c1frica Ocidental\",\"Benin\",\"Burkina Faso\",\"Costa do Marfim\",\"extremismo\",\"Gana\",\"Golfo da Guin\u00e9\",\"insurg\u00eancia\",\"Sahel\",\"Seguran\u00e7a Fronteiri\u00e7a\",\"Terrorismo\",\"Togo\"],\"articleSection\":[\"Not\u00edcias diaries\"],\"inLanguage\":\"pt-PT\",\"potentialAction\":[{\"@type\":\"CommentAction\",\"name\":\"Comment\",\"target\":[\"https:\\\/\\\/adf-magazine.com\\\/pt-pt\\\/2022\\\/07\\\/ameaca-de-terrorismo-agora-e-uma-emergencia-no-togo\\\/#respond\"]}]},{\"@type\":\"WebPage\",\"@id\":\"https:\\\/\\\/adf-magazine.com\\\/pt-pt\\\/2022\\\/07\\\/ameaca-de-terrorismo-agora-e-uma-emergencia-no-togo\\\/\",\"url\":\"https:\\\/\\\/adf-magazine.com\\\/pt-pt\\\/2022\\\/07\\\/ameaca-de-terrorismo-agora-e-uma-emergencia-no-togo\\\/\",\"name\":\"Amea\u00e7a de Terrorismo Agora \u00e9 Uma Emerg\u00eancia no Togo - Africa Defense Forum\",\"isPartOf\":{\"@id\":\"https:\\\/\\\/adf-magazine.com\\\/#website\"},\"primaryImageOfPage\":{\"@id\":\"https:\\\/\\\/adf-magazine.com\\\/pt-pt\\\/2022\\\/07\\\/ameaca-de-terrorismo-agora-e-uma-emergencia-no-togo\\\/#primaryimage\"},\"image\":{\"@id\":\"https:\\\/\\\/adf-magazine.com\\\/pt-pt\\\/2022\\\/07\\\/ameaca-de-terrorismo-agora-e-uma-emergencia-no-togo\\\/#primaryimage\"},\"thumbnailUrl\":\"https:\\\/\\\/adf-magazine.com\\\/wp-content\\\/uploads\\\/2022\\\/07\\\/GettyImages-1214277661.jpg\",\"datePublished\":\"2022-07-26T19:21:31+00:00\",\"author\":{\"@id\":\"https:\\\/\\\/adf-magazine.com\\\/#\\\/schema\\\/person\\\/f266a6061389568b5a11465bb38bc025\"},\"breadcrumb\":{\"@id\":\"https:\\\/\\\/adf-magazine.com\\\/pt-pt\\\/2022\\\/07\\\/ameaca-de-terrorismo-agora-e-uma-emergencia-no-togo\\\/#breadcrumb\"},\"inLanguage\":\"pt-PT\",\"potentialAction\":[{\"@type\":\"ReadAction\",\"target\":[\"https:\\\/\\\/adf-magazine.com\\\/pt-pt\\\/2022\\\/07\\\/ameaca-de-terrorismo-agora-e-uma-emergencia-no-togo\\\/\"]}]},{\"@type\":\"ImageObject\",\"inLanguage\":\"pt-PT\",\"@id\":\"https:\\\/\\\/adf-magazine.com\\\/pt-pt\\\/2022\\\/07\\\/ameaca-de-terrorismo-agora-e-uma-emergencia-no-togo\\\/#primaryimage\",\"url\":\"https:\\\/\\\/adf-magazine.com\\\/wp-content\\\/uploads\\\/2022\\\/07\\\/GettyImages-1214277661.jpg\",\"contentUrl\":\"https:\\\/\\\/adf-magazine.com\\\/wp-content\\\/uploads\\\/2022\\\/07\\\/GettyImages-1214277661.jpg\",\"width\":1080,\"height\":720,\"caption\":\"Um soldado togol\u00eas monta guarda em Yemboate, o posto fronteiri\u00e7o do norte do Togo com o Burquina Faso. AFP\\\/GETTY IMAGES\"},{\"@type\":\"BreadcrumbList\",\"@id\":\"https:\\\/\\\/adf-magazine.com\\\/pt-pt\\\/2022\\\/07\\\/ameaca-de-terrorismo-agora-e-uma-emergencia-no-togo\\\/#breadcrumb\",\"itemListElement\":[{\"@type\":\"ListItem\",\"position\":1,\"name\":\"Home\",\"item\":\"https:\\\/\\\/adf-magazine.com\\\/\"},{\"@type\":\"ListItem\",\"position\":2,\"name\":\"Amea\u00e7a de Terrorismo Agora \u00e9 Uma Emerg\u00eancia no Togo\"}]},{\"@type\":\"WebSite\",\"@id\":\"https:\\\/\\\/adf-magazine.com\\\/#website\",\"url\":\"https:\\\/\\\/adf-magazine.com\\\/\",\"name\":\"Africa Defense Forum\",\"description\":\"Africa Defense Forum\",\"potentialAction\":[{\"@type\":\"SearchAction\",\"target\":{\"@type\":\"EntryPoint\",\"urlTemplate\":\"https:\\\/\\\/adf-magazine.com\\\/?s={search_term_string}\"},\"query-input\":{\"@type\":\"PropertyValueSpecification\",\"valueRequired\":true,\"valueName\":\"search_term_string\"}}],\"inLanguage\":\"pt-PT\"},{\"@type\":\"Person\",\"@id\":\"https:\\\/\\\/adf-magazine.com\\\/#\\\/schema\\\/person\\\/f266a6061389568b5a11465bb38bc025\",\"name\":\"ADF\",\"image\":{\"@type\":\"ImageObject\",\"inLanguage\":\"pt-PT\",\"@id\":\"https:\\\/\\\/adf-magazine.com\\\/wp-content\\\/uploads\\\/2020\\\/05\\\/cropped-ADF_icon.jpg\",\"url\":\"https:\\\/\\\/adf-magazine.com\\\/wp-content\\\/uploads\\\/2020\\\/05\\\/cropped-ADF_icon.jpg\",\"contentUrl\":\"https:\\\/\\\/adf-magazine.com\\\/wp-content\\\/uploads\\\/2020\\\/05\\\/cropped-ADF_icon.jpg\",\"caption\":\"ADF\"},\"description\":\"ADF is a professional military magazine published quarterly by U.S. Africa Command to provide an international forum for African security professionals. ADF covers topics such as counter terrorism strategies, security and defense operations, transnational crime, and all other issues affecting peace, stability, and good governance on the African continent.\",\"sameAs\":[\"https:\\\/\\\/x.com\\\/ADFmagazine\"],\"url\":\"https:\\\/\\\/adf-magazine.com\\\/pt-pt\\\/author\\\/adf\\\/\"}]}<\/script>\n<!-- \/ Yoast SEO plugin. -->","yoast_head_json":{"title":"Amea\u00e7a de Terrorismo Agora \u00e9 Uma Emerg\u00eancia no Togo - Africa Defense Forum","robots":{"index":"index","follow":"follow","max-snippet":"max-snippet:-1","max-image-preview":"max-image-preview:large","max-video-preview":"max-video-preview:-1"},"canonical":"https:\/\/adf-magazine.com\/pt-pt\/2022\/07\/ameaca-de-terrorismo-agora-e-uma-emergencia-no-togo\/","og_locale":"pt_PT","og_type":"article","og_title":"Amea\u00e7a de Terrorismo Agora \u00e9 Uma Emerg\u00eancia no Togo - Africa Defense Forum","og_description":"EQUIPA DA ADF O crescente n\u00famero de ataques no norte de Togo teve como alvo civis e militares \u2014 um outro sinal de que os grupos terroristas do Sahel est\u00e3o a expandir-se progressivamente e a amea\u00e7ar a costa da \u00c1frica Ocidental. O Togo declarou um \u201cestado de emerg\u00eancia de seguran\u00e7a\u201d na regi\u00e3o das Savanas da","og_url":"https:\/\/adf-magazine.com\/pt-pt\/2022\/07\/ameaca-de-terrorismo-agora-e-uma-emergencia-no-togo\/","og_site_name":"Africa Defense Forum","article_publisher":"https:\/\/www.facebook.com\/ADFmagazine\/","article_published_time":"2022-07-26T19:21:31+00:00","og_image":[{"width":1080,"height":720,"url":"https:\/\/adf-magazine.com\/wp-content\/uploads\/2022\/07\/GettyImages-1214277661.jpg","type":"image\/jpeg"}],"author":"ADF","twitter_card":"summary_large_image","twitter_creator":"@ADFmagazine","twitter_site":"@ADFmagazine","twitter_misc":{"Escrito por":"ADF","Tempo estimado de leitura":"5 minutos"},"schema":{"@context":"https:\/\/schema.org","@graph":[{"@type":"Article","@id":"https:\/\/adf-magazine.com\/pt-pt\/2022\/07\/ameaca-de-terrorismo-agora-e-uma-emergencia-no-togo\/#article","isPartOf":{"@id":"https:\/\/adf-magazine.com\/pt-pt\/2022\/07\/ameaca-de-terrorismo-agora-e-uma-emergencia-no-togo\/"},"author":{"name":"ADF","@id":"https:\/\/adf-magazine.com\/#\/schema\/person\/f266a6061389568b5a11465bb38bc025"},"headline":"Amea\u00e7a de Terrorismo Agora \u00e9 Uma Emerg\u00eancia no Togo","datePublished":"2022-07-26T19:21:31+00:00","mainEntityOfPage":{"@id":"https:\/\/adf-magazine.com\/pt-pt\/2022\/07\/ameaca-de-terrorismo-agora-e-uma-emergencia-no-togo\/"},"wordCount":922,"commentCount":0,"image":{"@id":"https:\/\/adf-magazine.com\/pt-pt\/2022\/07\/ameaca-de-terrorismo-agora-e-uma-emergencia-no-togo\/#primaryimage"},"thumbnailUrl":"https:\/\/adf-magazine.com\/wp-content\/uploads\/2022\/07\/GettyImages-1214277661.jpg","keywords":["\u00c1frica Ocidental","Benin","Burkina Faso","Costa do Marfim","extremismo","Gana","Golfo da Guin\u00e9","insurg\u00eancia","Sahel","Seguran\u00e7a Fronteiri\u00e7a","Terrorismo","Togo"],"articleSection":["Not\u00edcias diaries"],"inLanguage":"pt-PT","potentialAction":[{"@type":"CommentAction","name":"Comment","target":["https:\/\/adf-magazine.com\/pt-pt\/2022\/07\/ameaca-de-terrorismo-agora-e-uma-emergencia-no-togo\/#respond"]}]},{"@type":"WebPage","@id":"https:\/\/adf-magazine.com\/pt-pt\/2022\/07\/ameaca-de-terrorismo-agora-e-uma-emergencia-no-togo\/","url":"https:\/\/adf-magazine.com\/pt-pt\/2022\/07\/ameaca-de-terrorismo-agora-e-uma-emergencia-no-togo\/","name":"Amea\u00e7a de Terrorismo Agora \u00e9 Uma Emerg\u00eancia no Togo - Africa Defense Forum","isPartOf":{"@id":"https:\/\/adf-magazine.com\/#website"},"primaryImageOfPage":{"@id":"https:\/\/adf-magazine.com\/pt-pt\/2022\/07\/ameaca-de-terrorismo-agora-e-uma-emergencia-no-togo\/#primaryimage"},"image":{"@id":"https:\/\/adf-magazine.com\/pt-pt\/2022\/07\/ameaca-de-terrorismo-agora-e-uma-emergencia-no-togo\/#primaryimage"},"thumbnailUrl":"https:\/\/adf-magazine.com\/wp-content\/uploads\/2022\/07\/GettyImages-1214277661.jpg","datePublished":"2022-07-26T19:21:31+00:00","author":{"@id":"https:\/\/adf-magazine.com\/#\/schema\/person\/f266a6061389568b5a11465bb38bc025"},"breadcrumb":{"@id":"https:\/\/adf-magazine.com\/pt-pt\/2022\/07\/ameaca-de-terrorismo-agora-e-uma-emergencia-no-togo\/#breadcrumb"},"inLanguage":"pt-PT","potentialAction":[{"@type":"ReadAction","target":["https:\/\/adf-magazine.com\/pt-pt\/2022\/07\/ameaca-de-terrorismo-agora-e-uma-emergencia-no-togo\/"]}]},{"@type":"ImageObject","inLanguage":"pt-PT","@id":"https:\/\/adf-magazine.com\/pt-pt\/2022\/07\/ameaca-de-terrorismo-agora-e-uma-emergencia-no-togo\/#primaryimage","url":"https:\/\/adf-magazine.com\/wp-content\/uploads\/2022\/07\/GettyImages-1214277661.jpg","contentUrl":"https:\/\/adf-magazine.com\/wp-content\/uploads\/2022\/07\/GettyImages-1214277661.jpg","width":1080,"height":720,"caption":"Um soldado togol\u00eas monta guarda em Yemboate, o posto fronteiri\u00e7o do norte do Togo com o Burquina Faso. AFP\/GETTY IMAGES"},{"@type":"BreadcrumbList","@id":"https:\/\/adf-magazine.com\/pt-pt\/2022\/07\/ameaca-de-terrorismo-agora-e-uma-emergencia-no-togo\/#breadcrumb","itemListElement":[{"@type":"ListItem","position":1,"name":"Home","item":"https:\/\/adf-magazine.com\/"},{"@type":"ListItem","position":2,"name":"Amea\u00e7a de Terrorismo Agora \u00e9 Uma Emerg\u00eancia no Togo"}]},{"@type":"WebSite","@id":"https:\/\/adf-magazine.com\/#website","url":"https:\/\/adf-magazine.com\/","name":"Africa Defense Forum","description":"Africa Defense Forum","potentialAction":[{"@type":"SearchAction","target":{"@type":"EntryPoint","urlTemplate":"https:\/\/adf-magazine.com\/?s={search_term_string}"},"query-input":{"@type":"PropertyValueSpecification","valueRequired":true,"valueName":"search_term_string"}}],"inLanguage":"pt-PT"},{"@type":"Person","@id":"https:\/\/adf-magazine.com\/#\/schema\/person\/f266a6061389568b5a11465bb38bc025","name":"ADF","image":{"@type":"ImageObject","inLanguage":"pt-PT","@id":"https:\/\/adf-magazine.com\/wp-content\/uploads\/2020\/05\/cropped-ADF_icon.jpg","url":"https:\/\/adf-magazine.com\/wp-content\/uploads\/2020\/05\/cropped-ADF_icon.jpg","contentUrl":"https:\/\/adf-magazine.com\/wp-content\/uploads\/2020\/05\/cropped-ADF_icon.jpg","caption":"ADF"},"description":"ADF is a professional military magazine published quarterly by U.S. Africa Command to provide an international forum for African security professionals. ADF covers topics such as counter terrorism strategies, security and defense operations, transnational crime, and all other issues affecting peace, stability, and good governance on the African continent.","sameAs":["https:\/\/x.com\/ADFmagazine"],"url":"https:\/\/adf-magazine.com\/pt-pt\/author\/adf\/"}]}},"_links":{"self":[{"href":"https:\/\/adf-magazine.com\/pt-pt\/wp-json\/wp\/v2\/posts\/34007","targetHints":{"allow":["GET"]}}],"collection":[{"href":"https:\/\/adf-magazine.com\/pt-pt\/wp-json\/wp\/v2\/posts"}],"about":[{"href":"https:\/\/adf-magazine.com\/pt-pt\/wp-json\/wp\/v2\/types\/post"}],"author":[{"embeddable":true,"href":"https:\/\/adf-magazine.com\/pt-pt\/wp-json\/wp\/v2\/users\/1"}],"replies":[{"embeddable":true,"href":"https:\/\/adf-magazine.com\/pt-pt\/wp-json\/wp\/v2\/comments?post=34007"}],"version-history":[{"count":0,"href":"https:\/\/adf-magazine.com\/pt-pt\/wp-json\/wp\/v2\/posts\/34007\/revisions"}],"wp:featuredmedia":[{"embeddable":true,"href":"https:\/\/adf-magazine.com\/pt-pt\/wp-json\/wp\/v2\/media\/34005"}],"wp:attachment":[{"href":"https:\/\/adf-magazine.com\/pt-pt\/wp-json\/wp\/v2\/media?parent=34007"}],"wp:term":[{"taxonomy":"category","embeddable":true,"href":"https:\/\/adf-magazine.com\/pt-pt\/wp-json\/wp\/v2\/categories?post=34007"},{"taxonomy":"post_tag","embeddable":true,"href":"https:\/\/adf-magazine.com\/pt-pt\/wp-json\/wp\/v2\/tags?post=34007"}],"curies":[{"name":"wp","href":"https:\/\/api.w.org\/{rel}","templated":true}]}}