{"id":33112,"date":"2022-05-31T15:05:21","date_gmt":"2022-05-31T19:05:21","guid":{"rendered":"https:\/\/adf-magazine.com\/?p=33112"},"modified":"2022-05-31T15:05:39","modified_gmt":"2022-05-31T19:05:39","slug":"no-burkina-faso-a-violencia-vem-de-todas-as-partes","status":"publish","type":"post","link":"https:\/\/adf-magazine.com\/pt-pt\/2022\/05\/no-burkina-faso-a-violencia-vem-de-todas-as-partes\/","title":{"rendered":"No Burkina Faso, a Viol\u00eancia Vem de Todas as Partes"},"content":{"rendered":"<p>EQUIPA DA ADF<\/p>\n<p>Estando j\u00e1 num fogo cruzado de m\u00faltiplas organiza\u00e7\u00f5es extremistas violentas, a popula\u00e7\u00e3o civil do Burkina Faso diz que precisa de ser protegida pelas suas for\u00e7as de seguran\u00e7a e n\u00e3o ser v\u00edtima das mesmas.<\/p>\n<p>Desde 2016, grupos terroristas islamitas rivais afiliados ao grupo do Estado Isl\u00e2mico e \u00e0 al-Qaeda entraram no pa\u00eds vindos do norte, com consequ\u00eancias mortais.<\/p>\n<p>Recentes esfor\u00e7os por parte do governo em combater o terrorismo, contudo, tamb\u00e9m estiveram repletos de acusa\u00e7\u00f5es de mortes e abusos contra civis.<\/p>\n<p>Em Abril, uma coliga\u00e7\u00e3o de 17 organiza\u00e7\u00f5es da sociedade civil burquinab\u00eas divulgou um comunicado, afirmando a &#8220;necessidade de fazer com que os direitos humanos sejam uma quest\u00e3o central na luta contra a viol\u00eancia armada.&#8221;<\/p>\n<p>A coliga\u00e7\u00e3o comunicou que duas crian\u00e7as e um homem de 100 anos de idade estiveram entre os pelo menos 80 civis alvejados mortalmente durante as opera\u00e7\u00f5es militares do governo, nos dias 10 e 11 de Abril, nas aldeias da prov\u00edncia do norte de Burkina Faso, Oudalan.<\/p>\n<p>\u201cAs viola\u00e7\u00f5es de direitos humanos durante as opera\u00e7\u00f5es militares colocam em causa a seguran\u00e7a e encorajam o extremismo violento,\u201d segundo o comunicado. &#8220;Apenas pol\u00edticas de seguran\u00e7a centradas na protec\u00e7\u00e3o e respeito aos direitos humanos ir\u00e3o acabar e prevenir ciclos de viol\u00eancia armada a longo prazo.&#8221;<\/p>\n<p>O apelo da coliga\u00e7\u00e3o foi direccionado ao governo de transi\u00e7\u00e3o formado por uma junta militar que dep\u00f4s o presidente do Burkina Faso, no dia 24 de Janeiro, citando a inseguran\u00e7a como a sua motiva\u00e7\u00e3o prim\u00e1ria.<\/p>\n<p>Contudo, desde o golpe de Estado, os incidentes de viol\u00eancia quadruplicaram e as mortes triplicaram em compara\u00e7\u00e3o com o mesmo per\u00edodo de 2021, de acordo com dados do Projecto de Localiza\u00e7\u00e3o de Conflitos Armados e Dados de Evento.<\/p>\n<p>A viol\u00eancia deixou mais de 1,7 milh\u00f5es de pessoas deslocadas, no que \u00e9 a maior crise de refugiados no Sahel, de acordo com o Conselho Nacional para Ajuda de Emerg\u00eancia e Reabilita\u00e7\u00e3o.<\/p>\n<p>Aproximadamente uma em cada quatro pessoas no Burkina Faso, um pa\u00eds de 20 milh\u00f5es de habitantes, precisa urgentemente de ajuda humanit\u00e1ria, comunicaram as Na\u00e7\u00f5es Unidas.<\/p>\n<p>A recente resposta de combate ao terrorismo daquele pa\u00eds viu as for\u00e7as de seguran\u00e7a do governo e mil\u00edcias volunt\u00e1rios pr\u00f3-governo a aumentarem cada vez mais os abusos, raptos e mortes de civis.<\/p>\n<p>Num relat\u00f3rio do dia 16 de Maio, a organiza\u00e7\u00e3o internacional sem fins lucrativos, Human Rights Watch (HRW), documentou o sofrimento de alguns burquinab\u00eas encontrados nesta situa\u00e7\u00e3o.<\/p>\n<p>\u201cGrupos armados islamitas est\u00e3o a demonstrar dia ap\u00f3s dia o seu profundo desrespeito pelas vidas e meios de subsist\u00eancia da popula\u00e7\u00e3o civil,&#8221; directora da HRW para \u00c1frica Ocidental, Corinne Dufka, disse num comunicado. &#8220;As for\u00e7as governamentais e as mil\u00edcias associadas devem, de forma escrupulosa, observar as leis internacionais de direitos humanos e humanit\u00e1rias e acabar com os assassinatos em nome da seguran\u00e7a.\u201d<\/p>\n<p>Dufka tamb\u00e9m alertou que novos problemas est\u00e3o a emergir com a continua\u00e7\u00e3o da carnificina.<\/p>\n<p>Os terroristas islamitas atingiram aldeias com morteiros e enterraram dispositivos explosivos improvisados nas principais estradas, matando dezenas de pessoas nas \u00faltimas semanas e sufocando a ajuda humanit\u00e1ria.<\/p>\n<p>A viol\u00eancia descontrolada est\u00e1 a alimentar o recrutamento de crian\u00e7as combatentes. Mulheres e raparigas foram violadas sexualmente.<\/p>\n<p>&#8220;Documentei dezenas de casos de raparigas e mulheres que sofreram abuso sexual e foram agredidas fisicamente, enquanto procuravam lenha, iam e voltavam dos mercados, fugiam de suas aldeias por causa da luta,&#8221; contou.<\/p>\n<p>O relat\u00f3rio da HRW apelou o governo do Burkina Faso para revogar um decreto de 2021 que d\u00e1 aos membros das for\u00e7as especiais de combate ao terrorismo imunidade para n\u00e3o serem julgados por actos cometidos &#8220;no exerc\u00edcio das suas fun\u00e7\u00f5es.&#8221;<\/p>\n<p>Tamb\u00e9m sugere que o governo deve aumentar apoio m\u00e9dico e mental para as v\u00edtimas de abusos.<\/p>\n<p>&#8220;Houve muito pouca investiga\u00e7\u00e3o, e muito menos julgamentos, das atrocidades que foram perpetradas no conflito do Burkina Faso,&#8221; disse Dufka. \u201cO governo deve garantir a presen\u00e7a da pol\u00edcia militar com a responsabilidade de disciplinar as tropas e fazer valer os direitos dos detentos em todas as opera\u00e7\u00f5es militares e adoptar medidas para que os tribunais civis e militares conduzam julgamentos justos para os suspeitos.&#8221;<\/p>\n","protected":false},"excerpt":{"rendered":"<p>EQUIPA DA ADF Estando j\u00e1 num fogo cruzado de m\u00faltiplas organiza\u00e7\u00f5es extremistas violentas, a popula\u00e7\u00e3o civil do Burkina Faso diz que precisa de ser protegida pelas suas for\u00e7as de seguran\u00e7a e n\u00e3o ser v\u00edtima das mesmas. Desde 2016, grupos terroristas islamitas rivais afiliados ao grupo do Estado Isl\u00e2mico e \u00e0 al-Qaeda entraram no pa\u00eds vindos<\/p>\n","protected":false},"author":1,"featured_media":33110,"comment_status":"open","ping_status":"open","sticky":false,"template":"","format":"standard","meta":{"_acf_changed":false,"_monsterinsights_skip_tracking":false,"_monsterinsights_sitenote_active":false,"_monsterinsights_sitenote_note":"","_monsterinsights_sitenote_category":0,"_uf_show_specific_survey":0,"_uf_disable_surveys":false,"footnotes":""},"categories":[363],"tags":[503,499,706,1020,501,534],"class_list":{"0":"post-33112","1":"post","2":"type-post","3":"status-publish","4":"format-standard","5":"has-post-thumbnail","7":"category-melhores-historias","8":"tag-burkina-faso-pt-pt","9":"tag-extremismo","10":"tag-golpes","11":"tag-insurgencia","12":"tag-sahel-pt-pt","13":"tag-terrorismo"},"acf":[],"yoast_head":"<!-- This site is optimized with the Yoast SEO plugin v27.4 - https:\/\/yoast.com\/product\/yoast-seo-wordpress\/ -->\n<title>No Burkina Faso, a Viol\u00eancia Vem de Todas as Partes - Africa Defense Forum<\/title>\n<meta name=\"robots\" content=\"index, follow, max-snippet:-1, max-image-preview:large, max-video-preview:-1\" \/>\n<link rel=\"canonical\" href=\"https:\/\/adf-magazine.com\/pt-pt\/2022\/05\/no-burkina-faso-a-violencia-vem-de-todas-as-partes\/\" \/>\n<meta property=\"og:locale\" content=\"pt_PT\" \/>\n<meta property=\"og:type\" content=\"article\" \/>\n<meta property=\"og:title\" content=\"No Burkina Faso, a Viol\u00eancia Vem de Todas as Partes - Africa Defense Forum\" \/>\n<meta property=\"og:description\" content=\"EQUIPA DA ADF Estando j\u00e1 num fogo cruzado de m\u00faltiplas organiza\u00e7\u00f5es extremistas violentas, a popula\u00e7\u00e3o civil do Burkina Faso diz que precisa de ser protegida pelas suas for\u00e7as de seguran\u00e7a e n\u00e3o ser v\u00edtima das mesmas. Desde 2016, grupos terroristas islamitas rivais afiliados ao grupo do Estado Isl\u00e2mico e \u00e0 al-Qaeda entraram no pa\u00eds vindos\" \/>\n<meta property=\"og:url\" content=\"https:\/\/adf-magazine.com\/pt-pt\/2022\/05\/no-burkina-faso-a-violencia-vem-de-todas-as-partes\/\" \/>\n<meta property=\"og:site_name\" content=\"Africa Defense Forum\" \/>\n<meta property=\"article:publisher\" content=\"https:\/\/www.facebook.com\/ADFmagazine\/\" \/>\n<meta property=\"article:published_time\" content=\"2022-05-31T19:05:21+00:00\" \/>\n<meta property=\"article:modified_time\" content=\"2022-05-31T19:05:39+00:00\" \/>\n<meta property=\"og:image\" content=\"https:\/\/adf-magazine.com\/wp-content\/uploads\/2022\/05\/GettyImages-1198467286.jpg\" \/>\n\t<meta property=\"og:image:width\" content=\"1080\" \/>\n\t<meta property=\"og:image:height\" content=\"720\" \/>\n\t<meta property=\"og:image:type\" content=\"image\/jpeg\" \/>\n<meta name=\"author\" content=\"ADF\" \/>\n<meta name=\"twitter:card\" content=\"summary_large_image\" \/>\n<meta name=\"twitter:creator\" content=\"@ADFmagazine\" \/>\n<meta name=\"twitter:site\" content=\"@ADFmagazine\" \/>\n<meta name=\"twitter:label1\" content=\"Escrito por\" \/>\n\t<meta name=\"twitter:data1\" content=\"ADF\" \/>\n\t<meta name=\"twitter:label2\" content=\"Tempo estimado de leitura\" \/>\n\t<meta name=\"twitter:data2\" content=\"3 minutos\" \/>\n<script type=\"application\/ld+json\" class=\"yoast-schema-graph\">{\"@context\":\"https:\\\/\\\/schema.org\",\"@graph\":[{\"@type\":\"Article\",\"@id\":\"https:\\\/\\\/adf-magazine.com\\\/pt-pt\\\/2022\\\/05\\\/no-burkina-faso-a-violencia-vem-de-todas-as-partes\\\/#article\",\"isPartOf\":{\"@id\":\"https:\\\/\\\/adf-magazine.com\\\/pt-pt\\\/2022\\\/05\\\/no-burkina-faso-a-violencia-vem-de-todas-as-partes\\\/\"},\"author\":{\"name\":\"ADF\",\"@id\":\"https:\\\/\\\/adf-magazine.com\\\/#\\\/schema\\\/person\\\/f266a6061389568b5a11465bb38bc025\"},\"headline\":\"No Burkina Faso, a Viol\u00eancia Vem de Todas as Partes\",\"datePublished\":\"2022-05-31T19:05:21+00:00\",\"dateModified\":\"2022-05-31T19:05:39+00:00\",\"mainEntityOfPage\":{\"@id\":\"https:\\\/\\\/adf-magazine.com\\\/pt-pt\\\/2022\\\/05\\\/no-burkina-faso-a-violencia-vem-de-todas-as-partes\\\/\"},\"wordCount\":749,\"commentCount\":0,\"image\":{\"@id\":\"https:\\\/\\\/adf-magazine.com\\\/pt-pt\\\/2022\\\/05\\\/no-burkina-faso-a-violencia-vem-de-todas-as-partes\\\/#primaryimage\"},\"thumbnailUrl\":\"https:\\\/\\\/adf-magazine.com\\\/wp-content\\\/uploads\\\/2022\\\/05\\\/GettyImages-1198467286.jpg\",\"keywords\":[\"Burkina Faso\",\"extremismo\",\"golpes\",\"insurg\u00eancia\",\"Sahel\",\"Terrorismo\"],\"articleSection\":[\"Not\u00edcias diaries\"],\"inLanguage\":\"pt-PT\",\"potentialAction\":[{\"@type\":\"CommentAction\",\"name\":\"Comment\",\"target\":[\"https:\\\/\\\/adf-magazine.com\\\/pt-pt\\\/2022\\\/05\\\/no-burkina-faso-a-violencia-vem-de-todas-as-partes\\\/#respond\"]}]},{\"@type\":\"WebPage\",\"@id\":\"https:\\\/\\\/adf-magazine.com\\\/pt-pt\\\/2022\\\/05\\\/no-burkina-faso-a-violencia-vem-de-todas-as-partes\\\/\",\"url\":\"https:\\\/\\\/adf-magazine.com\\\/pt-pt\\\/2022\\\/05\\\/no-burkina-faso-a-violencia-vem-de-todas-as-partes\\\/\",\"name\":\"No Burkina Faso, a Viol\u00eancia Vem de Todas as Partes - Africa Defense Forum\",\"isPartOf\":{\"@id\":\"https:\\\/\\\/adf-magazine.com\\\/#website\"},\"primaryImageOfPage\":{\"@id\":\"https:\\\/\\\/adf-magazine.com\\\/pt-pt\\\/2022\\\/05\\\/no-burkina-faso-a-violencia-vem-de-todas-as-partes\\\/#primaryimage\"},\"image\":{\"@id\":\"https:\\\/\\\/adf-magazine.com\\\/pt-pt\\\/2022\\\/05\\\/no-burkina-faso-a-violencia-vem-de-todas-as-partes\\\/#primaryimage\"},\"thumbnailUrl\":\"https:\\\/\\\/adf-magazine.com\\\/wp-content\\\/uploads\\\/2022\\\/05\\\/GettyImages-1198467286.jpg\",\"datePublished\":\"2022-05-31T19:05:21+00:00\",\"dateModified\":\"2022-05-31T19:05:39+00:00\",\"author\":{\"@id\":\"https:\\\/\\\/adf-magazine.com\\\/#\\\/schema\\\/person\\\/f266a6061389568b5a11465bb38bc025\"},\"breadcrumb\":{\"@id\":\"https:\\\/\\\/adf-magazine.com\\\/pt-pt\\\/2022\\\/05\\\/no-burkina-faso-a-violencia-vem-de-todas-as-partes\\\/#breadcrumb\"},\"inLanguage\":\"pt-PT\",\"potentialAction\":[{\"@type\":\"ReadAction\",\"target\":[\"https:\\\/\\\/adf-magazine.com\\\/pt-pt\\\/2022\\\/05\\\/no-burkina-faso-a-violencia-vem-de-todas-as-partes\\\/\"]}]},{\"@type\":\"ImageObject\",\"inLanguage\":\"pt-PT\",\"@id\":\"https:\\\/\\\/adf-magazine.com\\\/pt-pt\\\/2022\\\/05\\\/no-burkina-faso-a-violencia-vem-de-todas-as-partes\\\/#primaryimage\",\"url\":\"https:\\\/\\\/adf-magazine.com\\\/wp-content\\\/uploads\\\/2022\\\/05\\\/GettyImages-1198467286.jpg\",\"contentUrl\":\"https:\\\/\\\/adf-magazine.com\\\/wp-content\\\/uploads\\\/2022\\\/05\\\/GettyImages-1198467286.jpg\",\"width\":1080,\"height\":720,\"caption\":\"Um soldado burquinab\u00ea faz patrulha no distrito que recebe deslocados internos da regi\u00e3o norte do Burkina Faso, em 2020. AFP\\\/GETTY IMAGES\"},{\"@type\":\"BreadcrumbList\",\"@id\":\"https:\\\/\\\/adf-magazine.com\\\/pt-pt\\\/2022\\\/05\\\/no-burkina-faso-a-violencia-vem-de-todas-as-partes\\\/#breadcrumb\",\"itemListElement\":[{\"@type\":\"ListItem\",\"position\":1,\"name\":\"Home\",\"item\":\"https:\\\/\\\/adf-magazine.com\\\/\"},{\"@type\":\"ListItem\",\"position\":2,\"name\":\"No Burkina Faso, a Viol\u00eancia Vem de Todas as Partes\"}]},{\"@type\":\"WebSite\",\"@id\":\"https:\\\/\\\/adf-magazine.com\\\/#website\",\"url\":\"https:\\\/\\\/adf-magazine.com\\\/\",\"name\":\"Africa Defense Forum\",\"description\":\"Africa Defense Forum\",\"potentialAction\":[{\"@type\":\"SearchAction\",\"target\":{\"@type\":\"EntryPoint\",\"urlTemplate\":\"https:\\\/\\\/adf-magazine.com\\\/?s={search_term_string}\"},\"query-input\":{\"@type\":\"PropertyValueSpecification\",\"valueRequired\":true,\"valueName\":\"search_term_string\"}}],\"inLanguage\":\"pt-PT\"},{\"@type\":\"Person\",\"@id\":\"https:\\\/\\\/adf-magazine.com\\\/#\\\/schema\\\/person\\\/f266a6061389568b5a11465bb38bc025\",\"name\":\"ADF\",\"image\":{\"@type\":\"ImageObject\",\"inLanguage\":\"pt-PT\",\"@id\":\"https:\\\/\\\/adf-magazine.com\\\/wp-content\\\/uploads\\\/2020\\\/05\\\/cropped-ADF_icon.jpg\",\"url\":\"https:\\\/\\\/adf-magazine.com\\\/wp-content\\\/uploads\\\/2020\\\/05\\\/cropped-ADF_icon.jpg\",\"contentUrl\":\"https:\\\/\\\/adf-magazine.com\\\/wp-content\\\/uploads\\\/2020\\\/05\\\/cropped-ADF_icon.jpg\",\"caption\":\"ADF\"},\"description\":\"ADF is a professional military magazine published quarterly by U.S. Africa Command to provide an international forum for African security professionals. ADF covers topics such as counter terrorism strategies, security and defense operations, transnational crime, and all other issues affecting peace, stability, and good governance on the African continent.\",\"sameAs\":[\"https:\\\/\\\/x.com\\\/ADFmagazine\"],\"url\":\"https:\\\/\\\/adf-magazine.com\\\/pt-pt\\\/author\\\/adf\\\/\"}]}<\/script>\n<!-- \/ Yoast SEO plugin. -->","yoast_head_json":{"title":"No Burkina Faso, a Viol\u00eancia Vem de Todas as Partes - Africa Defense Forum","robots":{"index":"index","follow":"follow","max-snippet":"max-snippet:-1","max-image-preview":"max-image-preview:large","max-video-preview":"max-video-preview:-1"},"canonical":"https:\/\/adf-magazine.com\/pt-pt\/2022\/05\/no-burkina-faso-a-violencia-vem-de-todas-as-partes\/","og_locale":"pt_PT","og_type":"article","og_title":"No Burkina Faso, a Viol\u00eancia Vem de Todas as Partes - Africa Defense Forum","og_description":"EQUIPA DA ADF Estando j\u00e1 num fogo cruzado de m\u00faltiplas organiza\u00e7\u00f5es extremistas violentas, a popula\u00e7\u00e3o civil do Burkina Faso diz que precisa de ser protegida pelas suas for\u00e7as de seguran\u00e7a e n\u00e3o ser v\u00edtima das mesmas. Desde 2016, grupos terroristas islamitas rivais afiliados ao grupo do Estado Isl\u00e2mico e \u00e0 al-Qaeda entraram no pa\u00eds vindos","og_url":"https:\/\/adf-magazine.com\/pt-pt\/2022\/05\/no-burkina-faso-a-violencia-vem-de-todas-as-partes\/","og_site_name":"Africa Defense Forum","article_publisher":"https:\/\/www.facebook.com\/ADFmagazine\/","article_published_time":"2022-05-31T19:05:21+00:00","article_modified_time":"2022-05-31T19:05:39+00:00","og_image":[{"width":1080,"height":720,"url":"https:\/\/adf-magazine.com\/wp-content\/uploads\/2022\/05\/GettyImages-1198467286.jpg","type":"image\/jpeg"}],"author":"ADF","twitter_card":"summary_large_image","twitter_creator":"@ADFmagazine","twitter_site":"@ADFmagazine","twitter_misc":{"Escrito por":"ADF","Tempo estimado de leitura":"3 minutos"},"schema":{"@context":"https:\/\/schema.org","@graph":[{"@type":"Article","@id":"https:\/\/adf-magazine.com\/pt-pt\/2022\/05\/no-burkina-faso-a-violencia-vem-de-todas-as-partes\/#article","isPartOf":{"@id":"https:\/\/adf-magazine.com\/pt-pt\/2022\/05\/no-burkina-faso-a-violencia-vem-de-todas-as-partes\/"},"author":{"name":"ADF","@id":"https:\/\/adf-magazine.com\/#\/schema\/person\/f266a6061389568b5a11465bb38bc025"},"headline":"No Burkina Faso, a Viol\u00eancia Vem de Todas as Partes","datePublished":"2022-05-31T19:05:21+00:00","dateModified":"2022-05-31T19:05:39+00:00","mainEntityOfPage":{"@id":"https:\/\/adf-magazine.com\/pt-pt\/2022\/05\/no-burkina-faso-a-violencia-vem-de-todas-as-partes\/"},"wordCount":749,"commentCount":0,"image":{"@id":"https:\/\/adf-magazine.com\/pt-pt\/2022\/05\/no-burkina-faso-a-violencia-vem-de-todas-as-partes\/#primaryimage"},"thumbnailUrl":"https:\/\/adf-magazine.com\/wp-content\/uploads\/2022\/05\/GettyImages-1198467286.jpg","keywords":["Burkina Faso","extremismo","golpes","insurg\u00eancia","Sahel","Terrorismo"],"articleSection":["Not\u00edcias diaries"],"inLanguage":"pt-PT","potentialAction":[{"@type":"CommentAction","name":"Comment","target":["https:\/\/adf-magazine.com\/pt-pt\/2022\/05\/no-burkina-faso-a-violencia-vem-de-todas-as-partes\/#respond"]}]},{"@type":"WebPage","@id":"https:\/\/adf-magazine.com\/pt-pt\/2022\/05\/no-burkina-faso-a-violencia-vem-de-todas-as-partes\/","url":"https:\/\/adf-magazine.com\/pt-pt\/2022\/05\/no-burkina-faso-a-violencia-vem-de-todas-as-partes\/","name":"No Burkina Faso, a Viol\u00eancia Vem de Todas as Partes - Africa Defense Forum","isPartOf":{"@id":"https:\/\/adf-magazine.com\/#website"},"primaryImageOfPage":{"@id":"https:\/\/adf-magazine.com\/pt-pt\/2022\/05\/no-burkina-faso-a-violencia-vem-de-todas-as-partes\/#primaryimage"},"image":{"@id":"https:\/\/adf-magazine.com\/pt-pt\/2022\/05\/no-burkina-faso-a-violencia-vem-de-todas-as-partes\/#primaryimage"},"thumbnailUrl":"https:\/\/adf-magazine.com\/wp-content\/uploads\/2022\/05\/GettyImages-1198467286.jpg","datePublished":"2022-05-31T19:05:21+00:00","dateModified":"2022-05-31T19:05:39+00:00","author":{"@id":"https:\/\/adf-magazine.com\/#\/schema\/person\/f266a6061389568b5a11465bb38bc025"},"breadcrumb":{"@id":"https:\/\/adf-magazine.com\/pt-pt\/2022\/05\/no-burkina-faso-a-violencia-vem-de-todas-as-partes\/#breadcrumb"},"inLanguage":"pt-PT","potentialAction":[{"@type":"ReadAction","target":["https:\/\/adf-magazine.com\/pt-pt\/2022\/05\/no-burkina-faso-a-violencia-vem-de-todas-as-partes\/"]}]},{"@type":"ImageObject","inLanguage":"pt-PT","@id":"https:\/\/adf-magazine.com\/pt-pt\/2022\/05\/no-burkina-faso-a-violencia-vem-de-todas-as-partes\/#primaryimage","url":"https:\/\/adf-magazine.com\/wp-content\/uploads\/2022\/05\/GettyImages-1198467286.jpg","contentUrl":"https:\/\/adf-magazine.com\/wp-content\/uploads\/2022\/05\/GettyImages-1198467286.jpg","width":1080,"height":720,"caption":"Um soldado burquinab\u00ea faz patrulha no distrito que recebe deslocados internos da regi\u00e3o norte do Burkina Faso, em 2020. AFP\/GETTY IMAGES"},{"@type":"BreadcrumbList","@id":"https:\/\/adf-magazine.com\/pt-pt\/2022\/05\/no-burkina-faso-a-violencia-vem-de-todas-as-partes\/#breadcrumb","itemListElement":[{"@type":"ListItem","position":1,"name":"Home","item":"https:\/\/adf-magazine.com\/"},{"@type":"ListItem","position":2,"name":"No Burkina Faso, a Viol\u00eancia Vem de Todas as Partes"}]},{"@type":"WebSite","@id":"https:\/\/adf-magazine.com\/#website","url":"https:\/\/adf-magazine.com\/","name":"Africa Defense Forum","description":"Africa Defense Forum","potentialAction":[{"@type":"SearchAction","target":{"@type":"EntryPoint","urlTemplate":"https:\/\/adf-magazine.com\/?s={search_term_string}"},"query-input":{"@type":"PropertyValueSpecification","valueRequired":true,"valueName":"search_term_string"}}],"inLanguage":"pt-PT"},{"@type":"Person","@id":"https:\/\/adf-magazine.com\/#\/schema\/person\/f266a6061389568b5a11465bb38bc025","name":"ADF","image":{"@type":"ImageObject","inLanguage":"pt-PT","@id":"https:\/\/adf-magazine.com\/wp-content\/uploads\/2020\/05\/cropped-ADF_icon.jpg","url":"https:\/\/adf-magazine.com\/wp-content\/uploads\/2020\/05\/cropped-ADF_icon.jpg","contentUrl":"https:\/\/adf-magazine.com\/wp-content\/uploads\/2020\/05\/cropped-ADF_icon.jpg","caption":"ADF"},"description":"ADF is a professional military magazine published quarterly by U.S. Africa Command to provide an international forum for African security professionals. ADF covers topics such as counter terrorism strategies, security and defense operations, transnational crime, and all other issues affecting peace, stability, and good governance on the African continent.","sameAs":["https:\/\/x.com\/ADFmagazine"],"url":"https:\/\/adf-magazine.com\/pt-pt\/author\/adf\/"}]}},"_links":{"self":[{"href":"https:\/\/adf-magazine.com\/pt-pt\/wp-json\/wp\/v2\/posts\/33112","targetHints":{"allow":["GET"]}}],"collection":[{"href":"https:\/\/adf-magazine.com\/pt-pt\/wp-json\/wp\/v2\/posts"}],"about":[{"href":"https:\/\/adf-magazine.com\/pt-pt\/wp-json\/wp\/v2\/types\/post"}],"author":[{"embeddable":true,"href":"https:\/\/adf-magazine.com\/pt-pt\/wp-json\/wp\/v2\/users\/1"}],"replies":[{"embeddable":true,"href":"https:\/\/adf-magazine.com\/pt-pt\/wp-json\/wp\/v2\/comments?post=33112"}],"version-history":[{"count":0,"href":"https:\/\/adf-magazine.com\/pt-pt\/wp-json\/wp\/v2\/posts\/33112\/revisions"}],"wp:featuredmedia":[{"embeddable":true,"href":"https:\/\/adf-magazine.com\/pt-pt\/wp-json\/wp\/v2\/media\/33110"}],"wp:attachment":[{"href":"https:\/\/adf-magazine.com\/pt-pt\/wp-json\/wp\/v2\/media?parent=33112"}],"wp:term":[{"taxonomy":"category","embeddable":true,"href":"https:\/\/adf-magazine.com\/pt-pt\/wp-json\/wp\/v2\/categories?post=33112"},{"taxonomy":"post_tag","embeddable":true,"href":"https:\/\/adf-magazine.com\/pt-pt\/wp-json\/wp\/v2\/tags?post=33112"}],"curies":[{"name":"wp","href":"https:\/\/api.w.org\/{rel}","templated":true}]}}