{"id":32261,"date":"2022-04-28T14:42:30","date_gmt":"2022-04-28T18:42:30","guid":{"rendered":"https:\/\/adf-magazine.com\/?p=32261"},"modified":"2022-05-09T10:34:38","modified_gmt":"2022-05-09T14:34:38","slug":"aldeia-senegalesa-transforma-se-num-oasis","status":"publish","type":"post","link":"https:\/\/adf-magazine.com\/pt-pt\/2022\/04\/aldeia-senegalesa-transforma-se-num-oasis\/","title":{"rendered":"Aldeia Senegalesa Transforma-Se Num Oasis"},"content":{"rendered":"<p>REUTERS<\/p>\n<p>Debaixo do sol escaldante que se faz sentir na savana do Senegal, os jardins verdejantes da aldeia de Ndem constituem um santu\u00e1rio.<\/p>\n<p>Dentro de uma cerca de hibiscos, filas de produtos hort\u00edcolas crescem debaixo das fruteiras. Homens com dreadlocks e mulheres com mantos coloridos, de tecido pintado e bolsas cozidas destinadas a boutiques de luxo e empresas de mob\u00edlia.<\/p>\n<p>S\u00e3o membros de Baye Fall, uma ramifica\u00e7\u00e3o da irmandade mu\u00e7ulmana Mouride, do Senegal, que acredita que o trabalho \u00e9 uma forma de ora\u00e7\u00e3o. Em Ndem, eles criaram um o\u00e1sis numa regi\u00e3o h\u00e1 muito assolada pela seca.<\/p>\n<p>\u201cSomos levados ao amor pela partilha, pelo trabalho, reflectindo-se na melhoria das condi\u00e7\u00f5es de vida do nosso ambiente, em harmonia com a natureza,\u201d disse Fallou Mbow, de 29 anos de idade, cujo trisav\u00f4 fundou a aldeia.<\/p>\n<p>Os pais de Mbow e outros fundaram a organiza\u00e7\u00e3o n\u00e3o-governamental Ndem Villagers (Alde\u00e3os de Ndem), em 1984, para fazer a gest\u00e3o de diversos projectos de desenvolvimento. Desde ent\u00e3o, o grupo cresceu para cerca de 4.600 membros que renovaram a paisagem com a ajuda de sistemas de irriga\u00e7\u00e3o e energia solar.<\/p>\n<p>\u201c\u00c9 apenas em Ndem onde existe este tipo de oportunidades de trabalho,\u201d disse Mame Diarra Wade, uma das 120 mulheres que processam o fruto do embondeiro para transform\u00e1-lo num p\u00f3 consum\u00edvel. \u201cEstamos felizes de ver aqueles que s\u00e3o oriundos das aldeias ao redor virem trabalhar connosco.\u201d<\/p>\n<p>A pedido dos l\u00edderes de Mouride, a fam\u00edlia Mbow mudou-se, em 2015, para uma outra aldeia, pr\u00f3xima de Mbacke Kadjior, para replicar o seu sucesso. A aldeia agora orgulha-se de possuir movimentadas oficinas de artesanato e extensos jardins.<\/p>\n<p>\u201cUm dos principais objectivos \u00e9 de realmente reduzir o \u00eaxodo rural,\u201d disse Maam Samba Mbow, irm\u00e3o mais novo de Fallou Mbow, \u201cpara criar uma economia local din\u00e2mica que seja boa para os alde\u00e3os, para que possam ter uma vida feliz com actividades interessantes em vez de sair \u00e0 procura de emprego nas grandes cidades.\u201d<\/p>\n","protected":false},"excerpt":{"rendered":"<p>REUTERS Debaixo do sol escaldante que se faz sentir na savana do Senegal, os jardins verdejantes da aldeia de Ndem constituem um santu\u00e1rio. Dentro de uma cerca de hibiscos, filas de produtos hort\u00edcolas crescem debaixo das fruteiras. Homens com dreadlocks e mulheres com mantos coloridos, de tecido pintado e bolsas cozidas destinadas a boutiques de<\/p>\n","protected":false},"author":1,"featured_media":32020,"comment_status":"open","ping_status":"open","sticky":false,"template":"","format":"standard","meta":{"_acf_changed":false,"_monsterinsights_skip_tracking":false,"_monsterinsights_sitenote_active":false,"_monsterinsights_sitenote_note":"","_monsterinsights_sitenote_category":0,"_uf_show_specific_survey":0,"_uf_disable_surveys":false,"footnotes":""},"categories":[342,335],"tags":[],"class_list":{"0":"post-32261","1":"post","2":"type-post","3":"status-publish","4":"format-standard","5":"has-post-thumbnail","7":"category-caminhos-da-esperanca","8":"category-colunas"},"acf":[],"yoast_head":"<!-- This site is optimized with the Yoast SEO plugin v27.5 - https:\/\/yoast.com\/product\/yoast-seo-wordpress\/ -->\n<title>Aldeia Senegalesa Transforma-Se Num Oasis - Africa Defense Forum<\/title>\n<meta name=\"robots\" content=\"index, follow, max-snippet:-1, max-image-preview:large, max-video-preview:-1\" \/>\n<link rel=\"canonical\" href=\"https:\/\/adf-magazine.com\/2022\/04\/senegalese-village-becomes-oasis\/\" \/>\n<meta property=\"og:locale\" content=\"pt_PT\" \/>\n<meta property=\"og:type\" content=\"article\" \/>\n<meta property=\"og:title\" content=\"Aldeia Senegalesa Transforma-Se Num Oasis - Africa Defense Forum\" \/>\n<meta property=\"og:description\" content=\"REUTERS Debaixo do sol escaldante que se faz sentir na savana do Senegal, os jardins verdejantes da aldeia de Ndem constituem um santu\u00e1rio. Dentro de uma cerca de hibiscos, filas de produtos hort\u00edcolas crescem debaixo das fruteiras. Homens com dreadlocks e mulheres com mantos coloridos, de tecido pintado e bolsas cozidas destinadas a boutiques de\" \/>\n<meta property=\"og:url\" content=\"https:\/\/adf-magazine.com\/2022\/04\/senegalese-village-becomes-oasis\/\" \/>\n<meta property=\"og:site_name\" content=\"Africa Defense Forum\" \/>\n<meta property=\"article:publisher\" content=\"https:\/\/www.facebook.com\/ADFmagazine\/\" \/>\n<meta property=\"article:published_time\" content=\"2022-04-28T18:42:30+00:00\" \/>\n<meta property=\"article:modified_time\" content=\"2022-05-09T14:34:38+00:00\" \/>\n<meta property=\"og:image\" content=\"https:\/\/adf-magazine.com\/wp-content\/uploads\/2022\/04\/paths-tree.jpg\" \/>\n\t<meta property=\"og:image:width\" content=\"1080\" \/>\n\t<meta property=\"og:image:height\" content=\"821\" \/>\n\t<meta property=\"og:image:type\" content=\"image\/jpeg\" \/>\n<meta name=\"author\" content=\"ADF\" \/>\n<meta name=\"twitter:card\" content=\"summary_large_image\" \/>\n<meta name=\"twitter:creator\" content=\"@ADFmagazine\" \/>\n<meta name=\"twitter:site\" content=\"@ADFmagazine\" \/>\n<meta name=\"twitter:label1\" content=\"Escrito por\" \/>\n\t<meta name=\"twitter:data1\" content=\"ADF\" \/>\n\t<meta name=\"twitter:label2\" content=\"Tempo estimado de leitura\" \/>\n\t<meta name=\"twitter:data2\" content=\"2 minutos\" \/>\n<script type=\"application\/ld+json\" class=\"yoast-schema-graph\">{\"@context\":\"https:\\\/\\\/schema.org\",\"@graph\":[{\"@type\":\"Article\",\"@id\":\"https:\\\/\\\/adf-magazine.com\\\/2022\\\/04\\\/senegalese-village-becomes-oasis\\\/#article\",\"isPartOf\":{\"@id\":\"https:\\\/\\\/adf-magazine.com\\\/2022\\\/04\\\/senegalese-village-becomes-oasis\\\/\"},\"author\":{\"name\":\"ADF\",\"@id\":\"https:\\\/\\\/adf-magazine.com\\\/#\\\/schema\\\/person\\\/f266a6061389568b5a11465bb38bc025\"},\"headline\":\"Aldeia Senegalesa Transforma-Se Num Oasis\",\"datePublished\":\"2022-04-28T18:42:30+00:00\",\"dateModified\":\"2022-05-09T14:34:38+00:00\",\"mainEntityOfPage\":{\"@id\":\"https:\\\/\\\/adf-magazine.com\\\/2022\\\/04\\\/senegalese-village-becomes-oasis\\\/\"},\"wordCount\":341,\"commentCount\":0,\"image\":{\"@id\":\"https:\\\/\\\/adf-magazine.com\\\/2022\\\/04\\\/senegalese-village-becomes-oasis\\\/#primaryimage\"},\"thumbnailUrl\":\"https:\\\/\\\/adf-magazine.com\\\/wp-content\\\/uploads\\\/2022\\\/04\\\/paths-tree.jpg\",\"articleSection\":[\"Caminhos da Esperan\u00e7a\",\"Colunas\"],\"inLanguage\":\"pt-PT\",\"potentialAction\":[{\"@type\":\"CommentAction\",\"name\":\"Comment\",\"target\":[\"https:\\\/\\\/adf-magazine.com\\\/2022\\\/04\\\/senegalese-village-becomes-oasis\\\/#respond\"]}]},{\"@type\":\"WebPage\",\"@id\":\"https:\\\/\\\/adf-magazine.com\\\/2022\\\/04\\\/senegalese-village-becomes-oasis\\\/\",\"url\":\"https:\\\/\\\/adf-magazine.com\\\/2022\\\/04\\\/senegalese-village-becomes-oasis\\\/\",\"name\":\"Aldeia Senegalesa Transforma-Se Num Oasis - Africa Defense Forum\",\"isPartOf\":{\"@id\":\"https:\\\/\\\/adf-magazine.com\\\/#website\"},\"primaryImageOfPage\":{\"@id\":\"https:\\\/\\\/adf-magazine.com\\\/2022\\\/04\\\/senegalese-village-becomes-oasis\\\/#primaryimage\"},\"image\":{\"@id\":\"https:\\\/\\\/adf-magazine.com\\\/2022\\\/04\\\/senegalese-village-becomes-oasis\\\/#primaryimage\"},\"thumbnailUrl\":\"https:\\\/\\\/adf-magazine.com\\\/wp-content\\\/uploads\\\/2022\\\/04\\\/paths-tree.jpg\",\"datePublished\":\"2022-04-28T18:42:30+00:00\",\"dateModified\":\"2022-05-09T14:34:38+00:00\",\"author\":{\"@id\":\"https:\\\/\\\/adf-magazine.com\\\/#\\\/schema\\\/person\\\/f266a6061389568b5a11465bb38bc025\"},\"breadcrumb\":{\"@id\":\"https:\\\/\\\/adf-magazine.com\\\/2022\\\/04\\\/senegalese-village-becomes-oasis\\\/#breadcrumb\"},\"inLanguage\":\"pt-PT\",\"potentialAction\":[{\"@type\":\"ReadAction\",\"target\":[\"https:\\\/\\\/adf-magazine.com\\\/2022\\\/04\\\/senegalese-village-becomes-oasis\\\/\"]}]},{\"@type\":\"ImageObject\",\"inLanguage\":\"pt-PT\",\"@id\":\"https:\\\/\\\/adf-magazine.com\\\/2022\\\/04\\\/senegalese-village-becomes-oasis\\\/#primaryimage\",\"url\":\"https:\\\/\\\/adf-magazine.com\\\/wp-content\\\/uploads\\\/2022\\\/04\\\/paths-tree.jpg\",\"contentUrl\":\"https:\\\/\\\/adf-magazine.com\\\/wp-content\\\/uploads\\\/2022\\\/04\\\/paths-tree.jpg\",\"width\":1080,\"height\":821},{\"@type\":\"BreadcrumbList\",\"@id\":\"https:\\\/\\\/adf-magazine.com\\\/2022\\\/04\\\/senegalese-village-becomes-oasis\\\/#breadcrumb\",\"itemListElement\":[{\"@type\":\"ListItem\",\"position\":1,\"name\":\"Home\",\"item\":\"https:\\\/\\\/adf-magazine.com\\\/\"},{\"@type\":\"ListItem\",\"position\":2,\"name\":\"Aldeia Senegalesa Transforma-Se Num Oasis\"}]},{\"@type\":\"WebSite\",\"@id\":\"https:\\\/\\\/adf-magazine.com\\\/#website\",\"url\":\"https:\\\/\\\/adf-magazine.com\\\/\",\"name\":\"Africa Defense Forum\",\"description\":\"Africa Defense Forum\",\"potentialAction\":[{\"@type\":\"SearchAction\",\"target\":{\"@type\":\"EntryPoint\",\"urlTemplate\":\"https:\\\/\\\/adf-magazine.com\\\/?s={search_term_string}\"},\"query-input\":{\"@type\":\"PropertyValueSpecification\",\"valueRequired\":true,\"valueName\":\"search_term_string\"}}],\"inLanguage\":\"pt-PT\"},{\"@type\":\"Person\",\"@id\":\"https:\\\/\\\/adf-magazine.com\\\/#\\\/schema\\\/person\\\/f266a6061389568b5a11465bb38bc025\",\"name\":\"ADF\",\"image\":{\"@type\":\"ImageObject\",\"inLanguage\":\"pt-PT\",\"@id\":\"https:\\\/\\\/adf-magazine.com\\\/wp-content\\\/uploads\\\/2020\\\/05\\\/cropped-ADF_icon.jpg\",\"url\":\"https:\\\/\\\/adf-magazine.com\\\/wp-content\\\/uploads\\\/2020\\\/05\\\/cropped-ADF_icon.jpg\",\"contentUrl\":\"https:\\\/\\\/adf-magazine.com\\\/wp-content\\\/uploads\\\/2020\\\/05\\\/cropped-ADF_icon.jpg\",\"caption\":\"ADF\"},\"description\":\"ADF is a professional military magazine published quarterly by U.S. Africa Command to provide an international forum for African security professionals. ADF covers topics such as counter terrorism strategies, security and defense operations, transnational crime, and all other issues affecting peace, stability, and good governance on the African continent.\",\"sameAs\":[\"https:\\\/\\\/x.com\\\/ADFmagazine\"],\"url\":\"https:\\\/\\\/adf-magazine.com\\\/pt-pt\\\/author\\\/adf\\\/\"}]}<\/script>\n<!-- \/ Yoast SEO plugin. -->","yoast_head_json":{"title":"Aldeia Senegalesa Transforma-Se Num Oasis - Africa Defense Forum","robots":{"index":"index","follow":"follow","max-snippet":"max-snippet:-1","max-image-preview":"max-image-preview:large","max-video-preview":"max-video-preview:-1"},"canonical":"https:\/\/adf-magazine.com\/2022\/04\/senegalese-village-becomes-oasis\/","og_locale":"pt_PT","og_type":"article","og_title":"Aldeia Senegalesa Transforma-Se Num Oasis - Africa Defense Forum","og_description":"REUTERS Debaixo do sol escaldante que se faz sentir na savana do Senegal, os jardins verdejantes da aldeia de Ndem constituem um santu\u00e1rio. Dentro de uma cerca de hibiscos, filas de produtos hort\u00edcolas crescem debaixo das fruteiras. Homens com dreadlocks e mulheres com mantos coloridos, de tecido pintado e bolsas cozidas destinadas a boutiques de","og_url":"https:\/\/adf-magazine.com\/2022\/04\/senegalese-village-becomes-oasis\/","og_site_name":"Africa Defense Forum","article_publisher":"https:\/\/www.facebook.com\/ADFmagazine\/","article_published_time":"2022-04-28T18:42:30+00:00","article_modified_time":"2022-05-09T14:34:38+00:00","og_image":[{"width":1080,"height":821,"url":"https:\/\/adf-magazine.com\/wp-content\/uploads\/2022\/04\/paths-tree.jpg","type":"image\/jpeg"}],"author":"ADF","twitter_card":"summary_large_image","twitter_creator":"@ADFmagazine","twitter_site":"@ADFmagazine","twitter_misc":{"Escrito por":"ADF","Tempo estimado de leitura":"2 minutos"},"schema":{"@context":"https:\/\/schema.org","@graph":[{"@type":"Article","@id":"https:\/\/adf-magazine.com\/2022\/04\/senegalese-village-becomes-oasis\/#article","isPartOf":{"@id":"https:\/\/adf-magazine.com\/2022\/04\/senegalese-village-becomes-oasis\/"},"author":{"name":"ADF","@id":"https:\/\/adf-magazine.com\/#\/schema\/person\/f266a6061389568b5a11465bb38bc025"},"headline":"Aldeia Senegalesa Transforma-Se Num Oasis","datePublished":"2022-04-28T18:42:30+00:00","dateModified":"2022-05-09T14:34:38+00:00","mainEntityOfPage":{"@id":"https:\/\/adf-magazine.com\/2022\/04\/senegalese-village-becomes-oasis\/"},"wordCount":341,"commentCount":0,"image":{"@id":"https:\/\/adf-magazine.com\/2022\/04\/senegalese-village-becomes-oasis\/#primaryimage"},"thumbnailUrl":"https:\/\/adf-magazine.com\/wp-content\/uploads\/2022\/04\/paths-tree.jpg","articleSection":["Caminhos da Esperan\u00e7a","Colunas"],"inLanguage":"pt-PT","potentialAction":[{"@type":"CommentAction","name":"Comment","target":["https:\/\/adf-magazine.com\/2022\/04\/senegalese-village-becomes-oasis\/#respond"]}]},{"@type":"WebPage","@id":"https:\/\/adf-magazine.com\/2022\/04\/senegalese-village-becomes-oasis\/","url":"https:\/\/adf-magazine.com\/2022\/04\/senegalese-village-becomes-oasis\/","name":"Aldeia Senegalesa Transforma-Se Num Oasis - Africa Defense Forum","isPartOf":{"@id":"https:\/\/adf-magazine.com\/#website"},"primaryImageOfPage":{"@id":"https:\/\/adf-magazine.com\/2022\/04\/senegalese-village-becomes-oasis\/#primaryimage"},"image":{"@id":"https:\/\/adf-magazine.com\/2022\/04\/senegalese-village-becomes-oasis\/#primaryimage"},"thumbnailUrl":"https:\/\/adf-magazine.com\/wp-content\/uploads\/2022\/04\/paths-tree.jpg","datePublished":"2022-04-28T18:42:30+00:00","dateModified":"2022-05-09T14:34:38+00:00","author":{"@id":"https:\/\/adf-magazine.com\/#\/schema\/person\/f266a6061389568b5a11465bb38bc025"},"breadcrumb":{"@id":"https:\/\/adf-magazine.com\/2022\/04\/senegalese-village-becomes-oasis\/#breadcrumb"},"inLanguage":"pt-PT","potentialAction":[{"@type":"ReadAction","target":["https:\/\/adf-magazine.com\/2022\/04\/senegalese-village-becomes-oasis\/"]}]},{"@type":"ImageObject","inLanguage":"pt-PT","@id":"https:\/\/adf-magazine.com\/2022\/04\/senegalese-village-becomes-oasis\/#primaryimage","url":"https:\/\/adf-magazine.com\/wp-content\/uploads\/2022\/04\/paths-tree.jpg","contentUrl":"https:\/\/adf-magazine.com\/wp-content\/uploads\/2022\/04\/paths-tree.jpg","width":1080,"height":821},{"@type":"BreadcrumbList","@id":"https:\/\/adf-magazine.com\/2022\/04\/senegalese-village-becomes-oasis\/#breadcrumb","itemListElement":[{"@type":"ListItem","position":1,"name":"Home","item":"https:\/\/adf-magazine.com\/"},{"@type":"ListItem","position":2,"name":"Aldeia Senegalesa Transforma-Se Num Oasis"}]},{"@type":"WebSite","@id":"https:\/\/adf-magazine.com\/#website","url":"https:\/\/adf-magazine.com\/","name":"Africa Defense Forum","description":"Africa Defense Forum","potentialAction":[{"@type":"SearchAction","target":{"@type":"EntryPoint","urlTemplate":"https:\/\/adf-magazine.com\/?s={search_term_string}"},"query-input":{"@type":"PropertyValueSpecification","valueRequired":true,"valueName":"search_term_string"}}],"inLanguage":"pt-PT"},{"@type":"Person","@id":"https:\/\/adf-magazine.com\/#\/schema\/person\/f266a6061389568b5a11465bb38bc025","name":"ADF","image":{"@type":"ImageObject","inLanguage":"pt-PT","@id":"https:\/\/adf-magazine.com\/wp-content\/uploads\/2020\/05\/cropped-ADF_icon.jpg","url":"https:\/\/adf-magazine.com\/wp-content\/uploads\/2020\/05\/cropped-ADF_icon.jpg","contentUrl":"https:\/\/adf-magazine.com\/wp-content\/uploads\/2020\/05\/cropped-ADF_icon.jpg","caption":"ADF"},"description":"ADF is a professional military magazine published quarterly by U.S. Africa Command to provide an international forum for African security professionals. ADF covers topics such as counter terrorism strategies, security and defense operations, transnational crime, and all other issues affecting peace, stability, and good governance on the African continent.","sameAs":["https:\/\/x.com\/ADFmagazine"],"url":"https:\/\/adf-magazine.com\/pt-pt\/author\/adf\/"}]}},"_links":{"self":[{"href":"https:\/\/adf-magazine.com\/pt-pt\/wp-json\/wp\/v2\/posts\/32261","targetHints":{"allow":["GET"]}}],"collection":[{"href":"https:\/\/adf-magazine.com\/pt-pt\/wp-json\/wp\/v2\/posts"}],"about":[{"href":"https:\/\/adf-magazine.com\/pt-pt\/wp-json\/wp\/v2\/types\/post"}],"author":[{"embeddable":true,"href":"https:\/\/adf-magazine.com\/pt-pt\/wp-json\/wp\/v2\/users\/1"}],"replies":[{"embeddable":true,"href":"https:\/\/adf-magazine.com\/pt-pt\/wp-json\/wp\/v2\/comments?post=32261"}],"version-history":[{"count":0,"href":"https:\/\/adf-magazine.com\/pt-pt\/wp-json\/wp\/v2\/posts\/32261\/revisions"}],"wp:featuredmedia":[{"embeddable":true,"href":"https:\/\/adf-magazine.com\/pt-pt\/wp-json\/wp\/v2\/media\/32020"}],"wp:attachment":[{"href":"https:\/\/adf-magazine.com\/pt-pt\/wp-json\/wp\/v2\/media?parent=32261"}],"wp:term":[{"taxonomy":"category","embeddable":true,"href":"https:\/\/adf-magazine.com\/pt-pt\/wp-json\/wp\/v2\/categories?post=32261"},{"taxonomy":"post_tag","embeddable":true,"href":"https:\/\/adf-magazine.com\/pt-pt\/wp-json\/wp\/v2\/tags?post=32261"}],"curies":[{"name":"wp","href":"https:\/\/api.w.org\/{rel}","templated":true}]}}