{"id":30356,"date":"2022-02-01T13:21:33","date_gmt":"2022-02-01T18:21:33","guid":{"rendered":"https:\/\/adf-magazine.com\/?p=30356"},"modified":"2022-02-01T13:22:18","modified_gmt":"2022-02-01T18:22:18","slug":"cedeao-apela-a-cooperacao-para-travar-a-pesca-ilegal","status":"publish","type":"post","link":"https:\/\/adf-magazine.com\/pt-pt\/2022\/02\/cedeao-apela-a-cooperacao-para-travar-a-pesca-ilegal\/","title":{"rendered":"CEDEAO Apela \u00e0 Coopera\u00e7\u00e3o para Travar a Pesca Ilegal"},"content":{"rendered":"<div>\n<p><span lang=\"PT\">EQUIPA DA ADF<\/span><\/p>\n<p><span style=\"text-transform: initial;\">As autoridades da \u00c1frica Ocidental est\u00e3o a dizer que a esc\u00f3ria da pesca ilegal apenas pode ser enfrentada com uma frente unida a n\u00edvel regional. Est\u00e3o a apelar para uma maior coopera\u00e7\u00e3o na gest\u00e3o, patrulha e controlo das pescas no Golfo da Guin\u00e9.<\/span><\/p>\n<\/div>\n<div><span lang=\"PT\">Amadou Tall, l\u00edder do programa da Comunidade Econ\u00f3mica dos Estados da \u00c1frica Ocidental (CEDEAO) para a melhoria da governa\u00e7\u00e3o das pescas na \u00c1frica Ocidental, fez um apelo para uma maior coopera\u00e7\u00e3o em Dezembro, no fim de uma c<\/span><\/div>\n<div>\n<p><span lang=\"PT\">onfer\u00eancia anual do Comit\u00e9 das Pescas do Centro-Oeste do Golfo da Guin\u00e9 (FCWC).<\/span><\/p>\n<p>A coopera\u00e7\u00e3o no combate \u00e0 pesca ilegal, n\u00e3o declarada e n\u00e3o regulamentada (INN) iria reduzir os custos de seguran\u00e7a mar\u00edtima se todos os pa\u00edses pudessem reunir os seus recursos.<\/p>\n<p>\u201cN\u00e3o se pode fazer a patrulha sozinho para combater a pesca INN,\u201d disse Tall numa reportagem do jornal gan\u00eas, Daily Graphic, acrescentando que o Gana podia liderar os esfor\u00e7os.<\/p>\n<p>Os pa\u00edses-membros do FCWC s\u00e3o Benin, Costa do Marfim, Gana, Lib\u00e9ria, Nig\u00e9ria e Togo. Os pa\u00edses formaram um comit\u00e9 para promover e melhorar a coopera\u00e7\u00e3o relacionada com a gest\u00e3o das pescas e das unidades populacionais de peixe.<\/p>\n<p>Os \u00f3rg\u00e3os regionais de pescas \u201cpodem desempenhar um papel importante na promo\u00e7\u00e3o de campanhas de sensibiliza\u00e7\u00e3o e na promo\u00e7\u00e3o de pr\u00e1ticas de gest\u00e3o pesqueira sustent\u00e1veis a longo prazo onde houver necessidade de coopera\u00e7\u00e3o internacional,\u201d disse Tall numa reportagem do Daily Graphic.<\/p>\n<p>Somente na \u00c1frica Ocidental, a pesca INN lesa os Estados costeiros em 2,3 bilh\u00f5es de d\u00f3lares por ano e contribui para a perda de 300.000 postos de trabalho.<\/p>\n<p>Nos \u00faltimos 50 anos, \u00c1frica perdeu mais de 200 bilh\u00f5es de d\u00f3lares para a pesca ilegal praticada por embarca\u00e7\u00f5es ligadas a pa\u00edses estrangeiros, de acordo com o jornal nigeriano, Blueprint. A pesca ilegal \u00e9 t\u00e3o alarmante na \u00c1frica Ocidental de forma que um relat\u00f3rio das Na\u00e7\u00f5es Unidas estima que \u00e9 equivalente a 40% a 65% de todo o produto pesqueiro capturado de forma ilegal.<\/p>\n<p>Durante a confer\u00eancia, o Secret\u00e1rio-Geral do FCWC, Seraphin Dedi Nadje, disse que o comit\u00e9 estava a criar uma base de dados sobre os sectores das pescas da \u00c1frica Ocidental para ajudar a informar as pol\u00edticas e as decis\u00f5es.<\/p>\n<p>Nadje tamb\u00e9m apelou os Estados-membros para levarem a s\u00e9rio as preocupa\u00e7\u00f5es dos pescadores artesanais e prestar mais aten\u00e7\u00e3o ao sector da aquacultura, importantes para a melhoria da seguran\u00e7a alimentar, para o desenvolvimento e para as economias dos pa\u00edses em desenvolvimento.<\/p>\n<p>Falando na confer\u00eancia, Kofi Agbogah, director da Hen Mpoano, uma organiza\u00e7\u00e3o n\u00e3o-governamental ganesa que fornece apoio t\u00e9cnico, de pol\u00edticas e de extens\u00e3o \u00e0s comunidades das regi\u00f5es costeiras, apelou o FCWC para continuar a fazer a monitoria e reportar as novas din\u00e2micas das pr\u00e1ticas de pesca INN.<\/p>\n<p><b>Liga\u00e7\u00f5es com a Pirataria<\/b><\/p>\n<p>Para al\u00e9m de roubar os alimentos e os rendimentos dos pa\u00edses da \u00c1frica Ocidental, a pesca INN esteve ligada a ataques de pirataria no Golfo da Guin\u00e9.<\/p>\n<p>Em 2020, o Golfo da Guin\u00e9 representou mais de 95% de todos os sequestros mar\u00edtimos a n\u00edvel global, de acordo com o Gabinete Mar\u00edtimo Internacional. Apesar de os \u00edndices de pirataria a n\u00edvel global serem os mais baixos dos \u00faltimos 18 anos em 2021, o Golfo da Guin\u00e9 ainda assim representou aproximadamente todos os incidentes de sequestros.<\/p>\n<p>Durante uma cimeira sobre a seguran\u00e7a mar\u00edtima, em Maio, o Embaixador da Dinamarca na Nig\u00e9ria, Jesper Kamp, caracterizou o problema como sendo \u201cmuito sombrio.\u201d<\/p>\n<p>\u201cOs piratas mudaram em grande medida o foco para os raptos por resgate e os assaltos est\u00e3o a tornar-se mais bem coordenados, com os piratas a atacar navios e mesmo num incidente \u2026 s\u00e3o capazes de invadir a fortaleza da embarca\u00e7\u00e3o, uma pr\u00e1tica incomum nos ataques de pirataria daquela regi\u00e3o,\u201d disse Kamp num artigo do site da internet nigeriano, thisdaylive.com.<\/p>\n<\/div>\n","protected":false},"excerpt":{"rendered":"<p>EQUIPA DA ADF As autoridades da \u00c1frica Ocidental est\u00e3o a dizer que a esc\u00f3ria da pesca ilegal apenas pode ser enfrentada com uma frente unida a n\u00edvel regional. Est\u00e3o a apelar para uma maior coopera\u00e7\u00e3o na gest\u00e3o, patrulha e controlo das pescas no Golfo da Guin\u00e9. Amadou Tall, l\u00edder do programa da Comunidade Econ\u00f3mica dos<\/p>\n","protected":false},"author":1,"featured_media":30354,"comment_status":"open","ping_status":"open","sticky":false,"template":"","format":"standard","meta":{"_acf_changed":false,"_monsterinsights_skip_tracking":false,"_monsterinsights_sitenote_active":false,"_monsterinsights_sitenote_note":"","_monsterinsights_sitenote_category":0,"_uf_show_specific_survey":0,"_uf_disable_surveys":false,"footnotes":""},"categories":[363],"tags":[636,545,824],"class_list":{"0":"post-30356","1":"post","2":"type-post","3":"status-publish","4":"format-standard","5":"has-post-thumbnail","7":"category-melhores-historias","8":"tag-cedeao","9":"tag-maritimo","10":"tag-pesca-illegal"},"acf":[],"yoast_head":"<!-- This site is optimized with the Yoast SEO plugin v27.4 - https:\/\/yoast.com\/product\/yoast-seo-wordpress\/ -->\n<title>CEDEAO Apela \u00e0 Coopera\u00e7\u00e3o para Travar a Pesca Ilegal - Africa Defense Forum<\/title>\n<meta name=\"robots\" content=\"index, follow, max-snippet:-1, max-image-preview:large, max-video-preview:-1\" \/>\n<link rel=\"canonical\" href=\"https:\/\/adf-magazine.com\/pt-pt\/2022\/02\/cedeao-apela-a-cooperacao-para-travar-a-pesca-ilegal\/\" \/>\n<meta property=\"og:locale\" content=\"pt_PT\" \/>\n<meta property=\"og:type\" content=\"article\" \/>\n<meta property=\"og:title\" content=\"CEDEAO Apela \u00e0 Coopera\u00e7\u00e3o para Travar a Pesca Ilegal - Africa Defense Forum\" \/>\n<meta property=\"og:description\" content=\"EQUIPA DA ADF As autoridades da \u00c1frica Ocidental est\u00e3o a dizer que a esc\u00f3ria da pesca ilegal apenas pode ser enfrentada com uma frente unida a n\u00edvel regional. Est\u00e3o a apelar para uma maior coopera\u00e7\u00e3o na gest\u00e3o, patrulha e controlo das pescas no Golfo da Guin\u00e9. Amadou Tall, l\u00edder do programa da Comunidade Econ\u00f3mica dos\" \/>\n<meta property=\"og:url\" content=\"https:\/\/adf-magazine.com\/pt-pt\/2022\/02\/cedeao-apela-a-cooperacao-para-travar-a-pesca-ilegal\/\" \/>\n<meta property=\"og:site_name\" content=\"Africa Defense Forum\" \/>\n<meta property=\"article:publisher\" content=\"https:\/\/www.facebook.com\/ADFmagazine\/\" \/>\n<meta property=\"article:published_time\" content=\"2022-02-01T18:21:33+00:00\" \/>\n<meta property=\"article:modified_time\" content=\"2022-02-01T18:22:18+00:00\" \/>\n<meta property=\"og:image\" content=\"https:\/\/adf-magazine.com\/wp-content\/uploads\/2022\/02\/GettyImages-611409314.jpg\" \/>\n\t<meta property=\"og:image:width\" content=\"1080\" \/>\n\t<meta property=\"og:image:height\" content=\"729\" \/>\n\t<meta property=\"og:image:type\" content=\"image\/jpeg\" \/>\n<meta name=\"author\" content=\"ADF\" \/>\n<meta name=\"twitter:card\" content=\"summary_large_image\" \/>\n<meta name=\"twitter:creator\" content=\"@ADFmagazine\" \/>\n<meta name=\"twitter:site\" content=\"@ADFmagazine\" \/>\n<meta name=\"twitter:label1\" content=\"Escrito por\" \/>\n\t<meta name=\"twitter:data1\" content=\"ADF\" \/>\n\t<meta name=\"twitter:label2\" content=\"Tempo estimado de leitura\" \/>\n\t<meta name=\"twitter:data2\" content=\"3 minutos\" \/>\n<script type=\"application\/ld+json\" class=\"yoast-schema-graph\">{\"@context\":\"https:\\\/\\\/schema.org\",\"@graph\":[{\"@type\":\"Article\",\"@id\":\"https:\\\/\\\/adf-magazine.com\\\/pt-pt\\\/2022\\\/02\\\/cedeao-apela-a-cooperacao-para-travar-a-pesca-ilegal\\\/#article\",\"isPartOf\":{\"@id\":\"https:\\\/\\\/adf-magazine.com\\\/pt-pt\\\/2022\\\/02\\\/cedeao-apela-a-cooperacao-para-travar-a-pesca-ilegal\\\/\"},\"author\":{\"name\":\"ADF\",\"@id\":\"https:\\\/\\\/adf-magazine.com\\\/#\\\/schema\\\/person\\\/f266a6061389568b5a11465bb38bc025\"},\"headline\":\"CEDEAO Apela \u00e0 Coopera\u00e7\u00e3o para Travar a Pesca Ilegal\",\"datePublished\":\"2022-02-01T18:21:33+00:00\",\"dateModified\":\"2022-02-01T18:22:18+00:00\",\"mainEntityOfPage\":{\"@id\":\"https:\\\/\\\/adf-magazine.com\\\/pt-pt\\\/2022\\\/02\\\/cedeao-apela-a-cooperacao-para-travar-a-pesca-ilegal\\\/\"},\"wordCount\":695,\"commentCount\":0,\"image\":{\"@id\":\"https:\\\/\\\/adf-magazine.com\\\/pt-pt\\\/2022\\\/02\\\/cedeao-apela-a-cooperacao-para-travar-a-pesca-ilegal\\\/#primaryimage\"},\"thumbnailUrl\":\"https:\\\/\\\/adf-magazine.com\\\/wp-content\\\/uploads\\\/2022\\\/02\\\/GettyImages-611409314.jpg\",\"keywords\":[\"CEDEAO\",\"mar\u00edtimo\",\"pesca illegal\"],\"articleSection\":[\"Not\u00edcias diaries\"],\"inLanguage\":\"pt-PT\",\"potentialAction\":[{\"@type\":\"CommentAction\",\"name\":\"Comment\",\"target\":[\"https:\\\/\\\/adf-magazine.com\\\/pt-pt\\\/2022\\\/02\\\/cedeao-apela-a-cooperacao-para-travar-a-pesca-ilegal\\\/#respond\"]}]},{\"@type\":\"WebPage\",\"@id\":\"https:\\\/\\\/adf-magazine.com\\\/pt-pt\\\/2022\\\/02\\\/cedeao-apela-a-cooperacao-para-travar-a-pesca-ilegal\\\/\",\"url\":\"https:\\\/\\\/adf-magazine.com\\\/pt-pt\\\/2022\\\/02\\\/cedeao-apela-a-cooperacao-para-travar-a-pesca-ilegal\\\/\",\"name\":\"CEDEAO Apela \u00e0 Coopera\u00e7\u00e3o para Travar a Pesca Ilegal - Africa Defense Forum\",\"isPartOf\":{\"@id\":\"https:\\\/\\\/adf-magazine.com\\\/#website\"},\"primaryImageOfPage\":{\"@id\":\"https:\\\/\\\/adf-magazine.com\\\/pt-pt\\\/2022\\\/02\\\/cedeao-apela-a-cooperacao-para-travar-a-pesca-ilegal\\\/#primaryimage\"},\"image\":{\"@id\":\"https:\\\/\\\/adf-magazine.com\\\/pt-pt\\\/2022\\\/02\\\/cedeao-apela-a-cooperacao-para-travar-a-pesca-ilegal\\\/#primaryimage\"},\"thumbnailUrl\":\"https:\\\/\\\/adf-magazine.com\\\/wp-content\\\/uploads\\\/2022\\\/02\\\/GettyImages-611409314.jpg\",\"datePublished\":\"2022-02-01T18:21:33+00:00\",\"dateModified\":\"2022-02-01T18:22:18+00:00\",\"author\":{\"@id\":\"https:\\\/\\\/adf-magazine.com\\\/#\\\/schema\\\/person\\\/f266a6061389568b5a11465bb38bc025\"},\"breadcrumb\":{\"@id\":\"https:\\\/\\\/adf-magazine.com\\\/pt-pt\\\/2022\\\/02\\\/cedeao-apela-a-cooperacao-para-travar-a-pesca-ilegal\\\/#breadcrumb\"},\"inLanguage\":\"pt-PT\",\"potentialAction\":[{\"@type\":\"ReadAction\",\"target\":[\"https:\\\/\\\/adf-magazine.com\\\/pt-pt\\\/2022\\\/02\\\/cedeao-apela-a-cooperacao-para-travar-a-pesca-ilegal\\\/\"]}]},{\"@type\":\"ImageObject\",\"inLanguage\":\"pt-PT\",\"@id\":\"https:\\\/\\\/adf-magazine.com\\\/pt-pt\\\/2022\\\/02\\\/cedeao-apela-a-cooperacao-para-travar-a-pesca-ilegal\\\/#primaryimage\",\"url\":\"https:\\\/\\\/adf-magazine.com\\\/wp-content\\\/uploads\\\/2022\\\/02\\\/GettyImages-611409314.jpg\",\"contentUrl\":\"https:\\\/\\\/adf-magazine.com\\\/wp-content\\\/uploads\\\/2022\\\/02\\\/GettyImages-611409314.jpg\",\"width\":1080,\"height\":729,\"caption\":\"Pescadores da Costa do Marfim descarregam a sua captura em Abidjan. AFP\\\/GETTY IMAGES\"},{\"@type\":\"BreadcrumbList\",\"@id\":\"https:\\\/\\\/adf-magazine.com\\\/pt-pt\\\/2022\\\/02\\\/cedeao-apela-a-cooperacao-para-travar-a-pesca-ilegal\\\/#breadcrumb\",\"itemListElement\":[{\"@type\":\"ListItem\",\"position\":1,\"name\":\"Home\",\"item\":\"https:\\\/\\\/adf-magazine.com\\\/\"},{\"@type\":\"ListItem\",\"position\":2,\"name\":\"CEDEAO Apela \u00e0 Coopera\u00e7\u00e3o para Travar a Pesca Ilegal\"}]},{\"@type\":\"WebSite\",\"@id\":\"https:\\\/\\\/adf-magazine.com\\\/#website\",\"url\":\"https:\\\/\\\/adf-magazine.com\\\/\",\"name\":\"Africa Defense Forum\",\"description\":\"Africa Defense Forum\",\"potentialAction\":[{\"@type\":\"SearchAction\",\"target\":{\"@type\":\"EntryPoint\",\"urlTemplate\":\"https:\\\/\\\/adf-magazine.com\\\/?s={search_term_string}\"},\"query-input\":{\"@type\":\"PropertyValueSpecification\",\"valueRequired\":true,\"valueName\":\"search_term_string\"}}],\"inLanguage\":\"pt-PT\"},{\"@type\":\"Person\",\"@id\":\"https:\\\/\\\/adf-magazine.com\\\/#\\\/schema\\\/person\\\/f266a6061389568b5a11465bb38bc025\",\"name\":\"ADF\",\"image\":{\"@type\":\"ImageObject\",\"inLanguage\":\"pt-PT\",\"@id\":\"https:\\\/\\\/adf-magazine.com\\\/wp-content\\\/uploads\\\/2020\\\/05\\\/cropped-ADF_icon.jpg\",\"url\":\"https:\\\/\\\/adf-magazine.com\\\/wp-content\\\/uploads\\\/2020\\\/05\\\/cropped-ADF_icon.jpg\",\"contentUrl\":\"https:\\\/\\\/adf-magazine.com\\\/wp-content\\\/uploads\\\/2020\\\/05\\\/cropped-ADF_icon.jpg\",\"caption\":\"ADF\"},\"description\":\"ADF is a professional military magazine published quarterly by U.S. Africa Command to provide an international forum for African security professionals. ADF covers topics such as counter terrorism strategies, security and defense operations, transnational crime, and all other issues affecting peace, stability, and good governance on the African continent.\",\"sameAs\":[\"https:\\\/\\\/x.com\\\/ADFmagazine\"],\"url\":\"https:\\\/\\\/adf-magazine.com\\\/pt-pt\\\/author\\\/adf\\\/\"}]}<\/script>\n<!-- \/ Yoast SEO plugin. -->","yoast_head_json":{"title":"CEDEAO Apela \u00e0 Coopera\u00e7\u00e3o para Travar a Pesca Ilegal - Africa Defense Forum","robots":{"index":"index","follow":"follow","max-snippet":"max-snippet:-1","max-image-preview":"max-image-preview:large","max-video-preview":"max-video-preview:-1"},"canonical":"https:\/\/adf-magazine.com\/pt-pt\/2022\/02\/cedeao-apela-a-cooperacao-para-travar-a-pesca-ilegal\/","og_locale":"pt_PT","og_type":"article","og_title":"CEDEAO Apela \u00e0 Coopera\u00e7\u00e3o para Travar a Pesca Ilegal - Africa Defense Forum","og_description":"EQUIPA DA ADF As autoridades da \u00c1frica Ocidental est\u00e3o a dizer que a esc\u00f3ria da pesca ilegal apenas pode ser enfrentada com uma frente unida a n\u00edvel regional. Est\u00e3o a apelar para uma maior coopera\u00e7\u00e3o na gest\u00e3o, patrulha e controlo das pescas no Golfo da Guin\u00e9. Amadou Tall, l\u00edder do programa da Comunidade Econ\u00f3mica dos","og_url":"https:\/\/adf-magazine.com\/pt-pt\/2022\/02\/cedeao-apela-a-cooperacao-para-travar-a-pesca-ilegal\/","og_site_name":"Africa Defense Forum","article_publisher":"https:\/\/www.facebook.com\/ADFmagazine\/","article_published_time":"2022-02-01T18:21:33+00:00","article_modified_time":"2022-02-01T18:22:18+00:00","og_image":[{"width":1080,"height":729,"url":"https:\/\/adf-magazine.com\/wp-content\/uploads\/2022\/02\/GettyImages-611409314.jpg","type":"image\/jpeg"}],"author":"ADF","twitter_card":"summary_large_image","twitter_creator":"@ADFmagazine","twitter_site":"@ADFmagazine","twitter_misc":{"Escrito por":"ADF","Tempo estimado de leitura":"3 minutos"},"schema":{"@context":"https:\/\/schema.org","@graph":[{"@type":"Article","@id":"https:\/\/adf-magazine.com\/pt-pt\/2022\/02\/cedeao-apela-a-cooperacao-para-travar-a-pesca-ilegal\/#article","isPartOf":{"@id":"https:\/\/adf-magazine.com\/pt-pt\/2022\/02\/cedeao-apela-a-cooperacao-para-travar-a-pesca-ilegal\/"},"author":{"name":"ADF","@id":"https:\/\/adf-magazine.com\/#\/schema\/person\/f266a6061389568b5a11465bb38bc025"},"headline":"CEDEAO Apela \u00e0 Coopera\u00e7\u00e3o para Travar a Pesca Ilegal","datePublished":"2022-02-01T18:21:33+00:00","dateModified":"2022-02-01T18:22:18+00:00","mainEntityOfPage":{"@id":"https:\/\/adf-magazine.com\/pt-pt\/2022\/02\/cedeao-apela-a-cooperacao-para-travar-a-pesca-ilegal\/"},"wordCount":695,"commentCount":0,"image":{"@id":"https:\/\/adf-magazine.com\/pt-pt\/2022\/02\/cedeao-apela-a-cooperacao-para-travar-a-pesca-ilegal\/#primaryimage"},"thumbnailUrl":"https:\/\/adf-magazine.com\/wp-content\/uploads\/2022\/02\/GettyImages-611409314.jpg","keywords":["CEDEAO","mar\u00edtimo","pesca illegal"],"articleSection":["Not\u00edcias diaries"],"inLanguage":"pt-PT","potentialAction":[{"@type":"CommentAction","name":"Comment","target":["https:\/\/adf-magazine.com\/pt-pt\/2022\/02\/cedeao-apela-a-cooperacao-para-travar-a-pesca-ilegal\/#respond"]}]},{"@type":"WebPage","@id":"https:\/\/adf-magazine.com\/pt-pt\/2022\/02\/cedeao-apela-a-cooperacao-para-travar-a-pesca-ilegal\/","url":"https:\/\/adf-magazine.com\/pt-pt\/2022\/02\/cedeao-apela-a-cooperacao-para-travar-a-pesca-ilegal\/","name":"CEDEAO Apela \u00e0 Coopera\u00e7\u00e3o para Travar a Pesca Ilegal - Africa Defense Forum","isPartOf":{"@id":"https:\/\/adf-magazine.com\/#website"},"primaryImageOfPage":{"@id":"https:\/\/adf-magazine.com\/pt-pt\/2022\/02\/cedeao-apela-a-cooperacao-para-travar-a-pesca-ilegal\/#primaryimage"},"image":{"@id":"https:\/\/adf-magazine.com\/pt-pt\/2022\/02\/cedeao-apela-a-cooperacao-para-travar-a-pesca-ilegal\/#primaryimage"},"thumbnailUrl":"https:\/\/adf-magazine.com\/wp-content\/uploads\/2022\/02\/GettyImages-611409314.jpg","datePublished":"2022-02-01T18:21:33+00:00","dateModified":"2022-02-01T18:22:18+00:00","author":{"@id":"https:\/\/adf-magazine.com\/#\/schema\/person\/f266a6061389568b5a11465bb38bc025"},"breadcrumb":{"@id":"https:\/\/adf-magazine.com\/pt-pt\/2022\/02\/cedeao-apela-a-cooperacao-para-travar-a-pesca-ilegal\/#breadcrumb"},"inLanguage":"pt-PT","potentialAction":[{"@type":"ReadAction","target":["https:\/\/adf-magazine.com\/pt-pt\/2022\/02\/cedeao-apela-a-cooperacao-para-travar-a-pesca-ilegal\/"]}]},{"@type":"ImageObject","inLanguage":"pt-PT","@id":"https:\/\/adf-magazine.com\/pt-pt\/2022\/02\/cedeao-apela-a-cooperacao-para-travar-a-pesca-ilegal\/#primaryimage","url":"https:\/\/adf-magazine.com\/wp-content\/uploads\/2022\/02\/GettyImages-611409314.jpg","contentUrl":"https:\/\/adf-magazine.com\/wp-content\/uploads\/2022\/02\/GettyImages-611409314.jpg","width":1080,"height":729,"caption":"Pescadores da Costa do Marfim descarregam a sua captura em Abidjan. AFP\/GETTY IMAGES"},{"@type":"BreadcrumbList","@id":"https:\/\/adf-magazine.com\/pt-pt\/2022\/02\/cedeao-apela-a-cooperacao-para-travar-a-pesca-ilegal\/#breadcrumb","itemListElement":[{"@type":"ListItem","position":1,"name":"Home","item":"https:\/\/adf-magazine.com\/"},{"@type":"ListItem","position":2,"name":"CEDEAO Apela \u00e0 Coopera\u00e7\u00e3o para Travar a Pesca Ilegal"}]},{"@type":"WebSite","@id":"https:\/\/adf-magazine.com\/#website","url":"https:\/\/adf-magazine.com\/","name":"Africa Defense Forum","description":"Africa Defense Forum","potentialAction":[{"@type":"SearchAction","target":{"@type":"EntryPoint","urlTemplate":"https:\/\/adf-magazine.com\/?s={search_term_string}"},"query-input":{"@type":"PropertyValueSpecification","valueRequired":true,"valueName":"search_term_string"}}],"inLanguage":"pt-PT"},{"@type":"Person","@id":"https:\/\/adf-magazine.com\/#\/schema\/person\/f266a6061389568b5a11465bb38bc025","name":"ADF","image":{"@type":"ImageObject","inLanguage":"pt-PT","@id":"https:\/\/adf-magazine.com\/wp-content\/uploads\/2020\/05\/cropped-ADF_icon.jpg","url":"https:\/\/adf-magazine.com\/wp-content\/uploads\/2020\/05\/cropped-ADF_icon.jpg","contentUrl":"https:\/\/adf-magazine.com\/wp-content\/uploads\/2020\/05\/cropped-ADF_icon.jpg","caption":"ADF"},"description":"ADF is a professional military magazine published quarterly by U.S. Africa Command to provide an international forum for African security professionals. ADF covers topics such as counter terrorism strategies, security and defense operations, transnational crime, and all other issues affecting peace, stability, and good governance on the African continent.","sameAs":["https:\/\/x.com\/ADFmagazine"],"url":"https:\/\/adf-magazine.com\/pt-pt\/author\/adf\/"}]}},"_links":{"self":[{"href":"https:\/\/adf-magazine.com\/pt-pt\/wp-json\/wp\/v2\/posts\/30356","targetHints":{"allow":["GET"]}}],"collection":[{"href":"https:\/\/adf-magazine.com\/pt-pt\/wp-json\/wp\/v2\/posts"}],"about":[{"href":"https:\/\/adf-magazine.com\/pt-pt\/wp-json\/wp\/v2\/types\/post"}],"author":[{"embeddable":true,"href":"https:\/\/adf-magazine.com\/pt-pt\/wp-json\/wp\/v2\/users\/1"}],"replies":[{"embeddable":true,"href":"https:\/\/adf-magazine.com\/pt-pt\/wp-json\/wp\/v2\/comments?post=30356"}],"version-history":[{"count":0,"href":"https:\/\/adf-magazine.com\/pt-pt\/wp-json\/wp\/v2\/posts\/30356\/revisions"}],"wp:featuredmedia":[{"embeddable":true,"href":"https:\/\/adf-magazine.com\/pt-pt\/wp-json\/wp\/v2\/media\/30354"}],"wp:attachment":[{"href":"https:\/\/adf-magazine.com\/pt-pt\/wp-json\/wp\/v2\/media?parent=30356"}],"wp:term":[{"taxonomy":"category","embeddable":true,"href":"https:\/\/adf-magazine.com\/pt-pt\/wp-json\/wp\/v2\/categories?post=30356"},{"taxonomy":"post_tag","embeddable":true,"href":"https:\/\/adf-magazine.com\/pt-pt\/wp-json\/wp\/v2\/tags?post=30356"}],"curies":[{"name":"wp","href":"https:\/\/api.w.org\/{rel}","templated":true}]}}