{"id":30292,"date":"2022-01-31T10:26:12","date_gmt":"2022-01-31T15:26:12","guid":{"rendered":"https:\/\/adf-magazine.com\/?p=30292"},"modified":"2022-01-31T10:26:12","modified_gmt":"2022-01-31T15:26:12","slug":"onde-estou-6","status":"publish","type":"post","link":"https:\/\/adf-magazine.com\/pt-pt\/2022\/01\/onde-estou-6\/","title":{"rendered":"Onde Estou?"},"content":{"rendered":"<p>DICAS<\/p>\n<ol>\n<li>H\u00e1 uma lenda \u00e1rabe que diz que estas \u00e1rvores s\u00e3o invulgares porque o Diabo arrancou uma e enterrou os ramos na terra, deixando as ra\u00edzes expostas.<\/li>\n<li>Esta estrada de terra-batida \u00e9 um dos locais tur\u00edsticos mais famosos do pa\u00eds.<\/li>\n<li>Esta esp\u00e9cie de \u00e1rvore em vias de extin\u00e7\u00e3o est\u00e1 ainda mais amea\u00e7ada, porque os agricultores est\u00e3o a aumentar as suas machambas de arroz.<\/li>\n<li>As \u00e1rvores, que vivem at\u00e9 3.000 anos e podem atingir 30 metros de altura, tamb\u00e9m t\u00eam um significado espiritual para os residentes locais.<\/li>\n<\/ol>\n","protected":false},"excerpt":{"rendered":"<p>DICAS H\u00e1 uma lenda \u00e1rabe que diz que estas \u00e1rvores s\u00e3o invulgares porque o Diabo arrancou uma e enterrou os ramos na terra, deixando as ra\u00edzes expostas. Esta estrada de terra-batida \u00e9 um dos locais tur\u00edsticos mais famosos do pa\u00eds. Esta esp\u00e9cie de \u00e1rvore em vias de extin\u00e7\u00e3o est\u00e1 ainda mais amea\u00e7ada, porque os agricultores<\/p>\n","protected":false},"author":1,"featured_media":29249,"comment_status":"open","ping_status":"open","sticky":false,"template":"","format":"standard","meta":{"_acf_changed":false,"_monsterinsights_skip_tracking":false,"_monsterinsights_sitenote_active":false,"_monsterinsights_sitenote_note":"","_monsterinsights_sitenote_category":0,"_uf_show_specific_survey":0,"_uf_disable_surveys":false,"footnotes":""},"categories":[335,345],"tags":[],"class_list":{"0":"post-30292","1":"post","2":"type-post","3":"status-publish","4":"format-standard","5":"has-post-thumbnail","7":"category-colunas","8":"category-onde-estou"},"acf":[],"yoast_head":"<!-- This site is optimized with the Yoast SEO plugin v27.4 - https:\/\/yoast.com\/product\/yoast-seo-wordpress\/ -->\n<title>Onde Estou? - Africa Defense Forum<\/title>\n<meta name=\"robots\" content=\"index, follow, max-snippet:-1, max-image-preview:large, max-video-preview:-1\" \/>\n<link rel=\"canonical\" href=\"https:\/\/adf-magazine.com\/2021\/12\/where-am-i-31\/\" \/>\n<meta property=\"og:locale\" content=\"pt_PT\" \/>\n<meta property=\"og:type\" content=\"article\" \/>\n<meta property=\"og:title\" content=\"Onde Estou? - Africa Defense Forum\" \/>\n<meta property=\"og:description\" content=\"DICAS H\u00e1 uma lenda \u00e1rabe que diz que estas \u00e1rvores s\u00e3o invulgares porque o Diabo arrancou uma e enterrou os ramos na terra, deixando as ra\u00edzes expostas. Esta estrada de terra-batida \u00e9 um dos locais tur\u00edsticos mais famosos do pa\u00eds. Esta esp\u00e9cie de \u00e1rvore em vias de extin\u00e7\u00e3o est\u00e1 ainda mais amea\u00e7ada, porque os agricultores\" \/>\n<meta property=\"og:url\" content=\"https:\/\/adf-magazine.com\/2021\/12\/where-am-i-31\/\" \/>\n<meta property=\"og:site_name\" content=\"Africa Defense Forum\" \/>\n<meta property=\"article:publisher\" content=\"https:\/\/www.facebook.com\/ADFmagazine\/\" \/>\n<meta property=\"article:published_time\" content=\"2022-01-31T15:26:12+00:00\" \/>\n<meta property=\"og:image\" content=\"https:\/\/adf-magazine.com\/wp-content\/uploads\/2021\/12\/Where_468053398_CMYK.jpg\" \/>\n\t<meta property=\"og:image:width\" content=\"1080\" \/>\n\t<meta property=\"og:image:height\" content=\"720\" \/>\n\t<meta property=\"og:image:type\" content=\"image\/jpeg\" \/>\n<meta name=\"author\" content=\"ADF\" \/>\n<meta name=\"twitter:card\" content=\"summary_large_image\" \/>\n<meta name=\"twitter:creator\" content=\"@ADFmagazine\" \/>\n<meta name=\"twitter:site\" content=\"@ADFmagazine\" \/>\n<meta name=\"twitter:label1\" content=\"Escrito por\" \/>\n\t<meta name=\"twitter:data1\" content=\"ADF\" \/>\n\t<meta name=\"twitter:label2\" content=\"Tempo estimado de leitura\" \/>\n\t<meta name=\"twitter:data2\" content=\"1 minuto\" \/>\n<script type=\"application\/ld+json\" class=\"yoast-schema-graph\">{\"@context\":\"https:\\\/\\\/schema.org\",\"@graph\":[{\"@type\":\"Article\",\"@id\":\"https:\\\/\\\/adf-magazine.com\\\/2021\\\/12\\\/where-am-i-31\\\/#article\",\"isPartOf\":{\"@id\":\"https:\\\/\\\/adf-magazine.com\\\/2021\\\/12\\\/where-am-i-31\\\/\"},\"author\":{\"name\":\"ADF\",\"@id\":\"https:\\\/\\\/adf-magazine.com\\\/#\\\/schema\\\/person\\\/f266a6061389568b5a11465bb38bc025\"},\"headline\":\"Onde Estou?\",\"datePublished\":\"2022-01-31T15:26:12+00:00\",\"mainEntityOfPage\":{\"@id\":\"https:\\\/\\\/adf-magazine.com\\\/2021\\\/12\\\/where-am-i-31\\\/\"},\"wordCount\":95,\"commentCount\":0,\"image\":{\"@id\":\"https:\\\/\\\/adf-magazine.com\\\/2021\\\/12\\\/where-am-i-31\\\/#primaryimage\"},\"thumbnailUrl\":\"https:\\\/\\\/adf-magazine.com\\\/wp-content\\\/uploads\\\/2021\\\/12\\\/Where_468053398_CMYK.jpg\",\"articleSection\":[\"Colunas\",\"Onde Estou?\"],\"inLanguage\":\"pt-PT\",\"potentialAction\":[{\"@type\":\"CommentAction\",\"name\":\"Comment\",\"target\":[\"https:\\\/\\\/adf-magazine.com\\\/2021\\\/12\\\/where-am-i-31\\\/#respond\"]}]},{\"@type\":\"WebPage\",\"@id\":\"https:\\\/\\\/adf-magazine.com\\\/2021\\\/12\\\/where-am-i-31\\\/\",\"url\":\"https:\\\/\\\/adf-magazine.com\\\/2021\\\/12\\\/where-am-i-31\\\/\",\"name\":\"Onde Estou? - Africa Defense Forum\",\"isPartOf\":{\"@id\":\"https:\\\/\\\/adf-magazine.com\\\/#website\"},\"primaryImageOfPage\":{\"@id\":\"https:\\\/\\\/adf-magazine.com\\\/2021\\\/12\\\/where-am-i-31\\\/#primaryimage\"},\"image\":{\"@id\":\"https:\\\/\\\/adf-magazine.com\\\/2021\\\/12\\\/where-am-i-31\\\/#primaryimage\"},\"thumbnailUrl\":\"https:\\\/\\\/adf-magazine.com\\\/wp-content\\\/uploads\\\/2021\\\/12\\\/Where_468053398_CMYK.jpg\",\"datePublished\":\"2022-01-31T15:26:12+00:00\",\"author\":{\"@id\":\"https:\\\/\\\/adf-magazine.com\\\/#\\\/schema\\\/person\\\/f266a6061389568b5a11465bb38bc025\"},\"breadcrumb\":{\"@id\":\"https:\\\/\\\/adf-magazine.com\\\/2021\\\/12\\\/where-am-i-31\\\/#breadcrumb\"},\"inLanguage\":\"pt-PT\",\"potentialAction\":[{\"@type\":\"ReadAction\",\"target\":[\"https:\\\/\\\/adf-magazine.com\\\/2021\\\/12\\\/where-am-i-31\\\/\"]}]},{\"@type\":\"ImageObject\",\"inLanguage\":\"pt-PT\",\"@id\":\"https:\\\/\\\/adf-magazine.com\\\/2021\\\/12\\\/where-am-i-31\\\/#primaryimage\",\"url\":\"https:\\\/\\\/adf-magazine.com\\\/wp-content\\\/uploads\\\/2021\\\/12\\\/Where_468053398_CMYK.jpg\",\"contentUrl\":\"https:\\\/\\\/adf-magazine.com\\\/wp-content\\\/uploads\\\/2021\\\/12\\\/Where_468053398_CMYK.jpg\",\"width\":1080,\"height\":720},{\"@type\":\"BreadcrumbList\",\"@id\":\"https:\\\/\\\/adf-magazine.com\\\/2021\\\/12\\\/where-am-i-31\\\/#breadcrumb\",\"itemListElement\":[{\"@type\":\"ListItem\",\"position\":1,\"name\":\"Home\",\"item\":\"https:\\\/\\\/adf-magazine.com\\\/\"},{\"@type\":\"ListItem\",\"position\":2,\"name\":\"Onde Estou?\"}]},{\"@type\":\"WebSite\",\"@id\":\"https:\\\/\\\/adf-magazine.com\\\/#website\",\"url\":\"https:\\\/\\\/adf-magazine.com\\\/\",\"name\":\"Africa Defense Forum\",\"description\":\"Africa Defense Forum\",\"potentialAction\":[{\"@type\":\"SearchAction\",\"target\":{\"@type\":\"EntryPoint\",\"urlTemplate\":\"https:\\\/\\\/adf-magazine.com\\\/?s={search_term_string}\"},\"query-input\":{\"@type\":\"PropertyValueSpecification\",\"valueRequired\":true,\"valueName\":\"search_term_string\"}}],\"inLanguage\":\"pt-PT\"},{\"@type\":\"Person\",\"@id\":\"https:\\\/\\\/adf-magazine.com\\\/#\\\/schema\\\/person\\\/f266a6061389568b5a11465bb38bc025\",\"name\":\"ADF\",\"image\":{\"@type\":\"ImageObject\",\"inLanguage\":\"pt-PT\",\"@id\":\"https:\\\/\\\/adf-magazine.com\\\/wp-content\\\/uploads\\\/2020\\\/05\\\/cropped-ADF_icon.jpg\",\"url\":\"https:\\\/\\\/adf-magazine.com\\\/wp-content\\\/uploads\\\/2020\\\/05\\\/cropped-ADF_icon.jpg\",\"contentUrl\":\"https:\\\/\\\/adf-magazine.com\\\/wp-content\\\/uploads\\\/2020\\\/05\\\/cropped-ADF_icon.jpg\",\"caption\":\"ADF\"},\"description\":\"ADF is a professional military magazine published quarterly by U.S. Africa Command to provide an international forum for African security professionals. ADF covers topics such as counter terrorism strategies, security and defense operations, transnational crime, and all other issues affecting peace, stability, and good governance on the African continent.\",\"sameAs\":[\"https:\\\/\\\/x.com\\\/ADFmagazine\"],\"url\":\"https:\\\/\\\/adf-magazine.com\\\/pt-pt\\\/author\\\/adf\\\/\"}]}<\/script>\n<!-- \/ Yoast SEO plugin. -->","yoast_head_json":{"title":"Onde Estou? - Africa Defense Forum","robots":{"index":"index","follow":"follow","max-snippet":"max-snippet:-1","max-image-preview":"max-image-preview:large","max-video-preview":"max-video-preview:-1"},"canonical":"https:\/\/adf-magazine.com\/2021\/12\/where-am-i-31\/","og_locale":"pt_PT","og_type":"article","og_title":"Onde Estou? - Africa Defense Forum","og_description":"DICAS H\u00e1 uma lenda \u00e1rabe que diz que estas \u00e1rvores s\u00e3o invulgares porque o Diabo arrancou uma e enterrou os ramos na terra, deixando as ra\u00edzes expostas. Esta estrada de terra-batida \u00e9 um dos locais tur\u00edsticos mais famosos do pa\u00eds. Esta esp\u00e9cie de \u00e1rvore em vias de extin\u00e7\u00e3o est\u00e1 ainda mais amea\u00e7ada, porque os agricultores","og_url":"https:\/\/adf-magazine.com\/2021\/12\/where-am-i-31\/","og_site_name":"Africa Defense Forum","article_publisher":"https:\/\/www.facebook.com\/ADFmagazine\/","article_published_time":"2022-01-31T15:26:12+00:00","og_image":[{"width":1080,"height":720,"url":"https:\/\/adf-magazine.com\/wp-content\/uploads\/2021\/12\/Where_468053398_CMYK.jpg","type":"image\/jpeg"}],"author":"ADF","twitter_card":"summary_large_image","twitter_creator":"@ADFmagazine","twitter_site":"@ADFmagazine","twitter_misc":{"Escrito por":"ADF","Tempo estimado de leitura":"1 minuto"},"schema":{"@context":"https:\/\/schema.org","@graph":[{"@type":"Article","@id":"https:\/\/adf-magazine.com\/2021\/12\/where-am-i-31\/#article","isPartOf":{"@id":"https:\/\/adf-magazine.com\/2021\/12\/where-am-i-31\/"},"author":{"name":"ADF","@id":"https:\/\/adf-magazine.com\/#\/schema\/person\/f266a6061389568b5a11465bb38bc025"},"headline":"Onde Estou?","datePublished":"2022-01-31T15:26:12+00:00","mainEntityOfPage":{"@id":"https:\/\/adf-magazine.com\/2021\/12\/where-am-i-31\/"},"wordCount":95,"commentCount":0,"image":{"@id":"https:\/\/adf-magazine.com\/2021\/12\/where-am-i-31\/#primaryimage"},"thumbnailUrl":"https:\/\/adf-magazine.com\/wp-content\/uploads\/2021\/12\/Where_468053398_CMYK.jpg","articleSection":["Colunas","Onde Estou?"],"inLanguage":"pt-PT","potentialAction":[{"@type":"CommentAction","name":"Comment","target":["https:\/\/adf-magazine.com\/2021\/12\/where-am-i-31\/#respond"]}]},{"@type":"WebPage","@id":"https:\/\/adf-magazine.com\/2021\/12\/where-am-i-31\/","url":"https:\/\/adf-magazine.com\/2021\/12\/where-am-i-31\/","name":"Onde Estou? - Africa Defense Forum","isPartOf":{"@id":"https:\/\/adf-magazine.com\/#website"},"primaryImageOfPage":{"@id":"https:\/\/adf-magazine.com\/2021\/12\/where-am-i-31\/#primaryimage"},"image":{"@id":"https:\/\/adf-magazine.com\/2021\/12\/where-am-i-31\/#primaryimage"},"thumbnailUrl":"https:\/\/adf-magazine.com\/wp-content\/uploads\/2021\/12\/Where_468053398_CMYK.jpg","datePublished":"2022-01-31T15:26:12+00:00","author":{"@id":"https:\/\/adf-magazine.com\/#\/schema\/person\/f266a6061389568b5a11465bb38bc025"},"breadcrumb":{"@id":"https:\/\/adf-magazine.com\/2021\/12\/where-am-i-31\/#breadcrumb"},"inLanguage":"pt-PT","potentialAction":[{"@type":"ReadAction","target":["https:\/\/adf-magazine.com\/2021\/12\/where-am-i-31\/"]}]},{"@type":"ImageObject","inLanguage":"pt-PT","@id":"https:\/\/adf-magazine.com\/2021\/12\/where-am-i-31\/#primaryimage","url":"https:\/\/adf-magazine.com\/wp-content\/uploads\/2021\/12\/Where_468053398_CMYK.jpg","contentUrl":"https:\/\/adf-magazine.com\/wp-content\/uploads\/2021\/12\/Where_468053398_CMYK.jpg","width":1080,"height":720},{"@type":"BreadcrumbList","@id":"https:\/\/adf-magazine.com\/2021\/12\/where-am-i-31\/#breadcrumb","itemListElement":[{"@type":"ListItem","position":1,"name":"Home","item":"https:\/\/adf-magazine.com\/"},{"@type":"ListItem","position":2,"name":"Onde Estou?"}]},{"@type":"WebSite","@id":"https:\/\/adf-magazine.com\/#website","url":"https:\/\/adf-magazine.com\/","name":"Africa Defense Forum","description":"Africa Defense Forum","potentialAction":[{"@type":"SearchAction","target":{"@type":"EntryPoint","urlTemplate":"https:\/\/adf-magazine.com\/?s={search_term_string}"},"query-input":{"@type":"PropertyValueSpecification","valueRequired":true,"valueName":"search_term_string"}}],"inLanguage":"pt-PT"},{"@type":"Person","@id":"https:\/\/adf-magazine.com\/#\/schema\/person\/f266a6061389568b5a11465bb38bc025","name":"ADF","image":{"@type":"ImageObject","inLanguage":"pt-PT","@id":"https:\/\/adf-magazine.com\/wp-content\/uploads\/2020\/05\/cropped-ADF_icon.jpg","url":"https:\/\/adf-magazine.com\/wp-content\/uploads\/2020\/05\/cropped-ADF_icon.jpg","contentUrl":"https:\/\/adf-magazine.com\/wp-content\/uploads\/2020\/05\/cropped-ADF_icon.jpg","caption":"ADF"},"description":"ADF is a professional military magazine published quarterly by U.S. Africa Command to provide an international forum for African security professionals. ADF covers topics such as counter terrorism strategies, security and defense operations, transnational crime, and all other issues affecting peace, stability, and good governance on the African continent.","sameAs":["https:\/\/x.com\/ADFmagazine"],"url":"https:\/\/adf-magazine.com\/pt-pt\/author\/adf\/"}]}},"_links":{"self":[{"href":"https:\/\/adf-magazine.com\/pt-pt\/wp-json\/wp\/v2\/posts\/30292","targetHints":{"allow":["GET"]}}],"collection":[{"href":"https:\/\/adf-magazine.com\/pt-pt\/wp-json\/wp\/v2\/posts"}],"about":[{"href":"https:\/\/adf-magazine.com\/pt-pt\/wp-json\/wp\/v2\/types\/post"}],"author":[{"embeddable":true,"href":"https:\/\/adf-magazine.com\/pt-pt\/wp-json\/wp\/v2\/users\/1"}],"replies":[{"embeddable":true,"href":"https:\/\/adf-magazine.com\/pt-pt\/wp-json\/wp\/v2\/comments?post=30292"}],"version-history":[{"count":0,"href":"https:\/\/adf-magazine.com\/pt-pt\/wp-json\/wp\/v2\/posts\/30292\/revisions"}],"wp:featuredmedia":[{"embeddable":true,"href":"https:\/\/adf-magazine.com\/pt-pt\/wp-json\/wp\/v2\/media\/29249"}],"wp:attachment":[{"href":"https:\/\/adf-magazine.com\/pt-pt\/wp-json\/wp\/v2\/media?parent=30292"}],"wp:term":[{"taxonomy":"category","embeddable":true,"href":"https:\/\/adf-magazine.com\/pt-pt\/wp-json\/wp\/v2\/categories?post=30292"},{"taxonomy":"post_tag","embeddable":true,"href":"https:\/\/adf-magazine.com\/pt-pt\/wp-json\/wp\/v2\/tags?post=30292"}],"curies":[{"name":"wp","href":"https:\/\/api.w.org\/{rel}","templated":true}]}}