{"id":29321,"date":"2021-12-15T10:31:36","date_gmt":"2021-12-15T15:31:36","guid":{"rendered":"https:\/\/adf-magazine.com\/?p=29321"},"modified":"2021-12-15T10:32:42","modified_gmt":"2021-12-15T15:32:42","slug":"novo-acordo-de-governacao-do-sudao-nao-satisfaz-os-defensores-da-democracia","status":"publish","type":"post","link":"https:\/\/adf-magazine.com\/pt-pt\/2021\/12\/novo-acordo-de-governacao-do-sudao-nao-satisfaz-os-defensores-da-democracia\/","title":{"rendered":"Novo Acordo de Governa\u00e7\u00e3o do Sud\u00e3o n\u00e3o Satisfaz os Defensores da Democracia"},"content":{"rendered":"<p>EQUIPA DA ADF<\/p>\n<p>Membros do movimento de protestos do Sud\u00e3o est\u00e3o a denunciar um acordo de partilha de poder recentemente assinado pelo ex\u00e9rcito daquele pa\u00eds e pela lideran\u00e7a civil. Muitos esperavam que o acordo colocasse o pa\u00eds no caminho da democracia, mas agora temem que ir\u00e1 permitir que o ex\u00e9rcito mantenha a sua influ\u00eancia no poder.<\/p>\n<p>O novo acordo foi assinado em finais de Novembro pelo Primeiro-Ministro Abdalla Hamdok e pelo General Abdel Fattah Al-Burhan, cerca de um m\u00eas depois de Al-Burhan ter liderado um golpe militar que prendeu Hamdok e os membros do Conselho de Soberania do Sud\u00e3o.<\/p>\n<p>O acordo de 14 pontos cria um novo Conselho de Soberania e restitui Hamdok ao seu cargo, mas naquilo que alguns consideram de um Estado politicamente enfraquecido. O plano apoia o acordo de paz de Juba, liberta prisioneiros pol\u00edticos e forma um Conselho Legislativo. Tamb\u00e9m apela \u00e0 reforma do Comit\u00e9 de Desmantelamento, que teve a tarefa de reivindicar terras e recursos naturais adquiridos de forma ilegal pelo antigo ditador, Omar al-Bashir, e seus companheiros.<\/p>\n<p>Durante a cerim\u00f3nia de assinatura, em que Hamdok e Al-Burhan partilharam uma mesa, Hamdok disse que apoiava o governo como uma forma de evitar empurrar o Sud\u00e3o para uma crise pol\u00edtica ainda maior.<\/p>\n<p>\u201cTodos podemos impedir que o nosso pa\u00eds se mergulhe no desconhecido,\u201d disse.<\/p>\n<p>Uma coisa que n\u00e3o estava na lista inclusa no acordo: uma data para a transi\u00e7\u00e3o para o governo civil. Analistas sugerem que isso podia permitir que o ex\u00e9rcito permanecesse no poder de forma indefinida.<\/p>\n<p>A falta de uma data para a transi\u00e7\u00e3o para um governo totalmente civil motivou os protestos generalizados contra o ex\u00e9rcito.<\/p>\n<p>&#8220;A principal exig\u00eancia das ruas n\u00e3o foi a liberta\u00e7\u00e3o de Hamdok, mas a remo\u00e7\u00e3o do ex\u00e9rcito da pol\u00edtica,&#8221; Kholood Khair, parceira gestora do grupo de reflex\u00e3o Insight Strategy Partners, com sede em Cartum, escreveu no Twitter.<\/p>\n<p>Khair descreveu a revis\u00e3o do acordo como um acobertar, um golpe para reduzir a press\u00e3o internacional sobre Al-Burham e seus apoiantes.<\/p>\n<p>O novo acordo n\u00e3o inclui o papel das For\u00e7as para a Liberta\u00e7\u00e3o e Mudan\u00e7a (FFC, na sigla inglesa), a coliga\u00e7\u00e3o que apoiou Hamdok. Eliminando as FFC do seu acordo revisto, as for\u00e7as de al-Burhan isolaram efectivamente Hamdok e fizeram com que ele fosse dependente do ex\u00e9rcito para a sua sobreviv\u00eancia pol\u00edtica, disse Khair.<\/p>\n<p>\u201cSem [uma] protec\u00e7\u00e3o entre o PM + ex\u00e9rcito, ele enfrenta mais e n\u00e3o menos press\u00e3o militar,\u201d escreveu ela, no Twitter.<\/p>\n<p>Al-Burhan foi o presidente do Concelho de Soberania conjunto, civil-militar, formado para governar o pa\u00eds depois da deposi\u00e7\u00e3o de al-Bashir, em 2019.<\/p>\n<p>Nos termos do acordo que criou o Conselho de Soberania, o ex\u00e9rcito que dirigiu o conselho por metade dos 18 meses do per\u00edodo de transi\u00e7\u00e3o, tinha de fazer a passagem da lideran\u00e7a aos membros civis, em meados de Novembro. O golpe de 25 de Outubro de al-Burhan desfez estes planos.<\/p>\n<p>Antes do golpe, os membros civis do Conselho de Soberania tinham come\u00e7ado a investigar abusos feitos pela For\u00e7a de Apoio R\u00e1pido, do Ex\u00e9rcito, e tinham come\u00e7ado a cobrar impostos sobre interesses empresariais dos militares. O ex\u00e9rcito do Sud\u00e3o est\u00e1 profundamente envolvido na economia nacional.<\/p>\n<p>Jok Madut Jok, um professor da Universidade de Syracuse, especialista em governa\u00e7\u00e3o sudanesa, observou que os novos termos de al-Burhan reflectem amplamente o acordo original, incluindo a declara\u00e7\u00e3o de que a transi\u00e7\u00e3o ir\u00e1 terminar com elei\u00e7\u00f5es.<\/p>\n<p>\u201cEstas eram as mesmas regras que estavam em vigor em 2019,\u201d disse Jok \u00e0 televis\u00e3o sul-africana SABC. \u201cSe o ex\u00e9rcito estivesse simplesmente a olhar para estes pontos, por que eles teriam de depor alguma coisa?\u201d<\/p>\n<p>A revis\u00e3o do acordo de al-Burhan e o apoio de Hamdok a este acordo criaram a falta de confian\u00e7a entre a lideran\u00e7a civil do Sud\u00e3o e o seu ex\u00e9rcito, disse Jok.<\/p>\n<p>\u201cIsso n\u00e3o deixou boa impress\u00e3o para a estabilidade daqui em diante,\u201d acrescentou. \u201cEste acordo est\u00e1 muito aqu\u00e9m daquilo que os protestantes querem.\u201d<\/p>\n<p>Samahir Elmubarak, porta-voz da Associa\u00e7\u00e3o de Profissionais Sudaneses, disse \u00e0 Al-Jazeera que a paci\u00eancia do p\u00fablico com al-Burhan e o ex\u00e9rcito acabou. O ex\u00e9rcito n\u00e3o cumpriu com a sua promessa de garantir a democracia e o governo de transi\u00e7\u00e3o, disse ela.<\/p>\n<p>\u201cA \u00fanica forma atrav\u00e9s da qual podemos fazer a transi\u00e7\u00e3o para uma democracia completa \u00e9 retirando o ex\u00e9rcito,\u201d disse Elmubarak.<\/p>\n<p>At\u00e9 que isso aconte\u00e7a, os protestos pac\u00edficos ir\u00e3o continuar, acrescentou.<\/p>\n<p>\u201cIremos continuar a lutar at\u00e9 que cheguemos a uma transi\u00e7\u00e3o civil completa,\u201d disse Elmubarak. &#8220;Independentemente de quanto tempo seja necess\u00e1rio, no fim, venceremos.&#8221;<\/p>\n","protected":false},"excerpt":{"rendered":"<p>EQUIPA DA ADF Membros do movimento de protestos do Sud\u00e3o est\u00e3o a denunciar um acordo de partilha de poder recentemente assinado pelo ex\u00e9rcito daquele pa\u00eds e pela lideran\u00e7a civil. Muitos esperavam que o acordo colocasse o pa\u00eds no caminho da democracia, mas agora temem que ir\u00e1 permitir que o ex\u00e9rcito mantenha a sua influ\u00eancia no<\/p>\n","protected":false},"author":1,"featured_media":29319,"comment_status":"open","ping_status":"open","sticky":false,"template":"","format":"standard","meta":{"_acf_changed":false,"_monsterinsights_skip_tracking":false,"_monsterinsights_sitenote_active":false,"_monsterinsights_sitenote_note":"","_monsterinsights_sitenote_category":0,"_uf_show_specific_survey":0,"_uf_disable_surveys":false,"footnotes":""},"categories":[363],"tags":[707,706,637],"class_list":{"0":"post-29321","1":"post","2":"type-post","3":"status-publish","4":"format-standard","5":"has-post-thumbnail","7":"category-melhores-historias","8":"tag-eleicoes","9":"tag-golpes","10":"tag-sudao"},"acf":[],"yoast_head":"<!-- This site is optimized with the Yoast SEO plugin v27.5 - https:\/\/yoast.com\/product\/yoast-seo-wordpress\/ -->\n<title>Novo Acordo de Governa\u00e7\u00e3o do Sud\u00e3o n\u00e3o Satisfaz os Defensores da Democracia - Africa Defense Forum<\/title>\n<meta name=\"robots\" content=\"index, follow, max-snippet:-1, max-image-preview:large, max-video-preview:-1\" \/>\n<link rel=\"canonical\" href=\"https:\/\/adf-magazine.com\/pt-pt\/2021\/12\/novo-acordo-de-governacao-do-sudao-nao-satisfaz-os-defensores-da-democracia\/\" \/>\n<meta property=\"og:locale\" content=\"pt_PT\" \/>\n<meta property=\"og:type\" content=\"article\" \/>\n<meta property=\"og:title\" content=\"Novo Acordo de Governa\u00e7\u00e3o do Sud\u00e3o n\u00e3o Satisfaz os Defensores da Democracia - Africa Defense Forum\" \/>\n<meta property=\"og:description\" content=\"EQUIPA DA ADF Membros do movimento de protestos do Sud\u00e3o est\u00e3o a denunciar um acordo de partilha de poder recentemente assinado pelo ex\u00e9rcito daquele pa\u00eds e pela lideran\u00e7a civil. Muitos esperavam que o acordo colocasse o pa\u00eds no caminho da democracia, mas agora temem que ir\u00e1 permitir que o ex\u00e9rcito mantenha a sua influ\u00eancia no\" \/>\n<meta property=\"og:url\" content=\"https:\/\/adf-magazine.com\/pt-pt\/2021\/12\/novo-acordo-de-governacao-do-sudao-nao-satisfaz-os-defensores-da-democracia\/\" \/>\n<meta property=\"og:site_name\" content=\"Africa Defense Forum\" \/>\n<meta property=\"article:publisher\" content=\"https:\/\/www.facebook.com\/ADFmagazine\/\" \/>\n<meta property=\"article:published_time\" content=\"2021-12-15T15:31:36+00:00\" \/>\n<meta property=\"article:modified_time\" content=\"2021-12-15T15:32:42+00:00\" \/>\n<meta property=\"og:image\" content=\"https:\/\/adf-magazine.com\/wp-content\/uploads\/2021\/12\/GettyImages-1237055032.jpg\" \/>\n\t<meta property=\"og:image:width\" content=\"1080\" \/>\n\t<meta property=\"og:image:height\" content=\"720\" \/>\n\t<meta property=\"og:image:type\" content=\"image\/jpeg\" \/>\n<meta name=\"author\" content=\"ADF\" \/>\n<meta name=\"twitter:card\" content=\"summary_large_image\" \/>\n<meta name=\"twitter:creator\" content=\"@ADFmagazine\" \/>\n<meta name=\"twitter:site\" content=\"@ADFmagazine\" \/>\n<meta name=\"twitter:label1\" content=\"Escrito por\" \/>\n\t<meta name=\"twitter:data1\" content=\"ADF\" \/>\n\t<meta name=\"twitter:label2\" content=\"Tempo estimado de leitura\" \/>\n\t<meta name=\"twitter:data2\" content=\"4 minutos\" \/>\n<script type=\"application\/ld+json\" class=\"yoast-schema-graph\">{\"@context\":\"https:\\\/\\\/schema.org\",\"@graph\":[{\"@type\":\"Article\",\"@id\":\"https:\\\/\\\/adf-magazine.com\\\/pt-pt\\\/2021\\\/12\\\/novo-acordo-de-governacao-do-sudao-nao-satisfaz-os-defensores-da-democracia\\\/#article\",\"isPartOf\":{\"@id\":\"https:\\\/\\\/adf-magazine.com\\\/pt-pt\\\/2021\\\/12\\\/novo-acordo-de-governacao-do-sudao-nao-satisfaz-os-defensores-da-democracia\\\/\"},\"author\":{\"name\":\"ADF\",\"@id\":\"https:\\\/\\\/adf-magazine.com\\\/#\\\/schema\\\/person\\\/f266a6061389568b5a11465bb38bc025\"},\"headline\":\"Novo Acordo de Governa\u00e7\u00e3o do Sud\u00e3o n\u00e3o Satisfaz os Defensores da Democracia\",\"datePublished\":\"2021-12-15T15:31:36+00:00\",\"dateModified\":\"2021-12-15T15:32:42+00:00\",\"mainEntityOfPage\":{\"@id\":\"https:\\\/\\\/adf-magazine.com\\\/pt-pt\\\/2021\\\/12\\\/novo-acordo-de-governacao-do-sudao-nao-satisfaz-os-defensores-da-democracia\\\/\"},\"wordCount\":826,\"commentCount\":0,\"image\":{\"@id\":\"https:\\\/\\\/adf-magazine.com\\\/pt-pt\\\/2021\\\/12\\\/novo-acordo-de-governacao-do-sudao-nao-satisfaz-os-defensores-da-democracia\\\/#primaryimage\"},\"thumbnailUrl\":\"https:\\\/\\\/adf-magazine.com\\\/wp-content\\\/uploads\\\/2021\\\/12\\\/GettyImages-1237055032.jpg\",\"keywords\":[\"elei\u00e7\u00f5es\",\"golpes\",\"Sud\u00e3o\"],\"articleSection\":[\"Not\u00edcias diaries\"],\"inLanguage\":\"pt-PT\",\"potentialAction\":[{\"@type\":\"CommentAction\",\"name\":\"Comment\",\"target\":[\"https:\\\/\\\/adf-magazine.com\\\/pt-pt\\\/2021\\\/12\\\/novo-acordo-de-governacao-do-sudao-nao-satisfaz-os-defensores-da-democracia\\\/#respond\"]}]},{\"@type\":\"WebPage\",\"@id\":\"https:\\\/\\\/adf-magazine.com\\\/pt-pt\\\/2021\\\/12\\\/novo-acordo-de-governacao-do-sudao-nao-satisfaz-os-defensores-da-democracia\\\/\",\"url\":\"https:\\\/\\\/adf-magazine.com\\\/pt-pt\\\/2021\\\/12\\\/novo-acordo-de-governacao-do-sudao-nao-satisfaz-os-defensores-da-democracia\\\/\",\"name\":\"Novo Acordo de Governa\u00e7\u00e3o do Sud\u00e3o n\u00e3o Satisfaz os Defensores da Democracia - Africa Defense Forum\",\"isPartOf\":{\"@id\":\"https:\\\/\\\/adf-magazine.com\\\/#website\"},\"primaryImageOfPage\":{\"@id\":\"https:\\\/\\\/adf-magazine.com\\\/pt-pt\\\/2021\\\/12\\\/novo-acordo-de-governacao-do-sudao-nao-satisfaz-os-defensores-da-democracia\\\/#primaryimage\"},\"image\":{\"@id\":\"https:\\\/\\\/adf-magazine.com\\\/pt-pt\\\/2021\\\/12\\\/novo-acordo-de-governacao-do-sudao-nao-satisfaz-os-defensores-da-democracia\\\/#primaryimage\"},\"thumbnailUrl\":\"https:\\\/\\\/adf-magazine.com\\\/wp-content\\\/uploads\\\/2021\\\/12\\\/GettyImages-1237055032.jpg\",\"datePublished\":\"2021-12-15T15:31:36+00:00\",\"dateModified\":\"2021-12-15T15:32:42+00:00\",\"author\":{\"@id\":\"https:\\\/\\\/adf-magazine.com\\\/#\\\/schema\\\/person\\\/f266a6061389568b5a11465bb38bc025\"},\"breadcrumb\":{\"@id\":\"https:\\\/\\\/adf-magazine.com\\\/pt-pt\\\/2021\\\/12\\\/novo-acordo-de-governacao-do-sudao-nao-satisfaz-os-defensores-da-democracia\\\/#breadcrumb\"},\"inLanguage\":\"pt-PT\",\"potentialAction\":[{\"@type\":\"ReadAction\",\"target\":[\"https:\\\/\\\/adf-magazine.com\\\/pt-pt\\\/2021\\\/12\\\/novo-acordo-de-governacao-do-sudao-nao-satisfaz-os-defensores-da-democracia\\\/\"]}]},{\"@type\":\"ImageObject\",\"inLanguage\":\"pt-PT\",\"@id\":\"https:\\\/\\\/adf-magazine.com\\\/pt-pt\\\/2021\\\/12\\\/novo-acordo-de-governacao-do-sudao-nao-satisfaz-os-defensores-da-democracia\\\/#primaryimage\",\"url\":\"https:\\\/\\\/adf-magazine.com\\\/wp-content\\\/uploads\\\/2021\\\/12\\\/GettyImages-1237055032.jpg\",\"contentUrl\":\"https:\\\/\\\/adf-magazine.com\\\/wp-content\\\/uploads\\\/2021\\\/12\\\/GettyImages-1237055032.jpg\",\"width\":1080,\"height\":720,\"caption\":\"Sudaneses protestam, em Cartum, contra o acordo que manteve o controlo militar sobre o governo depois de restituir o Primeiro-Ministro, Abdalla Hamdok, ao seu cargo. AFP\\\/GETTY IMAGES\"},{\"@type\":\"BreadcrumbList\",\"@id\":\"https:\\\/\\\/adf-magazine.com\\\/pt-pt\\\/2021\\\/12\\\/novo-acordo-de-governacao-do-sudao-nao-satisfaz-os-defensores-da-democracia\\\/#breadcrumb\",\"itemListElement\":[{\"@type\":\"ListItem\",\"position\":1,\"name\":\"Home\",\"item\":\"https:\\\/\\\/adf-magazine.com\\\/\"},{\"@type\":\"ListItem\",\"position\":2,\"name\":\"Novo Acordo de Governa\u00e7\u00e3o do Sud\u00e3o n\u00e3o Satisfaz os Defensores da Democracia\"}]},{\"@type\":\"WebSite\",\"@id\":\"https:\\\/\\\/adf-magazine.com\\\/#website\",\"url\":\"https:\\\/\\\/adf-magazine.com\\\/\",\"name\":\"Africa Defense Forum\",\"description\":\"Africa Defense Forum\",\"potentialAction\":[{\"@type\":\"SearchAction\",\"target\":{\"@type\":\"EntryPoint\",\"urlTemplate\":\"https:\\\/\\\/adf-magazine.com\\\/?s={search_term_string}\"},\"query-input\":{\"@type\":\"PropertyValueSpecification\",\"valueRequired\":true,\"valueName\":\"search_term_string\"}}],\"inLanguage\":\"pt-PT\"},{\"@type\":\"Person\",\"@id\":\"https:\\\/\\\/adf-magazine.com\\\/#\\\/schema\\\/person\\\/f266a6061389568b5a11465bb38bc025\",\"name\":\"ADF\",\"image\":{\"@type\":\"ImageObject\",\"inLanguage\":\"pt-PT\",\"@id\":\"https:\\\/\\\/adf-magazine.com\\\/wp-content\\\/uploads\\\/2020\\\/05\\\/cropped-ADF_icon.jpg\",\"url\":\"https:\\\/\\\/adf-magazine.com\\\/wp-content\\\/uploads\\\/2020\\\/05\\\/cropped-ADF_icon.jpg\",\"contentUrl\":\"https:\\\/\\\/adf-magazine.com\\\/wp-content\\\/uploads\\\/2020\\\/05\\\/cropped-ADF_icon.jpg\",\"caption\":\"ADF\"},\"description\":\"ADF is a professional military magazine published quarterly by U.S. Africa Command to provide an international forum for African security professionals. ADF covers topics such as counter terrorism strategies, security and defense operations, transnational crime, and all other issues affecting peace, stability, and good governance on the African continent.\",\"sameAs\":[\"https:\\\/\\\/x.com\\\/ADFmagazine\"],\"url\":\"https:\\\/\\\/adf-magazine.com\\\/pt-pt\\\/author\\\/adf\\\/\"}]}<\/script>\n<!-- \/ Yoast SEO plugin. -->","yoast_head_json":{"title":"Novo Acordo de Governa\u00e7\u00e3o do Sud\u00e3o n\u00e3o Satisfaz os Defensores da Democracia - Africa Defense Forum","robots":{"index":"index","follow":"follow","max-snippet":"max-snippet:-1","max-image-preview":"max-image-preview:large","max-video-preview":"max-video-preview:-1"},"canonical":"https:\/\/adf-magazine.com\/pt-pt\/2021\/12\/novo-acordo-de-governacao-do-sudao-nao-satisfaz-os-defensores-da-democracia\/","og_locale":"pt_PT","og_type":"article","og_title":"Novo Acordo de Governa\u00e7\u00e3o do Sud\u00e3o n\u00e3o Satisfaz os Defensores da Democracia - Africa Defense Forum","og_description":"EQUIPA DA ADF Membros do movimento de protestos do Sud\u00e3o est\u00e3o a denunciar um acordo de partilha de poder recentemente assinado pelo ex\u00e9rcito daquele pa\u00eds e pela lideran\u00e7a civil. Muitos esperavam que o acordo colocasse o pa\u00eds no caminho da democracia, mas agora temem que ir\u00e1 permitir que o ex\u00e9rcito mantenha a sua influ\u00eancia no","og_url":"https:\/\/adf-magazine.com\/pt-pt\/2021\/12\/novo-acordo-de-governacao-do-sudao-nao-satisfaz-os-defensores-da-democracia\/","og_site_name":"Africa Defense Forum","article_publisher":"https:\/\/www.facebook.com\/ADFmagazine\/","article_published_time":"2021-12-15T15:31:36+00:00","article_modified_time":"2021-12-15T15:32:42+00:00","og_image":[{"width":1080,"height":720,"url":"https:\/\/adf-magazine.com\/wp-content\/uploads\/2021\/12\/GettyImages-1237055032.jpg","type":"image\/jpeg"}],"author":"ADF","twitter_card":"summary_large_image","twitter_creator":"@ADFmagazine","twitter_site":"@ADFmagazine","twitter_misc":{"Escrito por":"ADF","Tempo estimado de leitura":"4 minutos"},"schema":{"@context":"https:\/\/schema.org","@graph":[{"@type":"Article","@id":"https:\/\/adf-magazine.com\/pt-pt\/2021\/12\/novo-acordo-de-governacao-do-sudao-nao-satisfaz-os-defensores-da-democracia\/#article","isPartOf":{"@id":"https:\/\/adf-magazine.com\/pt-pt\/2021\/12\/novo-acordo-de-governacao-do-sudao-nao-satisfaz-os-defensores-da-democracia\/"},"author":{"name":"ADF","@id":"https:\/\/adf-magazine.com\/#\/schema\/person\/f266a6061389568b5a11465bb38bc025"},"headline":"Novo Acordo de Governa\u00e7\u00e3o do Sud\u00e3o n\u00e3o Satisfaz os Defensores da Democracia","datePublished":"2021-12-15T15:31:36+00:00","dateModified":"2021-12-15T15:32:42+00:00","mainEntityOfPage":{"@id":"https:\/\/adf-magazine.com\/pt-pt\/2021\/12\/novo-acordo-de-governacao-do-sudao-nao-satisfaz-os-defensores-da-democracia\/"},"wordCount":826,"commentCount":0,"image":{"@id":"https:\/\/adf-magazine.com\/pt-pt\/2021\/12\/novo-acordo-de-governacao-do-sudao-nao-satisfaz-os-defensores-da-democracia\/#primaryimage"},"thumbnailUrl":"https:\/\/adf-magazine.com\/wp-content\/uploads\/2021\/12\/GettyImages-1237055032.jpg","keywords":["elei\u00e7\u00f5es","golpes","Sud\u00e3o"],"articleSection":["Not\u00edcias diaries"],"inLanguage":"pt-PT","potentialAction":[{"@type":"CommentAction","name":"Comment","target":["https:\/\/adf-magazine.com\/pt-pt\/2021\/12\/novo-acordo-de-governacao-do-sudao-nao-satisfaz-os-defensores-da-democracia\/#respond"]}]},{"@type":"WebPage","@id":"https:\/\/adf-magazine.com\/pt-pt\/2021\/12\/novo-acordo-de-governacao-do-sudao-nao-satisfaz-os-defensores-da-democracia\/","url":"https:\/\/adf-magazine.com\/pt-pt\/2021\/12\/novo-acordo-de-governacao-do-sudao-nao-satisfaz-os-defensores-da-democracia\/","name":"Novo Acordo de Governa\u00e7\u00e3o do Sud\u00e3o n\u00e3o Satisfaz os Defensores da Democracia - Africa Defense Forum","isPartOf":{"@id":"https:\/\/adf-magazine.com\/#website"},"primaryImageOfPage":{"@id":"https:\/\/adf-magazine.com\/pt-pt\/2021\/12\/novo-acordo-de-governacao-do-sudao-nao-satisfaz-os-defensores-da-democracia\/#primaryimage"},"image":{"@id":"https:\/\/adf-magazine.com\/pt-pt\/2021\/12\/novo-acordo-de-governacao-do-sudao-nao-satisfaz-os-defensores-da-democracia\/#primaryimage"},"thumbnailUrl":"https:\/\/adf-magazine.com\/wp-content\/uploads\/2021\/12\/GettyImages-1237055032.jpg","datePublished":"2021-12-15T15:31:36+00:00","dateModified":"2021-12-15T15:32:42+00:00","author":{"@id":"https:\/\/adf-magazine.com\/#\/schema\/person\/f266a6061389568b5a11465bb38bc025"},"breadcrumb":{"@id":"https:\/\/adf-magazine.com\/pt-pt\/2021\/12\/novo-acordo-de-governacao-do-sudao-nao-satisfaz-os-defensores-da-democracia\/#breadcrumb"},"inLanguage":"pt-PT","potentialAction":[{"@type":"ReadAction","target":["https:\/\/adf-magazine.com\/pt-pt\/2021\/12\/novo-acordo-de-governacao-do-sudao-nao-satisfaz-os-defensores-da-democracia\/"]}]},{"@type":"ImageObject","inLanguage":"pt-PT","@id":"https:\/\/adf-magazine.com\/pt-pt\/2021\/12\/novo-acordo-de-governacao-do-sudao-nao-satisfaz-os-defensores-da-democracia\/#primaryimage","url":"https:\/\/adf-magazine.com\/wp-content\/uploads\/2021\/12\/GettyImages-1237055032.jpg","contentUrl":"https:\/\/adf-magazine.com\/wp-content\/uploads\/2021\/12\/GettyImages-1237055032.jpg","width":1080,"height":720,"caption":"Sudaneses protestam, em Cartum, contra o acordo que manteve o controlo militar sobre o governo depois de restituir o Primeiro-Ministro, Abdalla Hamdok, ao seu cargo. AFP\/GETTY IMAGES"},{"@type":"BreadcrumbList","@id":"https:\/\/adf-magazine.com\/pt-pt\/2021\/12\/novo-acordo-de-governacao-do-sudao-nao-satisfaz-os-defensores-da-democracia\/#breadcrumb","itemListElement":[{"@type":"ListItem","position":1,"name":"Home","item":"https:\/\/adf-magazine.com\/"},{"@type":"ListItem","position":2,"name":"Novo Acordo de Governa\u00e7\u00e3o do Sud\u00e3o n\u00e3o Satisfaz os Defensores da Democracia"}]},{"@type":"WebSite","@id":"https:\/\/adf-magazine.com\/#website","url":"https:\/\/adf-magazine.com\/","name":"Africa Defense Forum","description":"Africa Defense Forum","potentialAction":[{"@type":"SearchAction","target":{"@type":"EntryPoint","urlTemplate":"https:\/\/adf-magazine.com\/?s={search_term_string}"},"query-input":{"@type":"PropertyValueSpecification","valueRequired":true,"valueName":"search_term_string"}}],"inLanguage":"pt-PT"},{"@type":"Person","@id":"https:\/\/adf-magazine.com\/#\/schema\/person\/f266a6061389568b5a11465bb38bc025","name":"ADF","image":{"@type":"ImageObject","inLanguage":"pt-PT","@id":"https:\/\/adf-magazine.com\/wp-content\/uploads\/2020\/05\/cropped-ADF_icon.jpg","url":"https:\/\/adf-magazine.com\/wp-content\/uploads\/2020\/05\/cropped-ADF_icon.jpg","contentUrl":"https:\/\/adf-magazine.com\/wp-content\/uploads\/2020\/05\/cropped-ADF_icon.jpg","caption":"ADF"},"description":"ADF is a professional military magazine published quarterly by U.S. Africa Command to provide an international forum for African security professionals. ADF covers topics such as counter terrorism strategies, security and defense operations, transnational crime, and all other issues affecting peace, stability, and good governance on the African continent.","sameAs":["https:\/\/x.com\/ADFmagazine"],"url":"https:\/\/adf-magazine.com\/pt-pt\/author\/adf\/"}]}},"_links":{"self":[{"href":"https:\/\/adf-magazine.com\/pt-pt\/wp-json\/wp\/v2\/posts\/29321","targetHints":{"allow":["GET"]}}],"collection":[{"href":"https:\/\/adf-magazine.com\/pt-pt\/wp-json\/wp\/v2\/posts"}],"about":[{"href":"https:\/\/adf-magazine.com\/pt-pt\/wp-json\/wp\/v2\/types\/post"}],"author":[{"embeddable":true,"href":"https:\/\/adf-magazine.com\/pt-pt\/wp-json\/wp\/v2\/users\/1"}],"replies":[{"embeddable":true,"href":"https:\/\/adf-magazine.com\/pt-pt\/wp-json\/wp\/v2\/comments?post=29321"}],"version-history":[{"count":0,"href":"https:\/\/adf-magazine.com\/pt-pt\/wp-json\/wp\/v2\/posts\/29321\/revisions"}],"wp:featuredmedia":[{"embeddable":true,"href":"https:\/\/adf-magazine.com\/pt-pt\/wp-json\/wp\/v2\/media\/29319"}],"wp:attachment":[{"href":"https:\/\/adf-magazine.com\/pt-pt\/wp-json\/wp\/v2\/media?parent=29321"}],"wp:term":[{"taxonomy":"category","embeddable":true,"href":"https:\/\/adf-magazine.com\/pt-pt\/wp-json\/wp\/v2\/categories?post=29321"},{"taxonomy":"post_tag","embeddable":true,"href":"https:\/\/adf-magazine.com\/pt-pt\/wp-json\/wp\/v2\/tags?post=29321"}],"curies":[{"name":"wp","href":"https:\/\/api.w.org\/{rel}","templated":true}]}}