{"id":28226,"date":"2021-10-27T12:43:51","date_gmt":"2021-10-27T16:43:51","guid":{"rendered":"https:\/\/adf-magazine.com\/?p=28226"},"modified":"2021-10-27T12:45:04","modified_gmt":"2021-10-27T16:45:04","slug":"uniao-africana-e-somalia-em-discordancia-quanto-ao-futuro-da-missao","status":"publish","type":"post","link":"https:\/\/adf-magazine.com\/pt-pt\/2021\/10\/uniao-africana-e-somalia-em-discordancia-quanto-ao-futuro-da-missao\/","title":{"rendered":"Uni\u00e3o Africana e Som\u00e1lia em Discord\u00e2ncia Quanto ao Futuro da Miss\u00e3o"},"content":{"rendered":"<p>EQUIPA DA ADF<\/p>\n<p>Em meio a um recente aumento de terrorismo na Som\u00e1lia e cont\u00ednua falta de for\u00e7as adequadas de seguran\u00e7a do Estado, a necessidade de soldados de manuten\u00e7\u00e3o da paz continua alta.<\/p>\n<p>Entretanto, o tempo vai-se esgotando quanto \u00e0 Miss\u00e3o da Uni\u00e3o Africana na Som\u00e1lia (AMISOM) definida para terminar no dia 31 de Dezembro.<\/p>\n<p>A Uni\u00e3o Africana e o governo da Som\u00e1lia n\u00e3o concordam sobre como deve ser a miss\u00e3o daqui em diante.<\/p>\n<p>No dia 10 de Outubro, o Conselho de Paz e Seguran\u00e7a da Uni\u00e3o Africana (CPSUA) anunciou a sua inten\u00e7\u00e3o de formar uma miss\u00e3o conjunta com as Na\u00e7\u00f5es Unidas para permitir que &#8220;outras partes interessadas e dispostas entre os Pa\u00edses Membros da Uni\u00e3o Africana&#8221; se juntem \u00e0 opera\u00e7\u00e3o.<\/p>\n<p>O concelho expressou \u201cs\u00e9rias preocupa\u00e7\u00f5es da deteriora\u00e7\u00e3o da situa\u00e7\u00e3o de seguran\u00e7a na Som\u00e1lia, que registou uma ressurg\u00eancia preocupante em actividades do al-Shabaab e outros grupos terroristas em grandes partes do pa\u00eds e est\u00e1 a afastar-se da aten\u00e7\u00e3o de processos cr\u00edticos da constru\u00e7\u00e3o do Estado e da estabiliza\u00e7\u00e3o.\u201d Dois dias depois, a Som\u00e1lia rejeitou o plano que tamb\u00e9m precisa de aprova\u00e7\u00e3o do Conselho de Seguran\u00e7a da ONU.<\/p>\n<p>Num comunicado, o Minist\u00e9rio da Defesa da Som\u00e1lia expressou as suas pr\u00f3prias &#8220;graves preocupa\u00e7\u00f5es quanto \u00e0 cont\u00ednua desconsidera\u00e7\u00e3o pelo CPSUA da soberania, integridade territorial e independ\u00eancia pol\u00edtica da Som\u00e1lia por repetidamente seguir uma agenda que p\u00f5e em risco a agenda do conselho e violar os direitos b\u00e1sicos de um pa\u00eds membro.\u201d<\/p>\n<p>A AMISOM, uma for\u00e7a de manuten\u00e7\u00e3o da paz regional, foi criada em 2007 pelo CPSUA, com a aprova\u00e7\u00e3o da ONU. As suas aproximadamente 20.000 tropas s\u00e3o origin\u00e1rias de Burundi, Djibouti, Eti\u00f3pia, Qu\u00e9nia, Serra Leoa e Uganda.<\/p>\n<p>A miss\u00e3o da AMISOM de estabilizar o pa\u00eds e ajudar a criar a capacidade do ex\u00e9rcito nacional da Som\u00e1lia e das for\u00e7as policiais do pa\u00eds mudou em 2010 para enfrentar directamente o al-Shabaab.<\/p>\n<p>A insurg\u00eancia isl\u00e2mica ligada ao al-Qaeda faz ataques frequentes e mortais contra alvos civis e militares e controla grandes partes das zonas rurais na regi\u00e3o central e sul da Som\u00e1lia.<\/p>\n<p>A AMISOM esteve a enfrentar problemas de financiamento persistentes que fizeram com que o Burundi e o Uganda amea\u00e7assem retirar as suas tropas.<\/p>\n<p>Actualmente, a miss\u00e3o n\u00e3o recebe financiamento da ONU, mas de doadores internacionais.<\/p>\n<p>Os pa\u00edses que contribuem com tropas, tais como o Qu\u00e9nia, expressaram apoio para a reconfigura\u00e7\u00e3o da miss\u00e3o da AMISOM numa miss\u00e3o conjunta com a ONU.<\/p>\n<p>\u201cO interesse estrat\u00e9gico do Qu\u00e9nia na Som\u00e1lia \u00e9 puramente de ver uma Som\u00e1lia, assim como os seus vizinhos, em paz. Portanto, a nossa presen\u00e7a na Som\u00e1lia n\u00e3o \u00e9 apenas desej\u00e1vel mais uma quest\u00e3o de interesse nacional,\u201d comandante do Sector II da AMISOM, Brigadeiro Jeff Nyagah, disse ao jornal queniano, the Nation.<\/p>\n<p>&#8220;A AMISOM n\u00e3o pode estar aqui para sempre. Num certo momento, teremos de sair e deixar a responsabilidade para o povo da Som\u00e1lia.\u201d<\/p>\n<p>Enquanto a Som\u00e1lia lute com as suas crises de seguran\u00e7a constantes, os seus l\u00edderes est\u00e3o envolvidos nas suas pr\u00f3prias crises pol\u00edticas. O presidente Mohammed Abdullahi Mohammed e o primeiro-ministro Mohammed Hussein Roble discordam quanto \u00e0 estrat\u00e9gia correcta para a seguran\u00e7a e para as elei\u00e7\u00f5es que se avizinham, que foram adiadas sem data definida.<\/p>\n<p>A declara\u00e7\u00e3o do CPSUA apelou que as duas partes resolvam as suas diferen\u00e7as e &#8220;voltem a centrar-se, sem demora, na conclus\u00e3o das elei\u00e7\u00f5es cuja data j\u00e1 est\u00e1 ultrapassada.&#8221;<\/p>\n<p>&#8220;O cont\u00ednuo impasse pol\u00edtico entre o Gabinete do Presidente e o Gabinete do Primeiro-Ministro est\u00e1 a contribuir para a deteriora\u00e7\u00e3o da situa\u00e7\u00e3o de seguran\u00e7a, numa altura em que as autoridades pol\u00edticas encontram a sua aten\u00e7\u00e3o desviada dos assuntos relacionados com a governa\u00e7\u00e3o.&#8221;<\/p>\n","protected":false},"excerpt":{"rendered":"<p>EQUIPA DA ADF Em meio a um recente aumento de terrorismo na Som\u00e1lia e cont\u00ednua falta de for\u00e7as adequadas de seguran\u00e7a do Estado, a necessidade de soldados de manuten\u00e7\u00e3o da paz continua alta. Entretanto, o tempo vai-se esgotando quanto \u00e0 Miss\u00e3o da Uni\u00e3o Africana na Som\u00e1lia (AMISOM) definida para terminar no dia 31 de Dezembro.<\/p>\n","protected":false},"author":1,"featured_media":28224,"comment_status":"open","ping_status":"open","sticky":false,"template":"","format":"standard","meta":{"_acf_changed":false,"_monsterinsights_skip_tracking":false,"_monsterinsights_sitenote_active":false,"_monsterinsights_sitenote_note":"","_monsterinsights_sitenote_category":0,"_uf_show_specific_survey":0,"_uf_disable_surveys":false,"footnotes":""},"categories":[363],"tags":[764,596,762,499,745,629,761,474,763,535,534,508],"class_list":{"0":"post-28226","1":"post","2":"type-post","3":"status-publish","4":"format-standard","5":"has-post-thumbnail","7":"category-melhores-historias","8":"tag-burundi-pt-pt","9":"tag-djibouti-pt-pt","10":"tag-etiopia","11":"tag-extremismo","12":"tag-manutencao-de-paz","13":"tag-nacoes-unidas","14":"tag-policia","15":"tag-quenia","16":"tag-serra-leoa","17":"tag-somalia-pt-pt","18":"tag-terrorismo","19":"tag-uniao-africana"},"acf":[],"yoast_head":"<!-- This site is optimized with the Yoast SEO plugin v27.4 - https:\/\/yoast.com\/product\/yoast-seo-wordpress\/ -->\n<title>Uni\u00e3o Africana e Som\u00e1lia em Discord\u00e2ncia Quanto ao Futuro da Miss\u00e3o - Africa Defense Forum<\/title>\n<meta name=\"robots\" content=\"index, follow, max-snippet:-1, max-image-preview:large, max-video-preview:-1\" \/>\n<link rel=\"canonical\" href=\"https:\/\/adf-magazine.com\/pt-pt\/2021\/10\/uniao-africana-e-somalia-em-discordancia-quanto-ao-futuro-da-missao\/\" \/>\n<meta property=\"og:locale\" content=\"pt_PT\" \/>\n<meta property=\"og:type\" content=\"article\" \/>\n<meta property=\"og:title\" content=\"Uni\u00e3o Africana e Som\u00e1lia em Discord\u00e2ncia Quanto ao Futuro da Miss\u00e3o - Africa Defense Forum\" \/>\n<meta property=\"og:description\" content=\"EQUIPA DA ADF Em meio a um recente aumento de terrorismo na Som\u00e1lia e cont\u00ednua falta de for\u00e7as adequadas de seguran\u00e7a do Estado, a necessidade de soldados de manuten\u00e7\u00e3o da paz continua alta. Entretanto, o tempo vai-se esgotando quanto \u00e0 Miss\u00e3o da Uni\u00e3o Africana na Som\u00e1lia (AMISOM) definida para terminar no dia 31 de Dezembro.\" \/>\n<meta property=\"og:url\" content=\"https:\/\/adf-magazine.com\/pt-pt\/2021\/10\/uniao-africana-e-somalia-em-discordancia-quanto-ao-futuro-da-missao\/\" \/>\n<meta property=\"og:site_name\" content=\"Africa Defense Forum\" \/>\n<meta property=\"article:publisher\" content=\"https:\/\/www.facebook.com\/ADFmagazine\/\" \/>\n<meta property=\"article:published_time\" content=\"2021-10-27T16:43:51+00:00\" \/>\n<meta property=\"article:modified_time\" content=\"2021-10-27T16:45:04+00:00\" \/>\n<meta property=\"og:image\" content=\"https:\/\/adf-magazine.com\/wp-content\/uploads\/2021\/10\/2019-02-28T132806Z_164946873_RC190C55EAB0_RTRMADP_3_SOMALIA-SECURITY-1.jpg\" \/>\n\t<meta property=\"og:image:width\" content=\"1080\" \/>\n\t<meta property=\"og:image:height\" content=\"720\" \/>\n\t<meta property=\"og:image:type\" content=\"image\/jpeg\" \/>\n<meta name=\"author\" content=\"ADF\" \/>\n<meta name=\"twitter:card\" content=\"summary_large_image\" \/>\n<meta name=\"twitter:creator\" content=\"@ADFmagazine\" \/>\n<meta name=\"twitter:site\" content=\"@ADFmagazine\" \/>\n<meta name=\"twitter:label1\" content=\"Escrito por\" \/>\n\t<meta name=\"twitter:data1\" content=\"ADF\" \/>\n\t<meta name=\"twitter:label2\" content=\"Tempo estimado de leitura\" \/>\n\t<meta name=\"twitter:data2\" content=\"3 minutos\" \/>\n<script type=\"application\/ld+json\" class=\"yoast-schema-graph\">{\"@context\":\"https:\\\/\\\/schema.org\",\"@graph\":[{\"@type\":\"Article\",\"@id\":\"https:\\\/\\\/adf-magazine.com\\\/pt-pt\\\/2021\\\/10\\\/uniao-africana-e-somalia-em-discordancia-quanto-ao-futuro-da-missao\\\/#article\",\"isPartOf\":{\"@id\":\"https:\\\/\\\/adf-magazine.com\\\/pt-pt\\\/2021\\\/10\\\/uniao-africana-e-somalia-em-discordancia-quanto-ao-futuro-da-missao\\\/\"},\"author\":{\"name\":\"ADF\",\"@id\":\"https:\\\/\\\/adf-magazine.com\\\/#\\\/schema\\\/person\\\/f266a6061389568b5a11465bb38bc025\"},\"headline\":\"Uni\u00e3o Africana e Som\u00e1lia em Discord\u00e2ncia Quanto ao Futuro da Miss\u00e3o\",\"datePublished\":\"2021-10-27T16:43:51+00:00\",\"dateModified\":\"2021-10-27T16:45:04+00:00\",\"mainEntityOfPage\":{\"@id\":\"https:\\\/\\\/adf-magazine.com\\\/pt-pt\\\/2021\\\/10\\\/uniao-africana-e-somalia-em-discordancia-quanto-ao-futuro-da-missao\\\/\"},\"wordCount\":703,\"commentCount\":0,\"image\":{\"@id\":\"https:\\\/\\\/adf-magazine.com\\\/pt-pt\\\/2021\\\/10\\\/uniao-africana-e-somalia-em-discordancia-quanto-ao-futuro-da-missao\\\/#primaryimage\"},\"thumbnailUrl\":\"https:\\\/\\\/adf-magazine.com\\\/wp-content\\\/uploads\\\/2021\\\/10\\\/2019-02-28T132806Z_164946873_RC190C55EAB0_RTRMADP_3_SOMALIA-SECURITY-1.jpg\",\"keywords\":[\"Burundi\",\"Djibouti\",\"Eti\u00f3pia\",\"extremismo\",\"Manuten\u00e7\u00e3o de Paz\",\"Na\u00e7\u00f5es Unidas\",\"Pol\u00edcia\",\"Qu\u00e9nia\",\"Serra Leoa\",\"Somalia\",\"Terrorismo\",\"Uni\u00e3o Africana\"],\"articleSection\":[\"Not\u00edcias diaries\"],\"inLanguage\":\"pt-PT\",\"potentialAction\":[{\"@type\":\"CommentAction\",\"name\":\"Comment\",\"target\":[\"https:\\\/\\\/adf-magazine.com\\\/pt-pt\\\/2021\\\/10\\\/uniao-africana-e-somalia-em-discordancia-quanto-ao-futuro-da-missao\\\/#respond\"]}]},{\"@type\":\"WebPage\",\"@id\":\"https:\\\/\\\/adf-magazine.com\\\/pt-pt\\\/2021\\\/10\\\/uniao-africana-e-somalia-em-discordancia-quanto-ao-futuro-da-missao\\\/\",\"url\":\"https:\\\/\\\/adf-magazine.com\\\/pt-pt\\\/2021\\\/10\\\/uniao-africana-e-somalia-em-discordancia-quanto-ao-futuro-da-missao\\\/\",\"name\":\"Uni\u00e3o Africana e Som\u00e1lia em Discord\u00e2ncia Quanto ao Futuro da Miss\u00e3o - Africa Defense Forum\",\"isPartOf\":{\"@id\":\"https:\\\/\\\/adf-magazine.com\\\/#website\"},\"primaryImageOfPage\":{\"@id\":\"https:\\\/\\\/adf-magazine.com\\\/pt-pt\\\/2021\\\/10\\\/uniao-africana-e-somalia-em-discordancia-quanto-ao-futuro-da-missao\\\/#primaryimage\"},\"image\":{\"@id\":\"https:\\\/\\\/adf-magazine.com\\\/pt-pt\\\/2021\\\/10\\\/uniao-africana-e-somalia-em-discordancia-quanto-ao-futuro-da-missao\\\/#primaryimage\"},\"thumbnailUrl\":\"https:\\\/\\\/adf-magazine.com\\\/wp-content\\\/uploads\\\/2021\\\/10\\\/2019-02-28T132806Z_164946873_RC190C55EAB0_RTRMADP_3_SOMALIA-SECURITY-1.jpg\",\"datePublished\":\"2021-10-27T16:43:51+00:00\",\"dateModified\":\"2021-10-27T16:45:04+00:00\",\"author\":{\"@id\":\"https:\\\/\\\/adf-magazine.com\\\/#\\\/schema\\\/person\\\/f266a6061389568b5a11465bb38bc025\"},\"breadcrumb\":{\"@id\":\"https:\\\/\\\/adf-magazine.com\\\/pt-pt\\\/2021\\\/10\\\/uniao-africana-e-somalia-em-discordancia-quanto-ao-futuro-da-missao\\\/#breadcrumb\"},\"inLanguage\":\"pt-PT\",\"potentialAction\":[{\"@type\":\"ReadAction\",\"target\":[\"https:\\\/\\\/adf-magazine.com\\\/pt-pt\\\/2021\\\/10\\\/uniao-africana-e-somalia-em-discordancia-quanto-ao-futuro-da-missao\\\/\"]}]},{\"@type\":\"ImageObject\",\"inLanguage\":\"pt-PT\",\"@id\":\"https:\\\/\\\/adf-magazine.com\\\/pt-pt\\\/2021\\\/10\\\/uniao-africana-e-somalia-em-discordancia-quanto-ao-futuro-da-missao\\\/#primaryimage\",\"url\":\"https:\\\/\\\/adf-magazine.com\\\/wp-content\\\/uploads\\\/2021\\\/10\\\/2019-02-28T132806Z_164946873_RC190C55EAB0_RTRMADP_3_SOMALIA-SECURITY-1.jpg\",\"contentUrl\":\"https:\\\/\\\/adf-magazine.com\\\/wp-content\\\/uploads\\\/2021\\\/10\\\/2019-02-28T132806Z_164946873_RC190C55EAB0_RTRMADP_3_SOMALIA-SECURITY-1.jpg\",\"width\":1080,\"height\":720,\"caption\":\"Um soldado burund\u00eas da for\u00e7a de manuten\u00e7\u00e3o da paz da AMISOM em p\u00e9 numa academia militar em Mogad\u00edscio. REUTERS\"},{\"@type\":\"BreadcrumbList\",\"@id\":\"https:\\\/\\\/adf-magazine.com\\\/pt-pt\\\/2021\\\/10\\\/uniao-africana-e-somalia-em-discordancia-quanto-ao-futuro-da-missao\\\/#breadcrumb\",\"itemListElement\":[{\"@type\":\"ListItem\",\"position\":1,\"name\":\"Home\",\"item\":\"https:\\\/\\\/adf-magazine.com\\\/\"},{\"@type\":\"ListItem\",\"position\":2,\"name\":\"Uni\u00e3o Africana e Som\u00e1lia em Discord\u00e2ncia Quanto ao Futuro da Miss\u00e3o\"}]},{\"@type\":\"WebSite\",\"@id\":\"https:\\\/\\\/adf-magazine.com\\\/#website\",\"url\":\"https:\\\/\\\/adf-magazine.com\\\/\",\"name\":\"Africa Defense Forum\",\"description\":\"Africa Defense Forum\",\"potentialAction\":[{\"@type\":\"SearchAction\",\"target\":{\"@type\":\"EntryPoint\",\"urlTemplate\":\"https:\\\/\\\/adf-magazine.com\\\/?s={search_term_string}\"},\"query-input\":{\"@type\":\"PropertyValueSpecification\",\"valueRequired\":true,\"valueName\":\"search_term_string\"}}],\"inLanguage\":\"pt-PT\"},{\"@type\":\"Person\",\"@id\":\"https:\\\/\\\/adf-magazine.com\\\/#\\\/schema\\\/person\\\/f266a6061389568b5a11465bb38bc025\",\"name\":\"ADF\",\"image\":{\"@type\":\"ImageObject\",\"inLanguage\":\"pt-PT\",\"@id\":\"https:\\\/\\\/adf-magazine.com\\\/wp-content\\\/uploads\\\/2020\\\/05\\\/cropped-ADF_icon.jpg\",\"url\":\"https:\\\/\\\/adf-magazine.com\\\/wp-content\\\/uploads\\\/2020\\\/05\\\/cropped-ADF_icon.jpg\",\"contentUrl\":\"https:\\\/\\\/adf-magazine.com\\\/wp-content\\\/uploads\\\/2020\\\/05\\\/cropped-ADF_icon.jpg\",\"caption\":\"ADF\"},\"description\":\"ADF is a professional military magazine published quarterly by U.S. Africa Command to provide an international forum for African security professionals. ADF covers topics such as counter terrorism strategies, security and defense operations, transnational crime, and all other issues affecting peace, stability, and good governance on the African continent.\",\"sameAs\":[\"https:\\\/\\\/x.com\\\/ADFmagazine\"],\"url\":\"https:\\\/\\\/adf-magazine.com\\\/pt-pt\\\/author\\\/adf\\\/\"}]}<\/script>\n<!-- \/ Yoast SEO plugin. -->","yoast_head_json":{"title":"Uni\u00e3o Africana e Som\u00e1lia em Discord\u00e2ncia Quanto ao Futuro da Miss\u00e3o - Africa Defense Forum","robots":{"index":"index","follow":"follow","max-snippet":"max-snippet:-1","max-image-preview":"max-image-preview:large","max-video-preview":"max-video-preview:-1"},"canonical":"https:\/\/adf-magazine.com\/pt-pt\/2021\/10\/uniao-africana-e-somalia-em-discordancia-quanto-ao-futuro-da-missao\/","og_locale":"pt_PT","og_type":"article","og_title":"Uni\u00e3o Africana e Som\u00e1lia em Discord\u00e2ncia Quanto ao Futuro da Miss\u00e3o - Africa Defense Forum","og_description":"EQUIPA DA ADF Em meio a um recente aumento de terrorismo na Som\u00e1lia e cont\u00ednua falta de for\u00e7as adequadas de seguran\u00e7a do Estado, a necessidade de soldados de manuten\u00e7\u00e3o da paz continua alta. Entretanto, o tempo vai-se esgotando quanto \u00e0 Miss\u00e3o da Uni\u00e3o Africana na Som\u00e1lia (AMISOM) definida para terminar no dia 31 de Dezembro.","og_url":"https:\/\/adf-magazine.com\/pt-pt\/2021\/10\/uniao-africana-e-somalia-em-discordancia-quanto-ao-futuro-da-missao\/","og_site_name":"Africa Defense Forum","article_publisher":"https:\/\/www.facebook.com\/ADFmagazine\/","article_published_time":"2021-10-27T16:43:51+00:00","article_modified_time":"2021-10-27T16:45:04+00:00","og_image":[{"width":1080,"height":720,"url":"https:\/\/adf-magazine.com\/wp-content\/uploads\/2021\/10\/2019-02-28T132806Z_164946873_RC190C55EAB0_RTRMADP_3_SOMALIA-SECURITY-1.jpg","type":"image\/jpeg"}],"author":"ADF","twitter_card":"summary_large_image","twitter_creator":"@ADFmagazine","twitter_site":"@ADFmagazine","twitter_misc":{"Escrito por":"ADF","Tempo estimado de leitura":"3 minutos"},"schema":{"@context":"https:\/\/schema.org","@graph":[{"@type":"Article","@id":"https:\/\/adf-magazine.com\/pt-pt\/2021\/10\/uniao-africana-e-somalia-em-discordancia-quanto-ao-futuro-da-missao\/#article","isPartOf":{"@id":"https:\/\/adf-magazine.com\/pt-pt\/2021\/10\/uniao-africana-e-somalia-em-discordancia-quanto-ao-futuro-da-missao\/"},"author":{"name":"ADF","@id":"https:\/\/adf-magazine.com\/#\/schema\/person\/f266a6061389568b5a11465bb38bc025"},"headline":"Uni\u00e3o Africana e Som\u00e1lia em Discord\u00e2ncia Quanto ao Futuro da Miss\u00e3o","datePublished":"2021-10-27T16:43:51+00:00","dateModified":"2021-10-27T16:45:04+00:00","mainEntityOfPage":{"@id":"https:\/\/adf-magazine.com\/pt-pt\/2021\/10\/uniao-africana-e-somalia-em-discordancia-quanto-ao-futuro-da-missao\/"},"wordCount":703,"commentCount":0,"image":{"@id":"https:\/\/adf-magazine.com\/pt-pt\/2021\/10\/uniao-africana-e-somalia-em-discordancia-quanto-ao-futuro-da-missao\/#primaryimage"},"thumbnailUrl":"https:\/\/adf-magazine.com\/wp-content\/uploads\/2021\/10\/2019-02-28T132806Z_164946873_RC190C55EAB0_RTRMADP_3_SOMALIA-SECURITY-1.jpg","keywords":["Burundi","Djibouti","Eti\u00f3pia","extremismo","Manuten\u00e7\u00e3o de Paz","Na\u00e7\u00f5es Unidas","Pol\u00edcia","Qu\u00e9nia","Serra Leoa","Somalia","Terrorismo","Uni\u00e3o Africana"],"articleSection":["Not\u00edcias diaries"],"inLanguage":"pt-PT","potentialAction":[{"@type":"CommentAction","name":"Comment","target":["https:\/\/adf-magazine.com\/pt-pt\/2021\/10\/uniao-africana-e-somalia-em-discordancia-quanto-ao-futuro-da-missao\/#respond"]}]},{"@type":"WebPage","@id":"https:\/\/adf-magazine.com\/pt-pt\/2021\/10\/uniao-africana-e-somalia-em-discordancia-quanto-ao-futuro-da-missao\/","url":"https:\/\/adf-magazine.com\/pt-pt\/2021\/10\/uniao-africana-e-somalia-em-discordancia-quanto-ao-futuro-da-missao\/","name":"Uni\u00e3o Africana e Som\u00e1lia em Discord\u00e2ncia Quanto ao Futuro da Miss\u00e3o - Africa Defense Forum","isPartOf":{"@id":"https:\/\/adf-magazine.com\/#website"},"primaryImageOfPage":{"@id":"https:\/\/adf-magazine.com\/pt-pt\/2021\/10\/uniao-africana-e-somalia-em-discordancia-quanto-ao-futuro-da-missao\/#primaryimage"},"image":{"@id":"https:\/\/adf-magazine.com\/pt-pt\/2021\/10\/uniao-africana-e-somalia-em-discordancia-quanto-ao-futuro-da-missao\/#primaryimage"},"thumbnailUrl":"https:\/\/adf-magazine.com\/wp-content\/uploads\/2021\/10\/2019-02-28T132806Z_164946873_RC190C55EAB0_RTRMADP_3_SOMALIA-SECURITY-1.jpg","datePublished":"2021-10-27T16:43:51+00:00","dateModified":"2021-10-27T16:45:04+00:00","author":{"@id":"https:\/\/adf-magazine.com\/#\/schema\/person\/f266a6061389568b5a11465bb38bc025"},"breadcrumb":{"@id":"https:\/\/adf-magazine.com\/pt-pt\/2021\/10\/uniao-africana-e-somalia-em-discordancia-quanto-ao-futuro-da-missao\/#breadcrumb"},"inLanguage":"pt-PT","potentialAction":[{"@type":"ReadAction","target":["https:\/\/adf-magazine.com\/pt-pt\/2021\/10\/uniao-africana-e-somalia-em-discordancia-quanto-ao-futuro-da-missao\/"]}]},{"@type":"ImageObject","inLanguage":"pt-PT","@id":"https:\/\/adf-magazine.com\/pt-pt\/2021\/10\/uniao-africana-e-somalia-em-discordancia-quanto-ao-futuro-da-missao\/#primaryimage","url":"https:\/\/adf-magazine.com\/wp-content\/uploads\/2021\/10\/2019-02-28T132806Z_164946873_RC190C55EAB0_RTRMADP_3_SOMALIA-SECURITY-1.jpg","contentUrl":"https:\/\/adf-magazine.com\/wp-content\/uploads\/2021\/10\/2019-02-28T132806Z_164946873_RC190C55EAB0_RTRMADP_3_SOMALIA-SECURITY-1.jpg","width":1080,"height":720,"caption":"Um soldado burund\u00eas da for\u00e7a de manuten\u00e7\u00e3o da paz da AMISOM em p\u00e9 numa academia militar em Mogad\u00edscio. REUTERS"},{"@type":"BreadcrumbList","@id":"https:\/\/adf-magazine.com\/pt-pt\/2021\/10\/uniao-africana-e-somalia-em-discordancia-quanto-ao-futuro-da-missao\/#breadcrumb","itemListElement":[{"@type":"ListItem","position":1,"name":"Home","item":"https:\/\/adf-magazine.com\/"},{"@type":"ListItem","position":2,"name":"Uni\u00e3o Africana e Som\u00e1lia em Discord\u00e2ncia Quanto ao Futuro da Miss\u00e3o"}]},{"@type":"WebSite","@id":"https:\/\/adf-magazine.com\/#website","url":"https:\/\/adf-magazine.com\/","name":"Africa Defense Forum","description":"Africa Defense Forum","potentialAction":[{"@type":"SearchAction","target":{"@type":"EntryPoint","urlTemplate":"https:\/\/adf-magazine.com\/?s={search_term_string}"},"query-input":{"@type":"PropertyValueSpecification","valueRequired":true,"valueName":"search_term_string"}}],"inLanguage":"pt-PT"},{"@type":"Person","@id":"https:\/\/adf-magazine.com\/#\/schema\/person\/f266a6061389568b5a11465bb38bc025","name":"ADF","image":{"@type":"ImageObject","inLanguage":"pt-PT","@id":"https:\/\/adf-magazine.com\/wp-content\/uploads\/2020\/05\/cropped-ADF_icon.jpg","url":"https:\/\/adf-magazine.com\/wp-content\/uploads\/2020\/05\/cropped-ADF_icon.jpg","contentUrl":"https:\/\/adf-magazine.com\/wp-content\/uploads\/2020\/05\/cropped-ADF_icon.jpg","caption":"ADF"},"description":"ADF is a professional military magazine published quarterly by U.S. Africa Command to provide an international forum for African security professionals. ADF covers topics such as counter terrorism strategies, security and defense operations, transnational crime, and all other issues affecting peace, stability, and good governance on the African continent.","sameAs":["https:\/\/x.com\/ADFmagazine"],"url":"https:\/\/adf-magazine.com\/pt-pt\/author\/adf\/"}]}},"_links":{"self":[{"href":"https:\/\/adf-magazine.com\/pt-pt\/wp-json\/wp\/v2\/posts\/28226","targetHints":{"allow":["GET"]}}],"collection":[{"href":"https:\/\/adf-magazine.com\/pt-pt\/wp-json\/wp\/v2\/posts"}],"about":[{"href":"https:\/\/adf-magazine.com\/pt-pt\/wp-json\/wp\/v2\/types\/post"}],"author":[{"embeddable":true,"href":"https:\/\/adf-magazine.com\/pt-pt\/wp-json\/wp\/v2\/users\/1"}],"replies":[{"embeddable":true,"href":"https:\/\/adf-magazine.com\/pt-pt\/wp-json\/wp\/v2\/comments?post=28226"}],"version-history":[{"count":0,"href":"https:\/\/adf-magazine.com\/pt-pt\/wp-json\/wp\/v2\/posts\/28226\/revisions"}],"wp:featuredmedia":[{"embeddable":true,"href":"https:\/\/adf-magazine.com\/pt-pt\/wp-json\/wp\/v2\/media\/28224"}],"wp:attachment":[{"href":"https:\/\/adf-magazine.com\/pt-pt\/wp-json\/wp\/v2\/media?parent=28226"}],"wp:term":[{"taxonomy":"category","embeddable":true,"href":"https:\/\/adf-magazine.com\/pt-pt\/wp-json\/wp\/v2\/categories?post=28226"},{"taxonomy":"post_tag","embeddable":true,"href":"https:\/\/adf-magazine.com\/pt-pt\/wp-json\/wp\/v2\/tags?post=28226"}],"curies":[{"name":"wp","href":"https:\/\/api.w.org\/{rel}","templated":true}]}}