{"id":27535,"date":"2021-10-13T11:48:34","date_gmt":"2021-10-13T15:48:34","guid":{"rendered":"https:\/\/adf-magazine.com\/?p=27535"},"modified":"2021-10-25T11:54:20","modified_gmt":"2021-10-25T15:54:20","slug":"africa-segue-em-frente-com-o-bloco-de-comercio-continental","status":"publish","type":"post","link":"https:\/\/adf-magazine.com\/pt-pt\/2021\/10\/africa-segue-em-frente-com-o-bloco-de-comercio-continental\/","title":{"rendered":"\u00c1frica Segue em Frente com o Bloco de Com\u00e9rcio Continental"},"content":{"rendered":"<p>VOZ DA AM\u00c9RICA<\/p>\n<p>\u00c1frica acaba de lan\u00e7ar o maior bloco de com\u00e9rcio mundial depois da Organiza\u00e7\u00e3o Mundial do Com\u00e9rcio. Todos os pa\u00edses africanos, excepto Eritreia, aderiram \u00e0 Zona de Com\u00e9rcio Livre Continental Africana e est\u00e3o a desenvolver directrizes de seguran\u00e7a para o com\u00e9rcio durante a pandemia.<\/p>\n<p>O lan\u00e7amento da Zona de Com\u00e9rcio Livre Continental Africana inicialmente havia sido programado para meados de 2020, mais foi adiado por causa da pandemia.<span class=\"Apple-converted-space\">\u00a0<\/span><\/p>\n<p>Os governos africanos decidiram seguir em frente com o lan\u00e7amento, na esperan\u00e7a de que o bloco de com\u00e9rcio poderia impulsionar as economias africanas afectadas pela COVID-19.<span class=\"Apple-converted-space\">\u00a0<\/span><\/p>\n<p>Em alguns pa\u00edses, tais como a Nig\u00e9ria, as autoridades est\u00e3o a lidar cautelosamente com o com\u00e9rcio, examinando pessoas e bens. A Nig\u00e9ria est\u00e1 entre os mais de 30 pa\u00edses africanos que ratificaram o tratado, at\u00e9 Dezembro de 2020.<span class=\"Apple-converted-space\">\u00a0<\/span><\/p>\n<p>A ideia \u00e9 de impulsionar a \u201cRegra de Origem\u201d dos bens, o que significa que todos os bens que atravessam as fronteiras devem ser produzidos em \u00c1frica, n\u00e3o importados. O objectivo \u00e9 de aumentar o com\u00e9rcio intra-\u00c1frica, que \u00e9 cerca de 16% de todo o com\u00e9rcio.<span class=\"Apple-converted-space\">\u00a0<\/span><\/p>\n<p>O continente possui um produto interno bruto combinado de 3 trili\u00f5es de d\u00f3lares. Especialistas afirmam que o acordo de com\u00e9rcio pode expandir o com\u00e9rcio intra-\u00c1frica em at\u00e9 mais de 50%, e o acordo possui um mecanismo de resolu\u00e7\u00e3o de conflitos para lidar com conflitos relacionados com o com\u00e9rcio.<span class=\"Apple-converted-space\">\u00a0<\/span><\/p>\n<p>Muitos pa\u00edses africanos est\u00e3o a contar com a participa\u00e7\u00e3o da Nig\u00e9ria para refor\u00e7ar o pacto. A Nig\u00e9ria possui a maior economia do continente.<\/p>\n<p>As autoridades nigerianas criaram um Comit\u00e9 Nacional de Ac\u00e7\u00e3o que integra funcion\u00e1rios das alf\u00e2ndegas, de seguran\u00e7a e de sa\u00fade para supervisionar os acordos de com\u00e9rcio do pa\u00eds com os membros e aconselhar adequadamente o governo.<\/p>\n","protected":false},"excerpt":{"rendered":"<p>VOZ DA AM\u00c9RICA \u00c1frica acaba de lan\u00e7ar o maior bloco de com\u00e9rcio mundial depois da Organiza\u00e7\u00e3o Mundial do Com\u00e9rcio. Todos os pa\u00edses africanos, excepto Eritreia, aderiram \u00e0 Zona de Com\u00e9rcio Livre Continental Africana e est\u00e3o a desenvolver directrizes de seguran\u00e7a para o com\u00e9rcio durante a pandemia. O lan\u00e7amento da Zona de Com\u00e9rcio Livre Continental Africana<\/p>\n","protected":false},"author":1,"featured_media":27265,"comment_status":"open","ping_status":"open","sticky":false,"template":"","format":"standard","meta":{"_acf_changed":false,"_monsterinsights_skip_tracking":false,"_monsterinsights_sitenote_active":false,"_monsterinsights_sitenote_note":"","_monsterinsights_sitenote_category":0,"_uf_show_specific_survey":0,"_uf_disable_surveys":false,"footnotes":""},"categories":[335,343],"tags":[],"class_list":{"0":"post-27535","1":"post","2":"type-post","3":"status-publish","4":"format-standard","5":"has-post-thumbnail","7":"category-colunas","8":"category-crescimento-e-progresso"},"acf":[],"yoast_head":"<!-- This site is optimized with the Yoast SEO plugin v27.5 - https:\/\/yoast.com\/product\/yoast-seo-wordpress\/ -->\n<title>\u00c1frica Segue em Frente com o Bloco de Com\u00e9rcio Continental - Africa Defense Forum<\/title>\n<meta name=\"robots\" content=\"index, follow, max-snippet:-1, max-image-preview:large, max-video-preview:-1\" \/>\n<link rel=\"canonical\" href=\"https:\/\/adf-magazine.com\/2021\/10\/africa-forges-ahead-with-continental-trade-bloc\/\" \/>\n<meta property=\"og:locale\" content=\"pt_PT\" \/>\n<meta property=\"og:type\" content=\"article\" \/>\n<meta property=\"og:title\" content=\"\u00c1frica Segue em Frente com o Bloco de Com\u00e9rcio Continental - Africa Defense Forum\" \/>\n<meta property=\"og:description\" content=\"VOZ DA AM\u00c9RICA \u00c1frica acaba de lan\u00e7ar o maior bloco de com\u00e9rcio mundial depois da Organiza\u00e7\u00e3o Mundial do Com\u00e9rcio. Todos os pa\u00edses africanos, excepto Eritreia, aderiram \u00e0 Zona de Com\u00e9rcio Livre Continental Africana e est\u00e3o a desenvolver directrizes de seguran\u00e7a para o com\u00e9rcio durante a pandemia. O lan\u00e7amento da Zona de Com\u00e9rcio Livre Continental Africana\" \/>\n<meta property=\"og:url\" content=\"https:\/\/adf-magazine.com\/2021\/10\/africa-forges-ahead-with-continental-trade-bloc\/\" \/>\n<meta property=\"og:site_name\" content=\"Africa Defense Forum\" \/>\n<meta property=\"article:publisher\" content=\"https:\/\/www.facebook.com\/ADFmagazine\/\" \/>\n<meta property=\"article:published_time\" content=\"2021-10-13T15:48:34+00:00\" \/>\n<meta property=\"article:modified_time\" content=\"2021-10-25T15:54:20+00:00\" \/>\n<meta property=\"og:image\" content=\"https:\/\/adf-magazine.com\/wp-content\/uploads\/2021\/10\/GettyImages-1154345732.jpg\" \/>\n\t<meta property=\"og:image:width\" content=\"1080\" \/>\n\t<meta property=\"og:image:height\" content=\"720\" \/>\n\t<meta property=\"og:image:type\" content=\"image\/jpeg\" \/>\n<meta name=\"author\" content=\"ADF\" \/>\n<meta name=\"twitter:card\" content=\"summary_large_image\" \/>\n<meta name=\"twitter:creator\" content=\"@ADFmagazine\" \/>\n<meta name=\"twitter:site\" content=\"@ADFmagazine\" \/>\n<meta name=\"twitter:label1\" content=\"Escrito por\" \/>\n\t<meta name=\"twitter:data1\" content=\"ADF\" \/>\n\t<meta name=\"twitter:label2\" content=\"Tempo estimado de leitura\" \/>\n\t<meta name=\"twitter:data2\" content=\"2 minutos\" \/>\n<script type=\"application\/ld+json\" class=\"yoast-schema-graph\">{\"@context\":\"https:\\\/\\\/schema.org\",\"@graph\":[{\"@type\":\"Article\",\"@id\":\"https:\\\/\\\/adf-magazine.com\\\/2021\\\/10\\\/africa-forges-ahead-with-continental-trade-bloc\\\/#article\",\"isPartOf\":{\"@id\":\"https:\\\/\\\/adf-magazine.com\\\/2021\\\/10\\\/africa-forges-ahead-with-continental-trade-bloc\\\/\"},\"author\":{\"name\":\"ADF\",\"@id\":\"https:\\\/\\\/adf-magazine.com\\\/#\\\/schema\\\/person\\\/f266a6061389568b5a11465bb38bc025\"},\"headline\":\"\u00c1frica Segue em Frente com o Bloco de Com\u00e9rcio Continental\",\"datePublished\":\"2021-10-13T15:48:34+00:00\",\"dateModified\":\"2021-10-25T15:54:20+00:00\",\"mainEntityOfPage\":{\"@id\":\"https:\\\/\\\/adf-magazine.com\\\/2021\\\/10\\\/africa-forges-ahead-with-continental-trade-bloc\\\/\"},\"wordCount\":332,\"commentCount\":0,\"image\":{\"@id\":\"https:\\\/\\\/adf-magazine.com\\\/2021\\\/10\\\/africa-forges-ahead-with-continental-trade-bloc\\\/#primaryimage\"},\"thumbnailUrl\":\"https:\\\/\\\/adf-magazine.com\\\/wp-content\\\/uploads\\\/2021\\\/10\\\/GettyImages-1154345732.jpg\",\"articleSection\":[\"Colunas\",\"Crescimento e Progresso\"],\"inLanguage\":\"pt-PT\",\"potentialAction\":[{\"@type\":\"CommentAction\",\"name\":\"Comment\",\"target\":[\"https:\\\/\\\/adf-magazine.com\\\/2021\\\/10\\\/africa-forges-ahead-with-continental-trade-bloc\\\/#respond\"]}]},{\"@type\":\"WebPage\",\"@id\":\"https:\\\/\\\/adf-magazine.com\\\/2021\\\/10\\\/africa-forges-ahead-with-continental-trade-bloc\\\/\",\"url\":\"https:\\\/\\\/adf-magazine.com\\\/2021\\\/10\\\/africa-forges-ahead-with-continental-trade-bloc\\\/\",\"name\":\"\u00c1frica Segue em Frente com o Bloco de Com\u00e9rcio Continental - Africa Defense Forum\",\"isPartOf\":{\"@id\":\"https:\\\/\\\/adf-magazine.com\\\/#website\"},\"primaryImageOfPage\":{\"@id\":\"https:\\\/\\\/adf-magazine.com\\\/2021\\\/10\\\/africa-forges-ahead-with-continental-trade-bloc\\\/#primaryimage\"},\"image\":{\"@id\":\"https:\\\/\\\/adf-magazine.com\\\/2021\\\/10\\\/africa-forges-ahead-with-continental-trade-bloc\\\/#primaryimage\"},\"thumbnailUrl\":\"https:\\\/\\\/adf-magazine.com\\\/wp-content\\\/uploads\\\/2021\\\/10\\\/GettyImages-1154345732.jpg\",\"datePublished\":\"2021-10-13T15:48:34+00:00\",\"dateModified\":\"2021-10-25T15:54:20+00:00\",\"author\":{\"@id\":\"https:\\\/\\\/adf-magazine.com\\\/#\\\/schema\\\/person\\\/f266a6061389568b5a11465bb38bc025\"},\"breadcrumb\":{\"@id\":\"https:\\\/\\\/adf-magazine.com\\\/2021\\\/10\\\/africa-forges-ahead-with-continental-trade-bloc\\\/#breadcrumb\"},\"inLanguage\":\"pt-PT\",\"potentialAction\":[{\"@type\":\"ReadAction\",\"target\":[\"https:\\\/\\\/adf-magazine.com\\\/2021\\\/10\\\/africa-forges-ahead-with-continental-trade-bloc\\\/\"]}]},{\"@type\":\"ImageObject\",\"inLanguage\":\"pt-PT\",\"@id\":\"https:\\\/\\\/adf-magazine.com\\\/2021\\\/10\\\/africa-forges-ahead-with-continental-trade-bloc\\\/#primaryimage\",\"url\":\"https:\\\/\\\/adf-magazine.com\\\/wp-content\\\/uploads\\\/2021\\\/10\\\/GettyImages-1154345732.jpg\",\"contentUrl\":\"https:\\\/\\\/adf-magazine.com\\\/wp-content\\\/uploads\\\/2021\\\/10\\\/GettyImages-1154345732.jpg\",\"width\":1080,\"height\":720},{\"@type\":\"BreadcrumbList\",\"@id\":\"https:\\\/\\\/adf-magazine.com\\\/2021\\\/10\\\/africa-forges-ahead-with-continental-trade-bloc\\\/#breadcrumb\",\"itemListElement\":[{\"@type\":\"ListItem\",\"position\":1,\"name\":\"Home\",\"item\":\"https:\\\/\\\/adf-magazine.com\\\/\"},{\"@type\":\"ListItem\",\"position\":2,\"name\":\"\u00c1frica Segue em Frente com o Bloco de Com\u00e9rcio Continental\"}]},{\"@type\":\"WebSite\",\"@id\":\"https:\\\/\\\/adf-magazine.com\\\/#website\",\"url\":\"https:\\\/\\\/adf-magazine.com\\\/\",\"name\":\"Africa Defense Forum\",\"description\":\"Africa Defense Forum\",\"potentialAction\":[{\"@type\":\"SearchAction\",\"target\":{\"@type\":\"EntryPoint\",\"urlTemplate\":\"https:\\\/\\\/adf-magazine.com\\\/?s={search_term_string}\"},\"query-input\":{\"@type\":\"PropertyValueSpecification\",\"valueRequired\":true,\"valueName\":\"search_term_string\"}}],\"inLanguage\":\"pt-PT\"},{\"@type\":\"Person\",\"@id\":\"https:\\\/\\\/adf-magazine.com\\\/#\\\/schema\\\/person\\\/f266a6061389568b5a11465bb38bc025\",\"name\":\"ADF\",\"image\":{\"@type\":\"ImageObject\",\"inLanguage\":\"pt-PT\",\"@id\":\"https:\\\/\\\/adf-magazine.com\\\/wp-content\\\/uploads\\\/2020\\\/05\\\/cropped-ADF_icon.jpg\",\"url\":\"https:\\\/\\\/adf-magazine.com\\\/wp-content\\\/uploads\\\/2020\\\/05\\\/cropped-ADF_icon.jpg\",\"contentUrl\":\"https:\\\/\\\/adf-magazine.com\\\/wp-content\\\/uploads\\\/2020\\\/05\\\/cropped-ADF_icon.jpg\",\"caption\":\"ADF\"},\"description\":\"ADF is a professional military magazine published quarterly by U.S. Africa Command to provide an international forum for African security professionals. ADF covers topics such as counter terrorism strategies, security and defense operations, transnational crime, and all other issues affecting peace, stability, and good governance on the African continent.\",\"sameAs\":[\"https:\\\/\\\/x.com\\\/ADFmagazine\"],\"url\":\"https:\\\/\\\/adf-magazine.com\\\/pt-pt\\\/author\\\/adf\\\/\"}]}<\/script>\n<!-- \/ Yoast SEO plugin. -->","yoast_head_json":{"title":"\u00c1frica Segue em Frente com o Bloco de Com\u00e9rcio Continental - Africa Defense Forum","robots":{"index":"index","follow":"follow","max-snippet":"max-snippet:-1","max-image-preview":"max-image-preview:large","max-video-preview":"max-video-preview:-1"},"canonical":"https:\/\/adf-magazine.com\/2021\/10\/africa-forges-ahead-with-continental-trade-bloc\/","og_locale":"pt_PT","og_type":"article","og_title":"\u00c1frica Segue em Frente com o Bloco de Com\u00e9rcio Continental - Africa Defense Forum","og_description":"VOZ DA AM\u00c9RICA \u00c1frica acaba de lan\u00e7ar o maior bloco de com\u00e9rcio mundial depois da Organiza\u00e7\u00e3o Mundial do Com\u00e9rcio. Todos os pa\u00edses africanos, excepto Eritreia, aderiram \u00e0 Zona de Com\u00e9rcio Livre Continental Africana e est\u00e3o a desenvolver directrizes de seguran\u00e7a para o com\u00e9rcio durante a pandemia. O lan\u00e7amento da Zona de Com\u00e9rcio Livre Continental Africana","og_url":"https:\/\/adf-magazine.com\/2021\/10\/africa-forges-ahead-with-continental-trade-bloc\/","og_site_name":"Africa Defense Forum","article_publisher":"https:\/\/www.facebook.com\/ADFmagazine\/","article_published_time":"2021-10-13T15:48:34+00:00","article_modified_time":"2021-10-25T15:54:20+00:00","og_image":[{"width":1080,"height":720,"url":"https:\/\/adf-magazine.com\/wp-content\/uploads\/2021\/10\/GettyImages-1154345732.jpg","type":"image\/jpeg"}],"author":"ADF","twitter_card":"summary_large_image","twitter_creator":"@ADFmagazine","twitter_site":"@ADFmagazine","twitter_misc":{"Escrito por":"ADF","Tempo estimado de leitura":"2 minutos"},"schema":{"@context":"https:\/\/schema.org","@graph":[{"@type":"Article","@id":"https:\/\/adf-magazine.com\/2021\/10\/africa-forges-ahead-with-continental-trade-bloc\/#article","isPartOf":{"@id":"https:\/\/adf-magazine.com\/2021\/10\/africa-forges-ahead-with-continental-trade-bloc\/"},"author":{"name":"ADF","@id":"https:\/\/adf-magazine.com\/#\/schema\/person\/f266a6061389568b5a11465bb38bc025"},"headline":"\u00c1frica Segue em Frente com o Bloco de Com\u00e9rcio Continental","datePublished":"2021-10-13T15:48:34+00:00","dateModified":"2021-10-25T15:54:20+00:00","mainEntityOfPage":{"@id":"https:\/\/adf-magazine.com\/2021\/10\/africa-forges-ahead-with-continental-trade-bloc\/"},"wordCount":332,"commentCount":0,"image":{"@id":"https:\/\/adf-magazine.com\/2021\/10\/africa-forges-ahead-with-continental-trade-bloc\/#primaryimage"},"thumbnailUrl":"https:\/\/adf-magazine.com\/wp-content\/uploads\/2021\/10\/GettyImages-1154345732.jpg","articleSection":["Colunas","Crescimento e Progresso"],"inLanguage":"pt-PT","potentialAction":[{"@type":"CommentAction","name":"Comment","target":["https:\/\/adf-magazine.com\/2021\/10\/africa-forges-ahead-with-continental-trade-bloc\/#respond"]}]},{"@type":"WebPage","@id":"https:\/\/adf-magazine.com\/2021\/10\/africa-forges-ahead-with-continental-trade-bloc\/","url":"https:\/\/adf-magazine.com\/2021\/10\/africa-forges-ahead-with-continental-trade-bloc\/","name":"\u00c1frica Segue em Frente com o Bloco de Com\u00e9rcio Continental - Africa Defense Forum","isPartOf":{"@id":"https:\/\/adf-magazine.com\/#website"},"primaryImageOfPage":{"@id":"https:\/\/adf-magazine.com\/2021\/10\/africa-forges-ahead-with-continental-trade-bloc\/#primaryimage"},"image":{"@id":"https:\/\/adf-magazine.com\/2021\/10\/africa-forges-ahead-with-continental-trade-bloc\/#primaryimage"},"thumbnailUrl":"https:\/\/adf-magazine.com\/wp-content\/uploads\/2021\/10\/GettyImages-1154345732.jpg","datePublished":"2021-10-13T15:48:34+00:00","dateModified":"2021-10-25T15:54:20+00:00","author":{"@id":"https:\/\/adf-magazine.com\/#\/schema\/person\/f266a6061389568b5a11465bb38bc025"},"breadcrumb":{"@id":"https:\/\/adf-magazine.com\/2021\/10\/africa-forges-ahead-with-continental-trade-bloc\/#breadcrumb"},"inLanguage":"pt-PT","potentialAction":[{"@type":"ReadAction","target":["https:\/\/adf-magazine.com\/2021\/10\/africa-forges-ahead-with-continental-trade-bloc\/"]}]},{"@type":"ImageObject","inLanguage":"pt-PT","@id":"https:\/\/adf-magazine.com\/2021\/10\/africa-forges-ahead-with-continental-trade-bloc\/#primaryimage","url":"https:\/\/adf-magazine.com\/wp-content\/uploads\/2021\/10\/GettyImages-1154345732.jpg","contentUrl":"https:\/\/adf-magazine.com\/wp-content\/uploads\/2021\/10\/GettyImages-1154345732.jpg","width":1080,"height":720},{"@type":"BreadcrumbList","@id":"https:\/\/adf-magazine.com\/2021\/10\/africa-forges-ahead-with-continental-trade-bloc\/#breadcrumb","itemListElement":[{"@type":"ListItem","position":1,"name":"Home","item":"https:\/\/adf-magazine.com\/"},{"@type":"ListItem","position":2,"name":"\u00c1frica Segue em Frente com o Bloco de Com\u00e9rcio Continental"}]},{"@type":"WebSite","@id":"https:\/\/adf-magazine.com\/#website","url":"https:\/\/adf-magazine.com\/","name":"Africa Defense Forum","description":"Africa Defense Forum","potentialAction":[{"@type":"SearchAction","target":{"@type":"EntryPoint","urlTemplate":"https:\/\/adf-magazine.com\/?s={search_term_string}"},"query-input":{"@type":"PropertyValueSpecification","valueRequired":true,"valueName":"search_term_string"}}],"inLanguage":"pt-PT"},{"@type":"Person","@id":"https:\/\/adf-magazine.com\/#\/schema\/person\/f266a6061389568b5a11465bb38bc025","name":"ADF","image":{"@type":"ImageObject","inLanguage":"pt-PT","@id":"https:\/\/adf-magazine.com\/wp-content\/uploads\/2020\/05\/cropped-ADF_icon.jpg","url":"https:\/\/adf-magazine.com\/wp-content\/uploads\/2020\/05\/cropped-ADF_icon.jpg","contentUrl":"https:\/\/adf-magazine.com\/wp-content\/uploads\/2020\/05\/cropped-ADF_icon.jpg","caption":"ADF"},"description":"ADF is a professional military magazine published quarterly by U.S. Africa Command to provide an international forum for African security professionals. ADF covers topics such as counter terrorism strategies, security and defense operations, transnational crime, and all other issues affecting peace, stability, and good governance on the African continent.","sameAs":["https:\/\/x.com\/ADFmagazine"],"url":"https:\/\/adf-magazine.com\/pt-pt\/author\/adf\/"}]}},"_links":{"self":[{"href":"https:\/\/adf-magazine.com\/pt-pt\/wp-json\/wp\/v2\/posts\/27535","targetHints":{"allow":["GET"]}}],"collection":[{"href":"https:\/\/adf-magazine.com\/pt-pt\/wp-json\/wp\/v2\/posts"}],"about":[{"href":"https:\/\/adf-magazine.com\/pt-pt\/wp-json\/wp\/v2\/types\/post"}],"author":[{"embeddable":true,"href":"https:\/\/adf-magazine.com\/pt-pt\/wp-json\/wp\/v2\/users\/1"}],"replies":[{"embeddable":true,"href":"https:\/\/adf-magazine.com\/pt-pt\/wp-json\/wp\/v2\/comments?post=27535"}],"version-history":[{"count":0,"href":"https:\/\/adf-magazine.com\/pt-pt\/wp-json\/wp\/v2\/posts\/27535\/revisions"}],"wp:featuredmedia":[{"embeddable":true,"href":"https:\/\/adf-magazine.com\/pt-pt\/wp-json\/wp\/v2\/media\/27265"}],"wp:attachment":[{"href":"https:\/\/adf-magazine.com\/pt-pt\/wp-json\/wp\/v2\/media?parent=27535"}],"wp:term":[{"taxonomy":"category","embeddable":true,"href":"https:\/\/adf-magazine.com\/pt-pt\/wp-json\/wp\/v2\/categories?post=27535"},{"taxonomy":"post_tag","embeddable":true,"href":"https:\/\/adf-magazine.com\/pt-pt\/wp-json\/wp\/v2\/tags?post=27535"}],"curies":[{"name":"wp","href":"https:\/\/api.w.org\/{rel}","templated":true}]}}