{"id":26000,"date":"2021-07-28T14:36:06","date_gmt":"2021-07-28T18:36:06","guid":{"rendered":"https:\/\/adf-magazine.com\/?p=26000"},"modified":"2021-07-28T14:36:30","modified_gmt":"2021-07-28T18:36:30","slug":"ameacas-maritimas-convergem-na-somalia","status":"publish","type":"post","link":"https:\/\/adf-magazine.com\/pt-pt\/2021\/07\/ameacas-maritimas-convergem-na-somalia\/","title":{"rendered":"Amea\u00e7as Mar\u00edtimas Convergem na Som\u00e1lia"},"content":{"rendered":"<p>EQUIPA DA ADF<\/p>\n<p>Quando um desafio de seguran\u00e7a mar\u00edtima na Som\u00e1lia parecia estar quase resolvido, outro come\u00e7ou a intensificar-se.<\/p>\n<p>Depois de anos de redu\u00e7\u00e3o em ataques de piratas ao largo da maior linha costeira do continente africano, o pa\u00eds est\u00e1 agora a lutar para libertar as suas \u00e1guas de arrast\u00f5es estrangeiros ilegais. Especialistas temem que a Som\u00e1lia esteja em vias de um ciclo de crime mar\u00edtimo que amea\u00e7a o seu abastecimento de produtos alimentares, a sua estabilidade econ\u00f3mica e os ecossistemas.<\/p>\n<p>No ano passado, as autoridades descobriram uma enorme frota de embarca\u00e7\u00f5es de pesca iranianas, envolvidas na pesca ilegal, n\u00e3o declarada e n\u00e3o regulamentada (INN) em \u00e1guas somalis. A Global <a href=\"https:\/\/www.theguardian.com\/environment\/fishing\">Fishing<\/a> Watch, uma organiza\u00e7\u00e3o sem fins lucrativos que faz a monitoria de embarca\u00e7\u00f5es de pesca, e a Trygg Mat Tracking, uma organiza\u00e7\u00e3o de pesquisa sem fins lucrativos, especializada na pesca INN e em outros crimes mar\u00edtimos, rastrearam os navios.<\/p>\n<p>Dados daquelas organiza\u00e7\u00f5es, adquiridos atrav\u00e9s da an\u00e1lise dos Sistemas de Identifica\u00e7\u00e3o Autom\u00e1tica das embarca\u00e7\u00f5es, demonstraram que 192 embarca\u00e7\u00f5es iranianas estiveram envolvidas na pesca INN na Som\u00e1lia, em 2019 e 2020. \u00c9 que as embarca\u00e7\u00f5es estrangeiras lan\u00e7aram redes de arrasto em \u00e1guas reservadas para pescadores artesanais locais.<\/p>\n<p>Mais de uma d\u00fazia de pa\u00edses pescam ilegalmente em \u00e1guas somalis. A China tem mais de 30 embarca\u00e7\u00f5es licenciadas para pescar atum a\u00ed, mas tamb\u00e9m se descobriu que as mesmas participaram em actividades de pesca INN. De acordo com a Iniciativa Global Contra o Crime Organizado Transnacional (GIATOC, na sigla inglesa), a China \u00e9 o pior infractor do mundo quando se trata da pesca INN.<\/p>\n<p>Duncan Copeland, analista-chefe da Trygg Mat Tracking, disse ao The Guardian, do Reino Unido, que a dimens\u00e3o da pesca INN na Som\u00e1lia \u00e9 \u201csurpreendente.\u201d<\/p>\n<figure id=\"attachment_25997\" aria-describedby=\"caption-attachment-25997\" style=\"width: 1080px\" class=\"wp-caption aligncenter\"><a href=\"https:\/\/adf-magazine.com\/wp-content\/uploads\/2021\/07\/AP348980180592.jpg\"><img fetchpriority=\"high\" decoding=\"async\" class=\"size-full wp-image-25997\" src=\"https:\/\/adf-magazine.com\/wp-content\/uploads\/2021\/07\/AP348980180592.jpg\" alt=\"\" width=\"1080\" height=\"666\" srcset=\"https:\/\/adf-magazine.com\/wp-content\/uploads\/2021\/07\/AP348980180592.jpg 1080w, https:\/\/adf-magazine.com\/wp-content\/uploads\/2021\/07\/AP348980180592-300x185.jpg 300w, https:\/\/adf-magazine.com\/wp-content\/uploads\/2021\/07\/AP348980180592-1024x631.jpg 1024w, https:\/\/adf-magazine.com\/wp-content\/uploads\/2021\/07\/AP348980180592-768x474.jpg 768w\" sizes=\"(max-width: 1080px) 100vw, 1080px\" \/><\/a><figcaption id=\"caption-attachment-25997\" class=\"wp-caption-text\">Um pirata somali guarda uma embarca\u00e7\u00e3o de pesca taiwanesa que apareceu na costa depois da sua tripula\u00e7\u00e3o ter sido raptada para pedido de resgate. THE ASSOCIATED PRESS<\/figcaption><\/figure>\n<p>&#8220;Estamos a observar um grande n\u00famero de embarca\u00e7\u00f5es,&#8221; disse Copeland ao jornal. &#8220;Isso vai al\u00e9m do que qualquer plano de gest\u00e3o pode enfrentar. \u00c9 um esfor\u00e7o de pesca demasiado grande para a regi\u00e3o. Vai esgotar as unidades populacionais de peixe.&#8221;<\/p>\n<p>A linha costeira da Som\u00e1lia, com aproximadamente 3.400 quil\u00f3metros, que inclui o Golfo de Aden, o Canal de Guardafui e as \u00e1guas do Oceano \u00cdndico Ocidental, \u00e9 extremamente dif\u00edcil de policiar.<\/p>\n<p>Muitas embarca\u00e7\u00f5es estrangeiras na Som\u00e1lia envolvem-se nas mesmas t\u00e1cticas ilegais usadas pelos arrast\u00f5es estrangeiros em outras partes de \u00c1frica, como o usar redes de emalhar para apanhar peixe no fundo do oceano e lan\u00e7ar a captura acess\u00f3ria \u2014 peixe morto n\u00e3o desejado \u2014 de volta ao mar. Essas ac\u00e7\u00f5es danificam os ecossistemas e amea\u00e7am a sustentabilidade de esp\u00e9cies valiosas, incluindo a garoupa, o pargo, a sardinha, o tubar\u00e3o e o atum.<\/p>\n<p>Isso \u00e9 uma preocupa\u00e7\u00e3o porque as Na\u00e7\u00f5es Unidas comunicaram que aproximadamente 5,6 milh\u00f5es de somalis enfrentam um grave problema de inseguran\u00e7a alimentar.<\/p>\n<p><strong>Liga\u00e7\u00f5es \u00e0 pirataria<\/strong><\/p>\n<p>Durante anos, os especialistas em seguran\u00e7a mar\u00edtima alertaram sobre uma liga\u00e7\u00e3o entre a pesca INN e a pirataria. Isto ocorreu na \u00c1frica Ocidental, onde os crescentes ataques de piratas no Golfo da Guin\u00e9 coincidiram com um afluxo maci\u00e7o de arrast\u00f5es estrangeiros ilegais, na sua maioria chineses, que est\u00e3o a roubar fontes vitais de alimentos e rendimentos \u00e0 regi\u00e3o.<\/p>\n<p>Um relat\u00f3rio divulgado no ano passado pela Secure Fisheries \u2014 uma ramifica\u00e7\u00e3o da One Earth Future, uma organiza\u00e7\u00e3o n\u00e3o governamental sem fins lucrativos sediada nos EUA \u2014 descobriu que o conflito entre pescadores somalis e frotas estrangeiras disparou entre 1998 e 2000.<\/p>\n<p>Os piratas atacaram com tenacidade na d\u00e9cada de 2000 e no in\u00edcio da d\u00e9cada de 2010, lan\u00e7ando centenas de ataques contra navios comerciais, normalmente raptando os membros da tripula\u00e7\u00e3o para pedir dinheiro de resgate, reportou a Voz da Am\u00e9rica. Quando os navios estrangeiros come\u00e7aram a patrulhar as \u00e1guas somalis com maior rigor, as amea\u00e7as diminu\u00edram. Em 2016, o Gabinete Mar\u00edtimo Internacional registou apenas dois ataques de piratas perto da Som\u00e1lia, nenhum dos quais resultou em sequestro.<\/p>\n<p>Mas, quando a pirataria diminuiu, os arrast\u00f5es de pesca estrangeiros regressaram. Embora os ataques de piratas continuem a ser extremamente raros, observadores receiam que eles possam ressurgir. De acordo com a GIATOC, piratas da Som\u00e1lia citam a presen\u00e7a de arrast\u00f5es estrangeiros como justifica\u00e7\u00e3o para a continua\u00e7\u00e3o dos ataques.<\/p>\n<p>A iniciativa tamb\u00e9m descobriu que as opera\u00e7\u00f5es de pesca estrangeira s\u00e3o frequentemente facilitadas por agentes somalis \u2014 muitas vezes, em coordena\u00e7\u00e3o com funcion\u00e1rios governamentais ou quase-governamentais, que forne\u00e7am licen\u00e7as de pesca, registos de bandeira, documentos de exporta\u00e7\u00e3o falsificados e seguran\u00e7a armada a bordo, em troca de uma taxa.<\/p>\n<p>Shafi \u2018I Hussein Muse, chefe do departamento de pesca, na Academia Mar\u00edtima e Pesqueira de Berbera, na Somalil\u00e2ndia, corroborou os resultados da GIATOC.<\/p>\n<p>&#8220;Algumas est\u00e3o a pescar sem possuir qualquer licen\u00e7a de pesca, enquanto outras conseguiram obter licen\u00e7as emitidas ilegalmente por funcion\u00e1rios corruptos, a maioria dos quais do minist\u00e9rio das pescas, tanto ao n\u00edvel estatal quanto federal,&#8221; disse Muse \u00e0 revista Hakai, uma publica\u00e7\u00e3o online que explora a ci\u00eancia, a sociedade e o ambiente, a partir de uma perspectiva costeira.<\/p>\n<p>Para abordar quest\u00f5es relacionadas com a seguran\u00e7a mar\u00edtima, a GIATOC recomendou que a Comiss\u00e3o de Governa\u00e7\u00e3o Financeira da Som\u00e1lia estabele\u00e7a controlos e equil\u00edbrios significativos na emiss\u00e3o de licen\u00e7as de pesca, registos de bandeira e outra documenta\u00e7\u00e3o, e imponha consequ\u00eancias legais para funcion\u00e1rios do governo que lucraram com os esquemas da pesca INN.<\/p>\n<p>A iniciativa tamb\u00e9m recomendou que o governo melhore a coopera\u00e7\u00e3o mar\u00edtima e partilhe informa\u00e7\u00f5es com parceiros internacionais, como a Comiss\u00e3o do Atum do Oceano \u00cdndico, a For\u00e7a Naval da Uni\u00e3o Europeia e a Organiza\u00e7\u00e3o das Na\u00e7\u00f5es Unidas para a Alimenta\u00e7\u00e3o e a Agricultura.<\/p>\n<p>Em meados de Julho, o Minist\u00e9rio das Pescas da Som\u00e1lia apresentou uma proposta de lei para normalizar a regulamenta\u00e7\u00e3o das licen\u00e7as de pesca, combater a corrup\u00e7\u00e3o e melhorar a protec\u00e7\u00e3o ambiental.<\/p>\n<p>&#8220;Tamb\u00e9m estamos a fortalecer a coordena\u00e7\u00e3o intergovernamental no nosso pa\u00eds e com outras ag\u00eancias mar\u00edtimas,&#8221; contou Mohamud Sheikh Abdullah, director-geral das pescas da Som\u00e1lia, ao jornal queniano, The Daily Nation. &#8220;A confus\u00e3o causada deve-se \u00e0 nova estrutura federal que, como se sabe, ainda n\u00e3o foi actualizada para determinar onde come\u00e7am e terminam os poderes federais e estatais.&#8221;<\/p>\n<p>Espera-se que a lei seja implementada depois da realiza\u00e7\u00e3o das elei\u00e7\u00f5es nacionais, em Outubro.<\/p>\n","protected":false},"excerpt":{"rendered":"<p>EQUIPA DA ADF Quando um desafio de seguran\u00e7a mar\u00edtima na Som\u00e1lia parecia estar quase resolvido, outro come\u00e7ou a intensificar-se. Depois de anos de redu\u00e7\u00e3o em ataques de piratas ao largo da maior linha costeira do continente africano, o pa\u00eds est\u00e1 agora a lutar para libertar as suas \u00e1guas de arrast\u00f5es estrangeiros ilegais. Especialistas temem que<\/p>\n","protected":false},"author":1,"featured_media":25993,"comment_status":"open","ping_status":"open","sticky":false,"template":"","format":"standard","meta":{"_acf_changed":false,"_monsterinsights_skip_tracking":false,"_monsterinsights_sitenote_active":false,"_monsterinsights_sitenote_note":"","_monsterinsights_sitenote_category":0,"_uf_show_specific_survey":0,"_uf_disable_surveys":false,"footnotes":""},"categories":[363],"tags":[],"class_list":{"0":"post-26000","1":"post","2":"type-post","3":"status-publish","4":"format-standard","5":"has-post-thumbnail","7":"category-melhores-historias"},"acf":[],"yoast_head":"<!-- This site is optimized with the Yoast SEO plugin v27.5 - https:\/\/yoast.com\/product\/yoast-seo-wordpress\/ -->\n<title>Amea\u00e7as Mar\u00edtimas Convergem na Som\u00e1lia - Africa Defense Forum<\/title>\n<meta name=\"robots\" content=\"index, follow, max-snippet:-1, max-image-preview:large, max-video-preview:-1\" \/>\n<link rel=\"canonical\" href=\"https:\/\/adf-magazine.com\/pt-pt\/2021\/07\/ameacas-maritimas-convergem-na-somalia\/\" \/>\n<meta property=\"og:locale\" content=\"pt_PT\" \/>\n<meta property=\"og:type\" content=\"article\" \/>\n<meta property=\"og:title\" content=\"Amea\u00e7as Mar\u00edtimas Convergem na Som\u00e1lia - Africa Defense Forum\" \/>\n<meta property=\"og:description\" content=\"EQUIPA DA ADF Quando um desafio de seguran\u00e7a mar\u00edtima na Som\u00e1lia parecia estar quase resolvido, outro come\u00e7ou a intensificar-se. Depois de anos de redu\u00e7\u00e3o em ataques de piratas ao largo da maior linha costeira do continente africano, o pa\u00eds est\u00e1 agora a lutar para libertar as suas \u00e1guas de arrast\u00f5es estrangeiros ilegais. Especialistas temem que\" \/>\n<meta property=\"og:url\" content=\"https:\/\/adf-magazine.com\/pt-pt\/2021\/07\/ameacas-maritimas-convergem-na-somalia\/\" \/>\n<meta property=\"og:site_name\" content=\"Africa Defense Forum\" \/>\n<meta property=\"article:publisher\" content=\"https:\/\/www.facebook.com\/ADFmagazine\/\" \/>\n<meta property=\"article:published_time\" content=\"2021-07-28T18:36:06+00:00\" \/>\n<meta property=\"article:modified_time\" content=\"2021-07-28T18:36:30+00:00\" \/>\n<meta property=\"og:image\" content=\"https:\/\/adf-magazine.com\/wp-content\/uploads\/2021\/07\/2015-10-17T120000Z_1848413421_GF10000248228_RTRMADP_3_SOMALIA-POLITICS.jpg\" \/>\n\t<meta property=\"og:image:width\" content=\"1080\" \/>\n\t<meta property=\"og:image:height\" content=\"711\" \/>\n\t<meta property=\"og:image:type\" content=\"image\/jpeg\" \/>\n<meta name=\"author\" content=\"ADF\" \/>\n<meta name=\"twitter:card\" content=\"summary_large_image\" \/>\n<meta name=\"twitter:creator\" content=\"@ADFmagazine\" \/>\n<meta name=\"twitter:site\" content=\"@ADFmagazine\" \/>\n<meta name=\"twitter:label1\" content=\"Escrito por\" \/>\n\t<meta name=\"twitter:data1\" content=\"ADF\" \/>\n\t<meta name=\"twitter:label2\" content=\"Tempo estimado de leitura\" \/>\n\t<meta name=\"twitter:data2\" content=\"5 minutos\" \/>\n<script type=\"application\/ld+json\" class=\"yoast-schema-graph\">{\"@context\":\"https:\\\/\\\/schema.org\",\"@graph\":[{\"@type\":\"Article\",\"@id\":\"https:\\\/\\\/adf-magazine.com\\\/pt-pt\\\/2021\\\/07\\\/ameacas-maritimas-convergem-na-somalia\\\/#article\",\"isPartOf\":{\"@id\":\"https:\\\/\\\/adf-magazine.com\\\/pt-pt\\\/2021\\\/07\\\/ameacas-maritimas-convergem-na-somalia\\\/\"},\"author\":{\"name\":\"ADF\",\"@id\":\"https:\\\/\\\/adf-magazine.com\\\/#\\\/schema\\\/person\\\/f266a6061389568b5a11465bb38bc025\"},\"headline\":\"Amea\u00e7as Mar\u00edtimas Convergem na Som\u00e1lia\",\"datePublished\":\"2021-07-28T18:36:06+00:00\",\"dateModified\":\"2021-07-28T18:36:30+00:00\",\"mainEntityOfPage\":{\"@id\":\"https:\\\/\\\/adf-magazine.com\\\/pt-pt\\\/2021\\\/07\\\/ameacas-maritimas-convergem-na-somalia\\\/\"},\"wordCount\":1164,\"commentCount\":0,\"image\":{\"@id\":\"https:\\\/\\\/adf-magazine.com\\\/pt-pt\\\/2021\\\/07\\\/ameacas-maritimas-convergem-na-somalia\\\/#primaryimage\"},\"thumbnailUrl\":\"https:\\\/\\\/adf-magazine.com\\\/wp-content\\\/uploads\\\/2021\\\/07\\\/2015-10-17T120000Z_1848413421_GF10000248228_RTRMADP_3_SOMALIA-POLITICS.jpg\",\"articleSection\":[\"Not\u00edcias diaries\"],\"inLanguage\":\"pt-PT\",\"potentialAction\":[{\"@type\":\"CommentAction\",\"name\":\"Comment\",\"target\":[\"https:\\\/\\\/adf-magazine.com\\\/pt-pt\\\/2021\\\/07\\\/ameacas-maritimas-convergem-na-somalia\\\/#respond\"]}]},{\"@type\":\"WebPage\",\"@id\":\"https:\\\/\\\/adf-magazine.com\\\/pt-pt\\\/2021\\\/07\\\/ameacas-maritimas-convergem-na-somalia\\\/\",\"url\":\"https:\\\/\\\/adf-magazine.com\\\/pt-pt\\\/2021\\\/07\\\/ameacas-maritimas-convergem-na-somalia\\\/\",\"name\":\"Amea\u00e7as Mar\u00edtimas Convergem na Som\u00e1lia - Africa Defense Forum\",\"isPartOf\":{\"@id\":\"https:\\\/\\\/adf-magazine.com\\\/#website\"},\"primaryImageOfPage\":{\"@id\":\"https:\\\/\\\/adf-magazine.com\\\/pt-pt\\\/2021\\\/07\\\/ameacas-maritimas-convergem-na-somalia\\\/#primaryimage\"},\"image\":{\"@id\":\"https:\\\/\\\/adf-magazine.com\\\/pt-pt\\\/2021\\\/07\\\/ameacas-maritimas-convergem-na-somalia\\\/#primaryimage\"},\"thumbnailUrl\":\"https:\\\/\\\/adf-magazine.com\\\/wp-content\\\/uploads\\\/2021\\\/07\\\/2015-10-17T120000Z_1848413421_GF10000248228_RTRMADP_3_SOMALIA-POLITICS.jpg\",\"datePublished\":\"2021-07-28T18:36:06+00:00\",\"dateModified\":\"2021-07-28T18:36:30+00:00\",\"author\":{\"@id\":\"https:\\\/\\\/adf-magazine.com\\\/#\\\/schema\\\/person\\\/f266a6061389568b5a11465bb38bc025\"},\"breadcrumb\":{\"@id\":\"https:\\\/\\\/adf-magazine.com\\\/pt-pt\\\/2021\\\/07\\\/ameacas-maritimas-convergem-na-somalia\\\/#breadcrumb\"},\"inLanguage\":\"pt-PT\",\"potentialAction\":[{\"@type\":\"ReadAction\",\"target\":[\"https:\\\/\\\/adf-magazine.com\\\/pt-pt\\\/2021\\\/07\\\/ameacas-maritimas-convergem-na-somalia\\\/\"]}]},{\"@type\":\"ImageObject\",\"inLanguage\":\"pt-PT\",\"@id\":\"https:\\\/\\\/adf-magazine.com\\\/pt-pt\\\/2021\\\/07\\\/ameacas-maritimas-convergem-na-somalia\\\/#primaryimage\",\"url\":\"https:\\\/\\\/adf-magazine.com\\\/wp-content\\\/uploads\\\/2021\\\/07\\\/2015-10-17T120000Z_1848413421_GF10000248228_RTRMADP_3_SOMALIA-POLITICS.jpg\",\"contentUrl\":\"https:\\\/\\\/adf-magazine.com\\\/wp-content\\\/uploads\\\/2021\\\/07\\\/2015-10-17T120000Z_1848413421_GF10000248228_RTRMADP_3_SOMALIA-POLITICS.jpg\",\"width\":1080,\"height\":711,\"caption\":\"Pescadores iranianos agacham-se no conv\u00e9s da sua embarca\u00e7\u00e3o, depois de serem detidos por pescar ilegalmente em \u00e1guas somalis. REUTERS\"},{\"@type\":\"BreadcrumbList\",\"@id\":\"https:\\\/\\\/adf-magazine.com\\\/pt-pt\\\/2021\\\/07\\\/ameacas-maritimas-convergem-na-somalia\\\/#breadcrumb\",\"itemListElement\":[{\"@type\":\"ListItem\",\"position\":1,\"name\":\"Home\",\"item\":\"https:\\\/\\\/adf-magazine.com\\\/\"},{\"@type\":\"ListItem\",\"position\":2,\"name\":\"Amea\u00e7as Mar\u00edtimas Convergem na Som\u00e1lia\"}]},{\"@type\":\"WebSite\",\"@id\":\"https:\\\/\\\/adf-magazine.com\\\/#website\",\"url\":\"https:\\\/\\\/adf-magazine.com\\\/\",\"name\":\"Africa Defense Forum\",\"description\":\"Africa Defense Forum\",\"potentialAction\":[{\"@type\":\"SearchAction\",\"target\":{\"@type\":\"EntryPoint\",\"urlTemplate\":\"https:\\\/\\\/adf-magazine.com\\\/?s={search_term_string}\"},\"query-input\":{\"@type\":\"PropertyValueSpecification\",\"valueRequired\":true,\"valueName\":\"search_term_string\"}}],\"inLanguage\":\"pt-PT\"},{\"@type\":\"Person\",\"@id\":\"https:\\\/\\\/adf-magazine.com\\\/#\\\/schema\\\/person\\\/f266a6061389568b5a11465bb38bc025\",\"name\":\"ADF\",\"image\":{\"@type\":\"ImageObject\",\"inLanguage\":\"pt-PT\",\"@id\":\"https:\\\/\\\/adf-magazine.com\\\/wp-content\\\/uploads\\\/2020\\\/05\\\/cropped-ADF_icon.jpg\",\"url\":\"https:\\\/\\\/adf-magazine.com\\\/wp-content\\\/uploads\\\/2020\\\/05\\\/cropped-ADF_icon.jpg\",\"contentUrl\":\"https:\\\/\\\/adf-magazine.com\\\/wp-content\\\/uploads\\\/2020\\\/05\\\/cropped-ADF_icon.jpg\",\"caption\":\"ADF\"},\"description\":\"ADF is a professional military magazine published quarterly by U.S. Africa Command to provide an international forum for African security professionals. ADF covers topics such as counter terrorism strategies, security and defense operations, transnational crime, and all other issues affecting peace, stability, and good governance on the African continent.\",\"sameAs\":[\"https:\\\/\\\/x.com\\\/ADFmagazine\"],\"url\":\"https:\\\/\\\/adf-magazine.com\\\/pt-pt\\\/author\\\/adf\\\/\"}]}<\/script>\n<!-- \/ Yoast SEO plugin. -->","yoast_head_json":{"title":"Amea\u00e7as Mar\u00edtimas Convergem na Som\u00e1lia - Africa Defense Forum","robots":{"index":"index","follow":"follow","max-snippet":"max-snippet:-1","max-image-preview":"max-image-preview:large","max-video-preview":"max-video-preview:-1"},"canonical":"https:\/\/adf-magazine.com\/pt-pt\/2021\/07\/ameacas-maritimas-convergem-na-somalia\/","og_locale":"pt_PT","og_type":"article","og_title":"Amea\u00e7as Mar\u00edtimas Convergem na Som\u00e1lia - Africa Defense Forum","og_description":"EQUIPA DA ADF Quando um desafio de seguran\u00e7a mar\u00edtima na Som\u00e1lia parecia estar quase resolvido, outro come\u00e7ou a intensificar-se. Depois de anos de redu\u00e7\u00e3o em ataques de piratas ao largo da maior linha costeira do continente africano, o pa\u00eds est\u00e1 agora a lutar para libertar as suas \u00e1guas de arrast\u00f5es estrangeiros ilegais. Especialistas temem que","og_url":"https:\/\/adf-magazine.com\/pt-pt\/2021\/07\/ameacas-maritimas-convergem-na-somalia\/","og_site_name":"Africa Defense Forum","article_publisher":"https:\/\/www.facebook.com\/ADFmagazine\/","article_published_time":"2021-07-28T18:36:06+00:00","article_modified_time":"2021-07-28T18:36:30+00:00","og_image":[{"width":1080,"height":711,"url":"https:\/\/adf-magazine.com\/wp-content\/uploads\/2021\/07\/2015-10-17T120000Z_1848413421_GF10000248228_RTRMADP_3_SOMALIA-POLITICS.jpg","type":"image\/jpeg"}],"author":"ADF","twitter_card":"summary_large_image","twitter_creator":"@ADFmagazine","twitter_site":"@ADFmagazine","twitter_misc":{"Escrito por":"ADF","Tempo estimado de leitura":"5 minutos"},"schema":{"@context":"https:\/\/schema.org","@graph":[{"@type":"Article","@id":"https:\/\/adf-magazine.com\/pt-pt\/2021\/07\/ameacas-maritimas-convergem-na-somalia\/#article","isPartOf":{"@id":"https:\/\/adf-magazine.com\/pt-pt\/2021\/07\/ameacas-maritimas-convergem-na-somalia\/"},"author":{"name":"ADF","@id":"https:\/\/adf-magazine.com\/#\/schema\/person\/f266a6061389568b5a11465bb38bc025"},"headline":"Amea\u00e7as Mar\u00edtimas Convergem na Som\u00e1lia","datePublished":"2021-07-28T18:36:06+00:00","dateModified":"2021-07-28T18:36:30+00:00","mainEntityOfPage":{"@id":"https:\/\/adf-magazine.com\/pt-pt\/2021\/07\/ameacas-maritimas-convergem-na-somalia\/"},"wordCount":1164,"commentCount":0,"image":{"@id":"https:\/\/adf-magazine.com\/pt-pt\/2021\/07\/ameacas-maritimas-convergem-na-somalia\/#primaryimage"},"thumbnailUrl":"https:\/\/adf-magazine.com\/wp-content\/uploads\/2021\/07\/2015-10-17T120000Z_1848413421_GF10000248228_RTRMADP_3_SOMALIA-POLITICS.jpg","articleSection":["Not\u00edcias diaries"],"inLanguage":"pt-PT","potentialAction":[{"@type":"CommentAction","name":"Comment","target":["https:\/\/adf-magazine.com\/pt-pt\/2021\/07\/ameacas-maritimas-convergem-na-somalia\/#respond"]}]},{"@type":"WebPage","@id":"https:\/\/adf-magazine.com\/pt-pt\/2021\/07\/ameacas-maritimas-convergem-na-somalia\/","url":"https:\/\/adf-magazine.com\/pt-pt\/2021\/07\/ameacas-maritimas-convergem-na-somalia\/","name":"Amea\u00e7as Mar\u00edtimas Convergem na Som\u00e1lia - Africa Defense Forum","isPartOf":{"@id":"https:\/\/adf-magazine.com\/#website"},"primaryImageOfPage":{"@id":"https:\/\/adf-magazine.com\/pt-pt\/2021\/07\/ameacas-maritimas-convergem-na-somalia\/#primaryimage"},"image":{"@id":"https:\/\/adf-magazine.com\/pt-pt\/2021\/07\/ameacas-maritimas-convergem-na-somalia\/#primaryimage"},"thumbnailUrl":"https:\/\/adf-magazine.com\/wp-content\/uploads\/2021\/07\/2015-10-17T120000Z_1848413421_GF10000248228_RTRMADP_3_SOMALIA-POLITICS.jpg","datePublished":"2021-07-28T18:36:06+00:00","dateModified":"2021-07-28T18:36:30+00:00","author":{"@id":"https:\/\/adf-magazine.com\/#\/schema\/person\/f266a6061389568b5a11465bb38bc025"},"breadcrumb":{"@id":"https:\/\/adf-magazine.com\/pt-pt\/2021\/07\/ameacas-maritimas-convergem-na-somalia\/#breadcrumb"},"inLanguage":"pt-PT","potentialAction":[{"@type":"ReadAction","target":["https:\/\/adf-magazine.com\/pt-pt\/2021\/07\/ameacas-maritimas-convergem-na-somalia\/"]}]},{"@type":"ImageObject","inLanguage":"pt-PT","@id":"https:\/\/adf-magazine.com\/pt-pt\/2021\/07\/ameacas-maritimas-convergem-na-somalia\/#primaryimage","url":"https:\/\/adf-magazine.com\/wp-content\/uploads\/2021\/07\/2015-10-17T120000Z_1848413421_GF10000248228_RTRMADP_3_SOMALIA-POLITICS.jpg","contentUrl":"https:\/\/adf-magazine.com\/wp-content\/uploads\/2021\/07\/2015-10-17T120000Z_1848413421_GF10000248228_RTRMADP_3_SOMALIA-POLITICS.jpg","width":1080,"height":711,"caption":"Pescadores iranianos agacham-se no conv\u00e9s da sua embarca\u00e7\u00e3o, depois de serem detidos por pescar ilegalmente em \u00e1guas somalis. REUTERS"},{"@type":"BreadcrumbList","@id":"https:\/\/adf-magazine.com\/pt-pt\/2021\/07\/ameacas-maritimas-convergem-na-somalia\/#breadcrumb","itemListElement":[{"@type":"ListItem","position":1,"name":"Home","item":"https:\/\/adf-magazine.com\/"},{"@type":"ListItem","position":2,"name":"Amea\u00e7as Mar\u00edtimas Convergem na Som\u00e1lia"}]},{"@type":"WebSite","@id":"https:\/\/adf-magazine.com\/#website","url":"https:\/\/adf-magazine.com\/","name":"Africa Defense Forum","description":"Africa Defense Forum","potentialAction":[{"@type":"SearchAction","target":{"@type":"EntryPoint","urlTemplate":"https:\/\/adf-magazine.com\/?s={search_term_string}"},"query-input":{"@type":"PropertyValueSpecification","valueRequired":true,"valueName":"search_term_string"}}],"inLanguage":"pt-PT"},{"@type":"Person","@id":"https:\/\/adf-magazine.com\/#\/schema\/person\/f266a6061389568b5a11465bb38bc025","name":"ADF","image":{"@type":"ImageObject","inLanguage":"pt-PT","@id":"https:\/\/adf-magazine.com\/wp-content\/uploads\/2020\/05\/cropped-ADF_icon.jpg","url":"https:\/\/adf-magazine.com\/wp-content\/uploads\/2020\/05\/cropped-ADF_icon.jpg","contentUrl":"https:\/\/adf-magazine.com\/wp-content\/uploads\/2020\/05\/cropped-ADF_icon.jpg","caption":"ADF"},"description":"ADF is a professional military magazine published quarterly by U.S. Africa Command to provide an international forum for African security professionals. ADF covers topics such as counter terrorism strategies, security and defense operations, transnational crime, and all other issues affecting peace, stability, and good governance on the African continent.","sameAs":["https:\/\/x.com\/ADFmagazine"],"url":"https:\/\/adf-magazine.com\/pt-pt\/author\/adf\/"}]}},"_links":{"self":[{"href":"https:\/\/adf-magazine.com\/pt-pt\/wp-json\/wp\/v2\/posts\/26000","targetHints":{"allow":["GET"]}}],"collection":[{"href":"https:\/\/adf-magazine.com\/pt-pt\/wp-json\/wp\/v2\/posts"}],"about":[{"href":"https:\/\/adf-magazine.com\/pt-pt\/wp-json\/wp\/v2\/types\/post"}],"author":[{"embeddable":true,"href":"https:\/\/adf-magazine.com\/pt-pt\/wp-json\/wp\/v2\/users\/1"}],"replies":[{"embeddable":true,"href":"https:\/\/adf-magazine.com\/pt-pt\/wp-json\/wp\/v2\/comments?post=26000"}],"version-history":[{"count":0,"href":"https:\/\/adf-magazine.com\/pt-pt\/wp-json\/wp\/v2\/posts\/26000\/revisions"}],"wp:featuredmedia":[{"embeddable":true,"href":"https:\/\/adf-magazine.com\/pt-pt\/wp-json\/wp\/v2\/media\/25993"}],"wp:attachment":[{"href":"https:\/\/adf-magazine.com\/pt-pt\/wp-json\/wp\/v2\/media?parent=26000"}],"wp:term":[{"taxonomy":"category","embeddable":true,"href":"https:\/\/adf-magazine.com\/pt-pt\/wp-json\/wp\/v2\/categories?post=26000"},{"taxonomy":"post_tag","embeddable":true,"href":"https:\/\/adf-magazine.com\/pt-pt\/wp-json\/wp\/v2\/tags?post=26000"}],"curies":[{"name":"wp","href":"https:\/\/api.w.org\/{rel}","templated":true}]}}