{"id":25412,"date":"2021-06-30T13:19:28","date_gmt":"2021-06-30T17:19:28","guid":{"rendered":"https:\/\/adf-magazine.com\/?p=25412"},"modified":"2021-06-30T13:19:47","modified_gmt":"2021-06-30T17:19:47","slug":"exercicio-leao-africano-ao-rubro-em-marrocos-na-tunisia-e-no-senegal","status":"publish","type":"post","link":"https:\/\/adf-magazine.com\/pt-pt\/2021\/06\/exercicio-leao-africano-ao-rubro-em-marrocos-na-tunisia-e-no-senegal\/","title":{"rendered":"Exerc\u00edcio Le\u00e3o Africano ao Rubro em Marrocos, na Tun\u00edsia e no Senegal"},"content":{"rendered":"<p>EQUIPA DA ADF<\/p>\n<p>Durante 11 dias em Junho, 7.800 participantes de pa\u00edses africanos, dos Estados Unidos e da NATO, treinaram juntos em terra, no mar e no ar, como parte do exerc\u00edcio Le\u00e3o Africano.<\/p>\n<p>Le\u00e3o Africano \u00e9 o maior e o mais antigo exerc\u00edcio anual conjunto do Comando dos Estados Unidos para \u00c1frica (AFRICOM) no continente. O programa deste ano, que decorreu de 7 a 18 de Junho, foi organizado de forma conjunta por Marrocos, Senegal e Tun\u00edsia. O exerc\u00edcio centrou-se na cria\u00e7\u00e3o de capacidades para a miss\u00e3o e no fortalecimento da coopera\u00e7\u00e3o entre os ex\u00e9rcitos participantes. O exerc\u00edcio de 2020 foi cancelado por causa da COVID-19.<\/p>\n<p>\u201cEste exerc\u00edcio tem a ver com prontid\u00e3o,\u201d disse o General do Ex\u00e9rcito dos EUA, Stephen Townsend, comandante do AFRICOM. \u201cProntid\u00e3o dos nossos parceiros e prontid\u00e3o das nossas for\u00e7as. Re\u00fane v\u00e1rias ideias, experi\u00eancias e capacidades \u2014 em \u00faltima inst\u00e2ncia, fazendo com que sejamos parceiros mais fortes e uma for\u00e7a multinacional mais capacitada.&#8221;<\/p>\n<p>As actividades do Le\u00e3o Africano realizaram-se em Marrocos, desde a Base A\u00e9rea de Kenitra, no norte, at\u00e9 Tan Tan e no complexo de treinamento de Grier Labouihi, mais a sul. As actividades tamb\u00e9m ocorreram no Senegal e na Tun\u00edsia.<\/p>\n<figure id=\"attachment_25406\" aria-describedby=\"caption-attachment-25406\" style=\"width: 1080px\" class=\"wp-caption aligncenter\"><a href=\"https:\/\/adf-magazine.com\/wp-content\/uploads\/2021\/06\/AFRICAN-LION-1.jpg\"><img fetchpriority=\"high\" decoding=\"async\" class=\"size-full wp-image-25406\" src=\"https:\/\/adf-magazine.com\/wp-content\/uploads\/2021\/06\/AFRICAN-LION-1.jpg\" alt=\"\" width=\"1080\" height=\"1620\" srcset=\"https:\/\/adf-magazine.com\/wp-content\/uploads\/2021\/06\/AFRICAN-LION-1.jpg 1080w, https:\/\/adf-magazine.com\/wp-content\/uploads\/2021\/06\/AFRICAN-LION-1-300x450.jpg 300w, https:\/\/adf-magazine.com\/wp-content\/uploads\/2021\/06\/AFRICAN-LION-1-683x1024.jpg 683w, https:\/\/adf-magazine.com\/wp-content\/uploads\/2021\/06\/AFRICAN-LION-1-768x1152.jpg 768w, https:\/\/adf-magazine.com\/wp-content\/uploads\/2021\/06\/AFRICAN-LION-1-1024x1536.jpg 1024w\" sizes=\"(max-width: 1080px) 100vw, 1080px\" \/><\/a><figcaption id=\"caption-attachment-25406\" class=\"wp-caption-text\">For\u00e7as Armadas Reais do Marrocos praticam treinos de inser\u00e7\u00e3o r\u00e1pida de cabo durante o Le\u00e3o Africano 2021, em Tifnit, Marrocos. FOR\u00c7A-TAREFA DO SUL DA EUROPA EM \u00c1FRICA<\/figcaption><\/figure>\n<p>O Coronel Khalid Harouroud, das For\u00e7as Armadas Reais Marroquinas, chefe-adjunto da c\u00e9lula de opera\u00e7\u00f5es conjuntas da coliga\u00e7\u00e3o, disse que o exerc\u00edcio foi uma oportunidade para \u201ccapitalizar os ganhos j\u00e1 feitos\u201d e melhorar a planifica\u00e7\u00e3o para eventuais amea\u00e7as.<\/p>\n<p>\u201cAs amea\u00e7as h\u00edbridas exigem opera\u00e7\u00f5es conjuntas com os nossos parceiros, uma vez que nenhum pa\u00eds pode enfrentar este tipo de amea\u00e7a sozinho,\u201d Harouroud disse\u00a0 \u00e0 Ag\u00eancia de Imprensa Marroquina.<\/p>\n<p>O Le\u00e3o Africano \u00e9 constitu\u00eddo por uma s\u00e9rie de actividades:<\/p>\n<ul>\n<li>Um exerc\u00edcio coordenado pela For\u00e7a A\u00e9rea Americana para a Europa e \u00c1frica, consistiu em manobras a\u00e9reas dos EUA e do Marrocos com bombardeiros, ca\u00e7as e reabastecimento a\u00e9reo.<\/li>\n<li>As manobras navais inclu\u00edram um exerc\u00edcio naval de arma de fogo e v\u00e1rias manobras baseadas no mar, envolvendo as marinhas dos EUA e do Marrocos e capacidades de resposta em situa\u00e7\u00f5es de crise.<\/li>\n<li>Treino da Pol\u00edcia Militar em mat\u00e9rias de combate corpo-a-corpo.<\/li>\n<\/ul>\n<p>No Porto de Agadir, Marrocos, bombeiros e Soldados Reais do Marrocos treinaram com equipamento de protec\u00e7\u00e3o como respiradores, fatos de protec\u00e7\u00e3o e unidades de descontamina\u00e7\u00e3o, para responder a ataques de armas qu\u00edmicas, biol\u00f3gicas, radiol\u00f3gicas e nucleares. A Ag\u00eancia Americana de Redu\u00e7\u00e3o de Amea\u00e7as de Defesa (DTRA) patrocinou o evento.<\/p>\n<p>\u201cSe estes materiais perigosos forem transformados em armas de destrui\u00e7\u00e3o maci\u00e7a, estes pa\u00edses possuem a habilidade de impedir que qualquer organiza\u00e7\u00e3o utilize um destes, preservando, desta maneira, a paz e a estabilidade em toda esta regi\u00e3o particular,\u201d disse Ben Cacioppo, conselheiro t\u00e9cnico da DTRA, na Embaixada dos EUA, em Rabat.<\/p>\n<p>No Senegal, ex\u00e9rcitos dos EUA e do Senegal demonstraram a sua habilidade de serem destacados e de trabalharem em conjunto durante uma resposta de crise. As For\u00e7as dos EUA e da Tun\u00edsia realizaram exerc\u00edcios de posto de comando e treinos t\u00e9cnicos t\u00e1cticos para pequenas unidades.<\/p>\n<figure id=\"attachment_25410\" aria-describedby=\"caption-attachment-25410\" style=\"width: 1080px\" class=\"wp-caption aligncenter\"><a href=\"https:\/\/adf-magazine.com\/wp-content\/uploads\/2021\/06\/AFRICAN-LION-3.jpg\"><img decoding=\"async\" class=\"size-full wp-image-25410\" src=\"https:\/\/adf-magazine.com\/wp-content\/uploads\/2021\/06\/AFRICAN-LION-3.jpg\" alt=\"\" width=\"1080\" height=\"720\" srcset=\"https:\/\/adf-magazine.com\/wp-content\/uploads\/2021\/06\/AFRICAN-LION-3.jpg 1080w, https:\/\/adf-magazine.com\/wp-content\/uploads\/2021\/06\/AFRICAN-LION-3-300x200.jpg 300w, https:\/\/adf-magazine.com\/wp-content\/uploads\/2021\/06\/AFRICAN-LION-3-1024x683.jpg 1024w, https:\/\/adf-magazine.com\/wp-content\/uploads\/2021\/06\/AFRICAN-LION-3-768x512.jpg 768w, https:\/\/adf-magazine.com\/wp-content\/uploads\/2021\/06\/AFRICAN-LION-3-272x182.jpg 272w\" sizes=\"(max-width: 1080px) 100vw, 1080px\" \/><\/a><figcaption id=\"caption-attachment-25410\" class=\"wp-caption-text\">Soldados senegaleses praticam a t\u00e9cnica de limpeza de sala durante as opera\u00e7\u00f5es conjuntas com tropas dos EUA, Marrocos, Tun\u00edsia e da NATO, no exerc\u00edcio Le\u00e3o Africano deste ano, em Marrocos. FOR\u00c7A-TAREFA DO SUL DA EUROPA EM \u00c1FRICA<\/figcaption><\/figure>\n<p>Os pilotos marroquinos praticaram manobras de reabastecimento junto da aeronave de reabastecimento da For\u00e7a A\u00e9rea Americana trazida do Reino Unido.<\/p>\n<p>&#8220;A chegada de ca\u00e7as e de tanques melhora o n\u00edvel para este exerc\u00edcio que j\u00e1 \u00e9 din\u00e2mico,\u201d disse o General Jeff Harrigian, da For\u00e7a A\u00e9rea Americana na Europa &#8211; comandante da For\u00e7a A\u00e9rea de \u00c1frica. &#8220;Todo o voo traz uma outra oportunidade de trabalharmos estreitamente ligados aos nossos parceiros e trocarmos melhores pr\u00e1ticas para que possamos perseguir os nossos objectivos comuns.\u201d<\/p>\n<p>Le\u00e3o Africano \u00e9 uma parte vital para o fortalecimento de parcerias na regi\u00e3o, disse Townsend.<\/p>\n<p>\u201cFornece uma oportunidade para aprendizagem m\u00fatua entre os EUA e os nossos parceiros africanos e beneficia os participantes atrav\u00e9s do fortalecimento da interoperabilidade e esfor\u00e7os colectivos para a melhoria da seguran\u00e7a e estabilidade em toda a regi\u00e3o,\u201d disse.<\/p>\n<p>\u00ab\u00a0Cet exercice va permettre aux FAR de capitaliser sur les acquis d\u00e9j\u00e0 r\u00e9alis\u00e9s et de rehausser le niveau de planification et de conduite des op\u00e9rations\u00a0\u00bb, a d\u00e9clar\u00e9 \u00e0 la MAP, le colonel Harouroud.<\/p>\n<p>\u00ab\u00a0Les diff\u00e9rentes activit\u00e9s d\u2019African Lion 2021 sont planifi\u00e9es par le Centre d\u2019op\u00e9rations \u00e0 Agadir et conduites par les forces sur place\u00a0\u00bb ,a-t-il ajout\u00e9, notant que \u00ab\u00a0les menaces actuelles de nature hybrides requi\u00e8rent la conduite d\u2019op\u00e9rations conjointes avec nos partenaires du moment qu\u2019aucun pays seul ne peut faire face \u00e0 ce type de menaces \u00ab\u00a0.<\/p>\n","protected":false},"excerpt":{"rendered":"<p>EQUIPA DA ADF Durante 11 dias em Junho, 7.800 participantes de pa\u00edses africanos, dos Estados Unidos e da NATO, treinaram juntos em terra, no mar e no ar, como parte do exerc\u00edcio Le\u00e3o Africano. Le\u00e3o Africano \u00e9 o maior e o mais antigo exerc\u00edcio anual conjunto do Comando dos Estados Unidos para \u00c1frica (AFRICOM) no<\/p>\n","protected":false},"author":1,"featured_media":25402,"comment_status":"open","ping_status":"open","sticky":false,"template":"","format":"standard","meta":{"_acf_changed":false,"_monsterinsights_skip_tracking":false,"_monsterinsights_sitenote_active":false,"_monsterinsights_sitenote_note":"","_monsterinsights_sitenote_category":0,"_uf_show_specific_survey":0,"_uf_disable_surveys":false,"footnotes":""},"categories":[363],"tags":[],"class_list":{"0":"post-25412","1":"post","2":"type-post","3":"status-publish","4":"format-standard","5":"has-post-thumbnail","7":"category-melhores-historias"},"acf":[],"yoast_head":"<!-- This site is optimized with the Yoast SEO plugin v27.4 - https:\/\/yoast.com\/product\/yoast-seo-wordpress\/ -->\n<title>Exerc\u00edcio Le\u00e3o Africano ao Rubro em Marrocos, na Tun\u00edsia e no Senegal - Africa Defense Forum<\/title>\n<meta name=\"robots\" content=\"index, follow, max-snippet:-1, max-image-preview:large, max-video-preview:-1\" \/>\n<link rel=\"canonical\" href=\"https:\/\/adf-magazine.com\/pt-pt\/2021\/06\/exercicio-leao-africano-ao-rubro-em-marrocos-na-tunisia-e-no-senegal\/\" \/>\n<meta property=\"og:locale\" content=\"pt_PT\" \/>\n<meta property=\"og:type\" content=\"article\" \/>\n<meta property=\"og:title\" content=\"Exerc\u00edcio Le\u00e3o Africano ao Rubro em Marrocos, na Tun\u00edsia e no Senegal - Africa Defense Forum\" \/>\n<meta property=\"og:description\" content=\"EQUIPA DA ADF Durante 11 dias em Junho, 7.800 participantes de pa\u00edses africanos, dos Estados Unidos e da NATO, treinaram juntos em terra, no mar e no ar, como parte do exerc\u00edcio Le\u00e3o Africano. Le\u00e3o Africano \u00e9 o maior e o mais antigo exerc\u00edcio anual conjunto do Comando dos Estados Unidos para \u00c1frica (AFRICOM) no\" \/>\n<meta property=\"og:url\" content=\"https:\/\/adf-magazine.com\/pt-pt\/2021\/06\/exercicio-leao-africano-ao-rubro-em-marrocos-na-tunisia-e-no-senegal\/\" \/>\n<meta property=\"og:site_name\" content=\"Africa Defense Forum\" \/>\n<meta property=\"article:publisher\" content=\"https:\/\/www.facebook.com\/ADFmagazine\/\" \/>\n<meta property=\"article:published_time\" content=\"2021-06-30T17:19:28+00:00\" \/>\n<meta property=\"article:modified_time\" content=\"2021-06-30T17:19:47+00:00\" \/>\n<meta property=\"og:image\" content=\"https:\/\/adf-magazine.com\/wp-content\/uploads\/2021\/06\/AFRICAN-LION-2.jpg\" \/>\n\t<meta property=\"og:image:width\" content=\"1080\" \/>\n\t<meta property=\"og:image:height\" content=\"720\" \/>\n\t<meta property=\"og:image:type\" content=\"image\/jpeg\" \/>\n<meta name=\"author\" content=\"ADF\" \/>\n<meta name=\"twitter:card\" content=\"summary_large_image\" \/>\n<meta name=\"twitter:creator\" content=\"@ADFmagazine\" \/>\n<meta name=\"twitter:site\" content=\"@ADFmagazine\" \/>\n<meta name=\"twitter:label1\" content=\"Escrito por\" \/>\n\t<meta name=\"twitter:data1\" content=\"ADF\" \/>\n\t<meta name=\"twitter:label2\" content=\"Tempo estimado de leitura\" \/>\n\t<meta name=\"twitter:data2\" content=\"4 minutos\" \/>\n<script type=\"application\/ld+json\" class=\"yoast-schema-graph\">{\"@context\":\"https:\\\/\\\/schema.org\",\"@graph\":[{\"@type\":\"Article\",\"@id\":\"https:\\\/\\\/adf-magazine.com\\\/pt-pt\\\/2021\\\/06\\\/exercicio-leao-africano-ao-rubro-em-marrocos-na-tunisia-e-no-senegal\\\/#article\",\"isPartOf\":{\"@id\":\"https:\\\/\\\/adf-magazine.com\\\/pt-pt\\\/2021\\\/06\\\/exercicio-leao-africano-ao-rubro-em-marrocos-na-tunisia-e-no-senegal\\\/\"},\"author\":{\"name\":\"ADF\",\"@id\":\"https:\\\/\\\/adf-magazine.com\\\/#\\\/schema\\\/person\\\/f266a6061389568b5a11465bb38bc025\"},\"headline\":\"Exerc\u00edcio Le\u00e3o Africano ao Rubro em Marrocos, na Tun\u00edsia e no Senegal\",\"datePublished\":\"2021-06-30T17:19:28+00:00\",\"dateModified\":\"2021-06-30T17:19:47+00:00\",\"mainEntityOfPage\":{\"@id\":\"https:\\\/\\\/adf-magazine.com\\\/pt-pt\\\/2021\\\/06\\\/exercicio-leao-africano-ao-rubro-em-marrocos-na-tunisia-e-no-senegal\\\/\"},\"wordCount\":903,\"commentCount\":0,\"image\":{\"@id\":\"https:\\\/\\\/adf-magazine.com\\\/pt-pt\\\/2021\\\/06\\\/exercicio-leao-africano-ao-rubro-em-marrocos-na-tunisia-e-no-senegal\\\/#primaryimage\"},\"thumbnailUrl\":\"https:\\\/\\\/adf-magazine.com\\\/wp-content\\\/uploads\\\/2021\\\/06\\\/AFRICAN-LION-2.jpg\",\"articleSection\":[\"Not\u00edcias diaries\"],\"inLanguage\":\"pt-PT\",\"potentialAction\":[{\"@type\":\"CommentAction\",\"name\":\"Comment\",\"target\":[\"https:\\\/\\\/adf-magazine.com\\\/pt-pt\\\/2021\\\/06\\\/exercicio-leao-africano-ao-rubro-em-marrocos-na-tunisia-e-no-senegal\\\/#respond\"]}]},{\"@type\":\"WebPage\",\"@id\":\"https:\\\/\\\/adf-magazine.com\\\/pt-pt\\\/2021\\\/06\\\/exercicio-leao-africano-ao-rubro-em-marrocos-na-tunisia-e-no-senegal\\\/\",\"url\":\"https:\\\/\\\/adf-magazine.com\\\/pt-pt\\\/2021\\\/06\\\/exercicio-leao-africano-ao-rubro-em-marrocos-na-tunisia-e-no-senegal\\\/\",\"name\":\"Exerc\u00edcio Le\u00e3o Africano ao Rubro em Marrocos, na Tun\u00edsia e no Senegal - Africa Defense Forum\",\"isPartOf\":{\"@id\":\"https:\\\/\\\/adf-magazine.com\\\/#website\"},\"primaryImageOfPage\":{\"@id\":\"https:\\\/\\\/adf-magazine.com\\\/pt-pt\\\/2021\\\/06\\\/exercicio-leao-africano-ao-rubro-em-marrocos-na-tunisia-e-no-senegal\\\/#primaryimage\"},\"image\":{\"@id\":\"https:\\\/\\\/adf-magazine.com\\\/pt-pt\\\/2021\\\/06\\\/exercicio-leao-africano-ao-rubro-em-marrocos-na-tunisia-e-no-senegal\\\/#primaryimage\"},\"thumbnailUrl\":\"https:\\\/\\\/adf-magazine.com\\\/wp-content\\\/uploads\\\/2021\\\/06\\\/AFRICAN-LION-2.jpg\",\"datePublished\":\"2021-06-30T17:19:28+00:00\",\"dateModified\":\"2021-06-30T17:19:47+00:00\",\"author\":{\"@id\":\"https:\\\/\\\/adf-magazine.com\\\/#\\\/schema\\\/person\\\/f266a6061389568b5a11465bb38bc025\"},\"breadcrumb\":{\"@id\":\"https:\\\/\\\/adf-magazine.com\\\/pt-pt\\\/2021\\\/06\\\/exercicio-leao-africano-ao-rubro-em-marrocos-na-tunisia-e-no-senegal\\\/#breadcrumb\"},\"inLanguage\":\"pt-PT\",\"potentialAction\":[{\"@type\":\"ReadAction\",\"target\":[\"https:\\\/\\\/adf-magazine.com\\\/pt-pt\\\/2021\\\/06\\\/exercicio-leao-africano-ao-rubro-em-marrocos-na-tunisia-e-no-senegal\\\/\"]}]},{\"@type\":\"ImageObject\",\"inLanguage\":\"pt-PT\",\"@id\":\"https:\\\/\\\/adf-magazine.com\\\/pt-pt\\\/2021\\\/06\\\/exercicio-leao-africano-ao-rubro-em-marrocos-na-tunisia-e-no-senegal\\\/#primaryimage\",\"url\":\"https:\\\/\\\/adf-magazine.com\\\/wp-content\\\/uploads\\\/2021\\\/06\\\/AFRICAN-LION-2.jpg\",\"contentUrl\":\"https:\\\/\\\/adf-magazine.com\\\/wp-content\\\/uploads\\\/2021\\\/06\\\/AFRICAN-LION-2.jpg\",\"width\":1080,\"height\":720,\"caption\":\"Soldados senegaleses ajudam uns aos outros a vestir equipamento de protec\u00e7\u00e3o durante o exerc\u00edcio Le\u00e3o Africano para responder a amea\u00e7as qu\u00edmicas, biol\u00f3gicas, radiol\u00f3gicas e nucleares. FOR\u00c7A-TAREFA DO SUL DA EUROPA EM \u00c1FRICA\"},{\"@type\":\"BreadcrumbList\",\"@id\":\"https:\\\/\\\/adf-magazine.com\\\/pt-pt\\\/2021\\\/06\\\/exercicio-leao-africano-ao-rubro-em-marrocos-na-tunisia-e-no-senegal\\\/#breadcrumb\",\"itemListElement\":[{\"@type\":\"ListItem\",\"position\":1,\"name\":\"Home\",\"item\":\"https:\\\/\\\/adf-magazine.com\\\/\"},{\"@type\":\"ListItem\",\"position\":2,\"name\":\"Exerc\u00edcio Le\u00e3o Africano ao Rubro em Marrocos, na Tun\u00edsia e no Senegal\"}]},{\"@type\":\"WebSite\",\"@id\":\"https:\\\/\\\/adf-magazine.com\\\/#website\",\"url\":\"https:\\\/\\\/adf-magazine.com\\\/\",\"name\":\"Africa Defense Forum\",\"description\":\"Africa Defense Forum\",\"potentialAction\":[{\"@type\":\"SearchAction\",\"target\":{\"@type\":\"EntryPoint\",\"urlTemplate\":\"https:\\\/\\\/adf-magazine.com\\\/?s={search_term_string}\"},\"query-input\":{\"@type\":\"PropertyValueSpecification\",\"valueRequired\":true,\"valueName\":\"search_term_string\"}}],\"inLanguage\":\"pt-PT\"},{\"@type\":\"Person\",\"@id\":\"https:\\\/\\\/adf-magazine.com\\\/#\\\/schema\\\/person\\\/f266a6061389568b5a11465bb38bc025\",\"name\":\"ADF\",\"image\":{\"@type\":\"ImageObject\",\"inLanguage\":\"pt-PT\",\"@id\":\"https:\\\/\\\/adf-magazine.com\\\/wp-content\\\/uploads\\\/2020\\\/05\\\/cropped-ADF_icon.jpg\",\"url\":\"https:\\\/\\\/adf-magazine.com\\\/wp-content\\\/uploads\\\/2020\\\/05\\\/cropped-ADF_icon.jpg\",\"contentUrl\":\"https:\\\/\\\/adf-magazine.com\\\/wp-content\\\/uploads\\\/2020\\\/05\\\/cropped-ADF_icon.jpg\",\"caption\":\"ADF\"},\"description\":\"ADF is a professional military magazine published quarterly by U.S. Africa Command to provide an international forum for African security professionals. ADF covers topics such as counter terrorism strategies, security and defense operations, transnational crime, and all other issues affecting peace, stability, and good governance on the African continent.\",\"sameAs\":[\"https:\\\/\\\/x.com\\\/ADFmagazine\"],\"url\":\"https:\\\/\\\/adf-magazine.com\\\/pt-pt\\\/author\\\/adf\\\/\"}]}<\/script>\n<!-- \/ Yoast SEO plugin. -->","yoast_head_json":{"title":"Exerc\u00edcio Le\u00e3o Africano ao Rubro em Marrocos, na Tun\u00edsia e no Senegal - Africa Defense Forum","robots":{"index":"index","follow":"follow","max-snippet":"max-snippet:-1","max-image-preview":"max-image-preview:large","max-video-preview":"max-video-preview:-1"},"canonical":"https:\/\/adf-magazine.com\/pt-pt\/2021\/06\/exercicio-leao-africano-ao-rubro-em-marrocos-na-tunisia-e-no-senegal\/","og_locale":"pt_PT","og_type":"article","og_title":"Exerc\u00edcio Le\u00e3o Africano ao Rubro em Marrocos, na Tun\u00edsia e no Senegal - Africa Defense Forum","og_description":"EQUIPA DA ADF Durante 11 dias em Junho, 7.800 participantes de pa\u00edses africanos, dos Estados Unidos e da NATO, treinaram juntos em terra, no mar e no ar, como parte do exerc\u00edcio Le\u00e3o Africano. Le\u00e3o Africano \u00e9 o maior e o mais antigo exerc\u00edcio anual conjunto do Comando dos Estados Unidos para \u00c1frica (AFRICOM) no","og_url":"https:\/\/adf-magazine.com\/pt-pt\/2021\/06\/exercicio-leao-africano-ao-rubro-em-marrocos-na-tunisia-e-no-senegal\/","og_site_name":"Africa Defense Forum","article_publisher":"https:\/\/www.facebook.com\/ADFmagazine\/","article_published_time":"2021-06-30T17:19:28+00:00","article_modified_time":"2021-06-30T17:19:47+00:00","og_image":[{"width":1080,"height":720,"url":"https:\/\/adf-magazine.com\/wp-content\/uploads\/2021\/06\/AFRICAN-LION-2.jpg","type":"image\/jpeg"}],"author":"ADF","twitter_card":"summary_large_image","twitter_creator":"@ADFmagazine","twitter_site":"@ADFmagazine","twitter_misc":{"Escrito por":"ADF","Tempo estimado de leitura":"4 minutos"},"schema":{"@context":"https:\/\/schema.org","@graph":[{"@type":"Article","@id":"https:\/\/adf-magazine.com\/pt-pt\/2021\/06\/exercicio-leao-africano-ao-rubro-em-marrocos-na-tunisia-e-no-senegal\/#article","isPartOf":{"@id":"https:\/\/adf-magazine.com\/pt-pt\/2021\/06\/exercicio-leao-africano-ao-rubro-em-marrocos-na-tunisia-e-no-senegal\/"},"author":{"name":"ADF","@id":"https:\/\/adf-magazine.com\/#\/schema\/person\/f266a6061389568b5a11465bb38bc025"},"headline":"Exerc\u00edcio Le\u00e3o Africano ao Rubro em Marrocos, na Tun\u00edsia e no Senegal","datePublished":"2021-06-30T17:19:28+00:00","dateModified":"2021-06-30T17:19:47+00:00","mainEntityOfPage":{"@id":"https:\/\/adf-magazine.com\/pt-pt\/2021\/06\/exercicio-leao-africano-ao-rubro-em-marrocos-na-tunisia-e-no-senegal\/"},"wordCount":903,"commentCount":0,"image":{"@id":"https:\/\/adf-magazine.com\/pt-pt\/2021\/06\/exercicio-leao-africano-ao-rubro-em-marrocos-na-tunisia-e-no-senegal\/#primaryimage"},"thumbnailUrl":"https:\/\/adf-magazine.com\/wp-content\/uploads\/2021\/06\/AFRICAN-LION-2.jpg","articleSection":["Not\u00edcias diaries"],"inLanguage":"pt-PT","potentialAction":[{"@type":"CommentAction","name":"Comment","target":["https:\/\/adf-magazine.com\/pt-pt\/2021\/06\/exercicio-leao-africano-ao-rubro-em-marrocos-na-tunisia-e-no-senegal\/#respond"]}]},{"@type":"WebPage","@id":"https:\/\/adf-magazine.com\/pt-pt\/2021\/06\/exercicio-leao-africano-ao-rubro-em-marrocos-na-tunisia-e-no-senegal\/","url":"https:\/\/adf-magazine.com\/pt-pt\/2021\/06\/exercicio-leao-africano-ao-rubro-em-marrocos-na-tunisia-e-no-senegal\/","name":"Exerc\u00edcio Le\u00e3o Africano ao Rubro em Marrocos, na Tun\u00edsia e no Senegal - Africa Defense Forum","isPartOf":{"@id":"https:\/\/adf-magazine.com\/#website"},"primaryImageOfPage":{"@id":"https:\/\/adf-magazine.com\/pt-pt\/2021\/06\/exercicio-leao-africano-ao-rubro-em-marrocos-na-tunisia-e-no-senegal\/#primaryimage"},"image":{"@id":"https:\/\/adf-magazine.com\/pt-pt\/2021\/06\/exercicio-leao-africano-ao-rubro-em-marrocos-na-tunisia-e-no-senegal\/#primaryimage"},"thumbnailUrl":"https:\/\/adf-magazine.com\/wp-content\/uploads\/2021\/06\/AFRICAN-LION-2.jpg","datePublished":"2021-06-30T17:19:28+00:00","dateModified":"2021-06-30T17:19:47+00:00","author":{"@id":"https:\/\/adf-magazine.com\/#\/schema\/person\/f266a6061389568b5a11465bb38bc025"},"breadcrumb":{"@id":"https:\/\/adf-magazine.com\/pt-pt\/2021\/06\/exercicio-leao-africano-ao-rubro-em-marrocos-na-tunisia-e-no-senegal\/#breadcrumb"},"inLanguage":"pt-PT","potentialAction":[{"@type":"ReadAction","target":["https:\/\/adf-magazine.com\/pt-pt\/2021\/06\/exercicio-leao-africano-ao-rubro-em-marrocos-na-tunisia-e-no-senegal\/"]}]},{"@type":"ImageObject","inLanguage":"pt-PT","@id":"https:\/\/adf-magazine.com\/pt-pt\/2021\/06\/exercicio-leao-africano-ao-rubro-em-marrocos-na-tunisia-e-no-senegal\/#primaryimage","url":"https:\/\/adf-magazine.com\/wp-content\/uploads\/2021\/06\/AFRICAN-LION-2.jpg","contentUrl":"https:\/\/adf-magazine.com\/wp-content\/uploads\/2021\/06\/AFRICAN-LION-2.jpg","width":1080,"height":720,"caption":"Soldados senegaleses ajudam uns aos outros a vestir equipamento de protec\u00e7\u00e3o durante o exerc\u00edcio Le\u00e3o Africano para responder a amea\u00e7as qu\u00edmicas, biol\u00f3gicas, radiol\u00f3gicas e nucleares. FOR\u00c7A-TAREFA DO SUL DA EUROPA EM \u00c1FRICA"},{"@type":"BreadcrumbList","@id":"https:\/\/adf-magazine.com\/pt-pt\/2021\/06\/exercicio-leao-africano-ao-rubro-em-marrocos-na-tunisia-e-no-senegal\/#breadcrumb","itemListElement":[{"@type":"ListItem","position":1,"name":"Home","item":"https:\/\/adf-magazine.com\/"},{"@type":"ListItem","position":2,"name":"Exerc\u00edcio Le\u00e3o Africano ao Rubro em Marrocos, na Tun\u00edsia e no Senegal"}]},{"@type":"WebSite","@id":"https:\/\/adf-magazine.com\/#website","url":"https:\/\/adf-magazine.com\/","name":"Africa Defense Forum","description":"Africa Defense Forum","potentialAction":[{"@type":"SearchAction","target":{"@type":"EntryPoint","urlTemplate":"https:\/\/adf-magazine.com\/?s={search_term_string}"},"query-input":{"@type":"PropertyValueSpecification","valueRequired":true,"valueName":"search_term_string"}}],"inLanguage":"pt-PT"},{"@type":"Person","@id":"https:\/\/adf-magazine.com\/#\/schema\/person\/f266a6061389568b5a11465bb38bc025","name":"ADF","image":{"@type":"ImageObject","inLanguage":"pt-PT","@id":"https:\/\/adf-magazine.com\/wp-content\/uploads\/2020\/05\/cropped-ADF_icon.jpg","url":"https:\/\/adf-magazine.com\/wp-content\/uploads\/2020\/05\/cropped-ADF_icon.jpg","contentUrl":"https:\/\/adf-magazine.com\/wp-content\/uploads\/2020\/05\/cropped-ADF_icon.jpg","caption":"ADF"},"description":"ADF is a professional military magazine published quarterly by U.S. Africa Command to provide an international forum for African security professionals. ADF covers topics such as counter terrorism strategies, security and defense operations, transnational crime, and all other issues affecting peace, stability, and good governance on the African continent.","sameAs":["https:\/\/x.com\/ADFmagazine"],"url":"https:\/\/adf-magazine.com\/pt-pt\/author\/adf\/"}]}},"_links":{"self":[{"href":"https:\/\/adf-magazine.com\/pt-pt\/wp-json\/wp\/v2\/posts\/25412","targetHints":{"allow":["GET"]}}],"collection":[{"href":"https:\/\/adf-magazine.com\/pt-pt\/wp-json\/wp\/v2\/posts"}],"about":[{"href":"https:\/\/adf-magazine.com\/pt-pt\/wp-json\/wp\/v2\/types\/post"}],"author":[{"embeddable":true,"href":"https:\/\/adf-magazine.com\/pt-pt\/wp-json\/wp\/v2\/users\/1"}],"replies":[{"embeddable":true,"href":"https:\/\/adf-magazine.com\/pt-pt\/wp-json\/wp\/v2\/comments?post=25412"}],"version-history":[{"count":0,"href":"https:\/\/adf-magazine.com\/pt-pt\/wp-json\/wp\/v2\/posts\/25412\/revisions"}],"wp:featuredmedia":[{"embeddable":true,"href":"https:\/\/adf-magazine.com\/pt-pt\/wp-json\/wp\/v2\/media\/25402"}],"wp:attachment":[{"href":"https:\/\/adf-magazine.com\/pt-pt\/wp-json\/wp\/v2\/media?parent=25412"}],"wp:term":[{"taxonomy":"category","embeddable":true,"href":"https:\/\/adf-magazine.com\/pt-pt\/wp-json\/wp\/v2\/categories?post=25412"},{"taxonomy":"post_tag","embeddable":true,"href":"https:\/\/adf-magazine.com\/pt-pt\/wp-json\/wp\/v2\/tags?post=25412"}],"curies":[{"name":"wp","href":"https:\/\/api.w.org\/{rel}","templated":true}]}}