{"id":25222,"date":"2021-06-23T13:36:09","date_gmt":"2021-06-23T17:36:09","guid":{"rendered":"https:\/\/adf-magazine.com\/?p=25222"},"modified":"2021-06-23T13:36:57","modified_gmt":"2021-06-23T17:36:57","slug":"operacao-militar-de-casamanca-traz-promessa-de-paz-ha-muito-esperada","status":"publish","type":"post","link":"https:\/\/adf-magazine.com\/pt-pt\/2021\/06\/operacao-militar-de-casamanca-traz-promessa-de-paz-ha-muito-esperada\/","title":{"rendered":"Opera\u00e7\u00e3o Militar de Casaman\u00e7a Traz Promessa de Paz H\u00e1 Muito Esperada"},"content":{"rendered":"<p>EQUIPA DA ADF<\/p>\n<p>Os residentes da regi\u00e3o inst\u00e1vel de Casaman\u00e7a est\u00e3o esperan\u00e7osos, depois de uma ofensiva militar ter expulsado os rebeldes para fora das fortalezas de florestas.<\/p>\n<p>Em Janeiro, as For\u00e7as Armadas Senegalesas lan\u00e7aram uma campanha na regi\u00e3o sul para retirar os separatistas conhecidos como o Movimento das For\u00e7as Democr\u00e1ticas de Casaman\u00e7a (MFDC). Os ataques por via terrestre, com apoio a\u00e9reo, destru\u00edram tr\u00eas bases dos rebeldes. Em Maio, as for\u00e7as senegalesas come\u00e7aram uma outra campanha cerca de 30 quil\u00f3metros a sul da capital regional, Ziguinchor.<\/p>\n<p>Comandos senegaleses permitiram que os jornalistas vissem as bases abandonadas onde rebeldes que fugiam deixaram roquetes antitanque, minas terrestres e AK-47s. Os soldados tamb\u00e9m descobriram abrigos utilizados pelos rebeldes.<\/p>\n<p>&#8220;V\u00e1rios abusos foram perpetrados contra a popula\u00e7\u00e3o nesta regi\u00e3o e os grupos armados est\u00e3o simplesmente \u00e0 procura de garantir a habilidade de explorar os recursos florestais,&#8221; Coronel Souleymane Kand\u00e9, comandante da quinta zona militar do Senegal, disse \u00e0 R\u00e1dio Fran\u00e7a Internacional\u00a0 (RFI). \u00a0O MFDC controlou o tr\u00e1fico de madeira e de cannabis na regi\u00e3o. Durante a ofensiva de Fevereiro, o ex\u00e9rcito descobriu v\u00e1rios hectares de campos de c\u00e2nhamo que, segundo disse, &#8220;alimentava a economia dos criminosos.&#8221; \u00a0O conflito continuou por aproximadamente 40 anos. Casaman\u00e7a \u00e9 cultural e geograficamente distinta do resto de Senegal, porque est\u00e1 separada da maior parte do pa\u00eds pela G\u00e2mbia. Durante a era colonial, era uma col\u00f3nia portuguesa e alguns locais falam uma l\u00edngua conhecida como Crioulo da Alta Guin\u00e9. \u00a0Os residentes de Casaman\u00e7a h\u00e1 muito se queixam de serem deixados para tr\u00e1s em termos de investimentos econ\u00f3micos e servi\u00e7os sociais, chegando a fazer com que alguns estejam a favor da independ\u00eancia. Contudo, d\u00e9cadas de luta e abusos contra civis enfraqueceram o apoio ao MFDC.<\/p>\n<figure id=\"attachment_25220\" aria-describedby=\"caption-attachment-25220\" style=\"width: 1080px\" class=\"wp-caption aligncenter\"><a href=\"https:\/\/adf-magazine.com\/wp-content\/uploads\/2021\/06\/GettyImages-1231068621.jpg\"><img fetchpriority=\"high\" decoding=\"async\" class=\"size-full wp-image-25220\" src=\"https:\/\/adf-magazine.com\/wp-content\/uploads\/2021\/06\/GettyImages-1231068621.jpg\" alt=\"\" width=\"1080\" height=\"720\" srcset=\"https:\/\/adf-magazine.com\/wp-content\/uploads\/2021\/06\/GettyImages-1231068621.jpg 1080w, https:\/\/adf-magazine.com\/wp-content\/uploads\/2021\/06\/GettyImages-1231068621-300x200.jpg 300w, https:\/\/adf-magazine.com\/wp-content\/uploads\/2021\/06\/GettyImages-1231068621-1024x683.jpg 1024w, https:\/\/adf-magazine.com\/wp-content\/uploads\/2021\/06\/GettyImages-1231068621-768x512.jpg 768w, https:\/\/adf-magazine.com\/wp-content\/uploads\/2021\/06\/GettyImages-1231068621-272x182.jpg 272w\" sizes=\"(max-width: 1080px) 100vw, 1080px\" \/><\/a><figcaption id=\"caption-attachment-25220\" class=\"wp-caption-text\">Soldados senegaleses passam por roquetes descartados numa base rebelde capturada na Floresta de Blaze. AFP\/GETTY IMAGES<\/figcaption><\/figure>\n<p>No in\u00edcio de 2018, o grupo de rebeldes foi acusado de ter executado 14 jovens na cidade de Borofaye. Por volta da mesma altura, na cidade de Diouloulou, homens armados interpelaram uma carrinha cheia de turistas europeus e violaram sexualmente tr\u00eas mulheres.<\/p>\n<p>Muitos na regi\u00e3o agora desejam a paz. &#8220;Desejamos muito que haja um fim para a rebeli\u00e3o,&#8221; Bailo Coly, que fugiu de casa devido a um conflito, disse \u00e0 Agence France-Presse. &#8220;Causou-nos muito preju\u00edzo, deixando a regi\u00e3o 50 anos atrasada e causando disc\u00f3rdias sociais.&#8221;<\/p>\n<p>No passado, o Senegal alegou que os rebeldes do MFDC recebiam apoio material de aliados de Guin\u00e9-Bissau e da G\u00e2mbia. Contudo, os actuais chefes de Estado de ambos pa\u00edses expressaram apoio ao Senegal, deixando o MFDC com poucos aliados dentro e fora da regi\u00e3o.<\/p>\n<p>Os confrontos j\u00e1 fizeram com que dezenas de milhares de pessoas ficassem deslocadas ao longo dos anos e que desejam regressar. Entretanto, o ex\u00e9rcito senegal\u00eas alertou que as minas terrestres ainda representam uma amea\u00e7a em algumas zonas.<\/p>\n<p>Um homem, Yaya Bodian, ficou muito emocionado depois de regressar para a sua aldeia de Bouniack depois de esta ter sido liberta pelo Ex\u00e9rcito Senegal\u00eas.<\/p>\n<p>&#8220;\u00c9 a aldeia onde eu dei os meus primeiros passos, onde frequentei a escola na d\u00e9cada de 1990,&#8221; disse Bodian \u00e0 RFI. &#8220;Caem-me l\u00e1grimas e fico com calafrios quando vejo mais uma vez a terra que eu e meus pais abandonamos, 30 anos atr\u00e1s\u00a0.&#8221;<\/p>\n<p>\u00ab<em>\u00a0Plusieurs exactions ont \u00e9t\u00e9 perp\u00e9tr\u00e9es contre les populations au niveau de cette zone\u00a0et les bandes arm\u00e9es cherchent simplement \u00e0 s&#8217;assurer l&#8217;exclusivit\u00e9 de l&#8217;exploitation des ressources foresti\u00e8res.<\/em>\u00a0\u00bb<\/p>\n","protected":false},"excerpt":{"rendered":"<p>EQUIPA DA ADF Os residentes da regi\u00e3o inst\u00e1vel de Casaman\u00e7a est\u00e3o esperan\u00e7osos, depois de uma ofensiva militar ter expulsado os rebeldes para fora das fortalezas de florestas. Em Janeiro, as For\u00e7as Armadas Senegalesas lan\u00e7aram uma campanha na regi\u00e3o sul para retirar os separatistas conhecidos como o Movimento das For\u00e7as Democr\u00e1ticas de Casaman\u00e7a (MFDC). Os ataques<\/p>\n","protected":false},"author":1,"featured_media":25216,"comment_status":"open","ping_status":"open","sticky":false,"template":"","format":"standard","meta":{"_acf_changed":false,"_monsterinsights_skip_tracking":false,"_monsterinsights_sitenote_active":false,"_monsterinsights_sitenote_note":"","_monsterinsights_sitenote_category":0,"_uf_show_specific_survey":0,"_uf_disable_surveys":false,"footnotes":""},"categories":[363],"tags":[],"class_list":{"0":"post-25222","1":"post","2":"type-post","3":"status-publish","4":"format-standard","5":"has-post-thumbnail","7":"category-melhores-historias"},"acf":[],"yoast_head":"<!-- This site is optimized with the Yoast SEO plugin v27.4 - https:\/\/yoast.com\/product\/yoast-seo-wordpress\/ -->\n<title>Opera\u00e7\u00e3o Militar de Casaman\u00e7a Traz Promessa de Paz H\u00e1 Muito Esperada - Africa Defense Forum<\/title>\n<meta name=\"robots\" content=\"index, follow, max-snippet:-1, max-image-preview:large, max-video-preview:-1\" \/>\n<link rel=\"canonical\" href=\"https:\/\/adf-magazine.com\/pt-pt\/2021\/06\/operacao-militar-de-casamanca-traz-promessa-de-paz-ha-muito-esperada\/\" \/>\n<meta property=\"og:locale\" content=\"pt_PT\" \/>\n<meta property=\"og:type\" content=\"article\" \/>\n<meta property=\"og:title\" content=\"Opera\u00e7\u00e3o Militar de Casaman\u00e7a Traz Promessa de Paz H\u00e1 Muito Esperada - Africa Defense Forum\" \/>\n<meta property=\"og:description\" content=\"EQUIPA DA ADF Os residentes da regi\u00e3o inst\u00e1vel de Casaman\u00e7a est\u00e3o esperan\u00e7osos, depois de uma ofensiva militar ter expulsado os rebeldes para fora das fortalezas de florestas. Em Janeiro, as For\u00e7as Armadas Senegalesas lan\u00e7aram uma campanha na regi\u00e3o sul para retirar os separatistas conhecidos como o Movimento das For\u00e7as Democr\u00e1ticas de Casaman\u00e7a (MFDC). Os ataques\" \/>\n<meta property=\"og:url\" content=\"https:\/\/adf-magazine.com\/pt-pt\/2021\/06\/operacao-militar-de-casamanca-traz-promessa-de-paz-ha-muito-esperada\/\" \/>\n<meta property=\"og:site_name\" content=\"Africa Defense Forum\" \/>\n<meta property=\"article:publisher\" content=\"https:\/\/www.facebook.com\/ADFmagazine\/\" \/>\n<meta property=\"article:published_time\" content=\"2021-06-23T17:36:09+00:00\" \/>\n<meta property=\"article:modified_time\" content=\"2021-06-23T17:36:57+00:00\" \/>\n<meta property=\"og:image\" content=\"https:\/\/adf-magazine.com\/wp-content\/uploads\/2021\/06\/GettyImages-1231068821.jpg\" \/>\n\t<meta property=\"og:image:width\" content=\"1080\" \/>\n\t<meta property=\"og:image:height\" content=\"720\" \/>\n\t<meta property=\"og:image:type\" content=\"image\/jpeg\" \/>\n<meta name=\"author\" content=\"ADF\" \/>\n<meta name=\"twitter:card\" content=\"summary_large_image\" \/>\n<meta name=\"twitter:creator\" content=\"@ADFmagazine\" \/>\n<meta name=\"twitter:site\" content=\"@ADFmagazine\" \/>\n<meta name=\"twitter:label1\" content=\"Escrito por\" \/>\n\t<meta name=\"twitter:data1\" content=\"ADF\" \/>\n\t<meta name=\"twitter:label2\" content=\"Tempo estimado de leitura\" \/>\n\t<meta name=\"twitter:data2\" content=\"3 minutos\" \/>\n<script type=\"application\/ld+json\" class=\"yoast-schema-graph\">{\"@context\":\"https:\\\/\\\/schema.org\",\"@graph\":[{\"@type\":\"Article\",\"@id\":\"https:\\\/\\\/adf-magazine.com\\\/pt-pt\\\/2021\\\/06\\\/operacao-militar-de-casamanca-traz-promessa-de-paz-ha-muito-esperada\\\/#article\",\"isPartOf\":{\"@id\":\"https:\\\/\\\/adf-magazine.com\\\/pt-pt\\\/2021\\\/06\\\/operacao-militar-de-casamanca-traz-promessa-de-paz-ha-muito-esperada\\\/\"},\"author\":{\"name\":\"ADF\",\"@id\":\"https:\\\/\\\/adf-magazine.com\\\/#\\\/schema\\\/person\\\/f266a6061389568b5a11465bb38bc025\"},\"headline\":\"Opera\u00e7\u00e3o Militar de Casaman\u00e7a Traz Promessa de Paz H\u00e1 Muito Esperada\",\"datePublished\":\"2021-06-23T17:36:09+00:00\",\"dateModified\":\"2021-06-23T17:36:57+00:00\",\"mainEntityOfPage\":{\"@id\":\"https:\\\/\\\/adf-magazine.com\\\/pt-pt\\\/2021\\\/06\\\/operacao-militar-de-casamanca-traz-promessa-de-paz-ha-muito-esperada\\\/\"},\"wordCount\":634,\"commentCount\":0,\"image\":{\"@id\":\"https:\\\/\\\/adf-magazine.com\\\/pt-pt\\\/2021\\\/06\\\/operacao-militar-de-casamanca-traz-promessa-de-paz-ha-muito-esperada\\\/#primaryimage\"},\"thumbnailUrl\":\"https:\\\/\\\/adf-magazine.com\\\/wp-content\\\/uploads\\\/2021\\\/06\\\/GettyImages-1231068821.jpg\",\"articleSection\":[\"Not\u00edcias diaries\"],\"inLanguage\":\"pt-PT\",\"potentialAction\":[{\"@type\":\"CommentAction\",\"name\":\"Comment\",\"target\":[\"https:\\\/\\\/adf-magazine.com\\\/pt-pt\\\/2021\\\/06\\\/operacao-militar-de-casamanca-traz-promessa-de-paz-ha-muito-esperada\\\/#respond\"]}]},{\"@type\":\"WebPage\",\"@id\":\"https:\\\/\\\/adf-magazine.com\\\/pt-pt\\\/2021\\\/06\\\/operacao-militar-de-casamanca-traz-promessa-de-paz-ha-muito-esperada\\\/\",\"url\":\"https:\\\/\\\/adf-magazine.com\\\/pt-pt\\\/2021\\\/06\\\/operacao-militar-de-casamanca-traz-promessa-de-paz-ha-muito-esperada\\\/\",\"name\":\"Opera\u00e7\u00e3o Militar de Casaman\u00e7a Traz Promessa de Paz H\u00e1 Muito Esperada - Africa Defense Forum\",\"isPartOf\":{\"@id\":\"https:\\\/\\\/adf-magazine.com\\\/#website\"},\"primaryImageOfPage\":{\"@id\":\"https:\\\/\\\/adf-magazine.com\\\/pt-pt\\\/2021\\\/06\\\/operacao-militar-de-casamanca-traz-promessa-de-paz-ha-muito-esperada\\\/#primaryimage\"},\"image\":{\"@id\":\"https:\\\/\\\/adf-magazine.com\\\/pt-pt\\\/2021\\\/06\\\/operacao-militar-de-casamanca-traz-promessa-de-paz-ha-muito-esperada\\\/#primaryimage\"},\"thumbnailUrl\":\"https:\\\/\\\/adf-magazine.com\\\/wp-content\\\/uploads\\\/2021\\\/06\\\/GettyImages-1231068821.jpg\",\"datePublished\":\"2021-06-23T17:36:09+00:00\",\"dateModified\":\"2021-06-23T17:36:57+00:00\",\"author\":{\"@id\":\"https:\\\/\\\/adf-magazine.com\\\/#\\\/schema\\\/person\\\/f266a6061389568b5a11465bb38bc025\"},\"breadcrumb\":{\"@id\":\"https:\\\/\\\/adf-magazine.com\\\/pt-pt\\\/2021\\\/06\\\/operacao-militar-de-casamanca-traz-promessa-de-paz-ha-muito-esperada\\\/#breadcrumb\"},\"inLanguage\":\"pt-PT\",\"potentialAction\":[{\"@type\":\"ReadAction\",\"target\":[\"https:\\\/\\\/adf-magazine.com\\\/pt-pt\\\/2021\\\/06\\\/operacao-militar-de-casamanca-traz-promessa-de-paz-ha-muito-esperada\\\/\"]}]},{\"@type\":\"ImageObject\",\"inLanguage\":\"pt-PT\",\"@id\":\"https:\\\/\\\/adf-magazine.com\\\/pt-pt\\\/2021\\\/06\\\/operacao-militar-de-casamanca-traz-promessa-de-paz-ha-muito-esperada\\\/#primaryimage\",\"url\":\"https:\\\/\\\/adf-magazine.com\\\/wp-content\\\/uploads\\\/2021\\\/06\\\/GettyImages-1231068821.jpg\",\"contentUrl\":\"https:\\\/\\\/adf-magazine.com\\\/wp-content\\\/uploads\\\/2021\\\/06\\\/GettyImages-1231068821.jpg\",\"width\":1080,\"height\":720,\"caption\":\"Soldados senegaleses passam pela Floresta de Blaze, em Casaman\u00e7a, durante uma opera\u00e7\u00e3o que visava retirar os rebeldes da regi\u00e3o. AFP\\\/GETTY IMAGES\"},{\"@type\":\"BreadcrumbList\",\"@id\":\"https:\\\/\\\/adf-magazine.com\\\/pt-pt\\\/2021\\\/06\\\/operacao-militar-de-casamanca-traz-promessa-de-paz-ha-muito-esperada\\\/#breadcrumb\",\"itemListElement\":[{\"@type\":\"ListItem\",\"position\":1,\"name\":\"Home\",\"item\":\"https:\\\/\\\/adf-magazine.com\\\/\"},{\"@type\":\"ListItem\",\"position\":2,\"name\":\"Opera\u00e7\u00e3o Militar de Casaman\u00e7a Traz Promessa de Paz H\u00e1 Muito Esperada\"}]},{\"@type\":\"WebSite\",\"@id\":\"https:\\\/\\\/adf-magazine.com\\\/#website\",\"url\":\"https:\\\/\\\/adf-magazine.com\\\/\",\"name\":\"Africa Defense Forum\",\"description\":\"Africa Defense Forum\",\"potentialAction\":[{\"@type\":\"SearchAction\",\"target\":{\"@type\":\"EntryPoint\",\"urlTemplate\":\"https:\\\/\\\/adf-magazine.com\\\/?s={search_term_string}\"},\"query-input\":{\"@type\":\"PropertyValueSpecification\",\"valueRequired\":true,\"valueName\":\"search_term_string\"}}],\"inLanguage\":\"pt-PT\"},{\"@type\":\"Person\",\"@id\":\"https:\\\/\\\/adf-magazine.com\\\/#\\\/schema\\\/person\\\/f266a6061389568b5a11465bb38bc025\",\"name\":\"ADF\",\"image\":{\"@type\":\"ImageObject\",\"inLanguage\":\"pt-PT\",\"@id\":\"https:\\\/\\\/adf-magazine.com\\\/wp-content\\\/uploads\\\/2020\\\/05\\\/cropped-ADF_icon.jpg\",\"url\":\"https:\\\/\\\/adf-magazine.com\\\/wp-content\\\/uploads\\\/2020\\\/05\\\/cropped-ADF_icon.jpg\",\"contentUrl\":\"https:\\\/\\\/adf-magazine.com\\\/wp-content\\\/uploads\\\/2020\\\/05\\\/cropped-ADF_icon.jpg\",\"caption\":\"ADF\"},\"description\":\"ADF is a professional military magazine published quarterly by U.S. Africa Command to provide an international forum for African security professionals. ADF covers topics such as counter terrorism strategies, security and defense operations, transnational crime, and all other issues affecting peace, stability, and good governance on the African continent.\",\"sameAs\":[\"https:\\\/\\\/x.com\\\/ADFmagazine\"],\"url\":\"https:\\\/\\\/adf-magazine.com\\\/pt-pt\\\/author\\\/adf\\\/\"}]}<\/script>\n<!-- \/ Yoast SEO plugin. -->","yoast_head_json":{"title":"Opera\u00e7\u00e3o Militar de Casaman\u00e7a Traz Promessa de Paz H\u00e1 Muito Esperada - Africa Defense Forum","robots":{"index":"index","follow":"follow","max-snippet":"max-snippet:-1","max-image-preview":"max-image-preview:large","max-video-preview":"max-video-preview:-1"},"canonical":"https:\/\/adf-magazine.com\/pt-pt\/2021\/06\/operacao-militar-de-casamanca-traz-promessa-de-paz-ha-muito-esperada\/","og_locale":"pt_PT","og_type":"article","og_title":"Opera\u00e7\u00e3o Militar de Casaman\u00e7a Traz Promessa de Paz H\u00e1 Muito Esperada - Africa Defense Forum","og_description":"EQUIPA DA ADF Os residentes da regi\u00e3o inst\u00e1vel de Casaman\u00e7a est\u00e3o esperan\u00e7osos, depois de uma ofensiva militar ter expulsado os rebeldes para fora das fortalezas de florestas. Em Janeiro, as For\u00e7as Armadas Senegalesas lan\u00e7aram uma campanha na regi\u00e3o sul para retirar os separatistas conhecidos como o Movimento das For\u00e7as Democr\u00e1ticas de Casaman\u00e7a (MFDC). Os ataques","og_url":"https:\/\/adf-magazine.com\/pt-pt\/2021\/06\/operacao-militar-de-casamanca-traz-promessa-de-paz-ha-muito-esperada\/","og_site_name":"Africa Defense Forum","article_publisher":"https:\/\/www.facebook.com\/ADFmagazine\/","article_published_time":"2021-06-23T17:36:09+00:00","article_modified_time":"2021-06-23T17:36:57+00:00","og_image":[{"width":1080,"height":720,"url":"https:\/\/adf-magazine.com\/wp-content\/uploads\/2021\/06\/GettyImages-1231068821.jpg","type":"image\/jpeg"}],"author":"ADF","twitter_card":"summary_large_image","twitter_creator":"@ADFmagazine","twitter_site":"@ADFmagazine","twitter_misc":{"Escrito por":"ADF","Tempo estimado de leitura":"3 minutos"},"schema":{"@context":"https:\/\/schema.org","@graph":[{"@type":"Article","@id":"https:\/\/adf-magazine.com\/pt-pt\/2021\/06\/operacao-militar-de-casamanca-traz-promessa-de-paz-ha-muito-esperada\/#article","isPartOf":{"@id":"https:\/\/adf-magazine.com\/pt-pt\/2021\/06\/operacao-militar-de-casamanca-traz-promessa-de-paz-ha-muito-esperada\/"},"author":{"name":"ADF","@id":"https:\/\/adf-magazine.com\/#\/schema\/person\/f266a6061389568b5a11465bb38bc025"},"headline":"Opera\u00e7\u00e3o Militar de Casaman\u00e7a Traz Promessa de Paz H\u00e1 Muito Esperada","datePublished":"2021-06-23T17:36:09+00:00","dateModified":"2021-06-23T17:36:57+00:00","mainEntityOfPage":{"@id":"https:\/\/adf-magazine.com\/pt-pt\/2021\/06\/operacao-militar-de-casamanca-traz-promessa-de-paz-ha-muito-esperada\/"},"wordCount":634,"commentCount":0,"image":{"@id":"https:\/\/adf-magazine.com\/pt-pt\/2021\/06\/operacao-militar-de-casamanca-traz-promessa-de-paz-ha-muito-esperada\/#primaryimage"},"thumbnailUrl":"https:\/\/adf-magazine.com\/wp-content\/uploads\/2021\/06\/GettyImages-1231068821.jpg","articleSection":["Not\u00edcias diaries"],"inLanguage":"pt-PT","potentialAction":[{"@type":"CommentAction","name":"Comment","target":["https:\/\/adf-magazine.com\/pt-pt\/2021\/06\/operacao-militar-de-casamanca-traz-promessa-de-paz-ha-muito-esperada\/#respond"]}]},{"@type":"WebPage","@id":"https:\/\/adf-magazine.com\/pt-pt\/2021\/06\/operacao-militar-de-casamanca-traz-promessa-de-paz-ha-muito-esperada\/","url":"https:\/\/adf-magazine.com\/pt-pt\/2021\/06\/operacao-militar-de-casamanca-traz-promessa-de-paz-ha-muito-esperada\/","name":"Opera\u00e7\u00e3o Militar de Casaman\u00e7a Traz Promessa de Paz H\u00e1 Muito Esperada - Africa Defense Forum","isPartOf":{"@id":"https:\/\/adf-magazine.com\/#website"},"primaryImageOfPage":{"@id":"https:\/\/adf-magazine.com\/pt-pt\/2021\/06\/operacao-militar-de-casamanca-traz-promessa-de-paz-ha-muito-esperada\/#primaryimage"},"image":{"@id":"https:\/\/adf-magazine.com\/pt-pt\/2021\/06\/operacao-militar-de-casamanca-traz-promessa-de-paz-ha-muito-esperada\/#primaryimage"},"thumbnailUrl":"https:\/\/adf-magazine.com\/wp-content\/uploads\/2021\/06\/GettyImages-1231068821.jpg","datePublished":"2021-06-23T17:36:09+00:00","dateModified":"2021-06-23T17:36:57+00:00","author":{"@id":"https:\/\/adf-magazine.com\/#\/schema\/person\/f266a6061389568b5a11465bb38bc025"},"breadcrumb":{"@id":"https:\/\/adf-magazine.com\/pt-pt\/2021\/06\/operacao-militar-de-casamanca-traz-promessa-de-paz-ha-muito-esperada\/#breadcrumb"},"inLanguage":"pt-PT","potentialAction":[{"@type":"ReadAction","target":["https:\/\/adf-magazine.com\/pt-pt\/2021\/06\/operacao-militar-de-casamanca-traz-promessa-de-paz-ha-muito-esperada\/"]}]},{"@type":"ImageObject","inLanguage":"pt-PT","@id":"https:\/\/adf-magazine.com\/pt-pt\/2021\/06\/operacao-militar-de-casamanca-traz-promessa-de-paz-ha-muito-esperada\/#primaryimage","url":"https:\/\/adf-magazine.com\/wp-content\/uploads\/2021\/06\/GettyImages-1231068821.jpg","contentUrl":"https:\/\/adf-magazine.com\/wp-content\/uploads\/2021\/06\/GettyImages-1231068821.jpg","width":1080,"height":720,"caption":"Soldados senegaleses passam pela Floresta de Blaze, em Casaman\u00e7a, durante uma opera\u00e7\u00e3o que visava retirar os rebeldes da regi\u00e3o. AFP\/GETTY IMAGES"},{"@type":"BreadcrumbList","@id":"https:\/\/adf-magazine.com\/pt-pt\/2021\/06\/operacao-militar-de-casamanca-traz-promessa-de-paz-ha-muito-esperada\/#breadcrumb","itemListElement":[{"@type":"ListItem","position":1,"name":"Home","item":"https:\/\/adf-magazine.com\/"},{"@type":"ListItem","position":2,"name":"Opera\u00e7\u00e3o Militar de Casaman\u00e7a Traz Promessa de Paz H\u00e1 Muito Esperada"}]},{"@type":"WebSite","@id":"https:\/\/adf-magazine.com\/#website","url":"https:\/\/adf-magazine.com\/","name":"Africa Defense Forum","description":"Africa Defense Forum","potentialAction":[{"@type":"SearchAction","target":{"@type":"EntryPoint","urlTemplate":"https:\/\/adf-magazine.com\/?s={search_term_string}"},"query-input":{"@type":"PropertyValueSpecification","valueRequired":true,"valueName":"search_term_string"}}],"inLanguage":"pt-PT"},{"@type":"Person","@id":"https:\/\/adf-magazine.com\/#\/schema\/person\/f266a6061389568b5a11465bb38bc025","name":"ADF","image":{"@type":"ImageObject","inLanguage":"pt-PT","@id":"https:\/\/adf-magazine.com\/wp-content\/uploads\/2020\/05\/cropped-ADF_icon.jpg","url":"https:\/\/adf-magazine.com\/wp-content\/uploads\/2020\/05\/cropped-ADF_icon.jpg","contentUrl":"https:\/\/adf-magazine.com\/wp-content\/uploads\/2020\/05\/cropped-ADF_icon.jpg","caption":"ADF"},"description":"ADF is a professional military magazine published quarterly by U.S. Africa Command to provide an international forum for African security professionals. ADF covers topics such as counter terrorism strategies, security and defense operations, transnational crime, and all other issues affecting peace, stability, and good governance on the African continent.","sameAs":["https:\/\/x.com\/ADFmagazine"],"url":"https:\/\/adf-magazine.com\/pt-pt\/author\/adf\/"}]}},"_links":{"self":[{"href":"https:\/\/adf-magazine.com\/pt-pt\/wp-json\/wp\/v2\/posts\/25222","targetHints":{"allow":["GET"]}}],"collection":[{"href":"https:\/\/adf-magazine.com\/pt-pt\/wp-json\/wp\/v2\/posts"}],"about":[{"href":"https:\/\/adf-magazine.com\/pt-pt\/wp-json\/wp\/v2\/types\/post"}],"author":[{"embeddable":true,"href":"https:\/\/adf-magazine.com\/pt-pt\/wp-json\/wp\/v2\/users\/1"}],"replies":[{"embeddable":true,"href":"https:\/\/adf-magazine.com\/pt-pt\/wp-json\/wp\/v2\/comments?post=25222"}],"version-history":[{"count":0,"href":"https:\/\/adf-magazine.com\/pt-pt\/wp-json\/wp\/v2\/posts\/25222\/revisions"}],"wp:featuredmedia":[{"embeddable":true,"href":"https:\/\/adf-magazine.com\/pt-pt\/wp-json\/wp\/v2\/media\/25216"}],"wp:attachment":[{"href":"https:\/\/adf-magazine.com\/pt-pt\/wp-json\/wp\/v2\/media?parent=25222"}],"wp:term":[{"taxonomy":"category","embeddable":true,"href":"https:\/\/adf-magazine.com\/pt-pt\/wp-json\/wp\/v2\/categories?post=25222"},{"taxonomy":"post_tag","embeddable":true,"href":"https:\/\/adf-magazine.com\/pt-pt\/wp-json\/wp\/v2\/tags?post=25222"}],"curies":[{"name":"wp","href":"https:\/\/api.w.org\/{rel}","templated":true}]}}