{"id":20333,"date":"2020-12-28T09:21:50","date_gmt":"2020-12-28T14:21:50","guid":{"rendered":"https:\/\/adf-magazine.com\/?p=20333"},"modified":"2021-02-16T12:08:35","modified_gmt":"2021-02-16T17:08:35","slug":"preparando-se-para-a-seguranca-do-amanha","status":"publish","type":"post","link":"https:\/\/adf-magazine.com\/pt-pt\/2020\/12\/preparando-se-para-a-seguranca-do-amanha\/","title":{"rendered":"Preparando-se para a Seguran\u00e7a do Amanh\u00e3"},"content":{"rendered":"<p>EQUIPA DA <i>ADF<\/i><\/p>\n<p>Vinte anos atr\u00e1s, poucos tinham ouvido falar sobre guerra cibern\u00e9tica. O extremismo religioso n\u00e3o era considerado uma amea\u00e7a para muitos pa\u00edses. Pensava-se que a pirataria j\u00e1 tinha sido erradicada h\u00e1 um s\u00e9culo.<span class=\"Apple-converted-space\">\u00a0<\/span><\/p>\n<p>As coisas podem mudar rapidamente.<span class=\"Apple-converted-space\">\u00a0<\/span><\/p>\n<p>Quando os chefes das for\u00e7as terrestres de toda a \u00c1frica se reuniram em Adis Abeba, Eti\u00f3pia, no m\u00eas de Fevereiro de 2020, estavam a perspectivar o futuro. A Cimeira das For\u00e7as Terrestres Africanas (ALFS, sigla em ingl\u00eas), um evento de quatro dias, financiado pelo Ex\u00e9rcito Africano dos Estados Unidos (USARAF) e co-organizado pelas For\u00e7as de Defesa Nacional da Eti\u00f3pia (ENDF), foi uma oportunidade para perspectivar o horizonte e come\u00e7ar a preparar para enfrentar amea\u00e7as que ser\u00e3o mais prevalecentes daqui a alguns anos.<span class=\"Apple-converted-space\">\u00a0<\/span><\/p>\n<p>\u201c\u00c9 sempre mais f\u00e1cil prevenir do que remediar,\u201d disse o Gen. Birame Diop, Chefe do Estado-Maior da Defesa do Senegal, aos l\u00edderes presentes.<span class=\"Apple-converted-space\">\u00a0<\/span><\/p>\n<p>A antecipa\u00e7\u00e3o estava na agenda. O tema da ALFS 2020 foi \u201cA seguran\u00e7a do amanh\u00e3 exige lideran\u00e7a hoje.\u201d Os t\u00f3picos inclu\u00edam preparar-se para calamidades naturais, estudos de caso em miss\u00f5es multinacionais de manuten\u00e7\u00e3o da paz e moderniza\u00e7\u00e3o do ensino militar para satisfazer as exig\u00eancias do S\u00e9culo XXI. Diariamente havia sess\u00f5es em que os participantes se dividiam em grupos menores para estarem em salas privadas, sob a modera\u00e7\u00e3o de especialistas no assunto. L\u00e1, os l\u00edderes de defesa tiveram a oportunidade de falar livremente e criar relacionamentos com as suas contrapartes de outras partes do continente.<span class=\"Apple-converted-space\">\u00a0<\/span><\/p>\n<figure id=\"attachment_19783\" aria-describedby=\"caption-attachment-19783\" style=\"width: 1080px\" class=\"wp-caption aligncenter\"><a href=\"https:\/\/adf-magazine.com\/wp-content\/uploads\/2020\/12\/49722577103_6a18ca5bfb_o.jpg\"><img fetchpriority=\"high\" decoding=\"async\" class=\"size-full wp-image-19783\" src=\"https:\/\/adf-magazine.com\/wp-content\/uploads\/2020\/12\/49722577103_6a18ca5bfb_o.jpg\" alt=\"\" width=\"1080\" height=\"720\" srcset=\"https:\/\/adf-magazine.com\/wp-content\/uploads\/2020\/12\/49722577103_6a18ca5bfb_o.jpg 1080w, https:\/\/adf-magazine.com\/wp-content\/uploads\/2020\/12\/49722577103_6a18ca5bfb_o-300x200.jpg 300w, https:\/\/adf-magazine.com\/wp-content\/uploads\/2020\/12\/49722577103_6a18ca5bfb_o-1024x683.jpg 1024w, https:\/\/adf-magazine.com\/wp-content\/uploads\/2020\/12\/49722577103_6a18ca5bfb_o-768x512.jpg 768w, https:\/\/adf-magazine.com\/wp-content\/uploads\/2020\/12\/49722577103_6a18ca5bfb_o-272x182.jpg 272w\" sizes=\"(max-width: 1080px) 100vw, 1080px\" \/><\/a><figcaption id=\"caption-attachment-19783\" class=\"wp-caption-text\">Participantes sa\u00fadam-se durante a Cimeira das For\u00e7as Terrestres Africanas, em Adis Abeba, Eti\u00f3pia, em Fevereiro de 2020. USARAF<\/figcaption><\/figure>\n<p>\u201cIsso cria um ambiente favor\u00e1vel para que os chefes de seguran\u00e7a africanos se conhe\u00e7am uns aos outros,\u201d disse o Tenente-General Molla Hailemariam, comandante das for\u00e7as terrestres das ENDF e co-organizador do evento. \u201c\u00c9 uma oportunidade de construir relacionamentos e continu\u00e1-los.\u201d<\/p>\n<p>A 8\u00aa ALFS contou com a presen\u00e7a de 42 chefes das for\u00e7as terrestres africanas, oito aliados e parceiros globais da Europa e de outras partes do mundo, e ainda 12 parceiros de Estado vindos dos Estados Unidos da Am\u00e9rica.<\/p>\n<p>Molla disse que est\u00e1 confiante de que as alian\u00e7as feitas durante o evento ser\u00e3o duradoiras. \u201cFoi uma boa oportunidade para vermos como podemos complementar aquilo que os outros pa\u00edses est\u00e3o a fazer,\u201d afirmou. \u201cEstamos a interagir a n\u00edvel de um-por-um mas tamb\u00e9m regionalmente. \u00c9 muito crucial.\u201d<\/p>\n<p>O destaque da semana foi para o f\u00f3rum de L\u00edder Veterano Alistado do Comando, que decorreu na mesma altura. O Comandante do USARAF, Brigadeiro Charles W. Gregory Jr. disse que edificar um corpo capacitado de oficiais n\u00e3o comprometidos (NCO) em \u00c1frica ser\u00e1 de vital import\u00e2ncia para melhorar o treino e o uso da tecnologia nos ex\u00e9rcitos nacionais.<span class=\"Apple-converted-space\">\u00a0<\/span><\/p>\n<p>Ele disse aos participantes que \u201ctodo comandante tem um sargento\u201d, e um sargento capacitado pode ajudar o comandante a identificar os \u201c\u00e2ngulos mortos\u201d na estrutura das for\u00e7as e preparar-se para futuros desafios.<\/p>\n<p>\u201cSe estiver sempre preparado para aquilo que espera, e ore para que nunca aconte\u00e7a, quando esse dia mau chegar voc\u00ea estar\u00e1 preparado,\u201d aconselhou Gregory.<span class=\"Apple-converted-space\">\u00a0<\/span><\/p>\n<figure id=\"attachment_19779\" aria-describedby=\"caption-attachment-19779\" style=\"width: 1080px\" class=\"wp-caption aligncenter\"><a href=\"https:\/\/adf-magazine.com\/wp-content\/uploads\/2020\/12\/49561955747_4080c37355_o.jpg\"><img decoding=\"async\" class=\"size-full wp-image-19779\" src=\"https:\/\/adf-magazine.com\/wp-content\/uploads\/2020\/12\/49561955747_4080c37355_o.jpg\" alt=\"\" width=\"1080\" height=\"720\" srcset=\"https:\/\/adf-magazine.com\/wp-content\/uploads\/2020\/12\/49561955747_4080c37355_o.jpg 1080w, https:\/\/adf-magazine.com\/wp-content\/uploads\/2020\/12\/49561955747_4080c37355_o-300x200.jpg 300w, https:\/\/adf-magazine.com\/wp-content\/uploads\/2020\/12\/49561955747_4080c37355_o-1024x683.jpg 1024w, https:\/\/adf-magazine.com\/wp-content\/uploads\/2020\/12\/49561955747_4080c37355_o-768x512.jpg 768w, https:\/\/adf-magazine.com\/wp-content\/uploads\/2020\/12\/49561955747_4080c37355_o-272x182.jpg 272w\" sizes=\"(max-width: 1080px) 100vw, 1080px\" \/><\/a><figcaption id=\"caption-attachment-19779\" class=\"wp-caption-text\">Major-General Lapthe Chau Flora, do ex\u00e9rcito americano, segundo comandante do Ex\u00e9rcito Africano dos Estados Unidos, sa\u00fada os delegados da ALFS 2020. USARAF<\/figcaption><\/figure>\n<p>Os EUA investiram na ajuda a ex\u00e9rcitos africanos para treinar as pr\u00f3ximas gera\u00e7\u00f5es de NCOs atrav\u00e9s da sua Estrat\u00e9gia de Desenvolvimento dos Alistados de \u00c1frica, que opera para normalizar o treino de NCO em pa\u00edses como o Qu\u00e9nia, Marrocos, Mo\u00e7ambique e Senegal. O General Stephen Townsend, comandante do Comando Africano dos Estados Unidos, chama um corpo profissional de NCO \u201ca espinha dorsal\u201d de uma for\u00e7a eficaz.<\/p>\n<p>O evento recebeu a sua primeira participante do sexo feminino, subtenente j\u00fanior Menbere Akele Kibert, da Eti\u00f3pia. Ela disse aos participantes que as mulheres est\u00e3o a fazer progresso no ex\u00e9rcito et\u00edope, em particular, no dom\u00ednio cibern\u00e9tico, mas ela gostaria de ver mais.<span class=\"Apple-converted-space\">\u00a0<\/span><\/p>\n<p>\u201cNas For\u00e7as A\u00e9reas Et\u00edopes, temos muitas t\u00e9cnicas, engenheiras e especialistas. Mas n\u00e3o \u00e9 suficiente; \u00e9 muito pequeno em termos de n\u00famero\u201d, lamentou ela. \u201cEnt\u00e3o, como melhorar e incluir mais participa\u00e7\u00e3o da mulher e as capacitar em todos os aspectos da vida militar? Especialmente em cargos profissionais ou de lideran\u00e7a.\u201d<\/p>\n<p>Em jeito de considera\u00e7\u00f5es finais, Townsend destacou a import\u00e2ncia do tempo do evento. Ele destacou igualmente a eminente transfer\u00eancia de responsabilidades de seguran\u00e7a na Som\u00e1lia, da Miss\u00e3o da Uni\u00e3o Africana na Som\u00e1lia para as For\u00e7as Armadas Nacionais da Som\u00e1lia, em 2021. Falou sobre a complicada guerra civil da L\u00edbia e referenciou a amea\u00e7a de terror que assola o Sahel. Os que lidar\u00e3o com esta e outras amea\u00e7as \u00e0 seguran\u00e7a, disse Townsend, \u201cest\u00e3o sentados aqui nesta sala.\u201d<\/p>\n<p>\u201cEstamos num ponto decisivo colectivo em rela\u00e7\u00e3o ao futuro da seguran\u00e7a de \u00c1frica,\u201d disse, acrescentando que \u201co futuro que todos desejamos ver, uma \u00c1frica mais segura, est\u00e1vel e pr\u00f3spera, est\u00e1 centrado na lideran\u00e7a africana e nos ex\u00e9rcitos africanos que garantem a seguran\u00e7a regional.\u201d<\/p>\n<hr \/>\n<h3>Pontos de vista da Cimeira<\/h3>\n<p><strong>Durante a ALFS 2020, os comandantes falaram com a <i>ADF<\/i> e compartilharam as suas ideias sobre as quest\u00f5es de seguran\u00e7a mais prementes nos seus pa\u00edses de origem, tendo destacado as li\u00e7\u00f5es que aprenderam na confer\u00eancia. Abaixo se encontram os pontos de vista de quatros l\u00edderes do sector da seguran\u00e7a do continente.<\/strong><\/p>\n<p>Textos e Fotos da EQUIPA DA <i>ADF<\/i><\/p>\n<h5 id=\"em_exercito\">Um Ex\u00e9rcito\u00a0em Ascens\u00e3o<\/h5>\n<figure id=\"attachment_20031\" aria-describedby=\"caption-attachment-20031\" style=\"width: 150px\" class=\"wp-caption alignleft\"><a href=\"https:\/\/adf-magazine.com\/wp-content\/uploads\/2020\/12\/Service1_CMYK.jpg\"><img decoding=\"async\" class=\"wp-image-20031 size-thumbnail\" src=\"https:\/\/adf-magazine.com\/wp-content\/uploads\/2020\/12\/Service1_CMYK-150x150.jpg\" alt=\"\" width=\"150\" height=\"150\" \/><\/a><figcaption id=\"caption-attachment-20031\" class=\"wp-caption-text\">Brigadeiro-General Alfred Service, l\u00edder do Grupo Especial para a Protec\u00e7\u00e3o da Rep\u00fablica Centro-Africana<\/figcaption><\/figure>\n<p>A\u00a0Rep\u00fablica Centro-Africana (RCA) est\u00e1 a reconstruir as suas For\u00e7as Armadas a partir do zero. Depois de uma crise nacional, entre 2013 e 2014, muitas unidades das For\u00e7as Armadas Centro-Africanas dissolveram-se, e o pa\u00eds come\u00e7ou uma campanha nacional para recrutar, treinar e profissionalizar as For\u00e7as Armadas.<span class=\"Apple-converted-space\">\u00a0<\/span><\/p>\n<p>Ainda em 2018, a maior parte do pa\u00eds estava sem ordem e era controlada por rebeldes e outros actores diferentes do Estado. Um Plano Nacional de Defesa assinado pelo presidente da RCA destaca os passos para criar uma tropa de guarni\u00e7\u00e3o de 9.900 pessoas posicionadas em quatro zonas at\u00e9 2022. Cerca da metade dos soldados ficar\u00e1 posicionada fora da capital, Bangui, muitos deles em zonas controladas por rebeldes.<span class=\"Apple-converted-space\">\u00a0<\/span><\/p>\n<p>O Brigadeiro-General Alfred Service, l\u00edder do Grupo Especial da RCA para a Protec\u00e7\u00e3o da Rep\u00fablica, disse haver muito trabalho a ser feito, mas ele \u00e9 optimista. \u201cTemos muitos desafios por vencer: o desenvolvimento, uma situa\u00e7\u00e3o desafiadora de seguran\u00e7a na maior parte do pa\u00eds, grupos armados que ocupam zonas de min\u00e9rios e n\u00e3o respeitam a lei, bandidos que devem ser trazidos para a justi\u00e7a.\u201d<\/p>\n<p>Service disse que usou o seu tempo na ALFS para compartilhar experi\u00eancias com colegas oficiais sobre aspectos espec\u00edficos do trabalho em parceria com uma miss\u00e3o multinacional. A RCA \u00e9 a base de uma miss\u00e3o das Na\u00e7\u00f5es Unidas composta por 13.000 pessoas.<span class=\"Apple-converted-space\">\u00a0<\/span><\/p>\n<p>\u201cFalamos sobre o aspecto multidimensional desta coisa: assuntos de natureza pol\u00edtica, assuntos de natureza civil, protec\u00e7\u00e3o de civis. Existe tamb\u00e9m o processo de tomada de decis\u00f5es em miss\u00f5es multinacionais,\u201d disse Service. \u201cUm certo n\u00famero de coisas a saber de modo a caminharmos juntos na mesma direc\u00e7\u00e3o.\u201d<\/p>\n<p>Tal como disse nos princ\u00edpios de 2020, Service olha para as elei\u00e7\u00f5es nacionais da RCA, previstas para Dezembro, como um marco para o pa\u00eds. \u201cA reconstru\u00e7\u00e3o do pa\u00eds necessita da democracia,\u201d recomendou. \u201cTivemos as elei\u00e7\u00f5es de 2015 sob a supervis\u00e3o da ONU. Agora devemos continuar com elei\u00e7\u00f5es porque para termos autoridades leg\u00edtimas, devemos evitar a troca de poder atrav\u00e9s do uso da for\u00e7a. S\u00e3o as elei\u00e7\u00f5es que devem ser valorizadas pelo povo para dar um mandato aos l\u00edderes.\u201d<\/p>\n<p>O caminho tem sido sinuoso, mas Service disse estar esperan\u00e7oso em rela\u00e7\u00e3o ao futuro do pa\u00eds. \u201cExistem desafios que permanecem, mas estamos a avan\u00e7ar na direc\u00e7\u00e3o certa porque estamos nesta direc\u00e7\u00e3o juntos.\u201d<\/p>\n<hr \/>\n<h5 id=\"uma_experiencia\">Uma Experi\u00eancia de Manuten\u00e7\u00e3o de Paz Conquistada com Muita Dificuldade<\/h5>\n<figure id=\"attachment_20322\" aria-describedby=\"caption-attachment-20322\" style=\"width: 150px\" class=\"wp-caption alignleft\"><a href=\"https:\/\/adf-magazine.com\/wp-content\/uploads\/2020\/12\/Mulenga-2-1.jpg\"><img loading=\"lazy\" decoding=\"async\" class=\"wp-image-20322 size-thumbnail\" src=\"https:\/\/adf-magazine.com\/wp-content\/uploads\/2020\/12\/Mulenga-2-1-150x150.jpg\" alt=\"\" width=\"150\" height=\"150\" \/><\/a><figcaption id=\"caption-attachment-20322\" class=\"wp-caption-text\">Brigadeiro-General Gilbert Mulenga, chefe de opera\u00e7\u00f5es do ex\u00e9rcito zambiano<\/figcaption><\/figure>\n<p>O<span class=\"Apple-converted-space\">\u00a0<\/span>Brigadeiro-General Gilbert Mulenga, chefe de opera\u00e7\u00f5es do ex\u00e9rcito da Z\u00e2mbia, j\u00e1 viu os altos e baixos da manuten\u00e7\u00e3o da paz. Ele serviu em miss\u00f5es em Angola, Rep\u00fablica Democr\u00e1tica do Congo e Serra Leoa e comandou o batalh\u00e3o da Z\u00e2mbia (ZAMBATT) na Rep\u00fablica Centro-Africana (RCA).<span class=\"Apple-converted-space\">\u00a0<\/span><\/p>\n<p>Recorda o desespero que sentiu no ano 2000, quando mais de 200 elementos zambianos da for\u00e7a de manuten\u00e7\u00e3o da paz foram mantidos ref\u00e9ns na Serra Leoa. Mas tamb\u00e9m partilhou do triunfo de 2018, quando as Na\u00e7\u00f5es Unidas classificaram os zambianos como o contingente com maior desempenho na miss\u00e3o da RCA.<\/p>\n<p>Ele lembrou que o seu pa\u00eds traz uma hist\u00f3ria rica para o treino de manuten\u00e7\u00e3o da paz. \u201cOs nossos treinos s\u00e3o baseados no cen\u00e1rio; o que quer que esteja a acontecer na RCA, n\u00f3s trazemos esse cen\u00e1rio para as tropas e observamos como eles reagem,\u201d explicou.<span class=\"Apple-converted-space\">\u00a0<\/span><\/p>\n<p>\u201cAqueles que j\u00e1 estiveram no terreno, voc\u00eas os orientam. Sempre que virem uma lacuna, fechem-na atrav\u00e9s da orienta\u00e7\u00e3o, a qual vem da experi\u00eancia.\u201d<\/p>\n<p>O mais recente destacamento de tropas, conhecido como ZAMBATT 5, \u00e9 o quinto contingente zambiano a servir na RCA. Mulenga disse que, quando come\u00e7aram os treinos, h\u00e1 cinco anos, eram 100% dirigidos por formadores dos EUA e outras for\u00e7as estrangeiras. Agora s\u00e3o dirigidos por zambianos, com formadores dos EUA a servirem essencialmente como observadores.<span class=\"Apple-converted-space\">\u00a0<\/span><\/p>\n<p>\u201cAgora n\u00f3s fornecemos o grosso dos instrutores; a maior parte deles possuem experi\u00eancia dessas miss\u00f5es, em particular, na RCA. Por isso, eles tamb\u00e9m partilham experi\u00eancias com os soldados,\u201d disse Mulenga.<span class=\"Apple-converted-space\">\u00a0<\/span><\/p>\n<p>A miss\u00e3o na RCA n\u00e3o \u00e9 tranquila. Mulenga disse que os seus homens enfrentaram rebeldes que disparavam foguetes de morteiros de 107 mm montados sobre Land Cruisers. Preparar-se para a realidade requer uma mudan\u00e7a no treino.<span class=\"Apple-converted-space\">\u00a0<\/span><\/p>\n<p>\u201cOs soldados novatos, que v\u00e3o para as miss\u00f5es, devem ser preparados psicol\u00f3gica, mental e fisicamente,\u201d frisou. \u201cNa verdade, n\u00e3o \u00e9 um ambiente onde haja paz para manter, mas uma paz para fazer cumprir.\u201d<\/p>\n<p>Durante o seu tempo na ALFS, Mulenga falou com os seus colegas comandantes sobre a necessidade de adaptar-se \u00e0 guerra assim\u00e9trica, a necessidade de ter consci\u00eancia situacional ao entrar no ambiente operacional e, acima de tudo, a import\u00e2ncia de se compreender as atribui\u00e7\u00f5es da miss\u00e3o. \u201cSe n\u00e3o compreender as suas atribui\u00e7\u00f5es poder\u00e1 estar a operar \u00e0 margem delas,\u201d disse. \u201cAs atribui\u00e7\u00f5es da ONU devem ser protegidas a todo o custo.\u201d<\/p>\n<hr \/>\n<h5 id=\"a_saude_nas\">A Sa\u00fade nas Linhas<span class=\"Apple-converted-space\">\u00a0<\/span>da Frente<\/h5>\n<figure id=\"attachment_19955\" aria-describedby=\"caption-attachment-19955\" style=\"width: 150px\" class=\"wp-caption alignleft\"><a href=\"https:\/\/adf-magazine.com\/wp-content\/uploads\/2020\/12\/Mequantie-2.jpg\"><img loading=\"lazy\" decoding=\"async\" class=\"wp-image-19955 size-thumbnail\" src=\"https:\/\/adf-magazine.com\/wp-content\/uploads\/2020\/12\/Mequantie-2-150x150.jpg\" alt=\"\" width=\"150\" height=\"150\" \/><\/a><figcaption id=\"caption-attachment-19955\" class=\"wp-caption-text\">Brigadeiro-General Tensay Yilma Mequantie, comandante interino da \u00e1rea da sa\u00fade da For\u00e7a de Defesa Nacional da Eti\u00f3pia<\/figcaption><\/figure>\n<p>A\u00a0prepara\u00e7\u00e3o para a pandemia foi um assunto de destaque durante os primeiros meses de 2020 enquanto a COVID-19 se alastrava pelo mundo.<span class=\"Apple-converted-space\">\u00a0<\/span><\/p>\n<p>Para o Brigadeiro General Tensai Yilma Mequantie, comandante interino da \u00e1rea da sa\u00fade da For\u00e7a de Defesa Nacional da Eti\u00f3pia (ENDF), esta \u00e9 uma preocupa\u00e7\u00e3o cont\u00ednua.<span class=\"Apple-converted-space\">\u00a0<\/span><\/p>\n<p><span class=\"Apple-converted-space\">\u00a0<\/span>\u201cO ex\u00e9rcito est\u00e1 muito exposto em compara\u00e7\u00e3o com outros sectores,\u201d destacou. \u201cOs soldados est\u00e3o na linha da frente, movimentam-se para aqui e para l\u00e1. T\u00eam comunica\u00e7\u00e3o com grande parte da sociedade e est\u00e3o directamente expostos a pandemias.\u201d<span class=\"Apple-converted-space\">\u00a0<\/span><\/p>\n<p>Antes do primeiro caso de COVID-19 ter sido declarado na Eti\u00f3pia, a ENDF criou um comit\u00e9 para desenvolver um plano de preven\u00e7\u00e3o e coordenar com o Minist\u00e9rio da Sa\u00fade. A ENDF tamb\u00e9m contou com o conhecimento trazido da experi\u00eancia de 26 soldados et\u00edopes que foram destacados para Lib\u00e9ria durante o surto do \u00c9bola de 2014 para dar apoio m\u00e9dico.<span class=\"Apple-converted-space\">\u00a0<\/span><\/p>\n<p>\u201cComo ex\u00e9rcito, estamos a trabalhar com um conhecimento comum, conhecendo a fonte da doen\u00e7a, a transmiss\u00e3o da doen\u00e7a e como estamos a control\u00e1-la,\u201d disse Tensay. \u201cEste conhecimento deve ser transferido para o ex\u00e9rcito, ensinando, por meio de demonstra\u00e7\u00f5es.\u201d<\/p>\n<p>A ENDF, tal como muitas for\u00e7as de seguran\u00e7a em \u00c1frica, \u00e9 vulner\u00e1vel a doen\u00e7as como HIV\/SIDA, mal\u00e1ria e c\u00f3lera. Tensay disse que a ENDF registou sucesso not\u00e1vel contra o alastramento da mal\u00e1ria. Ele apontou para o sistema de aviso antecipado da doen\u00e7a e os \u201cgrupos eficazes de vigil\u00e2ncia\u201d no ex\u00e9rcito, que fazem a monitoria de surtos e d\u00e3o treinamento sobre as melhores pr\u00e1ticas.<span class=\"Apple-converted-space\">\u00a0<\/span><\/p>\n<p>\u201cA mal\u00e1ria \u00e9 uma doen\u00e7a end\u00e9mica no nosso pa\u00eds,\u201d disse a <i>ADF<\/i>. \u201cNo passado, muitas pessoas morreram por causa da mal\u00e1ria, mas hoje n\u00e3o. Temos muito equipamento de protec\u00e7\u00e3o, incluindo, um creme repelente utilizado para a protec\u00e7\u00e3o, redes mosquiteiras, tratamos de forma adequada os nossos uniformes [para repelir mosquitos].\u201d<\/p>\n<p>Tensay disse que a ALFS \u00e9 uma oportunidade para o pessoal m\u00e9dico do ex\u00e9rcito et\u00edope fazer o uso das parcerias feitas durante o Justified Accord em 2019, um exerc\u00edcio do Ex\u00e9rcito Africano dos Estados Unidos, na Eti\u00f3pia. Durante o exerc\u00edcio militar, m\u00e9dicos do 212\u00b0 Hospital de Campanha do ex\u00e9rcito americano, a 30\u00aa Brigada M\u00e9dica, formaram o pessoal do Hospital das For\u00e7as Armadas, em Adis Abeba. Tensay disse que a parceria entre os dois pa\u00edses foi fortalecida desde aquela altura e agora inclui forma\u00e7\u00e3o sobre tratamento das v\u00edtimas de combate.<span class=\"Apple-converted-space\">\u00a0<\/span><\/p>\n<p>\u201cEsta \u00e9 uma oportunidade de nos reunirmos para que, no futuro, durante qualquer tempo de guerra ou qualquer tempo dif\u00edcil, tenhamos um conhecimento comum,\u201d disse Tensay. \u201cPreparamo-nos juntos.\u201d<\/p>\n<hr \/>\n<h5 id=\"preparando\">Preparando-se<span class=\"Apple-converted-space\">\u00a0<\/span>para o Pior<\/h5>\n<figure id=\"attachment_20027\" aria-describedby=\"caption-attachment-20027\" style=\"width: 150px\" class=\"wp-caption alignleft\"><a href=\"https:\/\/adf-magazine.com\/wp-content\/uploads\/2020\/12\/Servansing-2.jpg\"><img loading=\"lazy\" decoding=\"async\" class=\"wp-image-20027 size-thumbnail\" src=\"https:\/\/adf-magazine.com\/wp-content\/uploads\/2020\/12\/Servansing-2-150x150.jpg\" alt=\"\" width=\"150\" height=\"150\" \/><\/a><figcaption id=\"caption-attachment-20027\" class=\"wp-caption-text\">Khemraj Servansing, comiss\u00e1rio-adjunto da pol\u00edcia das Ilhas Maur\u00edcias e oficial respons\u00e1vel do Centro de Gest\u00e3o e Redu\u00e7\u00e3o do Risco de Desastres da Na\u00e7\u00e3o<\/figcaption><\/figure>\n<p>Para as Ilhas Maur\u00edcias, a seguran\u00e7a come\u00e7a com a prepara\u00e7\u00e3o para os desastres. A pequena na\u00e7\u00e3o insular do Oceano \u00cdndico est\u00e1 exposta a ciclones, tsunamis e inunda\u00e7\u00f5es.<span class=\"Apple-converted-space\">\u00a0<\/span><\/p>\n<p>Mas se o pa\u00eds tem desvantagens geogr\u00e1ficas, Khemraj Servansing, comiss\u00e1rio-adjunto da pol\u00edcia das Ilhas Maur\u00edcias, acredita que a prepara\u00e7\u00e3o oferece ao pa\u00eds uma vantagem. \u201cEstamos expostos a calamidades naturais. \u00c9 a natureza, e n\u00e3o se pode mudar,\u201d disse. \u201cO nosso governo investiu massivamente em quest\u00f5es relacionadas com a redu\u00e7\u00e3o de riscos de desastres naturais.\u201d<\/p>\n<p>Servansing lidera o Centro de Gest\u00e3o e Redu\u00e7\u00e3o do Risco de Desastres das Ilhas Maur\u00edcias, que foi criado em 2015. Quando uma amea\u00e7a, como um ciclone, \u00e9 detectada, o pa\u00eds activa um Centro Nacional de Opera\u00e7\u00f5es de Emerg\u00eancia com v\u00e1rias ag\u00eancias. O Comit\u00e9 Nacional de Crises coordena com os centros de gest\u00e3o de emerg\u00eancia locais em cada um dos 12 munic\u00edpios do pa\u00eds. O processo deve ser perfeito. Em caso de um tsunami, eles ter\u00e3o menos de seis horas para tirar os cidad\u00e3os para zonas seguras.<\/p>\n<p>\u201cO foco agora n\u00e3o est\u00e1 apenas na resposta,\u201d disse Servensing. \u201cN\u00e3o esperamos que o desastre aconte\u00e7a. Mas temos de ser proactivos.\u201d<\/p>\n<p>As Ilhas Maur\u00edcias tamb\u00e9m criaram um mapa de risco de inunda\u00e7\u00f5es e investiram 2% do seu produto interno bruto anual em medidas de resili\u00eancia. A prepara\u00e7\u00e3o \u00e9 cara e requer muito tempo, mas Servansing acredita que vale a pena.<\/p>\n<p><span class=\"Apple-converted-space\">\u00a0<\/span>H\u00e1 quatro anos, a infra-estrutura de resposta do pa\u00eds chegou a fazer com que fosse a 13\u00aa na\u00e7\u00e3o mais vulner\u00e1vel a desastres do mundo, de acordo com o World Risk Report. At\u00e9 2019, esse n\u00famero tinha baixado para a 47\u00aa posi\u00e7\u00e3o.<span class=\"Apple-converted-space\">\u00a0<\/span><\/p>\n<p>\u201cReduz-se o risco porque, se houver um evento grande, as perdas econ\u00f3micas que o pa\u00eds incorrer\u00e1 ser\u00e3o muitas, muito mais do que aquilo que iremos investir na redu\u00e7\u00e3o de risco de cat\u00e1strofes,\u201d disse Servansing.<span class=\"Apple-converted-space\">\u00a0<\/span><\/p>\n<p>Na ALFS, Servansing estava mais interessado em ouvir de pa\u00edses e especialistas com experi\u00eancia em calamidades naturais em grande escala. Todos os pa\u00edses, disse ele, devem ter um plano para coordenar a ajuda que ir\u00e3o receber, para supervisionar as ac\u00e7\u00f5es de organiza\u00e7\u00f5es n\u00e3o-governamentais e permitir que os bens de ajuda humanit\u00e1ria sejam desalfandegados e entrem no pa\u00eds.<span class=\"Apple-converted-space\">\u00a0<\/span><\/p>\n<p>\u201cOrganizar a recep\u00e7\u00e3o para todas estas organiza\u00e7\u00f5es entrarem no seu pa\u00eds n\u00e3o \u00e9 tarefa f\u00e1cil. \u00c9 muito complicado,\u201d comentou. \u201c\u00c9 o pa\u00eds anfitri\u00e3o que tem de apropriar-se disso. \u00c9 necess\u00e1rio que voc\u00ea dirija a opera\u00e7\u00e3o, n\u00e3o eles. Ent\u00e3o, temos de ter um plano.\u201d<\/p>\n","protected":false},"excerpt":{"rendered":"<p>EQUIPA DA ADF Vinte anos atr\u00e1s, poucos tinham ouvido falar sobre guerra cibern\u00e9tica. O extremismo religioso n\u00e3o era considerado uma amea\u00e7a para muitos pa\u00edses. Pensava-se que a pirataria j\u00e1 tinha sido erradicada h\u00e1 um s\u00e9culo.\u00a0 As coisas podem mudar rapidamente.\u00a0 Quando os chefes das for\u00e7as terrestres de toda a \u00c1frica se reuniram em Adis Abeba,<\/p>\n","protected":false},"author":1,"featured_media":19835,"comment_status":"open","ping_status":"open","sticky":false,"template":"","format":"standard","meta":{"_acf_changed":false,"_monsterinsights_skip_tracking":false,"_monsterinsights_sitenote_active":false,"_monsterinsights_sitenote_note":"","_monsterinsights_sitenote_category":0,"_uf_show_specific_survey":0,"_uf_disable_surveys":false,"footnotes":""},"categories":[334],"tags":[],"class_list":{"0":"post-20333","1":"post","2":"type-post","3":"status-publish","4":"format-standard","5":"has-post-thumbnail","7":"category-reportagens"},"acf":[],"yoast_head":"<!-- This site is optimized with the Yoast SEO plugin v27.5 - https:\/\/yoast.com\/product\/yoast-seo-wordpress\/ -->\n<title>Preparando-se para a Seguran\u00e7a do Amanh\u00e3 - Africa Defense Forum<\/title>\n<meta name=\"robots\" content=\"index, follow, max-snippet:-1, max-image-preview:large, max-video-preview:-1\" \/>\n<link rel=\"canonical\" href=\"https:\/\/adf-magazine.com\/pt-pt\/2020\/12\/preparando-se-para-a-seguranca-do-amanha\/\" \/>\n<meta property=\"og:locale\" content=\"pt_PT\" \/>\n<meta property=\"og:type\" content=\"article\" \/>\n<meta property=\"og:title\" content=\"Preparando-se para a Seguran\u00e7a do Amanh\u00e3 - Africa Defense Forum\" \/>\n<meta property=\"og:description\" content=\"EQUIPA DA ADF Vinte anos atr\u00e1s, poucos tinham ouvido falar sobre guerra cibern\u00e9tica. O extremismo religioso n\u00e3o era considerado uma amea\u00e7a para muitos pa\u00edses. Pensava-se que a pirataria j\u00e1 tinha sido erradicada h\u00e1 um s\u00e9culo.\u00a0 As coisas podem mudar rapidamente.\u00a0 Quando os chefes das for\u00e7as terrestres de toda a \u00c1frica se reuniram em Adis Abeba,\" \/>\n<meta property=\"og:url\" content=\"https:\/\/adf-magazine.com\/pt-pt\/2020\/12\/preparando-se-para-a-seguranca-do-amanha\/\" \/>\n<meta property=\"og:site_name\" content=\"Africa Defense Forum\" \/>\n<meta property=\"article:publisher\" content=\"https:\/\/www.facebook.com\/ADFmagazine\/\" \/>\n<meta property=\"article:published_time\" content=\"2020-12-28T14:21:50+00:00\" \/>\n<meta property=\"article:modified_time\" content=\"2021-02-16T17:08:35+00:00\" \/>\n<meta property=\"og:image\" content=\"https:\/\/adf-magazine.com\/wp-content\/uploads\/2020\/12\/49722577103_6a18ca5bfb_o.jpg\" \/>\n\t<meta property=\"og:image:width\" content=\"1080\" \/>\n\t<meta property=\"og:image:height\" content=\"720\" \/>\n\t<meta property=\"og:image:type\" content=\"image\/jpeg\" \/>\n<meta name=\"author\" content=\"ADF\" \/>\n<meta name=\"twitter:card\" content=\"summary_large_image\" \/>\n<meta name=\"twitter:image\" content=\"https:\/\/adf-magazine.com\/wp-content\/uploads\/2020\/12\/49722577103_6a18ca5bfb_o.jpg\" \/>\n<meta name=\"twitter:creator\" content=\"@ADFmagazine\" \/>\n<meta name=\"twitter:site\" content=\"@ADFmagazine\" \/>\n<meta name=\"twitter:label1\" content=\"Escrito por\" \/>\n\t<meta name=\"twitter:data1\" content=\"ADF\" \/>\n\t<meta name=\"twitter:label2\" content=\"Tempo estimado de leitura\" \/>\n\t<meta name=\"twitter:data2\" content=\"13 minutos\" \/>\n<script type=\"application\/ld+json\" class=\"yoast-schema-graph\">{\"@context\":\"https:\\\/\\\/schema.org\",\"@graph\":[{\"@type\":\"Article\",\"@id\":\"https:\\\/\\\/adf-magazine.com\\\/pt-pt\\\/2020\\\/12\\\/preparando-se-para-a-seguranca-do-amanha\\\/#article\",\"isPartOf\":{\"@id\":\"https:\\\/\\\/adf-magazine.com\\\/pt-pt\\\/2020\\\/12\\\/preparando-se-para-a-seguranca-do-amanha\\\/\"},\"author\":{\"name\":\"ADF\",\"@id\":\"https:\\\/\\\/adf-magazine.com\\\/#\\\/schema\\\/person\\\/f266a6061389568b5a11465bb38bc025\"},\"headline\":\"Preparando-se para a Seguran\u00e7a do Amanh\u00e3\",\"datePublished\":\"2020-12-28T14:21:50+00:00\",\"dateModified\":\"2021-02-16T17:08:35+00:00\",\"mainEntityOfPage\":{\"@id\":\"https:\\\/\\\/adf-magazine.com\\\/pt-pt\\\/2020\\\/12\\\/preparando-se-para-a-seguranca-do-amanha\\\/\"},\"wordCount\":2873,\"commentCount\":0,\"image\":{\"@id\":\"https:\\\/\\\/adf-magazine.com\\\/pt-pt\\\/2020\\\/12\\\/preparando-se-para-a-seguranca-do-amanha\\\/#primaryimage\"},\"thumbnailUrl\":\"https:\\\/\\\/adf-magazine.com\\\/wp-content\\\/uploads\\\/2020\\\/12\\\/DSC_0041.jpg\",\"articleSection\":[\"Reportagens\"],\"inLanguage\":\"pt-PT\",\"potentialAction\":[{\"@type\":\"CommentAction\",\"name\":\"Comment\",\"target\":[\"https:\\\/\\\/adf-magazine.com\\\/pt-pt\\\/2020\\\/12\\\/preparando-se-para-a-seguranca-do-amanha\\\/#respond\"]}]},{\"@type\":\"WebPage\",\"@id\":\"https:\\\/\\\/adf-magazine.com\\\/pt-pt\\\/2020\\\/12\\\/preparando-se-para-a-seguranca-do-amanha\\\/\",\"url\":\"https:\\\/\\\/adf-magazine.com\\\/pt-pt\\\/2020\\\/12\\\/preparando-se-para-a-seguranca-do-amanha\\\/\",\"name\":\"Preparando-se para a Seguran\u00e7a do Amanh\u00e3 - Africa Defense Forum\",\"isPartOf\":{\"@id\":\"https:\\\/\\\/adf-magazine.com\\\/#website\"},\"primaryImageOfPage\":{\"@id\":\"https:\\\/\\\/adf-magazine.com\\\/pt-pt\\\/2020\\\/12\\\/preparando-se-para-a-seguranca-do-amanha\\\/#primaryimage\"},\"image\":{\"@id\":\"https:\\\/\\\/adf-magazine.com\\\/pt-pt\\\/2020\\\/12\\\/preparando-se-para-a-seguranca-do-amanha\\\/#primaryimage\"},\"thumbnailUrl\":\"https:\\\/\\\/adf-magazine.com\\\/wp-content\\\/uploads\\\/2020\\\/12\\\/DSC_0041.jpg\",\"datePublished\":\"2020-12-28T14:21:50+00:00\",\"dateModified\":\"2021-02-16T17:08:35+00:00\",\"author\":{\"@id\":\"https:\\\/\\\/adf-magazine.com\\\/#\\\/schema\\\/person\\\/f266a6061389568b5a11465bb38bc025\"},\"breadcrumb\":{\"@id\":\"https:\\\/\\\/adf-magazine.com\\\/pt-pt\\\/2020\\\/12\\\/preparando-se-para-a-seguranca-do-amanha\\\/#breadcrumb\"},\"inLanguage\":\"pt-PT\",\"potentialAction\":[{\"@type\":\"ReadAction\",\"target\":[\"https:\\\/\\\/adf-magazine.com\\\/pt-pt\\\/2020\\\/12\\\/preparando-se-para-a-seguranca-do-amanha\\\/\"]}]},{\"@type\":\"ImageObject\",\"inLanguage\":\"pt-PT\",\"@id\":\"https:\\\/\\\/adf-magazine.com\\\/pt-pt\\\/2020\\\/12\\\/preparando-se-para-a-seguranca-do-amanha\\\/#primaryimage\",\"url\":\"https:\\\/\\\/adf-magazine.com\\\/wp-content\\\/uploads\\\/2020\\\/12\\\/DSC_0041.jpg\",\"contentUrl\":\"https:\\\/\\\/adf-magazine.com\\\/wp-content\\\/uploads\\\/2020\\\/12\\\/DSC_0041.jpg\",\"width\":1080,\"height\":714},{\"@type\":\"BreadcrumbList\",\"@id\":\"https:\\\/\\\/adf-magazine.com\\\/pt-pt\\\/2020\\\/12\\\/preparando-se-para-a-seguranca-do-amanha\\\/#breadcrumb\",\"itemListElement\":[{\"@type\":\"ListItem\",\"position\":1,\"name\":\"Home\",\"item\":\"https:\\\/\\\/adf-magazine.com\\\/\"},{\"@type\":\"ListItem\",\"position\":2,\"name\":\"Preparando-se para a Seguran\u00e7a do Amanh\u00e3\"}]},{\"@type\":\"WebSite\",\"@id\":\"https:\\\/\\\/adf-magazine.com\\\/#website\",\"url\":\"https:\\\/\\\/adf-magazine.com\\\/\",\"name\":\"Africa Defense Forum\",\"description\":\"Africa Defense Forum\",\"potentialAction\":[{\"@type\":\"SearchAction\",\"target\":{\"@type\":\"EntryPoint\",\"urlTemplate\":\"https:\\\/\\\/adf-magazine.com\\\/?s={search_term_string}\"},\"query-input\":{\"@type\":\"PropertyValueSpecification\",\"valueRequired\":true,\"valueName\":\"search_term_string\"}}],\"inLanguage\":\"pt-PT\"},{\"@type\":\"Person\",\"@id\":\"https:\\\/\\\/adf-magazine.com\\\/#\\\/schema\\\/person\\\/f266a6061389568b5a11465bb38bc025\",\"name\":\"ADF\",\"image\":{\"@type\":\"ImageObject\",\"inLanguage\":\"pt-PT\",\"@id\":\"https:\\\/\\\/adf-magazine.com\\\/wp-content\\\/uploads\\\/2020\\\/05\\\/cropped-ADF_icon.jpg\",\"url\":\"https:\\\/\\\/adf-magazine.com\\\/wp-content\\\/uploads\\\/2020\\\/05\\\/cropped-ADF_icon.jpg\",\"contentUrl\":\"https:\\\/\\\/adf-magazine.com\\\/wp-content\\\/uploads\\\/2020\\\/05\\\/cropped-ADF_icon.jpg\",\"caption\":\"ADF\"},\"description\":\"ADF is a professional military magazine published quarterly by U.S. Africa Command to provide an international forum for African security professionals. ADF covers topics such as counter terrorism strategies, security and defense operations, transnational crime, and all other issues affecting peace, stability, and good governance on the African continent.\",\"sameAs\":[\"https:\\\/\\\/x.com\\\/ADFmagazine\"],\"url\":\"https:\\\/\\\/adf-magazine.com\\\/pt-pt\\\/author\\\/adf\\\/\"}]}<\/script>\n<!-- \/ Yoast SEO plugin. -->","yoast_head_json":{"title":"Preparando-se para a Seguran\u00e7a do Amanh\u00e3 - Africa Defense Forum","robots":{"index":"index","follow":"follow","max-snippet":"max-snippet:-1","max-image-preview":"max-image-preview:large","max-video-preview":"max-video-preview:-1"},"canonical":"https:\/\/adf-magazine.com\/pt-pt\/2020\/12\/preparando-se-para-a-seguranca-do-amanha\/","og_locale":"pt_PT","og_type":"article","og_title":"Preparando-se para a Seguran\u00e7a do Amanh\u00e3 - Africa Defense Forum","og_description":"EQUIPA DA ADF Vinte anos atr\u00e1s, poucos tinham ouvido falar sobre guerra cibern\u00e9tica. O extremismo religioso n\u00e3o era considerado uma amea\u00e7a para muitos pa\u00edses. Pensava-se que a pirataria j\u00e1 tinha sido erradicada h\u00e1 um s\u00e9culo.\u00a0 As coisas podem mudar rapidamente.\u00a0 Quando os chefes das for\u00e7as terrestres de toda a \u00c1frica se reuniram em Adis Abeba,","og_url":"https:\/\/adf-magazine.com\/pt-pt\/2020\/12\/preparando-se-para-a-seguranca-do-amanha\/","og_site_name":"Africa Defense Forum","article_publisher":"https:\/\/www.facebook.com\/ADFmagazine\/","article_published_time":"2020-12-28T14:21:50+00:00","article_modified_time":"2021-02-16T17:08:35+00:00","og_image":[{"width":1080,"height":720,"url":"https:\/\/adf-magazine.com\/wp-content\/uploads\/2020\/12\/49722577103_6a18ca5bfb_o.jpg","type":"image\/jpeg"}],"author":"ADF","twitter_card":"summary_large_image","twitter_image":"https:\/\/adf-magazine.com\/wp-content\/uploads\/2020\/12\/49722577103_6a18ca5bfb_o.jpg","twitter_creator":"@ADFmagazine","twitter_site":"@ADFmagazine","twitter_misc":{"Escrito por":"ADF","Tempo estimado de leitura":"13 minutos"},"schema":{"@context":"https:\/\/schema.org","@graph":[{"@type":"Article","@id":"https:\/\/adf-magazine.com\/pt-pt\/2020\/12\/preparando-se-para-a-seguranca-do-amanha\/#article","isPartOf":{"@id":"https:\/\/adf-magazine.com\/pt-pt\/2020\/12\/preparando-se-para-a-seguranca-do-amanha\/"},"author":{"name":"ADF","@id":"https:\/\/adf-magazine.com\/#\/schema\/person\/f266a6061389568b5a11465bb38bc025"},"headline":"Preparando-se para a Seguran\u00e7a do Amanh\u00e3","datePublished":"2020-12-28T14:21:50+00:00","dateModified":"2021-02-16T17:08:35+00:00","mainEntityOfPage":{"@id":"https:\/\/adf-magazine.com\/pt-pt\/2020\/12\/preparando-se-para-a-seguranca-do-amanha\/"},"wordCount":2873,"commentCount":0,"image":{"@id":"https:\/\/adf-magazine.com\/pt-pt\/2020\/12\/preparando-se-para-a-seguranca-do-amanha\/#primaryimage"},"thumbnailUrl":"https:\/\/adf-magazine.com\/wp-content\/uploads\/2020\/12\/DSC_0041.jpg","articleSection":["Reportagens"],"inLanguage":"pt-PT","potentialAction":[{"@type":"CommentAction","name":"Comment","target":["https:\/\/adf-magazine.com\/pt-pt\/2020\/12\/preparando-se-para-a-seguranca-do-amanha\/#respond"]}]},{"@type":"WebPage","@id":"https:\/\/adf-magazine.com\/pt-pt\/2020\/12\/preparando-se-para-a-seguranca-do-amanha\/","url":"https:\/\/adf-magazine.com\/pt-pt\/2020\/12\/preparando-se-para-a-seguranca-do-amanha\/","name":"Preparando-se para a Seguran\u00e7a do Amanh\u00e3 - Africa Defense Forum","isPartOf":{"@id":"https:\/\/adf-magazine.com\/#website"},"primaryImageOfPage":{"@id":"https:\/\/adf-magazine.com\/pt-pt\/2020\/12\/preparando-se-para-a-seguranca-do-amanha\/#primaryimage"},"image":{"@id":"https:\/\/adf-magazine.com\/pt-pt\/2020\/12\/preparando-se-para-a-seguranca-do-amanha\/#primaryimage"},"thumbnailUrl":"https:\/\/adf-magazine.com\/wp-content\/uploads\/2020\/12\/DSC_0041.jpg","datePublished":"2020-12-28T14:21:50+00:00","dateModified":"2021-02-16T17:08:35+00:00","author":{"@id":"https:\/\/adf-magazine.com\/#\/schema\/person\/f266a6061389568b5a11465bb38bc025"},"breadcrumb":{"@id":"https:\/\/adf-magazine.com\/pt-pt\/2020\/12\/preparando-se-para-a-seguranca-do-amanha\/#breadcrumb"},"inLanguage":"pt-PT","potentialAction":[{"@type":"ReadAction","target":["https:\/\/adf-magazine.com\/pt-pt\/2020\/12\/preparando-se-para-a-seguranca-do-amanha\/"]}]},{"@type":"ImageObject","inLanguage":"pt-PT","@id":"https:\/\/adf-magazine.com\/pt-pt\/2020\/12\/preparando-se-para-a-seguranca-do-amanha\/#primaryimage","url":"https:\/\/adf-magazine.com\/wp-content\/uploads\/2020\/12\/DSC_0041.jpg","contentUrl":"https:\/\/adf-magazine.com\/wp-content\/uploads\/2020\/12\/DSC_0041.jpg","width":1080,"height":714},{"@type":"BreadcrumbList","@id":"https:\/\/adf-magazine.com\/pt-pt\/2020\/12\/preparando-se-para-a-seguranca-do-amanha\/#breadcrumb","itemListElement":[{"@type":"ListItem","position":1,"name":"Home","item":"https:\/\/adf-magazine.com\/"},{"@type":"ListItem","position":2,"name":"Preparando-se para a Seguran\u00e7a do Amanh\u00e3"}]},{"@type":"WebSite","@id":"https:\/\/adf-magazine.com\/#website","url":"https:\/\/adf-magazine.com\/","name":"Africa Defense Forum","description":"Africa Defense Forum","potentialAction":[{"@type":"SearchAction","target":{"@type":"EntryPoint","urlTemplate":"https:\/\/adf-magazine.com\/?s={search_term_string}"},"query-input":{"@type":"PropertyValueSpecification","valueRequired":true,"valueName":"search_term_string"}}],"inLanguage":"pt-PT"},{"@type":"Person","@id":"https:\/\/adf-magazine.com\/#\/schema\/person\/f266a6061389568b5a11465bb38bc025","name":"ADF","image":{"@type":"ImageObject","inLanguage":"pt-PT","@id":"https:\/\/adf-magazine.com\/wp-content\/uploads\/2020\/05\/cropped-ADF_icon.jpg","url":"https:\/\/adf-magazine.com\/wp-content\/uploads\/2020\/05\/cropped-ADF_icon.jpg","contentUrl":"https:\/\/adf-magazine.com\/wp-content\/uploads\/2020\/05\/cropped-ADF_icon.jpg","caption":"ADF"},"description":"ADF is a professional military magazine published quarterly by U.S. Africa Command to provide an international forum for African security professionals. ADF covers topics such as counter terrorism strategies, security and defense operations, transnational crime, and all other issues affecting peace, stability, and good governance on the African continent.","sameAs":["https:\/\/x.com\/ADFmagazine"],"url":"https:\/\/adf-magazine.com\/pt-pt\/author\/adf\/"}]}},"_links":{"self":[{"href":"https:\/\/adf-magazine.com\/pt-pt\/wp-json\/wp\/v2\/posts\/20333","targetHints":{"allow":["GET"]}}],"collection":[{"href":"https:\/\/adf-magazine.com\/pt-pt\/wp-json\/wp\/v2\/posts"}],"about":[{"href":"https:\/\/adf-magazine.com\/pt-pt\/wp-json\/wp\/v2\/types\/post"}],"author":[{"embeddable":true,"href":"https:\/\/adf-magazine.com\/pt-pt\/wp-json\/wp\/v2\/users\/1"}],"replies":[{"embeddable":true,"href":"https:\/\/adf-magazine.com\/pt-pt\/wp-json\/wp\/v2\/comments?post=20333"}],"version-history":[{"count":0,"href":"https:\/\/adf-magazine.com\/pt-pt\/wp-json\/wp\/v2\/posts\/20333\/revisions"}],"wp:featuredmedia":[{"embeddable":true,"href":"https:\/\/adf-magazine.com\/pt-pt\/wp-json\/wp\/v2\/media\/19835"}],"wp:attachment":[{"href":"https:\/\/adf-magazine.com\/pt-pt\/wp-json\/wp\/v2\/media?parent=20333"}],"wp:term":[{"taxonomy":"category","embeddable":true,"href":"https:\/\/adf-magazine.com\/pt-pt\/wp-json\/wp\/v2\/categories?post=20333"},{"taxonomy":"post_tag","embeddable":true,"href":"https:\/\/adf-magazine.com\/pt-pt\/wp-json\/wp\/v2\/tags?post=20333"}],"curies":[{"name":"wp","href":"https:\/\/api.w.org\/{rel}","templated":true}]}}