{"id":17850,"date":"2020-09-14T15:46:44","date_gmt":"2020-09-14T19:46:44","guid":{"rendered":"https:\/\/adf-magazine.com\/?p=17850"},"modified":"2020-09-21T12:58:15","modified_gmt":"2020-09-21T16:58:15","slug":"reintegrando-antigos-extremistas","status":"publish","type":"post","link":"https:\/\/adf-magazine.com\/pt-pt\/2020\/09\/reintegrando-antigos-extremistas\/","title":{"rendered":"Reintegrando Antigos Extremistas"},"content":{"rendered":"<p>EQUIPA DA <i>ADF<\/i> | FOTOS DA REUTERS<\/p>\n<p>Se h\u00e1 um pa\u00eds que sabe lidar com o desarmamento, desmobiliza\u00e7\u00e3o e reintegra\u00e7\u00e3o de combatentes inimigos, este seria o Uganda, com a sua experi\u00eancia com o Ex\u00e9rcito de Resist\u00eancia do Senhor.<\/p>\n<p>O Ex\u00e9rcito de Resist\u00eancia do Senhor, ou LRA, de Joseph Kony, est\u00e1 praticamente inactivo hoje em dia, mas durante os seus anos violentos, que datam de 1987, causou estragos no Uganda. O grupo matou 100.000 pessoas e deslocou 1,7 milh\u00f5es. Kony e seus combatentes sequestraram dezenas de milhares de crian\u00e7as, transformando-as em combatentes endurecidos e &#8220;esposas&#8221; rebeldes. As suas crian\u00e7as combatentes foram ensinadas a violar, torturar e massacrar.<\/p>\n<p>Os combatentes que escaparam do LRA e regressaram \u00e0s suas aldeias de origem enfrentam recep\u00e7\u00f5es diferentes. Muitos s\u00e3o recebidos com alegria e de bra\u00e7os abertos. Alguns enfrentam a indiferen\u00e7a, tendo sido capturados h\u00e1 tanto tempo que ningu\u00e9m se lembra deles. Outros s\u00e3o tratados como criminosos e enviados para a pris\u00e3o.<\/p>\n<p>Por necessidade, o Uganda tem estado a formular programas ad-hoc de desarmamento, desmobiliza\u00e7\u00e3o e reintegra\u00e7\u00e3o (DDR) h\u00e1 anos. Em muitos casos de repatriamento de membros do LRA, n\u00e3o h\u00e1 DDR porque as deser\u00e7\u00f5es nunca s\u00e3o relatadas.<\/p>\n<p>O relat\u00f3rio da jornalista Anna Borzello, &#8220;O desafio de DDR no norte do Uganda: O Ex\u00e9rcito de Resist\u00eancia do Senhor&#8221;, observa que os centros de recep\u00e7\u00e3o criados para combatentes desertores, em 2007, sofreram graves defici\u00eancias, incluindo falhas na padroniza\u00e7\u00e3o do aconselhamento, nos subs\u00eddios de reintegra\u00e7\u00e3o, nos per\u00edodos de perman\u00eancia e na abordagem geral. Os antigos combatentes eram frequentemente colocados em campos de refugiados \u201conde a situa\u00e7\u00e3o \u00e9 de mis\u00e9ria e inseguran\u00e7a.\u201d<\/p>\n<p>\u201cEmbora a comunidade em geral receba os regressados, a estigmatiza\u00e7\u00e3o \u00e9 comum&#8221;, escreveu Borzello. \u201cDar subs\u00eddios de reintegra\u00e7\u00e3o ou forma\u00e7\u00e3o aos regressados pode causar ressentimento entre os civis.\u201d<\/p>\n<figure id=\"attachment_17288\" aria-describedby=\"caption-attachment-17288\" style=\"width: 1080px\" class=\"wp-caption aligncenter\"><a href=\"https:\/\/adf-magazine.com\/wp-content\/uploads\/2020\/09\/ddr-shadows.jpg\"><img fetchpriority=\"high\" decoding=\"async\" class=\"size-full wp-image-17288\" src=\"https:\/\/adf-magazine.com\/wp-content\/uploads\/2020\/09\/ddr-shadows.jpg\" alt=\"\" width=\"1080\" height=\"652\" srcset=\"https:\/\/adf-magazine.com\/wp-content\/uploads\/2020\/09\/ddr-shadows.jpg 1080w, https:\/\/adf-magazine.com\/wp-content\/uploads\/2020\/09\/ddr-shadows-300x181.jpg 300w, https:\/\/adf-magazine.com\/wp-content\/uploads\/2020\/09\/ddr-shadows-1024x618.jpg 1024w, https:\/\/adf-magazine.com\/wp-content\/uploads\/2020\/09\/ddr-shadows-768x464.jpg 768w\" sizes=\"(max-width: 1080px) 100vw, 1080px\" \/><\/a><figcaption id=\"caption-attachment-17288\" class=\"wp-caption-text\">Crian\u00e7as congolesas utilizadas em conflitos armados recebem apoio psicossocial num centro de tratamento na Rep\u00fablica Democr\u00e1tica do Congo.<\/figcaption><\/figure>\n<p>A idade destes combatentes que regressaram era, e continua a ser, um problema. Muitos destes combatentes eram crian\u00e7as quando foram raptados, e muitos deles tornaram-se assassinos. Ent\u00e3o, eles s\u00e3o tratados como v\u00edtimas de sequestro ou antigos combatentes?<\/p>\n<p>\u201cA \u00eanfase nos regressados como crian\u00e7as e v\u00edtimas pode distorcer a efic\u00e1cia da reintegra\u00e7\u00e3o&#8221;, disse Borzello. \u201cEnquanto muitos regressados s\u00e3o profundamente perturbados pela sua experi\u00eancia, outros adaptaram-se \u00e0 vida selvagem e at\u00e9 mesmo acabaram por gostar dela.\u201d<\/p>\n<p>Um estudo do Stimson Center, um grupo de pesquisa de pol\u00edticas, focou nos desafios espec\u00edficos de DDR do Uganda, observando que as iniciativas tomadas \u201ccarecem de uma estrat\u00e9gia coerente.\u201d O centro apontou tr\u00eas quest\u00f5es espec\u00edficas:<\/p>\n<p>As comunidades locais ficaram ressentidas com os incentivos de reintegra\u00e7\u00e3o dados pelo governo aos combatentes desertores do LRA, porque eram percebidos como uma recompensa pela viol\u00eancia. Os incentivos, parte da Lei de Amnistia de 2000 de Uganda, apresentavam um \u201cconjunto significativo de recursos&#8221; para os desertores do LRA que os membros da comunidade civil e empobrecida n\u00e3o dispunham.<\/p>\n<p>Os cidad\u00e3os locais tamb\u00e9m viam como organiza\u00e7\u00f5es internacionais apoiavam os programas para os antigos combatentes. A comunidade em geral n\u00e3o tinha tais programas, \u201cembora pudesse haver uma maior necessidade entre os jovens da comunidade em geral.\u201d<\/p>\n<p>Os antigos combatentes ficaram ressentidos com os diferentes n\u00edveis de ajuda que recebiam. Um combatente sequestrado, que passou apenas semanas com o LRA antes de escapar, podia receber muito mais ajuda do que um membro do LRA que tinha sido sequestrado e que tinha lutado por mais de uma d\u00e9cada.<\/p>\n<p><strong>ESTUDANDO O UGANDA<\/strong><\/p>\n<p>Os funcion\u00e1rios do governo, as Na\u00e7\u00f5es Unidas e organiza\u00e7\u00f5es n\u00e3o-governamentais (ONG) est\u00e3o a estudar os programas de DDR em<span class=\"Apple-converted-space\">\u00a0 <\/span>Uganda, Som\u00e1lia e outras partes da \u00c1frica Oriental, com vista a melhorar os programas de DDR em todo o mundo.<\/p>\n<p>Depois de estudar os fracassos e sucessos do programa DDR do Uganda, a Universidade das Na\u00e7\u00f5es Unidas apresentou um relat\u00f3rio, em 2015, descrevendo os problemas que qualquer plano DDR pode ter. Alguns deles s\u00e3o:<\/p>\n<p>Onde existe um conflito em curso, a ades\u00e3o pol\u00edtica necess\u00e1ria para programas volunt\u00e1rios de DDR pode estar em falta, levantando quest\u00f5es sobre se os esfor\u00e7os de DDR funcionar\u00e3o em tais ambientes.<\/p>\n<p>Conflitos cont\u00ednuos impedem a recupera\u00e7\u00e3o econ\u00f3mica necess\u00e1ria para absorver os antigos combatentes que entram no mercado de trabalho. Isso levanta quest\u00f5es sobre como conceber programas de DDR eficazes que previnam reca\u00eddas ou criminaliza\u00e7\u00e3o quando o conflito finalmente terminar.<\/p>\n<figure id=\"attachment_17284\" aria-describedby=\"caption-attachment-17284\" style=\"width: 1080px\" class=\"wp-caption aligncenter\"><a href=\"https:\/\/adf-magazine.com\/wp-content\/uploads\/2020\/09\/ddr-kids.jpg\"><img decoding=\"async\" class=\"size-full wp-image-17284\" src=\"https:\/\/adf-magazine.com\/wp-content\/uploads\/2020\/09\/ddr-kids.jpg\" alt=\"\" width=\"1080\" height=\"717\" srcset=\"https:\/\/adf-magazine.com\/wp-content\/uploads\/2020\/09\/ddr-kids.jpg 1080w, https:\/\/adf-magazine.com\/wp-content\/uploads\/2020\/09\/ddr-kids-300x199.jpg 300w, https:\/\/adf-magazine.com\/wp-content\/uploads\/2020\/09\/ddr-kids-1024x680.jpg 1024w, https:\/\/adf-magazine.com\/wp-content\/uploads\/2020\/09\/ddr-kids-768x510.jpg 768w, https:\/\/adf-magazine.com\/wp-content\/uploads\/2020\/09\/ddr-kids-272x182.jpg 272w\" sizes=\"(max-width: 1080px) 100vw, 1080px\" \/><\/a><figcaption id=\"caption-attachment-17284\" class=\"wp-caption-text\">Antigas crian\u00e7as-soldados marcham num desfile numa cerim\u00f3nia de liberta\u00e7\u00e3o no Sud\u00e3o do Sul.<\/figcaption><\/figure>\n<p>Pouco se sabe sobre a interac\u00e7\u00e3o entre o DDR e as opera\u00e7\u00f5es militares inimigas em curso. A exist\u00eancia de opera\u00e7\u00f5es militares inimigas cont\u00ednuas prejudica ou incentiva os programas de DDR?<span class=\"Apple-converted-space\">\u00a0<\/span><\/p>\n<p>O papel crescente dos governos locais, regionais e internacionais, juntamente com as ONGs e contratados, nos programas de DDR, levanta uma variedade de desafios legais, operacionais e estrat\u00e9gicos. E se os grupos envolvidos tiverem princ\u00edpios e padr\u00f5es de direitos humanos inconsistentes?<\/p>\n<p>Quais s\u00e3o os desafios legais e operacionais para lidar com combatentes desertores que s\u00e3o conhecidos por terem sido membros de grupos terroristas violentos?<span class=\"Apple-converted-space\">\u00a0<\/span><\/p>\n<p>A pesquisa de Borzello levantou outras quest\u00f5es semelhantes. Ela observou que, quando um conflito finalmente termina, ser\u00e1 necess\u00e1rio dinheiro para desmantelar acampamentos de pessoas deslocadas internamente, reinstalar a popula\u00e7\u00e3o e reconstruir a regi\u00e3o. \u201cO processo ser\u00e1 caro e exigir\u00e1 comprometimento do governo ugand\u00eas e de doadores internacionais&#8221;, afirmou. Ela tamb\u00e9m observou que as for\u00e7as policiais e os tribunais precisariam de ser refor\u00e7ados para que a justi\u00e7a possa ser feita e o passado seja enterrado. A quest\u00e3o dos crimes de guerra tem de ser resolvida.<\/p>\n<p><strong>TR\u00caS TIPOS DE COMBATENTES<\/strong><\/p>\n<p>Prosper Nzekani Zena, escrevendo para o Centro Africano de Estudos Estrat\u00e9gicos, disse que os candidatos ao DDR, em ambientes do p\u00f3s-guerra, podem ser divididos em tr\u00eas grupos: actores armados que se v\u00e3o auto-desmobilizar de forma volunt\u00e1ria quando um quadro de paz vi\u00e1vel parecer estar em vigor; combatentes que continuam a ter interesses investidos na milit\u00e2ncia; e combatentes que hesitam em desarmar-se por temer as consequ\u00eancias. Zena disse que \u00e9 o terceiro grupo que oferece o maior potencial para DDR bem-sucedido.<\/p>\n<p>\u201cEles hesitam em desarmar, temendo que ficar\u00e3o expostos e vulner\u00e1veis num ambiente inseguro, incerto e vol\u00e1til&#8221;, escreveu Zena. \u201cEles n\u00e3o t\u00eam alternativas adequadas de renda, pelo que podem pensar que o desarmamento resultaria no enfraquecimento do seu bem-estar. No entanto, eles t\u00eam poucos motivos ou interesses em continuar como combatentes. S\u00e3o pessoas indecisas que precisam de incentivos e caminhos vi\u00e1veis e graduais para deixar a milit\u00e2ncia.\u201d<\/p>\n<p>Zena descobriu que o ingrediente-chave para o sucesso \u00e9 demonstrar a esses combatentes que eles t\u00eam um caminho para se desarmar e voltar \u00e0 vida civil.<\/p>\n<p>\u201cAo fornecer oportunidades adequadas para se desarmar com seguran\u00e7a, apoio financeiro e psicol\u00f3gico para a transi\u00e7\u00e3o para a vida civil e treinamento e oportunidades suficientes para se sustentarem, o DDR pode afastar esses combatentes da milit\u00e2ncia&#8221;, escreveu Zena. \u201cIsso tamb\u00e9m enfraquece indirectamente os combatentes mais ferrenhos remanescentes, ao diminuir o n\u00famero dos seus apoiantes.\u201d<\/p>\n<p>Zena e outros pesquisadores disseram que os dois primeiros componentes do DDR \u2014 desmobiliza\u00e7\u00e3o e desarmamento \u2014 geralmente n\u00e3o s\u00e3o problema no que diz respeito ao alcance de combatentes \u201cindecisos&#8221;. A desmobiliza\u00e7\u00e3o pode ser politicamente sens\u00edvel, mas esses problemas, muitas vezes, s\u00e3o de curta dura\u00e7\u00e3o. Os desarmamentos s\u00e3o principalmente uma quest\u00e3o de organizar locais de colecta seguros onde os combatentes que chegam n\u00e3o se sentem vulner\u00e1veis. A terceira componente, a reintegra\u00e7\u00e3o dos antigos combatentes na vida civil, \u00e9 a mais dif\u00edcil.<\/p>\n<p>A reintegra\u00e7\u00e3o envolve tarefas como forma\u00e7\u00f5es para o emprego, empr\u00e9stimos, coloca\u00e7\u00e3o profissional, ajudar antigos inimigos a se integrarem em ambientes pac\u00edficos e ajud\u00e1-los a encontrar casas permanentes. A reintegra\u00e7\u00e3o \u00e9 o est\u00e1gio em que muita coisa pode dar errado. Os antigos combatentes que se desarmam e enfrentam longos atrasos na reintegra\u00e7\u00e3o podem ficar frustrados e amargurados com o processo de DDR. A reintegra\u00e7\u00e3o incompleta e ineficaz representa o maior risco de regresso \u00e0 viol\u00eancia armada.<\/p>\n<p>\u201cA reintegra\u00e7\u00e3o \u00e9 a faceta mais complexa e cr\u00edtica, mas menos priorizada do DDR&#8221;, concluiu Zena.<span class=\"Apple-converted-space\">\u00a0\u00a0<\/span><\/p>\n","protected":false},"excerpt":{"rendered":"<p>EQUIPA DA ADF | FOTOS DA REUTERS Se h\u00e1 um pa\u00eds que sabe lidar com o desarmamento, desmobiliza\u00e7\u00e3o e reintegra\u00e7\u00e3o de combatentes inimigos, este seria o Uganda, com a sua experi\u00eancia com o Ex\u00e9rcito de Resist\u00eancia do Senhor. O Ex\u00e9rcito de Resist\u00eancia do Senhor, ou LRA, de Joseph Kony, est\u00e1 praticamente inactivo hoje em dia,<\/p>\n","protected":false},"author":1,"featured_media":17280,"comment_status":"open","ping_status":"open","sticky":false,"template":"","format":"standard","meta":{"_acf_changed":false,"_monsterinsights_skip_tracking":false,"_monsterinsights_sitenote_active":false,"_monsterinsights_sitenote_note":"","_monsterinsights_sitenote_category":0,"_uf_show_specific_survey":0,"_uf_disable_surveys":false,"footnotes":""},"categories":[334],"tags":[],"class_list":{"0":"post-17850","1":"post","2":"type-post","3":"status-publish","4":"format-standard","5":"has-post-thumbnail","7":"category-reportagens"},"acf":[],"yoast_head":"<!-- This site is optimized with the Yoast SEO plugin v27.4 - https:\/\/yoast.com\/product\/yoast-seo-wordpress\/ -->\n<title>Reintegrando Antigos Extremistas - Africa Defense Forum<\/title>\n<meta name=\"robots\" content=\"index, follow, max-snippet:-1, max-image-preview:large, max-video-preview:-1\" \/>\n<link rel=\"canonical\" href=\"https:\/\/adf-magazine.com\/pt-pt\/2020\/09\/reintegrando-antigos-extremistas\/\" \/>\n<meta property=\"og:locale\" content=\"pt_PT\" \/>\n<meta property=\"og:type\" content=\"article\" \/>\n<meta property=\"og:title\" content=\"Reintegrando Antigos Extremistas - Africa Defense Forum\" \/>\n<meta property=\"og:description\" content=\"EQUIPA DA ADF | FOTOS DA REUTERS Se h\u00e1 um pa\u00eds que sabe lidar com o desarmamento, desmobiliza\u00e7\u00e3o e reintegra\u00e7\u00e3o de combatentes inimigos, este seria o Uganda, com a sua experi\u00eancia com o Ex\u00e9rcito de Resist\u00eancia do Senhor. O Ex\u00e9rcito de Resist\u00eancia do Senhor, ou LRA, de Joseph Kony, est\u00e1 praticamente inactivo hoje em dia,\" \/>\n<meta property=\"og:url\" content=\"https:\/\/adf-magazine.com\/pt-pt\/2020\/09\/reintegrando-antigos-extremistas\/\" \/>\n<meta property=\"og:site_name\" content=\"Africa Defense Forum\" \/>\n<meta property=\"article:publisher\" content=\"https:\/\/www.facebook.com\/ADFmagazine\/\" \/>\n<meta property=\"article:published_time\" content=\"2020-09-14T19:46:44+00:00\" \/>\n<meta property=\"article:modified_time\" content=\"2020-09-21T16:58:15+00:00\" \/>\n<meta property=\"og:image\" content=\"https:\/\/adf-magazine.com\/wp-content\/uploads\/2020\/09\/ddr-kids.jpg\" \/>\n\t<meta property=\"og:image:width\" content=\"1080\" \/>\n\t<meta property=\"og:image:height\" content=\"717\" \/>\n\t<meta property=\"og:image:type\" content=\"image\/jpeg\" \/>\n<meta name=\"author\" content=\"ADF\" \/>\n<meta name=\"twitter:card\" content=\"summary_large_image\" \/>\n<meta name=\"twitter:image\" content=\"https:\/\/adf-magazine.com\/wp-content\/uploads\/2020\/09\/ddr-kids.jpg\" \/>\n<meta name=\"twitter:creator\" content=\"@ADFmagazine\" \/>\n<meta name=\"twitter:site\" content=\"@ADFmagazine\" \/>\n<meta name=\"twitter:label1\" content=\"Escrito por\" \/>\n\t<meta name=\"twitter:data1\" content=\"ADF\" \/>\n\t<meta name=\"twitter:label2\" content=\"Tempo estimado de leitura\" \/>\n\t<meta name=\"twitter:data2\" content=\"7 minutos\" \/>\n<script type=\"application\/ld+json\" class=\"yoast-schema-graph\">{\"@context\":\"https:\\\/\\\/schema.org\",\"@graph\":[{\"@type\":\"Article\",\"@id\":\"https:\\\/\\\/adf-magazine.com\\\/pt-pt\\\/2020\\\/09\\\/reintegrando-antigos-extremistas\\\/#article\",\"isPartOf\":{\"@id\":\"https:\\\/\\\/adf-magazine.com\\\/pt-pt\\\/2020\\\/09\\\/reintegrando-antigos-extremistas\\\/\"},\"author\":{\"name\":\"ADF\",\"@id\":\"https:\\\/\\\/adf-magazine.com\\\/#\\\/schema\\\/person\\\/f266a6061389568b5a11465bb38bc025\"},\"headline\":\"Reintegrando Antigos Extremistas\",\"datePublished\":\"2020-09-14T19:46:44+00:00\",\"dateModified\":\"2020-09-21T16:58:15+00:00\",\"mainEntityOfPage\":{\"@id\":\"https:\\\/\\\/adf-magazine.com\\\/pt-pt\\\/2020\\\/09\\\/reintegrando-antigos-extremistas\\\/\"},\"wordCount\":1464,\"commentCount\":0,\"image\":{\"@id\":\"https:\\\/\\\/adf-magazine.com\\\/pt-pt\\\/2020\\\/09\\\/reintegrando-antigos-extremistas\\\/#primaryimage\"},\"thumbnailUrl\":\"https:\\\/\\\/adf-magazine.com\\\/wp-content\\\/uploads\\\/2020\\\/09\\\/ddr-hands.jpg\",\"articleSection\":[\"Reportagens\"],\"inLanguage\":\"pt-PT\",\"potentialAction\":[{\"@type\":\"CommentAction\",\"name\":\"Comment\",\"target\":[\"https:\\\/\\\/adf-magazine.com\\\/pt-pt\\\/2020\\\/09\\\/reintegrando-antigos-extremistas\\\/#respond\"]}]},{\"@type\":\"WebPage\",\"@id\":\"https:\\\/\\\/adf-magazine.com\\\/pt-pt\\\/2020\\\/09\\\/reintegrando-antigos-extremistas\\\/\",\"url\":\"https:\\\/\\\/adf-magazine.com\\\/pt-pt\\\/2020\\\/09\\\/reintegrando-antigos-extremistas\\\/\",\"name\":\"Reintegrando Antigos Extremistas - Africa Defense Forum\",\"isPartOf\":{\"@id\":\"https:\\\/\\\/adf-magazine.com\\\/#website\"},\"primaryImageOfPage\":{\"@id\":\"https:\\\/\\\/adf-magazine.com\\\/pt-pt\\\/2020\\\/09\\\/reintegrando-antigos-extremistas\\\/#primaryimage\"},\"image\":{\"@id\":\"https:\\\/\\\/adf-magazine.com\\\/pt-pt\\\/2020\\\/09\\\/reintegrando-antigos-extremistas\\\/#primaryimage\"},\"thumbnailUrl\":\"https:\\\/\\\/adf-magazine.com\\\/wp-content\\\/uploads\\\/2020\\\/09\\\/ddr-hands.jpg\",\"datePublished\":\"2020-09-14T19:46:44+00:00\",\"dateModified\":\"2020-09-21T16:58:15+00:00\",\"author\":{\"@id\":\"https:\\\/\\\/adf-magazine.com\\\/#\\\/schema\\\/person\\\/f266a6061389568b5a11465bb38bc025\"},\"breadcrumb\":{\"@id\":\"https:\\\/\\\/adf-magazine.com\\\/pt-pt\\\/2020\\\/09\\\/reintegrando-antigos-extremistas\\\/#breadcrumb\"},\"inLanguage\":\"pt-PT\",\"potentialAction\":[{\"@type\":\"ReadAction\",\"target\":[\"https:\\\/\\\/adf-magazine.com\\\/pt-pt\\\/2020\\\/09\\\/reintegrando-antigos-extremistas\\\/\"]}]},{\"@type\":\"ImageObject\",\"inLanguage\":\"pt-PT\",\"@id\":\"https:\\\/\\\/adf-magazine.com\\\/pt-pt\\\/2020\\\/09\\\/reintegrando-antigos-extremistas\\\/#primaryimage\",\"url\":\"https:\\\/\\\/adf-magazine.com\\\/wp-content\\\/uploads\\\/2020\\\/09\\\/ddr-hands.jpg\",\"contentUrl\":\"https:\\\/\\\/adf-magazine.com\\\/wp-content\\\/uploads\\\/2020\\\/09\\\/ddr-hands.jpg\",\"width\":1080,\"height\":749},{\"@type\":\"BreadcrumbList\",\"@id\":\"https:\\\/\\\/adf-magazine.com\\\/pt-pt\\\/2020\\\/09\\\/reintegrando-antigos-extremistas\\\/#breadcrumb\",\"itemListElement\":[{\"@type\":\"ListItem\",\"position\":1,\"name\":\"Home\",\"item\":\"https:\\\/\\\/adf-magazine.com\\\/\"},{\"@type\":\"ListItem\",\"position\":2,\"name\":\"Reintegrando Antigos Extremistas\"}]},{\"@type\":\"WebSite\",\"@id\":\"https:\\\/\\\/adf-magazine.com\\\/#website\",\"url\":\"https:\\\/\\\/adf-magazine.com\\\/\",\"name\":\"Africa Defense Forum\",\"description\":\"Africa Defense Forum\",\"potentialAction\":[{\"@type\":\"SearchAction\",\"target\":{\"@type\":\"EntryPoint\",\"urlTemplate\":\"https:\\\/\\\/adf-magazine.com\\\/?s={search_term_string}\"},\"query-input\":{\"@type\":\"PropertyValueSpecification\",\"valueRequired\":true,\"valueName\":\"search_term_string\"}}],\"inLanguage\":\"pt-PT\"},{\"@type\":\"Person\",\"@id\":\"https:\\\/\\\/adf-magazine.com\\\/#\\\/schema\\\/person\\\/f266a6061389568b5a11465bb38bc025\",\"name\":\"ADF\",\"image\":{\"@type\":\"ImageObject\",\"inLanguage\":\"pt-PT\",\"@id\":\"https:\\\/\\\/adf-magazine.com\\\/wp-content\\\/uploads\\\/2020\\\/05\\\/cropped-ADF_icon.jpg\",\"url\":\"https:\\\/\\\/adf-magazine.com\\\/wp-content\\\/uploads\\\/2020\\\/05\\\/cropped-ADF_icon.jpg\",\"contentUrl\":\"https:\\\/\\\/adf-magazine.com\\\/wp-content\\\/uploads\\\/2020\\\/05\\\/cropped-ADF_icon.jpg\",\"caption\":\"ADF\"},\"description\":\"ADF is a professional military magazine published quarterly by U.S. Africa Command to provide an international forum for African security professionals. ADF covers topics such as counter terrorism strategies, security and defense operations, transnational crime, and all other issues affecting peace, stability, and good governance on the African continent.\",\"sameAs\":[\"https:\\\/\\\/x.com\\\/ADFmagazine\"],\"url\":\"https:\\\/\\\/adf-magazine.com\\\/pt-pt\\\/author\\\/adf\\\/\"}]}<\/script>\n<!-- \/ Yoast SEO plugin. -->","yoast_head_json":{"title":"Reintegrando Antigos Extremistas - Africa Defense Forum","robots":{"index":"index","follow":"follow","max-snippet":"max-snippet:-1","max-image-preview":"max-image-preview:large","max-video-preview":"max-video-preview:-1"},"canonical":"https:\/\/adf-magazine.com\/pt-pt\/2020\/09\/reintegrando-antigos-extremistas\/","og_locale":"pt_PT","og_type":"article","og_title":"Reintegrando Antigos Extremistas - Africa Defense Forum","og_description":"EQUIPA DA ADF | FOTOS DA REUTERS Se h\u00e1 um pa\u00eds que sabe lidar com o desarmamento, desmobiliza\u00e7\u00e3o e reintegra\u00e7\u00e3o de combatentes inimigos, este seria o Uganda, com a sua experi\u00eancia com o Ex\u00e9rcito de Resist\u00eancia do Senhor. O Ex\u00e9rcito de Resist\u00eancia do Senhor, ou LRA, de Joseph Kony, est\u00e1 praticamente inactivo hoje em dia,","og_url":"https:\/\/adf-magazine.com\/pt-pt\/2020\/09\/reintegrando-antigos-extremistas\/","og_site_name":"Africa Defense Forum","article_publisher":"https:\/\/www.facebook.com\/ADFmagazine\/","article_published_time":"2020-09-14T19:46:44+00:00","article_modified_time":"2020-09-21T16:58:15+00:00","og_image":[{"width":1080,"height":717,"url":"https:\/\/adf-magazine.com\/wp-content\/uploads\/2020\/09\/ddr-kids.jpg","type":"image\/jpeg"}],"author":"ADF","twitter_card":"summary_large_image","twitter_image":"https:\/\/adf-magazine.com\/wp-content\/uploads\/2020\/09\/ddr-kids.jpg","twitter_creator":"@ADFmagazine","twitter_site":"@ADFmagazine","twitter_misc":{"Escrito por":"ADF","Tempo estimado de leitura":"7 minutos"},"schema":{"@context":"https:\/\/schema.org","@graph":[{"@type":"Article","@id":"https:\/\/adf-magazine.com\/pt-pt\/2020\/09\/reintegrando-antigos-extremistas\/#article","isPartOf":{"@id":"https:\/\/adf-magazine.com\/pt-pt\/2020\/09\/reintegrando-antigos-extremistas\/"},"author":{"name":"ADF","@id":"https:\/\/adf-magazine.com\/#\/schema\/person\/f266a6061389568b5a11465bb38bc025"},"headline":"Reintegrando Antigos Extremistas","datePublished":"2020-09-14T19:46:44+00:00","dateModified":"2020-09-21T16:58:15+00:00","mainEntityOfPage":{"@id":"https:\/\/adf-magazine.com\/pt-pt\/2020\/09\/reintegrando-antigos-extremistas\/"},"wordCount":1464,"commentCount":0,"image":{"@id":"https:\/\/adf-magazine.com\/pt-pt\/2020\/09\/reintegrando-antigos-extremistas\/#primaryimage"},"thumbnailUrl":"https:\/\/adf-magazine.com\/wp-content\/uploads\/2020\/09\/ddr-hands.jpg","articleSection":["Reportagens"],"inLanguage":"pt-PT","potentialAction":[{"@type":"CommentAction","name":"Comment","target":["https:\/\/adf-magazine.com\/pt-pt\/2020\/09\/reintegrando-antigos-extremistas\/#respond"]}]},{"@type":"WebPage","@id":"https:\/\/adf-magazine.com\/pt-pt\/2020\/09\/reintegrando-antigos-extremistas\/","url":"https:\/\/adf-magazine.com\/pt-pt\/2020\/09\/reintegrando-antigos-extremistas\/","name":"Reintegrando Antigos Extremistas - Africa Defense Forum","isPartOf":{"@id":"https:\/\/adf-magazine.com\/#website"},"primaryImageOfPage":{"@id":"https:\/\/adf-magazine.com\/pt-pt\/2020\/09\/reintegrando-antigos-extremistas\/#primaryimage"},"image":{"@id":"https:\/\/adf-magazine.com\/pt-pt\/2020\/09\/reintegrando-antigos-extremistas\/#primaryimage"},"thumbnailUrl":"https:\/\/adf-magazine.com\/wp-content\/uploads\/2020\/09\/ddr-hands.jpg","datePublished":"2020-09-14T19:46:44+00:00","dateModified":"2020-09-21T16:58:15+00:00","author":{"@id":"https:\/\/adf-magazine.com\/#\/schema\/person\/f266a6061389568b5a11465bb38bc025"},"breadcrumb":{"@id":"https:\/\/adf-magazine.com\/pt-pt\/2020\/09\/reintegrando-antigos-extremistas\/#breadcrumb"},"inLanguage":"pt-PT","potentialAction":[{"@type":"ReadAction","target":["https:\/\/adf-magazine.com\/pt-pt\/2020\/09\/reintegrando-antigos-extremistas\/"]}]},{"@type":"ImageObject","inLanguage":"pt-PT","@id":"https:\/\/adf-magazine.com\/pt-pt\/2020\/09\/reintegrando-antigos-extremistas\/#primaryimage","url":"https:\/\/adf-magazine.com\/wp-content\/uploads\/2020\/09\/ddr-hands.jpg","contentUrl":"https:\/\/adf-magazine.com\/wp-content\/uploads\/2020\/09\/ddr-hands.jpg","width":1080,"height":749},{"@type":"BreadcrumbList","@id":"https:\/\/adf-magazine.com\/pt-pt\/2020\/09\/reintegrando-antigos-extremistas\/#breadcrumb","itemListElement":[{"@type":"ListItem","position":1,"name":"Home","item":"https:\/\/adf-magazine.com\/"},{"@type":"ListItem","position":2,"name":"Reintegrando Antigos Extremistas"}]},{"@type":"WebSite","@id":"https:\/\/adf-magazine.com\/#website","url":"https:\/\/adf-magazine.com\/","name":"Africa Defense Forum","description":"Africa Defense Forum","potentialAction":[{"@type":"SearchAction","target":{"@type":"EntryPoint","urlTemplate":"https:\/\/adf-magazine.com\/?s={search_term_string}"},"query-input":{"@type":"PropertyValueSpecification","valueRequired":true,"valueName":"search_term_string"}}],"inLanguage":"pt-PT"},{"@type":"Person","@id":"https:\/\/adf-magazine.com\/#\/schema\/person\/f266a6061389568b5a11465bb38bc025","name":"ADF","image":{"@type":"ImageObject","inLanguage":"pt-PT","@id":"https:\/\/adf-magazine.com\/wp-content\/uploads\/2020\/05\/cropped-ADF_icon.jpg","url":"https:\/\/adf-magazine.com\/wp-content\/uploads\/2020\/05\/cropped-ADF_icon.jpg","contentUrl":"https:\/\/adf-magazine.com\/wp-content\/uploads\/2020\/05\/cropped-ADF_icon.jpg","caption":"ADF"},"description":"ADF is a professional military magazine published quarterly by U.S. Africa Command to provide an international forum for African security professionals. ADF covers topics such as counter terrorism strategies, security and defense operations, transnational crime, and all other issues affecting peace, stability, and good governance on the African continent.","sameAs":["https:\/\/x.com\/ADFmagazine"],"url":"https:\/\/adf-magazine.com\/pt-pt\/author\/adf\/"}]}},"_links":{"self":[{"href":"https:\/\/adf-magazine.com\/pt-pt\/wp-json\/wp\/v2\/posts\/17850","targetHints":{"allow":["GET"]}}],"collection":[{"href":"https:\/\/adf-magazine.com\/pt-pt\/wp-json\/wp\/v2\/posts"}],"about":[{"href":"https:\/\/adf-magazine.com\/pt-pt\/wp-json\/wp\/v2\/types\/post"}],"author":[{"embeddable":true,"href":"https:\/\/adf-magazine.com\/pt-pt\/wp-json\/wp\/v2\/users\/1"}],"replies":[{"embeddable":true,"href":"https:\/\/adf-magazine.com\/pt-pt\/wp-json\/wp\/v2\/comments?post=17850"}],"version-history":[{"count":0,"href":"https:\/\/adf-magazine.com\/pt-pt\/wp-json\/wp\/v2\/posts\/17850\/revisions"}],"wp:featuredmedia":[{"embeddable":true,"href":"https:\/\/adf-magazine.com\/pt-pt\/wp-json\/wp\/v2\/media\/17280"}],"wp:attachment":[{"href":"https:\/\/adf-magazine.com\/pt-pt\/wp-json\/wp\/v2\/media?parent=17850"}],"wp:term":[{"taxonomy":"category","embeddable":true,"href":"https:\/\/adf-magazine.com\/pt-pt\/wp-json\/wp\/v2\/categories?post=17850"},{"taxonomy":"post_tag","embeddable":true,"href":"https:\/\/adf-magazine.com\/pt-pt\/wp-json\/wp\/v2\/tags?post=17850"}],"curies":[{"name":"wp","href":"https:\/\/api.w.org\/{rel}","templated":true}]}}