{"id":17834,"date":"2020-09-14T14:56:41","date_gmt":"2020-09-14T18:56:41","guid":{"rendered":"https:\/\/adf-magazine.com\/?p=17834"},"modified":"2020-09-21T13:21:05","modified_gmt":"2020-09-21T17:21:05","slug":"um-enigma-mortal","status":"publish","type":"post","link":"https:\/\/adf-magazine.com\/pt-pt\/2020\/09\/um-enigma-mortal\/","title":{"rendered":"Um Enigma Mortal"},"content":{"rendered":"<p>EQUIPA DA <i>ADF<\/i><\/p>\n<p>Aprolifera\u00e7\u00e3o de grupos armados no segundo maior pa\u00eds da \u00c1frica desestabilizou a na\u00e7\u00e3o durante d\u00e9cadas, mas um incidente, em Dezembro de 2017, chamou novamente a aten\u00e7\u00e3o para os perigos presentes na Rep\u00fablica Democr\u00e1tica do Congo (RDC).<\/p>\n<p>As For\u00e7as Democr\u00e1ticas Aliadas atacaram o pessoal das Na\u00e7\u00f5es Unidas na prov\u00edncia do Kivu do Norte, no leste da RDC, matando 15 membros das for\u00e7as de manuten\u00e7\u00e3o da paz e pelo menos cinco militares nacionais e ferindo outros 53.<\/p>\n<p>O tiroteio de tr\u00eas horas destruiu pelo menos um blindado para transporte de pessoal, informaram as autoridades da ONU ao <i>The Washington Post<\/i>. \u201cEste \u00e9 o pior ataque contra as for\u00e7as de manuten\u00e7\u00e3o da paz da ONU na hist\u00f3ria recente da organiza\u00e7\u00e3o\u201d, disse o secret\u00e1rio-geral Ant\u00f3nio Guterres na altura.<\/p>\n<p>As For\u00e7as Democr\u00e1ticas Aliadas, estimadas em 1.500 militantes armados, foram respons\u00e1veis por outros ataques \u00e0s for\u00e7as de manuten\u00e7\u00e3o da paz na RDC: um em Julho de 2013 e outro em Mar\u00e7o de 2014, de acordo com uma ficha informativa da ONU. O grupo \u00e9 apenas um dos cerca de 70 grupos militantes armados e mil\u00edcias que fomentam a viol\u00eancia nos 2,3 milh\u00f5es de quil\u00f3metros quadrados da RDC.<\/p>\n<p><strong>A G\u00c9NESE DO GRUPO<\/strong><\/p>\n<p>Embora agora mais activo na RDC, as For\u00e7as Democr\u00e1ticas Aliadas foram formadas no vizinho Uganda, em 1995. Elementos radicais da seita mu\u00e7ulmana Tabliq do Uganda juntaram-se aos militantes de Bakonjo que tinham participado do movimento Rwenzuru, de acordo com um artigo de 2019 da Dra. Eleanor Beevor, do Instituto Internacional de Estudos Estrat\u00e9gicos. O movimento secessionista Rwenzuru foi assim nomeado em homenagem ao reino das Montanhas Rwenzori, no Oeste do Uganda.<\/p>\n<p>A composi\u00e7\u00e3o social e \u00e9tnica do grupo ajudou a operar ao longo das fronteiras do Uganda e da RDC. Os Bakonjo do Uganda est\u00e3o ligados, por cultura e l\u00edngua, ao povo Banande da RDC. Apenas o artif\u00edcio de uma fronteira colonial separou-os no s\u00e9culo XX.<\/p>\n<figure id=\"attachment_17372\" aria-describedby=\"caption-attachment-17372\" style=\"width: 1080px\" class=\"wp-caption aligncenter\"><a href=\"https:\/\/adf-magazine.com\/wp-content\/uploads\/2020\/09\/GettyImages-1185488027_edit.jpg\"><img fetchpriority=\"high\" decoding=\"async\" class=\"size-full wp-image-17372\" src=\"https:\/\/adf-magazine.com\/wp-content\/uploads\/2020\/09\/GettyImages-1185488027_edit.jpg\" alt=\"\" width=\"1080\" height=\"720\" srcset=\"https:\/\/adf-magazine.com\/wp-content\/uploads\/2020\/09\/GettyImages-1185488027_edit.jpg 1080w, https:\/\/adf-magazine.com\/wp-content\/uploads\/2020\/09\/GettyImages-1185488027_edit-300x200.jpg 300w, https:\/\/adf-magazine.com\/wp-content\/uploads\/2020\/09\/GettyImages-1185488027_edit-1024x683.jpg 1024w, https:\/\/adf-magazine.com\/wp-content\/uploads\/2020\/09\/GettyImages-1185488027_edit-768x512.jpg 768w, https:\/\/adf-magazine.com\/wp-content\/uploads\/2020\/09\/GettyImages-1185488027_edit-272x182.jpg 272w\" sizes=\"(max-width: 1080px) 100vw, 1080px\" \/><\/a><figcaption id=\"caption-attachment-17372\" class=\"wp-caption-text\">Pessoas re\u00fanem-se em Oicha, RDC, em Novembro de 2019, para homenagear as 27 v\u00edtimas golpeadas at\u00e9 \u00e0 morte por militantes das For\u00e7as Democr\u00e1ticas Aliadas. AFP\/GETTY IMAGES<\/figcaption><\/figure>\n<p>Beevor escreveu que as For\u00e7as Democr\u00e1ticas Aliadas fugiram para a prov\u00edncia do Kivu do Norte, na RDC, quando o pa\u00eds ainda era conhecido como Zaire. O ent\u00e3o ditador do pa\u00eds, Mobutu Sese Seko, e seu sucessor, Laurent Kabila, permitiram que o grupo armado percorresse a regi\u00e3o fronteiri\u00e7a para impedir incurs\u00f5es ruandesas e ugandesas.<\/p>\n<p>Isso deixou o grupo \u201clivre para se envolver em parcerias vantajosas e de curto prazo com outros grupos rebeldes, com vista a beneficiar-se do com\u00e9rcio il\u00edcito nas fronteiras e para procurar o apoio de actores internacionais\u201d, escreveu Beevor. \u201cO Sud\u00e3o, por exemplo, enviava regularmente armas e fundos ao grupo.\u201d<\/p>\n<p>Paul Nantulya, um associado de pesquisa do Centro Africano de Estudos Estrat\u00e9gicos, escreveu em Fevereiro de 2019 que as For\u00e7as Democr\u00e1ticas Aliadas \u201cassumiram muitas facetas que v\u00e3o desde Salafi-Jihadi a nacionalistas seculares, etnonacionalistas e secessionistas, com cada uma voltada para diferentes p\u00fablicos e empregada para diferentes prop\u00f3sitos.\u201d<\/p>\n<p>Numa regi\u00e3o famosa por dezenas de grupos armados, cada um com interesses peculiares e por vezes concorrentes, as For\u00e7as Democr\u00e1ticas Aliadas demonstraram uma vontade crescente de recorrer \u00e0 viol\u00eancia feroz. De 2017 a 2018, os incidentes violentos atribu\u00eddos ao grupo cresceram de 38 para 132, escreveu Nantulya. \u00c9 um aumento de 247 por cento. No mesmo per\u00edodo, as mortes duplicaram para 415. O grupo assassinou centenas de civis desde 2014.<\/p>\n<p><strong>LIGA\u00c7\u00d5ES COM O ESTADO ISL\u00c2MICO?<\/strong><\/p>\n<p>Se calhar o mais estranho a observar s\u00e3o os recentes namoros do grupo com o Estado Isl\u00e2mico. Um relat\u00f3rio de 2018, publicado no The Defense Post, indica que o grupo tem liga\u00e7\u00f5es com influ\u00eancias isl\u00e2micas em Uganda.<\/p>\n<p>N\u00e3o se sabe at\u00e9 que ponto o grupo pode estar alinhado com o Estado Isl\u00e2mico. Entretanto, o Grupo de Pesquisa do Congo (CRG), que se centra no conflito da RDC analisou 35 v\u00eddeos em canais das redes sociais entre 2016 e 2017. O relat\u00f3rio do grupo de pesquisa mostrou uma \u201cmudan\u00e7a na ret\u00f3rica empregada pelo movimento, de uma guerra contra o governo ugand\u00eas para uma luta mais ampla a favor do Islamismo.\u201d<\/p>\n<p>De acordo com o CRG, as For\u00e7as Democr\u00e1ticas Aliadas t\u00eam chamado a si mesmas de \u201cMadina em Tauheed Wau Mujahedeen\u201d desde 2010. O nome significa \u201ca cidade do monote\u00edsmo e daqueles que afirmam o mesmo.\u201d Alguns dos v\u00eddeos do grupo incluem uma bandeira semelhante \u00e0s usadas pelo Estado Isl\u00e2mico, al-Shabaab, al-Qaida e Boko Haram. Eles tamb\u00e9m enfatizam a import\u00e2ncia das interpreta\u00e7\u00f5es radicais e violentas do Alcor\u00e3o. De acordo com o CRG, o islamismo radical n\u00e3o \u00e9 novo para o grupo, mas a \u00eanfase nele tem variado ao longo do tempo.<\/p>\n<figure id=\"attachment_17340\" aria-describedby=\"caption-attachment-17340\" style=\"width: 1080px\" class=\"wp-caption aligncenter\"><a href=\"https:\/\/adf-magazine.com\/wp-content\/uploads\/2020\/09\/GettyImages-1060137870_edit.jpg\"><img decoding=\"async\" class=\"size-full wp-image-17340\" src=\"https:\/\/adf-magazine.com\/wp-content\/uploads\/2020\/09\/GettyImages-1060137870_edit.jpg\" alt=\"\" width=\"1080\" height=\"720\" srcset=\"https:\/\/adf-magazine.com\/wp-content\/uploads\/2020\/09\/GettyImages-1060137870_edit.jpg 1080w, https:\/\/adf-magazine.com\/wp-content\/uploads\/2020\/09\/GettyImages-1060137870_edit-300x200.jpg 300w, https:\/\/adf-magazine.com\/wp-content\/uploads\/2020\/09\/GettyImages-1060137870_edit-1024x683.jpg 1024w, https:\/\/adf-magazine.com\/wp-content\/uploads\/2020\/09\/GettyImages-1060137870_edit-768x512.jpg 768w, https:\/\/adf-magazine.com\/wp-content\/uploads\/2020\/09\/GettyImages-1060137870_edit-272x182.jpg 272w\" sizes=\"(max-width: 1080px) 100vw, 1080px\" \/><\/a><figcaption id=\"caption-attachment-17340\" class=\"wp-caption-text\">Depois de um ataque das For\u00e7as Democr\u00e1ticas Aliadas em Novembro de 2018, homens congoleses olham para um carro atingido por um morteiro. AFP\/GETTY IMAGES<\/figcaption><\/figure>\n<p>Nantulya escreveu que v\u00eddeos e documentos apreendidos pela miss\u00e3o de manuten\u00e7\u00e3o da paz das Na\u00e7\u00f5es Unidas na RDC parecem indicar que as For\u00e7as Democr\u00e1ticas Aliadas est\u00e3o focadas em estabelecer um califado regional. Ele argumenta que a prolifera\u00e7\u00e3o de \u201cnarrativas inspiradas no Estado Isl\u00e2mico\u201d, em propaganda, \u00e9 paralela ao \u201cretorno do grupo \u00e0s suas ra\u00edzes salafitas para que pudesse explorar as redes Jihad-Salafi, na \u00c1frica Oriental.\u201d<\/p>\n<p>Esses esfor\u00e7os, afirma Nantulya, aumentaram depois que o grupo perdeu territ\u00f3rio consider\u00e1vel em confrontos militares com for\u00e7as congolesas, ugandesas e da ONU. Grandes ofensivas em 2011, 2013 e 2015-2016 reduziram as fileiras do grupo para apenas algumas centenas de militantes. A captura do l\u00edder Jamil Mukulu, na Tanz\u00e2nia, em 2015, tamb\u00e9m representou um golpe para o grupo militante. Ele continua sob cust\u00f3dia no Uganda.<\/p>\n<p><strong>A VIOL\u00caNCIA INTENSIFICA-SE<\/strong><\/p>\n<p>A resposta do grupo para estas perdas diante das for\u00e7as militares foi um ataque contra civis em Beni, Bunia, Butembo e Eringeti para castig\u00e1-los por considerada conspira\u00e7\u00e3o com o governo. O aumento nos ataques correspondia com a propaganda \u00e9tnica e jihadista, escreveu Nantulya.<\/p>\n<p>A viol\u00eancia continua. De acordo com um relat\u00f3rio da rede \u00e1rabe de televis\u00e3o Al-Jazeera, de Dezembro de 2019, pelo menos 17 pessoas foram golpeadas at\u00e9 \u00e0 morte em dois ataques atribu\u00eddos \u00e0s For\u00e7as Democr\u00e1ticas Aliadas. O porta-voz militar da RDC, General Leon Richard Kasonga, disse ao servi\u00e7o de not\u00edcias que o Ex\u00e9rcito tamb\u00e9m encontrou \u201cuma f\u00e1brica para produ\u00e7\u00e3o em grande escala de bombas caseiras\u201d no acampamento do grupo que foi capturado pelos soldados.<\/p>\n<p>Os ataques de Dezembro faziam parte de uma s\u00e9rie de assassinatos em massa em resposta \u00e0s opera\u00e7\u00f5es do Ex\u00e9rcito contra o grupo, as quais come\u00e7aram nos finais de Outubro de 2019. Os militantes tinham assassinado pelo menos 100 pessoas entre 5 de Novembro e 5 de Dezembro de 2019, para desencorajar os civis de ajudar as for\u00e7as de seguran\u00e7a, informou Al-Jazeera.<\/p>\n<figure id=\"attachment_17336\" aria-describedby=\"caption-attachment-17336\" style=\"width: 1080px\" class=\"wp-caption aligncenter\"><a href=\"https:\/\/adf-magazine.com\/wp-content\/uploads\/2020\/09\/GettyImages-958435544_edit.jpg\"><img decoding=\"async\" class=\"size-full wp-image-17336\" src=\"https:\/\/adf-magazine.com\/wp-content\/uploads\/2020\/09\/GettyImages-958435544_edit.jpg\" alt=\"\" width=\"1080\" height=\"736\" srcset=\"https:\/\/adf-magazine.com\/wp-content\/uploads\/2020\/09\/GettyImages-958435544_edit.jpg 1080w, https:\/\/adf-magazine.com\/wp-content\/uploads\/2020\/09\/GettyImages-958435544_edit-300x204.jpg 300w, https:\/\/adf-magazine.com\/wp-content\/uploads\/2020\/09\/GettyImages-958435544_edit-1024x698.jpg 1024w, https:\/\/adf-magazine.com\/wp-content\/uploads\/2020\/09\/GettyImages-958435544_edit-768x523.jpg 768w\" sizes=\"(max-width: 1080px) 100vw, 1080px\" \/><\/a><figcaption id=\"caption-attachment-17336\" class=\"wp-caption-text\">O l\u00edder das For\u00e7as Democr\u00e1ticas Aliadas, Jamil Mukulu, est\u00e1 sob cust\u00f3dia no Uganda. AFP\/GETTY IMAGES<\/figcaption><\/figure>\n<p>Apesar da sua hostilidade \u00e0s popula\u00e7\u00f5es locais, o grupo militante continuou a espalhar propaganda jihadista e trouxe recrutas de todo o Burundi, Ruanda, Tanz\u00e2nia e Uganda, escreveu Nantulya. Na verdade, o grupo tamb\u00e9m tem c\u00e9lulas de recrutamento na \u00c1frica do Sul e na Tanz\u00e2nia.<\/p>\n<p>O ressentimento p\u00fablico pelo grupo \u00e9 alto, mas a fus\u00e3o de grupos armados na RDC, juntamente com a incapacidade do governo de providenciar servi\u00e7os, tem impedido oportunidades de isolar os militantes. Informa\u00e7\u00f5es sobre as finan\u00e7as do grupo s\u00e3o escassas, mas um relat\u00f3rio da ONU indica que se beneficia de financiamento externo.<\/p>\n<p><strong>CONTRA-ATACAR OS MILITANTES<\/strong><\/p>\n<p>As For\u00e7as Democr\u00e1ticas Aliadas provaram ser engenhosas e resistentes ao sobreviver entre dezenas de grupos armados diferentes, apesar da press\u00e3o implac\u00e1vel das for\u00e7as armadas nacionais e das for\u00e7as internacionais de manuten\u00e7\u00e3o da paz. Adaptaram-se \u00e0 mudan\u00e7a dos contextos sociais, ajustando-se constantemente \u00e0s queixas locais para avan\u00e7ar a sua narrativa. Elas t\u00eam estado dispostas a usar qualquer mensagem que funcione para continuar o recrutamento.<\/p>\n<p>Desalojar o grupo do interior da RDC continuar\u00e1 a ser uma tarefa dif\u00edcil. Aqueles que lutam contra as For\u00e7as Democr\u00e1ticas Aliadas ter\u00e3o de estabelecer e manter redes de informa\u00e7\u00e3o eficazes e uma forte coopera\u00e7\u00e3o regional. Para esse fim, argumenta Nantulya, a Confer\u00eancia Internacional sobre a Regi\u00e3o dos Grandes Lagos pode desempenhar um papel importante.<\/p>\n<p>Em 2017, a organiza\u00e7\u00e3o inaugurou um centro nevr\u00e1lgico de intelig\u00eancia em Kasese, Uganda, perto da fronteira com a RDC. O centro \u00e9 composto por oito especialistas em seguran\u00e7a da RDC, Qu\u00eania, Tanz\u00e2nia e Uganda, com funcion\u00e1rios que os auxiliam, de acordo com a Ag\u00eancia France-Presse. Come\u00e7ou com um investimento de 600.000 d\u00f3lares e \u00e9 financiado pelos quatro principais Estados-Membros.<\/p>\n<figure id=\"attachment_17344\" aria-describedby=\"caption-attachment-17344\" style=\"width: 1080px\" class=\"wp-caption aligncenter\"><a href=\"https:\/\/adf-magazine.com\/wp-content\/uploads\/2020\/09\/GettyImages-1061395102_edit.jpg\"><img loading=\"lazy\" decoding=\"async\" class=\"size-full wp-image-17344\" src=\"https:\/\/adf-magazine.com\/wp-content\/uploads\/2020\/09\/GettyImages-1061395102_edit.jpg\" alt=\"\" width=\"1080\" height=\"720\" srcset=\"https:\/\/adf-magazine.com\/wp-content\/uploads\/2020\/09\/GettyImages-1061395102_edit.jpg 1080w, https:\/\/adf-magazine.com\/wp-content\/uploads\/2020\/09\/GettyImages-1061395102_edit-300x200.jpg 300w, https:\/\/adf-magazine.com\/wp-content\/uploads\/2020\/09\/GettyImages-1061395102_edit-1024x683.jpg 1024w, https:\/\/adf-magazine.com\/wp-content\/uploads\/2020\/09\/GettyImages-1061395102_edit-768x512.jpg 768w, https:\/\/adf-magazine.com\/wp-content\/uploads\/2020\/09\/GettyImages-1061395102_edit-272x182.jpg 272w\" sizes=\"(max-width: 1080px) 100vw, 1080px\" \/><\/a><figcaption id=\"caption-attachment-17344\" class=\"wp-caption-text\">Soldados tanzanianos da miss\u00e3o de manuten\u00e7\u00e3o da paz das Na\u00e7\u00f5es Unidas na RDC procuram militantes das For\u00e7as Democr\u00e1ticas Aliadas.\u00a0AFP\/GETTY IMAGES<\/figcaption><\/figure>\n<p>\u201cLogo que a informa\u00e7\u00e3o de intelig\u00eancia for recebida no centro, ser\u00e1 analisada pelos especialistas, investigada e divulgada aos pa\u00edses membros para tomada de medidas\u201d, disse o porta-voz do Ex\u00e9rcito do Uganda, Brigadeiro Richard Karemire, \u00e0 Ag\u00eancia France-Presse.<\/p>\n<p>Nantulya disse que a For\u00e7a-Tarefa Regional liderada pela Uni\u00e3o Africana para a Elimina\u00e7\u00e3o do Ex\u00e9rcito de Resist\u00eancia do Senhor (LRA) tamb\u00e9m pode servir como um modelo \u00fatil. \u201cOs esfor\u00e7os combinados das for\u00e7as de Uganda, Sud\u00e3o do Sul e Rep\u00fablica Centro-Africana, apoiados por agentes e conselheiros da intelig\u00eancia t\u00e9cnica dos EUA, desempenharam um papel importante para quebrar a espinha dorsal da rebeli\u00e3o do LRA\u201d, escreveu Nantulya.<\/p>\n<p>A For\u00e7a-Tarefa Regional do LRA utilizou mais de 3.000 soldados, que inclu\u00edram 2.000 de Uganda, 500 da RDC, 500 do Sud\u00e3o do Sul e 85 da Rep\u00fablica Centro-Africana. A opera\u00e7\u00e3o come\u00e7ou em Agosto de 2013 e foi designada Opera\u00e7\u00e3o Mon\u00e7\u00e3o. Agora, o LRA \u00e9 uma amea\u00e7a muito menor na regi\u00e3o.<\/p>\n<figure id=\"attachment_17476\" aria-describedby=\"caption-attachment-17476\" style=\"width: 1080px\" class=\"wp-caption aligncenter\"><a href=\"https:\/\/adf-magazine.com\/wp-content\/uploads\/2020\/09\/RTS299ER_edit.jpg\"><img loading=\"lazy\" decoding=\"async\" class=\"size-full wp-image-17476\" src=\"https:\/\/adf-magazine.com\/wp-content\/uploads\/2020\/09\/RTS299ER_edit.jpg\" alt=\"\" width=\"1080\" height=\"733\" srcset=\"https:\/\/adf-magazine.com\/wp-content\/uploads\/2020\/09\/RTS299ER_edit.jpg 1080w, https:\/\/adf-magazine.com\/wp-content\/uploads\/2020\/09\/RTS299ER_edit-300x204.jpg 300w, https:\/\/adf-magazine.com\/wp-content\/uploads\/2020\/09\/RTS299ER_edit-1024x695.jpg 1024w, https:\/\/adf-magazine.com\/wp-content\/uploads\/2020\/09\/RTS299ER_edit-768x521.jpg 768w\" sizes=\"(max-width: 1080px) 100vw, 1080px\" \/><\/a><figcaption id=\"caption-attachment-17476\" class=\"wp-caption-text\">Uma mulher chora depois de cinco outras terem sido assassinadas em Paida, perto de Beni, na prov\u00edncia do Kivu do Norte, na RDC. As For\u00e7as Democr\u00e1ticas Aliadas assassinaram 18 pessoas naquela zona em dois dias. REUTERS<\/figcaption><\/figure>\n<p>Por \u00faltimo, uma estrat\u00e9gia bem-sucedida deve abordar a falta de autoridade governamental central e local e de presta\u00e7\u00e3o de servi\u00e7os no Leste da RDC. O Uganda tem sido mais bem-sucedido nisso e, como resultado, a capacidade do grupo militante de manter territ\u00f3rio naquele pa\u00eds foi impedida.<\/p>\n<p>A \u201ccapacidade dos militantes de mobilizar e explorar os sentimentos locais em v\u00e1rios cen\u00e1rios sociais, culturais, religiosos e pol\u00edticos ressalta a necessidade de estrat\u00e9gias de envolvimento p\u00fablico robustas\u201d, escreveu Nantulya. \u201cEnquanto [o grupo] puder continuar a explorar m\u00faltiplas queixas religiosas e seculares, uma solu\u00e7\u00e3o duradoura continuar\u00e1 a ser uma miragem.\u201d<span class=\"Apple-converted-space\">\u00a0\u00a0<\/span><\/p>\n","protected":false},"excerpt":{"rendered":"<p>EQUIPA DA ADF Aprolifera\u00e7\u00e3o de grupos armados no segundo maior pa\u00eds da \u00c1frica desestabilizou a na\u00e7\u00e3o durante d\u00e9cadas, mas um incidente, em Dezembro de 2017, chamou novamente a aten\u00e7\u00e3o para os perigos presentes na Rep\u00fablica Democr\u00e1tica do Congo (RDC). As For\u00e7as Democr\u00e1ticas Aliadas atacaram o pessoal das Na\u00e7\u00f5es Unidas na prov\u00edncia do Kivu do Norte,<\/p>\n","protected":false},"author":1,"featured_media":17276,"comment_status":"open","ping_status":"open","sticky":false,"template":"","format":"standard","meta":{"_acf_changed":false,"_monsterinsights_skip_tracking":false,"_monsterinsights_sitenote_active":false,"_monsterinsights_sitenote_note":"","_monsterinsights_sitenote_category":0,"_uf_show_specific_survey":0,"_uf_disable_surveys":false,"footnotes":""},"categories":[334],"tags":[],"class_list":{"0":"post-17834","1":"post","2":"type-post","3":"status-publish","4":"format-standard","5":"has-post-thumbnail","7":"category-reportagens"},"acf":[],"yoast_head":"<!-- This site is optimized with the Yoast SEO plugin v27.4 - https:\/\/yoast.com\/product\/yoast-seo-wordpress\/ -->\n<title>Um Enigma Mortal - Africa Defense Forum<\/title>\n<meta name=\"robots\" content=\"index, follow, max-snippet:-1, max-image-preview:large, max-video-preview:-1\" \/>\n<link rel=\"canonical\" href=\"https:\/\/adf-magazine.com\/pt-pt\/2020\/09\/um-enigma-mortal\/\" \/>\n<meta property=\"og:locale\" content=\"pt_PT\" \/>\n<meta property=\"og:type\" content=\"article\" \/>\n<meta property=\"og:title\" content=\"Um Enigma Mortal - Africa Defense Forum\" \/>\n<meta property=\"og:description\" content=\"EQUIPA DA ADF Aprolifera\u00e7\u00e3o de grupos armados no segundo maior pa\u00eds da \u00c1frica desestabilizou a na\u00e7\u00e3o durante d\u00e9cadas, mas um incidente, em Dezembro de 2017, chamou novamente a aten\u00e7\u00e3o para os perigos presentes na Rep\u00fablica Democr\u00e1tica do Congo (RDC). As For\u00e7as Democr\u00e1ticas Aliadas atacaram o pessoal das Na\u00e7\u00f5es Unidas na prov\u00edncia do Kivu do Norte,\" \/>\n<meta property=\"og:url\" content=\"https:\/\/adf-magazine.com\/pt-pt\/2020\/09\/um-enigma-mortal\/\" \/>\n<meta property=\"og:site_name\" content=\"Africa Defense Forum\" \/>\n<meta property=\"article:publisher\" content=\"https:\/\/www.facebook.com\/ADFmagazine\/\" \/>\n<meta property=\"article:published_time\" content=\"2020-09-14T18:56:41+00:00\" \/>\n<meta property=\"article:modified_time\" content=\"2020-09-21T17:21:05+00:00\" \/>\n<meta property=\"og:image\" content=\"https:\/\/adf-magazine.com\/wp-content\/uploads\/2020\/09\/GettyImages-1185488027_edit.jpg\" \/>\n\t<meta property=\"og:image:width\" content=\"1080\" \/>\n\t<meta property=\"og:image:height\" content=\"720\" \/>\n\t<meta property=\"og:image:type\" content=\"image\/jpeg\" \/>\n<meta name=\"author\" content=\"ADF\" \/>\n<meta name=\"twitter:card\" content=\"summary_large_image\" \/>\n<meta name=\"twitter:image\" content=\"https:\/\/adf-magazine.com\/wp-content\/uploads\/2020\/09\/GettyImages-1185488027_edit.jpg\" \/>\n<meta name=\"twitter:creator\" content=\"@ADFmagazine\" \/>\n<meta name=\"twitter:site\" content=\"@ADFmagazine\" \/>\n<meta name=\"twitter:label1\" content=\"Escrito por\" \/>\n\t<meta name=\"twitter:data1\" content=\"ADF\" \/>\n\t<meta name=\"twitter:label2\" content=\"Tempo estimado de leitura\" \/>\n\t<meta name=\"twitter:data2\" content=\"9 minutos\" \/>\n<script type=\"application\/ld+json\" class=\"yoast-schema-graph\">{\"@context\":\"https:\\\/\\\/schema.org\",\"@graph\":[{\"@type\":\"Article\",\"@id\":\"https:\\\/\\\/adf-magazine.com\\\/pt-pt\\\/2020\\\/09\\\/um-enigma-mortal\\\/#article\",\"isPartOf\":{\"@id\":\"https:\\\/\\\/adf-magazine.com\\\/pt-pt\\\/2020\\\/09\\\/um-enigma-mortal\\\/\"},\"author\":{\"name\":\"ADF\",\"@id\":\"https:\\\/\\\/adf-magazine.com\\\/#\\\/schema\\\/person\\\/f266a6061389568b5a11465bb38bc025\"},\"headline\":\"Um Enigma Mortal\",\"datePublished\":\"2020-09-14T18:56:41+00:00\",\"dateModified\":\"2020-09-21T17:21:05+00:00\",\"mainEntityOfPage\":{\"@id\":\"https:\\\/\\\/adf-magazine.com\\\/pt-pt\\\/2020\\\/09\\\/um-enigma-mortal\\\/\"},\"wordCount\":1901,\"commentCount\":0,\"image\":{\"@id\":\"https:\\\/\\\/adf-magazine.com\\\/pt-pt\\\/2020\\\/09\\\/um-enigma-mortal\\\/#primaryimage\"},\"thumbnailUrl\":\"https:\\\/\\\/adf-magazine.com\\\/wp-content\\\/uploads\\\/2020\\\/09\\\/A-Deadly-Enigma.jpg\",\"articleSection\":[\"Reportagens\"],\"inLanguage\":\"pt-PT\",\"potentialAction\":[{\"@type\":\"CommentAction\",\"name\":\"Comment\",\"target\":[\"https:\\\/\\\/adf-magazine.com\\\/pt-pt\\\/2020\\\/09\\\/um-enigma-mortal\\\/#respond\"]}]},{\"@type\":\"WebPage\",\"@id\":\"https:\\\/\\\/adf-magazine.com\\\/pt-pt\\\/2020\\\/09\\\/um-enigma-mortal\\\/\",\"url\":\"https:\\\/\\\/adf-magazine.com\\\/pt-pt\\\/2020\\\/09\\\/um-enigma-mortal\\\/\",\"name\":\"Um Enigma Mortal - Africa Defense Forum\",\"isPartOf\":{\"@id\":\"https:\\\/\\\/adf-magazine.com\\\/#website\"},\"primaryImageOfPage\":{\"@id\":\"https:\\\/\\\/adf-magazine.com\\\/pt-pt\\\/2020\\\/09\\\/um-enigma-mortal\\\/#primaryimage\"},\"image\":{\"@id\":\"https:\\\/\\\/adf-magazine.com\\\/pt-pt\\\/2020\\\/09\\\/um-enigma-mortal\\\/#primaryimage\"},\"thumbnailUrl\":\"https:\\\/\\\/adf-magazine.com\\\/wp-content\\\/uploads\\\/2020\\\/09\\\/A-Deadly-Enigma.jpg\",\"datePublished\":\"2020-09-14T18:56:41+00:00\",\"dateModified\":\"2020-09-21T17:21:05+00:00\",\"author\":{\"@id\":\"https:\\\/\\\/adf-magazine.com\\\/#\\\/schema\\\/person\\\/f266a6061389568b5a11465bb38bc025\"},\"breadcrumb\":{\"@id\":\"https:\\\/\\\/adf-magazine.com\\\/pt-pt\\\/2020\\\/09\\\/um-enigma-mortal\\\/#breadcrumb\"},\"inLanguage\":\"pt-PT\",\"potentialAction\":[{\"@type\":\"ReadAction\",\"target\":[\"https:\\\/\\\/adf-magazine.com\\\/pt-pt\\\/2020\\\/09\\\/um-enigma-mortal\\\/\"]}]},{\"@type\":\"ImageObject\",\"inLanguage\":\"pt-PT\",\"@id\":\"https:\\\/\\\/adf-magazine.com\\\/pt-pt\\\/2020\\\/09\\\/um-enigma-mortal\\\/#primaryimage\",\"url\":\"https:\\\/\\\/adf-magazine.com\\\/wp-content\\\/uploads\\\/2020\\\/09\\\/A-Deadly-Enigma.jpg\",\"contentUrl\":\"https:\\\/\\\/adf-magazine.com\\\/wp-content\\\/uploads\\\/2020\\\/09\\\/A-Deadly-Enigma.jpg\",\"width\":1080,\"height\":732},{\"@type\":\"BreadcrumbList\",\"@id\":\"https:\\\/\\\/adf-magazine.com\\\/pt-pt\\\/2020\\\/09\\\/um-enigma-mortal\\\/#breadcrumb\",\"itemListElement\":[{\"@type\":\"ListItem\",\"position\":1,\"name\":\"Home\",\"item\":\"https:\\\/\\\/adf-magazine.com\\\/\"},{\"@type\":\"ListItem\",\"position\":2,\"name\":\"Um Enigma Mortal\"}]},{\"@type\":\"WebSite\",\"@id\":\"https:\\\/\\\/adf-magazine.com\\\/#website\",\"url\":\"https:\\\/\\\/adf-magazine.com\\\/\",\"name\":\"Africa Defense Forum\",\"description\":\"Africa Defense Forum\",\"potentialAction\":[{\"@type\":\"SearchAction\",\"target\":{\"@type\":\"EntryPoint\",\"urlTemplate\":\"https:\\\/\\\/adf-magazine.com\\\/?s={search_term_string}\"},\"query-input\":{\"@type\":\"PropertyValueSpecification\",\"valueRequired\":true,\"valueName\":\"search_term_string\"}}],\"inLanguage\":\"pt-PT\"},{\"@type\":\"Person\",\"@id\":\"https:\\\/\\\/adf-magazine.com\\\/#\\\/schema\\\/person\\\/f266a6061389568b5a11465bb38bc025\",\"name\":\"ADF\",\"image\":{\"@type\":\"ImageObject\",\"inLanguage\":\"pt-PT\",\"@id\":\"https:\\\/\\\/adf-magazine.com\\\/wp-content\\\/uploads\\\/2020\\\/05\\\/cropped-ADF_icon.jpg\",\"url\":\"https:\\\/\\\/adf-magazine.com\\\/wp-content\\\/uploads\\\/2020\\\/05\\\/cropped-ADF_icon.jpg\",\"contentUrl\":\"https:\\\/\\\/adf-magazine.com\\\/wp-content\\\/uploads\\\/2020\\\/05\\\/cropped-ADF_icon.jpg\",\"caption\":\"ADF\"},\"description\":\"ADF is a professional military magazine published quarterly by U.S. Africa Command to provide an international forum for African security professionals. ADF covers topics such as counter terrorism strategies, security and defense operations, transnational crime, and all other issues affecting peace, stability, and good governance on the African continent.\",\"sameAs\":[\"https:\\\/\\\/x.com\\\/ADFmagazine\"],\"url\":\"https:\\\/\\\/adf-magazine.com\\\/pt-pt\\\/author\\\/adf\\\/\"}]}<\/script>\n<!-- \/ Yoast SEO plugin. -->","yoast_head_json":{"title":"Um Enigma Mortal - Africa Defense Forum","robots":{"index":"index","follow":"follow","max-snippet":"max-snippet:-1","max-image-preview":"max-image-preview:large","max-video-preview":"max-video-preview:-1"},"canonical":"https:\/\/adf-magazine.com\/pt-pt\/2020\/09\/um-enigma-mortal\/","og_locale":"pt_PT","og_type":"article","og_title":"Um Enigma Mortal - Africa Defense Forum","og_description":"EQUIPA DA ADF Aprolifera\u00e7\u00e3o de grupos armados no segundo maior pa\u00eds da \u00c1frica desestabilizou a na\u00e7\u00e3o durante d\u00e9cadas, mas um incidente, em Dezembro de 2017, chamou novamente a aten\u00e7\u00e3o para os perigos presentes na Rep\u00fablica Democr\u00e1tica do Congo (RDC). As For\u00e7as Democr\u00e1ticas Aliadas atacaram o pessoal das Na\u00e7\u00f5es Unidas na prov\u00edncia do Kivu do Norte,","og_url":"https:\/\/adf-magazine.com\/pt-pt\/2020\/09\/um-enigma-mortal\/","og_site_name":"Africa Defense Forum","article_publisher":"https:\/\/www.facebook.com\/ADFmagazine\/","article_published_time":"2020-09-14T18:56:41+00:00","article_modified_time":"2020-09-21T17:21:05+00:00","og_image":[{"width":1080,"height":720,"url":"https:\/\/adf-magazine.com\/wp-content\/uploads\/2020\/09\/GettyImages-1185488027_edit.jpg","type":"image\/jpeg"}],"author":"ADF","twitter_card":"summary_large_image","twitter_image":"https:\/\/adf-magazine.com\/wp-content\/uploads\/2020\/09\/GettyImages-1185488027_edit.jpg","twitter_creator":"@ADFmagazine","twitter_site":"@ADFmagazine","twitter_misc":{"Escrito por":"ADF","Tempo estimado de leitura":"9 minutos"},"schema":{"@context":"https:\/\/schema.org","@graph":[{"@type":"Article","@id":"https:\/\/adf-magazine.com\/pt-pt\/2020\/09\/um-enigma-mortal\/#article","isPartOf":{"@id":"https:\/\/adf-magazine.com\/pt-pt\/2020\/09\/um-enigma-mortal\/"},"author":{"name":"ADF","@id":"https:\/\/adf-magazine.com\/#\/schema\/person\/f266a6061389568b5a11465bb38bc025"},"headline":"Um Enigma Mortal","datePublished":"2020-09-14T18:56:41+00:00","dateModified":"2020-09-21T17:21:05+00:00","mainEntityOfPage":{"@id":"https:\/\/adf-magazine.com\/pt-pt\/2020\/09\/um-enigma-mortal\/"},"wordCount":1901,"commentCount":0,"image":{"@id":"https:\/\/adf-magazine.com\/pt-pt\/2020\/09\/um-enigma-mortal\/#primaryimage"},"thumbnailUrl":"https:\/\/adf-magazine.com\/wp-content\/uploads\/2020\/09\/A-Deadly-Enigma.jpg","articleSection":["Reportagens"],"inLanguage":"pt-PT","potentialAction":[{"@type":"CommentAction","name":"Comment","target":["https:\/\/adf-magazine.com\/pt-pt\/2020\/09\/um-enigma-mortal\/#respond"]}]},{"@type":"WebPage","@id":"https:\/\/adf-magazine.com\/pt-pt\/2020\/09\/um-enigma-mortal\/","url":"https:\/\/adf-magazine.com\/pt-pt\/2020\/09\/um-enigma-mortal\/","name":"Um Enigma Mortal - Africa Defense Forum","isPartOf":{"@id":"https:\/\/adf-magazine.com\/#website"},"primaryImageOfPage":{"@id":"https:\/\/adf-magazine.com\/pt-pt\/2020\/09\/um-enigma-mortal\/#primaryimage"},"image":{"@id":"https:\/\/adf-magazine.com\/pt-pt\/2020\/09\/um-enigma-mortal\/#primaryimage"},"thumbnailUrl":"https:\/\/adf-magazine.com\/wp-content\/uploads\/2020\/09\/A-Deadly-Enigma.jpg","datePublished":"2020-09-14T18:56:41+00:00","dateModified":"2020-09-21T17:21:05+00:00","author":{"@id":"https:\/\/adf-magazine.com\/#\/schema\/person\/f266a6061389568b5a11465bb38bc025"},"breadcrumb":{"@id":"https:\/\/adf-magazine.com\/pt-pt\/2020\/09\/um-enigma-mortal\/#breadcrumb"},"inLanguage":"pt-PT","potentialAction":[{"@type":"ReadAction","target":["https:\/\/adf-magazine.com\/pt-pt\/2020\/09\/um-enigma-mortal\/"]}]},{"@type":"ImageObject","inLanguage":"pt-PT","@id":"https:\/\/adf-magazine.com\/pt-pt\/2020\/09\/um-enigma-mortal\/#primaryimage","url":"https:\/\/adf-magazine.com\/wp-content\/uploads\/2020\/09\/A-Deadly-Enigma.jpg","contentUrl":"https:\/\/adf-magazine.com\/wp-content\/uploads\/2020\/09\/A-Deadly-Enigma.jpg","width":1080,"height":732},{"@type":"BreadcrumbList","@id":"https:\/\/adf-magazine.com\/pt-pt\/2020\/09\/um-enigma-mortal\/#breadcrumb","itemListElement":[{"@type":"ListItem","position":1,"name":"Home","item":"https:\/\/adf-magazine.com\/"},{"@type":"ListItem","position":2,"name":"Um Enigma Mortal"}]},{"@type":"WebSite","@id":"https:\/\/adf-magazine.com\/#website","url":"https:\/\/adf-magazine.com\/","name":"Africa Defense Forum","description":"Africa Defense Forum","potentialAction":[{"@type":"SearchAction","target":{"@type":"EntryPoint","urlTemplate":"https:\/\/adf-magazine.com\/?s={search_term_string}"},"query-input":{"@type":"PropertyValueSpecification","valueRequired":true,"valueName":"search_term_string"}}],"inLanguage":"pt-PT"},{"@type":"Person","@id":"https:\/\/adf-magazine.com\/#\/schema\/person\/f266a6061389568b5a11465bb38bc025","name":"ADF","image":{"@type":"ImageObject","inLanguage":"pt-PT","@id":"https:\/\/adf-magazine.com\/wp-content\/uploads\/2020\/05\/cropped-ADF_icon.jpg","url":"https:\/\/adf-magazine.com\/wp-content\/uploads\/2020\/05\/cropped-ADF_icon.jpg","contentUrl":"https:\/\/adf-magazine.com\/wp-content\/uploads\/2020\/05\/cropped-ADF_icon.jpg","caption":"ADF"},"description":"ADF is a professional military magazine published quarterly by U.S. Africa Command to provide an international forum for African security professionals. ADF covers topics such as counter terrorism strategies, security and defense operations, transnational crime, and all other issues affecting peace, stability, and good governance on the African continent.","sameAs":["https:\/\/x.com\/ADFmagazine"],"url":"https:\/\/adf-magazine.com\/pt-pt\/author\/adf\/"}]}},"_links":{"self":[{"href":"https:\/\/adf-magazine.com\/pt-pt\/wp-json\/wp\/v2\/posts\/17834","targetHints":{"allow":["GET"]}}],"collection":[{"href":"https:\/\/adf-magazine.com\/pt-pt\/wp-json\/wp\/v2\/posts"}],"about":[{"href":"https:\/\/adf-magazine.com\/pt-pt\/wp-json\/wp\/v2\/types\/post"}],"author":[{"embeddable":true,"href":"https:\/\/adf-magazine.com\/pt-pt\/wp-json\/wp\/v2\/users\/1"}],"replies":[{"embeddable":true,"href":"https:\/\/adf-magazine.com\/pt-pt\/wp-json\/wp\/v2\/comments?post=17834"}],"version-history":[{"count":0,"href":"https:\/\/adf-magazine.com\/pt-pt\/wp-json\/wp\/v2\/posts\/17834\/revisions"}],"wp:featuredmedia":[{"embeddable":true,"href":"https:\/\/adf-magazine.com\/pt-pt\/wp-json\/wp\/v2\/media\/17276"}],"wp:attachment":[{"href":"https:\/\/adf-magazine.com\/pt-pt\/wp-json\/wp\/v2\/media?parent=17834"}],"wp:term":[{"taxonomy":"category","embeddable":true,"href":"https:\/\/adf-magazine.com\/pt-pt\/wp-json\/wp\/v2\/categories?post=17834"},{"taxonomy":"post_tag","embeddable":true,"href":"https:\/\/adf-magazine.com\/pt-pt\/wp-json\/wp\/v2\/tags?post=17834"}],"curies":[{"name":"wp","href":"https:\/\/api.w.org\/{rel}","templated":true}]}}