{"id":139361,"date":"2026-09-01T15:17:56","date_gmt":"2026-09-01T19:17:56","guid":{"rendered":"https:\/\/adf-magazine.com\/?p=139361"},"modified":"2026-09-01T15:17:56","modified_gmt":"2026-09-01T19:17:56","slug":"minas-de-ouro-do-sahel-alimentam-grupos-terroristas","status":"publish","type":"post","link":"https:\/\/adf-magazine.com\/pt-pt\/2026\/09\/minas-de-ouro-do-sahel-alimentam-grupos-terroristas\/","title":{"rendered":"Minas de Ouro do Sahel Alimentam Grupos Terroristas"},"content":{"rendered":"<p style=\"font-weight: 400;\">Os terroristas do Sahel t\u00eam como alvo as minas de ouro e as comunidades circundantes em busca de receitas, recrutas e armamento, tais como explosivos. Em alguns casos, os terroristas constru\u00edram bases nas proximidades.<\/p>\n<p style=\"font-weight: 400;\">Em vez de atacarem directamente as minas, o Jama\u2019at Nusrat al-Islam wal-Muslimin (JNIM) e o Estado Isl\u00e2mico na Prov\u00edncia do Sahel (ISSP) reivindicam o controlo das comunidades vizinhas em diferentes partes do Burquina Faso, Mali e N\u00edger, bem como das estradas que ligam as \u00e1reas mineiras entre si e ao mundo exterior.<\/p>\n<p style=\"font-weight: 400;\">Os grupos t\u00eam como alvo \u00e1reas de minera\u00e7\u00e3o industrial e artesanal.<\/p>\n<p style=\"font-weight: 400;\">\u201c\u00c0 medida que os grupos militantes se expandem para novas \u00e1reas, raramente se concentram apenas nas minas,\u201d escreveu recentemente H\u00e9ni Nsaibia, analista s\u00e9nior para a \u00c1frica Ocidental do Projecto de Localiza\u00e7\u00e3o de Conflitos Armados e Dados de Eventos (ACLED). \u201cEm vez disso, interagem com os mineiros, os comerciantes, as rotas de transporte e as comunidades circundantes que sustentam a actividade mineira e dependem dela para a sua subsist\u00eancia.\u201d<\/p>\n<p style=\"font-weight: 400;\">O objectivo, em \u00faltima an\u00e1lise, \u00e9 exercer controlo sobre as comunidades, os seus recursos e as infra-estruturas de apoio que estas proporcionam, segundo Nsaibia.<\/p>\n<p style=\"font-weight: 400;\">O Burquina Faso tornou-se o foco da maior parte da viol\u00eancia relacionada com a minera\u00e7\u00e3o, com 75% de todos os eventos violentos a ocorrerem dentro das suas fronteiras. O ACLED analisou 44 locais de minera\u00e7\u00e3o nos tr\u00eas pa\u00edses da Alian\u00e7a dos Estados do Sahel (AES). Constatou-se que a maior parte do terrorismo ocorre num raio de 10 quil\u00f3metros das minas, e n\u00e3o dentro das pr\u00f3prias minas.<\/p>\n<p style=\"font-weight: 400;\">A mina de Inata, no norte do Burquina Faso, perto da fronteira com o Mali, tornou-se a primeira mina alvo de ataques terroristas em 2018. A junta no poder encerrou a mina em 2024. Em Junho, a mina e a regi\u00e3o circundante encontravam-se sob o controlo do JNIM, de acordo com o ACLED.<\/p>\n<p style=\"font-weight: 400;\">\u201cA forma como o JNIM e o ISSP est\u00e3o a extrair valor do sector mineiro \u00e9 indirecta. As pessoas t\u00eam de realizar a explora\u00e7\u00e3o mineira primeiro,\u201d Lucia Bird Ruiz-Benitez de Lugo, directora do Observat\u00f3rio da \u00c1frica Ocidental da Iniciativa Global contra o Crime Organizado Transnacional, disse num recente webinar da International Land Coalition (ILC).<\/p>\n<p style=\"font-weight: 400;\">O JNIM e o ISSP cobram ent\u00e3o pagamentos, como impostos ou extors\u00e3o, aos mineiros e a outros membros da comunidade, muitas vezes, em forma de ouro, que pode ser armazenado e branqueado posteriormente para gerar dinheiro r\u00e1pido.<\/p>\n<p style=\"font-weight: 400;\">\u201cConstat\u00e1mos, atrav\u00e9s de incurs\u00f5es a bases, nomeadamente do JNIM, que estes grupos podem, por vezes, deter volumes realmente significativos de ouro nessas bases,\u201d afirmou Ruiz-Benitez de Lugo.<\/p>\n<p style=\"font-weight: 400;\">Muitas comunidades mineiras situam-se ao longo de regi\u00f5es fronteiri\u00e7as, como a regi\u00e3o ocidental de Kayes, no Mali, junto \u00e0 fronteira com o Senegal, onde s\u00e3o extra\u00eddos 80% do ouro do pa\u00eds. A fronteira sul do Burquina Faso com o Gana tamb\u00e9m se tornou uma fonte de receitas para o JNIM, visto que os mineiros ganeses enviam o seu ouro para o Burquina Faso para ser tratado, segundo Ruiz-Benitez de Lugo.<\/p>\n<p style=\"font-weight: 400;\">A regi\u00e3o de Liptako-Gourma, onde o Burquina Faso, o Mali e o N\u00edger se encontram, tem sido, h\u00e1 muito, um ponto central da competi\u00e7\u00e3o entre o JNIM e o ISSP. \u00c9 tamb\u00e9m onde se situa a maior mina de ouro do Burquina Faso, a Essakane. Algumas das minas de ouro mais importantes do N\u00edger, incluindo a mina de Samira, situam-se mesmo do outro lado da fronteira.<\/p>\n<p style=\"font-weight: 400;\">Enquanto o JNIM e o ISSP procuram expandir a sua presen\u00e7a regional, \u00e9 prov\u00e1vel que a viol\u00eancia relacionada com a minera\u00e7\u00e3o se estenda para al\u00e9m dos pa\u00edses da AES, segundo Nsaibia.<\/p>\n<p style=\"font-weight: 400;\">\u201cA expans\u00e3o do JNIM em direc\u00e7\u00e3o \u00e0s fronteiras com o Senegal, a Guin\u00e9, a Costa do Marfim e o Gana aumenta o risco de que os padr\u00f5es j\u00e1 observados no Sahel central se espalhem mais para sul, at\u00e9 \u00e0 costa da \u00c1frica Ocidental,\u201d Nsaibia escreveu num relat\u00f3rio para o ACLED e a ILC.<\/p>\n<p style=\"font-weight: 400;\">As comunidades mineiras do noroeste e do centro-norte da Nig\u00e9ria tamb\u00e9m s\u00e3o alvos prov\u00e1veis para o JNIM e o ISSP, os quais j\u00e1 t\u00eam presen\u00e7a nessas regi\u00f5es, acrescentou.<\/p>\n<p><span style=\"font-weight: 400;\">\u201cAs \u00e1reas mineiras s\u00e3o agora mais do que meros locais de extrac\u00e7\u00e3o de recursos,\u201d escreveu Nsaibia. \u201cServem cada vez mais como indicadores de din\u00e2micas de conflito mais amplas, mostrando como os governos afirmam o controlo sobre os recursos minerais e como a viol\u00eancia localizada pode alastrar-se e perturbar actividades econ\u00f3micas vitais.\u201d<\/span><\/p>\n","protected":false},"excerpt":{"rendered":"<p>Os terroristas do Sahel t\u00eam como alvo as minas de ouro e as comunidades circundantes em busca de receitas, recrutas e armamento, tais como explosivos. Em alguns casos, os terroristas constru\u00edram bases nas proximidades. Em vez de atacarem directamente as minas, o Jama\u2019at Nusrat al-Islam wal-Muslimin (JNIM) e o Estado Isl\u00e2mico na Prov\u00edncia do Sahel<\/p>\n","protected":false},"author":1,"featured_media":139358,"comment_status":"open","ping_status":"closed","sticky":false,"template":"","format":"standard","meta":{"_acf_changed":false,"_monsterinsights_skip_tracking":false,"_uf_show_specific_survey":0,"_uf_disable_surveys":false,"footnotes":""},"categories":[363],"tags":[503,1899,1894,452,1916,502,501,1139],"class_list":["post-139361","post","type-post","status-publish","format-standard","has-post-thumbnail","category-melhores-historias","tag-burkina-faso-pt-pt","tag-islamic-state","tag-jnim","tag-mali-pt-pt","tag-mining","tag-niger-pt-pt","tag-sahel-pt-pt","tag-terrorism-pt-pt"],"acf":[],"yoast_head":"<!-- This site is optimized with the Yoast SEO plugin v28.4 - https:\/\/yoast.com\/product\/yoast-seo-wordpress\/ -->\n<title>Minas de Ouro do Sahel Alimentam Grupos Terroristas - Africa Defense Forum<\/title>\n<meta name=\"robots\" content=\"index, follow, max-snippet:-1, max-image-preview:large, max-video-preview:-1\" \/>\n<link rel=\"canonical\" href=\"https:\/\/adf-magazine.com\/fr\/?p=139363\" \/>\n<meta property=\"og:locale\" content=\"pt_PT\" \/>\n<meta property=\"og:type\" content=\"article\" \/>\n<meta property=\"og:title\" content=\"Minas de Ouro do Sahel Alimentam Grupos Terroristas - Africa Defense Forum\" \/>\n<meta property=\"og:description\" content=\"Os terroristas do Sahel t\u00eam como alvo as minas de ouro e as comunidades circundantes em busca de receitas, recrutas e armamento, tais como explosivos. Em alguns casos, os terroristas constru\u00edram bases nas proximidades. Em vez de atacarem directamente as minas, o Jama\u2019at Nusrat al-Islam wal-Muslimin (JNIM) e o Estado Isl\u00e2mico na Prov\u00edncia do Sahel\" \/>\n<meta property=\"og:url\" content=\"https:\/\/adf-magazine.com\/fr\/?p=139363\" \/>\n<meta property=\"og:site_name\" content=\"Africa Defense Forum\" \/>\n<meta property=\"article:publisher\" content=\"https:\/\/www.facebook.com\/ADFmagazine\/\" \/>\n<meta property=\"article:published_time\" content=\"2026-09-01T19:17:56+00:00\" \/>\n<meta property=\"og:image\" content=\"https:\/\/adf-magazine.com\/wp-content\/uploads\/2026\/09\/AES-GOLD-1.webp\" \/>\n\t<meta property=\"og:image:width\" content=\"1080\" \/>\n\t<meta property=\"og:image:height\" content=\"810\" \/>\n\t<meta property=\"og:image:type\" content=\"image\/webp\" \/>\n<meta name=\"author\" content=\"ADF\" \/>\n<meta name=\"twitter:card\" content=\"summary_large_image\" \/>\n<meta name=\"twitter:creator\" content=\"@ADFmagazine\" \/>\n<meta name=\"twitter:site\" content=\"@ADFmagazine\" \/>\n<meta name=\"twitter:label1\" content=\"Escrito por\" \/>\n\t<meta name=\"twitter:data1\" content=\"ADF\" \/>\n\t<meta name=\"twitter:label2\" content=\"Tempo estimado de leitura\" \/>\n\t<meta name=\"twitter:data2\" content=\"4 minutos\" \/>\n<script type=\"application\/ld+json\" class=\"yoast-schema-graph\">{\"@context\":\"https:\\\/\\\/schema.org\",\"@graph\":[{\"@type\":\"Article\",\"@id\":\"https:\\\/\\\/adf-magazine.com\\\/fr\\\/?p=139363#article\",\"isPartOf\":{\"@id\":\"https:\\\/\\\/adf-magazine.com\\\/fr\\\/?p=139363\"},\"author\":{\"name\":\"ADF\",\"@id\":\"https:\\\/\\\/adf-magazine.com\\\/#\\\/schema\\\/person\\\/f266a6061389568b5a11465bb38bc025\"},\"headline\":\"Minas de Ouro do Sahel Alimentam Grupos Terroristas\",\"datePublished\":\"2026-09-01T19:17:56+00:00\",\"mainEntityOfPage\":{\"@id\":\"https:\\\/\\\/adf-magazine.com\\\/fr\\\/?p=139363\"},\"wordCount\":787,\"commentCount\":0,\"image\":{\"@id\":\"https:\\\/\\\/adf-magazine.com\\\/fr\\\/?p=139363#primaryimage\"},\"thumbnailUrl\":\"https:\\\/\\\/adf-magazine.com\\\/wp-content\\\/uploads\\\/2026\\\/09\\\/AES-GOLD-1.webp\",\"keywords\":[\"Burkina Faso\",\"Islamic State\",\"JNIM\",\"Mali\",\"mining\",\"Niger\",\"Sahel\",\"Terrorism\"],\"articleSection\":[\"Not\u00edcias diaries\"],\"inLanguage\":\"pt-PT\",\"potentialAction\":[{\"@type\":\"CommentAction\",\"name\":\"Comment\",\"target\":[\"https:\\\/\\\/adf-magazine.com\\\/fr\\\/?p=139363#respond\"]}]},{\"@type\":\"WebPage\",\"@id\":\"https:\\\/\\\/adf-magazine.com\\\/fr\\\/?p=139363\",\"url\":\"https:\\\/\\\/adf-magazine.com\\\/fr\\\/?p=139363\",\"name\":\"Minas de Ouro do Sahel Alimentam Grupos Terroristas - Africa Defense Forum\",\"isPartOf\":{\"@id\":\"https:\\\/\\\/adf-magazine.com\\\/#website\"},\"primaryImageOfPage\":{\"@id\":\"https:\\\/\\\/adf-magazine.com\\\/fr\\\/?p=139363#primaryimage\"},\"image\":{\"@id\":\"https:\\\/\\\/adf-magazine.com\\\/fr\\\/?p=139363#primaryimage\"},\"thumbnailUrl\":\"https:\\\/\\\/adf-magazine.com\\\/wp-content\\\/uploads\\\/2026\\\/09\\\/AES-GOLD-1.webp\",\"datePublished\":\"2026-09-01T19:17:56+00:00\",\"author\":{\"@id\":\"https:\\\/\\\/adf-magazine.com\\\/#\\\/schema\\\/person\\\/f266a6061389568b5a11465bb38bc025\"},\"breadcrumb\":{\"@id\":\"https:\\\/\\\/adf-magazine.com\\\/fr\\\/?p=139363#breadcrumb\"},\"inLanguage\":\"pt-PT\",\"potentialAction\":[{\"@type\":\"ReadAction\",\"target\":[\"https:\\\/\\\/adf-magazine.com\\\/fr\\\/?p=139363\"]}]},{\"@type\":\"ImageObject\",\"inLanguage\":\"pt-PT\",\"@id\":\"https:\\\/\\\/adf-magazine.com\\\/fr\\\/?p=139363#primaryimage\",\"url\":\"https:\\\/\\\/adf-magazine.com\\\/wp-content\\\/uploads\\\/2026\\\/09\\\/AES-GOLD-1.webp\",\"contentUrl\":\"https:\\\/\\\/adf-magazine.com\\\/wp-content\\\/uploads\\\/2026\\\/09\\\/AES-GOLD-1.webp\",\"width\":1080,\"height\":810,\"caption\":\"Os grupos terroristas do Sahel t\u00eam como alvo as comunidades pr\u00f3ximas de minas de ouro industriais e artesanais no Burquina Faso, Mali e N\u00edger, considerando-as fontes de financiamento, de combatentes e de bases de opera\u00e7\u00f5es. AFP\\\/GETTY IMAGES\"},{\"@type\":\"BreadcrumbList\",\"@id\":\"https:\\\/\\\/adf-magazine.com\\\/fr\\\/?p=139363#breadcrumb\",\"itemListElement\":[{\"@type\":\"ListItem\",\"position\":1,\"name\":\"Home\",\"item\":\"https:\\\/\\\/adf-magazine.com\\\/pt-pt\\\/\"},{\"@type\":\"ListItem\",\"position\":2,\"name\":\"Minas de Ouro do Sahel Alimentam Grupos Terroristas\"}]},{\"@type\":\"WebSite\",\"@id\":\"https:\\\/\\\/adf-magazine.com\\\/#website\",\"url\":\"https:\\\/\\\/adf-magazine.com\\\/\",\"name\":\"Africa Defense Forum\",\"description\":\"Africa Defense Forum\",\"potentialAction\":[{\"@type\":\"SearchAction\",\"target\":{\"@type\":\"EntryPoint\",\"urlTemplate\":\"https:\\\/\\\/adf-magazine.com\\\/?s={search_term_string}\"},\"query-input\":{\"@type\":\"PropertyValueSpecification\",\"valueRequired\":true,\"valueName\":\"search_term_string\"}}],\"inLanguage\":\"pt-PT\"},{\"@type\":\"Person\",\"@id\":\"https:\\\/\\\/adf-magazine.com\\\/#\\\/schema\\\/person\\\/f266a6061389568b5a11465bb38bc025\",\"name\":\"ADF\",\"image\":{\"@type\":\"ImageObject\",\"inLanguage\":\"pt-PT\",\"@id\":\"https:\\\/\\\/adf-magazine.com\\\/wp-content\\\/uploads\\\/2020\\\/05\\\/cropped-ADF_icon.jpg\",\"url\":\"https:\\\/\\\/adf-magazine.com\\\/wp-content\\\/uploads\\\/2020\\\/05\\\/cropped-ADF_icon.jpg\",\"contentUrl\":\"https:\\\/\\\/adf-magazine.com\\\/wp-content\\\/uploads\\\/2020\\\/05\\\/cropped-ADF_icon.jpg\",\"caption\":\"ADF\"},\"description\":\"ADF is a professional military magazine published quarterly by U.S. Africa Command to provide an international forum for African security professionals. ADF covers topics such as counter terrorism strategies, security and defense operations, transnational crime, and all other issues affecting peace, stability, and good governance on the African continent.\",\"sameAs\":[\"https:\\\/\\\/x.com\\\/ADFmagazine\"],\"url\":\"https:\\\/\\\/adf-magazine.com\\\/pt-pt\\\/author\\\/adf\\\/\"}]}<\/script>\n<!-- \/ Yoast SEO plugin. -->","yoast_head_json":{"title":"Minas de Ouro do Sahel Alimentam Grupos Terroristas - Africa Defense Forum","robots":{"index":"index","follow":"follow","max-snippet":"max-snippet:-1","max-image-preview":"max-image-preview:large","max-video-preview":"max-video-preview:-1"},"canonical":"https:\/\/adf-magazine.com\/fr\/?p=139363","og_locale":"pt_PT","og_type":"article","og_title":"Minas de Ouro do Sahel Alimentam Grupos Terroristas - Africa Defense Forum","og_description":"Os terroristas do Sahel t\u00eam como alvo as minas de ouro e as comunidades circundantes em busca de receitas, recrutas e armamento, tais como explosivos. Em alguns casos, os terroristas constru\u00edram bases nas proximidades. Em vez de atacarem directamente as minas, o Jama\u2019at Nusrat al-Islam wal-Muslimin (JNIM) e o Estado Isl\u00e2mico na Prov\u00edncia do Sahel","og_url":"https:\/\/adf-magazine.com\/fr\/?p=139363","og_site_name":"Africa Defense Forum","article_publisher":"https:\/\/www.facebook.com\/ADFmagazine\/","article_published_time":"2026-09-01T19:17:56+00:00","og_image":[{"width":1080,"height":810,"url":"https:\/\/adf-magazine.com\/wp-content\/uploads\/2026\/09\/AES-GOLD-1.webp","type":"image\/webp"}],"author":"ADF","twitter_card":"summary_large_image","twitter_creator":"@ADFmagazine","twitter_site":"@ADFmagazine","twitter_misc":{"Escrito por":"ADF","Tempo estimado de leitura":"4 minutos"},"schema":{"@context":"https:\/\/schema.org","@graph":[{"@type":"Article","@id":"https:\/\/adf-magazine.com\/fr\/?p=139363#article","isPartOf":{"@id":"https:\/\/adf-magazine.com\/fr\/?p=139363"},"author":{"name":"ADF","@id":"https:\/\/adf-magazine.com\/#\/schema\/person\/f266a6061389568b5a11465bb38bc025"},"headline":"Minas de Ouro do Sahel Alimentam Grupos Terroristas","datePublished":"2026-09-01T19:17:56+00:00","mainEntityOfPage":{"@id":"https:\/\/adf-magazine.com\/fr\/?p=139363"},"wordCount":787,"commentCount":0,"image":{"@id":"https:\/\/adf-magazine.com\/fr\/?p=139363#primaryimage"},"thumbnailUrl":"https:\/\/adf-magazine.com\/wp-content\/uploads\/2026\/09\/AES-GOLD-1.webp","keywords":["Burkina Faso","Islamic State","JNIM","Mali","mining","Niger","Sahel","Terrorism"],"articleSection":["Not\u00edcias diaries"],"inLanguage":"pt-PT","potentialAction":[{"@type":"CommentAction","name":"Comment","target":["https:\/\/adf-magazine.com\/fr\/?p=139363#respond"]}]},{"@type":"WebPage","@id":"https:\/\/adf-magazine.com\/fr\/?p=139363","url":"https:\/\/adf-magazine.com\/fr\/?p=139363","name":"Minas de Ouro do Sahel Alimentam Grupos Terroristas - Africa Defense Forum","isPartOf":{"@id":"https:\/\/adf-magazine.com\/#website"},"primaryImageOfPage":{"@id":"https:\/\/adf-magazine.com\/fr\/?p=139363#primaryimage"},"image":{"@id":"https:\/\/adf-magazine.com\/fr\/?p=139363#primaryimage"},"thumbnailUrl":"https:\/\/adf-magazine.com\/wp-content\/uploads\/2026\/09\/AES-GOLD-1.webp","datePublished":"2026-09-01T19:17:56+00:00","author":{"@id":"https:\/\/adf-magazine.com\/#\/schema\/person\/f266a6061389568b5a11465bb38bc025"},"breadcrumb":{"@id":"https:\/\/adf-magazine.com\/fr\/?p=139363#breadcrumb"},"inLanguage":"pt-PT","potentialAction":[{"@type":"ReadAction","target":["https:\/\/adf-magazine.com\/fr\/?p=139363"]}]},{"@type":"ImageObject","inLanguage":"pt-PT","@id":"https:\/\/adf-magazine.com\/fr\/?p=139363#primaryimage","url":"https:\/\/adf-magazine.com\/wp-content\/uploads\/2026\/09\/AES-GOLD-1.webp","contentUrl":"https:\/\/adf-magazine.com\/wp-content\/uploads\/2026\/09\/AES-GOLD-1.webp","width":1080,"height":810,"caption":"Os grupos terroristas do Sahel t\u00eam como alvo as comunidades pr\u00f3ximas de minas de ouro industriais e artesanais no Burquina Faso, Mali e N\u00edger, considerando-as fontes de financiamento, de combatentes e de bases de opera\u00e7\u00f5es. AFP\/GETTY IMAGES"},{"@type":"BreadcrumbList","@id":"https:\/\/adf-magazine.com\/fr\/?p=139363#breadcrumb","itemListElement":[{"@type":"ListItem","position":1,"name":"Home","item":"https:\/\/adf-magazine.com\/pt-pt\/"},{"@type":"ListItem","position":2,"name":"Minas de Ouro do Sahel Alimentam Grupos Terroristas"}]},{"@type":"WebSite","@id":"https:\/\/adf-magazine.com\/#website","url":"https:\/\/adf-magazine.com\/","name":"Africa Defense Forum","description":"Africa Defense Forum","potentialAction":[{"@type":"SearchAction","target":{"@type":"EntryPoint","urlTemplate":"https:\/\/adf-magazine.com\/?s={search_term_string}"},"query-input":{"@type":"PropertyValueSpecification","valueRequired":true,"valueName":"search_term_string"}}],"inLanguage":"pt-PT"},{"@type":"Person","@id":"https:\/\/adf-magazine.com\/#\/schema\/person\/f266a6061389568b5a11465bb38bc025","name":"ADF","image":{"@type":"ImageObject","inLanguage":"pt-PT","@id":"https:\/\/adf-magazine.com\/wp-content\/uploads\/2020\/05\/cropped-ADF_icon.jpg","url":"https:\/\/adf-magazine.com\/wp-content\/uploads\/2020\/05\/cropped-ADF_icon.jpg","contentUrl":"https:\/\/adf-magazine.com\/wp-content\/uploads\/2020\/05\/cropped-ADF_icon.jpg","caption":"ADF"},"description":"ADF is a professional military magazine published quarterly by U.S. Africa Command to provide an international forum for African security professionals. ADF covers topics such as counter terrorism strategies, security and defense operations, transnational crime, and all other issues affecting peace, stability, and good governance on the African continent.","sameAs":["https:\/\/x.com\/ADFmagazine"],"url":"https:\/\/adf-magazine.com\/pt-pt\/author\/adf\/"}]}},"_links":{"self":[{"href":"https:\/\/adf-magazine.com\/pt-pt\/wp-json\/wp\/v2\/posts\/139361","targetHints":{"allow":["GET"]}}],"collection":[{"href":"https:\/\/adf-magazine.com\/pt-pt\/wp-json\/wp\/v2\/posts"}],"about":[{"href":"https:\/\/adf-magazine.com\/pt-pt\/wp-json\/wp\/v2\/types\/post"}],"author":[{"embeddable":true,"href":"https:\/\/adf-magazine.com\/pt-pt\/wp-json\/wp\/v2\/users\/1"}],"replies":[{"embeddable":true,"href":"https:\/\/adf-magazine.com\/pt-pt\/wp-json\/wp\/v2\/comments?post=139361"}],"version-history":[{"count":1,"href":"https:\/\/adf-magazine.com\/pt-pt\/wp-json\/wp\/v2\/posts\/139361\/revisions"}],"predecessor-version":[{"id":139362,"href":"https:\/\/adf-magazine.com\/pt-pt\/wp-json\/wp\/v2\/posts\/139361\/revisions\/139362"}],"wp:featuredmedia":[{"embeddable":true,"href":"https:\/\/adf-magazine.com\/pt-pt\/wp-json\/wp\/v2\/media\/139358"}],"wp:attachment":[{"href":"https:\/\/adf-magazine.com\/pt-pt\/wp-json\/wp\/v2\/media?parent=139361"}],"wp:term":[{"taxonomy":"category","embeddable":true,"href":"https:\/\/adf-magazine.com\/pt-pt\/wp-json\/wp\/v2\/categories?post=139361"},{"taxonomy":"post_tag","embeddable":true,"href":"https:\/\/adf-magazine.com\/pt-pt\/wp-json\/wp\/v2\/tags?post=139361"}],"curies":[{"name":"wp","href":"https:\/\/api.w.org\/{rel}","templated":true}]}}