{"id":139322,"date":"2026-09-01T14:02:48","date_gmt":"2026-09-01T18:02:48","guid":{"rendered":"https:\/\/adf-magazine.com\/?p=139322"},"modified":"2026-09-01T14:03:05","modified_gmt":"2026-09-01T18:03:05","slug":"is-pretende-estabelecer-bastioes-em-mocambique","status":"publish","type":"post","link":"https:\/\/adf-magazine.com\/pt-pt\/2026\/09\/is-pretende-estabelecer-bastioes-em-mocambique\/","title":{"rendered":"IS Pretende Estabelecer Basti\u00f5es em Mo\u00e7ambique"},"content":{"rendered":"<p style=\"font-weight: 400;\">No dia 7 de Outubro de 2025, um grupo de homens fortemente armados, vestidos com fardas militares, visitou uma mesquita em Moc\u00edmboa da Praia, uma cidade costeira na prov\u00edncia de Cabo Delgado. Dirigindo-se a uma multid\u00e3o de homens, mulheres e crian\u00e7as, um dos homens apresentou o grupo, o Estado Isl\u00e2mico de Mo\u00e7ambique (ISM), como uma autoridade leg\u00edtima em oposi\u00e7\u00e3o ao governo de Mo\u00e7ambique.<\/p>\n<p style=\"font-weight: 400;\">Ele disse-lhes que tinham o dever de apoiar a jihad do grupo e que existiam \u201cdois governos: um dos n\u00e3o crentes e outro dos mu\u00e7ulmanos.\u201d Advertiu-os para que n\u00e3o colaborassem com as autoridades nem participassem nas suas reuni\u00f5es.<\/p>\n<p style=\"font-weight: 400;\">Nos \u00faltimos anos, o ISM alterou a sua abordagem em Cabo Delgado, passando a apresentar-se como um governo alternativo sect\u00e1rio e religioso, com o objectivo de ganhar legitimidade e construir uma base de apoio entre as comunidades locais. Peter Bofin, analista s\u00e9nior para o Sudeste de \u00c1frica no Projecto de Localiza\u00e7\u00e3o de Conflitos Armados e Dados de Eventos (ACLED), disse que o grupo est\u00e1 a criar uma \u00e1rea de influ\u00eancia distinta que se estende ao longo de mais de 100 quil\u00f3metros da costa e 50 quil\u00f3metros para o interior.<\/p>\n<p style=\"font-weight: 400;\">\u201cO ISM est\u00e1 empenhado num projecto pol\u00edtico,\u201d escreveu num relat\u00f3rio de 26 de Junho.<\/p>\n<p style=\"font-weight: 400;\">Dentro deste enclave, o grupo militante procura uma maior liga\u00e7\u00e3o com a popula\u00e7\u00e3o, mant\u00e9m uma base e disp\u00f5e de alguma liberdade de movimento, apesar da presen\u00e7a das for\u00e7as de seguran\u00e7a do Estado e de um contingente da For\u00e7a de Defesa do Ruanda. Desde 2023 que o Estado Isl\u00e2mico global tem incentivado a mudan\u00e7a de abordagem do ISM e tem-na destacado atrav\u00e9s dos seus canais de comunica\u00e7\u00e3o social.<\/p>\n<p style=\"font-weight: 400;\">\u201cNesta \u00e1rea de influ\u00eancia, os insurgentes t\u00eam tentado definir uma base de apoio civil \u00e0s suas ac\u00e7\u00f5es,\u201d escreveu Bofin. \u201cEstabeleceram tamb\u00e9m uma posi\u00e7\u00e3o pol\u00edtica abrangente que rejeita o Estado laico e defende um governo baseado na sua interpreta\u00e7\u00e3o da lei isl\u00e2mica. \u2026 Embora formulados em termos sect\u00e1rios religiosos, estes padr\u00f5es s\u00e3o igualmente influenciados por configura\u00e7\u00f5es \u00e9tnicas e pol\u00edticas de longa data. Consequentemente, a sua presen\u00e7a ser\u00e1 dif\u00edcil de eliminar apenas por meios militares.\u201d<\/p>\n<p style=\"font-weight: 400;\">No final de 2023, o grupo tinha-se estabelecido como um afiliado do Estado Isl\u00e2mico, contava com uma nova lideran\u00e7a e tinha adoptado uma abordagem menos violenta para com as comunidades na sua \u00e1rea de influ\u00eancia, o que se reflectiu nos dados do ACLED relativos a ataques contra civis. Ao mesmo tempo, as actividades n\u00e3o violentas do ISM aumentaram acentuadamente, incluindo visitas a comunidades para angariar apoio ou dissuadir a coopera\u00e7\u00e3o com as for\u00e7as do Estado, a prega\u00e7\u00e3o ocasional e a compra de provis\u00f5es nas aldeias, por vezes, impondo pre\u00e7os e valores aos bens trocados.<\/p>\n<p style=\"font-weight: 400;\">\u201cOs ataques contra civis t\u00eam-se mantido insignificantes junto \u00e0 costa, apesar de a base principal do ISM se situar nessa zona, enquanto os ataques contra civis noutros locais, particularmente no sul, continuam a ser um elemento significativo do conflito,\u201d escreveu Bofin, acrescentando que \u201cos ataques do ISM contra civis levaram \u00e0 fuga dos cidad\u00e3os e, sem popula\u00e7\u00e3o, o controlo territorial tem pouco valor.\u201d<\/p>\n<p style=\"font-weight: 400;\">Embora a mudan\u00e7a t\u00e1ctica do ISM tenha revelado as suas ambi\u00e7\u00f5es pol\u00edticas e territoriais, Bofin disse que o empreendimento se encontra ainda numa fase inicial de desenvolvimento, sem sinais tang\u00edveis de governa\u00e7\u00e3o ou envolvimento comunit\u00e1rio, tais como a cria\u00e7\u00e3o de uma escola. O governo mo\u00e7ambicano faria, portanto, bem em aumentar a sua presen\u00e7a a n\u00edvel oficial e militar, enquanto melhora as infra-estruturas p\u00fablicas.<\/p>\n<p style=\"font-weight: 400;\">\u201cO desafio para o Estado \u00e9 garantir que a sua presen\u00e7a m\u00ednima nesta \u00e1rea, principalmente atrav\u00e9s das for\u00e7as de seguran\u00e7a mo\u00e7ambicanas e ruandesas, seja mantida e que o ISM n\u00e3o possa evoluir para qualquer forma de autoridade quase governamental,\u201d escreveu. \u201cTal evolu\u00e7\u00e3o facilitaria grandemente o recrutamento e o financiamento. Para al\u00e9m disso, o pr\u00f3prio Estado deve recuperar a sua autoridade e legitimidade.\u201d<\/p>\n<p style=\"font-weight: 400;\">Ap\u00f3s visitar Mo\u00e7ambique, o perito em direitos humanos das Na\u00e7\u00f5es Unidas, Ben Saul, encorajou o governo a continuar a orientar a sua estrat\u00e9gia antiterrorista para al\u00e9m de uma abordagem altamente militarizada, de modo a abordar as condi\u00e7\u00f5es subjacentes ao terrorismo.<\/p>\n<p style=\"font-weight: 400;\">\u201cAp\u00f3s nove anos de viol\u00eancia terr\u00edvel, reconhe\u00e7o os esfor\u00e7os significativos envidados por Mo\u00e7ambique e pelos seus parceiros para prevenir e combater o terrorismo, incluindo a recupera\u00e7\u00e3o e a estabiliza\u00e7\u00e3o de muitas \u00e1reas que permitiram o regresso a casa de muitas pessoas deslocadas,\u201d disse num comunicado de 14 de Agosto.<\/p>\n<p><span style=\"font-weight: 400;\">\u201c\u00c9 essencial uma abordagem abrangente. O Governo e os parceiros internacionais devem intensificar os esfor\u00e7os para combater a ideologia extremista violenta, refor\u00e7ar as institui\u00e7\u00f5es do Estado e o desenvolvimento humano no norte, garantir que as comunidades de Cabo Delgado beneficiem de forma justa dos ricos recursos naturais da prov\u00edncia, regulamentar eficazmente as ind\u00fastrias extractivas e refor\u00e7ar a governa\u00e7\u00e3o inclusiva.\u201d<\/span><\/p>\n","protected":false},"excerpt":{"rendered":"<p>No dia 7 de Outubro de 2025, um grupo de homens fortemente armados, vestidos com fardas militares, visitou uma mesquita em Moc\u00edmboa da Praia, uma cidade costeira na prov\u00edncia de Cabo Delgado. Dirigindo-se a uma multid\u00e3o de homens, mulheres e crian\u00e7as, um dos homens apresentou o grupo, o Estado Isl\u00e2mico de Mo\u00e7ambique (ISM), como uma<\/p>\n","protected":false},"author":1,"featured_media":139320,"comment_status":"open","ping_status":"closed","sticky":false,"template":"","format":"standard","meta":{"_acf_changed":false,"_monsterinsights_skip_tracking":false,"_uf_show_specific_survey":0,"_uf_disable_surveys":false,"footnotes":""},"categories":[363],"tags":[499,1020,1899,1897,475,1139],"class_list":["post-139322","post","type-post","status-publish","format-standard","has-post-thumbnail","category-melhores-historias","tag-extremismo","tag-insurgencia","tag-islamic-state","tag-mozambique","tag-ruanda","tag-terrorism-pt-pt"],"acf":[],"yoast_head":"<!-- This site is optimized with the Yoast SEO plugin v28.4 - https:\/\/yoast.com\/product\/yoast-seo-wordpress\/ -->\n<title>IS Pretende Estabelecer Basti\u00f5es em Mo\u00e7ambique - Africa Defense Forum<\/title>\n<meta name=\"robots\" content=\"index, follow, max-snippet:-1, max-image-preview:large, max-video-preview:-1\" \/>\n<link rel=\"canonical\" href=\"https:\/\/adf-magazine.com\/fr\/?p=139324\" \/>\n<meta property=\"og:locale\" content=\"pt_PT\" \/>\n<meta property=\"og:type\" content=\"article\" \/>\n<meta property=\"og:title\" content=\"IS Pretende Estabelecer Basti\u00f5es em Mo\u00e7ambique - Africa Defense Forum\" \/>\n<meta property=\"og:description\" content=\"No dia 7 de Outubro de 2025, um grupo de homens fortemente armados, vestidos com fardas militares, visitou uma mesquita em Moc\u00edmboa da Praia, uma cidade costeira na prov\u00edncia de Cabo Delgado. Dirigindo-se a uma multid\u00e3o de homens, mulheres e crian\u00e7as, um dos homens apresentou o grupo, o Estado Isl\u00e2mico de Mo\u00e7ambique (ISM), como uma\" \/>\n<meta property=\"og:url\" content=\"https:\/\/adf-magazine.com\/fr\/?p=139324\" \/>\n<meta property=\"og:site_name\" content=\"Africa Defense Forum\" \/>\n<meta property=\"article:publisher\" content=\"https:\/\/www.facebook.com\/ADFmagazine\/\" \/>\n<meta property=\"article:published_time\" content=\"2026-09-01T18:02:48+00:00\" \/>\n<meta property=\"article:modified_time\" content=\"2026-09-01T18:03:05+00:00\" \/>\n<meta property=\"og:image\" content=\"https:\/\/adf-magazine.com\/wp-content\/uploads\/2026\/09\/ISM-STRONGHOLD1.webp\" \/>\n\t<meta property=\"og:image:width\" content=\"1080\" \/>\n\t<meta property=\"og:image:height\" content=\"791\" \/>\n\t<meta property=\"og:image:type\" content=\"image\/webp\" \/>\n<meta name=\"author\" content=\"ADF\" \/>\n<meta name=\"twitter:card\" content=\"summary_large_image\" \/>\n<meta name=\"twitter:creator\" content=\"@ADFmagazine\" \/>\n<meta name=\"twitter:site\" content=\"@ADFmagazine\" \/>\n<meta name=\"twitter:label1\" content=\"Escrito por\" \/>\n\t<meta name=\"twitter:data1\" content=\"ADF\" \/>\n\t<meta name=\"twitter:label2\" content=\"Tempo estimado de leitura\" \/>\n\t<meta name=\"twitter:data2\" content=\"4 minutos\" \/>\n<script type=\"application\/ld+json\" class=\"yoast-schema-graph\">{\"@context\":\"https:\\\/\\\/schema.org\",\"@graph\":[{\"@type\":\"Article\",\"@id\":\"https:\\\/\\\/adf-magazine.com\\\/fr\\\/?p=139324#article\",\"isPartOf\":{\"@id\":\"https:\\\/\\\/adf-magazine.com\\\/fr\\\/?p=139324\"},\"author\":{\"name\":\"ADF\",\"@id\":\"https:\\\/\\\/adf-magazine.com\\\/#\\\/schema\\\/person\\\/f266a6061389568b5a11465bb38bc025\"},\"headline\":\"IS Pretende Estabelecer Basti\u00f5es em Mo\u00e7ambique\",\"datePublished\":\"2026-09-01T18:02:48+00:00\",\"dateModified\":\"2026-09-01T18:03:05+00:00\",\"mainEntityOfPage\":{\"@id\":\"https:\\\/\\\/adf-magazine.com\\\/fr\\\/?p=139324\"},\"wordCount\":872,\"commentCount\":0,\"image\":{\"@id\":\"https:\\\/\\\/adf-magazine.com\\\/fr\\\/?p=139324#primaryimage\"},\"thumbnailUrl\":\"https:\\\/\\\/adf-magazine.com\\\/wp-content\\\/uploads\\\/2026\\\/09\\\/ISM-STRONGHOLD1.webp\",\"keywords\":[\"extremismo\",\"insurg\u00eancia\",\"Islamic State\",\"Mozambique\",\"Ruanda\",\"Terrorism\"],\"articleSection\":[\"Not\u00edcias diaries\"],\"inLanguage\":\"pt-PT\",\"potentialAction\":[{\"@type\":\"CommentAction\",\"name\":\"Comment\",\"target\":[\"https:\\\/\\\/adf-magazine.com\\\/fr\\\/?p=139324#respond\"]}]},{\"@type\":\"WebPage\",\"@id\":\"https:\\\/\\\/adf-magazine.com\\\/fr\\\/?p=139324\",\"url\":\"https:\\\/\\\/adf-magazine.com\\\/fr\\\/?p=139324\",\"name\":\"IS Pretende Estabelecer Basti\u00f5es em Mo\u00e7ambique - Africa Defense Forum\",\"isPartOf\":{\"@id\":\"https:\\\/\\\/adf-magazine.com\\\/#website\"},\"primaryImageOfPage\":{\"@id\":\"https:\\\/\\\/adf-magazine.com\\\/fr\\\/?p=139324#primaryimage\"},\"image\":{\"@id\":\"https:\\\/\\\/adf-magazine.com\\\/fr\\\/?p=139324#primaryimage\"},\"thumbnailUrl\":\"https:\\\/\\\/adf-magazine.com\\\/wp-content\\\/uploads\\\/2026\\\/09\\\/ISM-STRONGHOLD1.webp\",\"datePublished\":\"2026-09-01T18:02:48+00:00\",\"dateModified\":\"2026-09-01T18:03:05+00:00\",\"author\":{\"@id\":\"https:\\\/\\\/adf-magazine.com\\\/#\\\/schema\\\/person\\\/f266a6061389568b5a11465bb38bc025\"},\"breadcrumb\":{\"@id\":\"https:\\\/\\\/adf-magazine.com\\\/fr\\\/?p=139324#breadcrumb\"},\"inLanguage\":\"pt-PT\",\"potentialAction\":[{\"@type\":\"ReadAction\",\"target\":[\"https:\\\/\\\/adf-magazine.com\\\/fr\\\/?p=139324\"]}]},{\"@type\":\"ImageObject\",\"inLanguage\":\"pt-PT\",\"@id\":\"https:\\\/\\\/adf-magazine.com\\\/fr\\\/?p=139324#primaryimage\",\"url\":\"https:\\\/\\\/adf-magazine.com\\\/wp-content\\\/uploads\\\/2026\\\/09\\\/ISM-STRONGHOLD1.webp\",\"contentUrl\":\"https:\\\/\\\/adf-magazine.com\\\/wp-content\\\/uploads\\\/2026\\\/09\\\/ISM-STRONGHOLD1.webp\",\"width\":1080,\"height\":791,\"caption\":\"Uma imagem que mostra duas fotografias de insurgentes do ISM a pregar numa mesquita de Moc\u00edmboa da Praia foi publicada no boletim informativo do Estado Isl\u00e2mico, al-Naba, no dia 9 de Outubro de 2025. AL-NABA\"},{\"@type\":\"BreadcrumbList\",\"@id\":\"https:\\\/\\\/adf-magazine.com\\\/fr\\\/?p=139324#breadcrumb\",\"itemListElement\":[{\"@type\":\"ListItem\",\"position\":1,\"name\":\"Home\",\"item\":\"https:\\\/\\\/adf-magazine.com\\\/pt-pt\\\/\"},{\"@type\":\"ListItem\",\"position\":2,\"name\":\"IS Pretende Estabelecer Basti\u00f5es em Mo\u00e7ambique\"}]},{\"@type\":\"WebSite\",\"@id\":\"https:\\\/\\\/adf-magazine.com\\\/#website\",\"url\":\"https:\\\/\\\/adf-magazine.com\\\/\",\"name\":\"Africa Defense Forum\",\"description\":\"Africa Defense Forum\",\"potentialAction\":[{\"@type\":\"SearchAction\",\"target\":{\"@type\":\"EntryPoint\",\"urlTemplate\":\"https:\\\/\\\/adf-magazine.com\\\/?s={search_term_string}\"},\"query-input\":{\"@type\":\"PropertyValueSpecification\",\"valueRequired\":true,\"valueName\":\"search_term_string\"}}],\"inLanguage\":\"pt-PT\"},{\"@type\":\"Person\",\"@id\":\"https:\\\/\\\/adf-magazine.com\\\/#\\\/schema\\\/person\\\/f266a6061389568b5a11465bb38bc025\",\"name\":\"ADF\",\"image\":{\"@type\":\"ImageObject\",\"inLanguage\":\"pt-PT\",\"@id\":\"https:\\\/\\\/adf-magazine.com\\\/wp-content\\\/uploads\\\/2020\\\/05\\\/cropped-ADF_icon.jpg\",\"url\":\"https:\\\/\\\/adf-magazine.com\\\/wp-content\\\/uploads\\\/2020\\\/05\\\/cropped-ADF_icon.jpg\",\"contentUrl\":\"https:\\\/\\\/adf-magazine.com\\\/wp-content\\\/uploads\\\/2020\\\/05\\\/cropped-ADF_icon.jpg\",\"caption\":\"ADF\"},\"description\":\"ADF is a professional military magazine published quarterly by U.S. Africa Command to provide an international forum for African security professionals. ADF covers topics such as counter terrorism strategies, security and defense operations, transnational crime, and all other issues affecting peace, stability, and good governance on the African continent.\",\"sameAs\":[\"https:\\\/\\\/x.com\\\/ADFmagazine\"],\"url\":\"https:\\\/\\\/adf-magazine.com\\\/pt-pt\\\/author\\\/adf\\\/\"}]}<\/script>\n<!-- \/ Yoast SEO plugin. -->","yoast_head_json":{"title":"IS Pretende Estabelecer Basti\u00f5es em Mo\u00e7ambique - Africa Defense Forum","robots":{"index":"index","follow":"follow","max-snippet":"max-snippet:-1","max-image-preview":"max-image-preview:large","max-video-preview":"max-video-preview:-1"},"canonical":"https:\/\/adf-magazine.com\/fr\/?p=139324","og_locale":"pt_PT","og_type":"article","og_title":"IS Pretende Estabelecer Basti\u00f5es em Mo\u00e7ambique - Africa Defense Forum","og_description":"No dia 7 de Outubro de 2025, um grupo de homens fortemente armados, vestidos com fardas militares, visitou uma mesquita em Moc\u00edmboa da Praia, uma cidade costeira na prov\u00edncia de Cabo Delgado. Dirigindo-se a uma multid\u00e3o de homens, mulheres e crian\u00e7as, um dos homens apresentou o grupo, o Estado Isl\u00e2mico de Mo\u00e7ambique (ISM), como uma","og_url":"https:\/\/adf-magazine.com\/fr\/?p=139324","og_site_name":"Africa Defense Forum","article_publisher":"https:\/\/www.facebook.com\/ADFmagazine\/","article_published_time":"2026-09-01T18:02:48+00:00","article_modified_time":"2026-09-01T18:03:05+00:00","og_image":[{"width":1080,"height":791,"url":"https:\/\/adf-magazine.com\/wp-content\/uploads\/2026\/09\/ISM-STRONGHOLD1.webp","type":"image\/webp"}],"author":"ADF","twitter_card":"summary_large_image","twitter_creator":"@ADFmagazine","twitter_site":"@ADFmagazine","twitter_misc":{"Escrito por":"ADF","Tempo estimado de leitura":"4 minutos"},"schema":{"@context":"https:\/\/schema.org","@graph":[{"@type":"Article","@id":"https:\/\/adf-magazine.com\/fr\/?p=139324#article","isPartOf":{"@id":"https:\/\/adf-magazine.com\/fr\/?p=139324"},"author":{"name":"ADF","@id":"https:\/\/adf-magazine.com\/#\/schema\/person\/f266a6061389568b5a11465bb38bc025"},"headline":"IS Pretende Estabelecer Basti\u00f5es em Mo\u00e7ambique","datePublished":"2026-09-01T18:02:48+00:00","dateModified":"2026-09-01T18:03:05+00:00","mainEntityOfPage":{"@id":"https:\/\/adf-magazine.com\/fr\/?p=139324"},"wordCount":872,"commentCount":0,"image":{"@id":"https:\/\/adf-magazine.com\/fr\/?p=139324#primaryimage"},"thumbnailUrl":"https:\/\/adf-magazine.com\/wp-content\/uploads\/2026\/09\/ISM-STRONGHOLD1.webp","keywords":["extremismo","insurg\u00eancia","Islamic State","Mozambique","Ruanda","Terrorism"],"articleSection":["Not\u00edcias diaries"],"inLanguage":"pt-PT","potentialAction":[{"@type":"CommentAction","name":"Comment","target":["https:\/\/adf-magazine.com\/fr\/?p=139324#respond"]}]},{"@type":"WebPage","@id":"https:\/\/adf-magazine.com\/fr\/?p=139324","url":"https:\/\/adf-magazine.com\/fr\/?p=139324","name":"IS Pretende Estabelecer Basti\u00f5es em Mo\u00e7ambique - Africa Defense Forum","isPartOf":{"@id":"https:\/\/adf-magazine.com\/#website"},"primaryImageOfPage":{"@id":"https:\/\/adf-magazine.com\/fr\/?p=139324#primaryimage"},"image":{"@id":"https:\/\/adf-magazine.com\/fr\/?p=139324#primaryimage"},"thumbnailUrl":"https:\/\/adf-magazine.com\/wp-content\/uploads\/2026\/09\/ISM-STRONGHOLD1.webp","datePublished":"2026-09-01T18:02:48+00:00","dateModified":"2026-09-01T18:03:05+00:00","author":{"@id":"https:\/\/adf-magazine.com\/#\/schema\/person\/f266a6061389568b5a11465bb38bc025"},"breadcrumb":{"@id":"https:\/\/adf-magazine.com\/fr\/?p=139324#breadcrumb"},"inLanguage":"pt-PT","potentialAction":[{"@type":"ReadAction","target":["https:\/\/adf-magazine.com\/fr\/?p=139324"]}]},{"@type":"ImageObject","inLanguage":"pt-PT","@id":"https:\/\/adf-magazine.com\/fr\/?p=139324#primaryimage","url":"https:\/\/adf-magazine.com\/wp-content\/uploads\/2026\/09\/ISM-STRONGHOLD1.webp","contentUrl":"https:\/\/adf-magazine.com\/wp-content\/uploads\/2026\/09\/ISM-STRONGHOLD1.webp","width":1080,"height":791,"caption":"Uma imagem que mostra duas fotografias de insurgentes do ISM a pregar numa mesquita de Moc\u00edmboa da Praia foi publicada no boletim informativo do Estado Isl\u00e2mico, al-Naba, no dia 9 de Outubro de 2025. AL-NABA"},{"@type":"BreadcrumbList","@id":"https:\/\/adf-magazine.com\/fr\/?p=139324#breadcrumb","itemListElement":[{"@type":"ListItem","position":1,"name":"Home","item":"https:\/\/adf-magazine.com\/pt-pt\/"},{"@type":"ListItem","position":2,"name":"IS Pretende Estabelecer Basti\u00f5es em Mo\u00e7ambique"}]},{"@type":"WebSite","@id":"https:\/\/adf-magazine.com\/#website","url":"https:\/\/adf-magazine.com\/","name":"Africa Defense Forum","description":"Africa Defense Forum","potentialAction":[{"@type":"SearchAction","target":{"@type":"EntryPoint","urlTemplate":"https:\/\/adf-magazine.com\/?s={search_term_string}"},"query-input":{"@type":"PropertyValueSpecification","valueRequired":true,"valueName":"search_term_string"}}],"inLanguage":"pt-PT"},{"@type":"Person","@id":"https:\/\/adf-magazine.com\/#\/schema\/person\/f266a6061389568b5a11465bb38bc025","name":"ADF","image":{"@type":"ImageObject","inLanguage":"pt-PT","@id":"https:\/\/adf-magazine.com\/wp-content\/uploads\/2020\/05\/cropped-ADF_icon.jpg","url":"https:\/\/adf-magazine.com\/wp-content\/uploads\/2020\/05\/cropped-ADF_icon.jpg","contentUrl":"https:\/\/adf-magazine.com\/wp-content\/uploads\/2020\/05\/cropped-ADF_icon.jpg","caption":"ADF"},"description":"ADF is a professional military magazine published quarterly by U.S. Africa Command to provide an international forum for African security professionals. ADF covers topics such as counter terrorism strategies, security and defense operations, transnational crime, and all other issues affecting peace, stability, and good governance on the African continent.","sameAs":["https:\/\/x.com\/ADFmagazine"],"url":"https:\/\/adf-magazine.com\/pt-pt\/author\/adf\/"}]}},"_links":{"self":[{"href":"https:\/\/adf-magazine.com\/pt-pt\/wp-json\/wp\/v2\/posts\/139322","targetHints":{"allow":["GET"]}}],"collection":[{"href":"https:\/\/adf-magazine.com\/pt-pt\/wp-json\/wp\/v2\/posts"}],"about":[{"href":"https:\/\/adf-magazine.com\/pt-pt\/wp-json\/wp\/v2\/types\/post"}],"author":[{"embeddable":true,"href":"https:\/\/adf-magazine.com\/pt-pt\/wp-json\/wp\/v2\/users\/1"}],"replies":[{"embeddable":true,"href":"https:\/\/adf-magazine.com\/pt-pt\/wp-json\/wp\/v2\/comments?post=139322"}],"version-history":[{"count":1,"href":"https:\/\/adf-magazine.com\/pt-pt\/wp-json\/wp\/v2\/posts\/139322\/revisions"}],"predecessor-version":[{"id":139323,"href":"https:\/\/adf-magazine.com\/pt-pt\/wp-json\/wp\/v2\/posts\/139322\/revisions\/139323"}],"wp:featuredmedia":[{"embeddable":true,"href":"https:\/\/adf-magazine.com\/pt-pt\/wp-json\/wp\/v2\/media\/139320"}],"wp:attachment":[{"href":"https:\/\/adf-magazine.com\/pt-pt\/wp-json\/wp\/v2\/media?parent=139322"}],"wp:term":[{"taxonomy":"category","embeddable":true,"href":"https:\/\/adf-magazine.com\/pt-pt\/wp-json\/wp\/v2\/categories?post=139322"},{"taxonomy":"post_tag","embeddable":true,"href":"https:\/\/adf-magazine.com\/pt-pt\/wp-json\/wp\/v2\/tags?post=139322"}],"curies":[{"name":"wp","href":"https:\/\/api.w.org\/{rel}","templated":true}]}}