{"id":138850,"date":"2026-08-11T14:12:20","date_gmt":"2026-08-11T18:12:20","guid":{"rendered":"https:\/\/adf-magazine.com\/?p=138850"},"modified":"2026-08-11T14:12:42","modified_gmt":"2026-08-11T18:12:42","slug":"marrocos-e-eua-estao-a-construir-um-centro-de-treino-militar","status":"publish","type":"post","link":"https:\/\/adf-magazine.com\/pt-pt\/2026\/08\/marrocos-e-eua-estao-a-construir-um-centro-de-treino-militar\/","title":{"rendered":"Marrocos e EUA Est\u00e3o a Construir um Centro de Treino Militar"},"content":{"rendered":"<p style=\"font-weight: 400;\">Est\u00e3o em curso planos em Marrocos para construir o Centro de Treino e Experimenta\u00e7\u00e3o Multidom\u00ednio de \u00c1frica (AMTEC), que promete ser um farol para o presente e o futuro da seguran\u00e7a e do treino militar no continente.<\/p>\n<p style=\"font-weight: 400;\">Com inaugura\u00e7\u00e3o prevista em Tan-Tan at\u00e9 2030, o AMTEC ser\u00e1 composto por tr\u00eas elementos: uma \u00e1rea de treino multidom\u00ednio, uma academia de drones e um centro de inova\u00e7\u00e3o e experimenta\u00e7\u00e3o. As For\u00e7as Armadas Reais Marroquinas (FAR) e o Comando dos EUA para \u00c1frica (AFRICOM) assinaram um memorando de entendimento na sede do AFRICOM, no dia 13 de Julho.<\/p>\n<p style=\"font-weight: 400;\">\u201cA prontid\u00e3o do Marrocos \u2014 demonstrada pelas nossas instala\u00e7\u00f5es existentes e pelo nosso pessoal qualificado \u2014 garante um r\u00e1pido progresso desde a concep\u00e7\u00e3o at\u00e9 \u00e0 realidade operacional e proporciona \u00e0s ind\u00fastrias de Marrocos e dos EUA um parceiro fi\u00e1vel e competente para a inova\u00e7\u00e3o conjunta e oportunidades de exporta\u00e7\u00e3o,\u201d disse recentemente o General Mohammed Berrid, das FAR, comandante da Zona Sul.<\/p>\n<p style=\"font-weight: 400;\">O Coronel Michael Gacheru, chefe da Divis\u00e3o de Envolvimento Regional do AFRICOM, disse que os planos para criar o AMTEC representam mais um passo em frente na parceria de longa data entre Marrocos e os EUA, visto que os dois pa\u00edses partilham o compromisso de combater o terrorismo e promover a estabilidade em todo o continente.<\/p>\n<p style=\"font-weight: 400;\">\u201cO AMTEC concretiza d\u00e9cadas de colabora\u00e7\u00e3o entre Marrocos e os Estados Unidos,\u201d disse ao site de not\u00edcias marroquino Le360, numa reportagem publicada a 14 de Julho. \u201cEsta parceria de partilha de recursos exemplifica a paz atrav\u00e9s da for\u00e7a, da responsabilidade partilhada e do progresso conjunto nos dom\u00ednios industrial e tecnol\u00f3gico. O nosso objectivo comum de criar um ambiente est\u00e1vel e prop\u00edcio \u00e0 prosperidade constitui a base desta nova fase.\u201d<\/p>\n<p style=\"font-weight: 400;\">A \u00e1rea de treino multidom\u00ednio disponibilizar\u00e1 um complexo de campos de tiro para preparar os soldados para a utiliza\u00e7\u00e3o de sistemas de armamento, sistemas defensivos e plataformas de comunica\u00e7\u00f5es. Proporcionar\u00e1 aos soldados a capacidade de operar em todo o espectro electromagn\u00e9tico, utilizando radiofrequ\u00eancias, microondas, infravermelhos, luz vis\u00edvel, raio-X e frequ\u00eancias de alta energia para testar e treinar opera\u00e7\u00f5es ofensivas e defensivas, recolher informa\u00e7\u00f5es e interligar sistemas de armas.<\/p>\n<p style=\"font-weight: 400;\">A academia de drones ir\u00e1 formar operadores, instrutores e planeadores de Marrocos e de outras na\u00e7\u00f5es africanas para refor\u00e7ar as suas capacidades contra as amea\u00e7as terroristas da \u00c1frica Ocidental. Os formandos ir\u00e3o adquirir as compet\u00eancias e os conhecimentos necess\u00e1rios para integrar drones em opera\u00e7\u00f5es mais abrangentes, com foco na resolu\u00e7\u00e3o de conflitos no espa\u00e7o a\u00e9reo, na integra\u00e7\u00e3o multidom\u00ednio, nas capacidades de ataque e na intelig\u00eancia, bem como na sincroniza\u00e7\u00e3o da vigil\u00e2ncia e do reconhecimento.<\/p>\n<p style=\"font-weight: 400;\">O centro de inova\u00e7\u00e3o e experimenta\u00e7\u00e3o ir\u00e1 desenvolver, testar e avaliar capacidades emergentes, com foco em solu\u00e7\u00f5es de baixo custo e escal\u00e1veis para opera\u00e7\u00f5es de combate ao terrorismo e de seguran\u00e7a regional. O centro tem como objectivo estabelecer parcerias com o meio acad\u00e9mico, integrando especialistas e institui\u00e7\u00f5es em equipas de concep\u00e7\u00e3o multifuncionais.<\/p>\n<p style=\"font-weight: 400;\">\u201cO Centro de Forma\u00e7\u00e3o e Experimenta\u00e7\u00e3o Multidom\u00ednio de \u00c1frica ir\u00e1 aumentar a prontid\u00e3o e aprimorar as capacidades de ambos os pa\u00edses,\u201d considerou o General Dagvin Anderson, Comandante do AFRICOM. \u201cEsta parceria representa uma grande oportunidade para as bases industriais de defesa dos EUA e de \u00c1frica, bem como para as institui\u00e7\u00f5es acad\u00e9micas, de experimentarem, inovarem e desenvolverem solu\u00e7\u00f5es escal\u00e1veis e adapt\u00e1veis em tecnologias emergentes.\u201d<\/p>\n<p style=\"font-weight: 400;\">O AMTEC pretende ser pioneiro no desenvolvimento de novas capacidades de rede em \u00e1reas remotas e carenciadas, apoiando a seguran\u00e7a e o desenvolvimento econ\u00f3mico, enquanto oferece aos desenvolvedores da ind\u00fastria de defesa marroquina e norte-americana oportunidades para testar e experimentar. Gacheru espera que o AMTEC sirva de campo de testes para futuras tecnologias sem fio e de detec\u00e7\u00e3o.<\/p>\n<p style=\"font-weight: 400;\">\u201cO AMTEC n\u00e3o \u00e9 meramente uma ferramenta militar; representa um futuro motor de crescimento econ\u00f3mico e progresso tecnol\u00f3gico para Marrocos, os Estados Unidos e toda a regi\u00e3o,\u201d afirmou. \u201cO centro proporcionar\u00e1 um ambiente ideal para que os sectores da defesa, da tecnologia e acad\u00e9mico de ambos os pa\u00edses testem, avaliem e aperfei\u00e7oem tecnologias emergentes, integrando especialistas e institui\u00e7\u00f5es acad\u00e9micas juntamente com operadores militares em equipas de concep\u00e7\u00e3o multidisciplinares, promovendo assim a inova\u00e7\u00e3o e a colabora\u00e7\u00e3o.\u201d<\/p>\n<p style=\"font-weight: 400;\">O exerc\u00edcio anual Le\u00e3o Africano, realizado em Marrocos, servir\u00e1 como prova de conceito para o AMTEC na sua edi\u00e7\u00e3o de 2027. O exerc\u00edcio tornou-se um campo de testes para a integra\u00e7\u00e3o de sistemas de alta tecnologia em ambientes operacionais, onde parceiros da ind\u00fastria trabalham com militares para testar sistemas baseados em intelig\u00eancia artificial, plataformas aut\u00f3nomas e ferramentas de comunica\u00e7\u00e3o avan\u00e7adas.<\/p>\n<p style=\"font-weight: 400;\">Uma vez que o Sahel se tornou o epicentro global do terrorismo, as parcerias e a colabora\u00e7\u00e3o s\u00e3o essenciais, afirmou Gacheru. \u00c0 medida que os pa\u00edses africanos se unem para enfrentar a crescente amea\u00e7a do terrorismo, Marrocos espera desempenhar um papel fundamental como l\u00edder da ind\u00fastria de defesa.<\/p>\n<p style=\"font-weight: 400;\">\u201cO AMTEC proporcionar\u00e1 um espa\u00e7o colaborativo onde se possam construir rela\u00e7\u00f5es de confian\u00e7a, a par das capacidades que permitir\u00e3o \u00e0s na\u00e7\u00f5es africanas garantir a sua pr\u00f3pria seguran\u00e7a territorial e impedir que os grupos terroristas se expandam, recrutem e conduzam opera\u00e7\u00f5es,\u201d afirmou.<\/p>\n","protected":false},"excerpt":{"rendered":"<p>Est\u00e3o em curso planos em Marrocos para construir o Centro de Treino e Experimenta\u00e7\u00e3o Multidom\u00ednio de \u00c1frica (AMTEC), que promete ser um farol para o presente e o futuro da seguran\u00e7a e do treino militar no continente. Com inaugura\u00e7\u00e3o prevista em Tan-Tan at\u00e9 2030, o AMTEC ser\u00e1 composto por tr\u00eas elementos: uma \u00e1rea de treino<\/p>\n","protected":false},"author":1,"featured_media":138848,"comment_status":"open","ping_status":"closed","sticky":false,"template":"","format":"standard","meta":{"_acf_changed":false,"_monsterinsights_skip_tracking":false,"_uf_show_specific_survey":0,"_uf_disable_surveys":false,"footnotes":""},"categories":[363],"tags":[558,1395,518,501],"class_list":["post-138850","post","type-post","status-publish","format-standard","has-post-thumbnail","category-melhores-historias","tag-africa-ocidental","tag-exercicio-de-treino","tag-marrocos","tag-sahel-pt-pt"],"acf":[],"yoast_head":"<!-- This site is optimized with the Yoast SEO plugin v28.4 - https:\/\/yoast.com\/product\/yoast-seo-wordpress\/ -->\n<title>Marrocos e EUA Est\u00e3o a Construir um Centro de Treino Militar - Africa Defense Forum<\/title>\n<meta name=\"robots\" content=\"index, follow, max-snippet:-1, max-image-preview:large, max-video-preview:-1\" \/>\n<link rel=\"canonical\" href=\"https:\/\/adf-magazine.com\/fr\/?p=138852\" \/>\n<meta property=\"og:locale\" content=\"pt_PT\" \/>\n<meta property=\"og:type\" content=\"article\" \/>\n<meta property=\"og:title\" content=\"Marrocos e EUA Est\u00e3o a Construir um Centro de Treino Militar - Africa Defense Forum\" \/>\n<meta property=\"og:description\" content=\"Est\u00e3o em curso planos em Marrocos para construir o Centro de Treino e Experimenta\u00e7\u00e3o Multidom\u00ednio de \u00c1frica (AMTEC), que promete ser um farol para o presente e o futuro da seguran\u00e7a e do treino militar no continente. Com inaugura\u00e7\u00e3o prevista em Tan-Tan at\u00e9 2030, o AMTEC ser\u00e1 composto por tr\u00eas elementos: uma \u00e1rea de treino\" \/>\n<meta property=\"og:url\" content=\"https:\/\/adf-magazine.com\/fr\/?p=138852\" \/>\n<meta property=\"og:site_name\" content=\"Africa Defense Forum\" \/>\n<meta property=\"article:publisher\" content=\"https:\/\/www.facebook.com\/ADFmagazine\/\" \/>\n<meta property=\"article:published_time\" content=\"2026-08-11T18:12:20+00:00\" \/>\n<meta property=\"article:modified_time\" content=\"2026-08-11T18:12:42+00:00\" \/>\n<meta property=\"og:image\" content=\"https:\/\/adf-magazine.com\/wp-content\/uploads\/2026\/08\/AMTEC2.webp\" \/>\n\t<meta property=\"og:image:width\" content=\"1080\" \/>\n\t<meta property=\"og:image:height\" content=\"720\" \/>\n\t<meta property=\"og:image:type\" content=\"image\/webp\" \/>\n<meta name=\"author\" content=\"ADF\" \/>\n<meta name=\"twitter:card\" content=\"summary_large_image\" \/>\n<meta name=\"twitter:creator\" content=\"@ADFmagazine\" \/>\n<meta name=\"twitter:site\" content=\"@ADFmagazine\" \/>\n<meta name=\"twitter:label1\" content=\"Escrito por\" \/>\n\t<meta name=\"twitter:data1\" content=\"ADF\" \/>\n\t<meta name=\"twitter:label2\" content=\"Tempo estimado de leitura\" \/>\n\t<meta name=\"twitter:data2\" content=\"5 minutos\" \/>\n<script type=\"application\/ld+json\" class=\"yoast-schema-graph\">{\"@context\":\"https:\\\/\\\/schema.org\",\"@graph\":[{\"@type\":\"Article\",\"@id\":\"https:\\\/\\\/adf-magazine.com\\\/fr\\\/?p=138852#article\",\"isPartOf\":{\"@id\":\"https:\\\/\\\/adf-magazine.com\\\/fr\\\/?p=138852\"},\"author\":{\"name\":\"ADF\",\"@id\":\"https:\\\/\\\/adf-magazine.com\\\/#\\\/schema\\\/person\\\/f266a6061389568b5a11465bb38bc025\"},\"headline\":\"Marrocos e EUA Est\u00e3o a Construir um Centro de Treino Militar\",\"datePublished\":\"2026-08-11T18:12:20+00:00\",\"dateModified\":\"2026-08-11T18:12:42+00:00\",\"mainEntityOfPage\":{\"@id\":\"https:\\\/\\\/adf-magazine.com\\\/fr\\\/?p=138852\"},\"wordCount\":935,\"commentCount\":0,\"image\":{\"@id\":\"https:\\\/\\\/adf-magazine.com\\\/fr\\\/?p=138852#primaryimage\"},\"thumbnailUrl\":\"https:\\\/\\\/adf-magazine.com\\\/wp-content\\\/uploads\\\/2026\\\/08\\\/AMTEC2.webp\",\"keywords\":[\"\u00c1frica Ocidental\",\"exerc\u00edcio de treino\",\"Marrocos\",\"Sahel\"],\"articleSection\":[\"Not\u00edcias diaries\"],\"inLanguage\":\"pt-PT\",\"potentialAction\":[{\"@type\":\"CommentAction\",\"name\":\"Comment\",\"target\":[\"https:\\\/\\\/adf-magazine.com\\\/fr\\\/?p=138852#respond\"]}]},{\"@type\":\"WebPage\",\"@id\":\"https:\\\/\\\/adf-magazine.com\\\/fr\\\/?p=138852\",\"url\":\"https:\\\/\\\/adf-magazine.com\\\/fr\\\/?p=138852\",\"name\":\"Marrocos e EUA Est\u00e3o a Construir um Centro de Treino Militar - Africa Defense Forum\",\"isPartOf\":{\"@id\":\"https:\\\/\\\/adf-magazine.com\\\/#website\"},\"primaryImageOfPage\":{\"@id\":\"https:\\\/\\\/adf-magazine.com\\\/fr\\\/?p=138852#primaryimage\"},\"image\":{\"@id\":\"https:\\\/\\\/adf-magazine.com\\\/fr\\\/?p=138852#primaryimage\"},\"thumbnailUrl\":\"https:\\\/\\\/adf-magazine.com\\\/wp-content\\\/uploads\\\/2026\\\/08\\\/AMTEC2.webp\",\"datePublished\":\"2026-08-11T18:12:20+00:00\",\"dateModified\":\"2026-08-11T18:12:42+00:00\",\"author\":{\"@id\":\"https:\\\/\\\/adf-magazine.com\\\/#\\\/schema\\\/person\\\/f266a6061389568b5a11465bb38bc025\"},\"breadcrumb\":{\"@id\":\"https:\\\/\\\/adf-magazine.com\\\/fr\\\/?p=138852#breadcrumb\"},\"inLanguage\":\"pt-PT\",\"potentialAction\":[{\"@type\":\"ReadAction\",\"target\":[\"https:\\\/\\\/adf-magazine.com\\\/fr\\\/?p=138852\"]}]},{\"@type\":\"ImageObject\",\"inLanguage\":\"pt-PT\",\"@id\":\"https:\\\/\\\/adf-magazine.com\\\/fr\\\/?p=138852#primaryimage\",\"url\":\"https:\\\/\\\/adf-magazine.com\\\/wp-content\\\/uploads\\\/2026\\\/08\\\/AMTEC2.webp\",\"contentUrl\":\"https:\\\/\\\/adf-magazine.com\\\/wp-content\\\/uploads\\\/2026\\\/08\\\/AMTEC2.webp\",\"width\":1080,\"height\":720,\"caption\":\"Reais Marroquinas, \u00e0 direita, e o General Dagvin Anderson, comandante do AFRICOM, apertam as m\u00e3os em Estugarda, na Alemanha, no dia 13 de Julho de 2026, ap\u00f3s a assinatura de acordos para a cria\u00e7\u00e3o do Centro de Forma\u00e7\u00e3o e Experimenta\u00e7\u00e3o Multidom\u00ednio de \u00c1frica em Tan-Tan, Marrocos, at\u00e9 2030. DAVID KIMERY\\\/AFRICOM\"},{\"@type\":\"BreadcrumbList\",\"@id\":\"https:\\\/\\\/adf-magazine.com\\\/fr\\\/?p=138852#breadcrumb\",\"itemListElement\":[{\"@type\":\"ListItem\",\"position\":1,\"name\":\"Home\",\"item\":\"https:\\\/\\\/adf-magazine.com\\\/pt-pt\\\/\"},{\"@type\":\"ListItem\",\"position\":2,\"name\":\"Marrocos e EUA Est\u00e3o a Construir um Centro de Treino Militar\"}]},{\"@type\":\"WebSite\",\"@id\":\"https:\\\/\\\/adf-magazine.com\\\/#website\",\"url\":\"https:\\\/\\\/adf-magazine.com\\\/\",\"name\":\"Africa Defense Forum\",\"description\":\"Africa Defense Forum\",\"potentialAction\":[{\"@type\":\"SearchAction\",\"target\":{\"@type\":\"EntryPoint\",\"urlTemplate\":\"https:\\\/\\\/adf-magazine.com\\\/?s={search_term_string}\"},\"query-input\":{\"@type\":\"PropertyValueSpecification\",\"valueRequired\":true,\"valueName\":\"search_term_string\"}}],\"inLanguage\":\"pt-PT\"},{\"@type\":\"Person\",\"@id\":\"https:\\\/\\\/adf-magazine.com\\\/#\\\/schema\\\/person\\\/f266a6061389568b5a11465bb38bc025\",\"name\":\"ADF\",\"image\":{\"@type\":\"ImageObject\",\"inLanguage\":\"pt-PT\",\"@id\":\"https:\\\/\\\/adf-magazine.com\\\/wp-content\\\/uploads\\\/2020\\\/05\\\/cropped-ADF_icon.jpg\",\"url\":\"https:\\\/\\\/adf-magazine.com\\\/wp-content\\\/uploads\\\/2020\\\/05\\\/cropped-ADF_icon.jpg\",\"contentUrl\":\"https:\\\/\\\/adf-magazine.com\\\/wp-content\\\/uploads\\\/2020\\\/05\\\/cropped-ADF_icon.jpg\",\"caption\":\"ADF\"},\"description\":\"ADF is a professional military magazine published quarterly by U.S. Africa Command to provide an international forum for African security professionals. ADF covers topics such as counter terrorism strategies, security and defense operations, transnational crime, and all other issues affecting peace, stability, and good governance on the African continent.\",\"sameAs\":[\"https:\\\/\\\/x.com\\\/ADFmagazine\"],\"url\":\"https:\\\/\\\/adf-magazine.com\\\/pt-pt\\\/author\\\/adf\\\/\"}]}<\/script>\n<!-- \/ Yoast SEO plugin. -->","yoast_head_json":{"title":"Marrocos e EUA Est\u00e3o a Construir um Centro de Treino Militar - Africa Defense Forum","robots":{"index":"index","follow":"follow","max-snippet":"max-snippet:-1","max-image-preview":"max-image-preview:large","max-video-preview":"max-video-preview:-1"},"canonical":"https:\/\/adf-magazine.com\/fr\/?p=138852","og_locale":"pt_PT","og_type":"article","og_title":"Marrocos e EUA Est\u00e3o a Construir um Centro de Treino Militar - Africa Defense Forum","og_description":"Est\u00e3o em curso planos em Marrocos para construir o Centro de Treino e Experimenta\u00e7\u00e3o Multidom\u00ednio de \u00c1frica (AMTEC), que promete ser um farol para o presente e o futuro da seguran\u00e7a e do treino militar no continente. Com inaugura\u00e7\u00e3o prevista em Tan-Tan at\u00e9 2030, o AMTEC ser\u00e1 composto por tr\u00eas elementos: uma \u00e1rea de treino","og_url":"https:\/\/adf-magazine.com\/fr\/?p=138852","og_site_name":"Africa Defense Forum","article_publisher":"https:\/\/www.facebook.com\/ADFmagazine\/","article_published_time":"2026-08-11T18:12:20+00:00","article_modified_time":"2026-08-11T18:12:42+00:00","og_image":[{"width":1080,"height":720,"url":"https:\/\/adf-magazine.com\/wp-content\/uploads\/2026\/08\/AMTEC2.webp","type":"image\/webp"}],"author":"ADF","twitter_card":"summary_large_image","twitter_creator":"@ADFmagazine","twitter_site":"@ADFmagazine","twitter_misc":{"Escrito por":"ADF","Tempo estimado de leitura":"5 minutos"},"schema":{"@context":"https:\/\/schema.org","@graph":[{"@type":"Article","@id":"https:\/\/adf-magazine.com\/fr\/?p=138852#article","isPartOf":{"@id":"https:\/\/adf-magazine.com\/fr\/?p=138852"},"author":{"name":"ADF","@id":"https:\/\/adf-magazine.com\/#\/schema\/person\/f266a6061389568b5a11465bb38bc025"},"headline":"Marrocos e EUA Est\u00e3o a Construir um Centro de Treino Militar","datePublished":"2026-08-11T18:12:20+00:00","dateModified":"2026-08-11T18:12:42+00:00","mainEntityOfPage":{"@id":"https:\/\/adf-magazine.com\/fr\/?p=138852"},"wordCount":935,"commentCount":0,"image":{"@id":"https:\/\/adf-magazine.com\/fr\/?p=138852#primaryimage"},"thumbnailUrl":"https:\/\/adf-magazine.com\/wp-content\/uploads\/2026\/08\/AMTEC2.webp","keywords":["\u00c1frica Ocidental","exerc\u00edcio de treino","Marrocos","Sahel"],"articleSection":["Not\u00edcias diaries"],"inLanguage":"pt-PT","potentialAction":[{"@type":"CommentAction","name":"Comment","target":["https:\/\/adf-magazine.com\/fr\/?p=138852#respond"]}]},{"@type":"WebPage","@id":"https:\/\/adf-magazine.com\/fr\/?p=138852","url":"https:\/\/adf-magazine.com\/fr\/?p=138852","name":"Marrocos e EUA Est\u00e3o a Construir um Centro de Treino Militar - Africa Defense Forum","isPartOf":{"@id":"https:\/\/adf-magazine.com\/#website"},"primaryImageOfPage":{"@id":"https:\/\/adf-magazine.com\/fr\/?p=138852#primaryimage"},"image":{"@id":"https:\/\/adf-magazine.com\/fr\/?p=138852#primaryimage"},"thumbnailUrl":"https:\/\/adf-magazine.com\/wp-content\/uploads\/2026\/08\/AMTEC2.webp","datePublished":"2026-08-11T18:12:20+00:00","dateModified":"2026-08-11T18:12:42+00:00","author":{"@id":"https:\/\/adf-magazine.com\/#\/schema\/person\/f266a6061389568b5a11465bb38bc025"},"breadcrumb":{"@id":"https:\/\/adf-magazine.com\/fr\/?p=138852#breadcrumb"},"inLanguage":"pt-PT","potentialAction":[{"@type":"ReadAction","target":["https:\/\/adf-magazine.com\/fr\/?p=138852"]}]},{"@type":"ImageObject","inLanguage":"pt-PT","@id":"https:\/\/adf-magazine.com\/fr\/?p=138852#primaryimage","url":"https:\/\/adf-magazine.com\/wp-content\/uploads\/2026\/08\/AMTEC2.webp","contentUrl":"https:\/\/adf-magazine.com\/wp-content\/uploads\/2026\/08\/AMTEC2.webp","width":1080,"height":720,"caption":"Reais Marroquinas, \u00e0 direita, e o General Dagvin Anderson, comandante do AFRICOM, apertam as m\u00e3os em Estugarda, na Alemanha, no dia 13 de Julho de 2026, ap\u00f3s a assinatura de acordos para a cria\u00e7\u00e3o do Centro de Forma\u00e7\u00e3o e Experimenta\u00e7\u00e3o Multidom\u00ednio de \u00c1frica em Tan-Tan, Marrocos, at\u00e9 2030. DAVID KIMERY\/AFRICOM"},{"@type":"BreadcrumbList","@id":"https:\/\/adf-magazine.com\/fr\/?p=138852#breadcrumb","itemListElement":[{"@type":"ListItem","position":1,"name":"Home","item":"https:\/\/adf-magazine.com\/pt-pt\/"},{"@type":"ListItem","position":2,"name":"Marrocos e EUA Est\u00e3o a Construir um Centro de Treino Militar"}]},{"@type":"WebSite","@id":"https:\/\/adf-magazine.com\/#website","url":"https:\/\/adf-magazine.com\/","name":"Africa Defense Forum","description":"Africa Defense Forum","potentialAction":[{"@type":"SearchAction","target":{"@type":"EntryPoint","urlTemplate":"https:\/\/adf-magazine.com\/?s={search_term_string}"},"query-input":{"@type":"PropertyValueSpecification","valueRequired":true,"valueName":"search_term_string"}}],"inLanguage":"pt-PT"},{"@type":"Person","@id":"https:\/\/adf-magazine.com\/#\/schema\/person\/f266a6061389568b5a11465bb38bc025","name":"ADF","image":{"@type":"ImageObject","inLanguage":"pt-PT","@id":"https:\/\/adf-magazine.com\/wp-content\/uploads\/2020\/05\/cropped-ADF_icon.jpg","url":"https:\/\/adf-magazine.com\/wp-content\/uploads\/2020\/05\/cropped-ADF_icon.jpg","contentUrl":"https:\/\/adf-magazine.com\/wp-content\/uploads\/2020\/05\/cropped-ADF_icon.jpg","caption":"ADF"},"description":"ADF is a professional military magazine published quarterly by U.S. Africa Command to provide an international forum for African security professionals. ADF covers topics such as counter terrorism strategies, security and defense operations, transnational crime, and all other issues affecting peace, stability, and good governance on the African continent.","sameAs":["https:\/\/x.com\/ADFmagazine"],"url":"https:\/\/adf-magazine.com\/pt-pt\/author\/adf\/"}]}},"_links":{"self":[{"href":"https:\/\/adf-magazine.com\/pt-pt\/wp-json\/wp\/v2\/posts\/138850","targetHints":{"allow":["GET"]}}],"collection":[{"href":"https:\/\/adf-magazine.com\/pt-pt\/wp-json\/wp\/v2\/posts"}],"about":[{"href":"https:\/\/adf-magazine.com\/pt-pt\/wp-json\/wp\/v2\/types\/post"}],"author":[{"embeddable":true,"href":"https:\/\/adf-magazine.com\/pt-pt\/wp-json\/wp\/v2\/users\/1"}],"replies":[{"embeddable":true,"href":"https:\/\/adf-magazine.com\/pt-pt\/wp-json\/wp\/v2\/comments?post=138850"}],"version-history":[{"count":1,"href":"https:\/\/adf-magazine.com\/pt-pt\/wp-json\/wp\/v2\/posts\/138850\/revisions"}],"predecessor-version":[{"id":138851,"href":"https:\/\/adf-magazine.com\/pt-pt\/wp-json\/wp\/v2\/posts\/138850\/revisions\/138851"}],"wp:featuredmedia":[{"embeddable":true,"href":"https:\/\/adf-magazine.com\/pt-pt\/wp-json\/wp\/v2\/media\/138848"}],"wp:attachment":[{"href":"https:\/\/adf-magazine.com\/pt-pt\/wp-json\/wp\/v2\/media?parent=138850"}],"wp:term":[{"taxonomy":"category","embeddable":true,"href":"https:\/\/adf-magazine.com\/pt-pt\/wp-json\/wp\/v2\/categories?post=138850"},{"taxonomy":"post_tag","embeddable":true,"href":"https:\/\/adf-magazine.com\/pt-pt\/wp-json\/wp\/v2\/tags?post=138850"}],"curies":[{"name":"wp","href":"https:\/\/api.w.org\/{rel}","templated":true}]}}