{"id":138781,"date":"2026-08-11T12:34:17","date_gmt":"2026-08-11T16:34:17","guid":{"rendered":"https:\/\/adf-magazine.com\/?p=138781"},"modified":"2026-08-11T12:34:33","modified_gmt":"2026-08-11T16:34:33","slug":"nacoes-do-sahel-enfrentam-um-ataque-sem-precedentes-a-sociedade-civil","status":"publish","type":"post","link":"https:\/\/adf-magazine.com\/pt-pt\/2026\/08\/nacoes-do-sahel-enfrentam-um-ataque-sem-precedentes-a-sociedade-civil\/","title":{"rendered":"Na\u00e7\u00f5es do Sahel Enfrentam um Ataque \u2018Sem Precedentes\u2019 \u00e0 Sociedade Civil"},"content":{"rendered":"<p style=\"font-weight: 400;\">Quando a Civicus, uma alian\u00e7a com sede na \u00c1frica do Sul que re\u00fane organiza\u00e7\u00f5es da sociedade civil de todo o mundo, incluiu recentemente o Burquina Faso na sua lista de observa\u00e7\u00e3o dos direitos humanos, os motivos foram numerosos:<\/p>\n<ul style=\"font-weight: 400;\">\n<li>A junta dissolveu todos os partidos pol\u00edticos.<\/li>\n<li>Os cr\u00edticos dos governantes militares t\u00eam sido censurados, detidos e desaparecem.<\/li>\n<\/ul>\n<ul>\n<li>Quase 1.200 organiza\u00e7\u00f5es da sociedade civil foram suspensas ou dissolvidas.<\/li>\n<\/ul>\n<p style=\"font-weight: 400;\">\u201cA dimens\u00e3o deste ataque \u00e0 sociedade civil n\u00e3o tem precedentes,\u201d Pierre-Claver Akolly Am\u00e9gnikpo Dekpoh , da Rede de Defensores dos Direitos Humanos da \u00c1frica Ocidental, disse \u00e0 Civicus aquando da publica\u00e7\u00e3o do seu relat\u00f3rio, no dia 29 de Julho. \u201cAs autoridades est\u00e3o a recorrer \u00e0 legisla\u00e7\u00e3o restritiva e a medidas administrativas amb\u00edguas para desmantelar as organiza\u00e7\u00f5es.\u201d<\/p>\n<p style=\"font-weight: 400;\">A Civicus Monitor, que acompanha os \u00faltimos desenvolvimentos em mat\u00e9ria de liberdade de express\u00e3o, de associa\u00e7\u00e3o e de reuni\u00e3o pac\u00edfica em 198 pa\u00edses e territ\u00f3rios, rebaixou o Burquina Faso para o estatuto de \u201creprimido,\u201d o mesmo estatuto de que gozam o Mali e o N\u00edger, dois pa\u00edses vizinhos tamb\u00e9m liderados por juntas militares.<\/p>\n<p style=\"font-weight: 400;\">Grupos da sociedade civil e especialistas documentaram uma s\u00e9rie de viola\u00e7\u00f5es de direitos nos tr\u00eas pa\u00edses, onde os governantes militares, que outrora prometeram um per\u00edodo de transi\u00e7\u00e3o ordenado de regresso ao governo civil, acabaram por proibir e dissolver todos os partidos pol\u00edticos.<\/p>\n<p style=\"font-weight: 400;\">Os chefes de Estado do Burquina Faso, do Mali e do N\u00edger utilizaram as quest\u00f5es da inseguran\u00e7a crescente e da expans\u00e3o dos grupos terroristas sediados no Sahel como justifica\u00e7\u00e3o para tomarem o poder atrav\u00e9s de golpes de Estado. No entanto, Daniel Eizenga, investigador do Centro de Estudos Estrat\u00e9gicos de \u00c1frica, disse que os l\u00edderes das juntas deixaram de dar prioridade \u00e0 seguran\u00e7a nacional e evitaram uma colabora\u00e7\u00e3o regional mais ampla para se concentrarem na gest\u00e3o da dissid\u00eancia interna.<\/p>\n<p style=\"font-weight: 400;\">\u201cA consolida\u00e7\u00e3o do poder pol\u00edtico tem prevalecido sobre a reavalia\u00e7\u00e3o e a adapta\u00e7\u00e3o exigidas por um ambiente de seguran\u00e7a em r\u00e1pida evolu\u00e7\u00e3o,\u201d escreveu num artigo de 14 de Julho. \u201cO efeito \u00e9 comprometer a seguran\u00e7a nacional. Fechar os espa\u00e7os para estas vozes restringe o debate precisamente quando \u00e9 mais necess\u00e1ria uma avalia\u00e7\u00e3o mais abrangente da traject\u00f3ria de deteriora\u00e7\u00e3o da seguran\u00e7a na regi\u00e3o.\u201d<\/p>\n<p style=\"font-weight: 400;\">O investigador da Civicus, Nelson Baiye Mbu, disse que o Burquina Faso foi adicionado \u00e0 lista de observa\u00e7\u00e3o devido \u00e0 \u201cgrande escala e intensidade da ac\u00e7\u00e3o do Estado contra a sociedade civil,\u201d incluindo uma lei restritiva de 2025 sobre a liberdade de associa\u00e7\u00e3o. A descida do estatuto do pa\u00eds n\u00e3o foi surpresa, afirmou: \u201cSe olharmos para a traject\u00f3ria, tem sido muito vis\u00edvel desde 2023.\u201d<\/p>\n<p style=\"font-weight: 400;\">In\u00fameros cr\u00edticos e alguns jornalistas foram detidos por homens mascarados e acabaram na pris\u00e3o. Outros foram recrutados \u00e0 for\u00e7a e enviados para a linha da frente da luta contra os terroristas.<\/p>\n<p style=\"font-weight: 400;\">Um dos alvos mais recentes do presidente Ibrahim Traor\u00e9 foi o influente imame Mohamad Ishaq Kindo, que foi detido no final de Maio e levado para um local desconhecido depois de ter criticado publicamente um projecto de lei que regulamenta o exerc\u00edcio das liberdades religiosas num pa\u00eds onde mais de 60% da popula\u00e7\u00e3o \u00e9 mu\u00e7ulmana. Depois de se terem reunido para exigir a liberta\u00e7\u00e3o de Kindo, cerca de 100 dos seus apoiantes foram levados para um acampamento militar para o que as autoridades designaram como \u201cforma\u00e7\u00e3o c\u00edvica.\u201d<\/p>\n<p style=\"font-weight: 400;\">\u201cO terror atingiu o seu auge,\u201d um aliado de Kindo disse \u00e0 Agence France-Presse em Junho. \u201cSequestrar brutalmente um l\u00edder religioso e impedir os fi\u00e9is de se reunirem para rezar, disparando g\u00e1s lacrimog\u00e9neo at\u00e9 mesmo dentro da mesquita, \u00e9 ir longe demais.\u201d<\/p>\n<p style=\"font-weight: 400;\">E acrescentou: \u201cO que este regime est\u00e1 a fazer passar ao povo do Burquina Faso \u00e9 insuport\u00e1vel, tudo sob o pretexto de combater o terrorismo, quando nem sequer vemos quaisquer resultados.\u201d<\/p>\n<p style=\"font-weight: 400;\">Tal como no Burquina Faso, a seguran\u00e7a est\u00e1 a deteriorar-se em todo o Sahel, \u00e0 medida que grupos militantes conquistam territ\u00f3rios sem precedentes e lan\u00e7am ataques mais coordenados e sofisticados dirigidos contra os tr\u00eas governos militares.<\/p>\n<p style=\"font-weight: 400;\">Dias antes do terceiro anivers\u00e1rio do golpe militar no N\u00edger, a Human Rights Watch disse que a junta desmantelou as institui\u00e7\u00f5es democr\u00e1ticas e intensificou a repress\u00e3o para refor\u00e7ar o seu controlo sobre o poder, enquanto os incidentes de seguran\u00e7a, as mortes e os ataques por parte de grupos terroristas aumentam.<\/p>\n<p style=\"font-weight: 400;\">\u201cExiste uma restri\u00e7\u00e3o extrema do espa\u00e7o c\u00edvico no N\u00edger,\u201d o antigo embaixador nigerino, Kiari Liman-Tinguiri, disse \u00e0 Radio France Internationale, numa reportagem de 27 de Julho. \u201cA liberdade de express\u00e3o foi completamente suprimida. As decis\u00f5es judiciais est\u00e3o a ser desrespeitadas, as organiza\u00e7\u00f5es n\u00e3o-governamentais foram dissolvidas e submetidas a um sistema de controlo sem precedentes.\u201d<\/p>\n<p style=\"font-weight: 400;\">\u201cEm suma, trata-se de um regime autorit\u00e1rio. Essa \u00e9 a realidade.\u201d<\/p>\n<p style=\"font-weight: 400;\">No Mali, grupos terroristas colaboraram com separatistas Tuaregues para amea\u00e7ar a junta inst\u00e1vel em 2026. O governo aprovou uma lei que revogava as protec\u00e7\u00f5es b\u00e1sicas \u00e0 participa\u00e7\u00e3o pol\u00edtica em 2025, o que suscitou uma onda de repreens\u00e3o internacional.<\/p>\n<p style=\"font-weight: 400;\">Em Maio de 2026, a Federa\u00e7\u00e3o Internacional dos Direitos Humanos apelou \u00e0s autoridades malianas para que pusessem fim \u00e0 sua campanha de deten\u00e7\u00f5es arbitr\u00e1rias, desaparecimentos for\u00e7ados e actos de intimida\u00e7\u00e3o dirigidos contra os cr\u00edticos do governo. \u201cAs autoridades do Mali n\u00e3o podem responder \u00e0 crescente crise de seguran\u00e7a com raptos, desaparecimentos for\u00e7ados e incitamento ao \u00f3dio,\u201d o l\u00edder da federa\u00e7\u00e3o, Drissa Traor\u00e9, disse num comunicado a 7 de Maio de 2026. \u201cA luta contra o jihadismo n\u00e3o pode ser utilizada para justificar o desrespeito pelo Estado de direito.\u201d<\/p>\n<p style=\"font-weight: 400;\">Para inverter a onda de viol\u00eancia e repress\u00e3o no Sahel, afirmou Eizenga, os governos liderados pelas juntas devem restabelecer a comunica\u00e7\u00e3o e a colabora\u00e7\u00e3o regionais com os seus vizinhos da \u00c1frica Ocidental.<\/p>\n<p><span style=\"font-weight: 400;\">\u201cO alcance e a complexidade crescentes da amea\u00e7a apontam para a necessidade de respostas mais abrangentes \u2014 e inclusivas \u2014 do que as adoptadas at\u00e9 \u00e0 data,\u201d escreveu. \u201cInverter estas tend\u00eancias exigir\u00e1 o envolvimento de um leque mais alargado de actores nacionais, uma coopera\u00e7\u00e3o regional mais forte, uma partilha de informa\u00e7\u00f5es mais eficaz e esfor\u00e7os intensificados para mobilizar os recursos pol\u00edticos, sociais e econ\u00f3micos necess\u00e1rios para enfrentar uma insurg\u00eancia complexa.\u201d<\/span><\/p>\n","protected":false},"excerpt":{"rendered":"<p>Quando a Civicus, uma alian\u00e7a com sede na \u00c1frica do Sul que re\u00fane organiza\u00e7\u00f5es da sociedade civil de todo o mundo, incluiu recentemente o Burquina Faso na sua lista de observa\u00e7\u00e3o dos direitos humanos, os motivos foram numerosos: A junta dissolveu todos os partidos pol\u00edticos. Os cr\u00edticos dos governantes militares t\u00eam sido censurados, detidos e<\/p>\n","protected":false},"author":1,"featured_media":138779,"comment_status":"open","ping_status":"closed","sticky":false,"template":"","format":"standard","meta":{"_acf_changed":false,"_monsterinsights_skip_tracking":false,"_uf_show_specific_survey":0,"_uf_disable_surveys":false,"footnotes":""},"categories":[363],"tags":[558,503,1002,1020,452,502,501,1139],"class_list":["post-138781","post","type-post","status-publish","format-standard","has-post-thumbnail","category-melhores-historias","tag-africa-ocidental","tag-burkina-faso-pt-pt","tag-democracia","tag-insurgencia","tag-mali-pt-pt","tag-niger-pt-pt","tag-sahel-pt-pt","tag-terrorism-pt-pt"],"acf":[],"yoast_head":"<!-- This site is optimized with the Yoast SEO plugin v28.3 - https:\/\/yoast.com\/product\/yoast-seo-wordpress\/ -->\n<title>Na\u00e7\u00f5es do Sahel Enfrentam um Ataque \u2018Sem Precedentes\u2019 \u00e0 Sociedade Civil - Africa Defense Forum<\/title>\n<meta name=\"robots\" content=\"index, follow, max-snippet:-1, max-image-preview:large, max-video-preview:-1\" \/>\n<link rel=\"canonical\" href=\"https:\/\/adf-magazine.com\/pt-pt\/2026\/08\/nacoes-do-sahel-enfrentam-um-ataque-sem-precedentes-a-sociedade-civil\/\" \/>\n<meta property=\"og:locale\" content=\"pt_PT\" \/>\n<meta property=\"og:type\" content=\"article\" \/>\n<meta property=\"og:title\" content=\"Na\u00e7\u00f5es do Sahel Enfrentam um Ataque \u2018Sem Precedentes\u2019 \u00e0 Sociedade Civil - Africa Defense Forum\" \/>\n<meta property=\"og:description\" content=\"Quando a Civicus, uma alian\u00e7a com sede na \u00c1frica do Sul que re\u00fane organiza\u00e7\u00f5es da sociedade civil de todo o mundo, incluiu recentemente o Burquina Faso na sua lista de observa\u00e7\u00e3o dos direitos humanos, os motivos foram numerosos: A junta dissolveu todos os partidos pol\u00edticos. Os cr\u00edticos dos governantes militares t\u00eam sido censurados, detidos e\" \/>\n<meta property=\"og:url\" content=\"https:\/\/adf-magazine.com\/pt-pt\/2026\/08\/nacoes-do-sahel-enfrentam-um-ataque-sem-precedentes-a-sociedade-civil\/\" \/>\n<meta property=\"og:site_name\" content=\"Africa Defense Forum\" \/>\n<meta property=\"article:publisher\" content=\"https:\/\/www.facebook.com\/ADFmagazine\/\" \/>\n<meta property=\"article:published_time\" content=\"2026-08-11T16:34:17+00:00\" \/>\n<meta property=\"article:modified_time\" content=\"2026-08-11T16:34:33+00:00\" \/>\n<meta property=\"og:image\" content=\"https:\/\/adf-magazine.com\/wp-content\/uploads\/2026\/08\/STIFLE1.webp\" \/>\n\t<meta property=\"og:image:width\" content=\"1080\" \/>\n\t<meta property=\"og:image:height\" content=\"720\" \/>\n\t<meta property=\"og:image:type\" content=\"image\/webp\" \/>\n<meta name=\"author\" content=\"ADF\" \/>\n<meta name=\"twitter:card\" content=\"summary_large_image\" \/>\n<meta name=\"twitter:creator\" content=\"@ADFmagazine\" \/>\n<meta name=\"twitter:site\" content=\"@ADFmagazine\" \/>\n<meta name=\"twitter:label1\" content=\"Escrito por\" \/>\n\t<meta name=\"twitter:data1\" content=\"ADF\" \/>\n\t<meta name=\"twitter:label2\" content=\"Tempo estimado de leitura\" \/>\n\t<meta name=\"twitter:data2\" content=\"5 minutos\" \/>\n<script type=\"application\/ld+json\" class=\"yoast-schema-graph\">{\"@context\":\"https:\\\/\\\/schema.org\",\"@graph\":[{\"@type\":\"Article\",\"@id\":\"https:\\\/\\\/adf-magazine.com\\\/pt-pt\\\/2026\\\/08\\\/nacoes-do-sahel-enfrentam-um-ataque-sem-precedentes-a-sociedade-civil\\\/#article\",\"isPartOf\":{\"@id\":\"https:\\\/\\\/adf-magazine.com\\\/pt-pt\\\/2026\\\/08\\\/nacoes-do-sahel-enfrentam-um-ataque-sem-precedentes-a-sociedade-civil\\\/\"},\"author\":{\"name\":\"ADF\",\"@id\":\"https:\\\/\\\/adf-magazine.com\\\/#\\\/schema\\\/person\\\/f266a6061389568b5a11465bb38bc025\"},\"headline\":\"Na\u00e7\u00f5es do Sahel Enfrentam um Ataque \u2018Sem Precedentes\u2019 \u00e0 Sociedade Civil\",\"datePublished\":\"2026-08-11T16:34:17+00:00\",\"dateModified\":\"2026-08-11T16:34:33+00:00\",\"mainEntityOfPage\":{\"@id\":\"https:\\\/\\\/adf-magazine.com\\\/pt-pt\\\/2026\\\/08\\\/nacoes-do-sahel-enfrentam-um-ataque-sem-precedentes-a-sociedade-civil\\\/\"},\"wordCount\":1102,\"commentCount\":0,\"image\":{\"@id\":\"https:\\\/\\\/adf-magazine.com\\\/pt-pt\\\/2026\\\/08\\\/nacoes-do-sahel-enfrentam-um-ataque-sem-precedentes-a-sociedade-civil\\\/#primaryimage\"},\"thumbnailUrl\":\"https:\\\/\\\/adf-magazine.com\\\/wp-content\\\/uploads\\\/2026\\\/08\\\/STIFLE1.webp\",\"keywords\":[\"\u00c1frica Ocidental\",\"Burkina Faso\",\"democracia\",\"insurg\u00eancia\",\"Mali\",\"Niger\",\"Sahel\",\"Terrorism\"],\"articleSection\":[\"Not\u00edcias diaries\"],\"inLanguage\":\"pt-PT\",\"potentialAction\":[{\"@type\":\"CommentAction\",\"name\":\"Comment\",\"target\":[\"https:\\\/\\\/adf-magazine.com\\\/pt-pt\\\/2026\\\/08\\\/nacoes-do-sahel-enfrentam-um-ataque-sem-precedentes-a-sociedade-civil\\\/#respond\"]}]},{\"@type\":\"WebPage\",\"@id\":\"https:\\\/\\\/adf-magazine.com\\\/pt-pt\\\/2026\\\/08\\\/nacoes-do-sahel-enfrentam-um-ataque-sem-precedentes-a-sociedade-civil\\\/\",\"url\":\"https:\\\/\\\/adf-magazine.com\\\/pt-pt\\\/2026\\\/08\\\/nacoes-do-sahel-enfrentam-um-ataque-sem-precedentes-a-sociedade-civil\\\/\",\"name\":\"Na\u00e7\u00f5es do Sahel Enfrentam um Ataque \u2018Sem Precedentes\u2019 \u00e0 Sociedade Civil - Africa Defense Forum\",\"isPartOf\":{\"@id\":\"https:\\\/\\\/adf-magazine.com\\\/#website\"},\"primaryImageOfPage\":{\"@id\":\"https:\\\/\\\/adf-magazine.com\\\/pt-pt\\\/2026\\\/08\\\/nacoes-do-sahel-enfrentam-um-ataque-sem-precedentes-a-sociedade-civil\\\/#primaryimage\"},\"image\":{\"@id\":\"https:\\\/\\\/adf-magazine.com\\\/pt-pt\\\/2026\\\/08\\\/nacoes-do-sahel-enfrentam-um-ataque-sem-precedentes-a-sociedade-civil\\\/#primaryimage\"},\"thumbnailUrl\":\"https:\\\/\\\/adf-magazine.com\\\/wp-content\\\/uploads\\\/2026\\\/08\\\/STIFLE1.webp\",\"datePublished\":\"2026-08-11T16:34:17+00:00\",\"dateModified\":\"2026-08-11T16:34:33+00:00\",\"author\":{\"@id\":\"https:\\\/\\\/adf-magazine.com\\\/#\\\/schema\\\/person\\\/f266a6061389568b5a11465bb38bc025\"},\"breadcrumb\":{\"@id\":\"https:\\\/\\\/adf-magazine.com\\\/pt-pt\\\/2026\\\/08\\\/nacoes-do-sahel-enfrentam-um-ataque-sem-precedentes-a-sociedade-civil\\\/#breadcrumb\"},\"inLanguage\":\"pt-PT\",\"potentialAction\":[{\"@type\":\"ReadAction\",\"target\":[\"https:\\\/\\\/adf-magazine.com\\\/pt-pt\\\/2026\\\/08\\\/nacoes-do-sahel-enfrentam-um-ataque-sem-precedentes-a-sociedade-civil\\\/\"]}]},{\"@type\":\"ImageObject\",\"inLanguage\":\"pt-PT\",\"@id\":\"https:\\\/\\\/adf-magazine.com\\\/pt-pt\\\/2026\\\/08\\\/nacoes-do-sahel-enfrentam-um-ataque-sem-precedentes-a-sociedade-civil\\\/#primaryimage\",\"url\":\"https:\\\/\\\/adf-magazine.com\\\/wp-content\\\/uploads\\\/2026\\\/08\\\/STIFLE1.webp\",\"contentUrl\":\"https:\\\/\\\/adf-magazine.com\\\/wp-content\\\/uploads\\\/2026\\\/08\\\/STIFLE1.webp\",\"width\":1080,\"height\":720,\"caption\":\"Soldados nigerinos det\u00eam um homem durante uma manifesta\u00e7\u00e3o em Niamey, em Agosto de 2023. AFP\\\/GETTY IMAGES\"},{\"@type\":\"BreadcrumbList\",\"@id\":\"https:\\\/\\\/adf-magazine.com\\\/pt-pt\\\/2026\\\/08\\\/nacoes-do-sahel-enfrentam-um-ataque-sem-precedentes-a-sociedade-civil\\\/#breadcrumb\",\"itemListElement\":[{\"@type\":\"ListItem\",\"position\":1,\"name\":\"Home\",\"item\":\"https:\\\/\\\/adf-magazine.com\\\/pt-pt\\\/\"},{\"@type\":\"ListItem\",\"position\":2,\"name\":\"Na\u00e7\u00f5es do Sahel Enfrentam um Ataque \u2018Sem Precedentes\u2019 \u00e0 Sociedade Civil\"}]},{\"@type\":\"WebSite\",\"@id\":\"https:\\\/\\\/adf-magazine.com\\\/#website\",\"url\":\"https:\\\/\\\/adf-magazine.com\\\/\",\"name\":\"Africa Defense Forum\",\"description\":\"Africa Defense Forum\",\"potentialAction\":[{\"@type\":\"SearchAction\",\"target\":{\"@type\":\"EntryPoint\",\"urlTemplate\":\"https:\\\/\\\/adf-magazine.com\\\/?s={search_term_string}\"},\"query-input\":{\"@type\":\"PropertyValueSpecification\",\"valueRequired\":true,\"valueName\":\"search_term_string\"}}],\"inLanguage\":\"pt-PT\"},{\"@type\":\"Person\",\"@id\":\"https:\\\/\\\/adf-magazine.com\\\/#\\\/schema\\\/person\\\/f266a6061389568b5a11465bb38bc025\",\"name\":\"ADF\",\"image\":{\"@type\":\"ImageObject\",\"inLanguage\":\"pt-PT\",\"@id\":\"https:\\\/\\\/adf-magazine.com\\\/wp-content\\\/uploads\\\/2020\\\/05\\\/cropped-ADF_icon.jpg\",\"url\":\"https:\\\/\\\/adf-magazine.com\\\/wp-content\\\/uploads\\\/2020\\\/05\\\/cropped-ADF_icon.jpg\",\"contentUrl\":\"https:\\\/\\\/adf-magazine.com\\\/wp-content\\\/uploads\\\/2020\\\/05\\\/cropped-ADF_icon.jpg\",\"caption\":\"ADF\"},\"description\":\"ADF is a professional military magazine published quarterly by U.S. Africa Command to provide an international forum for African security professionals. ADF covers topics such as counter terrorism strategies, security and defense operations, transnational crime, and all other issues affecting peace, stability, and good governance on the African continent.\",\"sameAs\":[\"https:\\\/\\\/x.com\\\/ADFmagazine\"],\"url\":\"https:\\\/\\\/adf-magazine.com\\\/pt-pt\\\/author\\\/adf\\\/\"}]}<\/script>\n<!-- \/ Yoast SEO plugin. -->","yoast_head_json":{"title":"Na\u00e7\u00f5es do Sahel Enfrentam um Ataque \u2018Sem Precedentes\u2019 \u00e0 Sociedade Civil - Africa Defense Forum","robots":{"index":"index","follow":"follow","max-snippet":"max-snippet:-1","max-image-preview":"max-image-preview:large","max-video-preview":"max-video-preview:-1"},"canonical":"https:\/\/adf-magazine.com\/pt-pt\/2026\/08\/nacoes-do-sahel-enfrentam-um-ataque-sem-precedentes-a-sociedade-civil\/","og_locale":"pt_PT","og_type":"article","og_title":"Na\u00e7\u00f5es do Sahel Enfrentam um Ataque \u2018Sem Precedentes\u2019 \u00e0 Sociedade Civil - Africa Defense Forum","og_description":"Quando a Civicus, uma alian\u00e7a com sede na \u00c1frica do Sul que re\u00fane organiza\u00e7\u00f5es da sociedade civil de todo o mundo, incluiu recentemente o Burquina Faso na sua lista de observa\u00e7\u00e3o dos direitos humanos, os motivos foram numerosos: A junta dissolveu todos os partidos pol\u00edticos. Os cr\u00edticos dos governantes militares t\u00eam sido censurados, detidos e","og_url":"https:\/\/adf-magazine.com\/pt-pt\/2026\/08\/nacoes-do-sahel-enfrentam-um-ataque-sem-precedentes-a-sociedade-civil\/","og_site_name":"Africa Defense Forum","article_publisher":"https:\/\/www.facebook.com\/ADFmagazine\/","article_published_time":"2026-08-11T16:34:17+00:00","article_modified_time":"2026-08-11T16:34:33+00:00","og_image":[{"width":1080,"height":720,"url":"https:\/\/adf-magazine.com\/wp-content\/uploads\/2026\/08\/STIFLE1.webp","type":"image\/webp"}],"author":"ADF","twitter_card":"summary_large_image","twitter_creator":"@ADFmagazine","twitter_site":"@ADFmagazine","twitter_misc":{"Escrito por":"ADF","Tempo estimado de leitura":"5 minutos"},"schema":{"@context":"https:\/\/schema.org","@graph":[{"@type":"Article","@id":"https:\/\/adf-magazine.com\/pt-pt\/2026\/08\/nacoes-do-sahel-enfrentam-um-ataque-sem-precedentes-a-sociedade-civil\/#article","isPartOf":{"@id":"https:\/\/adf-magazine.com\/pt-pt\/2026\/08\/nacoes-do-sahel-enfrentam-um-ataque-sem-precedentes-a-sociedade-civil\/"},"author":{"name":"ADF","@id":"https:\/\/adf-magazine.com\/#\/schema\/person\/f266a6061389568b5a11465bb38bc025"},"headline":"Na\u00e7\u00f5es do Sahel Enfrentam um Ataque \u2018Sem Precedentes\u2019 \u00e0 Sociedade Civil","datePublished":"2026-08-11T16:34:17+00:00","dateModified":"2026-08-11T16:34:33+00:00","mainEntityOfPage":{"@id":"https:\/\/adf-magazine.com\/pt-pt\/2026\/08\/nacoes-do-sahel-enfrentam-um-ataque-sem-precedentes-a-sociedade-civil\/"},"wordCount":1102,"commentCount":0,"image":{"@id":"https:\/\/adf-magazine.com\/pt-pt\/2026\/08\/nacoes-do-sahel-enfrentam-um-ataque-sem-precedentes-a-sociedade-civil\/#primaryimage"},"thumbnailUrl":"https:\/\/adf-magazine.com\/wp-content\/uploads\/2026\/08\/STIFLE1.webp","keywords":["\u00c1frica Ocidental","Burkina Faso","democracia","insurg\u00eancia","Mali","Niger","Sahel","Terrorism"],"articleSection":["Not\u00edcias diaries"],"inLanguage":"pt-PT","potentialAction":[{"@type":"CommentAction","name":"Comment","target":["https:\/\/adf-magazine.com\/pt-pt\/2026\/08\/nacoes-do-sahel-enfrentam-um-ataque-sem-precedentes-a-sociedade-civil\/#respond"]}]},{"@type":"WebPage","@id":"https:\/\/adf-magazine.com\/pt-pt\/2026\/08\/nacoes-do-sahel-enfrentam-um-ataque-sem-precedentes-a-sociedade-civil\/","url":"https:\/\/adf-magazine.com\/pt-pt\/2026\/08\/nacoes-do-sahel-enfrentam-um-ataque-sem-precedentes-a-sociedade-civil\/","name":"Na\u00e7\u00f5es do Sahel Enfrentam um Ataque \u2018Sem Precedentes\u2019 \u00e0 Sociedade Civil - Africa Defense Forum","isPartOf":{"@id":"https:\/\/adf-magazine.com\/#website"},"primaryImageOfPage":{"@id":"https:\/\/adf-magazine.com\/pt-pt\/2026\/08\/nacoes-do-sahel-enfrentam-um-ataque-sem-precedentes-a-sociedade-civil\/#primaryimage"},"image":{"@id":"https:\/\/adf-magazine.com\/pt-pt\/2026\/08\/nacoes-do-sahel-enfrentam-um-ataque-sem-precedentes-a-sociedade-civil\/#primaryimage"},"thumbnailUrl":"https:\/\/adf-magazine.com\/wp-content\/uploads\/2026\/08\/STIFLE1.webp","datePublished":"2026-08-11T16:34:17+00:00","dateModified":"2026-08-11T16:34:33+00:00","author":{"@id":"https:\/\/adf-magazine.com\/#\/schema\/person\/f266a6061389568b5a11465bb38bc025"},"breadcrumb":{"@id":"https:\/\/adf-magazine.com\/pt-pt\/2026\/08\/nacoes-do-sahel-enfrentam-um-ataque-sem-precedentes-a-sociedade-civil\/#breadcrumb"},"inLanguage":"pt-PT","potentialAction":[{"@type":"ReadAction","target":["https:\/\/adf-magazine.com\/pt-pt\/2026\/08\/nacoes-do-sahel-enfrentam-um-ataque-sem-precedentes-a-sociedade-civil\/"]}]},{"@type":"ImageObject","inLanguage":"pt-PT","@id":"https:\/\/adf-magazine.com\/pt-pt\/2026\/08\/nacoes-do-sahel-enfrentam-um-ataque-sem-precedentes-a-sociedade-civil\/#primaryimage","url":"https:\/\/adf-magazine.com\/wp-content\/uploads\/2026\/08\/STIFLE1.webp","contentUrl":"https:\/\/adf-magazine.com\/wp-content\/uploads\/2026\/08\/STIFLE1.webp","width":1080,"height":720,"caption":"Soldados nigerinos det\u00eam um homem durante uma manifesta\u00e7\u00e3o em Niamey, em Agosto de 2023. AFP\/GETTY IMAGES"},{"@type":"BreadcrumbList","@id":"https:\/\/adf-magazine.com\/pt-pt\/2026\/08\/nacoes-do-sahel-enfrentam-um-ataque-sem-precedentes-a-sociedade-civil\/#breadcrumb","itemListElement":[{"@type":"ListItem","position":1,"name":"Home","item":"https:\/\/adf-magazine.com\/pt-pt\/"},{"@type":"ListItem","position":2,"name":"Na\u00e7\u00f5es do Sahel Enfrentam um Ataque \u2018Sem Precedentes\u2019 \u00e0 Sociedade Civil"}]},{"@type":"WebSite","@id":"https:\/\/adf-magazine.com\/#website","url":"https:\/\/adf-magazine.com\/","name":"Africa Defense Forum","description":"Africa Defense Forum","potentialAction":[{"@type":"SearchAction","target":{"@type":"EntryPoint","urlTemplate":"https:\/\/adf-magazine.com\/?s={search_term_string}"},"query-input":{"@type":"PropertyValueSpecification","valueRequired":true,"valueName":"search_term_string"}}],"inLanguage":"pt-PT"},{"@type":"Person","@id":"https:\/\/adf-magazine.com\/#\/schema\/person\/f266a6061389568b5a11465bb38bc025","name":"ADF","image":{"@type":"ImageObject","inLanguage":"pt-PT","@id":"https:\/\/adf-magazine.com\/wp-content\/uploads\/2020\/05\/cropped-ADF_icon.jpg","url":"https:\/\/adf-magazine.com\/wp-content\/uploads\/2020\/05\/cropped-ADF_icon.jpg","contentUrl":"https:\/\/adf-magazine.com\/wp-content\/uploads\/2020\/05\/cropped-ADF_icon.jpg","caption":"ADF"},"description":"ADF is a professional military magazine published quarterly by U.S. Africa Command to provide an international forum for African security professionals. ADF covers topics such as counter terrorism strategies, security and defense operations, transnational crime, and all other issues affecting peace, stability, and good governance on the African continent.","sameAs":["https:\/\/x.com\/ADFmagazine"],"url":"https:\/\/adf-magazine.com\/pt-pt\/author\/adf\/"}]}},"_links":{"self":[{"href":"https:\/\/adf-magazine.com\/pt-pt\/wp-json\/wp\/v2\/posts\/138781","targetHints":{"allow":["GET"]}}],"collection":[{"href":"https:\/\/adf-magazine.com\/pt-pt\/wp-json\/wp\/v2\/posts"}],"about":[{"href":"https:\/\/adf-magazine.com\/pt-pt\/wp-json\/wp\/v2\/types\/post"}],"author":[{"embeddable":true,"href":"https:\/\/adf-magazine.com\/pt-pt\/wp-json\/wp\/v2\/users\/1"}],"replies":[{"embeddable":true,"href":"https:\/\/adf-magazine.com\/pt-pt\/wp-json\/wp\/v2\/comments?post=138781"}],"version-history":[{"count":1,"href":"https:\/\/adf-magazine.com\/pt-pt\/wp-json\/wp\/v2\/posts\/138781\/revisions"}],"predecessor-version":[{"id":138782,"href":"https:\/\/adf-magazine.com\/pt-pt\/wp-json\/wp\/v2\/posts\/138781\/revisions\/138782"}],"wp:featuredmedia":[{"embeddable":true,"href":"https:\/\/adf-magazine.com\/pt-pt\/wp-json\/wp\/v2\/media\/138779"}],"wp:attachment":[{"href":"https:\/\/adf-magazine.com\/pt-pt\/wp-json\/wp\/v2\/media?parent=138781"}],"wp:term":[{"taxonomy":"category","embeddable":true,"href":"https:\/\/adf-magazine.com\/pt-pt\/wp-json\/wp\/v2\/categories?post=138781"},{"taxonomy":"post_tag","embeddable":true,"href":"https:\/\/adf-magazine.com\/pt-pt\/wp-json\/wp\/v2\/tags?post=138781"}],"curies":[{"name":"wp","href":"https:\/\/api.w.org\/{rel}","templated":true}]}}