{"id":136086,"date":"2026-04-28T13:13:12","date_gmt":"2026-04-28T17:13:12","guid":{"rendered":"https:\/\/adf-magazine.com\/?p=136086"},"modified":"2026-04-28T13:13:38","modified_gmt":"2026-04-28T17:13:38","slug":"montanhas-de-nuba-emergem-como-nova-frente-na-guerra-civil-do-sudao","status":"publish","type":"post","link":"https:\/\/adf-magazine.com\/pt-pt\/2026\/04\/montanhas-de-nuba-emergem-como-nova-frente-na-guerra-civil-do-sudao\/","title":{"rendered":"Montanhas de Nuba Emergem Como Nova Frente na Guerra Civil do Sud\u00e3o"},"content":{"rendered":"<p style=\"font-weight: 400;\">O Movimento Popular de Liberta\u00e7\u00e3o do Sud\u00e3o-Sector Norte (SPLM-N) afirmou que um ataque a\u00e9reo das For\u00e7as Armadas do Sud\u00e3o (SAF) matou pelo menos sete pessoas e feriu dezenas de outras durante um funeral a 27 de Mar\u00e7o nas Montanhas Nuba.<\/p>\n<p>A regi\u00e3o pr\u00f3xima da fronteira com o Sud\u00e3o do Sul estava longe das linhas da frente quando a guerra civil do Sud\u00e3o eclodiu em Abril de 2023, mas isso mudou gradualmente desde 2025, depois de o SPLM-N ter decidido unir for\u00e7as com as For\u00e7as de Apoio R\u00e1pido (RSF), uma mil\u00edcia paramilitar, contra as SAF. O SPLM-N controla a maior parte do Estado do Cordof\u00e3o do Sul, que abrange as montanhas.<\/p>\n<p>Lideradas pelo General Mohamed Hamdan \u201cHemedti\u201d Dagalo, as RSF utilizam as montanhas como base estrat\u00e9gica a partir da qual lan\u00e7am ataques. As RSF controlam grande parte do oeste do Sud\u00e3o, enquanto as SAF ocupam a capital, Cartum, e o leste do pa\u00eds. Embora as SAF ainda controlem algumas cidades nas montanhas, o acesso \u00e0s colinas acidentadas d\u00e1 \u00e0s RSF uma base de opera\u00e7\u00f5es para a sua ofensiva com vista a reconquistar Cartum. Os analistas afirmam que a presen\u00e7a das RSF em torno dos hospitais e mercados da regi\u00e3o de Nuba transforma estas \u00e1reas movimentadas em potenciais alvos de guerra.<\/p>\n<p>No entanto, Jalale Getachew Birru, analista s\u00e9nior do Projecto de Localiza\u00e7\u00e3o de Conflitos Armados e Dados de Eventos (ACLED), est\u00e1 entre os observadores c\u00e9pticos quanto ao tempo que as RSF e o SPLM-N poder\u00e3o permanecer aliados. Quando as RSF e o SPLM-N perderam o controlo de Kadugli, perto da extremidade norte das montanhas, para as SAF em Fevereiro, os grupos culparam-se mutuamente pela derrota.<\/p>\n<p>\u201cHouve um confronto que acompanh\u00e1mos de perto para ver se seria um sinal de que esta alian\u00e7a iria finalmente romper-se e de que seguiriam caminhos separados,\u201d Birru disse numa reportagem de Abril da emissora alem\u00e3 Deutsche Welle.<\/p>\n<p style=\"font-weight: 400;\">Muitos habitantes da regi\u00e3o de Nuba recordam ataques brutais das RSF contra campos de deslocados. Est\u00e3o receosos em rela\u00e7\u00e3o \u00e0 nova alian\u00e7a.<\/p>\n<p><span style=\"font-weight: 400;\">As tens\u00f5es \u00e9tnicas entre os \u00e1rabes urbanos e o povo Nuba, bem como a desconfian\u00e7a no governo de Cartum, t\u00eam alimentado um conflito de longa data nas montanhas, com grandes escaladas em 2011 e ap\u00f3s o in\u00edcio da guerra civil em 2023. O recome\u00e7o do conflito regional tem causado graves consequ\u00eancias para a popula\u00e7\u00e3o civil.<\/span><\/p>\n<p>Afra Al Neil Hamed estava gr\u00e1vida de quatro meses e tinha ido buscar \u00e1gua quando um drone atingiu a sua casa na cidade de Ed Dubeibat, no Cordof\u00e3o do Sul, em Novembro de 2025. Ela ouviu a explos\u00e3o e correu de volta para casa, mas encontrou o marido e o filho adolescente mortos. Hamed e os seus outros cinco filhos passaram uma semana escondidos na floresta antes de fugirem da cidade com centenas de outras pessoas.<\/p>\n<p>\u201cComecei a sangrar na estrada e caminhei durante sete dias,\u201d Hamed, que sofreu um aborto espont\u00e2neo, disse \u00e0 revista brit\u00e2nica Prospect. \u201cMuitas mulheres sangravam durante a viagem.\u201d<\/p>\n<p>Tanto as RSF como as SAF foram acusadas de cometer atrocidades contra civis. A guerra j\u00e1 matou dezenas de milhares de pessoas e deslocou cerca de 11 milh\u00f5es, criando as maiores crises de fome e deslocamento do mundo, de acordo com as Na\u00e7\u00f5es Unidas.<\/p>\n<p>Os combates nas Montanhas Nuba tamb\u00e9m amea\u00e7am desestabilizar ainda mais o Sud\u00e3o do Sul, onde o intensificar dos combates entre grupos da oposi\u00e7\u00e3o e for\u00e7as governamentais em \u00e1reas lim\u00edtrofes das montanhas amea\u00e7a o fr\u00e1gil cessar-fogo de 2018 do pa\u00eds. O agravamento das tens\u00f5es em zonas fronteiri\u00e7as porosas e em conflito nos Estados do Alto Nilo e da Unidade, bem como na disputada \u00c1rea Administrativa de Abyei, provocou um afluxo de refugiados sudaneses para o Sud\u00e3o do Sul, agravando uma crise humanit\u00e1ria j\u00e1 grave.<\/p>\n<p>Em Fevereiro, o Programa Mundial de Alimenta\u00e7\u00e3o da ONU suspendeu a entrega de ajuda ao Estado do Alto Nilo ap\u00f3s repetidos ataques a uma coluna que transportava assist\u00eancia humanit\u00e1ria.\u00a0O Secret\u00e1rio-Geral da ONU, Ant\u00f3nio Guterres, afirmou num comunicado que estava \u201cprofundamente preocupado com o impacto da escalada da viol\u00eancia\u201d no Sud\u00e3o do Sul, acrescentando que esta \u201cprejudicar\u00e1 ainda mais as popula\u00e7\u00f5es civis que j\u00e1 se encontram numa situa\u00e7\u00e3o vulner\u00e1vel.\u201d<\/p>\n<p>A R\u00fassia e o Ir\u00e3o est\u00e3o a alimentar o conflito sudan\u00eas com remessas de armas e outros bens. Fornecem \u00e0s For\u00e7as Armadas do Sud\u00e3o (SAF) armas, drones, combust\u00edvel e pe\u00e7as para ca\u00e7as. A Ar\u00e1bia Saudita e a Turquia forneceram drones e outras armas \u00e0s SAF, na tentativa de obterem f\u00e1cil acesso ao Mar Vermelho.<\/p>\n<p>Ansiosos por projectar a sua influ\u00eancia na \u00c1frica Oriental e na regi\u00e3o do Mar Vermelho, os Emirados \u00c1rabes Unidos foram acusados de fornecer armas \u00e0s RSF e recrutar mercen\u00e1rios colombianos para lutar ao lado do grupo paramilitar. Os EAU negam estas acusa\u00e7\u00f5es.<\/p>\n<p>O envolvimento de actores estrangeiros \u201cn\u00e3o s\u00f3 prolonga a viol\u00eancia, como tamb\u00e9m torna muito complicado chegar a um acordo pol\u00edtico,\u201d Emadeddin Badi, investigador s\u00e9nior da Iniciativa Global contra o Crime Organizado Transnacional, disse \u00e0 Prospect.<\/p>\n","protected":false},"excerpt":{"rendered":"<p>O Movimento Popular de Liberta\u00e7\u00e3o do Sud\u00e3o-Sector Norte (SPLM-N) afirmou que um ataque a\u00e9reo das For\u00e7as Armadas do Sud\u00e3o (SAF) matou pelo menos sete pessoas e feriu dezenas de outras durante um funeral a 27 de Mar\u00e7o nas Montanhas Nuba. A regi\u00e3o pr\u00f3xima da fronteira com o Sud\u00e3o do Sul estava longe das linhas da<\/p>\n","protected":false},"author":1,"featured_media":136084,"comment_status":"open","ping_status":"closed","sticky":false,"template":"","format":"standard","meta":{"_acf_changed":false,"_monsterinsights_skip_tracking":false,"_monsterinsights_sitenote_active":false,"_monsterinsights_sitenote_note":"","_monsterinsights_sitenote_category":0,"_uf_show_specific_survey":0,"_uf_disable_surveys":false,"footnotes":""},"categories":[363],"tags":[546,799,927,611,637],"class_list":{"0":"post-136086","1":"post","2":"type-post","3":"status-publish","4":"format-standard","5":"has-post-thumbnail","7":"category-melhores-historias","8":"tag-china-pt-pt","9":"tag-guerra-civil-pt-pt","10":"tag-irao","11":"tag-russia-pt-pt","12":"tag-sudao"},"acf":[],"yoast_head":"<!-- This site is optimized with the Yoast SEO plugin v27.5 - https:\/\/yoast.com\/product\/yoast-seo-wordpress\/ -->\n<title>Montanhas de Nuba Emergem Como Nova Frente na Guerra Civil do Sud\u00e3o - Africa Defense Forum<\/title>\n<meta name=\"robots\" content=\"index, follow, max-snippet:-1, max-image-preview:large, max-video-preview:-1\" \/>\n<link rel=\"canonical\" href=\"https:\/\/adf-magazine.com\/fr\/?p=136089\" \/>\n<meta property=\"og:locale\" content=\"pt_PT\" \/>\n<meta property=\"og:type\" content=\"article\" \/>\n<meta property=\"og:title\" content=\"Montanhas de Nuba Emergem Como Nova Frente na Guerra Civil do Sud\u00e3o - Africa Defense Forum\" \/>\n<meta property=\"og:description\" content=\"O Movimento Popular de Liberta\u00e7\u00e3o do Sud\u00e3o-Sector Norte (SPLM-N) afirmou que um ataque a\u00e9reo das For\u00e7as Armadas do Sud\u00e3o (SAF) matou pelo menos sete pessoas e feriu dezenas de outras durante um funeral a 27 de Mar\u00e7o nas Montanhas Nuba. A regi\u00e3o pr\u00f3xima da fronteira com o Sud\u00e3o do Sul estava longe das linhas da\" \/>\n<meta property=\"og:url\" content=\"https:\/\/adf-magazine.com\/fr\/?p=136089\" \/>\n<meta property=\"og:site_name\" content=\"Africa Defense Forum\" \/>\n<meta property=\"article:publisher\" content=\"https:\/\/www.facebook.com\/ADFmagazine\/\" \/>\n<meta property=\"article:published_time\" content=\"2026-04-28T17:13:12+00:00\" \/>\n<meta property=\"article:modified_time\" content=\"2026-04-28T17:13:38+00:00\" \/>\n<meta property=\"og:image\" content=\"https:\/\/adf-magazine.com\/wp-content\/uploads\/2026\/04\/GettyImages-2158471934.jpg\" \/>\n\t<meta property=\"og:image:width\" content=\"1024\" \/>\n\t<meta property=\"og:image:height\" content=\"683\" \/>\n\t<meta property=\"og:image:type\" content=\"image\/jpeg\" \/>\n<meta name=\"author\" content=\"ADF\" \/>\n<meta name=\"twitter:card\" content=\"summary_large_image\" \/>\n<meta name=\"twitter:creator\" content=\"@ADFmagazine\" \/>\n<meta name=\"twitter:site\" content=\"@ADFmagazine\" \/>\n<meta name=\"twitter:label1\" content=\"Escrito por\" \/>\n\t<meta name=\"twitter:data1\" content=\"ADF\" \/>\n\t<meta name=\"twitter:label2\" content=\"Tempo estimado de leitura\" \/>\n\t<meta name=\"twitter:data2\" content=\"4 minutos\" \/>\n<script type=\"application\/ld+json\" class=\"yoast-schema-graph\">{\"@context\":\"https:\\\/\\\/schema.org\",\"@graph\":[{\"@type\":\"Article\",\"@id\":\"https:\\\/\\\/adf-magazine.com\\\/fr\\\/?p=136089#article\",\"isPartOf\":{\"@id\":\"https:\\\/\\\/adf-magazine.com\\\/fr\\\/?p=136089\"},\"author\":{\"name\":\"ADF\",\"@id\":\"https:\\\/\\\/adf-magazine.com\\\/#\\\/schema\\\/person\\\/f266a6061389568b5a11465bb38bc025\"},\"headline\":\"Montanhas de Nuba Emergem Como Nova Frente na Guerra Civil do Sud\u00e3o\",\"datePublished\":\"2026-04-28T17:13:12+00:00\",\"dateModified\":\"2026-04-28T17:13:38+00:00\",\"mainEntityOfPage\":{\"@id\":\"https:\\\/\\\/adf-magazine.com\\\/fr\\\/?p=136089\"},\"wordCount\":910,\"commentCount\":0,\"image\":{\"@id\":\"https:\\\/\\\/adf-magazine.com\\\/fr\\\/?p=136089#primaryimage\"},\"thumbnailUrl\":\"https:\\\/\\\/adf-magazine.com\\\/wp-content\\\/uploads\\\/2026\\\/04\\\/GettyImages-2158471934.jpg\",\"keywords\":[\"China\",\"guerra civil\",\"Ir\u00e3o\",\"Russia\",\"Sud\u00e3o\"],\"articleSection\":[\"Not\u00edcias diaries\"],\"inLanguage\":\"pt-PT\",\"potentialAction\":[{\"@type\":\"CommentAction\",\"name\":\"Comment\",\"target\":[\"https:\\\/\\\/adf-magazine.com\\\/fr\\\/?p=136089#respond\"]}]},{\"@type\":\"WebPage\",\"@id\":\"https:\\\/\\\/adf-magazine.com\\\/fr\\\/?p=136089\",\"url\":\"https:\\\/\\\/adf-magazine.com\\\/fr\\\/?p=136089\",\"name\":\"Montanhas de Nuba Emergem Como Nova Frente na Guerra Civil do Sud\u00e3o - Africa Defense Forum\",\"isPartOf\":{\"@id\":\"https:\\\/\\\/adf-magazine.com\\\/#website\"},\"primaryImageOfPage\":{\"@id\":\"https:\\\/\\\/adf-magazine.com\\\/fr\\\/?p=136089#primaryimage\"},\"image\":{\"@id\":\"https:\\\/\\\/adf-magazine.com\\\/fr\\\/?p=136089#primaryimage\"},\"thumbnailUrl\":\"https:\\\/\\\/adf-magazine.com\\\/wp-content\\\/uploads\\\/2026\\\/04\\\/GettyImages-2158471934.jpg\",\"datePublished\":\"2026-04-28T17:13:12+00:00\",\"dateModified\":\"2026-04-28T17:13:38+00:00\",\"author\":{\"@id\":\"https:\\\/\\\/adf-magazine.com\\\/#\\\/schema\\\/person\\\/f266a6061389568b5a11465bb38bc025\"},\"breadcrumb\":{\"@id\":\"https:\\\/\\\/adf-magazine.com\\\/fr\\\/?p=136089#breadcrumb\"},\"inLanguage\":\"pt-PT\",\"potentialAction\":[{\"@type\":\"ReadAction\",\"target\":[\"https:\\\/\\\/adf-magazine.com\\\/fr\\\/?p=136089\"]}]},{\"@type\":\"ImageObject\",\"inLanguage\":\"pt-PT\",\"@id\":\"https:\\\/\\\/adf-magazine.com\\\/fr\\\/?p=136089#primaryimage\",\"url\":\"https:\\\/\\\/adf-magazine.com\\\/wp-content\\\/uploads\\\/2026\\\/04\\\/GettyImages-2158471934.jpg\",\"contentUrl\":\"https:\\\/\\\/adf-magazine.com\\\/wp-content\\\/uploads\\\/2026\\\/04\\\/GettyImages-2158471934.jpg\",\"width\":1024,\"height\":683,\"caption\":\"Homens conduzem motociclos na regi\u00e3o das Montanhas Nuba, no Sud\u00e3o. AFP\\\/GETTY IMAGES\"},{\"@type\":\"BreadcrumbList\",\"@id\":\"https:\\\/\\\/adf-magazine.com\\\/fr\\\/?p=136089#breadcrumb\",\"itemListElement\":[{\"@type\":\"ListItem\",\"position\":1,\"name\":\"Home\",\"item\":\"https:\\\/\\\/adf-magazine.com\\\/\"},{\"@type\":\"ListItem\",\"position\":2,\"name\":\"Montanhas de Nuba Emergem Como Nova Frente na Guerra Civil do Sud\u00e3o\"}]},{\"@type\":\"WebSite\",\"@id\":\"https:\\\/\\\/adf-magazine.com\\\/#website\",\"url\":\"https:\\\/\\\/adf-magazine.com\\\/\",\"name\":\"Africa Defense Forum\",\"description\":\"Africa Defense Forum\",\"potentialAction\":[{\"@type\":\"SearchAction\",\"target\":{\"@type\":\"EntryPoint\",\"urlTemplate\":\"https:\\\/\\\/adf-magazine.com\\\/?s={search_term_string}\"},\"query-input\":{\"@type\":\"PropertyValueSpecification\",\"valueRequired\":true,\"valueName\":\"search_term_string\"}}],\"inLanguage\":\"pt-PT\"},{\"@type\":\"Person\",\"@id\":\"https:\\\/\\\/adf-magazine.com\\\/#\\\/schema\\\/person\\\/f266a6061389568b5a11465bb38bc025\",\"name\":\"ADF\",\"image\":{\"@type\":\"ImageObject\",\"inLanguage\":\"pt-PT\",\"@id\":\"https:\\\/\\\/adf-magazine.com\\\/wp-content\\\/uploads\\\/2020\\\/05\\\/cropped-ADF_icon.jpg\",\"url\":\"https:\\\/\\\/adf-magazine.com\\\/wp-content\\\/uploads\\\/2020\\\/05\\\/cropped-ADF_icon.jpg\",\"contentUrl\":\"https:\\\/\\\/adf-magazine.com\\\/wp-content\\\/uploads\\\/2020\\\/05\\\/cropped-ADF_icon.jpg\",\"caption\":\"ADF\"},\"description\":\"ADF is a professional military magazine published quarterly by U.S. Africa Command to provide an international forum for African security professionals. ADF covers topics such as counter terrorism strategies, security and defense operations, transnational crime, and all other issues affecting peace, stability, and good governance on the African continent.\",\"sameAs\":[\"https:\\\/\\\/x.com\\\/ADFmagazine\"],\"url\":\"https:\\\/\\\/adf-magazine.com\\\/pt-pt\\\/author\\\/adf\\\/\"}]}<\/script>\n<!-- \/ Yoast SEO plugin. -->","yoast_head_json":{"title":"Montanhas de Nuba Emergem Como Nova Frente na Guerra Civil do Sud\u00e3o - Africa Defense Forum","robots":{"index":"index","follow":"follow","max-snippet":"max-snippet:-1","max-image-preview":"max-image-preview:large","max-video-preview":"max-video-preview:-1"},"canonical":"https:\/\/adf-magazine.com\/fr\/?p=136089","og_locale":"pt_PT","og_type":"article","og_title":"Montanhas de Nuba Emergem Como Nova Frente na Guerra Civil do Sud\u00e3o - Africa Defense Forum","og_description":"O Movimento Popular de Liberta\u00e7\u00e3o do Sud\u00e3o-Sector Norte (SPLM-N) afirmou que um ataque a\u00e9reo das For\u00e7as Armadas do Sud\u00e3o (SAF) matou pelo menos sete pessoas e feriu dezenas de outras durante um funeral a 27 de Mar\u00e7o nas Montanhas Nuba. A regi\u00e3o pr\u00f3xima da fronteira com o Sud\u00e3o do Sul estava longe das linhas da","og_url":"https:\/\/adf-magazine.com\/fr\/?p=136089","og_site_name":"Africa Defense Forum","article_publisher":"https:\/\/www.facebook.com\/ADFmagazine\/","article_published_time":"2026-04-28T17:13:12+00:00","article_modified_time":"2026-04-28T17:13:38+00:00","og_image":[{"width":1024,"height":683,"url":"https:\/\/adf-magazine.com\/wp-content\/uploads\/2026\/04\/GettyImages-2158471934.jpg","type":"image\/jpeg"}],"author":"ADF","twitter_card":"summary_large_image","twitter_creator":"@ADFmagazine","twitter_site":"@ADFmagazine","twitter_misc":{"Escrito por":"ADF","Tempo estimado de leitura":"4 minutos"},"schema":{"@context":"https:\/\/schema.org","@graph":[{"@type":"Article","@id":"https:\/\/adf-magazine.com\/fr\/?p=136089#article","isPartOf":{"@id":"https:\/\/adf-magazine.com\/fr\/?p=136089"},"author":{"name":"ADF","@id":"https:\/\/adf-magazine.com\/#\/schema\/person\/f266a6061389568b5a11465bb38bc025"},"headline":"Montanhas de Nuba Emergem Como Nova Frente na Guerra Civil do Sud\u00e3o","datePublished":"2026-04-28T17:13:12+00:00","dateModified":"2026-04-28T17:13:38+00:00","mainEntityOfPage":{"@id":"https:\/\/adf-magazine.com\/fr\/?p=136089"},"wordCount":910,"commentCount":0,"image":{"@id":"https:\/\/adf-magazine.com\/fr\/?p=136089#primaryimage"},"thumbnailUrl":"https:\/\/adf-magazine.com\/wp-content\/uploads\/2026\/04\/GettyImages-2158471934.jpg","keywords":["China","guerra civil","Ir\u00e3o","Russia","Sud\u00e3o"],"articleSection":["Not\u00edcias diaries"],"inLanguage":"pt-PT","potentialAction":[{"@type":"CommentAction","name":"Comment","target":["https:\/\/adf-magazine.com\/fr\/?p=136089#respond"]}]},{"@type":"WebPage","@id":"https:\/\/adf-magazine.com\/fr\/?p=136089","url":"https:\/\/adf-magazine.com\/fr\/?p=136089","name":"Montanhas de Nuba Emergem Como Nova Frente na Guerra Civil do Sud\u00e3o - Africa Defense Forum","isPartOf":{"@id":"https:\/\/adf-magazine.com\/#website"},"primaryImageOfPage":{"@id":"https:\/\/adf-magazine.com\/fr\/?p=136089#primaryimage"},"image":{"@id":"https:\/\/adf-magazine.com\/fr\/?p=136089#primaryimage"},"thumbnailUrl":"https:\/\/adf-magazine.com\/wp-content\/uploads\/2026\/04\/GettyImages-2158471934.jpg","datePublished":"2026-04-28T17:13:12+00:00","dateModified":"2026-04-28T17:13:38+00:00","author":{"@id":"https:\/\/adf-magazine.com\/#\/schema\/person\/f266a6061389568b5a11465bb38bc025"},"breadcrumb":{"@id":"https:\/\/adf-magazine.com\/fr\/?p=136089#breadcrumb"},"inLanguage":"pt-PT","potentialAction":[{"@type":"ReadAction","target":["https:\/\/adf-magazine.com\/fr\/?p=136089"]}]},{"@type":"ImageObject","inLanguage":"pt-PT","@id":"https:\/\/adf-magazine.com\/fr\/?p=136089#primaryimage","url":"https:\/\/adf-magazine.com\/wp-content\/uploads\/2026\/04\/GettyImages-2158471934.jpg","contentUrl":"https:\/\/adf-magazine.com\/wp-content\/uploads\/2026\/04\/GettyImages-2158471934.jpg","width":1024,"height":683,"caption":"Homens conduzem motociclos na regi\u00e3o das Montanhas Nuba, no Sud\u00e3o. AFP\/GETTY IMAGES"},{"@type":"BreadcrumbList","@id":"https:\/\/adf-magazine.com\/fr\/?p=136089#breadcrumb","itemListElement":[{"@type":"ListItem","position":1,"name":"Home","item":"https:\/\/adf-magazine.com\/"},{"@type":"ListItem","position":2,"name":"Montanhas de Nuba Emergem Como Nova Frente na Guerra Civil do Sud\u00e3o"}]},{"@type":"WebSite","@id":"https:\/\/adf-magazine.com\/#website","url":"https:\/\/adf-magazine.com\/","name":"Africa Defense Forum","description":"Africa Defense Forum","potentialAction":[{"@type":"SearchAction","target":{"@type":"EntryPoint","urlTemplate":"https:\/\/adf-magazine.com\/?s={search_term_string}"},"query-input":{"@type":"PropertyValueSpecification","valueRequired":true,"valueName":"search_term_string"}}],"inLanguage":"pt-PT"},{"@type":"Person","@id":"https:\/\/adf-magazine.com\/#\/schema\/person\/f266a6061389568b5a11465bb38bc025","name":"ADF","image":{"@type":"ImageObject","inLanguage":"pt-PT","@id":"https:\/\/adf-magazine.com\/wp-content\/uploads\/2020\/05\/cropped-ADF_icon.jpg","url":"https:\/\/adf-magazine.com\/wp-content\/uploads\/2020\/05\/cropped-ADF_icon.jpg","contentUrl":"https:\/\/adf-magazine.com\/wp-content\/uploads\/2020\/05\/cropped-ADF_icon.jpg","caption":"ADF"},"description":"ADF is a professional military magazine published quarterly by U.S. Africa Command to provide an international forum for African security professionals. ADF covers topics such as counter terrorism strategies, security and defense operations, transnational crime, and all other issues affecting peace, stability, and good governance on the African continent.","sameAs":["https:\/\/x.com\/ADFmagazine"],"url":"https:\/\/adf-magazine.com\/pt-pt\/author\/adf\/"}]}},"_links":{"self":[{"href":"https:\/\/adf-magazine.com\/pt-pt\/wp-json\/wp\/v2\/posts\/136086","targetHints":{"allow":["GET"]}}],"collection":[{"href":"https:\/\/adf-magazine.com\/pt-pt\/wp-json\/wp\/v2\/posts"}],"about":[{"href":"https:\/\/adf-magazine.com\/pt-pt\/wp-json\/wp\/v2\/types\/post"}],"author":[{"embeddable":true,"href":"https:\/\/adf-magazine.com\/pt-pt\/wp-json\/wp\/v2\/users\/1"}],"replies":[{"embeddable":true,"href":"https:\/\/adf-magazine.com\/pt-pt\/wp-json\/wp\/v2\/comments?post=136086"}],"version-history":[{"count":2,"href":"https:\/\/adf-magazine.com\/pt-pt\/wp-json\/wp\/v2\/posts\/136086\/revisions"}],"predecessor-version":[{"id":136088,"href":"https:\/\/adf-magazine.com\/pt-pt\/wp-json\/wp\/v2\/posts\/136086\/revisions\/136088"}],"wp:featuredmedia":[{"embeddable":true,"href":"https:\/\/adf-magazine.com\/pt-pt\/wp-json\/wp\/v2\/media\/136084"}],"wp:attachment":[{"href":"https:\/\/adf-magazine.com\/pt-pt\/wp-json\/wp\/v2\/media?parent=136086"}],"wp:term":[{"taxonomy":"category","embeddable":true,"href":"https:\/\/adf-magazine.com\/pt-pt\/wp-json\/wp\/v2\/categories?post=136086"},{"taxonomy":"post_tag","embeddable":true,"href":"https:\/\/adf-magazine.com\/pt-pt\/wp-json\/wp\/v2\/tags?post=136086"}],"curies":[{"name":"wp","href":"https:\/\/api.w.org\/{rel}","templated":true}]}}