{"id":135708,"date":"2026-03-31T12:35:07","date_gmt":"2026-03-31T16:35:07","guid":{"rendered":"https:\/\/adf-magazine.com\/?p=135708"},"modified":"2026-03-31T12:36:00","modified_gmt":"2026-03-31T16:36:00","slug":"guerra-do-sudao-torna-se-uma-ameaca-directa-a-seguranca-do-chade","status":"publish","type":"post","link":"https:\/\/adf-magazine.com\/pt-pt\/2026\/03\/guerra-do-sudao-torna-se-uma-ameaca-directa-a-seguranca-do-chade\/","title":{"rendered":"Guerra do Sud\u00e3o Torna-se uma \u2018Amea\u00e7a Directa \u00e0 Seguran\u00e7a\u2019 do Chade"},"content":{"rendered":"<p>O Presidente do Chade, Mahamat D\u00e9by, ordenou \u00e0s suas for\u00e7as armadas que retaliassem contra ataques origin\u00e1rios do Sud\u00e3o, depois de um drone ter matado 17 pessoas durante um funeral em Al-Tina, uma cidade fronteiri\u00e7a.<\/p>\n<p>D\u00e9by condenou o ataque de meados de Mar\u00e7o, classificando-o de \u201cultrajante e uma agress\u00e3o flagrante\u201d que violou a integridade territorial do Chade.<\/p>\n<p>N\u00e3o ficou claro se foram as For\u00e7as Armadas do Sud\u00e3o (SAF) ou as For\u00e7as de Apoio R\u00e1pido (RSF), de car\u00e1cter paramilitar, que lan\u00e7aram o ataque. Os dois lados est\u00e3o envolvidos numa guerra civil desde Abril de 2023, e o Chade tem sido cada vez mais arrastado para o conflito. Dois soldados chadianos foram mortos num ataque, no final de Dezembro de 2025, a um acampamento do Ex\u00e9rcito por um drone proveniente do Sud\u00e3o. Outros sete foram mortos em Janeiro durante um ataque das RSF a um acampamento militar chadiano. O Chade fechou a sua fronteira com o Sud\u00e3o em Fevereiro, ap\u00f3s mais confrontos relacionados com a guerra terem matado cinco soldados chadianos.<\/p>\n<p>Gassim Cherif, Ministro da Comunica\u00e7\u00e3o do Chade, afirmou que as incurs\u00f5es repetidas das partes beligerantes no Sud\u00e3o \u201cminam a soberania do Chade.\u201d<\/p>\n<p>\u201cN\u00e3o cederemos \u00e0s tentativas de desestabilizar as institui\u00e7\u00f5es chadianas,\u201d Cherif disse numa reportagem da Radio France Internationale (RFI). \u201cNem um \u00fanico quil\u00f3metro da fronteira escapa ao nosso controlo.\u201d<\/p>\n<p>Uma fonte de seguran\u00e7a revelou \u00e0 RFI que mais de 15.000 soldados do Ex\u00e9rcito chadiano e da For\u00e7a Conjunta est\u00e3o estacionados ao longo da fronteira de 1.400 quil\u00f3metros entre os dois pa\u00edses. A For\u00e7a Conjunta foi criada em Novembro de 2025 entre o Ex\u00e9rcito do Chade e as for\u00e7as do leste da L\u00edbia do Marechal Khalifa Haftar para proteger a sua fronteira comum.<\/p>\n<p>\u201cApesar destas medidas, as viola\u00e7\u00f5es do territ\u00f3rio do Chade continuam sob v\u00e1rias formas,\u201d o investigador Bourdjolbo Tchoudiba escreveu para o Centro de Estudos Estrat\u00e9gicos de \u00c1frica. \u201cEstes epis\u00f3dios marcam uma mudan\u00e7a cr\u00edtica: o conflito do Sud\u00e3o j\u00e1 n\u00e3o \u00e9 simplesmente uma crise vizinha com efeitos indirectos \u2014 tornou-se uma amea\u00e7a directa \u00e0 seguran\u00e7a do Chade.\u201d<\/p>\n<p>Fontes locais revelaram ao Middle East Monitor que as tropas chadianas tamb\u00e9m cavaram trincheiras e constru\u00edram barreiras de terra ao longo da fronteira que separa os lados chadiano e sudan\u00eas de Al-Tina. O Chade tamb\u00e9m lan\u00e7ou uma campanha para recolher armas e ve\u00edculos militares da cidade adjacente de Tine e de locais dentro da fronteira sudanesa. Tine, que se estende por ambos os pa\u00edses, \u00e9 o \u00faltimo local sob o controlo das for\u00e7as armadas sudanesas na regi\u00e3o de Darfur, cuja maior parte \u00e9 controlada pelas RSF. O governo sudan\u00eas acusa o Chade de apoiar as RSF com armas e mercen\u00e1rios, o que N\u2019Djamena nega.<\/p>\n<p>A maioria dos residentes de Tine em ambos os lados pertence ao grupo \u00e9tnico Zaghawa. No Sud\u00e3o, os residentes de Tine rejeitaram os esfor\u00e7os do Chade para recolher armas, o que levou a ainda mais tens\u00e3o na fronteira. As liga\u00e7\u00f5es pol\u00edticas e militares entre as comunidades Zaghawa em ambos os pa\u00edses h\u00e1 muito que geram tens\u00f5es regionais, escreveu Tchoudiba, que trabalha com o Laboratoire Interdisciplinaire d\u2019\u00c9tude du Politique Hannah Arendt e o Centre d\u2019\u00c9tudes Africaines de Cluj-Napoca.<\/p>\n<p>Algumas mil\u00edcias Zaghawa apoiam as SAF, enquanto \u00a0sectores dos \u00c1rabes, Gorane e Toubou do norte do Chade est\u00e3o alinhados com as RSF. A situa\u00e7\u00e3o \u00e9 complicada pela presen\u00e7a de mil\u00edcias comunit\u00e1rias, comit\u00e9s de autodefesa e fac\u00e7\u00f5es rebeldes que operam de forma fluida entre alian\u00e7as e \u201cdentro de um ecossistema de seguran\u00e7a vol\u00e1til\u201d influenciado pela guerra sudanesa, segundo Tchoudiba.<\/p>\n<p>A guerra do Sud\u00e3o causou dezenas de milhares de mortos e deslocou v\u00e1rios milh\u00f5es de pessoas, incluindo cerca de 1,3 milh\u00f5es que fugiram para o Chade. O Conselho de Emerg\u00eancias de Al Tina relatou novas ondas de deslocamentos ap\u00f3s o ataque de Mar\u00e7o a Al-Tina e que o acesso a alimentos e bens de primeira necessidade estava extremamente limitado.<\/p>\n","protected":false},"excerpt":{"rendered":"<p>O Presidente do Chade, Mahamat D\u00e9by, ordenou \u00e0s suas for\u00e7as armadas que retaliassem contra ataques origin\u00e1rios do Sud\u00e3o, depois de um drone ter matado 17 pessoas durante um funeral em Al-Tina, uma cidade fronteiri\u00e7a. D\u00e9by condenou o ataque de meados de Mar\u00e7o, classificando-o de \u201cultrajante e uma agress\u00e3o flagrante\u201d que violou a integridade territorial do<\/p>\n","protected":false},"author":1,"featured_media":135706,"comment_status":"open","ping_status":"closed","sticky":false,"template":"","format":"standard","meta":{"_acf_changed":false,"_monsterinsights_skip_tracking":false,"_monsterinsights_sitenote_active":false,"_monsterinsights_sitenote_note":"","_monsterinsights_sitenote_category":0,"_uf_show_specific_survey":0,"_uf_disable_surveys":false,"footnotes":""},"categories":[363],"tags":[500,799,637],"class_list":{"0":"post-135708","1":"post","2":"type-post","3":"status-publish","4":"format-standard","5":"has-post-thumbnail","7":"category-melhores-historias","8":"tag-chade","9":"tag-guerra-civil-pt-pt","10":"tag-sudao"},"acf":[],"yoast_head":"<!-- This site is optimized with the Yoast SEO plugin v27.5 - https:\/\/yoast.com\/product\/yoast-seo-wordpress\/ -->\n<title>Guerra do Sud\u00e3o Torna-se uma \u2018Amea\u00e7a Directa \u00e0 Seguran\u00e7a\u2019 do Chade - Africa Defense Forum<\/title>\n<meta name=\"robots\" content=\"index, follow, max-snippet:-1, max-image-preview:large, max-video-preview:-1\" \/>\n<link rel=\"canonical\" href=\"https:\/\/adf-magazine.com\/pt-pt\/2026\/03\/guerra-do-sudao-torna-se-uma-ameaca-directa-a-seguranca-do-chade\/\" \/>\n<meta property=\"og:locale\" content=\"pt_PT\" \/>\n<meta property=\"og:type\" content=\"article\" \/>\n<meta property=\"og:title\" content=\"Guerra do Sud\u00e3o Torna-se uma \u2018Amea\u00e7a Directa \u00e0 Seguran\u00e7a\u2019 do Chade - Africa Defense Forum\" \/>\n<meta property=\"og:description\" content=\"O Presidente do Chade, Mahamat D\u00e9by, ordenou \u00e0s suas for\u00e7as armadas que retaliassem contra ataques origin\u00e1rios do Sud\u00e3o, depois de um drone ter matado 17 pessoas durante um funeral em Al-Tina, uma cidade fronteiri\u00e7a. D\u00e9by condenou o ataque de meados de Mar\u00e7o, classificando-o de \u201cultrajante e uma agress\u00e3o flagrante\u201d que violou a integridade territorial do\" \/>\n<meta property=\"og:url\" content=\"https:\/\/adf-magazine.com\/pt-pt\/2026\/03\/guerra-do-sudao-torna-se-uma-ameaca-directa-a-seguranca-do-chade\/\" \/>\n<meta property=\"og:site_name\" content=\"Africa Defense Forum\" \/>\n<meta property=\"article:publisher\" content=\"https:\/\/www.facebook.com\/ADFmagazine\/\" \/>\n<meta property=\"article:published_time\" content=\"2026-03-31T16:35:07+00:00\" \/>\n<meta property=\"article:modified_time\" content=\"2026-03-31T16:36:00+00:00\" \/>\n<meta property=\"og:image\" content=\"https:\/\/adf-magazine.com\/wp-content\/uploads\/2026\/03\/GettyImages-1252556208.jpg\" \/>\n\t<meta property=\"og:image:width\" content=\"1024\" \/>\n\t<meta property=\"og:image:height\" content=\"683\" \/>\n\t<meta property=\"og:image:type\" content=\"image\/jpeg\" \/>\n<meta name=\"author\" content=\"ADF\" \/>\n<meta name=\"twitter:card\" content=\"summary_large_image\" \/>\n<meta name=\"twitter:creator\" content=\"@ADFmagazine\" \/>\n<meta name=\"twitter:site\" content=\"@ADFmagazine\" \/>\n<meta name=\"twitter:label1\" content=\"Escrito por\" \/>\n\t<meta name=\"twitter:data1\" content=\"ADF\" \/>\n\t<meta name=\"twitter:label2\" content=\"Tempo estimado de leitura\" \/>\n\t<meta name=\"twitter:data2\" content=\"4 minutos\" \/>\n<script type=\"application\/ld+json\" class=\"yoast-schema-graph\">{\"@context\":\"https:\\\/\\\/schema.org\",\"@graph\":[{\"@type\":\"Article\",\"@id\":\"https:\\\/\\\/adf-magazine.com\\\/pt-pt\\\/2026\\\/03\\\/guerra-do-sudao-torna-se-uma-ameaca-directa-a-seguranca-do-chade\\\/#article\",\"isPartOf\":{\"@id\":\"https:\\\/\\\/adf-magazine.com\\\/pt-pt\\\/2026\\\/03\\\/guerra-do-sudao-torna-se-uma-ameaca-directa-a-seguranca-do-chade\\\/\"},\"author\":{\"name\":\"ADF\",\"@id\":\"https:\\\/\\\/adf-magazine.com\\\/#\\\/schema\\\/person\\\/f266a6061389568b5a11465bb38bc025\"},\"headline\":\"Guerra do Sud\u00e3o Torna-se uma \u2018Amea\u00e7a Directa \u00e0 Seguran\u00e7a\u2019 do Chade\",\"datePublished\":\"2026-03-31T16:35:07+00:00\",\"dateModified\":\"2026-03-31T16:36:00+00:00\",\"mainEntityOfPage\":{\"@id\":\"https:\\\/\\\/adf-magazine.com\\\/pt-pt\\\/2026\\\/03\\\/guerra-do-sudao-torna-se-uma-ameaca-directa-a-seguranca-do-chade\\\/\"},\"wordCount\":719,\"commentCount\":0,\"image\":{\"@id\":\"https:\\\/\\\/adf-magazine.com\\\/pt-pt\\\/2026\\\/03\\\/guerra-do-sudao-torna-se-uma-ameaca-directa-a-seguranca-do-chade\\\/#primaryimage\"},\"thumbnailUrl\":\"https:\\\/\\\/adf-magazine.com\\\/wp-content\\\/uploads\\\/2026\\\/03\\\/GettyImages-1252556208.jpg\",\"keywords\":[\"Chade\",\"guerra civil\",\"Sud\u00e3o\"],\"articleSection\":[\"Not\u00edcias diaries\"],\"inLanguage\":\"pt-PT\",\"potentialAction\":[{\"@type\":\"CommentAction\",\"name\":\"Comment\",\"target\":[\"https:\\\/\\\/adf-magazine.com\\\/pt-pt\\\/2026\\\/03\\\/guerra-do-sudao-torna-se-uma-ameaca-directa-a-seguranca-do-chade\\\/#respond\"]}]},{\"@type\":\"WebPage\",\"@id\":\"https:\\\/\\\/adf-magazine.com\\\/pt-pt\\\/2026\\\/03\\\/guerra-do-sudao-torna-se-uma-ameaca-directa-a-seguranca-do-chade\\\/\",\"url\":\"https:\\\/\\\/adf-magazine.com\\\/pt-pt\\\/2026\\\/03\\\/guerra-do-sudao-torna-se-uma-ameaca-directa-a-seguranca-do-chade\\\/\",\"name\":\"Guerra do Sud\u00e3o Torna-se uma \u2018Amea\u00e7a Directa \u00e0 Seguran\u00e7a\u2019 do Chade - Africa Defense Forum\",\"isPartOf\":{\"@id\":\"https:\\\/\\\/adf-magazine.com\\\/#website\"},\"primaryImageOfPage\":{\"@id\":\"https:\\\/\\\/adf-magazine.com\\\/pt-pt\\\/2026\\\/03\\\/guerra-do-sudao-torna-se-uma-ameaca-directa-a-seguranca-do-chade\\\/#primaryimage\"},\"image\":{\"@id\":\"https:\\\/\\\/adf-magazine.com\\\/pt-pt\\\/2026\\\/03\\\/guerra-do-sudao-torna-se-uma-ameaca-directa-a-seguranca-do-chade\\\/#primaryimage\"},\"thumbnailUrl\":\"https:\\\/\\\/adf-magazine.com\\\/wp-content\\\/uploads\\\/2026\\\/03\\\/GettyImages-1252556208.jpg\",\"datePublished\":\"2026-03-31T16:35:07+00:00\",\"dateModified\":\"2026-03-31T16:36:00+00:00\",\"author\":{\"@id\":\"https:\\\/\\\/adf-magazine.com\\\/#\\\/schema\\\/person\\\/f266a6061389568b5a11465bb38bc025\"},\"breadcrumb\":{\"@id\":\"https:\\\/\\\/adf-magazine.com\\\/pt-pt\\\/2026\\\/03\\\/guerra-do-sudao-torna-se-uma-ameaca-directa-a-seguranca-do-chade\\\/#breadcrumb\"},\"inLanguage\":\"pt-PT\",\"potentialAction\":[{\"@type\":\"ReadAction\",\"target\":[\"https:\\\/\\\/adf-magazine.com\\\/pt-pt\\\/2026\\\/03\\\/guerra-do-sudao-torna-se-uma-ameaca-directa-a-seguranca-do-chade\\\/\"]}]},{\"@type\":\"ImageObject\",\"inLanguage\":\"pt-PT\",\"@id\":\"https:\\\/\\\/adf-magazine.com\\\/pt-pt\\\/2026\\\/03\\\/guerra-do-sudao-torna-se-uma-ameaca-directa-a-seguranca-do-chade\\\/#primaryimage\",\"url\":\"https:\\\/\\\/adf-magazine.com\\\/wp-content\\\/uploads\\\/2026\\\/03\\\/GettyImages-1252556208.jpg\",\"contentUrl\":\"https:\\\/\\\/adf-magazine.com\\\/wp-content\\\/uploads\\\/2026\\\/03\\\/GettyImages-1252556208.jpg\",\"width\":1024,\"height\":683,\"caption\":\"Nuvens de fumo pairam sobre Cartum, capital do Sud\u00e3o, durante a prolongada guerra civil do pa\u00eds. AFP\\\/GETTY IMAGES\"},{\"@type\":\"BreadcrumbList\",\"@id\":\"https:\\\/\\\/adf-magazine.com\\\/pt-pt\\\/2026\\\/03\\\/guerra-do-sudao-torna-se-uma-ameaca-directa-a-seguranca-do-chade\\\/#breadcrumb\",\"itemListElement\":[{\"@type\":\"ListItem\",\"position\":1,\"name\":\"Home\",\"item\":\"https:\\\/\\\/adf-magazine.com\\\/\"},{\"@type\":\"ListItem\",\"position\":2,\"name\":\"Guerra do Sud\u00e3o Torna-se uma \u2018Amea\u00e7a Directa \u00e0 Seguran\u00e7a\u2019 do Chade\"}]},{\"@type\":\"WebSite\",\"@id\":\"https:\\\/\\\/adf-magazine.com\\\/#website\",\"url\":\"https:\\\/\\\/adf-magazine.com\\\/\",\"name\":\"Africa Defense Forum\",\"description\":\"Africa Defense Forum\",\"potentialAction\":[{\"@type\":\"SearchAction\",\"target\":{\"@type\":\"EntryPoint\",\"urlTemplate\":\"https:\\\/\\\/adf-magazine.com\\\/?s={search_term_string}\"},\"query-input\":{\"@type\":\"PropertyValueSpecification\",\"valueRequired\":true,\"valueName\":\"search_term_string\"}}],\"inLanguage\":\"pt-PT\"},{\"@type\":\"Person\",\"@id\":\"https:\\\/\\\/adf-magazine.com\\\/#\\\/schema\\\/person\\\/f266a6061389568b5a11465bb38bc025\",\"name\":\"ADF\",\"image\":{\"@type\":\"ImageObject\",\"inLanguage\":\"pt-PT\",\"@id\":\"https:\\\/\\\/adf-magazine.com\\\/wp-content\\\/uploads\\\/2020\\\/05\\\/cropped-ADF_icon.jpg\",\"url\":\"https:\\\/\\\/adf-magazine.com\\\/wp-content\\\/uploads\\\/2020\\\/05\\\/cropped-ADF_icon.jpg\",\"contentUrl\":\"https:\\\/\\\/adf-magazine.com\\\/wp-content\\\/uploads\\\/2020\\\/05\\\/cropped-ADF_icon.jpg\",\"caption\":\"ADF\"},\"description\":\"ADF is a professional military magazine published quarterly by U.S. Africa Command to provide an international forum for African security professionals. ADF covers topics such as counter terrorism strategies, security and defense operations, transnational crime, and all other issues affecting peace, stability, and good governance on the African continent.\",\"sameAs\":[\"https:\\\/\\\/x.com\\\/ADFmagazine\"],\"url\":\"https:\\\/\\\/adf-magazine.com\\\/pt-pt\\\/author\\\/adf\\\/\"}]}<\/script>\n<!-- \/ Yoast SEO plugin. -->","yoast_head_json":{"title":"Guerra do Sud\u00e3o Torna-se uma \u2018Amea\u00e7a Directa \u00e0 Seguran\u00e7a\u2019 do Chade - Africa Defense Forum","robots":{"index":"index","follow":"follow","max-snippet":"max-snippet:-1","max-image-preview":"max-image-preview:large","max-video-preview":"max-video-preview:-1"},"canonical":"https:\/\/adf-magazine.com\/pt-pt\/2026\/03\/guerra-do-sudao-torna-se-uma-ameaca-directa-a-seguranca-do-chade\/","og_locale":"pt_PT","og_type":"article","og_title":"Guerra do Sud\u00e3o Torna-se uma \u2018Amea\u00e7a Directa \u00e0 Seguran\u00e7a\u2019 do Chade - Africa Defense Forum","og_description":"O Presidente do Chade, Mahamat D\u00e9by, ordenou \u00e0s suas for\u00e7as armadas que retaliassem contra ataques origin\u00e1rios do Sud\u00e3o, depois de um drone ter matado 17 pessoas durante um funeral em Al-Tina, uma cidade fronteiri\u00e7a. D\u00e9by condenou o ataque de meados de Mar\u00e7o, classificando-o de \u201cultrajante e uma agress\u00e3o flagrante\u201d que violou a integridade territorial do","og_url":"https:\/\/adf-magazine.com\/pt-pt\/2026\/03\/guerra-do-sudao-torna-se-uma-ameaca-directa-a-seguranca-do-chade\/","og_site_name":"Africa Defense Forum","article_publisher":"https:\/\/www.facebook.com\/ADFmagazine\/","article_published_time":"2026-03-31T16:35:07+00:00","article_modified_time":"2026-03-31T16:36:00+00:00","og_image":[{"width":1024,"height":683,"url":"https:\/\/adf-magazine.com\/wp-content\/uploads\/2026\/03\/GettyImages-1252556208.jpg","type":"image\/jpeg"}],"author":"ADF","twitter_card":"summary_large_image","twitter_creator":"@ADFmagazine","twitter_site":"@ADFmagazine","twitter_misc":{"Escrito por":"ADF","Tempo estimado de leitura":"4 minutos"},"schema":{"@context":"https:\/\/schema.org","@graph":[{"@type":"Article","@id":"https:\/\/adf-magazine.com\/pt-pt\/2026\/03\/guerra-do-sudao-torna-se-uma-ameaca-directa-a-seguranca-do-chade\/#article","isPartOf":{"@id":"https:\/\/adf-magazine.com\/pt-pt\/2026\/03\/guerra-do-sudao-torna-se-uma-ameaca-directa-a-seguranca-do-chade\/"},"author":{"name":"ADF","@id":"https:\/\/adf-magazine.com\/#\/schema\/person\/f266a6061389568b5a11465bb38bc025"},"headline":"Guerra do Sud\u00e3o Torna-se uma \u2018Amea\u00e7a Directa \u00e0 Seguran\u00e7a\u2019 do Chade","datePublished":"2026-03-31T16:35:07+00:00","dateModified":"2026-03-31T16:36:00+00:00","mainEntityOfPage":{"@id":"https:\/\/adf-magazine.com\/pt-pt\/2026\/03\/guerra-do-sudao-torna-se-uma-ameaca-directa-a-seguranca-do-chade\/"},"wordCount":719,"commentCount":0,"image":{"@id":"https:\/\/adf-magazine.com\/pt-pt\/2026\/03\/guerra-do-sudao-torna-se-uma-ameaca-directa-a-seguranca-do-chade\/#primaryimage"},"thumbnailUrl":"https:\/\/adf-magazine.com\/wp-content\/uploads\/2026\/03\/GettyImages-1252556208.jpg","keywords":["Chade","guerra civil","Sud\u00e3o"],"articleSection":["Not\u00edcias diaries"],"inLanguage":"pt-PT","potentialAction":[{"@type":"CommentAction","name":"Comment","target":["https:\/\/adf-magazine.com\/pt-pt\/2026\/03\/guerra-do-sudao-torna-se-uma-ameaca-directa-a-seguranca-do-chade\/#respond"]}]},{"@type":"WebPage","@id":"https:\/\/adf-magazine.com\/pt-pt\/2026\/03\/guerra-do-sudao-torna-se-uma-ameaca-directa-a-seguranca-do-chade\/","url":"https:\/\/adf-magazine.com\/pt-pt\/2026\/03\/guerra-do-sudao-torna-se-uma-ameaca-directa-a-seguranca-do-chade\/","name":"Guerra do Sud\u00e3o Torna-se uma \u2018Amea\u00e7a Directa \u00e0 Seguran\u00e7a\u2019 do Chade - Africa Defense Forum","isPartOf":{"@id":"https:\/\/adf-magazine.com\/#website"},"primaryImageOfPage":{"@id":"https:\/\/adf-magazine.com\/pt-pt\/2026\/03\/guerra-do-sudao-torna-se-uma-ameaca-directa-a-seguranca-do-chade\/#primaryimage"},"image":{"@id":"https:\/\/adf-magazine.com\/pt-pt\/2026\/03\/guerra-do-sudao-torna-se-uma-ameaca-directa-a-seguranca-do-chade\/#primaryimage"},"thumbnailUrl":"https:\/\/adf-magazine.com\/wp-content\/uploads\/2026\/03\/GettyImages-1252556208.jpg","datePublished":"2026-03-31T16:35:07+00:00","dateModified":"2026-03-31T16:36:00+00:00","author":{"@id":"https:\/\/adf-magazine.com\/#\/schema\/person\/f266a6061389568b5a11465bb38bc025"},"breadcrumb":{"@id":"https:\/\/adf-magazine.com\/pt-pt\/2026\/03\/guerra-do-sudao-torna-se-uma-ameaca-directa-a-seguranca-do-chade\/#breadcrumb"},"inLanguage":"pt-PT","potentialAction":[{"@type":"ReadAction","target":["https:\/\/adf-magazine.com\/pt-pt\/2026\/03\/guerra-do-sudao-torna-se-uma-ameaca-directa-a-seguranca-do-chade\/"]}]},{"@type":"ImageObject","inLanguage":"pt-PT","@id":"https:\/\/adf-magazine.com\/pt-pt\/2026\/03\/guerra-do-sudao-torna-se-uma-ameaca-directa-a-seguranca-do-chade\/#primaryimage","url":"https:\/\/adf-magazine.com\/wp-content\/uploads\/2026\/03\/GettyImages-1252556208.jpg","contentUrl":"https:\/\/adf-magazine.com\/wp-content\/uploads\/2026\/03\/GettyImages-1252556208.jpg","width":1024,"height":683,"caption":"Nuvens de fumo pairam sobre Cartum, capital do Sud\u00e3o, durante a prolongada guerra civil do pa\u00eds. AFP\/GETTY IMAGES"},{"@type":"BreadcrumbList","@id":"https:\/\/adf-magazine.com\/pt-pt\/2026\/03\/guerra-do-sudao-torna-se-uma-ameaca-directa-a-seguranca-do-chade\/#breadcrumb","itemListElement":[{"@type":"ListItem","position":1,"name":"Home","item":"https:\/\/adf-magazine.com\/"},{"@type":"ListItem","position":2,"name":"Guerra do Sud\u00e3o Torna-se uma \u2018Amea\u00e7a Directa \u00e0 Seguran\u00e7a\u2019 do Chade"}]},{"@type":"WebSite","@id":"https:\/\/adf-magazine.com\/#website","url":"https:\/\/adf-magazine.com\/","name":"Africa Defense Forum","description":"Africa Defense Forum","potentialAction":[{"@type":"SearchAction","target":{"@type":"EntryPoint","urlTemplate":"https:\/\/adf-magazine.com\/?s={search_term_string}"},"query-input":{"@type":"PropertyValueSpecification","valueRequired":true,"valueName":"search_term_string"}}],"inLanguage":"pt-PT"},{"@type":"Person","@id":"https:\/\/adf-magazine.com\/#\/schema\/person\/f266a6061389568b5a11465bb38bc025","name":"ADF","image":{"@type":"ImageObject","inLanguage":"pt-PT","@id":"https:\/\/adf-magazine.com\/wp-content\/uploads\/2020\/05\/cropped-ADF_icon.jpg","url":"https:\/\/adf-magazine.com\/wp-content\/uploads\/2020\/05\/cropped-ADF_icon.jpg","contentUrl":"https:\/\/adf-magazine.com\/wp-content\/uploads\/2020\/05\/cropped-ADF_icon.jpg","caption":"ADF"},"description":"ADF is a professional military magazine published quarterly by U.S. Africa Command to provide an international forum for African security professionals. ADF covers topics such as counter terrorism strategies, security and defense operations, transnational crime, and all other issues affecting peace, stability, and good governance on the African continent.","sameAs":["https:\/\/x.com\/ADFmagazine"],"url":"https:\/\/adf-magazine.com\/pt-pt\/author\/adf\/"}]}},"_links":{"self":[{"href":"https:\/\/adf-magazine.com\/pt-pt\/wp-json\/wp\/v2\/posts\/135708","targetHints":{"allow":["GET"]}}],"collection":[{"href":"https:\/\/adf-magazine.com\/pt-pt\/wp-json\/wp\/v2\/posts"}],"about":[{"href":"https:\/\/adf-magazine.com\/pt-pt\/wp-json\/wp\/v2\/types\/post"}],"author":[{"embeddable":true,"href":"https:\/\/adf-magazine.com\/pt-pt\/wp-json\/wp\/v2\/users\/1"}],"replies":[{"embeddable":true,"href":"https:\/\/adf-magazine.com\/pt-pt\/wp-json\/wp\/v2\/comments?post=135708"}],"version-history":[{"count":1,"href":"https:\/\/adf-magazine.com\/pt-pt\/wp-json\/wp\/v2\/posts\/135708\/revisions"}],"predecessor-version":[{"id":135709,"href":"https:\/\/adf-magazine.com\/pt-pt\/wp-json\/wp\/v2\/posts\/135708\/revisions\/135709"}],"wp:featuredmedia":[{"embeddable":true,"href":"https:\/\/adf-magazine.com\/pt-pt\/wp-json\/wp\/v2\/media\/135706"}],"wp:attachment":[{"href":"https:\/\/adf-magazine.com\/pt-pt\/wp-json\/wp\/v2\/media?parent=135708"}],"wp:term":[{"taxonomy":"category","embeddable":true,"href":"https:\/\/adf-magazine.com\/pt-pt\/wp-json\/wp\/v2\/categories?post=135708"},{"taxonomy":"post_tag","embeddable":true,"href":"https:\/\/adf-magazine.com\/pt-pt\/wp-json\/wp\/v2\/tags?post=135708"}],"curies":[{"name":"wp","href":"https:\/\/api.w.org\/{rel}","templated":true}]}}