{"id":134653,"date":"2026-02-17T14:35:25","date_gmt":"2026-02-17T19:35:25","guid":{"rendered":"https:\/\/adf-magazine.com\/?p=134653"},"modified":"2026-02-17T14:35:43","modified_gmt":"2026-02-17T19:35:43","slug":"confrontos-na-etiopia-alimentam-receios-de-um-regresso-a-guerra-civil","status":"publish","type":"post","link":"https:\/\/adf-magazine.com\/pt-pt\/2026\/02\/confrontos-na-etiopia-alimentam-receios-de-um-regresso-a-guerra-civil\/","title":{"rendered":"Confrontos na Eti\u00f3pia Alimentam Receios de um Regresso \u00e0 Guerra Civil"},"content":{"rendered":"<p style=\"font-weight: 400;\">As For\u00e7as de Defesa do Tigr\u00e9 (TDF) entraram, a 26 de Janeiro, no territ\u00f3rio et\u00edope disputado de Tselemt, na regi\u00e3o noroeste do Tigr\u00e9, entrando em confronto com tropas federais e mil\u00edcias da regi\u00e3o vizinha de Amhara. Tr\u00eas dias depois, as TDF avan\u00e7aram para Korem e Alamata, no disputado distrito de Raya, no sul do Tigr\u00e9, sem resist\u00eancia federal aparente, informou o International Crisis Group.<\/p>\n<p>O governo federal cancelou ent\u00e3o todos os voos para a regi\u00e3o e, no dia 31 de Janeiro, realizou dois ataques com drones no centro do Tigr\u00e9. Isso levou analistas a alertar que a continua\u00e7\u00e3o dos combates no Tigr\u00e9 poderia desencadear outra guerra.<\/p>\n<p><span style=\"font-weight: 400;\">Tigr\u00e9, a regi\u00e3o mais setentrional da Eti\u00f3pia, est\u00e1 numa disputa pelo poder desde 2018, quando os l\u00edderes tigrenhos perderam a sua influ\u00eancia dominante no governo da Eti\u00f3pia.<\/span><\/p>\n<p>Ap\u00f3s os ataques com drones, Tadesse Werede, l\u00edder das TDF, disse que o governo federal havia iniciado \u201calgo parecido com uma guerra total,\u201d informou a revista The Economist. Werede tamb\u00e9m disse que as TDF se retirariam de Tselemt para acalmar a situa\u00e7\u00e3o e que \u201cas diverg\u00eancias &#8230; podem ser resolvidas atrav\u00e9s do di\u00e1logo.\u201d<\/p>\n<p>As for\u00e7as tigrenhas enfrentam uma ofensiva conjunta da For\u00e7a de Defesa Nacional da Eti\u00f3pia (ENDF) e das mil\u00edcias Amhara, que tomaram Tselemt durante a guerra anterior em Tigr\u00e9 e se recusaram a retirar-se. Embora os voos para Tigr\u00e9 tenham sido retomados a 3 de Fevereiro, as tens\u00f5es permanecem. Naquele dia, o Primeiro-Ministro da Eti\u00f3pia, Abiy Ahmed, sugeriu durante um discurso no Parlamento que a Frente de Liberta\u00e7\u00e3o do Povo de Tigr\u00e9 (TPLF), o partido governante da regi\u00e3o, era composta por \u201ctraidores\u201d que trabalhavam para \u201cdesmantelar a Eti\u00f3pia.\u201d<\/p>\n<p>Um funcion\u00e1rio da TPLF respondeu dizendo que a ENDF estava \u201ca mobilizar todas as suas for\u00e7as.\u201d<\/p>\n<p>\u201cN\u00e3o consigo expressar o qu\u00e3o assustadora esta guerra ser\u00e1 se Abiy n\u00e3o parar o que est\u00e1 a fazer,\u201d o funcion\u00e1rio disse numa reportagem da revista The Economist.<\/p>\n<p>No dia 10 de Fevereiro, Volker T\u00fcrk, chefe dos direitos humanos das Na\u00e7\u00f5es Unidas, apelou a todas as partes para tomarem medidas urgentes para acalmar o conflito.<\/p>\n<p>\u201cA situa\u00e7\u00e3o continua altamente vol\u00e1til e tememos que se deteriore ainda mais, agravando a j\u00e1 prec\u00e1ria situa\u00e7\u00e3o humanit\u00e1ria e dos direitos humanos na regi\u00e3o,\u201d afirmou T\u00fcrk. \u201cOs civis est\u00e3o mais uma vez presos entre tens\u00f5es crescentes, com as TSF (For\u00e7as de Seguran\u00e7a de Tigr\u00e9) e a ENDF a realizarem alegadamente deten\u00e7\u00f5es por suspeita de afilia\u00e7\u00e3o ao lado oposto. Isto tem de parar.\u201d<\/p>\n<p>A animosidade remanescente da guerra civil alimenta a crise. Quando a guerra eclodiu em 2020, as mil\u00edcias Amhara tomaram <span style=\"font-weight: 400;\"><a href=\"https:\/\/www.economist.com\/middle-east-and-africa\/2025\/10\/09\/the-forgotten-horror-of-western-tigray?utm_medium=cpc.adword.pd&amp;utm_source=google&amp;ppccampaignID=18156330227&amp;ppcadID=&amp;utm_campaign=a.22brand_pmax&amp;utm_content=conversion.direct-response.anonymous&amp;gclsrc=aw.ds&amp;gad_source=1&amp;gad_campaignid=18156330848&amp;gbraid=0AAAAADBuq3JBeScm154X8LjaI6iJteWfy&amp;gclid=Cj0KCQiA-YvMBhDtARIsAHZuUzLVSpH8_ZLzP6_LsTT8qxzDJmUhAeXnoF0k77R0Y439dWqXBdwBbRUaAsslEALw_wcB\">o oeste do Tigr\u00e9<\/a><\/span><span style=\"font-weight: 400;\">, onde centenas de milhares de pessoas foram for\u00e7adas a fugir. Desde ent\u00e3o, a maioria tem vivido em campos de deslocados miser\u00e1veis noutras partes da regi\u00e3o.<\/span><\/p>\n<p>Alguns milhares de pessoas regressaram \u00e0s suas casas em Tigr\u00e9 em 2024, mas muitas enfrentaram intimida\u00e7\u00e3o e abusos por parte das mil\u00edcias Amhara. Abiy tamb\u00e9m bloqueou as exig\u00eancias da TPLF de devolver o controlo dos territ\u00f3rios disputados de Amhara a Tigr\u00e9.<\/p>\n<p>Abiy teme que a TPLF queira recuperar o oeste do Tigr\u00e9 pela for\u00e7a. O ex\u00e9rcito et\u00edope ter\u00e1 movido grandes quantidades de tropas e armamento para as fronteiras do Tigr\u00e9.<\/p>\n<p>Analistas da revista The Economist escreveram que ambos os lados podem agir com cautela. A TPLF est\u00e1 enfraquecida por constantes lutas internas e Abiy est\u00e1 a lidar com as tens\u00f5es com a vizinha Eritreia. No dia 3 de Fevereiro, acusou as tropas eritreias de cometerem assassinatos em massa enquanto lutavam ao lado das tropas et\u00edopes na guerra anterior, que terminou em 2022, durante a qual mais de 400.000 pessoas foram mortas. A Eritreia aproximou-se diplomaticamente da TPLF no meio de uma disputa entre Asmara e Adis Abeba sobre o acesso ao Mar Vermelho.<\/p>\n<p>\u201cNo entanto, a crise da Eti\u00f3pia tamb\u00e9m est\u00e1 interligada com a guerra civil no Sud\u00e3o e as rivalidades entre as pot\u00eancias externas que a t\u00eam alimentado,\u201d escreveram os analistas da revista The Economist. \u201cUma nova guerra no Tigr\u00e9 provavelmente se transformaria num desastre regional. Aqueles que podem devem pressionar pela paz enquanto ainda h\u00e1 tempo.\u201d<\/p>\n<p>O tempo pode estar a esgotar-se. Numa carta de 7 de Fevereiro ao seu hom\u00f3logo eritreu, o Ministro dos Neg\u00f3cios Estrangeiros da Eti\u00f3pia, Gedion Timothewos, afirmou que as for\u00e7as eritreias estavam no seu pa\u00eds h\u00e1 um \u201cper\u00edodo consider\u00e1vel\u201d e acusou Asmara de fornecer apoio material directo a grupos militantes que operam na Eti\u00f3pia.<\/p>\n<p>\u201cOs desenvolvimentos dos \u00faltimos dias indicam que o Governo da Eritreia escolheu o caminho de uma maior escalada,\u201d Timothewos disse numa reportagem da ag\u00eancia noticiosa bne IntelliNews. Timothewos exigiu que Asmara \u201cretirasse as suas tropas do territ\u00f3rio et\u00edope e cessasse todas as formas de colabora\u00e7\u00e3o com grupos rebeldes,\u201d classificando as alegadas ac\u00e7\u00f5es como \u201cn\u00e3o apenas provoca\u00e7\u00f5es, mas actos de agress\u00e3o directa.\u201d<\/p>\n","protected":false},"excerpt":{"rendered":"<p>As For\u00e7as de Defesa do Tigr\u00e9 (TDF) entraram, a 26 de Janeiro, no territ\u00f3rio et\u00edope disputado de Tselemt, na regi\u00e3o noroeste do Tigr\u00e9, entrando em confronto com tropas federais e mil\u00edcias da regi\u00e3o vizinha de Amhara. Tr\u00eas dias depois, as TDF avan\u00e7aram para Korem e Alamata, no disputado distrito de Raya, no sul do Tigr\u00e9,<\/p>\n","protected":false},"author":1,"featured_media":134651,"comment_status":"open","ping_status":"closed","sticky":false,"template":"","format":"standard","meta":{"_acf_changed":false,"_monsterinsights_skip_tracking":false,"_monsterinsights_sitenote_active":false,"_monsterinsights_sitenote_note":"","_monsterinsights_sitenote_category":0,"_uf_show_specific_survey":0,"_uf_disable_surveys":false,"footnotes":""},"categories":[363],"tags":[500,980,762,799,610],"class_list":{"0":"post-134653","1":"post","2":"type-post","3":"status-publish","4":"format-standard","5":"has-post-thumbnail","7":"category-melhores-historias","8":"tag-chade","9":"tag-eritreia","10":"tag-etiopia","11":"tag-guerra-civil-pt-pt","12":"tag-violencia-etnica"},"acf":[],"yoast_head":"<!-- This site is optimized with the Yoast SEO plugin v27.4 - https:\/\/yoast.com\/product\/yoast-seo-wordpress\/ -->\n<title>Confrontos na Eti\u00f3pia Alimentam Receios de um Regresso \u00e0 Guerra Civil - Africa Defense Forum<\/title>\n<meta name=\"robots\" content=\"index, follow, max-snippet:-1, max-image-preview:large, max-video-preview:-1\" \/>\n<link rel=\"canonical\" href=\"https:\/\/adf-magazine.com\/fr\/?p=134656\" \/>\n<meta property=\"og:locale\" content=\"pt_PT\" \/>\n<meta property=\"og:type\" content=\"article\" \/>\n<meta property=\"og:title\" content=\"Confrontos na Eti\u00f3pia Alimentam Receios de um Regresso \u00e0 Guerra Civil - Africa Defense Forum\" \/>\n<meta property=\"og:description\" content=\"As For\u00e7as de Defesa do Tigr\u00e9 (TDF) entraram, a 26 de Janeiro, no territ\u00f3rio et\u00edope disputado de Tselemt, na regi\u00e3o noroeste do Tigr\u00e9, entrando em confronto com tropas federais e mil\u00edcias da regi\u00e3o vizinha de Amhara. Tr\u00eas dias depois, as TDF avan\u00e7aram para Korem e Alamata, no disputado distrito de Raya, no sul do Tigr\u00e9,\" \/>\n<meta property=\"og:url\" content=\"https:\/\/adf-magazine.com\/fr\/?p=134656\" \/>\n<meta property=\"og:site_name\" content=\"Africa Defense Forum\" \/>\n<meta property=\"article:publisher\" content=\"https:\/\/www.facebook.com\/ADFmagazine\/\" \/>\n<meta property=\"article:published_time\" content=\"2026-02-17T19:35:25+00:00\" \/>\n<meta property=\"article:modified_time\" content=\"2026-02-17T19:35:43+00:00\" \/>\n<meta property=\"og:image\" content=\"https:\/\/adf-magazine.com\/wp-content\/uploads\/2026\/02\/GettyImages-1230061507.jpg\" \/>\n\t<meta property=\"og:image:width\" content=\"1024\" \/>\n\t<meta property=\"og:image:height\" content=\"683\" \/>\n\t<meta property=\"og:image:type\" content=\"image\/jpeg\" \/>\n<meta name=\"author\" content=\"ADF\" \/>\n<meta name=\"twitter:card\" content=\"summary_large_image\" \/>\n<meta name=\"twitter:creator\" content=\"@ADFmagazine\" \/>\n<meta name=\"twitter:site\" content=\"@ADFmagazine\" \/>\n<meta name=\"twitter:label1\" content=\"Escrito por\" \/>\n\t<meta name=\"twitter:data1\" content=\"ADF\" \/>\n\t<meta name=\"twitter:label2\" content=\"Tempo estimado de leitura\" \/>\n\t<meta name=\"twitter:data2\" content=\"4 minutos\" \/>\n<script type=\"application\/ld+json\" class=\"yoast-schema-graph\">{\"@context\":\"https:\\\/\\\/schema.org\",\"@graph\":[{\"@type\":\"Article\",\"@id\":\"https:\\\/\\\/adf-magazine.com\\\/fr\\\/?p=134656#article\",\"isPartOf\":{\"@id\":\"https:\\\/\\\/adf-magazine.com\\\/fr\\\/?p=134656\"},\"author\":{\"name\":\"ADF\",\"@id\":\"https:\\\/\\\/adf-magazine.com\\\/#\\\/schema\\\/person\\\/f266a6061389568b5a11465bb38bc025\"},\"headline\":\"Confrontos na Eti\u00f3pia Alimentam Receios de um Regresso \u00e0 Guerra Civil\",\"datePublished\":\"2026-02-17T19:35:25+00:00\",\"dateModified\":\"2026-02-17T19:35:43+00:00\",\"mainEntityOfPage\":{\"@id\":\"https:\\\/\\\/adf-magazine.com\\\/fr\\\/?p=134656\"},\"wordCount\":874,\"commentCount\":0,\"image\":{\"@id\":\"https:\\\/\\\/adf-magazine.com\\\/fr\\\/?p=134656#primaryimage\"},\"thumbnailUrl\":\"https:\\\/\\\/adf-magazine.com\\\/wp-content\\\/uploads\\\/2026\\\/02\\\/GettyImages-1230061507.jpg\",\"keywords\":[\"Chade\",\"Eritreia\",\"Eti\u00f3pia\",\"guerra civil\",\"viol\u00eancia \u00e9tnica\"],\"articleSection\":[\"Not\u00edcias diaries\"],\"inLanguage\":\"pt-PT\",\"potentialAction\":[{\"@type\":\"CommentAction\",\"name\":\"Comment\",\"target\":[\"https:\\\/\\\/adf-magazine.com\\\/fr\\\/?p=134656#respond\"]}]},{\"@type\":\"WebPage\",\"@id\":\"https:\\\/\\\/adf-magazine.com\\\/fr\\\/?p=134656\",\"url\":\"https:\\\/\\\/adf-magazine.com\\\/fr\\\/?p=134656\",\"name\":\"Confrontos na Eti\u00f3pia Alimentam Receios de um Regresso \u00e0 Guerra Civil - Africa Defense Forum\",\"isPartOf\":{\"@id\":\"https:\\\/\\\/adf-magazine.com\\\/#website\"},\"primaryImageOfPage\":{\"@id\":\"https:\\\/\\\/adf-magazine.com\\\/fr\\\/?p=134656#primaryimage\"},\"image\":{\"@id\":\"https:\\\/\\\/adf-magazine.com\\\/fr\\\/?p=134656#primaryimage\"},\"thumbnailUrl\":\"https:\\\/\\\/adf-magazine.com\\\/wp-content\\\/uploads\\\/2026\\\/02\\\/GettyImages-1230061507.jpg\",\"datePublished\":\"2026-02-17T19:35:25+00:00\",\"dateModified\":\"2026-02-17T19:35:43+00:00\",\"author\":{\"@id\":\"https:\\\/\\\/adf-magazine.com\\\/#\\\/schema\\\/person\\\/f266a6061389568b5a11465bb38bc025\"},\"breadcrumb\":{\"@id\":\"https:\\\/\\\/adf-magazine.com\\\/fr\\\/?p=134656#breadcrumb\"},\"inLanguage\":\"pt-PT\",\"potentialAction\":[{\"@type\":\"ReadAction\",\"target\":[\"https:\\\/\\\/adf-magazine.com\\\/fr\\\/?p=134656\"]}]},{\"@type\":\"ImageObject\",\"inLanguage\":\"pt-PT\",\"@id\":\"https:\\\/\\\/adf-magazine.com\\\/fr\\\/?p=134656#primaryimage\",\"url\":\"https:\\\/\\\/adf-magazine.com\\\/wp-content\\\/uploads\\\/2026\\\/02\\\/GettyImages-1230061507.jpg\",\"contentUrl\":\"https:\\\/\\\/adf-magazine.com\\\/wp-content\\\/uploads\\\/2026\\\/02\\\/GettyImages-1230061507.jpg\",\"width\":1024,\"height\":683,\"caption\":\"Um membro da For\u00e7a de Defesa Nacional da Eti\u00f3pia inspecciona um ve\u00edculo militar danificado na regi\u00e3o de Tigr\u00e9. AFP\\\/GETTY IMAGES\"},{\"@type\":\"BreadcrumbList\",\"@id\":\"https:\\\/\\\/adf-magazine.com\\\/fr\\\/?p=134656#breadcrumb\",\"itemListElement\":[{\"@type\":\"ListItem\",\"position\":1,\"name\":\"Home\",\"item\":\"https:\\\/\\\/adf-magazine.com\\\/\"},{\"@type\":\"ListItem\",\"position\":2,\"name\":\"Confrontos na Eti\u00f3pia Alimentam Receios de um Regresso \u00e0 Guerra Civil\"}]},{\"@type\":\"WebSite\",\"@id\":\"https:\\\/\\\/adf-magazine.com\\\/#website\",\"url\":\"https:\\\/\\\/adf-magazine.com\\\/\",\"name\":\"Africa Defense Forum\",\"description\":\"Africa Defense Forum\",\"potentialAction\":[{\"@type\":\"SearchAction\",\"target\":{\"@type\":\"EntryPoint\",\"urlTemplate\":\"https:\\\/\\\/adf-magazine.com\\\/?s={search_term_string}\"},\"query-input\":{\"@type\":\"PropertyValueSpecification\",\"valueRequired\":true,\"valueName\":\"search_term_string\"}}],\"inLanguage\":\"pt-PT\"},{\"@type\":\"Person\",\"@id\":\"https:\\\/\\\/adf-magazine.com\\\/#\\\/schema\\\/person\\\/f266a6061389568b5a11465bb38bc025\",\"name\":\"ADF\",\"image\":{\"@type\":\"ImageObject\",\"inLanguage\":\"pt-PT\",\"@id\":\"https:\\\/\\\/adf-magazine.com\\\/wp-content\\\/uploads\\\/2020\\\/05\\\/cropped-ADF_icon.jpg\",\"url\":\"https:\\\/\\\/adf-magazine.com\\\/wp-content\\\/uploads\\\/2020\\\/05\\\/cropped-ADF_icon.jpg\",\"contentUrl\":\"https:\\\/\\\/adf-magazine.com\\\/wp-content\\\/uploads\\\/2020\\\/05\\\/cropped-ADF_icon.jpg\",\"caption\":\"ADF\"},\"description\":\"ADF is a professional military magazine published quarterly by U.S. Africa Command to provide an international forum for African security professionals. ADF covers topics such as counter terrorism strategies, security and defense operations, transnational crime, and all other issues affecting peace, stability, and good governance on the African continent.\",\"sameAs\":[\"https:\\\/\\\/x.com\\\/ADFmagazine\"],\"url\":\"https:\\\/\\\/adf-magazine.com\\\/pt-pt\\\/author\\\/adf\\\/\"}]}<\/script>\n<!-- \/ Yoast SEO plugin. -->","yoast_head_json":{"title":"Confrontos na Eti\u00f3pia Alimentam Receios de um Regresso \u00e0 Guerra Civil - Africa Defense Forum","robots":{"index":"index","follow":"follow","max-snippet":"max-snippet:-1","max-image-preview":"max-image-preview:large","max-video-preview":"max-video-preview:-1"},"canonical":"https:\/\/adf-magazine.com\/fr\/?p=134656","og_locale":"pt_PT","og_type":"article","og_title":"Confrontos na Eti\u00f3pia Alimentam Receios de um Regresso \u00e0 Guerra Civil - Africa Defense Forum","og_description":"As For\u00e7as de Defesa do Tigr\u00e9 (TDF) entraram, a 26 de Janeiro, no territ\u00f3rio et\u00edope disputado de Tselemt, na regi\u00e3o noroeste do Tigr\u00e9, entrando em confronto com tropas federais e mil\u00edcias da regi\u00e3o vizinha de Amhara. Tr\u00eas dias depois, as TDF avan\u00e7aram para Korem e Alamata, no disputado distrito de Raya, no sul do Tigr\u00e9,","og_url":"https:\/\/adf-magazine.com\/fr\/?p=134656","og_site_name":"Africa Defense Forum","article_publisher":"https:\/\/www.facebook.com\/ADFmagazine\/","article_published_time":"2026-02-17T19:35:25+00:00","article_modified_time":"2026-02-17T19:35:43+00:00","og_image":[{"width":1024,"height":683,"url":"https:\/\/adf-magazine.com\/wp-content\/uploads\/2026\/02\/GettyImages-1230061507.jpg","type":"image\/jpeg"}],"author":"ADF","twitter_card":"summary_large_image","twitter_creator":"@ADFmagazine","twitter_site":"@ADFmagazine","twitter_misc":{"Escrito por":"ADF","Tempo estimado de leitura":"4 minutos"},"schema":{"@context":"https:\/\/schema.org","@graph":[{"@type":"Article","@id":"https:\/\/adf-magazine.com\/fr\/?p=134656#article","isPartOf":{"@id":"https:\/\/adf-magazine.com\/fr\/?p=134656"},"author":{"name":"ADF","@id":"https:\/\/adf-magazine.com\/#\/schema\/person\/f266a6061389568b5a11465bb38bc025"},"headline":"Confrontos na Eti\u00f3pia Alimentam Receios de um Regresso \u00e0 Guerra Civil","datePublished":"2026-02-17T19:35:25+00:00","dateModified":"2026-02-17T19:35:43+00:00","mainEntityOfPage":{"@id":"https:\/\/adf-magazine.com\/fr\/?p=134656"},"wordCount":874,"commentCount":0,"image":{"@id":"https:\/\/adf-magazine.com\/fr\/?p=134656#primaryimage"},"thumbnailUrl":"https:\/\/adf-magazine.com\/wp-content\/uploads\/2026\/02\/GettyImages-1230061507.jpg","keywords":["Chade","Eritreia","Eti\u00f3pia","guerra civil","viol\u00eancia \u00e9tnica"],"articleSection":["Not\u00edcias diaries"],"inLanguage":"pt-PT","potentialAction":[{"@type":"CommentAction","name":"Comment","target":["https:\/\/adf-magazine.com\/fr\/?p=134656#respond"]}]},{"@type":"WebPage","@id":"https:\/\/adf-magazine.com\/fr\/?p=134656","url":"https:\/\/adf-magazine.com\/fr\/?p=134656","name":"Confrontos na Eti\u00f3pia Alimentam Receios de um Regresso \u00e0 Guerra Civil - Africa Defense Forum","isPartOf":{"@id":"https:\/\/adf-magazine.com\/#website"},"primaryImageOfPage":{"@id":"https:\/\/adf-magazine.com\/fr\/?p=134656#primaryimage"},"image":{"@id":"https:\/\/adf-magazine.com\/fr\/?p=134656#primaryimage"},"thumbnailUrl":"https:\/\/adf-magazine.com\/wp-content\/uploads\/2026\/02\/GettyImages-1230061507.jpg","datePublished":"2026-02-17T19:35:25+00:00","dateModified":"2026-02-17T19:35:43+00:00","author":{"@id":"https:\/\/adf-magazine.com\/#\/schema\/person\/f266a6061389568b5a11465bb38bc025"},"breadcrumb":{"@id":"https:\/\/adf-magazine.com\/fr\/?p=134656#breadcrumb"},"inLanguage":"pt-PT","potentialAction":[{"@type":"ReadAction","target":["https:\/\/adf-magazine.com\/fr\/?p=134656"]}]},{"@type":"ImageObject","inLanguage":"pt-PT","@id":"https:\/\/adf-magazine.com\/fr\/?p=134656#primaryimage","url":"https:\/\/adf-magazine.com\/wp-content\/uploads\/2026\/02\/GettyImages-1230061507.jpg","contentUrl":"https:\/\/adf-magazine.com\/wp-content\/uploads\/2026\/02\/GettyImages-1230061507.jpg","width":1024,"height":683,"caption":"Um membro da For\u00e7a de Defesa Nacional da Eti\u00f3pia inspecciona um ve\u00edculo militar danificado na regi\u00e3o de Tigr\u00e9. AFP\/GETTY IMAGES"},{"@type":"BreadcrumbList","@id":"https:\/\/adf-magazine.com\/fr\/?p=134656#breadcrumb","itemListElement":[{"@type":"ListItem","position":1,"name":"Home","item":"https:\/\/adf-magazine.com\/"},{"@type":"ListItem","position":2,"name":"Confrontos na Eti\u00f3pia Alimentam Receios de um Regresso \u00e0 Guerra Civil"}]},{"@type":"WebSite","@id":"https:\/\/adf-magazine.com\/#website","url":"https:\/\/adf-magazine.com\/","name":"Africa Defense Forum","description":"Africa Defense Forum","potentialAction":[{"@type":"SearchAction","target":{"@type":"EntryPoint","urlTemplate":"https:\/\/adf-magazine.com\/?s={search_term_string}"},"query-input":{"@type":"PropertyValueSpecification","valueRequired":true,"valueName":"search_term_string"}}],"inLanguage":"pt-PT"},{"@type":"Person","@id":"https:\/\/adf-magazine.com\/#\/schema\/person\/f266a6061389568b5a11465bb38bc025","name":"ADF","image":{"@type":"ImageObject","inLanguage":"pt-PT","@id":"https:\/\/adf-magazine.com\/wp-content\/uploads\/2020\/05\/cropped-ADF_icon.jpg","url":"https:\/\/adf-magazine.com\/wp-content\/uploads\/2020\/05\/cropped-ADF_icon.jpg","contentUrl":"https:\/\/adf-magazine.com\/wp-content\/uploads\/2020\/05\/cropped-ADF_icon.jpg","caption":"ADF"},"description":"ADF is a professional military magazine published quarterly by U.S. Africa Command to provide an international forum for African security professionals. ADF covers topics such as counter terrorism strategies, security and defense operations, transnational crime, and all other issues affecting peace, stability, and good governance on the African continent.","sameAs":["https:\/\/x.com\/ADFmagazine"],"url":"https:\/\/adf-magazine.com\/pt-pt\/author\/adf\/"}]}},"_links":{"self":[{"href":"https:\/\/adf-magazine.com\/pt-pt\/wp-json\/wp\/v2\/posts\/134653","targetHints":{"allow":["GET"]}}],"collection":[{"href":"https:\/\/adf-magazine.com\/pt-pt\/wp-json\/wp\/v2\/posts"}],"about":[{"href":"https:\/\/adf-magazine.com\/pt-pt\/wp-json\/wp\/v2\/types\/post"}],"author":[{"embeddable":true,"href":"https:\/\/adf-magazine.com\/pt-pt\/wp-json\/wp\/v2\/users\/1"}],"replies":[{"embeddable":true,"href":"https:\/\/adf-magazine.com\/pt-pt\/wp-json\/wp\/v2\/comments?post=134653"}],"version-history":[{"count":2,"href":"https:\/\/adf-magazine.com\/pt-pt\/wp-json\/wp\/v2\/posts\/134653\/revisions"}],"predecessor-version":[{"id":134655,"href":"https:\/\/adf-magazine.com\/pt-pt\/wp-json\/wp\/v2\/posts\/134653\/revisions\/134655"}],"wp:featuredmedia":[{"embeddable":true,"href":"https:\/\/adf-magazine.com\/pt-pt\/wp-json\/wp\/v2\/media\/134651"}],"wp:attachment":[{"href":"https:\/\/adf-magazine.com\/pt-pt\/wp-json\/wp\/v2\/media?parent=134653"}],"wp:term":[{"taxonomy":"category","embeddable":true,"href":"https:\/\/adf-magazine.com\/pt-pt\/wp-json\/wp\/v2\/categories?post=134653"},{"taxonomy":"post_tag","embeddable":true,"href":"https:\/\/adf-magazine.com\/pt-pt\/wp-json\/wp\/v2\/tags?post=134653"}],"curies":[{"name":"wp","href":"https:\/\/api.w.org\/{rel}","templated":true}]}}