{"id":132295,"date":"2025-11-12T13:34:13","date_gmt":"2025-11-12T18:34:13","guid":{"rendered":"https:\/\/adf-magazine.com\/?p=132295"},"modified":"2025-11-12T13:34:27","modified_gmt":"2025-11-12T18:34:27","slug":"revolta-em-madagascar-mostra-que-o-problema-dos-golpes-de-estado-e-continental","status":"publish","type":"post","link":"https:\/\/adf-magazine.com\/pt-pt\/2025\/11\/revolta-em-madagascar-mostra-que-o-problema-dos-golpes-de-estado-e-continental\/","title":{"rendered":"Revolta em Madag\u00e1scar Mostra que o Problema dos Golpes de Estado \u00e9 \u2018Continental\u2019"},"content":{"rendered":"<p style=\"font-weight: 400;\">Quando os manifestantes enchiam as ruas de Antananarivo e de outras cidades de Madag\u00e1scar, John J. Chin observava atentamente.<\/p>\n<p style=\"font-weight: 400;\">Ele viu a raiva pela corrup\u00e7\u00e3o do governo, as falhas di\u00e1rias de energia e a escassez cr\u00f3nica de \u00e1gua. O que come\u00e7ou em Setembro como manifesta\u00e7\u00f5es lideradas por jovens escalou para exig\u00eancias de reformas e a ren\u00fancia do presidente Andry Rajoelina.<\/p>\n<p style=\"font-weight: 400;\">Chin estudou e escreveu sobre golpes de 1946 a 2025. O professor assistente da Universidade Carnegie Mellon lidera uma equipa de investiga\u00e7\u00e3o que compila dados sobre tipos e caracter\u00edsticas de golpes de Estado. A sua investiga\u00e7\u00e3o mostra que os golpes de Estado diminu\u00edram em todo o mundo.<\/p>\n<p style=\"font-weight: 400;\">\u201c[No entanto], o risco de golpes de Estado continua relativamente alto em \u00c1frica. Desde 2020, o continente j\u00e1 viu 10 golpes de Estado bem-sucedidos em oito pa\u00edses,\u201d escreveu num artigo de 16 de Outubro para o The Conversation Africa.<\/p>\n<p style=\"font-weight: 400;\">\u201cMas a tomada do poder pelos militares em Madag\u00e1scar marca apenas o segundo golpe nesse per\u00edodo a ocorrer fora da regi\u00e3o do Sahel, que se estende do Atl\u00e2ntico ao Corno de \u00c1frica \u2014 um sinal de que o problema dos golpes de Estado em \u00c1frica est\u00e1 a tornar-se um problema continental.\u201d<\/p>\n<p style=\"font-weight: 400;\">Embora existam diferen\u00e7as contextuais cr\u00edticas entre os golpes no Sahel e a revolta em Madag\u00e1scar, todos os golpes partilham uma s\u00e9rie de causas fundamentais e t\u00eam consequ\u00eancias semelhantes a longo prazo.<\/p>\n<p style=\"font-weight: 400;\">Samir Bhattacharya, investigador associado da Observer Research Foundation, destacou o movimento juvenil que desencadeou a destitui\u00e7\u00e3o de Rajoelina, ao qual chamou de um golpe de Estado disfar\u00e7ado de revolu\u00e7\u00e3o.<\/p>\n<p style=\"font-weight: 400;\">\u201cA turbul\u00eancia pol\u00edtica e os golpes de Estado n\u00e3o s\u00e3o estranhos \u00e0 pol\u00edtica malgaxe,\u201d escreveu num ensaio publicado no dia 1 de Novembro no site da funda\u00e7\u00e3o. \u201cDesde que conquistou a independ\u00eancia em 1960, o pa\u00eds sofreu v\u00e1rios golpes e interven\u00e7\u00f5es militares, muitas vezes, motivados pelo descontentamento devido \u00e0 corrup\u00e7\u00e3o e \u00e0s dificuldades econ\u00f3micas.\u201d<\/p>\n<p style=\"font-weight: 400;\">Uma unidade de elite do ex\u00e9rcito malgaxe chamada CAPSAT levou Rajoelina ao poder num golpe de 2009, mas a sua lideran\u00e7a foi marcada por acusa\u00e7\u00f5es de corrup\u00e7\u00e3o, repress\u00e3o e democracia falsa. A taxa de pobreza entre a popula\u00e7\u00e3o aumentou de 75% para 80% sob o governo de Rajoelina.<\/p>\n<p style=\"font-weight: 400;\">Ironicamente, a mesma unidade militar colocou o seu l\u00edder, o Coronel Michael Randrianirina, no cargo de presidente interino no dia 14 de Outubro. Ele prometeu organizar uma reforma nacional nos pr\u00f3ximos dois anos.<\/p>\n<p style=\"font-weight: 400;\">\u201cA tomada do poder pela CAPSAT representa um golpe de Estado em linha com os golpes correctivos aparentemente destinados a mudar a traject\u00f3ria do Estado,\u201d escreveu o cientista pol\u00edtico Juvence F. Ramasy numa an\u00e1lise de 3 de Novembro para a ConstitutionNet. \u201cOs militares legitimaram a interven\u00e7\u00e3o como uma solu\u00e7\u00e3o da m\u00e1 gest\u00e3o pol\u00edtica, econ\u00f3mica e social de Rajoelina.\u201d<\/p>\n<p style=\"font-weight: 400;\">Tal como os golpes no Sahel, o novo governante militar em Madag\u00e1scar tomou o mais alto cargo pol\u00edtico sob o pretexto de restaurar a ordem. Mas o clamor p\u00fablico por mudan\u00e7as \u00e9 diferente. No Sahel, a inseguran\u00e7a causada pelo terrorismo desenfreado foi a causa mais proeminente dos golpes. Em Madag\u00e1scar, foi uma onda de indigna\u00e7\u00e3o com a economia e um governo indiferente.<\/p>\n<p style=\"font-weight: 400;\">Ramasy, professor da Universidade de Toamasina, em Madag\u00e1scar, alertou que o descontentamento p\u00fablico geralmente cresce devido \u00e0 aus\u00eancia prolongada de representa\u00e7\u00e3o democr\u00e1tica, e as juntas inevitavelmente perdem legitimidade.<\/p>\n<p style=\"font-weight: 400;\">Ao entrar na pol\u00edtica e na governa\u00e7\u00e3o, os militares est\u00e3o a minar a legitimidade do governo de transi\u00e7\u00e3o e a confian\u00e7a nas for\u00e7as armadas como institui\u00e7\u00e3o que serve o povo e os seus l\u00edderes eleitos.<\/p>\n<p style=\"font-weight: 400;\">As interven\u00e7\u00f5es militares s\u00e3o consideradas uma trai\u00e7\u00e3o ao ethos e aos princ\u00edpios das for\u00e7as profissionais \u2014 neutralidade pol\u00edtica e controlo civil.<\/p>\n<p style=\"font-weight: 400;\">Investigadores de golpes de Estado, como Chin, v\u00eaem um ciclo perigoso de golpes bem-sucedidos que inspiram outros l\u00edderes militares a tomar e depois abusar do poder.<\/p>\n<p><span style=\"font-weight: 400;\">\u201cOs governos africanos p\u00f3s-golpe est\u00e3o a permanecer no poder por mais tempo, o que, por sua vez, encoraja os golpistas de outros lugares que v\u00eaem um ambiente mais permissivo,\u201d escreveu. \u201cPortanto, mesmo que haja limites para o \u2018cont\u00e1gio de golpes\u2019 em \u00c1frica, Madag\u00e1scar provavelmente n\u00e3o ser\u00e1 o \u00faltimo domin\u00f3 a cair, dadas as condi\u00e7\u00f5es estruturais do continente.\u201d<\/span><\/p>\n","protected":false},"excerpt":{"rendered":"<p>Quando os manifestantes enchiam as ruas de Antananarivo e de outras cidades de Madag\u00e1scar, John J. Chin observava atentamente. Ele viu a raiva pela corrup\u00e7\u00e3o do governo, as falhas di\u00e1rias de energia e a escassez cr\u00f3nica de \u00e1gua. O que come\u00e7ou em Setembro como manifesta\u00e7\u00f5es lideradas por jovens escalou para exig\u00eancias de reformas e a<\/p>\n","protected":false},"author":1,"featured_media":132293,"comment_status":"open","ping_status":"closed","sticky":false,"template":"","format":"standard","meta":{"_acf_changed":false,"_monsterinsights_skip_tracking":false,"_monsterinsights_sitenote_active":false,"_monsterinsights_sitenote_note":"","_monsterinsights_sitenote_category":0,"_uf_show_specific_survey":0,"_uf_disable_surveys":false,"footnotes":""},"categories":[363],"tags":[503,706,587,452,502,501,1139],"class_list":{"0":"post-132295","1":"post","2":"type-post","3":"status-publish","4":"format-standard","5":"has-post-thumbnail","7":"category-melhores-historias","8":"tag-burkina-faso-pt-pt","9":"tag-golpes","10":"tag-madagascar-pt-pt","11":"tag-mali-pt-pt","12":"tag-niger-pt-pt","13":"tag-sahel-pt-pt","14":"tag-terrorism-pt-pt"},"acf":[],"yoast_head":"<!-- This site is optimized with the Yoast SEO plugin v27.4 - https:\/\/yoast.com\/product\/yoast-seo-wordpress\/ -->\n<title>Revolta em Madag\u00e1scar Mostra que o Problema dos Golpes de Estado \u00e9 \u2018Continental\u2019 - Africa Defense Forum<\/title>\n<meta name=\"robots\" content=\"index, follow, max-snippet:-1, max-image-preview:large, max-video-preview:-1\" \/>\n<link rel=\"canonical\" href=\"https:\/\/adf-magazine.com\/fr\/?p=132297\" \/>\n<meta property=\"og:locale\" content=\"pt_PT\" \/>\n<meta property=\"og:type\" content=\"article\" \/>\n<meta property=\"og:title\" content=\"Revolta em Madag\u00e1scar Mostra que o Problema dos Golpes de Estado \u00e9 \u2018Continental\u2019 - Africa Defense Forum\" \/>\n<meta property=\"og:description\" content=\"Quando os manifestantes enchiam as ruas de Antananarivo e de outras cidades de Madag\u00e1scar, John J. Chin observava atentamente. Ele viu a raiva pela corrup\u00e7\u00e3o do governo, as falhas di\u00e1rias de energia e a escassez cr\u00f3nica de \u00e1gua. O que come\u00e7ou em Setembro como manifesta\u00e7\u00f5es lideradas por jovens escalou para exig\u00eancias de reformas e a\" \/>\n<meta property=\"og:url\" content=\"https:\/\/adf-magazine.com\/fr\/?p=132297\" \/>\n<meta property=\"og:site_name\" content=\"Africa Defense Forum\" \/>\n<meta property=\"article:publisher\" content=\"https:\/\/www.facebook.com\/ADFmagazine\/\" \/>\n<meta property=\"article:published_time\" content=\"2025-11-12T18:34:13+00:00\" \/>\n<meta property=\"article:modified_time\" content=\"2025-11-12T18:34:27+00:00\" \/>\n<meta property=\"og:image\" content=\"https:\/\/adf-magazine.com\/wp-content\/uploads\/2025\/11\/GettyImages-2240953264.jpg\" \/>\n\t<meta property=\"og:image:width\" content=\"1024\" \/>\n\t<meta property=\"og:image:height\" content=\"683\" \/>\n\t<meta property=\"og:image:type\" content=\"image\/jpeg\" \/>\n<meta name=\"author\" content=\"ADF\" \/>\n<meta name=\"twitter:card\" content=\"summary_large_image\" \/>\n<meta name=\"twitter:creator\" content=\"@ADFmagazine\" \/>\n<meta name=\"twitter:site\" content=\"@ADFmagazine\" \/>\n<meta name=\"twitter:label1\" content=\"Escrito por\" \/>\n\t<meta name=\"twitter:data1\" content=\"ADF\" \/>\n\t<meta name=\"twitter:label2\" content=\"Tempo estimado de leitura\" \/>\n\t<meta name=\"twitter:data2\" content=\"4 minutos\" \/>\n<script type=\"application\/ld+json\" class=\"yoast-schema-graph\">{\"@context\":\"https:\\\/\\\/schema.org\",\"@graph\":[{\"@type\":\"Article\",\"@id\":\"https:\\\/\\\/adf-magazine.com\\\/fr\\\/?p=132297#article\",\"isPartOf\":{\"@id\":\"https:\\\/\\\/adf-magazine.com\\\/fr\\\/?p=132297\"},\"author\":{\"name\":\"ADF\",\"@id\":\"https:\\\/\\\/adf-magazine.com\\\/#\\\/schema\\\/person\\\/f266a6061389568b5a11465bb38bc025\"},\"headline\":\"Revolta em Madag\u00e1scar Mostra que o Problema dos Golpes de Estado \u00e9 \u2018Continental\u2019\",\"datePublished\":\"2025-11-12T18:34:13+00:00\",\"dateModified\":\"2025-11-12T18:34:27+00:00\",\"mainEntityOfPage\":{\"@id\":\"https:\\\/\\\/adf-magazine.com\\\/fr\\\/?p=132297\"},\"wordCount\":763,\"commentCount\":0,\"image\":{\"@id\":\"https:\\\/\\\/adf-magazine.com\\\/fr\\\/?p=132297#primaryimage\"},\"thumbnailUrl\":\"https:\\\/\\\/adf-magazine.com\\\/wp-content\\\/uploads\\\/2025\\\/11\\\/GettyImages-2240953264.jpg\",\"keywords\":[\"Burkina Faso\",\"golpes\",\"Madagascar\",\"Mali\",\"Niger\",\"Sahel\",\"Terrorism\"],\"articleSection\":[\"Not\u00edcias diaries\"],\"inLanguage\":\"pt-PT\",\"potentialAction\":[{\"@type\":\"CommentAction\",\"name\":\"Comment\",\"target\":[\"https:\\\/\\\/adf-magazine.com\\\/fr\\\/?p=132297#respond\"]}]},{\"@type\":\"WebPage\",\"@id\":\"https:\\\/\\\/adf-magazine.com\\\/fr\\\/?p=132297\",\"url\":\"https:\\\/\\\/adf-magazine.com\\\/fr\\\/?p=132297\",\"name\":\"Revolta em Madag\u00e1scar Mostra que o Problema dos Golpes de Estado \u00e9 \u2018Continental\u2019 - Africa Defense Forum\",\"isPartOf\":{\"@id\":\"https:\\\/\\\/adf-magazine.com\\\/#website\"},\"primaryImageOfPage\":{\"@id\":\"https:\\\/\\\/adf-magazine.com\\\/fr\\\/?p=132297#primaryimage\"},\"image\":{\"@id\":\"https:\\\/\\\/adf-magazine.com\\\/fr\\\/?p=132297#primaryimage\"},\"thumbnailUrl\":\"https:\\\/\\\/adf-magazine.com\\\/wp-content\\\/uploads\\\/2025\\\/11\\\/GettyImages-2240953264.jpg\",\"datePublished\":\"2025-11-12T18:34:13+00:00\",\"dateModified\":\"2025-11-12T18:34:27+00:00\",\"author\":{\"@id\":\"https:\\\/\\\/adf-magazine.com\\\/#\\\/schema\\\/person\\\/f266a6061389568b5a11465bb38bc025\"},\"breadcrumb\":{\"@id\":\"https:\\\/\\\/adf-magazine.com\\\/fr\\\/?p=132297#breadcrumb\"},\"inLanguage\":\"pt-PT\",\"potentialAction\":[{\"@type\":\"ReadAction\",\"target\":[\"https:\\\/\\\/adf-magazine.com\\\/fr\\\/?p=132297\"]}]},{\"@type\":\"ImageObject\",\"inLanguage\":\"pt-PT\",\"@id\":\"https:\\\/\\\/adf-magazine.com\\\/fr\\\/?p=132297#primaryimage\",\"url\":\"https:\\\/\\\/adf-magazine.com\\\/wp-content\\\/uploads\\\/2025\\\/11\\\/GettyImages-2240953264.jpg\",\"contentUrl\":\"https:\\\/\\\/adf-magazine.com\\\/wp-content\\\/uploads\\\/2025\\\/11\\\/GettyImages-2240953264.jpg\",\"width\":1024,\"height\":683,\"caption\":\"O Coronel Michael Randrianirina, ao centro, chefe da unidade militar CAPSAT, chega a Antananarivo, Madag\u00e1scar, para discursar, no dia 16 de Outubro de 2025. AFP\\\/GETTY IMAGES\"},{\"@type\":\"BreadcrumbList\",\"@id\":\"https:\\\/\\\/adf-magazine.com\\\/fr\\\/?p=132297#breadcrumb\",\"itemListElement\":[{\"@type\":\"ListItem\",\"position\":1,\"name\":\"Home\",\"item\":\"https:\\\/\\\/adf-magazine.com\\\/\"},{\"@type\":\"ListItem\",\"position\":2,\"name\":\"Revolta em Madag\u00e1scar Mostra que o Problema dos Golpes de Estado \u00e9 \u2018Continental\u2019\"}]},{\"@type\":\"WebSite\",\"@id\":\"https:\\\/\\\/adf-magazine.com\\\/#website\",\"url\":\"https:\\\/\\\/adf-magazine.com\\\/\",\"name\":\"Africa Defense Forum\",\"description\":\"Africa Defense Forum\",\"potentialAction\":[{\"@type\":\"SearchAction\",\"target\":{\"@type\":\"EntryPoint\",\"urlTemplate\":\"https:\\\/\\\/adf-magazine.com\\\/?s={search_term_string}\"},\"query-input\":{\"@type\":\"PropertyValueSpecification\",\"valueRequired\":true,\"valueName\":\"search_term_string\"}}],\"inLanguage\":\"pt-PT\"},{\"@type\":\"Person\",\"@id\":\"https:\\\/\\\/adf-magazine.com\\\/#\\\/schema\\\/person\\\/f266a6061389568b5a11465bb38bc025\",\"name\":\"ADF\",\"image\":{\"@type\":\"ImageObject\",\"inLanguage\":\"pt-PT\",\"@id\":\"https:\\\/\\\/adf-magazine.com\\\/wp-content\\\/uploads\\\/2020\\\/05\\\/cropped-ADF_icon.jpg\",\"url\":\"https:\\\/\\\/adf-magazine.com\\\/wp-content\\\/uploads\\\/2020\\\/05\\\/cropped-ADF_icon.jpg\",\"contentUrl\":\"https:\\\/\\\/adf-magazine.com\\\/wp-content\\\/uploads\\\/2020\\\/05\\\/cropped-ADF_icon.jpg\",\"caption\":\"ADF\"},\"description\":\"ADF is a professional military magazine published quarterly by U.S. Africa Command to provide an international forum for African security professionals. ADF covers topics such as counter terrorism strategies, security and defense operations, transnational crime, and all other issues affecting peace, stability, and good governance on the African continent.\",\"sameAs\":[\"https:\\\/\\\/x.com\\\/ADFmagazine\"],\"url\":\"https:\\\/\\\/adf-magazine.com\\\/pt-pt\\\/author\\\/adf\\\/\"}]}<\/script>\n<!-- \/ Yoast SEO plugin. -->","yoast_head_json":{"title":"Revolta em Madag\u00e1scar Mostra que o Problema dos Golpes de Estado \u00e9 \u2018Continental\u2019 - Africa Defense Forum","robots":{"index":"index","follow":"follow","max-snippet":"max-snippet:-1","max-image-preview":"max-image-preview:large","max-video-preview":"max-video-preview:-1"},"canonical":"https:\/\/adf-magazine.com\/fr\/?p=132297","og_locale":"pt_PT","og_type":"article","og_title":"Revolta em Madag\u00e1scar Mostra que o Problema dos Golpes de Estado \u00e9 \u2018Continental\u2019 - Africa Defense Forum","og_description":"Quando os manifestantes enchiam as ruas de Antananarivo e de outras cidades de Madag\u00e1scar, John J. Chin observava atentamente. Ele viu a raiva pela corrup\u00e7\u00e3o do governo, as falhas di\u00e1rias de energia e a escassez cr\u00f3nica de \u00e1gua. O que come\u00e7ou em Setembro como manifesta\u00e7\u00f5es lideradas por jovens escalou para exig\u00eancias de reformas e a","og_url":"https:\/\/adf-magazine.com\/fr\/?p=132297","og_site_name":"Africa Defense Forum","article_publisher":"https:\/\/www.facebook.com\/ADFmagazine\/","article_published_time":"2025-11-12T18:34:13+00:00","article_modified_time":"2025-11-12T18:34:27+00:00","og_image":[{"width":1024,"height":683,"url":"https:\/\/adf-magazine.com\/wp-content\/uploads\/2025\/11\/GettyImages-2240953264.jpg","type":"image\/jpeg"}],"author":"ADF","twitter_card":"summary_large_image","twitter_creator":"@ADFmagazine","twitter_site":"@ADFmagazine","twitter_misc":{"Escrito por":"ADF","Tempo estimado de leitura":"4 minutos"},"schema":{"@context":"https:\/\/schema.org","@graph":[{"@type":"Article","@id":"https:\/\/adf-magazine.com\/fr\/?p=132297#article","isPartOf":{"@id":"https:\/\/adf-magazine.com\/fr\/?p=132297"},"author":{"name":"ADF","@id":"https:\/\/adf-magazine.com\/#\/schema\/person\/f266a6061389568b5a11465bb38bc025"},"headline":"Revolta em Madag\u00e1scar Mostra que o Problema dos Golpes de Estado \u00e9 \u2018Continental\u2019","datePublished":"2025-11-12T18:34:13+00:00","dateModified":"2025-11-12T18:34:27+00:00","mainEntityOfPage":{"@id":"https:\/\/adf-magazine.com\/fr\/?p=132297"},"wordCount":763,"commentCount":0,"image":{"@id":"https:\/\/adf-magazine.com\/fr\/?p=132297#primaryimage"},"thumbnailUrl":"https:\/\/adf-magazine.com\/wp-content\/uploads\/2025\/11\/GettyImages-2240953264.jpg","keywords":["Burkina Faso","golpes","Madagascar","Mali","Niger","Sahel","Terrorism"],"articleSection":["Not\u00edcias diaries"],"inLanguage":"pt-PT","potentialAction":[{"@type":"CommentAction","name":"Comment","target":["https:\/\/adf-magazine.com\/fr\/?p=132297#respond"]}]},{"@type":"WebPage","@id":"https:\/\/adf-magazine.com\/fr\/?p=132297","url":"https:\/\/adf-magazine.com\/fr\/?p=132297","name":"Revolta em Madag\u00e1scar Mostra que o Problema dos Golpes de Estado \u00e9 \u2018Continental\u2019 - Africa Defense Forum","isPartOf":{"@id":"https:\/\/adf-magazine.com\/#website"},"primaryImageOfPage":{"@id":"https:\/\/adf-magazine.com\/fr\/?p=132297#primaryimage"},"image":{"@id":"https:\/\/adf-magazine.com\/fr\/?p=132297#primaryimage"},"thumbnailUrl":"https:\/\/adf-magazine.com\/wp-content\/uploads\/2025\/11\/GettyImages-2240953264.jpg","datePublished":"2025-11-12T18:34:13+00:00","dateModified":"2025-11-12T18:34:27+00:00","author":{"@id":"https:\/\/adf-magazine.com\/#\/schema\/person\/f266a6061389568b5a11465bb38bc025"},"breadcrumb":{"@id":"https:\/\/adf-magazine.com\/fr\/?p=132297#breadcrumb"},"inLanguage":"pt-PT","potentialAction":[{"@type":"ReadAction","target":["https:\/\/adf-magazine.com\/fr\/?p=132297"]}]},{"@type":"ImageObject","inLanguage":"pt-PT","@id":"https:\/\/adf-magazine.com\/fr\/?p=132297#primaryimage","url":"https:\/\/adf-magazine.com\/wp-content\/uploads\/2025\/11\/GettyImages-2240953264.jpg","contentUrl":"https:\/\/adf-magazine.com\/wp-content\/uploads\/2025\/11\/GettyImages-2240953264.jpg","width":1024,"height":683,"caption":"O Coronel Michael Randrianirina, ao centro, chefe da unidade militar CAPSAT, chega a Antananarivo, Madag\u00e1scar, para discursar, no dia 16 de Outubro de 2025. AFP\/GETTY IMAGES"},{"@type":"BreadcrumbList","@id":"https:\/\/adf-magazine.com\/fr\/?p=132297#breadcrumb","itemListElement":[{"@type":"ListItem","position":1,"name":"Home","item":"https:\/\/adf-magazine.com\/"},{"@type":"ListItem","position":2,"name":"Revolta em Madag\u00e1scar Mostra que o Problema dos Golpes de Estado \u00e9 \u2018Continental\u2019"}]},{"@type":"WebSite","@id":"https:\/\/adf-magazine.com\/#website","url":"https:\/\/adf-magazine.com\/","name":"Africa Defense Forum","description":"Africa Defense Forum","potentialAction":[{"@type":"SearchAction","target":{"@type":"EntryPoint","urlTemplate":"https:\/\/adf-magazine.com\/?s={search_term_string}"},"query-input":{"@type":"PropertyValueSpecification","valueRequired":true,"valueName":"search_term_string"}}],"inLanguage":"pt-PT"},{"@type":"Person","@id":"https:\/\/adf-magazine.com\/#\/schema\/person\/f266a6061389568b5a11465bb38bc025","name":"ADF","image":{"@type":"ImageObject","inLanguage":"pt-PT","@id":"https:\/\/adf-magazine.com\/wp-content\/uploads\/2020\/05\/cropped-ADF_icon.jpg","url":"https:\/\/adf-magazine.com\/wp-content\/uploads\/2020\/05\/cropped-ADF_icon.jpg","contentUrl":"https:\/\/adf-magazine.com\/wp-content\/uploads\/2020\/05\/cropped-ADF_icon.jpg","caption":"ADF"},"description":"ADF is a professional military magazine published quarterly by U.S. Africa Command to provide an international forum for African security professionals. ADF covers topics such as counter terrorism strategies, security and defense operations, transnational crime, and all other issues affecting peace, stability, and good governance on the African continent.","sameAs":["https:\/\/x.com\/ADFmagazine"],"url":"https:\/\/adf-magazine.com\/pt-pt\/author\/adf\/"}]}},"_links":{"self":[{"href":"https:\/\/adf-magazine.com\/pt-pt\/wp-json\/wp\/v2\/posts\/132295","targetHints":{"allow":["GET"]}}],"collection":[{"href":"https:\/\/adf-magazine.com\/pt-pt\/wp-json\/wp\/v2\/posts"}],"about":[{"href":"https:\/\/adf-magazine.com\/pt-pt\/wp-json\/wp\/v2\/types\/post"}],"author":[{"embeddable":true,"href":"https:\/\/adf-magazine.com\/pt-pt\/wp-json\/wp\/v2\/users\/1"}],"replies":[{"embeddable":true,"href":"https:\/\/adf-magazine.com\/pt-pt\/wp-json\/wp\/v2\/comments?post=132295"}],"version-history":[{"count":0,"href":"https:\/\/adf-magazine.com\/pt-pt\/wp-json\/wp\/v2\/posts\/132295\/revisions"}],"wp:featuredmedia":[{"embeddable":true,"href":"https:\/\/adf-magazine.com\/pt-pt\/wp-json\/wp\/v2\/media\/132293"}],"wp:attachment":[{"href":"https:\/\/adf-magazine.com\/pt-pt\/wp-json\/wp\/v2\/media?parent=132295"}],"wp:term":[{"taxonomy":"category","embeddable":true,"href":"https:\/\/adf-magazine.com\/pt-pt\/wp-json\/wp\/v2\/categories?post=132295"},{"taxonomy":"post_tag","embeddable":true,"href":"https:\/\/adf-magazine.com\/pt-pt\/wp-json\/wp\/v2\/tags?post=132295"}],"curies":[{"name":"wp","href":"https:\/\/api.w.org\/{rel}","templated":true}]}}