{"id":130281,"date":"2025-08-19T15:07:55","date_gmt":"2025-08-19T19:07:55","guid":{"rendered":"https:\/\/adf-magazine.com\/?p=130281"},"modified":"2025-08-19T15:08:10","modified_gmt":"2025-08-19T19:08:10","slug":"gana-planeia-bases-operacionais-avancadas-para-fortalecer-fronteiras","status":"publish","type":"post","link":"https:\/\/adf-magazine.com\/pt-pt\/2025\/08\/gana-planeia-bases-operacionais-avancadas-para-fortalecer-fronteiras\/","title":{"rendered":"Gana Planeia Bases Operacionais Avan\u00e7adas para Fortalecer Fronteiras"},"content":{"rendered":"<p style=\"font-weight: 400;\">O Gana est\u00e1 a refor\u00e7ar a sua fronteira norte com a constru\u00e7\u00e3o de bases operacionais avan\u00e7adas e o envio de tropas para uma cidade conturbada.<\/p>\n<p style=\"font-weight: 400;\">Num discurso durante uma s\u00e9rie sobre responsabilidade governamental em Julho, em Acra, o ent\u00e3o Ministro da Defesa do Gana, Dr. Edward Omane Boamah, anunciou o plano, observando que os grupos terroristas est\u00e3o a ganhar terreno no Burquina Faso e est\u00e3o determinados a avan\u00e7ar para o sul.<\/p>\n<p style=\"font-weight: 400;\">\u201cSe os terroristas vencerem o sistema no Burquina Faso, o Gana ser\u00e1 o pr\u00f3ximo alvo,\u201d avisou Boamah. \u201cE \u00e9 isso que torna muito, muito importante a gest\u00e3o da situa\u00e7\u00e3o no Burquina Faso e arredores. Porque ser\u00e1 um dos pontos de entrada.\u201d<\/p>\n<p style=\"font-weight: 400;\">Tragicamente, Boamah e outras sete pessoas, incluindo o Ministro do Ambiente, Ci\u00eancia e Tecnologia, Ibrahim Murtala Muhammed, morreram num acidente de helic\u00f3ptero a 6 de Agosto. Eles voavam de Acra para Abuasi para um evento sobre minera\u00e7\u00e3o ilegal quando o seu helic\u00f3ptero Z-9 caiu. O presidente John Dramani Mahama disse que o incidente \u201cdeixou a na\u00e7\u00e3o em choque e dor\u201d e que o pa\u00eds observaria tr\u00eas dias de luto.<\/p>\n<p style=\"font-weight: 400;\">Uma base operacional avan\u00e7ada \u00e9 uma instala\u00e7\u00e3o militar usada para apoiar opera\u00e7\u00f5es estrat\u00e9gicas e t\u00e1cticas. Elas geralmente est\u00e3o localizadas mais perto da linha da frente do que as bases principais. Al\u00e9m das bases operacionais avan\u00e7adas, a For\u00e7a A\u00e9rea do Gana anunciou a constru\u00e7\u00e3o de uma base a\u00e9rea t\u00e1ctica em Jogboi, que dar\u00e1 apoio \u00e0s tropas que operam na fronteira norte. Espera-se que ela melhore a vigil\u00e2ncia a\u00e9rea, forne\u00e7a apoio log\u00edstico \u00e0s bases operacionais avan\u00e7adas e aumente a capacidade de resposta militar r\u00e1pida no norte.<\/p>\n<p style=\"font-weight: 400;\">O Gana tamb\u00e9m destacou 400 soldados para a cidade fronteiri\u00e7a de Bawku, que tem sido atingida por surtos de viol\u00eancia \u00e9tnica. Os soldados fazem parte da Opera\u00e7\u00e3o Maidabuuri II, que visa aumentar a presen\u00e7a militar, refor\u00e7ar a recolha de informa\u00e7\u00f5es e promover a colabora\u00e7\u00e3o com as comunidades do nordeste.<\/p>\n<p style=\"font-weight: 400;\">Embora a viol\u00eancia em Bawku seja entre dois grupos \u00e9tnicos, os observadores temem que ela possa dar aos terroristas uma porta de entrada para se infiltrarem no norte do Gana.<\/p>\n<p style=\"font-weight: 400;\">\u201cOs especialistas em seguran\u00e7a temem que esta escalada possa empurrar a regi\u00e3o para uma instabilidade ainda maior \u2014 principalmente porque o Gana fica perto do Burquina Faso, um pa\u00eds desestabilizado por insurg\u00eancias jihadistas,\u201d afirmou o Africa Report num artigo sobre o envio de tropas. \u201cH\u00e1 uma preocupa\u00e7\u00e3o crescente de que grupos violentos do outro lado da fronteira possam explorar as tens\u00f5es \u00e9tnicas, arrastando o Gana para um conflito regional.\u201d<\/p>\n<p style=\"font-weight: 400;\">O Gana \u00e9 um dos poucos pa\u00edses da \u00c1frica Ocidental que n\u00e3o foi atingido por um grande ataque terrorista perpetrado por grupos do Sahel. Num ensaio publicado em Julho de 2025 para o The Conversation, os investigadores de seguran\u00e7a Paa Kwesi Wolseley Prah e Timothy Chanimbe afirmaram que os m\u00e9todos do pa\u00eds deveriam ser replicados em toda a regi\u00e3o. Em 2020, o Gana estabeleceu um quadro nacional de combate ao terrorismo com quatro pilares: prevenir, antecipar, proteger e responder.<\/p>\n<p style=\"font-weight: 400;\">\u201cEsta resili\u00eancia n\u00e3o \u00e9 acidental,\u201d escreveram Prah e Chanimbe. \u201c\u00c9 o resultado de estrat\u00e9gias deliberadas de combate ao terrorismo empregadas pelas institui\u00e7\u00f5es de seguran\u00e7a do Gana.\u201d<\/p>\n<p style=\"font-weight: 400;\">O Gana tem enfatizado a colabora\u00e7\u00e3o interag\u00eancias e o treinamento conjunto envolvendo a Pol\u00edcia, o Servi\u00e7o de Imigra\u00e7\u00e3o, as For\u00e7as Armadas e o Servi\u00e7o Nacional de Intelig\u00eancia. Tem usado tecnologia nas fronteiras para identificar poss\u00edveis terroristas e partilhar as informa\u00e7\u00f5es entre ag\u00eancias governamentais. Tamb\u00e9m enfatiza o envolvimento da comunidade e investe em programas para abordar as causas profundas do terrorismo e da priva\u00e7\u00e3o de direitos nas comunidades fronteiri\u00e7as, afirmam Prah e Chanimbe.<\/p>\n<p><span style=\"font-weight: 400;\">\u201cAborda tanto as amea\u00e7as imediatas quanto as subjacentes,\u201d escreveram os autores. \u201cA capacidade do Gana de equilibrar a preven\u00e7\u00e3o com a seguran\u00e7a oferece solu\u00e7\u00f5es para a estabilidade numa regi\u00e3o geopoliticamente vol\u00e1til.\u201d<\/span><\/p>\n","protected":false},"excerpt":{"rendered":"<p>O Gana est\u00e1 a refor\u00e7ar a sua fronteira norte com a constru\u00e7\u00e3o de bases operacionais avan\u00e7adas e o envio de tropas para uma cidade conturbada. Num discurso durante uma s\u00e9rie sobre responsabilidade governamental em Julho, em Acra, o ent\u00e3o Ministro da Defesa do Gana, Dr. Edward Omane Boamah, anunciou o plano, observando que os grupos<\/p>\n","protected":false},"author":1,"featured_media":130279,"comment_status":"open","ping_status":"closed","sticky":false,"template":"","format":"standard","meta":{"_acf_changed":false,"_monsterinsights_skip_tracking":false,"_monsterinsights_sitenote_active":false,"_monsterinsights_sitenote_note":"","_monsterinsights_sitenote_category":0,"_uf_show_specific_survey":0,"_uf_disable_surveys":false,"footnotes":""},"categories":[363],"tags":[],"class_list":{"0":"post-130281","1":"post","2":"type-post","3":"status-publish","4":"format-standard","5":"has-post-thumbnail","7":"category-melhores-historias"},"acf":[],"yoast_head":"<!-- This site is optimized with the Yoast SEO plugin v27.4 - https:\/\/yoast.com\/product\/yoast-seo-wordpress\/ -->\n<title>Gana Planeia Bases Operacionais Avan\u00e7adas para Fortalecer Fronteiras - Africa Defense Forum<\/title>\n<meta name=\"robots\" content=\"index, follow, max-snippet:-1, max-image-preview:large, max-video-preview:-1\" \/>\n<link rel=\"canonical\" href=\"https:\/\/adf-magazine.com\/pt-pt\/2025\/08\/gana-planeia-bases-operacionais-avancadas-para-fortalecer-fronteiras\/\" \/>\n<meta property=\"og:locale\" content=\"pt_PT\" \/>\n<meta property=\"og:type\" content=\"article\" \/>\n<meta property=\"og:title\" content=\"Gana Planeia Bases Operacionais Avan\u00e7adas para Fortalecer Fronteiras - Africa Defense Forum\" \/>\n<meta property=\"og:description\" content=\"O Gana est\u00e1 a refor\u00e7ar a sua fronteira norte com a constru\u00e7\u00e3o de bases operacionais avan\u00e7adas e o envio de tropas para uma cidade conturbada. Num discurso durante uma s\u00e9rie sobre responsabilidade governamental em Julho, em Acra, o ent\u00e3o Ministro da Defesa do Gana, Dr. Edward Omane Boamah, anunciou o plano, observando que os grupos\" \/>\n<meta property=\"og:url\" content=\"https:\/\/adf-magazine.com\/pt-pt\/2025\/08\/gana-planeia-bases-operacionais-avancadas-para-fortalecer-fronteiras\/\" \/>\n<meta property=\"og:site_name\" content=\"Africa Defense Forum\" \/>\n<meta property=\"article:publisher\" content=\"https:\/\/www.facebook.com\/ADFmagazine\/\" \/>\n<meta property=\"article:published_time\" content=\"2025-08-19T19:07:55+00:00\" \/>\n<meta property=\"article:modified_time\" content=\"2025-08-19T19:08:10+00:00\" \/>\n<meta property=\"og:image\" content=\"https:\/\/adf-magazine.com\/wp-content\/uploads\/2025\/08\/GettyImages-1246834791.jpg\" \/>\n\t<meta property=\"og:image:width\" content=\"1024\" \/>\n\t<meta property=\"og:image:height\" content=\"683\" \/>\n\t<meta property=\"og:image:type\" content=\"image\/jpeg\" \/>\n<meta name=\"author\" content=\"ADF\" \/>\n<meta name=\"twitter:card\" content=\"summary_large_image\" \/>\n<meta name=\"twitter:creator\" content=\"@ADFmagazine\" \/>\n<meta name=\"twitter:site\" content=\"@ADFmagazine\" \/>\n<meta name=\"twitter:label1\" content=\"Escrito por\" \/>\n\t<meta name=\"twitter:data1\" content=\"ADF\" \/>\n\t<meta name=\"twitter:label2\" content=\"Tempo estimado de leitura\" \/>\n\t<meta name=\"twitter:data2\" content=\"3 minutos\" \/>\n<script type=\"application\/ld+json\" class=\"yoast-schema-graph\">{\"@context\":\"https:\\\/\\\/schema.org\",\"@graph\":[{\"@type\":\"Article\",\"@id\":\"https:\\\/\\\/adf-magazine.com\\\/pt-pt\\\/2025\\\/08\\\/gana-planeia-bases-operacionais-avancadas-para-fortalecer-fronteiras\\\/#article\",\"isPartOf\":{\"@id\":\"https:\\\/\\\/adf-magazine.com\\\/pt-pt\\\/2025\\\/08\\\/gana-planeia-bases-operacionais-avancadas-para-fortalecer-fronteiras\\\/\"},\"author\":{\"name\":\"ADF\",\"@id\":\"https:\\\/\\\/adf-magazine.com\\\/#\\\/schema\\\/person\\\/f266a6061389568b5a11465bb38bc025\"},\"headline\":\"Gana Planeia Bases Operacionais Avan\u00e7adas para Fortalecer Fronteiras\",\"datePublished\":\"2025-08-19T19:07:55+00:00\",\"dateModified\":\"2025-08-19T19:08:10+00:00\",\"mainEntityOfPage\":{\"@id\":\"https:\\\/\\\/adf-magazine.com\\\/pt-pt\\\/2025\\\/08\\\/gana-planeia-bases-operacionais-avancadas-para-fortalecer-fronteiras\\\/\"},\"wordCount\":703,\"commentCount\":0,\"image\":{\"@id\":\"https:\\\/\\\/adf-magazine.com\\\/pt-pt\\\/2025\\\/08\\\/gana-planeia-bases-operacionais-avancadas-para-fortalecer-fronteiras\\\/#primaryimage\"},\"thumbnailUrl\":\"https:\\\/\\\/adf-magazine.com\\\/wp-content\\\/uploads\\\/2025\\\/08\\\/GettyImages-1246834791.jpg\",\"articleSection\":[\"Not\u00edcias diaries\"],\"inLanguage\":\"pt-PT\",\"potentialAction\":[{\"@type\":\"CommentAction\",\"name\":\"Comment\",\"target\":[\"https:\\\/\\\/adf-magazine.com\\\/pt-pt\\\/2025\\\/08\\\/gana-planeia-bases-operacionais-avancadas-para-fortalecer-fronteiras\\\/#respond\"]}]},{\"@type\":\"WebPage\",\"@id\":\"https:\\\/\\\/adf-magazine.com\\\/pt-pt\\\/2025\\\/08\\\/gana-planeia-bases-operacionais-avancadas-para-fortalecer-fronteiras\\\/\",\"url\":\"https:\\\/\\\/adf-magazine.com\\\/pt-pt\\\/2025\\\/08\\\/gana-planeia-bases-operacionais-avancadas-para-fortalecer-fronteiras\\\/\",\"name\":\"Gana Planeia Bases Operacionais Avan\u00e7adas para Fortalecer Fronteiras - Africa Defense Forum\",\"isPartOf\":{\"@id\":\"https:\\\/\\\/adf-magazine.com\\\/#website\"},\"primaryImageOfPage\":{\"@id\":\"https:\\\/\\\/adf-magazine.com\\\/pt-pt\\\/2025\\\/08\\\/gana-planeia-bases-operacionais-avancadas-para-fortalecer-fronteiras\\\/#primaryimage\"},\"image\":{\"@id\":\"https:\\\/\\\/adf-magazine.com\\\/pt-pt\\\/2025\\\/08\\\/gana-planeia-bases-operacionais-avancadas-para-fortalecer-fronteiras\\\/#primaryimage\"},\"thumbnailUrl\":\"https:\\\/\\\/adf-magazine.com\\\/wp-content\\\/uploads\\\/2025\\\/08\\\/GettyImages-1246834791.jpg\",\"datePublished\":\"2025-08-19T19:07:55+00:00\",\"dateModified\":\"2025-08-19T19:08:10+00:00\",\"author\":{\"@id\":\"https:\\\/\\\/adf-magazine.com\\\/#\\\/schema\\\/person\\\/f266a6061389568b5a11465bb38bc025\"},\"breadcrumb\":{\"@id\":\"https:\\\/\\\/adf-magazine.com\\\/pt-pt\\\/2025\\\/08\\\/gana-planeia-bases-operacionais-avancadas-para-fortalecer-fronteiras\\\/#breadcrumb\"},\"inLanguage\":\"pt-PT\",\"potentialAction\":[{\"@type\":\"ReadAction\",\"target\":[\"https:\\\/\\\/adf-magazine.com\\\/pt-pt\\\/2025\\\/08\\\/gana-planeia-bases-operacionais-avancadas-para-fortalecer-fronteiras\\\/\"]}]},{\"@type\":\"ImageObject\",\"inLanguage\":\"pt-PT\",\"@id\":\"https:\\\/\\\/adf-magazine.com\\\/pt-pt\\\/2025\\\/08\\\/gana-planeia-bases-operacionais-avancadas-para-fortalecer-fronteiras\\\/#primaryimage\",\"url\":\"https:\\\/\\\/adf-magazine.com\\\/wp-content\\\/uploads\\\/2025\\\/08\\\/GettyImages-1246834791.jpg\",\"contentUrl\":\"https:\\\/\\\/adf-magazine.com\\\/wp-content\\\/uploads\\\/2025\\\/08\\\/GettyImages-1246834791.jpg\",\"width\":1024,\"height\":683,\"caption\":\"Ve\u00edculos blindados est\u00e3o posicionados num posto de controlo militar em Bawku, Gana, perto da fronteira com o Burquina Faso. O Gana est\u00e1 a trabalhar para refor\u00e7ar a sua fronteira norte. AFP\\\/GETTY IMAGES\"},{\"@type\":\"BreadcrumbList\",\"@id\":\"https:\\\/\\\/adf-magazine.com\\\/pt-pt\\\/2025\\\/08\\\/gana-planeia-bases-operacionais-avancadas-para-fortalecer-fronteiras\\\/#breadcrumb\",\"itemListElement\":[{\"@type\":\"ListItem\",\"position\":1,\"name\":\"Home\",\"item\":\"https:\\\/\\\/adf-magazine.com\\\/\"},{\"@type\":\"ListItem\",\"position\":2,\"name\":\"Gana Planeia Bases Operacionais Avan\u00e7adas para Fortalecer Fronteiras\"}]},{\"@type\":\"WebSite\",\"@id\":\"https:\\\/\\\/adf-magazine.com\\\/#website\",\"url\":\"https:\\\/\\\/adf-magazine.com\\\/\",\"name\":\"Africa Defense Forum\",\"description\":\"Africa Defense Forum\",\"potentialAction\":[{\"@type\":\"SearchAction\",\"target\":{\"@type\":\"EntryPoint\",\"urlTemplate\":\"https:\\\/\\\/adf-magazine.com\\\/?s={search_term_string}\"},\"query-input\":{\"@type\":\"PropertyValueSpecification\",\"valueRequired\":true,\"valueName\":\"search_term_string\"}}],\"inLanguage\":\"pt-PT\"},{\"@type\":\"Person\",\"@id\":\"https:\\\/\\\/adf-magazine.com\\\/#\\\/schema\\\/person\\\/f266a6061389568b5a11465bb38bc025\",\"name\":\"ADF\",\"image\":{\"@type\":\"ImageObject\",\"inLanguage\":\"pt-PT\",\"@id\":\"https:\\\/\\\/adf-magazine.com\\\/wp-content\\\/uploads\\\/2020\\\/05\\\/cropped-ADF_icon.jpg\",\"url\":\"https:\\\/\\\/adf-magazine.com\\\/wp-content\\\/uploads\\\/2020\\\/05\\\/cropped-ADF_icon.jpg\",\"contentUrl\":\"https:\\\/\\\/adf-magazine.com\\\/wp-content\\\/uploads\\\/2020\\\/05\\\/cropped-ADF_icon.jpg\",\"caption\":\"ADF\"},\"description\":\"ADF is a professional military magazine published quarterly by U.S. Africa Command to provide an international forum for African security professionals. ADF covers topics such as counter terrorism strategies, security and defense operations, transnational crime, and all other issues affecting peace, stability, and good governance on the African continent.\",\"sameAs\":[\"https:\\\/\\\/x.com\\\/ADFmagazine\"],\"url\":\"https:\\\/\\\/adf-magazine.com\\\/pt-pt\\\/author\\\/adf\\\/\"}]}<\/script>\n<!-- \/ Yoast SEO plugin. -->","yoast_head_json":{"title":"Gana Planeia Bases Operacionais Avan\u00e7adas para Fortalecer Fronteiras - Africa Defense Forum","robots":{"index":"index","follow":"follow","max-snippet":"max-snippet:-1","max-image-preview":"max-image-preview:large","max-video-preview":"max-video-preview:-1"},"canonical":"https:\/\/adf-magazine.com\/pt-pt\/2025\/08\/gana-planeia-bases-operacionais-avancadas-para-fortalecer-fronteiras\/","og_locale":"pt_PT","og_type":"article","og_title":"Gana Planeia Bases Operacionais Avan\u00e7adas para Fortalecer Fronteiras - Africa Defense Forum","og_description":"O Gana est\u00e1 a refor\u00e7ar a sua fronteira norte com a constru\u00e7\u00e3o de bases operacionais avan\u00e7adas e o envio de tropas para uma cidade conturbada. Num discurso durante uma s\u00e9rie sobre responsabilidade governamental em Julho, em Acra, o ent\u00e3o Ministro da Defesa do Gana, Dr. Edward Omane Boamah, anunciou o plano, observando que os grupos","og_url":"https:\/\/adf-magazine.com\/pt-pt\/2025\/08\/gana-planeia-bases-operacionais-avancadas-para-fortalecer-fronteiras\/","og_site_name":"Africa Defense Forum","article_publisher":"https:\/\/www.facebook.com\/ADFmagazine\/","article_published_time":"2025-08-19T19:07:55+00:00","article_modified_time":"2025-08-19T19:08:10+00:00","og_image":[{"width":1024,"height":683,"url":"https:\/\/adf-magazine.com\/wp-content\/uploads\/2025\/08\/GettyImages-1246834791.jpg","type":"image\/jpeg"}],"author":"ADF","twitter_card":"summary_large_image","twitter_creator":"@ADFmagazine","twitter_site":"@ADFmagazine","twitter_misc":{"Escrito por":"ADF","Tempo estimado de leitura":"3 minutos"},"schema":{"@context":"https:\/\/schema.org","@graph":[{"@type":"Article","@id":"https:\/\/adf-magazine.com\/pt-pt\/2025\/08\/gana-planeia-bases-operacionais-avancadas-para-fortalecer-fronteiras\/#article","isPartOf":{"@id":"https:\/\/adf-magazine.com\/pt-pt\/2025\/08\/gana-planeia-bases-operacionais-avancadas-para-fortalecer-fronteiras\/"},"author":{"name":"ADF","@id":"https:\/\/adf-magazine.com\/#\/schema\/person\/f266a6061389568b5a11465bb38bc025"},"headline":"Gana Planeia Bases Operacionais Avan\u00e7adas para Fortalecer Fronteiras","datePublished":"2025-08-19T19:07:55+00:00","dateModified":"2025-08-19T19:08:10+00:00","mainEntityOfPage":{"@id":"https:\/\/adf-magazine.com\/pt-pt\/2025\/08\/gana-planeia-bases-operacionais-avancadas-para-fortalecer-fronteiras\/"},"wordCount":703,"commentCount":0,"image":{"@id":"https:\/\/adf-magazine.com\/pt-pt\/2025\/08\/gana-planeia-bases-operacionais-avancadas-para-fortalecer-fronteiras\/#primaryimage"},"thumbnailUrl":"https:\/\/adf-magazine.com\/wp-content\/uploads\/2025\/08\/GettyImages-1246834791.jpg","articleSection":["Not\u00edcias diaries"],"inLanguage":"pt-PT","potentialAction":[{"@type":"CommentAction","name":"Comment","target":["https:\/\/adf-magazine.com\/pt-pt\/2025\/08\/gana-planeia-bases-operacionais-avancadas-para-fortalecer-fronteiras\/#respond"]}]},{"@type":"WebPage","@id":"https:\/\/adf-magazine.com\/pt-pt\/2025\/08\/gana-planeia-bases-operacionais-avancadas-para-fortalecer-fronteiras\/","url":"https:\/\/adf-magazine.com\/pt-pt\/2025\/08\/gana-planeia-bases-operacionais-avancadas-para-fortalecer-fronteiras\/","name":"Gana Planeia Bases Operacionais Avan\u00e7adas para Fortalecer Fronteiras - Africa Defense Forum","isPartOf":{"@id":"https:\/\/adf-magazine.com\/#website"},"primaryImageOfPage":{"@id":"https:\/\/adf-magazine.com\/pt-pt\/2025\/08\/gana-planeia-bases-operacionais-avancadas-para-fortalecer-fronteiras\/#primaryimage"},"image":{"@id":"https:\/\/adf-magazine.com\/pt-pt\/2025\/08\/gana-planeia-bases-operacionais-avancadas-para-fortalecer-fronteiras\/#primaryimage"},"thumbnailUrl":"https:\/\/adf-magazine.com\/wp-content\/uploads\/2025\/08\/GettyImages-1246834791.jpg","datePublished":"2025-08-19T19:07:55+00:00","dateModified":"2025-08-19T19:08:10+00:00","author":{"@id":"https:\/\/adf-magazine.com\/#\/schema\/person\/f266a6061389568b5a11465bb38bc025"},"breadcrumb":{"@id":"https:\/\/adf-magazine.com\/pt-pt\/2025\/08\/gana-planeia-bases-operacionais-avancadas-para-fortalecer-fronteiras\/#breadcrumb"},"inLanguage":"pt-PT","potentialAction":[{"@type":"ReadAction","target":["https:\/\/adf-magazine.com\/pt-pt\/2025\/08\/gana-planeia-bases-operacionais-avancadas-para-fortalecer-fronteiras\/"]}]},{"@type":"ImageObject","inLanguage":"pt-PT","@id":"https:\/\/adf-magazine.com\/pt-pt\/2025\/08\/gana-planeia-bases-operacionais-avancadas-para-fortalecer-fronteiras\/#primaryimage","url":"https:\/\/adf-magazine.com\/wp-content\/uploads\/2025\/08\/GettyImages-1246834791.jpg","contentUrl":"https:\/\/adf-magazine.com\/wp-content\/uploads\/2025\/08\/GettyImages-1246834791.jpg","width":1024,"height":683,"caption":"Ve\u00edculos blindados est\u00e3o posicionados num posto de controlo militar em Bawku, Gana, perto da fronteira com o Burquina Faso. O Gana est\u00e1 a trabalhar para refor\u00e7ar a sua fronteira norte. AFP\/GETTY IMAGES"},{"@type":"BreadcrumbList","@id":"https:\/\/adf-magazine.com\/pt-pt\/2025\/08\/gana-planeia-bases-operacionais-avancadas-para-fortalecer-fronteiras\/#breadcrumb","itemListElement":[{"@type":"ListItem","position":1,"name":"Home","item":"https:\/\/adf-magazine.com\/"},{"@type":"ListItem","position":2,"name":"Gana Planeia Bases Operacionais Avan\u00e7adas para Fortalecer Fronteiras"}]},{"@type":"WebSite","@id":"https:\/\/adf-magazine.com\/#website","url":"https:\/\/adf-magazine.com\/","name":"Africa Defense Forum","description":"Africa Defense Forum","potentialAction":[{"@type":"SearchAction","target":{"@type":"EntryPoint","urlTemplate":"https:\/\/adf-magazine.com\/?s={search_term_string}"},"query-input":{"@type":"PropertyValueSpecification","valueRequired":true,"valueName":"search_term_string"}}],"inLanguage":"pt-PT"},{"@type":"Person","@id":"https:\/\/adf-magazine.com\/#\/schema\/person\/f266a6061389568b5a11465bb38bc025","name":"ADF","image":{"@type":"ImageObject","inLanguage":"pt-PT","@id":"https:\/\/adf-magazine.com\/wp-content\/uploads\/2020\/05\/cropped-ADF_icon.jpg","url":"https:\/\/adf-magazine.com\/wp-content\/uploads\/2020\/05\/cropped-ADF_icon.jpg","contentUrl":"https:\/\/adf-magazine.com\/wp-content\/uploads\/2020\/05\/cropped-ADF_icon.jpg","caption":"ADF"},"description":"ADF is a professional military magazine published quarterly by U.S. Africa Command to provide an international forum for African security professionals. ADF covers topics such as counter terrorism strategies, security and defense operations, transnational crime, and all other issues affecting peace, stability, and good governance on the African continent.","sameAs":["https:\/\/x.com\/ADFmagazine"],"url":"https:\/\/adf-magazine.com\/pt-pt\/author\/adf\/"}]}},"_links":{"self":[{"href":"https:\/\/adf-magazine.com\/pt-pt\/wp-json\/wp\/v2\/posts\/130281","targetHints":{"allow":["GET"]}}],"collection":[{"href":"https:\/\/adf-magazine.com\/pt-pt\/wp-json\/wp\/v2\/posts"}],"about":[{"href":"https:\/\/adf-magazine.com\/pt-pt\/wp-json\/wp\/v2\/types\/post"}],"author":[{"embeddable":true,"href":"https:\/\/adf-magazine.com\/pt-pt\/wp-json\/wp\/v2\/users\/1"}],"replies":[{"embeddable":true,"href":"https:\/\/adf-magazine.com\/pt-pt\/wp-json\/wp\/v2\/comments?post=130281"}],"version-history":[{"count":0,"href":"https:\/\/adf-magazine.com\/pt-pt\/wp-json\/wp\/v2\/posts\/130281\/revisions"}],"wp:featuredmedia":[{"embeddable":true,"href":"https:\/\/adf-magazine.com\/pt-pt\/wp-json\/wp\/v2\/media\/130279"}],"wp:attachment":[{"href":"https:\/\/adf-magazine.com\/pt-pt\/wp-json\/wp\/v2\/media?parent=130281"}],"wp:term":[{"taxonomy":"category","embeddable":true,"href":"https:\/\/adf-magazine.com\/pt-pt\/wp-json\/wp\/v2\/categories?post=130281"},{"taxonomy":"post_tag","embeddable":true,"href":"https:\/\/adf-magazine.com\/pt-pt\/wp-json\/wp\/v2\/tags?post=130281"}],"curies":[{"name":"wp","href":"https:\/\/api.w.org\/{rel}","templated":true}]}}