{"id":129720,"date":"2025-08-04T11:42:10","date_gmt":"2025-08-04T15:42:10","guid":{"rendered":"https:\/\/adf-magazine.com\/?p=129720"},"modified":"2025-08-11T10:14:40","modified_gmt":"2025-08-11T14:14:40","slug":"soldados-quenianos-combatem-incendio-e-recuperam-a-esperanca-na-regiao-em-conflito","status":"publish","type":"post","link":"https:\/\/adf-magazine.com\/pt-pt\/2025\/08\/soldados-quenianos-combatem-incendio-e-recuperam-a-esperanca-na-regiao-em-conflito\/","title":{"rendered":"Soldados Quenianos Combatem Inc\u00eandio E Recuperam A Esperan\u00e7a Na Regi\u00e3o Em Conflito"},"content":{"rendered":"<p class=\"p1\"><span class=\"s1\">Q<\/span><span class=\"s1\">uando um grande inc\u00eandio florestal irrompeu na Reserva Nacional de Turkana South, no Qu\u00e9nia, os soldados da Opera\u00e7\u00e3o Maliza Uhalifu (OMU) das For\u00e7as de Defesa do Qu\u00e9nia (KDF) estavam no local para conter as chamas e salvar terras, propriedades e vidas.<\/span><\/p>\n<p class=\"p3\"><span class=\"s1\">A resposta multissectorial ao inc\u00eandio em Janeiro de 2025 tamb\u00e9m incluiu o Servi\u00e7o de Vida Selvagem do Qu\u00e9nia, a Unidade de Servi\u00e7os Gerais, o Servi\u00e7o de Parques Nacionais e a Unidade Anti-Roubo de Gado.<\/span><\/p>\n<p class=\"p3\"><span class=\"s1\">A resposta foi apenas a mais recente conquista da OMU, que foi lan\u00e7ada em 2023 para combater o banditismo nas regi\u00f5es de North Rift e Eastern. Particularmente preocupante foi o aumento dos confrontos entre mil\u00edcias pastorais fortemente armadas, por vezes denominadas \u201csenhores da guerra do gado,\u201d que roubam gado e aterrorizam as comunidades.<\/span><\/p>\n<p class=\"p3\"><span class=\"s1\"> Durante o primeiro ano da OMU, a viol\u00eancia dos pastores diminuiu 50%, de acordo com o projecto de Localiza\u00e7\u00e3o de Conflitos Armados e Dados de Eventos (ACLED). \u201cA opera\u00e7\u00e3o foi caracterizada por toques de recolher do anoitecer ao amanhecer, rastreamento de mil\u00edcias e apreens\u00e3o de gado roubado,\u201d relatou o ACLED em 2024.<\/span><\/p>\n<p class=\"p3\"><span class=\"s1\">A regi\u00e3o tamb\u00e9m registou uma queda de 60% no roubo de gado entre Fevereiro de 2023 e o final de 2024, informou o Minist\u00e9rio do Interior. Em Dezembro de 2024, uma opera\u00e7\u00e3o policial recuperou 172 armas de fogo ilegais e mais de 10.000 animais roubados. A opera\u00e7\u00e3o resultou na pris\u00e3o e acusa\u00e7\u00e3o de 250 suspeitos.<\/span><\/p>\n<p class=\"p3\"><span class=\"s1\">\u201cA situa\u00e7\u00e3o de seguran\u00e7a em North Rift melhorou significativamente, gra\u00e7as aos esfor\u00e7os desta abordagem multissectorial,\u201d disse o Minist\u00e9rio do Interior. \u201cOs agentes de seguran\u00e7a no terreno conseguiram desarmar centenas de bandidos, desmantelar os seus esconderijos no terreno acidentado e restaurar a estabilidade nas comunidades afectadas.\u201d<\/span><\/p>\n<p class=\"p3\"><span class=\"s1\">As KDF tamb\u00e9m est\u00e3o a trabalhar para restaurar a vida civil normal na regi\u00e3o. O governo reservou 100 milh\u00f5es de xelins quenianos para renovar e reabrir escolas fechadas devido \u00e0 viol\u00eancia. As KDF est\u00e3o a liderar os esfor\u00e7os e 26 escolas foram reabertas, permitindo que 4.000 crian\u00e7as voltassem \u00e0 escola, informou o jornal The Star, do Qu\u00e9nia.<\/span><\/p>\n<p class=\"p3\"><span class=\"s1\"> \u201cEmbora comemoremos o progresso alcan\u00e7ado, 13 escolas continuam fechadas e os alunos foram transferidos para outras escolas,\u201d disse o Minist\u00e9rio do Interior. \u201cReconhecemos que o caminho para a paz duradoura est\u00e1 em curso e, \u00e0 medida que avan\u00e7amos com a Opera\u00e7\u00e3o Maliza Uhalifu, continuaremos a construir sobre estes ganhos para um North Rift seguro e um Qu\u00e9nia seguro.\u201d<\/span><\/p>\n","protected":false},"excerpt":{"rendered":"<p>Quando um grande inc\u00eandio florestal irrompeu na Reserva Nacional de Turkana South, no Qu\u00e9nia, os soldados da Opera\u00e7\u00e3o Maliza Uhalifu (OMU) das For\u00e7as de Defesa do Qu\u00e9nia (KDF) estavam no local para conter as chamas e salvar terras, propriedades e vidas. A resposta multissectorial ao inc\u00eandio em Janeiro de 2025 tamb\u00e9m incluiu o Servi\u00e7o de<\/p>\n","protected":false},"author":1,"featured_media":129407,"comment_status":"open","ping_status":"closed","sticky":false,"template":"","format":"standard","meta":{"_acf_changed":false,"_monsterinsights_skip_tracking":false,"_monsterinsights_sitenote_active":false,"_monsterinsights_sitenote_note":"","_monsterinsights_sitenote_category":0,"_uf_show_specific_survey":0,"_uf_disable_surveys":false,"footnotes":""},"categories":[335,341],"tags":[],"class_list":{"0":"post-129720","1":"post","2":"type-post","3":"status-publish","4":"format-standard","5":"has-post-thumbnail","7":"category-colunas","8":"category-defesa-e-seguranca"},"acf":[],"yoast_head":"<!-- This site is optimized with the Yoast SEO plugin v27.4 - https:\/\/yoast.com\/product\/yoast-seo-wordpress\/ -->\n<title>Soldados Quenianos Combatem Inc\u00eandio E Recuperam A Esperan\u00e7a Na Regi\u00e3o Em Conflito - Africa Defense Forum<\/title>\n<meta name=\"robots\" content=\"index, follow, max-snippet:-1, max-image-preview:large, max-video-preview:-1\" \/>\n<link rel=\"canonical\" href=\"https:\/\/adf-magazine.com\/pt-pt\/2025\/08\/soldados-quenianos-combatem-incendio-e-recuperam-a-esperanca-na-regiao-em-conflito\/\" \/>\n<meta property=\"og:locale\" content=\"pt_PT\" \/>\n<meta property=\"og:type\" content=\"article\" \/>\n<meta property=\"og:title\" content=\"Soldados Quenianos Combatem Inc\u00eandio E Recuperam A Esperan\u00e7a Na Regi\u00e3o Em Conflito - Africa Defense Forum\" \/>\n<meta property=\"og:description\" content=\"Quando um grande inc\u00eandio florestal irrompeu na Reserva Nacional de Turkana South, no Qu\u00e9nia, os soldados da Opera\u00e7\u00e3o Maliza Uhalifu (OMU) das For\u00e7as de Defesa do Qu\u00e9nia (KDF) estavam no local para conter as chamas e salvar terras, propriedades e vidas. A resposta multissectorial ao inc\u00eandio em Janeiro de 2025 tamb\u00e9m incluiu o Servi\u00e7o de\" \/>\n<meta property=\"og:url\" content=\"https:\/\/adf-magazine.com\/pt-pt\/2025\/08\/soldados-quenianos-combatem-incendio-e-recuperam-a-esperanca-na-regiao-em-conflito\/\" \/>\n<meta property=\"og:site_name\" content=\"Africa Defense Forum\" \/>\n<meta property=\"article:publisher\" content=\"https:\/\/www.facebook.com\/ADFmagazine\/\" \/>\n<meta property=\"article:published_time\" content=\"2025-08-04T15:42:10+00:00\" \/>\n<meta property=\"article:modified_time\" content=\"2025-08-11T14:14:40+00:00\" \/>\n<meta property=\"og:image\" content=\"https:\/\/adf-magazine.com\/wp-content\/uploads\/2025\/08\/486825422.jpg\" \/>\n\t<meta property=\"og:image:width\" content=\"1080\" \/>\n\t<meta property=\"og:image:height\" content=\"758\" \/>\n\t<meta property=\"og:image:type\" content=\"image\/jpeg\" \/>\n<meta name=\"author\" content=\"ADF\" \/>\n<meta name=\"twitter:card\" content=\"summary_large_image\" \/>\n<meta name=\"twitter:creator\" content=\"@ADFmagazine\" \/>\n<meta name=\"twitter:site\" content=\"@ADFmagazine\" \/>\n<meta name=\"twitter:label1\" content=\"Escrito por\" \/>\n\t<meta name=\"twitter:data1\" content=\"ADF\" \/>\n\t<meta name=\"twitter:label2\" content=\"Tempo estimado de leitura\" \/>\n\t<meta name=\"twitter:data2\" content=\"2 minutos\" \/>\n<script type=\"application\/ld+json\" class=\"yoast-schema-graph\">{\"@context\":\"https:\\\/\\\/schema.org\",\"@graph\":[{\"@type\":\"Article\",\"@id\":\"https:\\\/\\\/adf-magazine.com\\\/pt-pt\\\/2025\\\/08\\\/soldados-quenianos-combatem-incendio-e-recuperam-a-esperanca-na-regiao-em-conflito\\\/#article\",\"isPartOf\":{\"@id\":\"https:\\\/\\\/adf-magazine.com\\\/pt-pt\\\/2025\\\/08\\\/soldados-quenianos-combatem-incendio-e-recuperam-a-esperanca-na-regiao-em-conflito\\\/\"},\"author\":{\"name\":\"ADF\",\"@id\":\"https:\\\/\\\/adf-magazine.com\\\/#\\\/schema\\\/person\\\/f266a6061389568b5a11465bb38bc025\"},\"headline\":\"Soldados Quenianos Combatem Inc\u00eandio E Recuperam A Esperan\u00e7a Na Regi\u00e3o Em Conflito\",\"datePublished\":\"2025-08-04T15:42:10+00:00\",\"dateModified\":\"2025-08-11T14:14:40+00:00\",\"mainEntityOfPage\":{\"@id\":\"https:\\\/\\\/adf-magazine.com\\\/pt-pt\\\/2025\\\/08\\\/soldados-quenianos-combatem-incendio-e-recuperam-a-esperanca-na-regiao-em-conflito\\\/\"},\"wordCount\":439,\"commentCount\":0,\"image\":{\"@id\":\"https:\\\/\\\/adf-magazine.com\\\/pt-pt\\\/2025\\\/08\\\/soldados-quenianos-combatem-incendio-e-recuperam-a-esperanca-na-regiao-em-conflito\\\/#primaryimage\"},\"thumbnailUrl\":\"https:\\\/\\\/adf-magazine.com\\\/wp-content\\\/uploads\\\/2025\\\/08\\\/486825422.jpg\",\"articleSection\":[\"Colunas\",\"Defesa e Seguran\u00e7a\"],\"inLanguage\":\"pt-PT\",\"potentialAction\":[{\"@type\":\"CommentAction\",\"name\":\"Comment\",\"target\":[\"https:\\\/\\\/adf-magazine.com\\\/pt-pt\\\/2025\\\/08\\\/soldados-quenianos-combatem-incendio-e-recuperam-a-esperanca-na-regiao-em-conflito\\\/#respond\"]}]},{\"@type\":\"WebPage\",\"@id\":\"https:\\\/\\\/adf-magazine.com\\\/pt-pt\\\/2025\\\/08\\\/soldados-quenianos-combatem-incendio-e-recuperam-a-esperanca-na-regiao-em-conflito\\\/\",\"url\":\"https:\\\/\\\/adf-magazine.com\\\/pt-pt\\\/2025\\\/08\\\/soldados-quenianos-combatem-incendio-e-recuperam-a-esperanca-na-regiao-em-conflito\\\/\",\"name\":\"Soldados Quenianos Combatem Inc\u00eandio E Recuperam A Esperan\u00e7a Na Regi\u00e3o Em Conflito - Africa Defense Forum\",\"isPartOf\":{\"@id\":\"https:\\\/\\\/adf-magazine.com\\\/#website\"},\"primaryImageOfPage\":{\"@id\":\"https:\\\/\\\/adf-magazine.com\\\/pt-pt\\\/2025\\\/08\\\/soldados-quenianos-combatem-incendio-e-recuperam-a-esperanca-na-regiao-em-conflito\\\/#primaryimage\"},\"image\":{\"@id\":\"https:\\\/\\\/adf-magazine.com\\\/pt-pt\\\/2025\\\/08\\\/soldados-quenianos-combatem-incendio-e-recuperam-a-esperanca-na-regiao-em-conflito\\\/#primaryimage\"},\"thumbnailUrl\":\"https:\\\/\\\/adf-magazine.com\\\/wp-content\\\/uploads\\\/2025\\\/08\\\/486825422.jpg\",\"datePublished\":\"2025-08-04T15:42:10+00:00\",\"dateModified\":\"2025-08-11T14:14:40+00:00\",\"author\":{\"@id\":\"https:\\\/\\\/adf-magazine.com\\\/#\\\/schema\\\/person\\\/f266a6061389568b5a11465bb38bc025\"},\"breadcrumb\":{\"@id\":\"https:\\\/\\\/adf-magazine.com\\\/pt-pt\\\/2025\\\/08\\\/soldados-quenianos-combatem-incendio-e-recuperam-a-esperanca-na-regiao-em-conflito\\\/#breadcrumb\"},\"inLanguage\":\"pt-PT\",\"potentialAction\":[{\"@type\":\"ReadAction\",\"target\":[\"https:\\\/\\\/adf-magazine.com\\\/pt-pt\\\/2025\\\/08\\\/soldados-quenianos-combatem-incendio-e-recuperam-a-esperanca-na-regiao-em-conflito\\\/\"]}]},{\"@type\":\"ImageObject\",\"inLanguage\":\"pt-PT\",\"@id\":\"https:\\\/\\\/adf-magazine.com\\\/pt-pt\\\/2025\\\/08\\\/soldados-quenianos-combatem-incendio-e-recuperam-a-esperanca-na-regiao-em-conflito\\\/#primaryimage\",\"url\":\"https:\\\/\\\/adf-magazine.com\\\/wp-content\\\/uploads\\\/2025\\\/08\\\/486825422.jpg\",\"contentUrl\":\"https:\\\/\\\/adf-magazine.com\\\/wp-content\\\/uploads\\\/2025\\\/08\\\/486825422.jpg\",\"width\":1080,\"height\":758,\"caption\":\"Um soldado das For\u00e7as de Defesa do Qu\u00e9nia, da Opera\u00e7\u00e3o Maliza Uhalifu, combate um inc\u00eandio na Reserva Nacional de Turkana Sul. KDF\"},{\"@type\":\"BreadcrumbList\",\"@id\":\"https:\\\/\\\/adf-magazine.com\\\/pt-pt\\\/2025\\\/08\\\/soldados-quenianos-combatem-incendio-e-recuperam-a-esperanca-na-regiao-em-conflito\\\/#breadcrumb\",\"itemListElement\":[{\"@type\":\"ListItem\",\"position\":1,\"name\":\"Home\",\"item\":\"https:\\\/\\\/adf-magazine.com\\\/\"},{\"@type\":\"ListItem\",\"position\":2,\"name\":\"Soldados Quenianos Combatem Inc\u00eandio E Recuperam A Esperan\u00e7a Na Regi\u00e3o Em Conflito\"}]},{\"@type\":\"WebSite\",\"@id\":\"https:\\\/\\\/adf-magazine.com\\\/#website\",\"url\":\"https:\\\/\\\/adf-magazine.com\\\/\",\"name\":\"Africa Defense Forum\",\"description\":\"Africa Defense Forum\",\"potentialAction\":[{\"@type\":\"SearchAction\",\"target\":{\"@type\":\"EntryPoint\",\"urlTemplate\":\"https:\\\/\\\/adf-magazine.com\\\/?s={search_term_string}\"},\"query-input\":{\"@type\":\"PropertyValueSpecification\",\"valueRequired\":true,\"valueName\":\"search_term_string\"}}],\"inLanguage\":\"pt-PT\"},{\"@type\":\"Person\",\"@id\":\"https:\\\/\\\/adf-magazine.com\\\/#\\\/schema\\\/person\\\/f266a6061389568b5a11465bb38bc025\",\"name\":\"ADF\",\"image\":{\"@type\":\"ImageObject\",\"inLanguage\":\"pt-PT\",\"@id\":\"https:\\\/\\\/adf-magazine.com\\\/wp-content\\\/uploads\\\/2020\\\/05\\\/cropped-ADF_icon.jpg\",\"url\":\"https:\\\/\\\/adf-magazine.com\\\/wp-content\\\/uploads\\\/2020\\\/05\\\/cropped-ADF_icon.jpg\",\"contentUrl\":\"https:\\\/\\\/adf-magazine.com\\\/wp-content\\\/uploads\\\/2020\\\/05\\\/cropped-ADF_icon.jpg\",\"caption\":\"ADF\"},\"description\":\"ADF is a professional military magazine published quarterly by U.S. Africa Command to provide an international forum for African security professionals. ADF covers topics such as counter terrorism strategies, security and defense operations, transnational crime, and all other issues affecting peace, stability, and good governance on the African continent.\",\"sameAs\":[\"https:\\\/\\\/x.com\\\/ADFmagazine\"],\"url\":\"https:\\\/\\\/adf-magazine.com\\\/pt-pt\\\/author\\\/adf\\\/\"}]}<\/script>\n<!-- \/ Yoast SEO plugin. -->","yoast_head_json":{"title":"Soldados Quenianos Combatem Inc\u00eandio E Recuperam A Esperan\u00e7a Na Regi\u00e3o Em Conflito - Africa Defense Forum","robots":{"index":"index","follow":"follow","max-snippet":"max-snippet:-1","max-image-preview":"max-image-preview:large","max-video-preview":"max-video-preview:-1"},"canonical":"https:\/\/adf-magazine.com\/pt-pt\/2025\/08\/soldados-quenianos-combatem-incendio-e-recuperam-a-esperanca-na-regiao-em-conflito\/","og_locale":"pt_PT","og_type":"article","og_title":"Soldados Quenianos Combatem Inc\u00eandio E Recuperam A Esperan\u00e7a Na Regi\u00e3o Em Conflito - Africa Defense Forum","og_description":"Quando um grande inc\u00eandio florestal irrompeu na Reserva Nacional de Turkana South, no Qu\u00e9nia, os soldados da Opera\u00e7\u00e3o Maliza Uhalifu (OMU) das For\u00e7as de Defesa do Qu\u00e9nia (KDF) estavam no local para conter as chamas e salvar terras, propriedades e vidas. A resposta multissectorial ao inc\u00eandio em Janeiro de 2025 tamb\u00e9m incluiu o Servi\u00e7o de","og_url":"https:\/\/adf-magazine.com\/pt-pt\/2025\/08\/soldados-quenianos-combatem-incendio-e-recuperam-a-esperanca-na-regiao-em-conflito\/","og_site_name":"Africa Defense Forum","article_publisher":"https:\/\/www.facebook.com\/ADFmagazine\/","article_published_time":"2025-08-04T15:42:10+00:00","article_modified_time":"2025-08-11T14:14:40+00:00","og_image":[{"width":1080,"height":758,"url":"https:\/\/adf-magazine.com\/wp-content\/uploads\/2025\/08\/486825422.jpg","type":"image\/jpeg"}],"author":"ADF","twitter_card":"summary_large_image","twitter_creator":"@ADFmagazine","twitter_site":"@ADFmagazine","twitter_misc":{"Escrito por":"ADF","Tempo estimado de leitura":"2 minutos"},"schema":{"@context":"https:\/\/schema.org","@graph":[{"@type":"Article","@id":"https:\/\/adf-magazine.com\/pt-pt\/2025\/08\/soldados-quenianos-combatem-incendio-e-recuperam-a-esperanca-na-regiao-em-conflito\/#article","isPartOf":{"@id":"https:\/\/adf-magazine.com\/pt-pt\/2025\/08\/soldados-quenianos-combatem-incendio-e-recuperam-a-esperanca-na-regiao-em-conflito\/"},"author":{"name":"ADF","@id":"https:\/\/adf-magazine.com\/#\/schema\/person\/f266a6061389568b5a11465bb38bc025"},"headline":"Soldados Quenianos Combatem Inc\u00eandio E Recuperam A Esperan\u00e7a Na Regi\u00e3o Em Conflito","datePublished":"2025-08-04T15:42:10+00:00","dateModified":"2025-08-11T14:14:40+00:00","mainEntityOfPage":{"@id":"https:\/\/adf-magazine.com\/pt-pt\/2025\/08\/soldados-quenianos-combatem-incendio-e-recuperam-a-esperanca-na-regiao-em-conflito\/"},"wordCount":439,"commentCount":0,"image":{"@id":"https:\/\/adf-magazine.com\/pt-pt\/2025\/08\/soldados-quenianos-combatem-incendio-e-recuperam-a-esperanca-na-regiao-em-conflito\/#primaryimage"},"thumbnailUrl":"https:\/\/adf-magazine.com\/wp-content\/uploads\/2025\/08\/486825422.jpg","articleSection":["Colunas","Defesa e Seguran\u00e7a"],"inLanguage":"pt-PT","potentialAction":[{"@type":"CommentAction","name":"Comment","target":["https:\/\/adf-magazine.com\/pt-pt\/2025\/08\/soldados-quenianos-combatem-incendio-e-recuperam-a-esperanca-na-regiao-em-conflito\/#respond"]}]},{"@type":"WebPage","@id":"https:\/\/adf-magazine.com\/pt-pt\/2025\/08\/soldados-quenianos-combatem-incendio-e-recuperam-a-esperanca-na-regiao-em-conflito\/","url":"https:\/\/adf-magazine.com\/pt-pt\/2025\/08\/soldados-quenianos-combatem-incendio-e-recuperam-a-esperanca-na-regiao-em-conflito\/","name":"Soldados Quenianos Combatem Inc\u00eandio E Recuperam A Esperan\u00e7a Na Regi\u00e3o Em Conflito - Africa Defense Forum","isPartOf":{"@id":"https:\/\/adf-magazine.com\/#website"},"primaryImageOfPage":{"@id":"https:\/\/adf-magazine.com\/pt-pt\/2025\/08\/soldados-quenianos-combatem-incendio-e-recuperam-a-esperanca-na-regiao-em-conflito\/#primaryimage"},"image":{"@id":"https:\/\/adf-magazine.com\/pt-pt\/2025\/08\/soldados-quenianos-combatem-incendio-e-recuperam-a-esperanca-na-regiao-em-conflito\/#primaryimage"},"thumbnailUrl":"https:\/\/adf-magazine.com\/wp-content\/uploads\/2025\/08\/486825422.jpg","datePublished":"2025-08-04T15:42:10+00:00","dateModified":"2025-08-11T14:14:40+00:00","author":{"@id":"https:\/\/adf-magazine.com\/#\/schema\/person\/f266a6061389568b5a11465bb38bc025"},"breadcrumb":{"@id":"https:\/\/adf-magazine.com\/pt-pt\/2025\/08\/soldados-quenianos-combatem-incendio-e-recuperam-a-esperanca-na-regiao-em-conflito\/#breadcrumb"},"inLanguage":"pt-PT","potentialAction":[{"@type":"ReadAction","target":["https:\/\/adf-magazine.com\/pt-pt\/2025\/08\/soldados-quenianos-combatem-incendio-e-recuperam-a-esperanca-na-regiao-em-conflito\/"]}]},{"@type":"ImageObject","inLanguage":"pt-PT","@id":"https:\/\/adf-magazine.com\/pt-pt\/2025\/08\/soldados-quenianos-combatem-incendio-e-recuperam-a-esperanca-na-regiao-em-conflito\/#primaryimage","url":"https:\/\/adf-magazine.com\/wp-content\/uploads\/2025\/08\/486825422.jpg","contentUrl":"https:\/\/adf-magazine.com\/wp-content\/uploads\/2025\/08\/486825422.jpg","width":1080,"height":758,"caption":"Um soldado das For\u00e7as de Defesa do Qu\u00e9nia, da Opera\u00e7\u00e3o Maliza Uhalifu, combate um inc\u00eandio na Reserva Nacional de Turkana Sul. KDF"},{"@type":"BreadcrumbList","@id":"https:\/\/adf-magazine.com\/pt-pt\/2025\/08\/soldados-quenianos-combatem-incendio-e-recuperam-a-esperanca-na-regiao-em-conflito\/#breadcrumb","itemListElement":[{"@type":"ListItem","position":1,"name":"Home","item":"https:\/\/adf-magazine.com\/"},{"@type":"ListItem","position":2,"name":"Soldados Quenianos Combatem Inc\u00eandio E Recuperam A Esperan\u00e7a Na Regi\u00e3o Em Conflito"}]},{"@type":"WebSite","@id":"https:\/\/adf-magazine.com\/#website","url":"https:\/\/adf-magazine.com\/","name":"Africa Defense Forum","description":"Africa Defense Forum","potentialAction":[{"@type":"SearchAction","target":{"@type":"EntryPoint","urlTemplate":"https:\/\/adf-magazine.com\/?s={search_term_string}"},"query-input":{"@type":"PropertyValueSpecification","valueRequired":true,"valueName":"search_term_string"}}],"inLanguage":"pt-PT"},{"@type":"Person","@id":"https:\/\/adf-magazine.com\/#\/schema\/person\/f266a6061389568b5a11465bb38bc025","name":"ADF","image":{"@type":"ImageObject","inLanguage":"pt-PT","@id":"https:\/\/adf-magazine.com\/wp-content\/uploads\/2020\/05\/cropped-ADF_icon.jpg","url":"https:\/\/adf-magazine.com\/wp-content\/uploads\/2020\/05\/cropped-ADF_icon.jpg","contentUrl":"https:\/\/adf-magazine.com\/wp-content\/uploads\/2020\/05\/cropped-ADF_icon.jpg","caption":"ADF"},"description":"ADF is a professional military magazine published quarterly by U.S. Africa Command to provide an international forum for African security professionals. ADF covers topics such as counter terrorism strategies, security and defense operations, transnational crime, and all other issues affecting peace, stability, and good governance on the African continent.","sameAs":["https:\/\/x.com\/ADFmagazine"],"url":"https:\/\/adf-magazine.com\/pt-pt\/author\/adf\/"}]}},"_links":{"self":[{"href":"https:\/\/adf-magazine.com\/pt-pt\/wp-json\/wp\/v2\/posts\/129720","targetHints":{"allow":["GET"]}}],"collection":[{"href":"https:\/\/adf-magazine.com\/pt-pt\/wp-json\/wp\/v2\/posts"}],"about":[{"href":"https:\/\/adf-magazine.com\/pt-pt\/wp-json\/wp\/v2\/types\/post"}],"author":[{"embeddable":true,"href":"https:\/\/adf-magazine.com\/pt-pt\/wp-json\/wp\/v2\/users\/1"}],"replies":[{"embeddable":true,"href":"https:\/\/adf-magazine.com\/pt-pt\/wp-json\/wp\/v2\/comments?post=129720"}],"version-history":[{"count":0,"href":"https:\/\/adf-magazine.com\/pt-pt\/wp-json\/wp\/v2\/posts\/129720\/revisions"}],"wp:featuredmedia":[{"embeddable":true,"href":"https:\/\/adf-magazine.com\/pt-pt\/wp-json\/wp\/v2\/media\/129407"}],"wp:attachment":[{"href":"https:\/\/adf-magazine.com\/pt-pt\/wp-json\/wp\/v2\/media?parent=129720"}],"wp:term":[{"taxonomy":"category","embeddable":true,"href":"https:\/\/adf-magazine.com\/pt-pt\/wp-json\/wp\/v2\/categories?post=129720"},{"taxonomy":"post_tag","embeddable":true,"href":"https:\/\/adf-magazine.com\/pt-pt\/wp-json\/wp\/v2\/tags?post=129720"}],"curies":[{"name":"wp","href":"https:\/\/api.w.org\/{rel}","templated":true}]}}