{"id":129712,"date":"2025-08-04T11:38:14","date_gmt":"2025-08-04T15:38:14","guid":{"rendered":"https:\/\/adf-magazine.com\/?p=129712"},"modified":"2025-08-11T10:14:41","modified_gmt":"2025-08-11T14:14:41","slug":"le-general-birame-diop-chef-de-letat-major-de-defense-des-forces-armees-du-senegal-remet-des-diplomes-aux-techniciens-de-maintenance-aeronautique-dirpa","status":"publish","type":"post","link":"https:\/\/adf-magazine.com\/pt-pt\/2025\/08\/le-general-birame-diop-chef-de-letat-major-de-defense-des-forces-armees-du-senegal-remet-des-diplomes-aux-techniciens-de-maintenance-aeronautique-dirpa\/","title":{"rendered":"Le g\u00e9n\u00e9ral Birame Diop, chef de l\u2019\u00e9tat-major de d\u00e9fense des Forces arm\u00e9es du S\u00e9n\u00e9gal, remet des dipl\u00f4mes aux techniciens de maintenance a\u00e9ronautique.  DIRPA"},"content":{"rendered":"<p class=\"p1\"><span class=\"s1\">O <\/span><span class=\"s1\">Senegal formou os seus primeiros t\u00e9cnicos civis de manuten\u00e7\u00e3o aeron\u00e1utica formados pela Escola da For\u00e7a A\u00e9rea para impulsionar a ind\u00fastria da avia\u00e7\u00e3o do pa\u00eds, refor\u00e7ar o sector da defesa e melhorar a auto-sufici\u00eancia.<\/span><\/p>\n<p class=\"p3\">Os primeiros 29 t\u00e9cnicos de manuten\u00e7\u00e3o aeron\u00e1utica receberam os seus diplomas em Janeiro de 2025, durante uma cerim\u00f3nia em Thi\u00e8s. A gradua\u00e7\u00e3o \u00e9 o resultado do que est\u00e1 a ser chamado de uma parceria p\u00fablico-privada hist\u00f3rica, destinada a aumentar a capacidade interna do Senegal para reparar aeronaves e construir os avi\u00f5es do futuro.<\/p>\n<p class=\"p3\">\u201c\u00c9 a concretiza\u00e7\u00e3o de uma vis\u00e3o, a de preparar os nossos jovens para os desafios do sector aeron\u00e1utico e de inscrever definitivamente o Senegal no mapa mundial da avia\u00e7\u00e3o,\u201d o Coronel Ousmane Ngom, comandante da Base da Escola de Thi\u00e8s, disse na cerim\u00f3nia de gradua\u00e7\u00e3o.<\/p>\n<p class=\"p3\">A escola estabeleceu uma parceria com a Air Senegal e o Aeroporto Internacional Blaise Diagne, em Dakar. Os t\u00e9cnicos, juntamente com 11 pilotos da turma de formandos, ir\u00e3o trabalhar para a Air Senegal.<\/p>\n<p class=\"p3\">\u201cEste projecto \u00e9 um exemplo de coopera\u00e7\u00e3o que se enquadra perfeitamente no conceito de Arm\u00e9e-Nation, t\u00e3o caro ao nosso pa\u00eds,\u201d disse o General Birame Diop, chefe do Estado-Maior das For\u00e7as Armadas do Senegal.<\/p>\n<p class=\"p3\">Diop disse que o pa\u00eds pretende tornar-se um importante centro a\u00e9reo global. \u201cAo combinar a experi\u00eancia, o material e as finan\u00e7as da For\u00e7a A\u00e9rea e dos seus parceiros civis, o Senegal aumenta a sua capacidade de formar jovens qualificados e capazes de responder a necessidades estrat\u00e9gicas como a aeroespacial,\u201d explicou.<\/p>\n","protected":false},"excerpt":{"rendered":"<p>O Senegal formou os seus primeiros t\u00e9cnicos civis de manuten\u00e7\u00e3o aeron\u00e1utica formados pela Escola da For\u00e7a A\u00e9rea para impulsionar a ind\u00fastria da avia\u00e7\u00e3o do pa\u00eds, refor\u00e7ar o sector da defesa e melhorar a auto-sufici\u00eancia. Os primeiros 29 t\u00e9cnicos de manuten\u00e7\u00e3o aeron\u00e1utica receberam os seus diplomas em Janeiro de 2025, durante uma cerim\u00f3nia em Thi\u00e8s. A<\/p>\n","protected":false},"author":1,"featured_media":129415,"comment_status":"open","ping_status":"closed","sticky":false,"template":"","format":"standard","meta":{"_acf_changed":false,"_monsterinsights_skip_tracking":false,"_monsterinsights_sitenote_active":false,"_monsterinsights_sitenote_note":"","_monsterinsights_sitenote_category":0,"_uf_show_specific_survey":0,"_uf_disable_surveys":false,"footnotes":""},"categories":[335,341],"tags":[],"class_list":{"0":"post-129712","1":"post","2":"type-post","3":"status-publish","4":"format-standard","5":"has-post-thumbnail","7":"category-colunas","8":"category-defesa-e-seguranca"},"acf":[],"yoast_head":"<!-- This site is optimized with the Yoast SEO plugin v27.4 - https:\/\/yoast.com\/product\/yoast-seo-wordpress\/ -->\n<title>Le g\u00e9n\u00e9ral Birame Diop, chef de l\u2019\u00e9tat-major de d\u00e9fense des Forces arm\u00e9es du S\u00e9n\u00e9gal, remet des dipl\u00f4mes aux techniciens de maintenance a\u00e9ronautique. DIRPA - Africa Defense Forum<\/title>\n<meta name=\"robots\" content=\"index, follow, max-snippet:-1, max-image-preview:large, max-video-preview:-1\" \/>\n<link rel=\"canonical\" href=\"https:\/\/adf-magazine.com\/pt-pt\/2025\/08\/le-general-birame-diop-chef-de-letat-major-de-defense-des-forces-armees-du-senegal-remet-des-diplomes-aux-techniciens-de-maintenance-aeronautique-dirpa\/\" \/>\n<meta property=\"og:locale\" content=\"pt_PT\" \/>\n<meta property=\"og:type\" content=\"article\" \/>\n<meta property=\"og:title\" content=\"Le g\u00e9n\u00e9ral Birame Diop, chef de l\u2019\u00e9tat-major de d\u00e9fense des Forces arm\u00e9es du S\u00e9n\u00e9gal, remet des dipl\u00f4mes aux techniciens de maintenance a\u00e9ronautique. DIRPA - Africa Defense Forum\" \/>\n<meta property=\"og:description\" content=\"O Senegal formou os seus primeiros t\u00e9cnicos civis de manuten\u00e7\u00e3o aeron\u00e1utica formados pela Escola da For\u00e7a A\u00e9rea para impulsionar a ind\u00fastria da avia\u00e7\u00e3o do pa\u00eds, refor\u00e7ar o sector da defesa e melhorar a auto-sufici\u00eancia. Os primeiros 29 t\u00e9cnicos de manuten\u00e7\u00e3o aeron\u00e1utica receberam os seus diplomas em Janeiro de 2025, durante uma cerim\u00f3nia em Thi\u00e8s. A\" \/>\n<meta property=\"og:url\" content=\"https:\/\/adf-magazine.com\/pt-pt\/2025\/08\/le-general-birame-diop-chef-de-letat-major-de-defense-des-forces-armees-du-senegal-remet-des-diplomes-aux-techniciens-de-maintenance-aeronautique-dirpa\/\" \/>\n<meta property=\"og:site_name\" content=\"Africa Defense Forum\" \/>\n<meta property=\"article:publisher\" content=\"https:\/\/www.facebook.com\/ADFmagazine\/\" \/>\n<meta property=\"article:published_time\" content=\"2025-08-04T15:38:14+00:00\" \/>\n<meta property=\"article:modified_time\" content=\"2025-08-11T14:14:41+00:00\" \/>\n<meta property=\"og:image\" content=\"https:\/\/adf-magazine.com\/wp-content\/uploads\/2025\/08\/DEFENSE3.jpg\" \/>\n\t<meta property=\"og:image:width\" content=\"1080\" \/>\n\t<meta property=\"og:image:height\" content=\"744\" \/>\n\t<meta property=\"og:image:type\" content=\"image\/jpeg\" \/>\n<meta name=\"author\" content=\"ADF\" \/>\n<meta name=\"twitter:card\" content=\"summary_large_image\" \/>\n<meta name=\"twitter:creator\" content=\"@ADFmagazine\" \/>\n<meta name=\"twitter:site\" content=\"@ADFmagazine\" \/>\n<meta name=\"twitter:label1\" content=\"Escrito por\" \/>\n\t<meta name=\"twitter:data1\" content=\"ADF\" \/>\n\t<meta name=\"twitter:label2\" content=\"Tempo estimado de leitura\" \/>\n\t<meta name=\"twitter:data2\" content=\"1 minuto\" \/>\n<script type=\"application\/ld+json\" class=\"yoast-schema-graph\">{\"@context\":\"https:\\\/\\\/schema.org\",\"@graph\":[{\"@type\":\"Article\",\"@id\":\"https:\\\/\\\/adf-magazine.com\\\/pt-pt\\\/2025\\\/08\\\/le-general-birame-diop-chef-de-letat-major-de-defense-des-forces-armees-du-senegal-remet-des-diplomes-aux-techniciens-de-maintenance-aeronautique-dirpa\\\/#article\",\"isPartOf\":{\"@id\":\"https:\\\/\\\/adf-magazine.com\\\/pt-pt\\\/2025\\\/08\\\/le-general-birame-diop-chef-de-letat-major-de-defense-des-forces-armees-du-senegal-remet-des-diplomes-aux-techniciens-de-maintenance-aeronautique-dirpa\\\/\"},\"author\":{\"name\":\"ADF\",\"@id\":\"https:\\\/\\\/adf-magazine.com\\\/#\\\/schema\\\/person\\\/f266a6061389568b5a11465bb38bc025\"},\"headline\":\"Le g\u00e9n\u00e9ral Birame Diop, chef de l\u2019\u00e9tat-major de d\u00e9fense des Forces arm\u00e9es du S\u00e9n\u00e9gal, remet des dipl\u00f4mes aux techniciens de maintenance a\u00e9ronautique. DIRPA\",\"datePublished\":\"2025-08-04T15:38:14+00:00\",\"dateModified\":\"2025-08-11T14:14:41+00:00\",\"mainEntityOfPage\":{\"@id\":\"https:\\\/\\\/adf-magazine.com\\\/pt-pt\\\/2025\\\/08\\\/le-general-birame-diop-chef-de-letat-major-de-defense-des-forces-armees-du-senegal-remet-des-diplomes-aux-techniciens-de-maintenance-aeronautique-dirpa\\\/\"},\"wordCount\":314,\"commentCount\":0,\"image\":{\"@id\":\"https:\\\/\\\/adf-magazine.com\\\/pt-pt\\\/2025\\\/08\\\/le-general-birame-diop-chef-de-letat-major-de-defense-des-forces-armees-du-senegal-remet-des-diplomes-aux-techniciens-de-maintenance-aeronautique-dirpa\\\/#primaryimage\"},\"thumbnailUrl\":\"https:\\\/\\\/adf-magazine.com\\\/wp-content\\\/uploads\\\/2025\\\/08\\\/DEFENSE3.jpg\",\"articleSection\":[\"Colunas\",\"Defesa e Seguran\u00e7a\"],\"inLanguage\":\"pt-PT\",\"potentialAction\":[{\"@type\":\"CommentAction\",\"name\":\"Comment\",\"target\":[\"https:\\\/\\\/adf-magazine.com\\\/pt-pt\\\/2025\\\/08\\\/le-general-birame-diop-chef-de-letat-major-de-defense-des-forces-armees-du-senegal-remet-des-diplomes-aux-techniciens-de-maintenance-aeronautique-dirpa\\\/#respond\"]}]},{\"@type\":\"WebPage\",\"@id\":\"https:\\\/\\\/adf-magazine.com\\\/pt-pt\\\/2025\\\/08\\\/le-general-birame-diop-chef-de-letat-major-de-defense-des-forces-armees-du-senegal-remet-des-diplomes-aux-techniciens-de-maintenance-aeronautique-dirpa\\\/\",\"url\":\"https:\\\/\\\/adf-magazine.com\\\/pt-pt\\\/2025\\\/08\\\/le-general-birame-diop-chef-de-letat-major-de-defense-des-forces-armees-du-senegal-remet-des-diplomes-aux-techniciens-de-maintenance-aeronautique-dirpa\\\/\",\"name\":\"Le g\u00e9n\u00e9ral Birame Diop, chef de l\u2019\u00e9tat-major de d\u00e9fense des Forces arm\u00e9es du S\u00e9n\u00e9gal, remet des dipl\u00f4mes aux techniciens de maintenance a\u00e9ronautique. DIRPA - Africa Defense Forum\",\"isPartOf\":{\"@id\":\"https:\\\/\\\/adf-magazine.com\\\/#website\"},\"primaryImageOfPage\":{\"@id\":\"https:\\\/\\\/adf-magazine.com\\\/pt-pt\\\/2025\\\/08\\\/le-general-birame-diop-chef-de-letat-major-de-defense-des-forces-armees-du-senegal-remet-des-diplomes-aux-techniciens-de-maintenance-aeronautique-dirpa\\\/#primaryimage\"},\"image\":{\"@id\":\"https:\\\/\\\/adf-magazine.com\\\/pt-pt\\\/2025\\\/08\\\/le-general-birame-diop-chef-de-letat-major-de-defense-des-forces-armees-du-senegal-remet-des-diplomes-aux-techniciens-de-maintenance-aeronautique-dirpa\\\/#primaryimage\"},\"thumbnailUrl\":\"https:\\\/\\\/adf-magazine.com\\\/wp-content\\\/uploads\\\/2025\\\/08\\\/DEFENSE3.jpg\",\"datePublished\":\"2025-08-04T15:38:14+00:00\",\"dateModified\":\"2025-08-11T14:14:41+00:00\",\"author\":{\"@id\":\"https:\\\/\\\/adf-magazine.com\\\/#\\\/schema\\\/person\\\/f266a6061389568b5a11465bb38bc025\"},\"breadcrumb\":{\"@id\":\"https:\\\/\\\/adf-magazine.com\\\/pt-pt\\\/2025\\\/08\\\/le-general-birame-diop-chef-de-letat-major-de-defense-des-forces-armees-du-senegal-remet-des-diplomes-aux-techniciens-de-maintenance-aeronautique-dirpa\\\/#breadcrumb\"},\"inLanguage\":\"pt-PT\",\"potentialAction\":[{\"@type\":\"ReadAction\",\"target\":[\"https:\\\/\\\/adf-magazine.com\\\/pt-pt\\\/2025\\\/08\\\/le-general-birame-diop-chef-de-letat-major-de-defense-des-forces-armees-du-senegal-remet-des-diplomes-aux-techniciens-de-maintenance-aeronautique-dirpa\\\/\"]}]},{\"@type\":\"ImageObject\",\"inLanguage\":\"pt-PT\",\"@id\":\"https:\\\/\\\/adf-magazine.com\\\/pt-pt\\\/2025\\\/08\\\/le-general-birame-diop-chef-de-letat-major-de-defense-des-forces-armees-du-senegal-remet-des-diplomes-aux-techniciens-de-maintenance-aeronautique-dirpa\\\/#primaryimage\",\"url\":\"https:\\\/\\\/adf-magazine.com\\\/wp-content\\\/uploads\\\/2025\\\/08\\\/DEFENSE3.jpg\",\"contentUrl\":\"https:\\\/\\\/adf-magazine.com\\\/wp-content\\\/uploads\\\/2025\\\/08\\\/DEFENSE3.jpg\",\"width\":1080,\"height\":744,\"caption\":\"O General Birame Diop, chefe do Estado-Maior da Defesa das For\u00e7as Armadas do Senegal, entrega diplomas a t\u00e9cnicos de manuten\u00e7\u00e3o aeron\u00e1utica. DIRPA\"},{\"@type\":\"BreadcrumbList\",\"@id\":\"https:\\\/\\\/adf-magazine.com\\\/pt-pt\\\/2025\\\/08\\\/le-general-birame-diop-chef-de-letat-major-de-defense-des-forces-armees-du-senegal-remet-des-diplomes-aux-techniciens-de-maintenance-aeronautique-dirpa\\\/#breadcrumb\",\"itemListElement\":[{\"@type\":\"ListItem\",\"position\":1,\"name\":\"Home\",\"item\":\"https:\\\/\\\/adf-magazine.com\\\/\"},{\"@type\":\"ListItem\",\"position\":2,\"name\":\"Le g\u00e9n\u00e9ral Birame Diop, chef de l\u2019\u00e9tat-major de d\u00e9fense des Forces arm\u00e9es du S\u00e9n\u00e9gal, remet des dipl\u00f4mes aux techniciens de maintenance a\u00e9ronautique. DIRPA\"}]},{\"@type\":\"WebSite\",\"@id\":\"https:\\\/\\\/adf-magazine.com\\\/#website\",\"url\":\"https:\\\/\\\/adf-magazine.com\\\/\",\"name\":\"Africa Defense Forum\",\"description\":\"Africa Defense Forum\",\"potentialAction\":[{\"@type\":\"SearchAction\",\"target\":{\"@type\":\"EntryPoint\",\"urlTemplate\":\"https:\\\/\\\/adf-magazine.com\\\/?s={search_term_string}\"},\"query-input\":{\"@type\":\"PropertyValueSpecification\",\"valueRequired\":true,\"valueName\":\"search_term_string\"}}],\"inLanguage\":\"pt-PT\"},{\"@type\":\"Person\",\"@id\":\"https:\\\/\\\/adf-magazine.com\\\/#\\\/schema\\\/person\\\/f266a6061389568b5a11465bb38bc025\",\"name\":\"ADF\",\"image\":{\"@type\":\"ImageObject\",\"inLanguage\":\"pt-PT\",\"@id\":\"https:\\\/\\\/adf-magazine.com\\\/wp-content\\\/uploads\\\/2020\\\/05\\\/cropped-ADF_icon.jpg\",\"url\":\"https:\\\/\\\/adf-magazine.com\\\/wp-content\\\/uploads\\\/2020\\\/05\\\/cropped-ADF_icon.jpg\",\"contentUrl\":\"https:\\\/\\\/adf-magazine.com\\\/wp-content\\\/uploads\\\/2020\\\/05\\\/cropped-ADF_icon.jpg\",\"caption\":\"ADF\"},\"description\":\"ADF is a professional military magazine published quarterly by U.S. Africa Command to provide an international forum for African security professionals. ADF covers topics such as counter terrorism strategies, security and defense operations, transnational crime, and all other issues affecting peace, stability, and good governance on the African continent.\",\"sameAs\":[\"https:\\\/\\\/x.com\\\/ADFmagazine\"],\"url\":\"https:\\\/\\\/adf-magazine.com\\\/pt-pt\\\/author\\\/adf\\\/\"}]}<\/script>\n<!-- \/ Yoast SEO plugin. -->","yoast_head_json":{"title":"Le g\u00e9n\u00e9ral Birame Diop, chef de l\u2019\u00e9tat-major de d\u00e9fense des Forces arm\u00e9es du S\u00e9n\u00e9gal, remet des dipl\u00f4mes aux techniciens de maintenance a\u00e9ronautique. DIRPA - Africa Defense Forum","robots":{"index":"index","follow":"follow","max-snippet":"max-snippet:-1","max-image-preview":"max-image-preview:large","max-video-preview":"max-video-preview:-1"},"canonical":"https:\/\/adf-magazine.com\/pt-pt\/2025\/08\/le-general-birame-diop-chef-de-letat-major-de-defense-des-forces-armees-du-senegal-remet-des-diplomes-aux-techniciens-de-maintenance-aeronautique-dirpa\/","og_locale":"pt_PT","og_type":"article","og_title":"Le g\u00e9n\u00e9ral Birame Diop, chef de l\u2019\u00e9tat-major de d\u00e9fense des Forces arm\u00e9es du S\u00e9n\u00e9gal, remet des dipl\u00f4mes aux techniciens de maintenance a\u00e9ronautique. DIRPA - Africa Defense Forum","og_description":"O Senegal formou os seus primeiros t\u00e9cnicos civis de manuten\u00e7\u00e3o aeron\u00e1utica formados pela Escola da For\u00e7a A\u00e9rea para impulsionar a ind\u00fastria da avia\u00e7\u00e3o do pa\u00eds, refor\u00e7ar o sector da defesa e melhorar a auto-sufici\u00eancia. Os primeiros 29 t\u00e9cnicos de manuten\u00e7\u00e3o aeron\u00e1utica receberam os seus diplomas em Janeiro de 2025, durante uma cerim\u00f3nia em Thi\u00e8s. A","og_url":"https:\/\/adf-magazine.com\/pt-pt\/2025\/08\/le-general-birame-diop-chef-de-letat-major-de-defense-des-forces-armees-du-senegal-remet-des-diplomes-aux-techniciens-de-maintenance-aeronautique-dirpa\/","og_site_name":"Africa Defense Forum","article_publisher":"https:\/\/www.facebook.com\/ADFmagazine\/","article_published_time":"2025-08-04T15:38:14+00:00","article_modified_time":"2025-08-11T14:14:41+00:00","og_image":[{"width":1080,"height":744,"url":"https:\/\/adf-magazine.com\/wp-content\/uploads\/2025\/08\/DEFENSE3.jpg","type":"image\/jpeg"}],"author":"ADF","twitter_card":"summary_large_image","twitter_creator":"@ADFmagazine","twitter_site":"@ADFmagazine","twitter_misc":{"Escrito por":"ADF","Tempo estimado de leitura":"1 minuto"},"schema":{"@context":"https:\/\/schema.org","@graph":[{"@type":"Article","@id":"https:\/\/adf-magazine.com\/pt-pt\/2025\/08\/le-general-birame-diop-chef-de-letat-major-de-defense-des-forces-armees-du-senegal-remet-des-diplomes-aux-techniciens-de-maintenance-aeronautique-dirpa\/#article","isPartOf":{"@id":"https:\/\/adf-magazine.com\/pt-pt\/2025\/08\/le-general-birame-diop-chef-de-letat-major-de-defense-des-forces-armees-du-senegal-remet-des-diplomes-aux-techniciens-de-maintenance-aeronautique-dirpa\/"},"author":{"name":"ADF","@id":"https:\/\/adf-magazine.com\/#\/schema\/person\/f266a6061389568b5a11465bb38bc025"},"headline":"Le g\u00e9n\u00e9ral Birame Diop, chef de l\u2019\u00e9tat-major de d\u00e9fense des Forces arm\u00e9es du S\u00e9n\u00e9gal, remet des dipl\u00f4mes aux techniciens de maintenance a\u00e9ronautique. DIRPA","datePublished":"2025-08-04T15:38:14+00:00","dateModified":"2025-08-11T14:14:41+00:00","mainEntityOfPage":{"@id":"https:\/\/adf-magazine.com\/pt-pt\/2025\/08\/le-general-birame-diop-chef-de-letat-major-de-defense-des-forces-armees-du-senegal-remet-des-diplomes-aux-techniciens-de-maintenance-aeronautique-dirpa\/"},"wordCount":314,"commentCount":0,"image":{"@id":"https:\/\/adf-magazine.com\/pt-pt\/2025\/08\/le-general-birame-diop-chef-de-letat-major-de-defense-des-forces-armees-du-senegal-remet-des-diplomes-aux-techniciens-de-maintenance-aeronautique-dirpa\/#primaryimage"},"thumbnailUrl":"https:\/\/adf-magazine.com\/wp-content\/uploads\/2025\/08\/DEFENSE3.jpg","articleSection":["Colunas","Defesa e Seguran\u00e7a"],"inLanguage":"pt-PT","potentialAction":[{"@type":"CommentAction","name":"Comment","target":["https:\/\/adf-magazine.com\/pt-pt\/2025\/08\/le-general-birame-diop-chef-de-letat-major-de-defense-des-forces-armees-du-senegal-remet-des-diplomes-aux-techniciens-de-maintenance-aeronautique-dirpa\/#respond"]}]},{"@type":"WebPage","@id":"https:\/\/adf-magazine.com\/pt-pt\/2025\/08\/le-general-birame-diop-chef-de-letat-major-de-defense-des-forces-armees-du-senegal-remet-des-diplomes-aux-techniciens-de-maintenance-aeronautique-dirpa\/","url":"https:\/\/adf-magazine.com\/pt-pt\/2025\/08\/le-general-birame-diop-chef-de-letat-major-de-defense-des-forces-armees-du-senegal-remet-des-diplomes-aux-techniciens-de-maintenance-aeronautique-dirpa\/","name":"Le g\u00e9n\u00e9ral Birame Diop, chef de l\u2019\u00e9tat-major de d\u00e9fense des Forces arm\u00e9es du S\u00e9n\u00e9gal, remet des dipl\u00f4mes aux techniciens de maintenance a\u00e9ronautique. DIRPA - Africa Defense Forum","isPartOf":{"@id":"https:\/\/adf-magazine.com\/#website"},"primaryImageOfPage":{"@id":"https:\/\/adf-magazine.com\/pt-pt\/2025\/08\/le-general-birame-diop-chef-de-letat-major-de-defense-des-forces-armees-du-senegal-remet-des-diplomes-aux-techniciens-de-maintenance-aeronautique-dirpa\/#primaryimage"},"image":{"@id":"https:\/\/adf-magazine.com\/pt-pt\/2025\/08\/le-general-birame-diop-chef-de-letat-major-de-defense-des-forces-armees-du-senegal-remet-des-diplomes-aux-techniciens-de-maintenance-aeronautique-dirpa\/#primaryimage"},"thumbnailUrl":"https:\/\/adf-magazine.com\/wp-content\/uploads\/2025\/08\/DEFENSE3.jpg","datePublished":"2025-08-04T15:38:14+00:00","dateModified":"2025-08-11T14:14:41+00:00","author":{"@id":"https:\/\/adf-magazine.com\/#\/schema\/person\/f266a6061389568b5a11465bb38bc025"},"breadcrumb":{"@id":"https:\/\/adf-magazine.com\/pt-pt\/2025\/08\/le-general-birame-diop-chef-de-letat-major-de-defense-des-forces-armees-du-senegal-remet-des-diplomes-aux-techniciens-de-maintenance-aeronautique-dirpa\/#breadcrumb"},"inLanguage":"pt-PT","potentialAction":[{"@type":"ReadAction","target":["https:\/\/adf-magazine.com\/pt-pt\/2025\/08\/le-general-birame-diop-chef-de-letat-major-de-defense-des-forces-armees-du-senegal-remet-des-diplomes-aux-techniciens-de-maintenance-aeronautique-dirpa\/"]}]},{"@type":"ImageObject","inLanguage":"pt-PT","@id":"https:\/\/adf-magazine.com\/pt-pt\/2025\/08\/le-general-birame-diop-chef-de-letat-major-de-defense-des-forces-armees-du-senegal-remet-des-diplomes-aux-techniciens-de-maintenance-aeronautique-dirpa\/#primaryimage","url":"https:\/\/adf-magazine.com\/wp-content\/uploads\/2025\/08\/DEFENSE3.jpg","contentUrl":"https:\/\/adf-magazine.com\/wp-content\/uploads\/2025\/08\/DEFENSE3.jpg","width":1080,"height":744,"caption":"O General Birame Diop, chefe do Estado-Maior da Defesa das For\u00e7as Armadas do Senegal, entrega diplomas a t\u00e9cnicos de manuten\u00e7\u00e3o aeron\u00e1utica. DIRPA"},{"@type":"BreadcrumbList","@id":"https:\/\/adf-magazine.com\/pt-pt\/2025\/08\/le-general-birame-diop-chef-de-letat-major-de-defense-des-forces-armees-du-senegal-remet-des-diplomes-aux-techniciens-de-maintenance-aeronautique-dirpa\/#breadcrumb","itemListElement":[{"@type":"ListItem","position":1,"name":"Home","item":"https:\/\/adf-magazine.com\/"},{"@type":"ListItem","position":2,"name":"Le g\u00e9n\u00e9ral Birame Diop, chef de l\u2019\u00e9tat-major de d\u00e9fense des Forces arm\u00e9es du S\u00e9n\u00e9gal, remet des dipl\u00f4mes aux techniciens de maintenance a\u00e9ronautique. DIRPA"}]},{"@type":"WebSite","@id":"https:\/\/adf-magazine.com\/#website","url":"https:\/\/adf-magazine.com\/","name":"Africa Defense Forum","description":"Africa Defense Forum","potentialAction":[{"@type":"SearchAction","target":{"@type":"EntryPoint","urlTemplate":"https:\/\/adf-magazine.com\/?s={search_term_string}"},"query-input":{"@type":"PropertyValueSpecification","valueRequired":true,"valueName":"search_term_string"}}],"inLanguage":"pt-PT"},{"@type":"Person","@id":"https:\/\/adf-magazine.com\/#\/schema\/person\/f266a6061389568b5a11465bb38bc025","name":"ADF","image":{"@type":"ImageObject","inLanguage":"pt-PT","@id":"https:\/\/adf-magazine.com\/wp-content\/uploads\/2020\/05\/cropped-ADF_icon.jpg","url":"https:\/\/adf-magazine.com\/wp-content\/uploads\/2020\/05\/cropped-ADF_icon.jpg","contentUrl":"https:\/\/adf-magazine.com\/wp-content\/uploads\/2020\/05\/cropped-ADF_icon.jpg","caption":"ADF"},"description":"ADF is a professional military magazine published quarterly by U.S. Africa Command to provide an international forum for African security professionals. ADF covers topics such as counter terrorism strategies, security and defense operations, transnational crime, and all other issues affecting peace, stability, and good governance on the African continent.","sameAs":["https:\/\/x.com\/ADFmagazine"],"url":"https:\/\/adf-magazine.com\/pt-pt\/author\/adf\/"}]}},"_links":{"self":[{"href":"https:\/\/adf-magazine.com\/pt-pt\/wp-json\/wp\/v2\/posts\/129712","targetHints":{"allow":["GET"]}}],"collection":[{"href":"https:\/\/adf-magazine.com\/pt-pt\/wp-json\/wp\/v2\/posts"}],"about":[{"href":"https:\/\/adf-magazine.com\/pt-pt\/wp-json\/wp\/v2\/types\/post"}],"author":[{"embeddable":true,"href":"https:\/\/adf-magazine.com\/pt-pt\/wp-json\/wp\/v2\/users\/1"}],"replies":[{"embeddable":true,"href":"https:\/\/adf-magazine.com\/pt-pt\/wp-json\/wp\/v2\/comments?post=129712"}],"version-history":[{"count":0,"href":"https:\/\/adf-magazine.com\/pt-pt\/wp-json\/wp\/v2\/posts\/129712\/revisions"}],"wp:featuredmedia":[{"embeddable":true,"href":"https:\/\/adf-magazine.com\/pt-pt\/wp-json\/wp\/v2\/media\/129415"}],"wp:attachment":[{"href":"https:\/\/adf-magazine.com\/pt-pt\/wp-json\/wp\/v2\/media?parent=129712"}],"wp:term":[{"taxonomy":"category","embeddable":true,"href":"https:\/\/adf-magazine.com\/pt-pt\/wp-json\/wp\/v2\/categories?post=129712"},{"taxonomy":"post_tag","embeddable":true,"href":"https:\/\/adf-magazine.com\/pt-pt\/wp-json\/wp\/v2\/tags?post=129712"}],"curies":[{"name":"wp","href":"https:\/\/api.w.org\/{rel}","templated":true}]}}