{"id":129628,"date":"2025-08-04T10:29:46","date_gmt":"2025-08-04T14:29:46","guid":{"rendered":"https:\/\/adf-magazine.com\/?p=129628"},"modified":"2025-08-11T10:15:56","modified_gmt":"2025-08-11T14:15:56","slug":"onde-estou-21","status":"publish","type":"post","link":"https:\/\/adf-magazine.com\/pt-pt\/2025\/08\/onde-estou-21\/","title":{"rendered":"Onde Estou?"},"content":{"rendered":"<p class=\"p1\">DICAS<\/p>\n<ol>\n<li class=\"p1\"><b>O local imaculado estende-se por quase 3.000 quil\u00f3metros quadrados e inclui riachos e cachoeiras.<\/b><\/li>\n<li class=\"p1\"><b>Os seus habitats aqu\u00e1ticos s\u00e3o o lar de esp\u00e9cies de peixes de \u00e1gua doce, 13 das quais est\u00e3o amea\u00e7adas.<\/b><\/li>\n<li class=\"p1\"><b>Este local combina grandes \u00e1reas de florestas intactas e ecossistemas fluviais inalterados.<\/b><\/li>\n<li class=\"p1\"><b>A terra \u00e9 considerada uma das \u00e1reas protegidas mais insubstitu\u00edveis do mundo pela conserva\u00e7\u00e3o de mam\u00edferos, aves e anf\u00edbios.<\/b><\/li>\n<\/ol>\n<p class=\"p1\"><span class=\"s1\">RESPOSTA<span class=\"Apple-converted-space\">\u00a0 <\/span><\/span><b>Parque Nacional de Ivindo, Gab\u00e3o<\/b><\/p>\n","protected":false},"excerpt":{"rendered":"<p>DICAS O local imaculado estende-se por quase 3.000 quil\u00f3metros quadrados e inclui riachos e cachoeiras. Os seus habitats aqu\u00e1ticos s\u00e3o o lar de esp\u00e9cies de peixes de \u00e1gua doce, 13 das quais est\u00e3o amea\u00e7adas. Este local combina grandes \u00e1reas de florestas intactas e ecossistemas fluviais inalterados. A terra \u00e9 considerada uma das \u00e1reas protegidas mais<\/p>\n","protected":false},"author":1,"featured_media":129619,"comment_status":"open","ping_status":"closed","sticky":false,"template":"","format":"standard","meta":{"_acf_changed":false,"_monsterinsights_skip_tracking":false,"_monsterinsights_sitenote_active":false,"_monsterinsights_sitenote_note":"","_monsterinsights_sitenote_category":0,"_uf_show_specific_survey":0,"_uf_disable_surveys":false,"footnotes":""},"categories":[335,345],"tags":[],"class_list":{"0":"post-129628","1":"post","2":"type-post","3":"status-publish","4":"format-standard","5":"has-post-thumbnail","7":"category-colunas","8":"category-onde-estou"},"acf":[],"yoast_head":"<!-- This site is optimized with the Yoast SEO plugin v27.4 - https:\/\/yoast.com\/product\/yoast-seo-wordpress\/ -->\n<title>Onde Estou? - Africa Defense Forum<\/title>\n<meta name=\"robots\" content=\"index, follow, max-snippet:-1, max-image-preview:large, max-video-preview:-1\" \/>\n<link rel=\"canonical\" href=\"https:\/\/adf-magazine.com\/pt-pt\/2025\/08\/onde-estou-21\/\" \/>\n<meta property=\"og:locale\" content=\"pt_PT\" \/>\n<meta property=\"og:type\" content=\"article\" \/>\n<meta property=\"og:title\" content=\"Onde Estou? - Africa Defense Forum\" \/>\n<meta property=\"og:description\" content=\"DICAS O local imaculado estende-se por quase 3.000 quil\u00f3metros quadrados e inclui riachos e cachoeiras. Os seus habitats aqu\u00e1ticos s\u00e3o o lar de esp\u00e9cies de peixes de \u00e1gua doce, 13 das quais est\u00e3o amea\u00e7adas. Este local combina grandes \u00e1reas de florestas intactas e ecossistemas fluviais inalterados. A terra \u00e9 considerada uma das \u00e1reas protegidas mais\" \/>\n<meta property=\"og:url\" content=\"https:\/\/adf-magazine.com\/pt-pt\/2025\/08\/onde-estou-21\/\" \/>\n<meta property=\"og:site_name\" content=\"Africa Defense Forum\" \/>\n<meta property=\"article:publisher\" content=\"https:\/\/www.facebook.com\/ADFmagazine\/\" \/>\n<meta property=\"article:published_time\" content=\"2025-08-04T14:29:46+00:00\" \/>\n<meta property=\"article:modified_time\" content=\"2025-08-11T14:15:56+00:00\" \/>\n<meta property=\"og:image\" content=\"https:\/\/adf-magazine.com\/wp-content\/uploads\/2025\/08\/Where_site_1653_0009_Lee-White_CMYK.jpg\" \/>\n\t<meta property=\"og:image:width\" content=\"1080\" \/>\n\t<meta property=\"og:image:height\" content=\"720\" \/>\n\t<meta property=\"og:image:type\" content=\"image\/jpeg\" \/>\n<meta name=\"author\" content=\"ADF\" \/>\n<meta name=\"twitter:card\" content=\"summary_large_image\" \/>\n<meta name=\"twitter:creator\" content=\"@ADFmagazine\" \/>\n<meta name=\"twitter:site\" content=\"@ADFmagazine\" \/>\n<meta name=\"twitter:label1\" content=\"Escrito por\" \/>\n\t<meta name=\"twitter:data1\" content=\"ADF\" \/>\n<script type=\"application\/ld+json\" class=\"yoast-schema-graph\">{\"@context\":\"https:\\\/\\\/schema.org\",\"@graph\":[{\"@type\":\"Article\",\"@id\":\"https:\\\/\\\/adf-magazine.com\\\/pt-pt\\\/2025\\\/08\\\/onde-estou-21\\\/#article\",\"isPartOf\":{\"@id\":\"https:\\\/\\\/adf-magazine.com\\\/pt-pt\\\/2025\\\/08\\\/onde-estou-21\\\/\"},\"author\":{\"name\":\"ADF\",\"@id\":\"https:\\\/\\\/adf-magazine.com\\\/#\\\/schema\\\/person\\\/f266a6061389568b5a11465bb38bc025\"},\"headline\":\"Onde Estou?\",\"datePublished\":\"2025-08-04T14:29:46+00:00\",\"dateModified\":\"2025-08-11T14:15:56+00:00\",\"mainEntityOfPage\":{\"@id\":\"https:\\\/\\\/adf-magazine.com\\\/pt-pt\\\/2025\\\/08\\\/onde-estou-21\\\/\"},\"wordCount\":81,\"commentCount\":0,\"image\":{\"@id\":\"https:\\\/\\\/adf-magazine.com\\\/pt-pt\\\/2025\\\/08\\\/onde-estou-21\\\/#primaryimage\"},\"thumbnailUrl\":\"https:\\\/\\\/adf-magazine.com\\\/wp-content\\\/uploads\\\/2025\\\/08\\\/Where_site_1653_0009_Lee-White_CMYK.jpg\",\"articleSection\":[\"Colunas\",\"Onde Estou?\"],\"inLanguage\":\"pt-PT\",\"potentialAction\":[{\"@type\":\"CommentAction\",\"name\":\"Comment\",\"target\":[\"https:\\\/\\\/adf-magazine.com\\\/pt-pt\\\/2025\\\/08\\\/onde-estou-21\\\/#respond\"]}]},{\"@type\":\"WebPage\",\"@id\":\"https:\\\/\\\/adf-magazine.com\\\/pt-pt\\\/2025\\\/08\\\/onde-estou-21\\\/\",\"url\":\"https:\\\/\\\/adf-magazine.com\\\/pt-pt\\\/2025\\\/08\\\/onde-estou-21\\\/\",\"name\":\"Onde Estou? - Africa Defense Forum\",\"isPartOf\":{\"@id\":\"https:\\\/\\\/adf-magazine.com\\\/#website\"},\"primaryImageOfPage\":{\"@id\":\"https:\\\/\\\/adf-magazine.com\\\/pt-pt\\\/2025\\\/08\\\/onde-estou-21\\\/#primaryimage\"},\"image\":{\"@id\":\"https:\\\/\\\/adf-magazine.com\\\/pt-pt\\\/2025\\\/08\\\/onde-estou-21\\\/#primaryimage\"},\"thumbnailUrl\":\"https:\\\/\\\/adf-magazine.com\\\/wp-content\\\/uploads\\\/2025\\\/08\\\/Where_site_1653_0009_Lee-White_CMYK.jpg\",\"datePublished\":\"2025-08-04T14:29:46+00:00\",\"dateModified\":\"2025-08-11T14:15:56+00:00\",\"author\":{\"@id\":\"https:\\\/\\\/adf-magazine.com\\\/#\\\/schema\\\/person\\\/f266a6061389568b5a11465bb38bc025\"},\"breadcrumb\":{\"@id\":\"https:\\\/\\\/adf-magazine.com\\\/pt-pt\\\/2025\\\/08\\\/onde-estou-21\\\/#breadcrumb\"},\"inLanguage\":\"pt-PT\",\"potentialAction\":[{\"@type\":\"ReadAction\",\"target\":[\"https:\\\/\\\/adf-magazine.com\\\/pt-pt\\\/2025\\\/08\\\/onde-estou-21\\\/\"]}]},{\"@type\":\"ImageObject\",\"inLanguage\":\"pt-PT\",\"@id\":\"https:\\\/\\\/adf-magazine.com\\\/pt-pt\\\/2025\\\/08\\\/onde-estou-21\\\/#primaryimage\",\"url\":\"https:\\\/\\\/adf-magazine.com\\\/wp-content\\\/uploads\\\/2025\\\/08\\\/Where_site_1653_0009_Lee-White_CMYK.jpg\",\"contentUrl\":\"https:\\\/\\\/adf-magazine.com\\\/wp-content\\\/uploads\\\/2025\\\/08\\\/Where_site_1653_0009_Lee-White_CMYK.jpg\",\"width\":1080,\"height\":720},{\"@type\":\"BreadcrumbList\",\"@id\":\"https:\\\/\\\/adf-magazine.com\\\/pt-pt\\\/2025\\\/08\\\/onde-estou-21\\\/#breadcrumb\",\"itemListElement\":[{\"@type\":\"ListItem\",\"position\":1,\"name\":\"Home\",\"item\":\"https:\\\/\\\/adf-magazine.com\\\/\"},{\"@type\":\"ListItem\",\"position\":2,\"name\":\"Onde Estou?\"}]},{\"@type\":\"WebSite\",\"@id\":\"https:\\\/\\\/adf-magazine.com\\\/#website\",\"url\":\"https:\\\/\\\/adf-magazine.com\\\/\",\"name\":\"Africa Defense Forum\",\"description\":\"Africa Defense Forum\",\"potentialAction\":[{\"@type\":\"SearchAction\",\"target\":{\"@type\":\"EntryPoint\",\"urlTemplate\":\"https:\\\/\\\/adf-magazine.com\\\/?s={search_term_string}\"},\"query-input\":{\"@type\":\"PropertyValueSpecification\",\"valueRequired\":true,\"valueName\":\"search_term_string\"}}],\"inLanguage\":\"pt-PT\"},{\"@type\":\"Person\",\"@id\":\"https:\\\/\\\/adf-magazine.com\\\/#\\\/schema\\\/person\\\/f266a6061389568b5a11465bb38bc025\",\"name\":\"ADF\",\"image\":{\"@type\":\"ImageObject\",\"inLanguage\":\"pt-PT\",\"@id\":\"https:\\\/\\\/adf-magazine.com\\\/wp-content\\\/uploads\\\/2020\\\/05\\\/cropped-ADF_icon.jpg\",\"url\":\"https:\\\/\\\/adf-magazine.com\\\/wp-content\\\/uploads\\\/2020\\\/05\\\/cropped-ADF_icon.jpg\",\"contentUrl\":\"https:\\\/\\\/adf-magazine.com\\\/wp-content\\\/uploads\\\/2020\\\/05\\\/cropped-ADF_icon.jpg\",\"caption\":\"ADF\"},\"description\":\"ADF is a professional military magazine published quarterly by U.S. Africa Command to provide an international forum for African security professionals. ADF covers topics such as counter terrorism strategies, security and defense operations, transnational crime, and all other issues affecting peace, stability, and good governance on the African continent.\",\"sameAs\":[\"https:\\\/\\\/x.com\\\/ADFmagazine\"],\"url\":\"https:\\\/\\\/adf-magazine.com\\\/pt-pt\\\/author\\\/adf\\\/\"}]}<\/script>\n<!-- \/ Yoast SEO plugin. -->","yoast_head_json":{"title":"Onde Estou? - Africa Defense Forum","robots":{"index":"index","follow":"follow","max-snippet":"max-snippet:-1","max-image-preview":"max-image-preview:large","max-video-preview":"max-video-preview:-1"},"canonical":"https:\/\/adf-magazine.com\/pt-pt\/2025\/08\/onde-estou-21\/","og_locale":"pt_PT","og_type":"article","og_title":"Onde Estou? - Africa Defense Forum","og_description":"DICAS O local imaculado estende-se por quase 3.000 quil\u00f3metros quadrados e inclui riachos e cachoeiras. Os seus habitats aqu\u00e1ticos s\u00e3o o lar de esp\u00e9cies de peixes de \u00e1gua doce, 13 das quais est\u00e3o amea\u00e7adas. Este local combina grandes \u00e1reas de florestas intactas e ecossistemas fluviais inalterados. A terra \u00e9 considerada uma das \u00e1reas protegidas mais","og_url":"https:\/\/adf-magazine.com\/pt-pt\/2025\/08\/onde-estou-21\/","og_site_name":"Africa Defense Forum","article_publisher":"https:\/\/www.facebook.com\/ADFmagazine\/","article_published_time":"2025-08-04T14:29:46+00:00","article_modified_time":"2025-08-11T14:15:56+00:00","og_image":[{"width":1080,"height":720,"url":"https:\/\/adf-magazine.com\/wp-content\/uploads\/2025\/08\/Where_site_1653_0009_Lee-White_CMYK.jpg","type":"image\/jpeg"}],"author":"ADF","twitter_card":"summary_large_image","twitter_creator":"@ADFmagazine","twitter_site":"@ADFmagazine","twitter_misc":{"Escrito por":"ADF"},"schema":{"@context":"https:\/\/schema.org","@graph":[{"@type":"Article","@id":"https:\/\/adf-magazine.com\/pt-pt\/2025\/08\/onde-estou-21\/#article","isPartOf":{"@id":"https:\/\/adf-magazine.com\/pt-pt\/2025\/08\/onde-estou-21\/"},"author":{"name":"ADF","@id":"https:\/\/adf-magazine.com\/#\/schema\/person\/f266a6061389568b5a11465bb38bc025"},"headline":"Onde Estou?","datePublished":"2025-08-04T14:29:46+00:00","dateModified":"2025-08-11T14:15:56+00:00","mainEntityOfPage":{"@id":"https:\/\/adf-magazine.com\/pt-pt\/2025\/08\/onde-estou-21\/"},"wordCount":81,"commentCount":0,"image":{"@id":"https:\/\/adf-magazine.com\/pt-pt\/2025\/08\/onde-estou-21\/#primaryimage"},"thumbnailUrl":"https:\/\/adf-magazine.com\/wp-content\/uploads\/2025\/08\/Where_site_1653_0009_Lee-White_CMYK.jpg","articleSection":["Colunas","Onde Estou?"],"inLanguage":"pt-PT","potentialAction":[{"@type":"CommentAction","name":"Comment","target":["https:\/\/adf-magazine.com\/pt-pt\/2025\/08\/onde-estou-21\/#respond"]}]},{"@type":"WebPage","@id":"https:\/\/adf-magazine.com\/pt-pt\/2025\/08\/onde-estou-21\/","url":"https:\/\/adf-magazine.com\/pt-pt\/2025\/08\/onde-estou-21\/","name":"Onde Estou? - Africa Defense Forum","isPartOf":{"@id":"https:\/\/adf-magazine.com\/#website"},"primaryImageOfPage":{"@id":"https:\/\/adf-magazine.com\/pt-pt\/2025\/08\/onde-estou-21\/#primaryimage"},"image":{"@id":"https:\/\/adf-magazine.com\/pt-pt\/2025\/08\/onde-estou-21\/#primaryimage"},"thumbnailUrl":"https:\/\/adf-magazine.com\/wp-content\/uploads\/2025\/08\/Where_site_1653_0009_Lee-White_CMYK.jpg","datePublished":"2025-08-04T14:29:46+00:00","dateModified":"2025-08-11T14:15:56+00:00","author":{"@id":"https:\/\/adf-magazine.com\/#\/schema\/person\/f266a6061389568b5a11465bb38bc025"},"breadcrumb":{"@id":"https:\/\/adf-magazine.com\/pt-pt\/2025\/08\/onde-estou-21\/#breadcrumb"},"inLanguage":"pt-PT","potentialAction":[{"@type":"ReadAction","target":["https:\/\/adf-magazine.com\/pt-pt\/2025\/08\/onde-estou-21\/"]}]},{"@type":"ImageObject","inLanguage":"pt-PT","@id":"https:\/\/adf-magazine.com\/pt-pt\/2025\/08\/onde-estou-21\/#primaryimage","url":"https:\/\/adf-magazine.com\/wp-content\/uploads\/2025\/08\/Where_site_1653_0009_Lee-White_CMYK.jpg","contentUrl":"https:\/\/adf-magazine.com\/wp-content\/uploads\/2025\/08\/Where_site_1653_0009_Lee-White_CMYK.jpg","width":1080,"height":720},{"@type":"BreadcrumbList","@id":"https:\/\/adf-magazine.com\/pt-pt\/2025\/08\/onde-estou-21\/#breadcrumb","itemListElement":[{"@type":"ListItem","position":1,"name":"Home","item":"https:\/\/adf-magazine.com\/"},{"@type":"ListItem","position":2,"name":"Onde Estou?"}]},{"@type":"WebSite","@id":"https:\/\/adf-magazine.com\/#website","url":"https:\/\/adf-magazine.com\/","name":"Africa Defense Forum","description":"Africa Defense Forum","potentialAction":[{"@type":"SearchAction","target":{"@type":"EntryPoint","urlTemplate":"https:\/\/adf-magazine.com\/?s={search_term_string}"},"query-input":{"@type":"PropertyValueSpecification","valueRequired":true,"valueName":"search_term_string"}}],"inLanguage":"pt-PT"},{"@type":"Person","@id":"https:\/\/adf-magazine.com\/#\/schema\/person\/f266a6061389568b5a11465bb38bc025","name":"ADF","image":{"@type":"ImageObject","inLanguage":"pt-PT","@id":"https:\/\/adf-magazine.com\/wp-content\/uploads\/2020\/05\/cropped-ADF_icon.jpg","url":"https:\/\/adf-magazine.com\/wp-content\/uploads\/2020\/05\/cropped-ADF_icon.jpg","contentUrl":"https:\/\/adf-magazine.com\/wp-content\/uploads\/2020\/05\/cropped-ADF_icon.jpg","caption":"ADF"},"description":"ADF is a professional military magazine published quarterly by U.S. Africa Command to provide an international forum for African security professionals. ADF covers topics such as counter terrorism strategies, security and defense operations, transnational crime, and all other issues affecting peace, stability, and good governance on the African continent.","sameAs":["https:\/\/x.com\/ADFmagazine"],"url":"https:\/\/adf-magazine.com\/pt-pt\/author\/adf\/"}]}},"_links":{"self":[{"href":"https:\/\/adf-magazine.com\/pt-pt\/wp-json\/wp\/v2\/posts\/129628","targetHints":{"allow":["GET"]}}],"collection":[{"href":"https:\/\/adf-magazine.com\/pt-pt\/wp-json\/wp\/v2\/posts"}],"about":[{"href":"https:\/\/adf-magazine.com\/pt-pt\/wp-json\/wp\/v2\/types\/post"}],"author":[{"embeddable":true,"href":"https:\/\/adf-magazine.com\/pt-pt\/wp-json\/wp\/v2\/users\/1"}],"replies":[{"embeddable":true,"href":"https:\/\/adf-magazine.com\/pt-pt\/wp-json\/wp\/v2\/comments?post=129628"}],"version-history":[{"count":0,"href":"https:\/\/adf-magazine.com\/pt-pt\/wp-json\/wp\/v2\/posts\/129628\/revisions"}],"wp:featuredmedia":[{"embeddable":true,"href":"https:\/\/adf-magazine.com\/pt-pt\/wp-json\/wp\/v2\/media\/129619"}],"wp:attachment":[{"href":"https:\/\/adf-magazine.com\/pt-pt\/wp-json\/wp\/v2\/media?parent=129628"}],"wp:term":[{"taxonomy":"category","embeddable":true,"href":"https:\/\/adf-magazine.com\/pt-pt\/wp-json\/wp\/v2\/categories?post=129628"},{"taxonomy":"post_tag","embeddable":true,"href":"https:\/\/adf-magazine.com\/pt-pt\/wp-json\/wp\/v2\/tags?post=129628"}],"curies":[{"name":"wp","href":"https:\/\/api.w.org\/{rel}","templated":true}]}}