{"id":126359,"date":"2025-06-24T15:39:51","date_gmt":"2025-06-24T19:39:51","guid":{"rendered":"https:\/\/adf-magazine.com\/?p=126359"},"modified":"2025-06-24T15:40:06","modified_gmt":"2025-06-24T19:40:06","slug":"junta-do-mali-continua-guerra-contra-liberdade-de-expressao-e-politica-multipartidaria","status":"publish","type":"post","link":"https:\/\/adf-magazine.com\/pt-pt\/2025\/06\/junta-do-mali-continua-guerra-contra-liberdade-de-expressao-e-politica-multipartidaria\/","title":{"rendered":"Junta do Mali Continua Guerra Contra Liberdade de Express\u00e3o e Pol\u00edtica Multipartid\u00e1ria"},"content":{"rendered":"<p>O jornalista maliano Seydou Oumar Traor\u00e9 foi preso no dia 26 de Maio por criticar o presidente interino da Guin\u00e9, General Mamady Doumbouya, marcando uma tend\u00eancia cont\u00ednua de pris\u00e3o de cr\u00edticos malianos das juntas regionais.<\/p>\n<p>Traor\u00e9, que acabara de regressar de uma miss\u00e3o oficial a Kidal como parte da delega\u00e7\u00e3o do Ministro da Defesa do Mali, afirmou num v\u00eddeo viral nas redes sociais que Doumbouya tinha \u201ctra\u00eddo a Alian\u00e7a dos Estados do Sahel (AES) ao colaborar com pa\u00edses ocidentais para acolher bases terroristas em solo guineense.\u201d<\/p>\n<p>O julgamento de Traor\u00e9 est\u00e1 marcado para come\u00e7ar a 10 de Julho, de acordo com a West Africa Democracy Radio. Ele pediu desculpas a Doumbouya.<\/p>\n<p>A sua deten\u00e7\u00e3o marcou a segunda pris\u00e3o deste tipo no Mali desde Novembro de 2024, quando funcion\u00e1rios do governo acusaram o activista pol\u00edtico Issa Kaou N\u2019Djim, ent\u00e3o vice-presidente do parlamento interino do Mali, de \u201ccoment\u00e1rios subversivos\u201d sobre o l\u00edder da junta militar do Burquina Faso, o Capit\u00e3o Ibrahim Traor\u00e9, de acordo com a <a href=\"https:\/\/www.google.com\/search?safe=active&amp;rlz=1C1GCEU_enUS1087US1087&amp;cs=0&amp;sca_esv=74094a796f7da13a&amp;q=International+Freedom+of+Expression+Exchange&amp;sa=X&amp;ved=2ahUKEwikrarM3_aNAxWBFlkFHYvwIs0QxccNegQIAhAB&amp;mstk=AUtExfAG4CCR6KcDjZLpy65nLyoBenPY6-uXR6VcEResNVAlvgAUzUjc__kT2CSIK_U1Aiuq9-bcldAYwEtJtNaNlmwgDEHjdgikmpPPI-ywlF3sx0LEEKhCZkY_QkAlOYrxwz8_g4CiayMnXbVkrlBPiAsZRpNURIOy2BOyT11uTbPDsPM&amp;csui=3\">International Freedom of Expression Exchange<\/a> (IFEX).<\/p>\n<p>No final de Dezembro de 2024, N\u2019Djim foi condenado a dois anos de pris\u00e3o por difamar um chefe de Estado estrangeiro. Analistas afirmaram que o caso de N\u2019Djim refor\u00e7a as preocupa\u00e7\u00f5es com a liberdade de express\u00e3o no Mali, visto que a condena\u00e7\u00e3o de uma figura proeminente da oposi\u00e7\u00e3o poderia desencorajar o discurso p\u00fablico e a oposi\u00e7\u00e3o.<\/p>\n<p>O \u00f3rg\u00e3o regulador da comunica\u00e7\u00e3o social do Burquina Faso, o Conseil Superieur de la Communication, reclamou que a emissora de televis\u00e3o privada maliana Joliba TV, que acolheu N\u2019Djim, tinha envergonhado o governo burquinab\u00ea ao desacreditar uma declara\u00e7\u00e3o de que este tinha frustrado uma tentativa de golpe de Estado. O regulador dos meios de comunica\u00e7\u00e3o do Mali, o Conselho Superior da Comunica\u00e7\u00e3o, suspendeu ent\u00e3o a licen\u00e7a da esta\u00e7\u00e3o por seis meses, de acordo com a Federa\u00e7\u00e3o dos Meios de Comunica\u00e7\u00e3o da \u00c1frica Ocidental.<\/p>\n<p>Os cr\u00edticos da junta governativa do Mali, liderada pelo General Assimi Go\u00efta, tamb\u00e9m enfrentam repercuss\u00f5es.<\/p>\n<p>No dia 8 de Maio, dois l\u00edderes pol\u00edticos da oposi\u00e7\u00e3o, Abba Alhassane, secret\u00e1rio-geral do partido da oposi\u00e7\u00e3o Converg\u00eancia para o Desenvolvimento do Mali, e El Bachir Thiam, l\u00edder do partido Mudan\u00e7a, desapareceram, informou a IFEX. Eles tinham participado em protestos em Bamako, no dia 3 de Maio, contra o plano dos militares de permanecer no poder sem realizar elei\u00e7\u00f5es.<\/p>\n<p>Os colegas de Alhassane disseram \u00e0 Human Rights Watch (HRW) que homens armados e mascarados, que se identificaram como gendarmes, prenderam-no na sua casa em Bamako e o levaram num carro sem identifica\u00e7\u00e3o. Homens n\u00e3o identificados levaram Thiam das ruas de Katiu, uma cidade a cerca de 15 quil\u00f3metros de Bamako.<\/p>\n<p>Abdoul Karim Traor\u00e9, presidente da Converg\u00eancia para o Desenvolvimento do Mali, tamb\u00e9m participou no protesto de 3 de Maio. Ele testemunhou o rapto de Alhassane, denunciou-o publicamente e desapareceu em Bamako a 11 de Maio. Uma fonte de seguran\u00e7a maliana disse \u00e0 Radio France Internationale (RFI) que as for\u00e7as de seguran\u00e7a do Estado o estavam a deter. L\u00edderes pr\u00f3-democracia afirmaram que estavam a manter-se em sil\u00eancio ou escondidos para evitar serem detidos.<\/p>\n<p>\u201cEstamos a lutar com armas desiguais,\u201d um ex-ministro disse \u00e0 RFI. \u201cMas isso n\u00e3o altera de forma alguma a nossa determina\u00e7\u00e3o: pela democracia, pela liberdade e pelo respeito pela lei.\u201d<\/p>\n<p>Analistas afirmam que \u00e9 improv\u00e1vel que haja um regresso \u00e0 democracia em breve. No final de Abril, uma consulta nacional organizada pela junta recomendou que os partidos fossem dissolvidos e que fosse mais dif\u00edcil form\u00e1-los. O Conselho Nacional de Transi\u00e7\u00e3o do Mali aprovou, no dia 13 de Maio, um projecto de lei que aboliu o multipartidarismo em todo o pa\u00eds.<\/p>\n<p>\u201cA nova lei pro\u00edbe oficialmente reuni\u00f5es, discursos e organiza\u00e7\u00f5es pol\u00edticas da oposi\u00e7\u00e3o,\u201d Lewis Mudge, director da HRW escreveu para a \u00c1frica Central. \u201cInfelizmente, a ac\u00e7\u00e3o n\u00e3o foi uma surpresa, dados os recentes ataques da junta militar no poder \u00e0 oposi\u00e7\u00e3o pol\u00edtica.\u201d<\/p>\n<p>O multipartidarismo e as liberdades de express\u00e3o e associa\u00e7\u00e3o foram consagrados na Constitui\u00e7\u00e3o do Mali de 1992, ano em que o Mali fez a transi\u00e7\u00e3o para um sistema democr\u00e1tico multipartid\u00e1rio. A junta de Go\u00efta tinha declarado que regressaria \u00e0 democracia at\u00e9 Mar\u00e7o de 2024.<\/p>\n<p>Ao promulgar a nova lei, a junta \u201cassinou a senten\u00e7a de morte do pluralismo pol\u00edtico no Mali,\u201d o ex-Ministro da Justi\u00e7a, Mamadou Isma\u00efla Konat\u00e9, disse em reportagens da France 24 e de outros meios de comunica\u00e7\u00e3o. Konat\u00e9 disse que a medida foi \u201cuma tentativa de demolir sistematicamente os poderes pol\u00edticos contr\u00e1rios\u201d no Mali.<\/p>\n<p>A junta de Go\u00efta baniu permanentemente a France 24 e a RFI, e suspendeu o canal de televis\u00e3o franc\u00eas TV5 Monde devido \u00e0 sua cobertura dos protestos de 3 de Maio, informou o Al-Ahram Online. A dura\u00e7\u00e3o da suspens\u00e3o n\u00e3o foi esclarecida. A junta tamb\u00e9m suspendeu a TV5 Monde por tr\u00eas meses em 2024.<\/p>\n","protected":false},"excerpt":{"rendered":"<p>O jornalista maliano Seydou Oumar Traor\u00e9 foi preso no dia 26 de Maio por criticar o presidente interino da Guin\u00e9, General Mamady Doumbouya, marcando uma tend\u00eancia cont\u00ednua de pris\u00e3o de cr\u00edticos malianos das juntas regionais. Traor\u00e9, que acabara de regressar de uma miss\u00e3o oficial a Kidal como parte da delega\u00e7\u00e3o do Ministro da Defesa do<\/p>\n","protected":false},"author":1,"featured_media":126353,"comment_status":"open","ping_status":"closed","sticky":false,"template":"","format":"standard","meta":{"_acf_changed":false,"_monsterinsights_skip_tracking":false,"_monsterinsights_sitenote_active":false,"_monsterinsights_sitenote_note":"","_monsterinsights_sitenote_category":0,"_uf_show_specific_survey":0,"_uf_disable_surveys":false,"footnotes":""},"categories":[363],"tags":[503,1614,452,1687,1018,1577],"class_list":{"0":"post-126359","1":"post","2":"type-post","3":"status-publish","4":"format-standard","5":"has-post-thumbnail","7":"category-melhores-historias","8":"tag-burkina-faso-pt-pt","9":"tag-burkina-faso-pt-pt-2","10":"tag-mali-pt-pt","11":"tag-mali-pt-pt-2","12":"tag-seguranca-nacional","13":"tag-seguranca-nacional-pt-pt"},"acf":[],"yoast_head":"<!-- This site is optimized with the Yoast SEO plugin v27.4 - https:\/\/yoast.com\/product\/yoast-seo-wordpress\/ -->\n<title>Junta do Mali Continua Guerra Contra Liberdade de Express\u00e3o e Pol\u00edtica Multipartid\u00e1ria - Africa Defense Forum<\/title>\n<meta name=\"robots\" content=\"index, follow, max-snippet:-1, max-image-preview:large, max-video-preview:-1\" \/>\n<link rel=\"canonical\" href=\"https:\/\/adf-magazine.com\/pt-pt\/2025\/06\/junta-do-mali-continua-guerra-contra-liberdade-de-expressao-e-politica-multipartidaria\/\" \/>\n<meta property=\"og:locale\" content=\"pt_PT\" \/>\n<meta property=\"og:type\" content=\"article\" \/>\n<meta property=\"og:title\" content=\"Junta do Mali Continua Guerra Contra Liberdade de Express\u00e3o e Pol\u00edtica Multipartid\u00e1ria - Africa Defense Forum\" \/>\n<meta property=\"og:description\" content=\"O jornalista maliano Seydou Oumar Traor\u00e9 foi preso no dia 26 de Maio por criticar o presidente interino da Guin\u00e9, General Mamady Doumbouya, marcando uma tend\u00eancia cont\u00ednua de pris\u00e3o de cr\u00edticos malianos das juntas regionais. Traor\u00e9, que acabara de regressar de uma miss\u00e3o oficial a Kidal como parte da delega\u00e7\u00e3o do Ministro da Defesa do\" \/>\n<meta property=\"og:url\" content=\"https:\/\/adf-magazine.com\/pt-pt\/2025\/06\/junta-do-mali-continua-guerra-contra-liberdade-de-expressao-e-politica-multipartidaria\/\" \/>\n<meta property=\"og:site_name\" content=\"Africa Defense Forum\" \/>\n<meta property=\"article:publisher\" content=\"https:\/\/www.facebook.com\/ADFmagazine\/\" \/>\n<meta property=\"article:published_time\" content=\"2025-06-24T19:39:51+00:00\" \/>\n<meta property=\"article:modified_time\" content=\"2025-06-24T19:40:06+00:00\" \/>\n<meta property=\"og:image\" content=\"https:\/\/adf-magazine.com\/wp-content\/uploads\/2025\/06\/GettyImages-2212634764.jpg\" \/>\n\t<meta property=\"og:image:width\" content=\"1024\" \/>\n\t<meta property=\"og:image:height\" content=\"683\" \/>\n\t<meta property=\"og:image:type\" content=\"image\/jpeg\" \/>\n<meta name=\"author\" content=\"ADF\" \/>\n<meta name=\"twitter:card\" content=\"summary_large_image\" \/>\n<meta name=\"twitter:creator\" content=\"@ADFmagazine\" \/>\n<meta name=\"twitter:site\" content=\"@ADFmagazine\" \/>\n<meta name=\"twitter:label1\" content=\"Escrito por\" \/>\n\t<meta name=\"twitter:data1\" content=\"ADF\" \/>\n\t<meta name=\"twitter:label2\" content=\"Tempo estimado de leitura\" \/>\n\t<meta name=\"twitter:data2\" content=\"4 minutos\" \/>\n<script type=\"application\/ld+json\" class=\"yoast-schema-graph\">{\"@context\":\"https:\\\/\\\/schema.org\",\"@graph\":[{\"@type\":\"Article\",\"@id\":\"https:\\\/\\\/adf-magazine.com\\\/pt-pt\\\/2025\\\/06\\\/junta-do-mali-continua-guerra-contra-liberdade-de-expressao-e-politica-multipartidaria\\\/#article\",\"isPartOf\":{\"@id\":\"https:\\\/\\\/adf-magazine.com\\\/pt-pt\\\/2025\\\/06\\\/junta-do-mali-continua-guerra-contra-liberdade-de-expressao-e-politica-multipartidaria\\\/\"},\"author\":{\"name\":\"ADF\",\"@id\":\"https:\\\/\\\/adf-magazine.com\\\/#\\\/schema\\\/person\\\/f266a6061389568b5a11465bb38bc025\"},\"headline\":\"Junta do Mali Continua Guerra Contra Liberdade de Express\u00e3o e Pol\u00edtica Multipartid\u00e1ria\",\"datePublished\":\"2025-06-24T19:39:51+00:00\",\"dateModified\":\"2025-06-24T19:40:06+00:00\",\"mainEntityOfPage\":{\"@id\":\"https:\\\/\\\/adf-magazine.com\\\/pt-pt\\\/2025\\\/06\\\/junta-do-mali-continua-guerra-contra-liberdade-de-expressao-e-politica-multipartidaria\\\/\"},\"wordCount\":883,\"commentCount\":0,\"image\":{\"@id\":\"https:\\\/\\\/adf-magazine.com\\\/pt-pt\\\/2025\\\/06\\\/junta-do-mali-continua-guerra-contra-liberdade-de-expressao-e-politica-multipartidaria\\\/#primaryimage\"},\"thumbnailUrl\":\"https:\\\/\\\/adf-magazine.com\\\/wp-content\\\/uploads\\\/2025\\\/06\\\/GettyImages-2212634764.jpg\",\"keywords\":[\"Burkina Faso\",\"Burkina Faso\",\"Mali\",\"Mali\",\"seguran\u00e7a nacional\",\"seguran\u00e7a nacional\"],\"articleSection\":[\"Not\u00edcias diaries\"],\"inLanguage\":\"pt-PT\",\"potentialAction\":[{\"@type\":\"CommentAction\",\"name\":\"Comment\",\"target\":[\"https:\\\/\\\/adf-magazine.com\\\/pt-pt\\\/2025\\\/06\\\/junta-do-mali-continua-guerra-contra-liberdade-de-expressao-e-politica-multipartidaria\\\/#respond\"]}]},{\"@type\":\"WebPage\",\"@id\":\"https:\\\/\\\/adf-magazine.com\\\/pt-pt\\\/2025\\\/06\\\/junta-do-mali-continua-guerra-contra-liberdade-de-expressao-e-politica-multipartidaria\\\/\",\"url\":\"https:\\\/\\\/adf-magazine.com\\\/pt-pt\\\/2025\\\/06\\\/junta-do-mali-continua-guerra-contra-liberdade-de-expressao-e-politica-multipartidaria\\\/\",\"name\":\"Junta do Mali Continua Guerra Contra Liberdade de Express\u00e3o e Pol\u00edtica Multipartid\u00e1ria - Africa Defense Forum\",\"isPartOf\":{\"@id\":\"https:\\\/\\\/adf-magazine.com\\\/#website\"},\"primaryImageOfPage\":{\"@id\":\"https:\\\/\\\/adf-magazine.com\\\/pt-pt\\\/2025\\\/06\\\/junta-do-mali-continua-guerra-contra-liberdade-de-expressao-e-politica-multipartidaria\\\/#primaryimage\"},\"image\":{\"@id\":\"https:\\\/\\\/adf-magazine.com\\\/pt-pt\\\/2025\\\/06\\\/junta-do-mali-continua-guerra-contra-liberdade-de-expressao-e-politica-multipartidaria\\\/#primaryimage\"},\"thumbnailUrl\":\"https:\\\/\\\/adf-magazine.com\\\/wp-content\\\/uploads\\\/2025\\\/06\\\/GettyImages-2212634764.jpg\",\"datePublished\":\"2025-06-24T19:39:51+00:00\",\"dateModified\":\"2025-06-24T19:40:06+00:00\",\"author\":{\"@id\":\"https:\\\/\\\/adf-magazine.com\\\/#\\\/schema\\\/person\\\/f266a6061389568b5a11465bb38bc025\"},\"breadcrumb\":{\"@id\":\"https:\\\/\\\/adf-magazine.com\\\/pt-pt\\\/2025\\\/06\\\/junta-do-mali-continua-guerra-contra-liberdade-de-expressao-e-politica-multipartidaria\\\/#breadcrumb\"},\"inLanguage\":\"pt-PT\",\"potentialAction\":[{\"@type\":\"ReadAction\",\"target\":[\"https:\\\/\\\/adf-magazine.com\\\/pt-pt\\\/2025\\\/06\\\/junta-do-mali-continua-guerra-contra-liberdade-de-expressao-e-politica-multipartidaria\\\/\"]}]},{\"@type\":\"ImageObject\",\"inLanguage\":\"pt-PT\",\"@id\":\"https:\\\/\\\/adf-magazine.com\\\/pt-pt\\\/2025\\\/06\\\/junta-do-mali-continua-guerra-contra-liberdade-de-expressao-e-politica-multipartidaria\\\/#primaryimage\",\"url\":\"https:\\\/\\\/adf-magazine.com\\\/wp-content\\\/uploads\\\/2025\\\/06\\\/GettyImages-2212634764.jpg\",\"contentUrl\":\"https:\\\/\\\/adf-magazine.com\\\/wp-content\\\/uploads\\\/2025\\\/06\\\/GettyImages-2212634764.jpg\",\"width\":1024,\"height\":683,\"caption\":\"Manifestantes pr\u00f3-democracia do Mali protestam contra a junta governativa em Bamako, em Maio. AFP\\\/GETTY IMAGES\"},{\"@type\":\"BreadcrumbList\",\"@id\":\"https:\\\/\\\/adf-magazine.com\\\/pt-pt\\\/2025\\\/06\\\/junta-do-mali-continua-guerra-contra-liberdade-de-expressao-e-politica-multipartidaria\\\/#breadcrumb\",\"itemListElement\":[{\"@type\":\"ListItem\",\"position\":1,\"name\":\"Home\",\"item\":\"https:\\\/\\\/adf-magazine.com\\\/\"},{\"@type\":\"ListItem\",\"position\":2,\"name\":\"Junta do Mali Continua Guerra Contra Liberdade de Express\u00e3o e Pol\u00edtica Multipartid\u00e1ria\"}]},{\"@type\":\"WebSite\",\"@id\":\"https:\\\/\\\/adf-magazine.com\\\/#website\",\"url\":\"https:\\\/\\\/adf-magazine.com\\\/\",\"name\":\"Africa Defense Forum\",\"description\":\"Africa Defense Forum\",\"potentialAction\":[{\"@type\":\"SearchAction\",\"target\":{\"@type\":\"EntryPoint\",\"urlTemplate\":\"https:\\\/\\\/adf-magazine.com\\\/?s={search_term_string}\"},\"query-input\":{\"@type\":\"PropertyValueSpecification\",\"valueRequired\":true,\"valueName\":\"search_term_string\"}}],\"inLanguage\":\"pt-PT\"},{\"@type\":\"Person\",\"@id\":\"https:\\\/\\\/adf-magazine.com\\\/#\\\/schema\\\/person\\\/f266a6061389568b5a11465bb38bc025\",\"name\":\"ADF\",\"image\":{\"@type\":\"ImageObject\",\"inLanguage\":\"pt-PT\",\"@id\":\"https:\\\/\\\/adf-magazine.com\\\/wp-content\\\/uploads\\\/2020\\\/05\\\/cropped-ADF_icon.jpg\",\"url\":\"https:\\\/\\\/adf-magazine.com\\\/wp-content\\\/uploads\\\/2020\\\/05\\\/cropped-ADF_icon.jpg\",\"contentUrl\":\"https:\\\/\\\/adf-magazine.com\\\/wp-content\\\/uploads\\\/2020\\\/05\\\/cropped-ADF_icon.jpg\",\"caption\":\"ADF\"},\"description\":\"ADF is a professional military magazine published quarterly by U.S. Africa Command to provide an international forum for African security professionals. ADF covers topics such as counter terrorism strategies, security and defense operations, transnational crime, and all other issues affecting peace, stability, and good governance on the African continent.\",\"sameAs\":[\"https:\\\/\\\/x.com\\\/ADFmagazine\"],\"url\":\"https:\\\/\\\/adf-magazine.com\\\/pt-pt\\\/author\\\/adf\\\/\"}]}<\/script>\n<!-- \/ Yoast SEO plugin. -->","yoast_head_json":{"title":"Junta do Mali Continua Guerra Contra Liberdade de Express\u00e3o e Pol\u00edtica Multipartid\u00e1ria - Africa Defense Forum","robots":{"index":"index","follow":"follow","max-snippet":"max-snippet:-1","max-image-preview":"max-image-preview:large","max-video-preview":"max-video-preview:-1"},"canonical":"https:\/\/adf-magazine.com\/pt-pt\/2025\/06\/junta-do-mali-continua-guerra-contra-liberdade-de-expressao-e-politica-multipartidaria\/","og_locale":"pt_PT","og_type":"article","og_title":"Junta do Mali Continua Guerra Contra Liberdade de Express\u00e3o e Pol\u00edtica Multipartid\u00e1ria - Africa Defense Forum","og_description":"O jornalista maliano Seydou Oumar Traor\u00e9 foi preso no dia 26 de Maio por criticar o presidente interino da Guin\u00e9, General Mamady Doumbouya, marcando uma tend\u00eancia cont\u00ednua de pris\u00e3o de cr\u00edticos malianos das juntas regionais. Traor\u00e9, que acabara de regressar de uma miss\u00e3o oficial a Kidal como parte da delega\u00e7\u00e3o do Ministro da Defesa do","og_url":"https:\/\/adf-magazine.com\/pt-pt\/2025\/06\/junta-do-mali-continua-guerra-contra-liberdade-de-expressao-e-politica-multipartidaria\/","og_site_name":"Africa Defense Forum","article_publisher":"https:\/\/www.facebook.com\/ADFmagazine\/","article_published_time":"2025-06-24T19:39:51+00:00","article_modified_time":"2025-06-24T19:40:06+00:00","og_image":[{"width":1024,"height":683,"url":"https:\/\/adf-magazine.com\/wp-content\/uploads\/2025\/06\/GettyImages-2212634764.jpg","type":"image\/jpeg"}],"author":"ADF","twitter_card":"summary_large_image","twitter_creator":"@ADFmagazine","twitter_site":"@ADFmagazine","twitter_misc":{"Escrito por":"ADF","Tempo estimado de leitura":"4 minutos"},"schema":{"@context":"https:\/\/schema.org","@graph":[{"@type":"Article","@id":"https:\/\/adf-magazine.com\/pt-pt\/2025\/06\/junta-do-mali-continua-guerra-contra-liberdade-de-expressao-e-politica-multipartidaria\/#article","isPartOf":{"@id":"https:\/\/adf-magazine.com\/pt-pt\/2025\/06\/junta-do-mali-continua-guerra-contra-liberdade-de-expressao-e-politica-multipartidaria\/"},"author":{"name":"ADF","@id":"https:\/\/adf-magazine.com\/#\/schema\/person\/f266a6061389568b5a11465bb38bc025"},"headline":"Junta do Mali Continua Guerra Contra Liberdade de Express\u00e3o e Pol\u00edtica Multipartid\u00e1ria","datePublished":"2025-06-24T19:39:51+00:00","dateModified":"2025-06-24T19:40:06+00:00","mainEntityOfPage":{"@id":"https:\/\/adf-magazine.com\/pt-pt\/2025\/06\/junta-do-mali-continua-guerra-contra-liberdade-de-expressao-e-politica-multipartidaria\/"},"wordCount":883,"commentCount":0,"image":{"@id":"https:\/\/adf-magazine.com\/pt-pt\/2025\/06\/junta-do-mali-continua-guerra-contra-liberdade-de-expressao-e-politica-multipartidaria\/#primaryimage"},"thumbnailUrl":"https:\/\/adf-magazine.com\/wp-content\/uploads\/2025\/06\/GettyImages-2212634764.jpg","keywords":["Burkina Faso","Burkina Faso","Mali","Mali","seguran\u00e7a nacional","seguran\u00e7a nacional"],"articleSection":["Not\u00edcias diaries"],"inLanguage":"pt-PT","potentialAction":[{"@type":"CommentAction","name":"Comment","target":["https:\/\/adf-magazine.com\/pt-pt\/2025\/06\/junta-do-mali-continua-guerra-contra-liberdade-de-expressao-e-politica-multipartidaria\/#respond"]}]},{"@type":"WebPage","@id":"https:\/\/adf-magazine.com\/pt-pt\/2025\/06\/junta-do-mali-continua-guerra-contra-liberdade-de-expressao-e-politica-multipartidaria\/","url":"https:\/\/adf-magazine.com\/pt-pt\/2025\/06\/junta-do-mali-continua-guerra-contra-liberdade-de-expressao-e-politica-multipartidaria\/","name":"Junta do Mali Continua Guerra Contra Liberdade de Express\u00e3o e Pol\u00edtica Multipartid\u00e1ria - Africa Defense Forum","isPartOf":{"@id":"https:\/\/adf-magazine.com\/#website"},"primaryImageOfPage":{"@id":"https:\/\/adf-magazine.com\/pt-pt\/2025\/06\/junta-do-mali-continua-guerra-contra-liberdade-de-expressao-e-politica-multipartidaria\/#primaryimage"},"image":{"@id":"https:\/\/adf-magazine.com\/pt-pt\/2025\/06\/junta-do-mali-continua-guerra-contra-liberdade-de-expressao-e-politica-multipartidaria\/#primaryimage"},"thumbnailUrl":"https:\/\/adf-magazine.com\/wp-content\/uploads\/2025\/06\/GettyImages-2212634764.jpg","datePublished":"2025-06-24T19:39:51+00:00","dateModified":"2025-06-24T19:40:06+00:00","author":{"@id":"https:\/\/adf-magazine.com\/#\/schema\/person\/f266a6061389568b5a11465bb38bc025"},"breadcrumb":{"@id":"https:\/\/adf-magazine.com\/pt-pt\/2025\/06\/junta-do-mali-continua-guerra-contra-liberdade-de-expressao-e-politica-multipartidaria\/#breadcrumb"},"inLanguage":"pt-PT","potentialAction":[{"@type":"ReadAction","target":["https:\/\/adf-magazine.com\/pt-pt\/2025\/06\/junta-do-mali-continua-guerra-contra-liberdade-de-expressao-e-politica-multipartidaria\/"]}]},{"@type":"ImageObject","inLanguage":"pt-PT","@id":"https:\/\/adf-magazine.com\/pt-pt\/2025\/06\/junta-do-mali-continua-guerra-contra-liberdade-de-expressao-e-politica-multipartidaria\/#primaryimage","url":"https:\/\/adf-magazine.com\/wp-content\/uploads\/2025\/06\/GettyImages-2212634764.jpg","contentUrl":"https:\/\/adf-magazine.com\/wp-content\/uploads\/2025\/06\/GettyImages-2212634764.jpg","width":1024,"height":683,"caption":"Manifestantes pr\u00f3-democracia do Mali protestam contra a junta governativa em Bamako, em Maio. AFP\/GETTY IMAGES"},{"@type":"BreadcrumbList","@id":"https:\/\/adf-magazine.com\/pt-pt\/2025\/06\/junta-do-mali-continua-guerra-contra-liberdade-de-expressao-e-politica-multipartidaria\/#breadcrumb","itemListElement":[{"@type":"ListItem","position":1,"name":"Home","item":"https:\/\/adf-magazine.com\/"},{"@type":"ListItem","position":2,"name":"Junta do Mali Continua Guerra Contra Liberdade de Express\u00e3o e Pol\u00edtica Multipartid\u00e1ria"}]},{"@type":"WebSite","@id":"https:\/\/adf-magazine.com\/#website","url":"https:\/\/adf-magazine.com\/","name":"Africa Defense Forum","description":"Africa Defense Forum","potentialAction":[{"@type":"SearchAction","target":{"@type":"EntryPoint","urlTemplate":"https:\/\/adf-magazine.com\/?s={search_term_string}"},"query-input":{"@type":"PropertyValueSpecification","valueRequired":true,"valueName":"search_term_string"}}],"inLanguage":"pt-PT"},{"@type":"Person","@id":"https:\/\/adf-magazine.com\/#\/schema\/person\/f266a6061389568b5a11465bb38bc025","name":"ADF","image":{"@type":"ImageObject","inLanguage":"pt-PT","@id":"https:\/\/adf-magazine.com\/wp-content\/uploads\/2020\/05\/cropped-ADF_icon.jpg","url":"https:\/\/adf-magazine.com\/wp-content\/uploads\/2020\/05\/cropped-ADF_icon.jpg","contentUrl":"https:\/\/adf-magazine.com\/wp-content\/uploads\/2020\/05\/cropped-ADF_icon.jpg","caption":"ADF"},"description":"ADF is a professional military magazine published quarterly by U.S. Africa Command to provide an international forum for African security professionals. ADF covers topics such as counter terrorism strategies, security and defense operations, transnational crime, and all other issues affecting peace, stability, and good governance on the African continent.","sameAs":["https:\/\/x.com\/ADFmagazine"],"url":"https:\/\/adf-magazine.com\/pt-pt\/author\/adf\/"}]}},"_links":{"self":[{"href":"https:\/\/adf-magazine.com\/pt-pt\/wp-json\/wp\/v2\/posts\/126359","targetHints":{"allow":["GET"]}}],"collection":[{"href":"https:\/\/adf-magazine.com\/pt-pt\/wp-json\/wp\/v2\/posts"}],"about":[{"href":"https:\/\/adf-magazine.com\/pt-pt\/wp-json\/wp\/v2\/types\/post"}],"author":[{"embeddable":true,"href":"https:\/\/adf-magazine.com\/pt-pt\/wp-json\/wp\/v2\/users\/1"}],"replies":[{"embeddable":true,"href":"https:\/\/adf-magazine.com\/pt-pt\/wp-json\/wp\/v2\/comments?post=126359"}],"version-history":[{"count":0,"href":"https:\/\/adf-magazine.com\/pt-pt\/wp-json\/wp\/v2\/posts\/126359\/revisions"}],"wp:featuredmedia":[{"embeddable":true,"href":"https:\/\/adf-magazine.com\/pt-pt\/wp-json\/wp\/v2\/media\/126353"}],"wp:attachment":[{"href":"https:\/\/adf-magazine.com\/pt-pt\/wp-json\/wp\/v2\/media?parent=126359"}],"wp:term":[{"taxonomy":"category","embeddable":true,"href":"https:\/\/adf-magazine.com\/pt-pt\/wp-json\/wp\/v2\/categories?post=126359"},{"taxonomy":"post_tag","embeddable":true,"href":"https:\/\/adf-magazine.com\/pt-pt\/wp-json\/wp\/v2\/tags?post=126359"}],"curies":[{"name":"wp","href":"https:\/\/api.w.org\/{rel}","templated":true}]}}