{"id":124246,"date":"2025-04-15T12:56:45","date_gmt":"2025-04-15T16:56:45","guid":{"rendered":"https:\/\/adf-magazine.com\/?p=124246"},"modified":"2025-04-15T12:57:15","modified_gmt":"2025-04-15T16:57:15","slug":"grupo-extremista-encontra-terreno-fertil-para-recrutamento-e-comercio-ilicito-no-gana","status":"publish","type":"post","link":"https:\/\/adf-magazine.com\/pt-pt\/2025\/04\/grupo-extremista-encontra-terreno-fertil-para-recrutamento-e-comercio-ilicito-no-gana\/","title":{"rendered":"Grupo Extremista Encontra Terreno F\u00e9rtil para Recrutamento e Com\u00e9rcio Il\u00edcito no Gana"},"content":{"rendered":"<p style=\"font-weight: 400;\">Nas regi\u00f5es setentrionais da Costa do Marfim, do Gana e do Togo, reina uma paz relativa, quando comparada com a terr\u00edvel situa\u00e7\u00e3o no vizinho Burquina Faso, onde grupos terroristas tomaram o controlo de grande parte do pa\u00eds.<\/p>\n<p style=\"font-weight: 400;\">Ao contr\u00e1rio dos seus vizinhos, o Gana ainda n\u00e3o sofreu qualquer ataque terrorista. No entanto, a sul da fronteira com o Burquina Faso, os pr\u00f3speros mercados de com\u00e9rcio il\u00edcito ajudam a apoiar financeiramente os grupos insurgentes e proporcionam oportunidades de recrutamento de combatentes.<\/p>\n<p style=\"font-weight: 400;\">Afiliada \u00e0 al-Qaeda, a Jama\u2019at Nusrat al-Islam wal-Muslimin (JNIM) \u00e9 o grupo terrorista mais activo na zona e lan\u00e7a uma vasta rede de recrutamento de homens e rapazes para combater no Burquina Faso.<\/p>\n<p style=\"font-weight: 400;\">\u201cAlguns lutam pela jihad, outros fazem-no por neg\u00f3cios,\u201d disse um dos tr\u00eas homens ganeses com quem a BBC falou recentemente, sob condi\u00e7\u00e3o de anonimato.<\/p>\n<p style=\"font-weight: 400;\">O neg\u00f3cio a que os tr\u00eas homens se dedicam \u00e9 o contrabando de gado do Burquina Faso e o com\u00e9rcio em mercados de gado no norte do Gana. \u00c9 uma das muitas fontes de financiamento do terrorismo no Sahel.<\/p>\n<p style=\"font-weight: 400;\">Durante um exerc\u00edcio de mapeamento das economias il\u00edcitas na \u00c1frica Ocidental, a Iniciativa Global contra o Crime Organizado Transnacional identificou o roubo de gado como um \u201cmercado acelerador\u201d ligado \u00e0 instabilidade e influenciado por ela.<\/p>\n<p style=\"font-weight: 400;\">\u201cO roubo de gado \u00e9 um fen\u00f3meno crescente que anda de m\u00e3os dadas com a expans\u00e3o de grupos extremistas violentos, em particular a JNIM, afiliada \u00e0 al-Qaeda,\u201d declarou a iniciativa em 2024.<\/p>\n<p style=\"font-weight: 400;\">As tr\u00eas fontes da BBC disseram ter atravessado a porosa fronteira de 550 quil\u00f3metros entre os dois pa\u00edses e lutado no Burquina Faso v\u00e1rias vezes desde 2018. Um deles foi motivado pela ideologia extremista, outro pela necessidade de defender as comunidades familiares.<\/p>\n<p style=\"font-weight: 400;\">\u201cO meu irm\u00e3o mais velho, a sua mulher e os seus filhos foram todos mortos pelo ex\u00e9rcito [burquinab\u00ea],\u201d disse um dos homens. \u201cIsso magoa-me muito. Os militares chegaram \u00e0 sua comunidade na floresta. Mataram-nos a todos, uma fam\u00edlia inteira, que inclu\u00eda 29 pessoas.\u201d<\/p>\n<p style=\"font-weight: 400;\">Em 2022, os grupos terroristas do Sahel recrutaram entre 200 e 300 ganeses, de acordo com a investiga\u00e7\u00e3o da organiza\u00e7\u00e3o n\u00e3o-governamental francesa Promediation, especializada na mitiga\u00e7\u00e3o e preven\u00e7\u00e3o de conflitos.<\/p>\n<p style=\"font-weight: 400;\">Um relat\u00f3rio de Julho de 2024 do grupo de reflex\u00e3o holand\u00eas sobre rela\u00e7\u00f5es internacionais Clingendael indicou que a JNIM tentou utilizar as divis\u00f5es sociais, a estigmatiza\u00e7\u00e3o e a discrimina\u00e7\u00e3o para recrutar e incitar os ganeses Fulani, um grupo \u00e9tnico semin\u00f3mada da \u00c1frica Ocidental profundamente ligado \u00e0 cria\u00e7\u00e3o de gado.<\/p>\n<p style=\"font-weight: 400;\">\u201cPara a JNIM, o Gana funciona actualmente como uma linha de abastecimento onde os militantes obt\u00eam alimentos, bens n\u00e3o perec\u00edveis (por exemplo, dinamite, combust\u00edvel, gado, motociclos), recrutas e encontram um local para descansar e se esconderem,\u201d afirma o relat\u00f3rio. \u201cAssim, a aus\u00eancia de ataques reais em solo gan\u00eas parece resultar do c\u00e1lculo da JNIM de n\u00e3o perturbar as linhas de abastecimento e os locais de descanso, bem como de n\u00e3o provocar um ex\u00e9rcito relativamente forte.\u201d<\/p>\n<p style=\"font-weight: 400;\">O grupo Clingendael disse que a JNIM teve um \u201csucesso m\u00ednimo\u201d no recrutamento no Gana. Mas as fontes da BBC discordaram, dizendo que pessoas de \u201ctodas as partes do Gana\u201d e de muitos grupos \u00e9tnicos estavam a juntar-se \u00e0 luta no Burquina Faso. Uma delas descreveu a forma como os ataques no Burquina Faso ajudam a abastecer os mercados de gado no norte do Gana, dizendo: \u201cQuando atacamos uma comunidade, levamos os seus animais: por vezes 50, por vezes 100.\u201d<\/p>\n<p style=\"font-weight: 400;\">Os homens disseram que \u00e9 poss\u00edvel que a insurg\u00eancia continue a expandir-se para os Estados costeiros da Costa do Marfim, do Gana e do Togo.<\/p>\n<p><span style=\"font-weight: 400;\">\u201cEsta coisa pode ir para qualquer s\u00edtio, ou para qualquer pa\u00eds,\u201d disse um deles. \u201cN\u00e3o existia no Togo, mas agora os ataques est\u00e3o a acontecer l\u00e1. Se eles podem ir para o Togo, podem ir para o pa\u00eds mais pac\u00edfico, o Gana. Esta coisa \u00e9 perigosa e \u00e9 poderosa.\u201d<\/span><\/p>\n","protected":false},"excerpt":{"rendered":"<p>Nas regi\u00f5es setentrionais da Costa do Marfim, do Gana e do Togo, reina uma paz relativa, quando comparada com a terr\u00edvel situa\u00e7\u00e3o no vizinho Burquina Faso, onde grupos terroristas tomaram o controlo de grande parte do pa\u00eds. Ao contr\u00e1rio dos seus vizinhos, o Gana ainda n\u00e3o sofreu qualquer ataque terrorista. No entanto, a sul da<\/p>\n","protected":false},"author":1,"featured_media":124245,"comment_status":"open","ping_status":"closed","sticky":false,"template":"","format":"standard","meta":{"_acf_changed":false,"_monsterinsights_skip_tracking":false,"_monsterinsights_sitenote_active":false,"_monsterinsights_sitenote_note":"","_monsterinsights_sitenote_category":0,"_uf_show_specific_survey":0,"_uf_disable_surveys":false,"footnotes":""},"categories":[363],"tags":[1285,503,499,449,501,1139],"class_list":{"0":"post-124246","1":"post","2":"type-post","3":"status-publish","4":"format-standard","5":"has-post-thumbnail","7":"category-melhores-historias","8":"tag-al-qaeda-pt-pt","9":"tag-burkina-faso-pt-pt","10":"tag-extremismo","11":"tag-gana","12":"tag-sahel-pt-pt","13":"tag-terrorism-pt-pt"},"acf":[],"yoast_head":"<!-- This site is optimized with the Yoast SEO plugin v27.4 - https:\/\/yoast.com\/product\/yoast-seo-wordpress\/ -->\n<title>Grupo Extremista Encontra Terreno F\u00e9rtil para Recrutamento e Com\u00e9rcio Il\u00edcito no Gana - Africa Defense Forum<\/title>\n<meta name=\"robots\" content=\"index, follow, max-snippet:-1, max-image-preview:large, max-video-preview:-1\" \/>\n<link rel=\"canonical\" href=\"https:\/\/adf-magazine.com\/fr\/?p=124248\" \/>\n<meta property=\"og:locale\" content=\"pt_PT\" \/>\n<meta property=\"og:type\" content=\"article\" \/>\n<meta property=\"og:title\" content=\"Grupo Extremista Encontra Terreno F\u00e9rtil para Recrutamento e Com\u00e9rcio Il\u00edcito no Gana - Africa Defense Forum\" \/>\n<meta property=\"og:description\" content=\"Nas regi\u00f5es setentrionais da Costa do Marfim, do Gana e do Togo, reina uma paz relativa, quando comparada com a terr\u00edvel situa\u00e7\u00e3o no vizinho Burquina Faso, onde grupos terroristas tomaram o controlo de grande parte do pa\u00eds. Ao contr\u00e1rio dos seus vizinhos, o Gana ainda n\u00e3o sofreu qualquer ataque terrorista. No entanto, a sul da\" \/>\n<meta property=\"og:url\" content=\"https:\/\/adf-magazine.com\/fr\/?p=124248\" \/>\n<meta property=\"og:site_name\" content=\"Africa Defense Forum\" \/>\n<meta property=\"article:publisher\" content=\"https:\/\/www.facebook.com\/ADFmagazine\/\" \/>\n<meta property=\"article:published_time\" content=\"2025-04-15T16:56:45+00:00\" \/>\n<meta property=\"article:modified_time\" content=\"2025-04-15T16:57:15+00:00\" \/>\n<meta property=\"og:image\" content=\"https:\/\/adf-magazine.com\/wp-content\/uploads\/2025\/04\/GettyImages-1056768370.jpg\" \/>\n\t<meta property=\"og:image:width\" content=\"1024\" \/>\n\t<meta property=\"og:image:height\" content=\"681\" \/>\n\t<meta property=\"og:image:type\" content=\"image\/jpeg\" \/>\n<meta name=\"author\" content=\"ADF\" \/>\n<meta name=\"twitter:card\" content=\"summary_large_image\" \/>\n<meta name=\"twitter:creator\" content=\"@ADFmagazine\" \/>\n<meta name=\"twitter:site\" content=\"@ADFmagazine\" \/>\n<meta name=\"twitter:label1\" content=\"Escrito por\" \/>\n\t<meta name=\"twitter:data1\" content=\"ADF\" \/>\n\t<meta name=\"twitter:label2\" content=\"Tempo estimado de leitura\" \/>\n\t<meta name=\"twitter:data2\" content=\"3 minutos\" \/>\n<script type=\"application\/ld+json\" class=\"yoast-schema-graph\">{\"@context\":\"https:\\\/\\\/schema.org\",\"@graph\":[{\"@type\":\"Article\",\"@id\":\"https:\\\/\\\/adf-magazine.com\\\/fr\\\/?p=124248#article\",\"isPartOf\":{\"@id\":\"https:\\\/\\\/adf-magazine.com\\\/fr\\\/?p=124248\"},\"author\":{\"name\":\"ADF\",\"@id\":\"https:\\\/\\\/adf-magazine.com\\\/#\\\/schema\\\/person\\\/f266a6061389568b5a11465bb38bc025\"},\"headline\":\"Grupo Extremista Encontra Terreno F\u00e9rtil para Recrutamento e Com\u00e9rcio Il\u00edcito no Gana\",\"datePublished\":\"2025-04-15T16:56:45+00:00\",\"dateModified\":\"2025-04-15T16:57:15+00:00\",\"mainEntityOfPage\":{\"@id\":\"https:\\\/\\\/adf-magazine.com\\\/fr\\\/?p=124248\"},\"wordCount\":692,\"commentCount\":0,\"image\":{\"@id\":\"https:\\\/\\\/adf-magazine.com\\\/fr\\\/?p=124248#primaryimage\"},\"thumbnailUrl\":\"https:\\\/\\\/adf-magazine.com\\\/wp-content\\\/uploads\\\/2025\\\/04\\\/GettyImages-1056768370.jpg\",\"keywords\":[\"Al-Qaeda\",\"Burkina Faso\",\"extremismo\",\"Gana\",\"Sahel\",\"Terrorism\"],\"articleSection\":[\"Not\u00edcias diaries\"],\"inLanguage\":\"pt-PT\",\"potentialAction\":[{\"@type\":\"CommentAction\",\"name\":\"Comment\",\"target\":[\"https:\\\/\\\/adf-magazine.com\\\/fr\\\/?p=124248#respond\"]}]},{\"@type\":\"WebPage\",\"@id\":\"https:\\\/\\\/adf-magazine.com\\\/fr\\\/?p=124248\",\"url\":\"https:\\\/\\\/adf-magazine.com\\\/fr\\\/?p=124248\",\"name\":\"Grupo Extremista Encontra Terreno F\u00e9rtil para Recrutamento e Com\u00e9rcio Il\u00edcito no Gana - Africa Defense Forum\",\"isPartOf\":{\"@id\":\"https:\\\/\\\/adf-magazine.com\\\/#website\"},\"primaryImageOfPage\":{\"@id\":\"https:\\\/\\\/adf-magazine.com\\\/fr\\\/?p=124248#primaryimage\"},\"image\":{\"@id\":\"https:\\\/\\\/adf-magazine.com\\\/fr\\\/?p=124248#primaryimage\"},\"thumbnailUrl\":\"https:\\\/\\\/adf-magazine.com\\\/wp-content\\\/uploads\\\/2025\\\/04\\\/GettyImages-1056768370.jpg\",\"datePublished\":\"2025-04-15T16:56:45+00:00\",\"dateModified\":\"2025-04-15T16:57:15+00:00\",\"author\":{\"@id\":\"https:\\\/\\\/adf-magazine.com\\\/#\\\/schema\\\/person\\\/f266a6061389568b5a11465bb38bc025\"},\"breadcrumb\":{\"@id\":\"https:\\\/\\\/adf-magazine.com\\\/fr\\\/?p=124248#breadcrumb\"},\"inLanguage\":\"pt-PT\",\"potentialAction\":[{\"@type\":\"ReadAction\",\"target\":[\"https:\\\/\\\/adf-magazine.com\\\/fr\\\/?p=124248\"]}]},{\"@type\":\"ImageObject\",\"inLanguage\":\"pt-PT\",\"@id\":\"https:\\\/\\\/adf-magazine.com\\\/fr\\\/?p=124248#primaryimage\",\"url\":\"https:\\\/\\\/adf-magazine.com\\\/wp-content\\\/uploads\\\/2025\\\/04\\\/GettyImages-1056768370.jpg\",\"contentUrl\":\"https:\\\/\\\/adf-magazine.com\\\/wp-content\\\/uploads\\\/2025\\\/04\\\/GettyImages-1056768370.jpg\",\"width\":1024,\"height\":681,\"caption\":\"Homens cuidam do seu gado nos arredores da cidade de Ouahigouya, Burquina Faso. AFP\\\/GETTY IMAGES\"},{\"@type\":\"BreadcrumbList\",\"@id\":\"https:\\\/\\\/adf-magazine.com\\\/fr\\\/?p=124248#breadcrumb\",\"itemListElement\":[{\"@type\":\"ListItem\",\"position\":1,\"name\":\"Home\",\"item\":\"https:\\\/\\\/adf-magazine.com\\\/\"},{\"@type\":\"ListItem\",\"position\":2,\"name\":\"Grupo Extremista Encontra Terreno F\u00e9rtil para Recrutamento e Com\u00e9rcio Il\u00edcito no Gana\"}]},{\"@type\":\"WebSite\",\"@id\":\"https:\\\/\\\/adf-magazine.com\\\/#website\",\"url\":\"https:\\\/\\\/adf-magazine.com\\\/\",\"name\":\"Africa Defense Forum\",\"description\":\"Africa Defense Forum\",\"potentialAction\":[{\"@type\":\"SearchAction\",\"target\":{\"@type\":\"EntryPoint\",\"urlTemplate\":\"https:\\\/\\\/adf-magazine.com\\\/?s={search_term_string}\"},\"query-input\":{\"@type\":\"PropertyValueSpecification\",\"valueRequired\":true,\"valueName\":\"search_term_string\"}}],\"inLanguage\":\"pt-PT\"},{\"@type\":\"Person\",\"@id\":\"https:\\\/\\\/adf-magazine.com\\\/#\\\/schema\\\/person\\\/f266a6061389568b5a11465bb38bc025\",\"name\":\"ADF\",\"image\":{\"@type\":\"ImageObject\",\"inLanguage\":\"pt-PT\",\"@id\":\"https:\\\/\\\/adf-magazine.com\\\/wp-content\\\/uploads\\\/2020\\\/05\\\/cropped-ADF_icon.jpg\",\"url\":\"https:\\\/\\\/adf-magazine.com\\\/wp-content\\\/uploads\\\/2020\\\/05\\\/cropped-ADF_icon.jpg\",\"contentUrl\":\"https:\\\/\\\/adf-magazine.com\\\/wp-content\\\/uploads\\\/2020\\\/05\\\/cropped-ADF_icon.jpg\",\"caption\":\"ADF\"},\"description\":\"ADF is a professional military magazine published quarterly by U.S. Africa Command to provide an international forum for African security professionals. ADF covers topics such as counter terrorism strategies, security and defense operations, transnational crime, and all other issues affecting peace, stability, and good governance on the African continent.\",\"sameAs\":[\"https:\\\/\\\/x.com\\\/ADFmagazine\"],\"url\":\"https:\\\/\\\/adf-magazine.com\\\/pt-pt\\\/author\\\/adf\\\/\"}]}<\/script>\n<!-- \/ Yoast SEO plugin. -->","yoast_head_json":{"title":"Grupo Extremista Encontra Terreno F\u00e9rtil para Recrutamento e Com\u00e9rcio Il\u00edcito no Gana - Africa Defense Forum","robots":{"index":"index","follow":"follow","max-snippet":"max-snippet:-1","max-image-preview":"max-image-preview:large","max-video-preview":"max-video-preview:-1"},"canonical":"https:\/\/adf-magazine.com\/fr\/?p=124248","og_locale":"pt_PT","og_type":"article","og_title":"Grupo Extremista Encontra Terreno F\u00e9rtil para Recrutamento e Com\u00e9rcio Il\u00edcito no Gana - Africa Defense Forum","og_description":"Nas regi\u00f5es setentrionais da Costa do Marfim, do Gana e do Togo, reina uma paz relativa, quando comparada com a terr\u00edvel situa\u00e7\u00e3o no vizinho Burquina Faso, onde grupos terroristas tomaram o controlo de grande parte do pa\u00eds. Ao contr\u00e1rio dos seus vizinhos, o Gana ainda n\u00e3o sofreu qualquer ataque terrorista. No entanto, a sul da","og_url":"https:\/\/adf-magazine.com\/fr\/?p=124248","og_site_name":"Africa Defense Forum","article_publisher":"https:\/\/www.facebook.com\/ADFmagazine\/","article_published_time":"2025-04-15T16:56:45+00:00","article_modified_time":"2025-04-15T16:57:15+00:00","og_image":[{"width":1024,"height":681,"url":"https:\/\/adf-magazine.com\/wp-content\/uploads\/2025\/04\/GettyImages-1056768370.jpg","type":"image\/jpeg"}],"author":"ADF","twitter_card":"summary_large_image","twitter_creator":"@ADFmagazine","twitter_site":"@ADFmagazine","twitter_misc":{"Escrito por":"ADF","Tempo estimado de leitura":"3 minutos"},"schema":{"@context":"https:\/\/schema.org","@graph":[{"@type":"Article","@id":"https:\/\/adf-magazine.com\/fr\/?p=124248#article","isPartOf":{"@id":"https:\/\/adf-magazine.com\/fr\/?p=124248"},"author":{"name":"ADF","@id":"https:\/\/adf-magazine.com\/#\/schema\/person\/f266a6061389568b5a11465bb38bc025"},"headline":"Grupo Extremista Encontra Terreno F\u00e9rtil para Recrutamento e Com\u00e9rcio Il\u00edcito no Gana","datePublished":"2025-04-15T16:56:45+00:00","dateModified":"2025-04-15T16:57:15+00:00","mainEntityOfPage":{"@id":"https:\/\/adf-magazine.com\/fr\/?p=124248"},"wordCount":692,"commentCount":0,"image":{"@id":"https:\/\/adf-magazine.com\/fr\/?p=124248#primaryimage"},"thumbnailUrl":"https:\/\/adf-magazine.com\/wp-content\/uploads\/2025\/04\/GettyImages-1056768370.jpg","keywords":["Al-Qaeda","Burkina Faso","extremismo","Gana","Sahel","Terrorism"],"articleSection":["Not\u00edcias diaries"],"inLanguage":"pt-PT","potentialAction":[{"@type":"CommentAction","name":"Comment","target":["https:\/\/adf-magazine.com\/fr\/?p=124248#respond"]}]},{"@type":"WebPage","@id":"https:\/\/adf-magazine.com\/fr\/?p=124248","url":"https:\/\/adf-magazine.com\/fr\/?p=124248","name":"Grupo Extremista Encontra Terreno F\u00e9rtil para Recrutamento e Com\u00e9rcio Il\u00edcito no Gana - Africa Defense Forum","isPartOf":{"@id":"https:\/\/adf-magazine.com\/#website"},"primaryImageOfPage":{"@id":"https:\/\/adf-magazine.com\/fr\/?p=124248#primaryimage"},"image":{"@id":"https:\/\/adf-magazine.com\/fr\/?p=124248#primaryimage"},"thumbnailUrl":"https:\/\/adf-magazine.com\/wp-content\/uploads\/2025\/04\/GettyImages-1056768370.jpg","datePublished":"2025-04-15T16:56:45+00:00","dateModified":"2025-04-15T16:57:15+00:00","author":{"@id":"https:\/\/adf-magazine.com\/#\/schema\/person\/f266a6061389568b5a11465bb38bc025"},"breadcrumb":{"@id":"https:\/\/adf-magazine.com\/fr\/?p=124248#breadcrumb"},"inLanguage":"pt-PT","potentialAction":[{"@type":"ReadAction","target":["https:\/\/adf-magazine.com\/fr\/?p=124248"]}]},{"@type":"ImageObject","inLanguage":"pt-PT","@id":"https:\/\/adf-magazine.com\/fr\/?p=124248#primaryimage","url":"https:\/\/adf-magazine.com\/wp-content\/uploads\/2025\/04\/GettyImages-1056768370.jpg","contentUrl":"https:\/\/adf-magazine.com\/wp-content\/uploads\/2025\/04\/GettyImages-1056768370.jpg","width":1024,"height":681,"caption":"Homens cuidam do seu gado nos arredores da cidade de Ouahigouya, Burquina Faso. AFP\/GETTY IMAGES"},{"@type":"BreadcrumbList","@id":"https:\/\/adf-magazine.com\/fr\/?p=124248#breadcrumb","itemListElement":[{"@type":"ListItem","position":1,"name":"Home","item":"https:\/\/adf-magazine.com\/"},{"@type":"ListItem","position":2,"name":"Grupo Extremista Encontra Terreno F\u00e9rtil para Recrutamento e Com\u00e9rcio Il\u00edcito no Gana"}]},{"@type":"WebSite","@id":"https:\/\/adf-magazine.com\/#website","url":"https:\/\/adf-magazine.com\/","name":"Africa Defense Forum","description":"Africa Defense Forum","potentialAction":[{"@type":"SearchAction","target":{"@type":"EntryPoint","urlTemplate":"https:\/\/adf-magazine.com\/?s={search_term_string}"},"query-input":{"@type":"PropertyValueSpecification","valueRequired":true,"valueName":"search_term_string"}}],"inLanguage":"pt-PT"},{"@type":"Person","@id":"https:\/\/adf-magazine.com\/#\/schema\/person\/f266a6061389568b5a11465bb38bc025","name":"ADF","image":{"@type":"ImageObject","inLanguage":"pt-PT","@id":"https:\/\/adf-magazine.com\/wp-content\/uploads\/2020\/05\/cropped-ADF_icon.jpg","url":"https:\/\/adf-magazine.com\/wp-content\/uploads\/2020\/05\/cropped-ADF_icon.jpg","contentUrl":"https:\/\/adf-magazine.com\/wp-content\/uploads\/2020\/05\/cropped-ADF_icon.jpg","caption":"ADF"},"description":"ADF is a professional military magazine published quarterly by U.S. Africa Command to provide an international forum for African security professionals. ADF covers topics such as counter terrorism strategies, security and defense operations, transnational crime, and all other issues affecting peace, stability, and good governance on the African continent.","sameAs":["https:\/\/x.com\/ADFmagazine"],"url":"https:\/\/adf-magazine.com\/pt-pt\/author\/adf\/"}]}},"_links":{"self":[{"href":"https:\/\/adf-magazine.com\/pt-pt\/wp-json\/wp\/v2\/posts\/124246","targetHints":{"allow":["GET"]}}],"collection":[{"href":"https:\/\/adf-magazine.com\/pt-pt\/wp-json\/wp\/v2\/posts"}],"about":[{"href":"https:\/\/adf-magazine.com\/pt-pt\/wp-json\/wp\/v2\/types\/post"}],"author":[{"embeddable":true,"href":"https:\/\/adf-magazine.com\/pt-pt\/wp-json\/wp\/v2\/users\/1"}],"replies":[{"embeddable":true,"href":"https:\/\/adf-magazine.com\/pt-pt\/wp-json\/wp\/v2\/comments?post=124246"}],"version-history":[{"count":0,"href":"https:\/\/adf-magazine.com\/pt-pt\/wp-json\/wp\/v2\/posts\/124246\/revisions"}],"wp:featuredmedia":[{"embeddable":true,"href":"https:\/\/adf-magazine.com\/pt-pt\/wp-json\/wp\/v2\/media\/124245"}],"wp:attachment":[{"href":"https:\/\/adf-magazine.com\/pt-pt\/wp-json\/wp\/v2\/media?parent=124246"}],"wp:term":[{"taxonomy":"category","embeddable":true,"href":"https:\/\/adf-magazine.com\/pt-pt\/wp-json\/wp\/v2\/categories?post=124246"},{"taxonomy":"post_tag","embeddable":true,"href":"https:\/\/adf-magazine.com\/pt-pt\/wp-json\/wp\/v2\/tags?post=124246"}],"curies":[{"name":"wp","href":"https:\/\/api.w.org\/{rel}","templated":true}]}}