{"id":123841,"date":"2025-03-25T15:17:58","date_gmt":"2025-03-25T19:17:58","guid":{"rendered":"https:\/\/adf-magazine.com\/?p=123841"},"modified":"2025-03-25T15:18:25","modified_gmt":"2025-03-25T19:18:25","slug":"analistas-alertam-que-marrocos-possa-ser-alvo-de-grupos-terroristas","status":"publish","type":"post","link":"https:\/\/adf-magazine.com\/pt-pt\/2025\/03\/analistas-alertam-que-marrocos-possa-ser-alvo-de-grupos-terroristas\/","title":{"rendered":"Analistas Alertam que Marrocos Possa Ser Alvo de Grupos Terroristas"},"content":{"rendered":"<div>\n<p><span lang=\"PT\">Embora Marrocos n\u00e3o tenha sofrido um grande ataque terrorista em mais de uma d\u00e9cada, continua a ser um alvo para as organiza\u00e7\u00f5es terroristas. O grupo Estado Isl\u00e2mico (EI), em particular, voltou a sua aten\u00e7\u00e3o para Marrocos numa tentativa de criar linhas de abastecimento e espalhar a sua influ\u00eancia.<\/span><\/p>\n<p>A localiza\u00e7\u00e3o estrat\u00e9gica do reino e a sua postura agressiva contra o terrorismo colocam-no \u201cna linha da frente da luta contra o terrorismo transnacional,\u201d de acordo com Cherkaoui Roudani, um professor marroquino especializado em diplomacia, rela\u00e7\u00f5es internacionais, seguran\u00e7a e gest\u00e3o de crises.<\/p>\n<p>\u201cAtrav\u00e9s de uma doutrina de defesa robusta, da moderniza\u00e7\u00e3o cont\u00ednua das suas for\u00e7as de seguran\u00e7a e de uma estreita coopera\u00e7\u00e3o internacional, Marrocos tornou-se um verdadeiro fornecedor de seguran\u00e7a global,\u201d Roudani, tamb\u00e9m antigo membro do parlamento marroquino, escreveu para a Modern Diplomacy. \u201cIronicamente, esta mesma efic\u00e1cia em mat\u00e9ria de informa\u00e7\u00f5es e seguran\u00e7a das fronteiras torna-o um alvo privilegiado para aqueles que procuram desestabilizar o equil\u00edbrio regional.\u201d<\/p>\n<p>Trabalhando em conjunto com os servi\u00e7os de seguran\u00e7a de Fran\u00e7a, Espanha e Estados Unidos, Marrocos desmantelou mais de 200 c\u00e9lulas terroristas desde 2002, de acordo com Roudani. Muitas destas c\u00e9lulas est\u00e3o ligadas a redes extremistas que operam nas regi\u00f5es do Sahara e do Sahel, bem como no Iraque e na S\u00edria.<\/p>\n<p>Em Fevereiro, as autoridades marroquinas prenderam 12 pessoas em nove cidades que alegadamente estavam ligadas a um ataque planeado pelo EI no Sahel (EI Sahel).<\/p>\n<p>Durante a opera\u00e7\u00e3o, as autoridades apreenderam um importante conjunto de explosivos, armas sofisticadas e documentos sens\u00edveis num centro log\u00edstico secreto em Errachidia, perto da fronteira argelina. A organiza\u00e7\u00e3o \u00e9 dirigida pelo chefe das opera\u00e7\u00f5es externas do grupo IS no Sahel, que \u00e9 apoiado por um grupo de coordenadores, executores e facilitadores log\u00edsticos, segundo Roudani.<\/p>\n<p>As autoridades descobriram tamb\u00e9m um n\u00f3 log\u00edstico clandestino que canaliza armas do Sahel para Marrocos. A instala\u00e7\u00e3o utiliza alegadamente corredores que ligam Gao e Kidal no Mali, passando por Arlit no N\u00edger, at\u00e9 Tamanrasset na Arg\u00e9lia.<\/p>\n<p>Beverly Ochieng, analista s\u00e9nior da consultora de riscos geopol\u00edticos Control Risks, afirmou que a estrat\u00e9gia do EI parece centrar-se na explora\u00e7\u00e3o de lacunas de seguran\u00e7a para al\u00e9m do Sahel.<\/p>\n<p>\u201cO EI no Sahel viu que a sua expans\u00e3o poderia ser dirigida muito mais para o oeste e muito mais para o norte, e Marrocos seria um local de interesse estrat\u00e9gico para ele,\u201d Ochieng disse \u00e0 Voz da Am\u00e9rica.<\/p>\n<p>Em Novembro de 2024, o Gabinete Central de Investiga\u00e7\u00f5es Judiciais de Marrocos e o Comissariado Geral de Informa\u00e7\u00f5es de Espanha desmantelaram outra c\u00e9lula terrorista do EI. Nove suspeitos que operavam em duas cidades marroquinas, duas cidades espanholas e na ilha de Ibiza foram detidos, noticiou Morocco World News. Os suspeitos foram acusados de promover a ideologia extremista, planear actos terroristas e procurar juntar-se a fac\u00e7\u00f5es do EI na \u00c1frica Subsariana. As autoridades apreenderam armas brancas e equipamento inform\u00e1tico. Entre os suspeitos contavam-se antigos detidos em processos relacionados com o terrorismo na Espanha.<\/p>\n<p>A abordagem antiterrorista de Marrocos inclui a coopera\u00e7\u00e3o econ\u00f3mica e projectos de ajuda humanit\u00e1ria em regi\u00f5es vulner\u00e1veis, que diminu\u00edram o apelo dos grupos jihadistas nas comunidades marginalizadas. De acordo com Roudani, Marrocos tamb\u00e9m tem visado as estruturas financeiras dos grupos terroristas e ajudado a desmantelar as redes de financiamento nas suas prov\u00edncias do sul, no Mali e na Maurit\u00e2nia.<\/p>\n<p>A coopera\u00e7\u00e3o do reino com os aliados ocidentais e as na\u00e7\u00f5es do Sahel interrompeu as cadeias de fornecimento de armas e as redes de financiamento que apoiam as opera\u00e7\u00f5es jihadistas entre a L\u00edbia, o Mali e o N\u00edger.<\/p>\n<p>\u201cO refor\u00e7o dos controlos fronteiri\u00e7os, a vigil\u00e2ncia a\u00e9rea e uma s\u00f3lida partilha de informa\u00e7\u00f5es reduziram significativamente o tr\u00e2nsito de combatentes estrangeiros do Magrebe para o Sahel,\u201d escreveu Roudani.<\/p>\n<p>Marrocos n\u00e3o registou nenhum ataque terrorista de grande dimens\u00e3o no ano passado. No entanto, um grupo armado matou dois pastores numa floresta de Beni Snous, no oeste da Arg\u00e9lia, perto da fronteira marroquina, em Setembro de 2024. Os atacantes armadilharam o local do crime com explosivos, ferindo tr\u00eas soldados que chegaram para recuperar os corpos. O grupo n\u00e3o foi identificado, mas os meios de comunica\u00e7\u00e3o social locais especularam que era afiliado \u00e0 al-Qaeda, noticiou o The New Arab.<\/p>\n<\/div>\n","protected":false},"excerpt":{"rendered":"<p>Embora Marrocos n\u00e3o tenha sofrido um grande ataque terrorista em mais de uma d\u00e9cada, continua a ser um alvo para as organiza\u00e7\u00f5es terroristas. O grupo Estado Isl\u00e2mico (EI), em particular, voltou a sua aten\u00e7\u00e3o para Marrocos numa tentativa de criar linhas de abastecimento e espalhar a sua influ\u00eancia. A localiza\u00e7\u00e3o estrat\u00e9gica do reino e a<\/p>\n","protected":false},"author":1,"featured_media":123839,"comment_status":"open","ping_status":"closed","sticky":false,"template":"","format":"standard","meta":{"_acf_changed":false,"_monsterinsights_skip_tracking":false,"_monsterinsights_sitenote_active":false,"_monsterinsights_sitenote_note":"","_monsterinsights_sitenote_category":0,"_uf_show_specific_survey":0,"_uf_disable_surveys":false,"footnotes":""},"categories":[363],"tags":[519,518,1018,1139],"class_list":{"0":"post-123841","1":"post","2":"type-post","3":"status-publish","4":"format-standard","5":"has-post-thumbnail","7":"category-melhores-historias","8":"tag-argelia","9":"tag-marrocos","10":"tag-seguranca-nacional","11":"tag-terrorism-pt-pt"},"acf":[],"yoast_head":"<!-- This site is optimized with the Yoast SEO plugin v27.4 - https:\/\/yoast.com\/product\/yoast-seo-wordpress\/ -->\n<title>Analistas Alertam que Marrocos Possa Ser Alvo de Grupos Terroristas - Africa Defense Forum<\/title>\n<meta name=\"robots\" content=\"index, follow, max-snippet:-1, max-image-preview:large, max-video-preview:-1\" \/>\n<link rel=\"canonical\" href=\"https:\/\/adf-magazine.com\/fr\/?p=123844\" \/>\n<meta property=\"og:locale\" content=\"pt_PT\" \/>\n<meta property=\"og:type\" content=\"article\" \/>\n<meta property=\"og:title\" content=\"Analistas Alertam que Marrocos Possa Ser Alvo de Grupos Terroristas - Africa Defense Forum\" \/>\n<meta property=\"og:description\" content=\"Embora Marrocos n\u00e3o tenha sofrido um grande ataque terrorista em mais de uma d\u00e9cada, continua a ser um alvo para as organiza\u00e7\u00f5es terroristas. O grupo Estado Isl\u00e2mico (EI), em particular, voltou a sua aten\u00e7\u00e3o para Marrocos numa tentativa de criar linhas de abastecimento e espalhar a sua influ\u00eancia. A localiza\u00e7\u00e3o estrat\u00e9gica do reino e a\" \/>\n<meta property=\"og:url\" content=\"https:\/\/adf-magazine.com\/fr\/?p=123844\" \/>\n<meta property=\"og:site_name\" content=\"Africa Defense Forum\" \/>\n<meta property=\"article:publisher\" content=\"https:\/\/www.facebook.com\/ADFmagazine\/\" \/>\n<meta property=\"article:published_time\" content=\"2025-03-25T19:17:58+00:00\" \/>\n<meta property=\"article:modified_time\" content=\"2025-03-25T19:18:25+00:00\" \/>\n<meta property=\"og:image\" content=\"https:\/\/adf-magazine.com\/wp-content\/uploads\/2025\/03\/2025-02-24T160126Z_1565114864_RC2Z0DAH4PRP_RTRMADP_3_MOROCCO-SECURITY.jpg\" \/>\n\t<meta property=\"og:image:width\" content=\"1080\" \/>\n\t<meta property=\"og:image:height\" content=\"810\" \/>\n\t<meta property=\"og:image:type\" content=\"image\/jpeg\" \/>\n<meta name=\"author\" content=\"ADF\" \/>\n<meta name=\"twitter:card\" content=\"summary_large_image\" \/>\n<meta name=\"twitter:creator\" content=\"@ADFmagazine\" \/>\n<meta name=\"twitter:site\" content=\"@ADFmagazine\" \/>\n<meta name=\"twitter:label1\" content=\"Escrito por\" \/>\n\t<meta name=\"twitter:data1\" content=\"ADF\" \/>\n\t<meta name=\"twitter:label2\" content=\"Tempo estimado de leitura\" \/>\n\t<meta name=\"twitter:data2\" content=\"4 minutos\" \/>\n<script type=\"application\/ld+json\" class=\"yoast-schema-graph\">{\"@context\":\"https:\\\/\\\/schema.org\",\"@graph\":[{\"@type\":\"Article\",\"@id\":\"https:\\\/\\\/adf-magazine.com\\\/fr\\\/?p=123844#article\",\"isPartOf\":{\"@id\":\"https:\\\/\\\/adf-magazine.com\\\/fr\\\/?p=123844\"},\"author\":{\"name\":\"ADF\",\"@id\":\"https:\\\/\\\/adf-magazine.com\\\/#\\\/schema\\\/person\\\/f266a6061389568b5a11465bb38bc025\"},\"headline\":\"Analistas Alertam que Marrocos Possa Ser Alvo de Grupos Terroristas\",\"datePublished\":\"2025-03-25T19:17:58+00:00\",\"dateModified\":\"2025-03-25T19:18:25+00:00\",\"mainEntityOfPage\":{\"@id\":\"https:\\\/\\\/adf-magazine.com\\\/fr\\\/?p=123844\"},\"wordCount\":769,\"commentCount\":0,\"image\":{\"@id\":\"https:\\\/\\\/adf-magazine.com\\\/fr\\\/?p=123844#primaryimage\"},\"thumbnailUrl\":\"https:\\\/\\\/adf-magazine.com\\\/wp-content\\\/uploads\\\/2025\\\/03\\\/2025-02-24T160126Z_1565114864_RC2Z0DAH4PRP_RTRMADP_3_MOROCCO-SECURITY.jpg\",\"keywords\":[\"Arg\u00e9lia\",\"Marrocos\",\"seguran\u00e7a nacional\",\"Terrorism\"],\"articleSection\":[\"Not\u00edcias diaries\"],\"inLanguage\":\"pt-PT\",\"potentialAction\":[{\"@type\":\"CommentAction\",\"name\":\"Comment\",\"target\":[\"https:\\\/\\\/adf-magazine.com\\\/fr\\\/?p=123844#respond\"]}]},{\"@type\":\"WebPage\",\"@id\":\"https:\\\/\\\/adf-magazine.com\\\/fr\\\/?p=123844\",\"url\":\"https:\\\/\\\/adf-magazine.com\\\/fr\\\/?p=123844\",\"name\":\"Analistas Alertam que Marrocos Possa Ser Alvo de Grupos Terroristas - Africa Defense Forum\",\"isPartOf\":{\"@id\":\"https:\\\/\\\/adf-magazine.com\\\/#website\"},\"primaryImageOfPage\":{\"@id\":\"https:\\\/\\\/adf-magazine.com\\\/fr\\\/?p=123844#primaryimage\"},\"image\":{\"@id\":\"https:\\\/\\\/adf-magazine.com\\\/fr\\\/?p=123844#primaryimage\"},\"thumbnailUrl\":\"https:\\\/\\\/adf-magazine.com\\\/wp-content\\\/uploads\\\/2025\\\/03\\\/2025-02-24T160126Z_1565114864_RC2Z0DAH4PRP_RTRMADP_3_MOROCCO-SECURITY.jpg\",\"datePublished\":\"2025-03-25T19:17:58+00:00\",\"dateModified\":\"2025-03-25T19:18:25+00:00\",\"author\":{\"@id\":\"https:\\\/\\\/adf-magazine.com\\\/#\\\/schema\\\/person\\\/f266a6061389568b5a11465bb38bc025\"},\"breadcrumb\":{\"@id\":\"https:\\\/\\\/adf-magazine.com\\\/fr\\\/?p=123844#breadcrumb\"},\"inLanguage\":\"pt-PT\",\"potentialAction\":[{\"@type\":\"ReadAction\",\"target\":[\"https:\\\/\\\/adf-magazine.com\\\/fr\\\/?p=123844\"]}]},{\"@type\":\"ImageObject\",\"inLanguage\":\"pt-PT\",\"@id\":\"https:\\\/\\\/adf-magazine.com\\\/fr\\\/?p=123844#primaryimage\",\"url\":\"https:\\\/\\\/adf-magazine.com\\\/wp-content\\\/uploads\\\/2025\\\/03\\\/2025-02-24T160126Z_1565114864_RC2Z0DAH4PRP_RTRMADP_3_MOROCCO-SECURITY.jpg\",\"contentUrl\":\"https:\\\/\\\/adf-magazine.com\\\/wp-content\\\/uploads\\\/2025\\\/03\\\/2025-02-24T160126Z_1565114864_RC2Z0DAH4PRP_RTRMADP_3_MOROCCO-SECURITY.jpg\",\"width\":1080,\"height\":810,\"caption\":\"Ag\u00eancia antiterrorista de Marrocos exibe armas apreendidas ao grupo Estado Isl\u00e2mico em Fevereiro. REUTERS\"},{\"@type\":\"BreadcrumbList\",\"@id\":\"https:\\\/\\\/adf-magazine.com\\\/fr\\\/?p=123844#breadcrumb\",\"itemListElement\":[{\"@type\":\"ListItem\",\"position\":1,\"name\":\"Home\",\"item\":\"https:\\\/\\\/adf-magazine.com\\\/\"},{\"@type\":\"ListItem\",\"position\":2,\"name\":\"Analistas Alertam que Marrocos Possa Ser Alvo de Grupos Terroristas\"}]},{\"@type\":\"WebSite\",\"@id\":\"https:\\\/\\\/adf-magazine.com\\\/#website\",\"url\":\"https:\\\/\\\/adf-magazine.com\\\/\",\"name\":\"Africa Defense Forum\",\"description\":\"Africa Defense Forum\",\"potentialAction\":[{\"@type\":\"SearchAction\",\"target\":{\"@type\":\"EntryPoint\",\"urlTemplate\":\"https:\\\/\\\/adf-magazine.com\\\/?s={search_term_string}\"},\"query-input\":{\"@type\":\"PropertyValueSpecification\",\"valueRequired\":true,\"valueName\":\"search_term_string\"}}],\"inLanguage\":\"pt-PT\"},{\"@type\":\"Person\",\"@id\":\"https:\\\/\\\/adf-magazine.com\\\/#\\\/schema\\\/person\\\/f266a6061389568b5a11465bb38bc025\",\"name\":\"ADF\",\"image\":{\"@type\":\"ImageObject\",\"inLanguage\":\"pt-PT\",\"@id\":\"https:\\\/\\\/adf-magazine.com\\\/wp-content\\\/uploads\\\/2020\\\/05\\\/cropped-ADF_icon.jpg\",\"url\":\"https:\\\/\\\/adf-magazine.com\\\/wp-content\\\/uploads\\\/2020\\\/05\\\/cropped-ADF_icon.jpg\",\"contentUrl\":\"https:\\\/\\\/adf-magazine.com\\\/wp-content\\\/uploads\\\/2020\\\/05\\\/cropped-ADF_icon.jpg\",\"caption\":\"ADF\"},\"description\":\"ADF is a professional military magazine published quarterly by U.S. Africa Command to provide an international forum for African security professionals. ADF covers topics such as counter terrorism strategies, security and defense operations, transnational crime, and all other issues affecting peace, stability, and good governance on the African continent.\",\"sameAs\":[\"https:\\\/\\\/x.com\\\/ADFmagazine\"],\"url\":\"https:\\\/\\\/adf-magazine.com\\\/pt-pt\\\/author\\\/adf\\\/\"}]}<\/script>\n<!-- \/ Yoast SEO plugin. -->","yoast_head_json":{"title":"Analistas Alertam que Marrocos Possa Ser Alvo de Grupos Terroristas - Africa Defense Forum","robots":{"index":"index","follow":"follow","max-snippet":"max-snippet:-1","max-image-preview":"max-image-preview:large","max-video-preview":"max-video-preview:-1"},"canonical":"https:\/\/adf-magazine.com\/fr\/?p=123844","og_locale":"pt_PT","og_type":"article","og_title":"Analistas Alertam que Marrocos Possa Ser Alvo de Grupos Terroristas - Africa Defense Forum","og_description":"Embora Marrocos n\u00e3o tenha sofrido um grande ataque terrorista em mais de uma d\u00e9cada, continua a ser um alvo para as organiza\u00e7\u00f5es terroristas. O grupo Estado Isl\u00e2mico (EI), em particular, voltou a sua aten\u00e7\u00e3o para Marrocos numa tentativa de criar linhas de abastecimento e espalhar a sua influ\u00eancia. A localiza\u00e7\u00e3o estrat\u00e9gica do reino e a","og_url":"https:\/\/adf-magazine.com\/fr\/?p=123844","og_site_name":"Africa Defense Forum","article_publisher":"https:\/\/www.facebook.com\/ADFmagazine\/","article_published_time":"2025-03-25T19:17:58+00:00","article_modified_time":"2025-03-25T19:18:25+00:00","og_image":[{"width":1080,"height":810,"url":"https:\/\/adf-magazine.com\/wp-content\/uploads\/2025\/03\/2025-02-24T160126Z_1565114864_RC2Z0DAH4PRP_RTRMADP_3_MOROCCO-SECURITY.jpg","type":"image\/jpeg"}],"author":"ADF","twitter_card":"summary_large_image","twitter_creator":"@ADFmagazine","twitter_site":"@ADFmagazine","twitter_misc":{"Escrito por":"ADF","Tempo estimado de leitura":"4 minutos"},"schema":{"@context":"https:\/\/schema.org","@graph":[{"@type":"Article","@id":"https:\/\/adf-magazine.com\/fr\/?p=123844#article","isPartOf":{"@id":"https:\/\/adf-magazine.com\/fr\/?p=123844"},"author":{"name":"ADF","@id":"https:\/\/adf-magazine.com\/#\/schema\/person\/f266a6061389568b5a11465bb38bc025"},"headline":"Analistas Alertam que Marrocos Possa Ser Alvo de Grupos Terroristas","datePublished":"2025-03-25T19:17:58+00:00","dateModified":"2025-03-25T19:18:25+00:00","mainEntityOfPage":{"@id":"https:\/\/adf-magazine.com\/fr\/?p=123844"},"wordCount":769,"commentCount":0,"image":{"@id":"https:\/\/adf-magazine.com\/fr\/?p=123844#primaryimage"},"thumbnailUrl":"https:\/\/adf-magazine.com\/wp-content\/uploads\/2025\/03\/2025-02-24T160126Z_1565114864_RC2Z0DAH4PRP_RTRMADP_3_MOROCCO-SECURITY.jpg","keywords":["Arg\u00e9lia","Marrocos","seguran\u00e7a nacional","Terrorism"],"articleSection":["Not\u00edcias diaries"],"inLanguage":"pt-PT","potentialAction":[{"@type":"CommentAction","name":"Comment","target":["https:\/\/adf-magazine.com\/fr\/?p=123844#respond"]}]},{"@type":"WebPage","@id":"https:\/\/adf-magazine.com\/fr\/?p=123844","url":"https:\/\/adf-magazine.com\/fr\/?p=123844","name":"Analistas Alertam que Marrocos Possa Ser Alvo de Grupos Terroristas - Africa Defense Forum","isPartOf":{"@id":"https:\/\/adf-magazine.com\/#website"},"primaryImageOfPage":{"@id":"https:\/\/adf-magazine.com\/fr\/?p=123844#primaryimage"},"image":{"@id":"https:\/\/adf-magazine.com\/fr\/?p=123844#primaryimage"},"thumbnailUrl":"https:\/\/adf-magazine.com\/wp-content\/uploads\/2025\/03\/2025-02-24T160126Z_1565114864_RC2Z0DAH4PRP_RTRMADP_3_MOROCCO-SECURITY.jpg","datePublished":"2025-03-25T19:17:58+00:00","dateModified":"2025-03-25T19:18:25+00:00","author":{"@id":"https:\/\/adf-magazine.com\/#\/schema\/person\/f266a6061389568b5a11465bb38bc025"},"breadcrumb":{"@id":"https:\/\/adf-magazine.com\/fr\/?p=123844#breadcrumb"},"inLanguage":"pt-PT","potentialAction":[{"@type":"ReadAction","target":["https:\/\/adf-magazine.com\/fr\/?p=123844"]}]},{"@type":"ImageObject","inLanguage":"pt-PT","@id":"https:\/\/adf-magazine.com\/fr\/?p=123844#primaryimage","url":"https:\/\/adf-magazine.com\/wp-content\/uploads\/2025\/03\/2025-02-24T160126Z_1565114864_RC2Z0DAH4PRP_RTRMADP_3_MOROCCO-SECURITY.jpg","contentUrl":"https:\/\/adf-magazine.com\/wp-content\/uploads\/2025\/03\/2025-02-24T160126Z_1565114864_RC2Z0DAH4PRP_RTRMADP_3_MOROCCO-SECURITY.jpg","width":1080,"height":810,"caption":"Ag\u00eancia antiterrorista de Marrocos exibe armas apreendidas ao grupo Estado Isl\u00e2mico em Fevereiro. REUTERS"},{"@type":"BreadcrumbList","@id":"https:\/\/adf-magazine.com\/fr\/?p=123844#breadcrumb","itemListElement":[{"@type":"ListItem","position":1,"name":"Home","item":"https:\/\/adf-magazine.com\/"},{"@type":"ListItem","position":2,"name":"Analistas Alertam que Marrocos Possa Ser Alvo de Grupos Terroristas"}]},{"@type":"WebSite","@id":"https:\/\/adf-magazine.com\/#website","url":"https:\/\/adf-magazine.com\/","name":"Africa Defense Forum","description":"Africa Defense Forum","potentialAction":[{"@type":"SearchAction","target":{"@type":"EntryPoint","urlTemplate":"https:\/\/adf-magazine.com\/?s={search_term_string}"},"query-input":{"@type":"PropertyValueSpecification","valueRequired":true,"valueName":"search_term_string"}}],"inLanguage":"pt-PT"},{"@type":"Person","@id":"https:\/\/adf-magazine.com\/#\/schema\/person\/f266a6061389568b5a11465bb38bc025","name":"ADF","image":{"@type":"ImageObject","inLanguage":"pt-PT","@id":"https:\/\/adf-magazine.com\/wp-content\/uploads\/2020\/05\/cropped-ADF_icon.jpg","url":"https:\/\/adf-magazine.com\/wp-content\/uploads\/2020\/05\/cropped-ADF_icon.jpg","contentUrl":"https:\/\/adf-magazine.com\/wp-content\/uploads\/2020\/05\/cropped-ADF_icon.jpg","caption":"ADF"},"description":"ADF is a professional military magazine published quarterly by U.S. Africa Command to provide an international forum for African security professionals. ADF covers topics such as counter terrorism strategies, security and defense operations, transnational crime, and all other issues affecting peace, stability, and good governance on the African continent.","sameAs":["https:\/\/x.com\/ADFmagazine"],"url":"https:\/\/adf-magazine.com\/pt-pt\/author\/adf\/"}]}},"_links":{"self":[{"href":"https:\/\/adf-magazine.com\/pt-pt\/wp-json\/wp\/v2\/posts\/123841","targetHints":{"allow":["GET"]}}],"collection":[{"href":"https:\/\/adf-magazine.com\/pt-pt\/wp-json\/wp\/v2\/posts"}],"about":[{"href":"https:\/\/adf-magazine.com\/pt-pt\/wp-json\/wp\/v2\/types\/post"}],"author":[{"embeddable":true,"href":"https:\/\/adf-magazine.com\/pt-pt\/wp-json\/wp\/v2\/users\/1"}],"replies":[{"embeddable":true,"href":"https:\/\/adf-magazine.com\/pt-pt\/wp-json\/wp\/v2\/comments?post=123841"}],"version-history":[{"count":0,"href":"https:\/\/adf-magazine.com\/pt-pt\/wp-json\/wp\/v2\/posts\/123841\/revisions"}],"wp:featuredmedia":[{"embeddable":true,"href":"https:\/\/adf-magazine.com\/pt-pt\/wp-json\/wp\/v2\/media\/123839"}],"wp:attachment":[{"href":"https:\/\/adf-magazine.com\/pt-pt\/wp-json\/wp\/v2\/media?parent=123841"}],"wp:term":[{"taxonomy":"category","embeddable":true,"href":"https:\/\/adf-magazine.com\/pt-pt\/wp-json\/wp\/v2\/categories?post=123841"},{"taxonomy":"post_tag","embeddable":true,"href":"https:\/\/adf-magazine.com\/pt-pt\/wp-json\/wp\/v2\/tags?post=123841"}],"curies":[{"name":"wp","href":"https:\/\/api.w.org\/{rel}","templated":true}]}}