{"id":123801,"date":"2025-03-25T14:45:53","date_gmt":"2025-03-25T18:45:53","guid":{"rendered":"https:\/\/adf-magazine.com\/?p=123801"},"modified":"2025-03-25T14:46:50","modified_gmt":"2025-03-25T18:46:50","slug":"drones-turcos-ajudam-o-exercito-do-sudao-a-avancar-mas-causam-mais-mortes-de-civis","status":"publish","type":"post","link":"https:\/\/adf-magazine.com\/pt-pt\/2025\/03\/drones-turcos-ajudam-o-exercito-do-sudao-a-avancar-mas-causam-mais-mortes-de-civis\/","title":{"rendered":"Drones Turcos Ajudam o Ex\u00e9rcito do Sud\u00e3o a Avan\u00e7ar, Mas Causam Mais Mortes de Civis"},"content":{"rendered":"<p style=\"font-weight: 400;\">Nos \u00faltimos meses, as For\u00e7as Armadas do Sud\u00e3o (SAF) reconquistaram um territ\u00f3rio crucial \u00e0s For\u00e7as de Apoio R\u00e1pido (RSF) gra\u00e7as, em parte, a uma adi\u00e7\u00e3o fundamental ao seu arsenal: os drones turcos.<\/p>\n<p style=\"font-weight: 400;\">Em Outubro, as for\u00e7as armadas sudanesas receberam dois Bayraktar TB2 de fabrico turco, elevando o seu total para oito drones TB2.<\/p>\n<p style=\"font-weight: 400;\">As SAF utilizaram os drones para atacar colunas de abastecimento e unidades de artilharia das RSF no Estado de el-Gezira, incluindo um ataque \u00e0 ponte de Baka, perto de Wad Madani. Os drones juntaram-se ao assalto ao Estado de Cartum no final de 2024, quando as for\u00e7as armadas tentaram retomar partes da regi\u00e3o da capital.<\/p>\n<p style=\"font-weight: 400;\">Os drones aceleraram o avan\u00e7o do Ex\u00e9rcito para territ\u00f3rio a norte de Cartum, para al\u00e9m da capital do Estado do Cordof\u00e3o do Norte, el-Obeid. El-Obeid \u00e9 um ponto de passagem entre a base das RSF no Darfur e as suas for\u00e7as em Cartum.<\/p>\n<p style=\"font-weight: 400;\">Os drones turcos, incluindo o TB2, tornaram-se populares entre as for\u00e7as armadas de toda a \u00c1frica devido ao seu baixo custo, longa dura\u00e7\u00e3o de voo e capacidade de transportar cargas explosivas.<\/p>\n<p style=\"font-weight: 400;\">De acordo com as for\u00e7as armadas sudanesas, a introdu\u00e7\u00e3o de drones turcos reformulou o campo de batalha.<\/p>\n<p style=\"font-weight: 400;\">\u201cNo in\u00edcio da guerra, perdemos muitas bases militares e enfrent\u00e1mos desafios significativos,\u201d um oficial militar sudan\u00eas disse ao Middle East Eye. \u201cCom a chegada dos drones, a superioridade das RSF terminou. Agora temos um apoio a\u00e9reo que corresponde \u00e0 nossa for\u00e7a no terreno.\u201d<\/p>\n<p style=\"font-weight: 400;\">A Turquia vendeu ao Ex\u00e9rcito do Sud\u00e3o mais de 120 milh\u00f5es de d\u00f3lares em drones desde o final de 2023, segundo o The Washington Post. O equipamento inclui oito TB2s e centenas de ogivas. Os drones turcos complementam os drones iranianos Mohajer-6 que as SAF t\u00eam usado desde o final de 2023.<\/p>\n<p style=\"font-weight: 400;\">As RSF responderam aumentando o seu pr\u00f3prio uso de drones, muitas vezes, contra locais civis, como hospitais.<\/p>\n<p style=\"font-weight: 400;\">Os analistas dizem que o uso de drones, incluindo os Bayraktar TB2s, em \u00e1reas urbanas densas levou ao aumento de v\u00edtimas civis.<\/p>\n<p style=\"font-weight: 400;\">\u201cCivis inocentes do Sud\u00e3o continuam a ver as suas casas, vidas e comunidades devastadas por estas armas usadas indiscriminadamente,\u201d Drone Wars, um grupo de investiga\u00e7\u00e3o e defesa, disse numa an\u00e1lise recente.<\/p>\n<p style=\"font-weight: 400;\">Investigadores da London School of Hygiene &amp; Tropical Medicine relataram que mais de 60.000 civis morreram no Estado de Cartum desde o in\u00edcio do conflito entre as SAF e as RSF em Abril de 2023. Mais de 20.000 dessas mortes foram directamente devidas \u00e0 viol\u00eancia. N\u00e3o se sabe ao certo quantos foram devidos a ataques de drones.<\/p>\n<p style=\"font-weight: 400;\">As mortes de civis aumentaram drasticamente desde o in\u00edcio de 2025, \u00e0 medida que as SAF pressionam para recuperar mais territ\u00f3rio das RSF.<\/p>\n<p style=\"font-weight: 400;\">Numa \u00fanica semana, no in\u00edcio de Fevereiro, os funcion\u00e1rios das Na\u00e7\u00f5es Unidas registaram mais de 275 mortes devidas a ataques a\u00e9reos, incluindo ataques com drones em Cartum e no Darfur do Norte, Darfur do Sul, Cordof\u00e3o do Norte e Cordof\u00e3o do Sul. Este n\u00famero \u00e9 o triplo do total de mortes de civis registado na semana anterior.<\/p>\n<p><span style=\"font-weight: 400;\">\u201cO aumento acentuado do n\u00famero de mortes de civis sublinha os riscos terr\u00edveis que os civis enfrentam no meio do fracasso cont\u00ednuo das partes em conflito e dos seus aliados em proteger os civis,\u201d Seif Magango, porta-voz do Alto-Comissariado das Na\u00e7\u00f5es Unidas para os Direitos Humanos, disse num comunicado. \u201cOs ataques indiscriminados, bem como as amea\u00e7as e os ataques dirigidos contra civis, devem cessar imediatamente.\u201d<\/span><\/p>\n","protected":false},"excerpt":{"rendered":"<p>Nos \u00faltimos meses, as For\u00e7as Armadas do Sud\u00e3o (SAF) reconquistaram um territ\u00f3rio crucial \u00e0s For\u00e7as de Apoio R\u00e1pido (RSF) gra\u00e7as, em parte, a uma adi\u00e7\u00e3o fundamental ao seu arsenal: os drones turcos. Em Outubro, as for\u00e7as armadas sudanesas receberam dois Bayraktar TB2 de fabrico turco, elevando o seu total para oito drones TB2. As SAF<\/p>\n","protected":false},"author":1,"featured_media":123799,"comment_status":"open","ping_status":"closed","sticky":false,"template":"","format":"standard","meta":{"_acf_changed":false,"_monsterinsights_skip_tracking":false,"_monsterinsights_sitenote_active":false,"_monsterinsights_sitenote_note":"","_monsterinsights_sitenote_category":0,"_uf_show_specific_survey":0,"_uf_disable_surveys":false,"footnotes":""},"categories":[363],"tags":[799,637,583],"class_list":{"0":"post-123801","1":"post","2":"type-post","3":"status-publish","4":"format-standard","5":"has-post-thumbnail","7":"category-melhores-historias","8":"tag-guerra-civil-pt-pt","9":"tag-sudao","10":"tag-tecnologia"},"acf":[],"yoast_head":"<!-- This site is optimized with the Yoast SEO plugin v27.5 - https:\/\/yoast.com\/product\/yoast-seo-wordpress\/ -->\n<title>Drones Turcos Ajudam o Ex\u00e9rcito do Sud\u00e3o a Avan\u00e7ar, Mas Causam Mais Mortes de Civis - Africa Defense Forum<\/title>\n<meta name=\"robots\" content=\"index, follow, max-snippet:-1, max-image-preview:large, max-video-preview:-1\" \/>\n<link rel=\"canonical\" href=\"https:\/\/adf-magazine.com\/fr\/?p=123803\" \/>\n<meta property=\"og:locale\" content=\"pt_PT\" \/>\n<meta property=\"og:type\" content=\"article\" \/>\n<meta property=\"og:title\" content=\"Drones Turcos Ajudam o Ex\u00e9rcito do Sud\u00e3o a Avan\u00e7ar, Mas Causam Mais Mortes de Civis - Africa Defense Forum\" \/>\n<meta property=\"og:description\" content=\"Nos \u00faltimos meses, as For\u00e7as Armadas do Sud\u00e3o (SAF) reconquistaram um territ\u00f3rio crucial \u00e0s For\u00e7as de Apoio R\u00e1pido (RSF) gra\u00e7as, em parte, a uma adi\u00e7\u00e3o fundamental ao seu arsenal: os drones turcos. Em Outubro, as for\u00e7as armadas sudanesas receberam dois Bayraktar TB2 de fabrico turco, elevando o seu total para oito drones TB2. As SAF\" \/>\n<meta property=\"og:url\" content=\"https:\/\/adf-magazine.com\/fr\/?p=123803\" \/>\n<meta property=\"og:site_name\" content=\"Africa Defense Forum\" \/>\n<meta property=\"article:publisher\" content=\"https:\/\/www.facebook.com\/ADFmagazine\/\" \/>\n<meta property=\"article:published_time\" content=\"2025-03-25T18:45:53+00:00\" \/>\n<meta property=\"article:modified_time\" content=\"2025-03-25T18:46:50+00:00\" \/>\n<meta property=\"og:image\" content=\"https:\/\/adf-magazine.com\/wp-content\/uploads\/2025\/03\/GettyImages-1189027354.jpg\" \/>\n\t<meta property=\"og:image:width\" content=\"1024\" \/>\n\t<meta property=\"og:image:height\" content=\"683\" \/>\n\t<meta property=\"og:image:type\" content=\"image\/jpeg\" \/>\n<meta name=\"author\" content=\"ADF\" \/>\n<meta name=\"twitter:card\" content=\"summary_large_image\" \/>\n<meta name=\"twitter:creator\" content=\"@ADFmagazine\" \/>\n<meta name=\"twitter:site\" content=\"@ADFmagazine\" \/>\n<meta name=\"twitter:label1\" content=\"Escrito por\" \/>\n\t<meta name=\"twitter:data1\" content=\"ADF\" \/>\n\t<meta name=\"twitter:label2\" content=\"Tempo estimado de leitura\" \/>\n\t<meta name=\"twitter:data2\" content=\"3 minutos\" \/>\n<script type=\"application\/ld+json\" class=\"yoast-schema-graph\">{\"@context\":\"https:\\\/\\\/schema.org\",\"@graph\":[{\"@type\":\"Article\",\"@id\":\"https:\\\/\\\/adf-magazine.com\\\/fr\\\/?p=123803#article\",\"isPartOf\":{\"@id\":\"https:\\\/\\\/adf-magazine.com\\\/fr\\\/?p=123803\"},\"author\":{\"name\":\"ADF\",\"@id\":\"https:\\\/\\\/adf-magazine.com\\\/#\\\/schema\\\/person\\\/f266a6061389568b5a11465bb38bc025\"},\"headline\":\"Drones Turcos Ajudam o Ex\u00e9rcito do Sud\u00e3o a Avan\u00e7ar, Mas Causam Mais Mortes de Civis\",\"datePublished\":\"2025-03-25T18:45:53+00:00\",\"dateModified\":\"2025-03-25T18:46:50+00:00\",\"mainEntityOfPage\":{\"@id\":\"https:\\\/\\\/adf-magazine.com\\\/fr\\\/?p=123803\"},\"wordCount\":623,\"commentCount\":0,\"image\":{\"@id\":\"https:\\\/\\\/adf-magazine.com\\\/fr\\\/?p=123803#primaryimage\"},\"thumbnailUrl\":\"https:\\\/\\\/adf-magazine.com\\\/wp-content\\\/uploads\\\/2025\\\/03\\\/GettyImages-1189027354.jpg\",\"keywords\":[\"guerra civil\",\"Sud\u00e3o\",\"tecnologia\"],\"articleSection\":[\"Not\u00edcias diaries\"],\"inLanguage\":\"pt-PT\",\"potentialAction\":[{\"@type\":\"CommentAction\",\"name\":\"Comment\",\"target\":[\"https:\\\/\\\/adf-magazine.com\\\/fr\\\/?p=123803#respond\"]}]},{\"@type\":\"WebPage\",\"@id\":\"https:\\\/\\\/adf-magazine.com\\\/fr\\\/?p=123803\",\"url\":\"https:\\\/\\\/adf-magazine.com\\\/fr\\\/?p=123803\",\"name\":\"Drones Turcos Ajudam o Ex\u00e9rcito do Sud\u00e3o a Avan\u00e7ar, Mas Causam Mais Mortes de Civis - Africa Defense Forum\",\"isPartOf\":{\"@id\":\"https:\\\/\\\/adf-magazine.com\\\/#website\"},\"primaryImageOfPage\":{\"@id\":\"https:\\\/\\\/adf-magazine.com\\\/fr\\\/?p=123803#primaryimage\"},\"image\":{\"@id\":\"https:\\\/\\\/adf-magazine.com\\\/fr\\\/?p=123803#primaryimage\"},\"thumbnailUrl\":\"https:\\\/\\\/adf-magazine.com\\\/wp-content\\\/uploads\\\/2025\\\/03\\\/GettyImages-1189027354.jpg\",\"datePublished\":\"2025-03-25T18:45:53+00:00\",\"dateModified\":\"2025-03-25T18:46:50+00:00\",\"author\":{\"@id\":\"https:\\\/\\\/adf-magazine.com\\\/#\\\/schema\\\/person\\\/f266a6061389568b5a11465bb38bc025\"},\"breadcrumb\":{\"@id\":\"https:\\\/\\\/adf-magazine.com\\\/fr\\\/?p=123803#breadcrumb\"},\"inLanguage\":\"pt-PT\",\"potentialAction\":[{\"@type\":\"ReadAction\",\"target\":[\"https:\\\/\\\/adf-magazine.com\\\/fr\\\/?p=123803\"]}]},{\"@type\":\"ImageObject\",\"inLanguage\":\"pt-PT\",\"@id\":\"https:\\\/\\\/adf-magazine.com\\\/fr\\\/?p=123803#primaryimage\",\"url\":\"https:\\\/\\\/adf-magazine.com\\\/wp-content\\\/uploads\\\/2025\\\/03\\\/GettyImages-1189027354.jpg\",\"contentUrl\":\"https:\\\/\\\/adf-magazine.com\\\/wp-content\\\/uploads\\\/2025\\\/03\\\/GettyImages-1189027354.jpg\",\"width\":1024,\"height\":683,\"caption\":\"A utiliza\u00e7\u00e3o pelo Sud\u00e3o de drones Bayraktar TB2 de fabrico turco ajudou o governo a fazer avan\u00e7os significativos contra as For\u00e7as de Apoio R\u00e1pido e a recuperar territ\u00f3rio nos Estados de Cartum e al-Gezira. AFP\\\/GETTY IMAGES\"},{\"@type\":\"BreadcrumbList\",\"@id\":\"https:\\\/\\\/adf-magazine.com\\\/fr\\\/?p=123803#breadcrumb\",\"itemListElement\":[{\"@type\":\"ListItem\",\"position\":1,\"name\":\"Home\",\"item\":\"https:\\\/\\\/adf-magazine.com\\\/\"},{\"@type\":\"ListItem\",\"position\":2,\"name\":\"Drones Turcos Ajudam o Ex\u00e9rcito do Sud\u00e3o a Avan\u00e7ar, Mas Causam Mais Mortes de Civis\"}]},{\"@type\":\"WebSite\",\"@id\":\"https:\\\/\\\/adf-magazine.com\\\/#website\",\"url\":\"https:\\\/\\\/adf-magazine.com\\\/\",\"name\":\"Africa Defense Forum\",\"description\":\"Africa Defense Forum\",\"potentialAction\":[{\"@type\":\"SearchAction\",\"target\":{\"@type\":\"EntryPoint\",\"urlTemplate\":\"https:\\\/\\\/adf-magazine.com\\\/?s={search_term_string}\"},\"query-input\":{\"@type\":\"PropertyValueSpecification\",\"valueRequired\":true,\"valueName\":\"search_term_string\"}}],\"inLanguage\":\"pt-PT\"},{\"@type\":\"Person\",\"@id\":\"https:\\\/\\\/adf-magazine.com\\\/#\\\/schema\\\/person\\\/f266a6061389568b5a11465bb38bc025\",\"name\":\"ADF\",\"image\":{\"@type\":\"ImageObject\",\"inLanguage\":\"pt-PT\",\"@id\":\"https:\\\/\\\/adf-magazine.com\\\/wp-content\\\/uploads\\\/2020\\\/05\\\/cropped-ADF_icon.jpg\",\"url\":\"https:\\\/\\\/adf-magazine.com\\\/wp-content\\\/uploads\\\/2020\\\/05\\\/cropped-ADF_icon.jpg\",\"contentUrl\":\"https:\\\/\\\/adf-magazine.com\\\/wp-content\\\/uploads\\\/2020\\\/05\\\/cropped-ADF_icon.jpg\",\"caption\":\"ADF\"},\"description\":\"ADF is a professional military magazine published quarterly by U.S. Africa Command to provide an international forum for African security professionals. ADF covers topics such as counter terrorism strategies, security and defense operations, transnational crime, and all other issues affecting peace, stability, and good governance on the African continent.\",\"sameAs\":[\"https:\\\/\\\/x.com\\\/ADFmagazine\"],\"url\":\"https:\\\/\\\/adf-magazine.com\\\/pt-pt\\\/author\\\/adf\\\/\"}]}<\/script>\n<!-- \/ Yoast SEO plugin. -->","yoast_head_json":{"title":"Drones Turcos Ajudam o Ex\u00e9rcito do Sud\u00e3o a Avan\u00e7ar, Mas Causam Mais Mortes de Civis - Africa Defense Forum","robots":{"index":"index","follow":"follow","max-snippet":"max-snippet:-1","max-image-preview":"max-image-preview:large","max-video-preview":"max-video-preview:-1"},"canonical":"https:\/\/adf-magazine.com\/fr\/?p=123803","og_locale":"pt_PT","og_type":"article","og_title":"Drones Turcos Ajudam o Ex\u00e9rcito do Sud\u00e3o a Avan\u00e7ar, Mas Causam Mais Mortes de Civis - Africa Defense Forum","og_description":"Nos \u00faltimos meses, as For\u00e7as Armadas do Sud\u00e3o (SAF) reconquistaram um territ\u00f3rio crucial \u00e0s For\u00e7as de Apoio R\u00e1pido (RSF) gra\u00e7as, em parte, a uma adi\u00e7\u00e3o fundamental ao seu arsenal: os drones turcos. Em Outubro, as for\u00e7as armadas sudanesas receberam dois Bayraktar TB2 de fabrico turco, elevando o seu total para oito drones TB2. As SAF","og_url":"https:\/\/adf-magazine.com\/fr\/?p=123803","og_site_name":"Africa Defense Forum","article_publisher":"https:\/\/www.facebook.com\/ADFmagazine\/","article_published_time":"2025-03-25T18:45:53+00:00","article_modified_time":"2025-03-25T18:46:50+00:00","og_image":[{"width":1024,"height":683,"url":"https:\/\/adf-magazine.com\/wp-content\/uploads\/2025\/03\/GettyImages-1189027354.jpg","type":"image\/jpeg"}],"author":"ADF","twitter_card":"summary_large_image","twitter_creator":"@ADFmagazine","twitter_site":"@ADFmagazine","twitter_misc":{"Escrito por":"ADF","Tempo estimado de leitura":"3 minutos"},"schema":{"@context":"https:\/\/schema.org","@graph":[{"@type":"Article","@id":"https:\/\/adf-magazine.com\/fr\/?p=123803#article","isPartOf":{"@id":"https:\/\/adf-magazine.com\/fr\/?p=123803"},"author":{"name":"ADF","@id":"https:\/\/adf-magazine.com\/#\/schema\/person\/f266a6061389568b5a11465bb38bc025"},"headline":"Drones Turcos Ajudam o Ex\u00e9rcito do Sud\u00e3o a Avan\u00e7ar, Mas Causam Mais Mortes de Civis","datePublished":"2025-03-25T18:45:53+00:00","dateModified":"2025-03-25T18:46:50+00:00","mainEntityOfPage":{"@id":"https:\/\/adf-magazine.com\/fr\/?p=123803"},"wordCount":623,"commentCount":0,"image":{"@id":"https:\/\/adf-magazine.com\/fr\/?p=123803#primaryimage"},"thumbnailUrl":"https:\/\/adf-magazine.com\/wp-content\/uploads\/2025\/03\/GettyImages-1189027354.jpg","keywords":["guerra civil","Sud\u00e3o","tecnologia"],"articleSection":["Not\u00edcias diaries"],"inLanguage":"pt-PT","potentialAction":[{"@type":"CommentAction","name":"Comment","target":["https:\/\/adf-magazine.com\/fr\/?p=123803#respond"]}]},{"@type":"WebPage","@id":"https:\/\/adf-magazine.com\/fr\/?p=123803","url":"https:\/\/adf-magazine.com\/fr\/?p=123803","name":"Drones Turcos Ajudam o Ex\u00e9rcito do Sud\u00e3o a Avan\u00e7ar, Mas Causam Mais Mortes de Civis - Africa Defense Forum","isPartOf":{"@id":"https:\/\/adf-magazine.com\/#website"},"primaryImageOfPage":{"@id":"https:\/\/adf-magazine.com\/fr\/?p=123803#primaryimage"},"image":{"@id":"https:\/\/adf-magazine.com\/fr\/?p=123803#primaryimage"},"thumbnailUrl":"https:\/\/adf-magazine.com\/wp-content\/uploads\/2025\/03\/GettyImages-1189027354.jpg","datePublished":"2025-03-25T18:45:53+00:00","dateModified":"2025-03-25T18:46:50+00:00","author":{"@id":"https:\/\/adf-magazine.com\/#\/schema\/person\/f266a6061389568b5a11465bb38bc025"},"breadcrumb":{"@id":"https:\/\/adf-magazine.com\/fr\/?p=123803#breadcrumb"},"inLanguage":"pt-PT","potentialAction":[{"@type":"ReadAction","target":["https:\/\/adf-magazine.com\/fr\/?p=123803"]}]},{"@type":"ImageObject","inLanguage":"pt-PT","@id":"https:\/\/adf-magazine.com\/fr\/?p=123803#primaryimage","url":"https:\/\/adf-magazine.com\/wp-content\/uploads\/2025\/03\/GettyImages-1189027354.jpg","contentUrl":"https:\/\/adf-magazine.com\/wp-content\/uploads\/2025\/03\/GettyImages-1189027354.jpg","width":1024,"height":683,"caption":"A utiliza\u00e7\u00e3o pelo Sud\u00e3o de drones Bayraktar TB2 de fabrico turco ajudou o governo a fazer avan\u00e7os significativos contra as For\u00e7as de Apoio R\u00e1pido e a recuperar territ\u00f3rio nos Estados de Cartum e al-Gezira. AFP\/GETTY IMAGES"},{"@type":"BreadcrumbList","@id":"https:\/\/adf-magazine.com\/fr\/?p=123803#breadcrumb","itemListElement":[{"@type":"ListItem","position":1,"name":"Home","item":"https:\/\/adf-magazine.com\/"},{"@type":"ListItem","position":2,"name":"Drones Turcos Ajudam o Ex\u00e9rcito do Sud\u00e3o a Avan\u00e7ar, Mas Causam Mais Mortes de Civis"}]},{"@type":"WebSite","@id":"https:\/\/adf-magazine.com\/#website","url":"https:\/\/adf-magazine.com\/","name":"Africa Defense Forum","description":"Africa Defense Forum","potentialAction":[{"@type":"SearchAction","target":{"@type":"EntryPoint","urlTemplate":"https:\/\/adf-magazine.com\/?s={search_term_string}"},"query-input":{"@type":"PropertyValueSpecification","valueRequired":true,"valueName":"search_term_string"}}],"inLanguage":"pt-PT"},{"@type":"Person","@id":"https:\/\/adf-magazine.com\/#\/schema\/person\/f266a6061389568b5a11465bb38bc025","name":"ADF","image":{"@type":"ImageObject","inLanguage":"pt-PT","@id":"https:\/\/adf-magazine.com\/wp-content\/uploads\/2020\/05\/cropped-ADF_icon.jpg","url":"https:\/\/adf-magazine.com\/wp-content\/uploads\/2020\/05\/cropped-ADF_icon.jpg","contentUrl":"https:\/\/adf-magazine.com\/wp-content\/uploads\/2020\/05\/cropped-ADF_icon.jpg","caption":"ADF"},"description":"ADF is a professional military magazine published quarterly by U.S. Africa Command to provide an international forum for African security professionals. ADF covers topics such as counter terrorism strategies, security and defense operations, transnational crime, and all other issues affecting peace, stability, and good governance on the African continent.","sameAs":["https:\/\/x.com\/ADFmagazine"],"url":"https:\/\/adf-magazine.com\/pt-pt\/author\/adf\/"}]}},"_links":{"self":[{"href":"https:\/\/adf-magazine.com\/pt-pt\/wp-json\/wp\/v2\/posts\/123801","targetHints":{"allow":["GET"]}}],"collection":[{"href":"https:\/\/adf-magazine.com\/pt-pt\/wp-json\/wp\/v2\/posts"}],"about":[{"href":"https:\/\/adf-magazine.com\/pt-pt\/wp-json\/wp\/v2\/types\/post"}],"author":[{"embeddable":true,"href":"https:\/\/adf-magazine.com\/pt-pt\/wp-json\/wp\/v2\/users\/1"}],"replies":[{"embeddable":true,"href":"https:\/\/adf-magazine.com\/pt-pt\/wp-json\/wp\/v2\/comments?post=123801"}],"version-history":[{"count":0,"href":"https:\/\/adf-magazine.com\/pt-pt\/wp-json\/wp\/v2\/posts\/123801\/revisions"}],"wp:featuredmedia":[{"embeddable":true,"href":"https:\/\/adf-magazine.com\/pt-pt\/wp-json\/wp\/v2\/media\/123799"}],"wp:attachment":[{"href":"https:\/\/adf-magazine.com\/pt-pt\/wp-json\/wp\/v2\/media?parent=123801"}],"wp:term":[{"taxonomy":"category","embeddable":true,"href":"https:\/\/adf-magazine.com\/pt-pt\/wp-json\/wp\/v2\/categories?post=123801"},{"taxonomy":"post_tag","embeddable":true,"href":"https:\/\/adf-magazine.com\/pt-pt\/wp-json\/wp\/v2\/tags?post=123801"}],"curies":[{"name":"wp","href":"https:\/\/api.w.org\/{rel}","templated":true}]}}