{"id":123013,"date":"2025-02-04T13:04:27","date_gmt":"2025-02-04T18:04:27","guid":{"rendered":"https:\/\/adf-magazine.com\/?p=123013"},"modified":"2025-02-04T13:05:12","modified_gmt":"2025-02-04T18:05:12","slug":"forca-aerea-nigeriana-espera-criar-uma-era-de-ouro-com-a-aquisicao-de-aeronaves","status":"publish","type":"post","link":"https:\/\/adf-magazine.com\/pt-pt\/2025\/02\/forca-aerea-nigeriana-espera-criar-uma-era-de-ouro-com-a-aquisicao-de-aeronaves\/","title":{"rendered":"For\u00e7a A\u00e9rea Nigeriana Espera Criar uma \u2018Era de Ouro\u2019 com a Aquisi\u00e7\u00e3o de Aeronaves"},"content":{"rendered":"<p style=\"font-weight: 400;\">EQUIPA DA ADF<\/p>\n<p style=\"font-weight: 400;\">O Marechal Hasan Abubakar afirmou recentemente que a For\u00e7a A\u00e9rea Nigeriana est\u00e1 a viver uma \u201cEra de Ouro,\u201d marcada pela aquisi\u00e7\u00e3o de plataformas avan\u00e7adas, incluindo jactos e helic\u00f3pteros.<\/p>\n<p style=\"font-weight: 400;\">Mandatada para proteger a soberania e a integridade territorial do pa\u00eds, a NAF est\u00e1 rodeada de amea\u00e7as de terrorismo com a insurg\u00eancia do Boko Haram na regi\u00e3o do Lago Chade, a leste, e a invas\u00e3o de v\u00e1rios grupos militantes extremistas filiados na al-Qaeda e no grupo do Estado Isl\u00e2mico no Sahel.<\/p>\n<p style=\"font-weight: 400;\">Abubakar, o Chefe do Estado-Maior da NAF, afirmou que a Nig\u00e9ria espera ter a terceira maior for\u00e7a a\u00e9rea do continente nos pr\u00f3ximos dois anos.<\/p>\n<p style=\"font-weight: 400;\">\u201cA For\u00e7a A\u00e9rea Nigeriana testemunhou uma transforma\u00e7\u00e3o not\u00e1vel, evidente na revitaliza\u00e7\u00e3o da nossa frota e no aumento da prontid\u00e3o operacional,\u201d disse aos jornalistas no dia 9 de Janeiro.<\/p>\n<p style=\"font-weight: 400;\">Abubakar disse que a NAF registou 9.928 miss\u00f5es e 15.915 horas de voo nos \u00faltimos 18 meses de opera\u00e7\u00f5es de combate ao terrorismo e outras opera\u00e7\u00f5es de seguran\u00e7a.<\/p>\n<p style=\"font-weight: 400;\">\u201cA For\u00e7a A\u00e9rea Nigeriana evoluiu ao longo dos anos de uma for\u00e7a a\u00e9rea t\u00e1ctica b\u00e1sica nos anos 60 e 70 para uma for\u00e7a a\u00e9rea actual capaz de conduzir opera\u00e7\u00f5es estrat\u00e9gicas sempre que necess\u00e1rio,\u201d disse aos jornalistas durante a celebra\u00e7\u00e3o do 60.\u00ba anivers\u00e1rio da NAF em Maio de 2024.<\/p>\n<figure id=\"attachment_123011\" aria-describedby=\"caption-attachment-123011\" style=\"width: 899px\" class=\"wp-caption aligncenter\"><a href=\"https:\/\/adf-magazine.com\/wp-content\/uploads\/2025\/02\/NAFEXPANDS2.jpg\"><img fetchpriority=\"high\" decoding=\"async\" class=\"size-full wp-image-123011\" src=\"https:\/\/adf-magazine.com\/wp-content\/uploads\/2025\/02\/NAFEXPANDS2.jpg\" alt=\"\" width=\"899\" height=\"600\" srcset=\"https:\/\/adf-magazine.com\/wp-content\/uploads\/2025\/02\/NAFEXPANDS2.jpg 899w, https:\/\/adf-magazine.com\/wp-content\/uploads\/2025\/02\/NAFEXPANDS2-300x200.jpg 300w, https:\/\/adf-magazine.com\/wp-content\/uploads\/2025\/02\/NAFEXPANDS2-768x513.jpg 768w, https:\/\/adf-magazine.com\/wp-content\/uploads\/2025\/02\/NAFEXPANDS2-150x100.jpg 150w, https:\/\/adf-magazine.com\/wp-content\/uploads\/2025\/02\/NAFEXPANDS2-450x300.jpg 450w\" sizes=\"(max-width: 899px) 100vw, 899px\" \/><\/a><figcaption id=\"caption-attachment-123011\" class=\"wp-caption-text\">A For\u00e7a A\u00e9rea da Nig\u00e9ria expandiu e melhorou a sua frota de ca\u00e7as.<br \/>FOR\u00c7A A\u00c9REA NIGERIANA<\/figcaption><\/figure>\n<p style=\"font-weight: 400;\">Abubakar elogiou a frota em expans\u00e3o da NAF e os programas de refor\u00e7o de capacidades nos seus esfor\u00e7os para restaurar a estabilidade na regi\u00e3o nordeste, assolada pela insurg\u00eancia.<\/p>\n<p style=\"font-weight: 400;\">Falando no Semin\u00e1rio de Forma\u00e7\u00e3o, Opera\u00e7\u00f5es e Seguran\u00e7a da NAF 2024, em Abuja, a 4 de Dezembro de 2024, referiu tamb\u00e9m a forma\u00e7\u00e3o de 54 pilotos no estrangeiro e 43 a n\u00edvel local, juntamente com 16 operadores de ve\u00edculos a\u00e9reos n\u00e3o tripulados (VANT) formados localmente.<\/p>\n<p style=\"font-weight: 400;\">A NAF recebeu 14 aeronaves avan\u00e7adas em 2024, parte do total de 64 aeronaves que a NAF espera receber dentro de tr\u00eas anos.<\/p>\n<p style=\"font-weight: 400;\">A for\u00e7a conta com 18.000 efectivos, o que \u00e9 o segundo maior n\u00famero no continente, atr\u00e1s do Egipto, de acordo com o relat\u00f3rio anual Military Balance 2024 do Instituto Internacional de Estudos Estrat\u00e9gicos.<\/p>\n<p style=\"font-weight: 400;\">Disp\u00f5e igualmente de 179 plataformas a\u00e9reas, incluindo 117 avi\u00f5es (61 dos quais com capacidade de combate), 55 helic\u00f3pteros e sete VANT pesados.<\/p>\n<p style=\"font-weight: 400;\">Os analistas de seguran\u00e7a Samuel Oyewole, Francis Okpaleke e Oluwole Ojewale afirmam que a NAF foi submetida a um programa de \u201caquisi\u00e7\u00e3o e fornecimento maci\u00e7o de meios a\u00e9reos e de refor\u00e7o das capacidades.\u201d<\/p>\n<p style=\"font-weight: 400;\">\u201cA expans\u00e3o da frota surge num momento cr\u00edtico, em que a prontid\u00e3o militar \u00e9 necess\u00e1ria para combater as amea\u00e7as emergentes \u00e0 seguran\u00e7a regional e transnacional,\u201d escreveram num artigo de 14 de Janeiro para a revista The Conversation Africa.<\/p>\n<p style=\"font-weight: 400;\">Essa frota melhorada ser\u00e1 provavelmente essencial para a Comunidade Econ\u00f3mica dos Estados da \u00c1frica Ocidental, que normalmente conta com a lideran\u00e7a da Nig\u00e9ria, para estabelecer uma for\u00e7a antiterrorista de reserva.<\/p>\n<p style=\"font-weight: 400;\">\u201cAs for\u00e7as armadas da Nig\u00e9ria poderiam desempenhar um papel importante, fornecendo os seus meios a\u00e9reos para informa\u00e7\u00e3o, vigil\u00e2ncia e reconhecimento, transporte, apoio a\u00e9reo pr\u00f3ximo e ataques de precis\u00e3o em redutos terroristas,\u201d escreveram os investigadores. \u201c\u00c9 tamb\u00e9m fundamental para refor\u00e7ar as capacidades das for\u00e7as a\u00e9reas de outros membros do bloco e para promover a inova\u00e7\u00e3o atrav\u00e9s da investiga\u00e7\u00e3o e do desenvolvimento.\u201d<\/p>\n<p style=\"font-weight: 400;\">Abubakar afirmou que a estrat\u00e9gia global da NAF consiste em desenvolver capacidades cr\u00edticas de seguran\u00e7a nacional e refor\u00e7ar as compet\u00eancias essenciais atrav\u00e9s da inova\u00e7\u00e3o e da colabora\u00e7\u00e3o. Agradece frequentemente e d\u00e1 cr\u00e9dito a uma s\u00e9rie de parceiros internacionais, incluindo os Estados Unidos.<\/p>\n<p style=\"font-weight: 400;\">A frota da NAF de 12 avi\u00f5es de ataque ligeiro A-29 Super Tucano estacionada na Base A\u00e9rea de Kainji faz parte de um acordo de compra de 500 milh\u00f5es de d\u00f3lares com as for\u00e7as armadas dos EUA.<\/p>\n<p style=\"font-weight: 400;\">O Ministro da Informa\u00e7\u00e3o e Cultura da Nig\u00e9ria, Lai Mohammed, chamou os Super Tucanos \u201cfactores de mudan\u00e7a.\u201d<\/p>\n<p style=\"font-weight: 400;\">\u201cA maior parte dos sucessos que regist\u00e1mos nos \u00faltimos tempos deve-se \u00e0 aquisi\u00e7\u00e3o de novas plataformas, n\u00e3o se limitando ao Super Tucano,\u201d Mohammed disse ao jornal online nigeriano Premium Times.<\/p>\n<p style=\"font-weight: 400;\">Desde a chegada do primeiro lote de A-29 em 2021, estes avi\u00f5es t\u00eam ajudado a Nig\u00e9ria a inverter a mar\u00e9 contra os extremistas do Boko Haram e da Prov\u00edncia da \u00c1frica Ocidental do Estado Isl\u00e2mico (ISWAP). S\u00e3o utilizados principalmente para atacar alvos inimigos, recolha de informa\u00e7\u00f5es, vigil\u00e2ncia e reconhecimento.<\/p>\n<p><span style=\"font-weight: 400;\">\u201cO poder a\u00e9reo ajudou as for\u00e7as armadas nigerianas a localizar e a neutralizar numerosos campos e log\u00edstica dos insurgentes do Boko Haram,\u201d escreveram os tr\u00eas investigadores. \u201cAjudou-os a eliminar milhares de combatentes do Boko Haram, a proteger as for\u00e7as terrestres e a resgatar milhares de ref\u00e9ns desde 2013.\u201d<\/span><\/p>\n","protected":false},"excerpt":{"rendered":"<p>EQUIPA DA ADF O Marechal Hasan Abubakar afirmou recentemente que a For\u00e7a A\u00e9rea Nigeriana est\u00e1 a viver uma \u201cEra de Ouro,\u201d marcada pela aquisi\u00e7\u00e3o de plataformas avan\u00e7adas, incluindo jactos e helic\u00f3pteros. Mandatada para proteger a soberania e a integridade territorial do pa\u00eds, a NAF est\u00e1 rodeada de amea\u00e7as de terrorismo com a insurg\u00eancia do Boko<\/p>\n","protected":false},"author":1,"featured_media":123007,"comment_status":"open","ping_status":"closed","sticky":false,"template":"","format":"standard","meta":{"_acf_changed":false,"_monsterinsights_skip_tracking":false,"_monsterinsights_sitenote_active":false,"_monsterinsights_sitenote_note":"","_monsterinsights_sitenote_category":0,"_uf_show_specific_survey":0,"_uf_disable_surveys":false,"footnotes":""},"categories":[363],"tags":[558,1285,1208,636,1207,499,853,1020,874,453,501,1139],"class_list":{"0":"post-123013","1":"post","2":"type-post","3":"status-publish","4":"format-standard","5":"has-post-thumbnail","7":"category-melhores-historias","8":"tag-africa-ocidental","9":"tag-al-qaeda-pt-pt","10":"tag-boko-haram-pt-pt","11":"tag-cedeao","12":"tag-estado-islamico","13":"tag-extremismo","14":"tag-forca-aerea","15":"tag-insurgencia","16":"tag-lago-chade","17":"tag-nigeria-pt-pt","18":"tag-sahel-pt-pt","19":"tag-terrorism-pt-pt"},"acf":[],"yoast_head":"<!-- This site is optimized with the Yoast SEO plugin v27.4 - https:\/\/yoast.com\/product\/yoast-seo-wordpress\/ -->\n<title>For\u00e7a A\u00e9rea Nigeriana Espera Criar uma \u2018Era de Ouro\u2019 com a Aquisi\u00e7\u00e3o de Aeronaves - Africa Defense Forum<\/title>\n<meta name=\"robots\" content=\"index, follow, max-snippet:-1, max-image-preview:large, max-video-preview:-1\" \/>\n<link rel=\"canonical\" href=\"https:\/\/adf-magazine.com\/pt-pt\/2025\/02\/forca-aerea-nigeriana-espera-criar-uma-era-de-ouro-com-a-aquisicao-de-aeronaves\/\" \/>\n<meta property=\"og:locale\" content=\"pt_PT\" \/>\n<meta property=\"og:type\" content=\"article\" \/>\n<meta property=\"og:title\" content=\"For\u00e7a A\u00e9rea Nigeriana Espera Criar uma \u2018Era de Ouro\u2019 com a Aquisi\u00e7\u00e3o de Aeronaves - Africa Defense Forum\" \/>\n<meta property=\"og:description\" content=\"EQUIPA DA ADF O Marechal Hasan Abubakar afirmou recentemente que a For\u00e7a A\u00e9rea Nigeriana est\u00e1 a viver uma \u201cEra de Ouro,\u201d marcada pela aquisi\u00e7\u00e3o de plataformas avan\u00e7adas, incluindo jactos e helic\u00f3pteros. Mandatada para proteger a soberania e a integridade territorial do pa\u00eds, a NAF est\u00e1 rodeada de amea\u00e7as de terrorismo com a insurg\u00eancia do Boko\" \/>\n<meta property=\"og:url\" content=\"https:\/\/adf-magazine.com\/pt-pt\/2025\/02\/forca-aerea-nigeriana-espera-criar-uma-era-de-ouro-com-a-aquisicao-de-aeronaves\/\" \/>\n<meta property=\"og:site_name\" content=\"Africa Defense Forum\" \/>\n<meta property=\"article:publisher\" content=\"https:\/\/www.facebook.com\/ADFmagazine\/\" \/>\n<meta property=\"article:published_time\" content=\"2025-02-04T18:04:27+00:00\" \/>\n<meta property=\"article:modified_time\" content=\"2025-02-04T18:05:12+00:00\" \/>\n<meta property=\"og:image\" content=\"https:\/\/adf-magazine.com\/wp-content\/uploads\/2025\/02\/NAFEXPANDS1.jpg\" \/>\n\t<meta property=\"og:image:width\" content=\"2048\" \/>\n\t<meta property=\"og:image:height\" content=\"1365\" \/>\n\t<meta property=\"og:image:type\" content=\"image\/jpeg\" \/>\n<meta name=\"author\" content=\"ADF\" \/>\n<meta name=\"twitter:card\" content=\"summary_large_image\" \/>\n<meta name=\"twitter:creator\" content=\"@ADFmagazine\" \/>\n<meta name=\"twitter:site\" content=\"@ADFmagazine\" \/>\n<meta name=\"twitter:label1\" content=\"Escrito por\" \/>\n\t<meta name=\"twitter:data1\" content=\"ADF\" \/>\n\t<meta name=\"twitter:label2\" content=\"Tempo estimado de leitura\" \/>\n\t<meta name=\"twitter:data2\" content=\"4 minutos\" \/>\n<script type=\"application\/ld+json\" class=\"yoast-schema-graph\">{\"@context\":\"https:\\\/\\\/schema.org\",\"@graph\":[{\"@type\":\"Article\",\"@id\":\"https:\\\/\\\/adf-magazine.com\\\/pt-pt\\\/2025\\\/02\\\/forca-aerea-nigeriana-espera-criar-uma-era-de-ouro-com-a-aquisicao-de-aeronaves\\\/#article\",\"isPartOf\":{\"@id\":\"https:\\\/\\\/adf-magazine.com\\\/pt-pt\\\/2025\\\/02\\\/forca-aerea-nigeriana-espera-criar-uma-era-de-ouro-com-a-aquisicao-de-aeronaves\\\/\"},\"author\":{\"name\":\"ADF\",\"@id\":\"https:\\\/\\\/adf-magazine.com\\\/#\\\/schema\\\/person\\\/f266a6061389568b5a11465bb38bc025\"},\"headline\":\"For\u00e7a A\u00e9rea Nigeriana Espera Criar uma \u2018Era de Ouro\u2019 com a Aquisi\u00e7\u00e3o de Aeronaves\",\"datePublished\":\"2025-02-04T18:04:27+00:00\",\"dateModified\":\"2025-02-04T18:05:12+00:00\",\"mainEntityOfPage\":{\"@id\":\"https:\\\/\\\/adf-magazine.com\\\/pt-pt\\\/2025\\\/02\\\/forca-aerea-nigeriana-espera-criar-uma-era-de-ouro-com-a-aquisicao-de-aeronaves\\\/\"},\"wordCount\":888,\"commentCount\":0,\"image\":{\"@id\":\"https:\\\/\\\/adf-magazine.com\\\/pt-pt\\\/2025\\\/02\\\/forca-aerea-nigeriana-espera-criar-uma-era-de-ouro-com-a-aquisicao-de-aeronaves\\\/#primaryimage\"},\"thumbnailUrl\":\"https:\\\/\\\/adf-magazine.com\\\/wp-content\\\/uploads\\\/2025\\\/02\\\/NAFEXPANDS1.jpg\",\"keywords\":[\"\u00c1frica Ocidental\",\"Al-Qaeda\",\"Boko Haram\",\"CEDEAO\",\"Estado Isl\u00e2mico\",\"extremismo\",\"For\u00e7a A\u00e9rea\",\"insurg\u00eancia\",\"Lago Chade\",\"Nigeria\",\"Sahel\",\"Terrorism\"],\"articleSection\":[\"Not\u00edcias diaries\"],\"inLanguage\":\"pt-PT\",\"potentialAction\":[{\"@type\":\"CommentAction\",\"name\":\"Comment\",\"target\":[\"https:\\\/\\\/adf-magazine.com\\\/pt-pt\\\/2025\\\/02\\\/forca-aerea-nigeriana-espera-criar-uma-era-de-ouro-com-a-aquisicao-de-aeronaves\\\/#respond\"]}]},{\"@type\":\"WebPage\",\"@id\":\"https:\\\/\\\/adf-magazine.com\\\/pt-pt\\\/2025\\\/02\\\/forca-aerea-nigeriana-espera-criar-uma-era-de-ouro-com-a-aquisicao-de-aeronaves\\\/\",\"url\":\"https:\\\/\\\/adf-magazine.com\\\/pt-pt\\\/2025\\\/02\\\/forca-aerea-nigeriana-espera-criar-uma-era-de-ouro-com-a-aquisicao-de-aeronaves\\\/\",\"name\":\"For\u00e7a A\u00e9rea Nigeriana Espera Criar uma \u2018Era de Ouro\u2019 com a Aquisi\u00e7\u00e3o de Aeronaves - Africa Defense Forum\",\"isPartOf\":{\"@id\":\"https:\\\/\\\/adf-magazine.com\\\/#website\"},\"primaryImageOfPage\":{\"@id\":\"https:\\\/\\\/adf-magazine.com\\\/pt-pt\\\/2025\\\/02\\\/forca-aerea-nigeriana-espera-criar-uma-era-de-ouro-com-a-aquisicao-de-aeronaves\\\/#primaryimage\"},\"image\":{\"@id\":\"https:\\\/\\\/adf-magazine.com\\\/pt-pt\\\/2025\\\/02\\\/forca-aerea-nigeriana-espera-criar-uma-era-de-ouro-com-a-aquisicao-de-aeronaves\\\/#primaryimage\"},\"thumbnailUrl\":\"https:\\\/\\\/adf-magazine.com\\\/wp-content\\\/uploads\\\/2025\\\/02\\\/NAFEXPANDS1.jpg\",\"datePublished\":\"2025-02-04T18:04:27+00:00\",\"dateModified\":\"2025-02-04T18:05:12+00:00\",\"author\":{\"@id\":\"https:\\\/\\\/adf-magazine.com\\\/#\\\/schema\\\/person\\\/f266a6061389568b5a11465bb38bc025\"},\"breadcrumb\":{\"@id\":\"https:\\\/\\\/adf-magazine.com\\\/pt-pt\\\/2025\\\/02\\\/forca-aerea-nigeriana-espera-criar-uma-era-de-ouro-com-a-aquisicao-de-aeronaves\\\/#breadcrumb\"},\"inLanguage\":\"pt-PT\",\"potentialAction\":[{\"@type\":\"ReadAction\",\"target\":[\"https:\\\/\\\/adf-magazine.com\\\/pt-pt\\\/2025\\\/02\\\/forca-aerea-nigeriana-espera-criar-uma-era-de-ouro-com-a-aquisicao-de-aeronaves\\\/\"]}]},{\"@type\":\"ImageObject\",\"inLanguage\":\"pt-PT\",\"@id\":\"https:\\\/\\\/adf-magazine.com\\\/pt-pt\\\/2025\\\/02\\\/forca-aerea-nigeriana-espera-criar-uma-era-de-ouro-com-a-aquisicao-de-aeronaves\\\/#primaryimage\",\"url\":\"https:\\\/\\\/adf-magazine.com\\\/wp-content\\\/uploads\\\/2025\\\/02\\\/NAFEXPANDS1.jpg\",\"contentUrl\":\"https:\\\/\\\/adf-magazine.com\\\/wp-content\\\/uploads\\\/2025\\\/02\\\/NAFEXPANDS1.jpg\",\"width\":2048,\"height\":1365,\"caption\":\"O Marechal Hasan Abubakar inspecciona um helic\u00f3ptero Bell-412 numa instala\u00e7\u00e3o de manuten\u00e7\u00e3o em Abuja, Nig\u00e9ria, no dia 13 de Dezembro de 2024. FOR\u00c7A A\u00c9REA NIGERIANA\"},{\"@type\":\"BreadcrumbList\",\"@id\":\"https:\\\/\\\/adf-magazine.com\\\/pt-pt\\\/2025\\\/02\\\/forca-aerea-nigeriana-espera-criar-uma-era-de-ouro-com-a-aquisicao-de-aeronaves\\\/#breadcrumb\",\"itemListElement\":[{\"@type\":\"ListItem\",\"position\":1,\"name\":\"Home\",\"item\":\"https:\\\/\\\/adf-magazine.com\\\/\"},{\"@type\":\"ListItem\",\"position\":2,\"name\":\"For\u00e7a A\u00e9rea Nigeriana Espera Criar uma \u2018Era de Ouro\u2019 com a Aquisi\u00e7\u00e3o de Aeronaves\"}]},{\"@type\":\"WebSite\",\"@id\":\"https:\\\/\\\/adf-magazine.com\\\/#website\",\"url\":\"https:\\\/\\\/adf-magazine.com\\\/\",\"name\":\"Africa Defense Forum\",\"description\":\"Africa Defense Forum\",\"potentialAction\":[{\"@type\":\"SearchAction\",\"target\":{\"@type\":\"EntryPoint\",\"urlTemplate\":\"https:\\\/\\\/adf-magazine.com\\\/?s={search_term_string}\"},\"query-input\":{\"@type\":\"PropertyValueSpecification\",\"valueRequired\":true,\"valueName\":\"search_term_string\"}}],\"inLanguage\":\"pt-PT\"},{\"@type\":\"Person\",\"@id\":\"https:\\\/\\\/adf-magazine.com\\\/#\\\/schema\\\/person\\\/f266a6061389568b5a11465bb38bc025\",\"name\":\"ADF\",\"image\":{\"@type\":\"ImageObject\",\"inLanguage\":\"pt-PT\",\"@id\":\"https:\\\/\\\/adf-magazine.com\\\/wp-content\\\/uploads\\\/2020\\\/05\\\/cropped-ADF_icon.jpg\",\"url\":\"https:\\\/\\\/adf-magazine.com\\\/wp-content\\\/uploads\\\/2020\\\/05\\\/cropped-ADF_icon.jpg\",\"contentUrl\":\"https:\\\/\\\/adf-magazine.com\\\/wp-content\\\/uploads\\\/2020\\\/05\\\/cropped-ADF_icon.jpg\",\"caption\":\"ADF\"},\"description\":\"ADF is a professional military magazine published quarterly by U.S. Africa Command to provide an international forum for African security professionals. ADF covers topics such as counter terrorism strategies, security and defense operations, transnational crime, and all other issues affecting peace, stability, and good governance on the African continent.\",\"sameAs\":[\"https:\\\/\\\/x.com\\\/ADFmagazine\"],\"url\":\"https:\\\/\\\/adf-magazine.com\\\/pt-pt\\\/author\\\/adf\\\/\"}]}<\/script>\n<!-- \/ Yoast SEO plugin. -->","yoast_head_json":{"title":"For\u00e7a A\u00e9rea Nigeriana Espera Criar uma \u2018Era de Ouro\u2019 com a Aquisi\u00e7\u00e3o de Aeronaves - Africa Defense Forum","robots":{"index":"index","follow":"follow","max-snippet":"max-snippet:-1","max-image-preview":"max-image-preview:large","max-video-preview":"max-video-preview:-1"},"canonical":"https:\/\/adf-magazine.com\/pt-pt\/2025\/02\/forca-aerea-nigeriana-espera-criar-uma-era-de-ouro-com-a-aquisicao-de-aeronaves\/","og_locale":"pt_PT","og_type":"article","og_title":"For\u00e7a A\u00e9rea Nigeriana Espera Criar uma \u2018Era de Ouro\u2019 com a Aquisi\u00e7\u00e3o de Aeronaves - Africa Defense Forum","og_description":"EQUIPA DA ADF O Marechal Hasan Abubakar afirmou recentemente que a For\u00e7a A\u00e9rea Nigeriana est\u00e1 a viver uma \u201cEra de Ouro,\u201d marcada pela aquisi\u00e7\u00e3o de plataformas avan\u00e7adas, incluindo jactos e helic\u00f3pteros. Mandatada para proteger a soberania e a integridade territorial do pa\u00eds, a NAF est\u00e1 rodeada de amea\u00e7as de terrorismo com a insurg\u00eancia do Boko","og_url":"https:\/\/adf-magazine.com\/pt-pt\/2025\/02\/forca-aerea-nigeriana-espera-criar-uma-era-de-ouro-com-a-aquisicao-de-aeronaves\/","og_site_name":"Africa Defense Forum","article_publisher":"https:\/\/www.facebook.com\/ADFmagazine\/","article_published_time":"2025-02-04T18:04:27+00:00","article_modified_time":"2025-02-04T18:05:12+00:00","og_image":[{"width":2048,"height":1365,"url":"https:\/\/adf-magazine.com\/wp-content\/uploads\/2025\/02\/NAFEXPANDS1.jpg","type":"image\/jpeg"}],"author":"ADF","twitter_card":"summary_large_image","twitter_creator":"@ADFmagazine","twitter_site":"@ADFmagazine","twitter_misc":{"Escrito por":"ADF","Tempo estimado de leitura":"4 minutos"},"schema":{"@context":"https:\/\/schema.org","@graph":[{"@type":"Article","@id":"https:\/\/adf-magazine.com\/pt-pt\/2025\/02\/forca-aerea-nigeriana-espera-criar-uma-era-de-ouro-com-a-aquisicao-de-aeronaves\/#article","isPartOf":{"@id":"https:\/\/adf-magazine.com\/pt-pt\/2025\/02\/forca-aerea-nigeriana-espera-criar-uma-era-de-ouro-com-a-aquisicao-de-aeronaves\/"},"author":{"name":"ADF","@id":"https:\/\/adf-magazine.com\/#\/schema\/person\/f266a6061389568b5a11465bb38bc025"},"headline":"For\u00e7a A\u00e9rea Nigeriana Espera Criar uma \u2018Era de Ouro\u2019 com a Aquisi\u00e7\u00e3o de Aeronaves","datePublished":"2025-02-04T18:04:27+00:00","dateModified":"2025-02-04T18:05:12+00:00","mainEntityOfPage":{"@id":"https:\/\/adf-magazine.com\/pt-pt\/2025\/02\/forca-aerea-nigeriana-espera-criar-uma-era-de-ouro-com-a-aquisicao-de-aeronaves\/"},"wordCount":888,"commentCount":0,"image":{"@id":"https:\/\/adf-magazine.com\/pt-pt\/2025\/02\/forca-aerea-nigeriana-espera-criar-uma-era-de-ouro-com-a-aquisicao-de-aeronaves\/#primaryimage"},"thumbnailUrl":"https:\/\/adf-magazine.com\/wp-content\/uploads\/2025\/02\/NAFEXPANDS1.jpg","keywords":["\u00c1frica Ocidental","Al-Qaeda","Boko Haram","CEDEAO","Estado Isl\u00e2mico","extremismo","For\u00e7a A\u00e9rea","insurg\u00eancia","Lago Chade","Nigeria","Sahel","Terrorism"],"articleSection":["Not\u00edcias diaries"],"inLanguage":"pt-PT","potentialAction":[{"@type":"CommentAction","name":"Comment","target":["https:\/\/adf-magazine.com\/pt-pt\/2025\/02\/forca-aerea-nigeriana-espera-criar-uma-era-de-ouro-com-a-aquisicao-de-aeronaves\/#respond"]}]},{"@type":"WebPage","@id":"https:\/\/adf-magazine.com\/pt-pt\/2025\/02\/forca-aerea-nigeriana-espera-criar-uma-era-de-ouro-com-a-aquisicao-de-aeronaves\/","url":"https:\/\/adf-magazine.com\/pt-pt\/2025\/02\/forca-aerea-nigeriana-espera-criar-uma-era-de-ouro-com-a-aquisicao-de-aeronaves\/","name":"For\u00e7a A\u00e9rea Nigeriana Espera Criar uma \u2018Era de Ouro\u2019 com a Aquisi\u00e7\u00e3o de Aeronaves - Africa Defense Forum","isPartOf":{"@id":"https:\/\/adf-magazine.com\/#website"},"primaryImageOfPage":{"@id":"https:\/\/adf-magazine.com\/pt-pt\/2025\/02\/forca-aerea-nigeriana-espera-criar-uma-era-de-ouro-com-a-aquisicao-de-aeronaves\/#primaryimage"},"image":{"@id":"https:\/\/adf-magazine.com\/pt-pt\/2025\/02\/forca-aerea-nigeriana-espera-criar-uma-era-de-ouro-com-a-aquisicao-de-aeronaves\/#primaryimage"},"thumbnailUrl":"https:\/\/adf-magazine.com\/wp-content\/uploads\/2025\/02\/NAFEXPANDS1.jpg","datePublished":"2025-02-04T18:04:27+00:00","dateModified":"2025-02-04T18:05:12+00:00","author":{"@id":"https:\/\/adf-magazine.com\/#\/schema\/person\/f266a6061389568b5a11465bb38bc025"},"breadcrumb":{"@id":"https:\/\/adf-magazine.com\/pt-pt\/2025\/02\/forca-aerea-nigeriana-espera-criar-uma-era-de-ouro-com-a-aquisicao-de-aeronaves\/#breadcrumb"},"inLanguage":"pt-PT","potentialAction":[{"@type":"ReadAction","target":["https:\/\/adf-magazine.com\/pt-pt\/2025\/02\/forca-aerea-nigeriana-espera-criar-uma-era-de-ouro-com-a-aquisicao-de-aeronaves\/"]}]},{"@type":"ImageObject","inLanguage":"pt-PT","@id":"https:\/\/adf-magazine.com\/pt-pt\/2025\/02\/forca-aerea-nigeriana-espera-criar-uma-era-de-ouro-com-a-aquisicao-de-aeronaves\/#primaryimage","url":"https:\/\/adf-magazine.com\/wp-content\/uploads\/2025\/02\/NAFEXPANDS1.jpg","contentUrl":"https:\/\/adf-magazine.com\/wp-content\/uploads\/2025\/02\/NAFEXPANDS1.jpg","width":2048,"height":1365,"caption":"O Marechal Hasan Abubakar inspecciona um helic\u00f3ptero Bell-412 numa instala\u00e7\u00e3o de manuten\u00e7\u00e3o em Abuja, Nig\u00e9ria, no dia 13 de Dezembro de 2024. FOR\u00c7A A\u00c9REA NIGERIANA"},{"@type":"BreadcrumbList","@id":"https:\/\/adf-magazine.com\/pt-pt\/2025\/02\/forca-aerea-nigeriana-espera-criar-uma-era-de-ouro-com-a-aquisicao-de-aeronaves\/#breadcrumb","itemListElement":[{"@type":"ListItem","position":1,"name":"Home","item":"https:\/\/adf-magazine.com\/"},{"@type":"ListItem","position":2,"name":"For\u00e7a A\u00e9rea Nigeriana Espera Criar uma \u2018Era de Ouro\u2019 com a Aquisi\u00e7\u00e3o de Aeronaves"}]},{"@type":"WebSite","@id":"https:\/\/adf-magazine.com\/#website","url":"https:\/\/adf-magazine.com\/","name":"Africa Defense Forum","description":"Africa Defense Forum","potentialAction":[{"@type":"SearchAction","target":{"@type":"EntryPoint","urlTemplate":"https:\/\/adf-magazine.com\/?s={search_term_string}"},"query-input":{"@type":"PropertyValueSpecification","valueRequired":true,"valueName":"search_term_string"}}],"inLanguage":"pt-PT"},{"@type":"Person","@id":"https:\/\/adf-magazine.com\/#\/schema\/person\/f266a6061389568b5a11465bb38bc025","name":"ADF","image":{"@type":"ImageObject","inLanguage":"pt-PT","@id":"https:\/\/adf-magazine.com\/wp-content\/uploads\/2020\/05\/cropped-ADF_icon.jpg","url":"https:\/\/adf-magazine.com\/wp-content\/uploads\/2020\/05\/cropped-ADF_icon.jpg","contentUrl":"https:\/\/adf-magazine.com\/wp-content\/uploads\/2020\/05\/cropped-ADF_icon.jpg","caption":"ADF"},"description":"ADF is a professional military magazine published quarterly by U.S. Africa Command to provide an international forum for African security professionals. ADF covers topics such as counter terrorism strategies, security and defense operations, transnational crime, and all other issues affecting peace, stability, and good governance on the African continent.","sameAs":["https:\/\/x.com\/ADFmagazine"],"url":"https:\/\/adf-magazine.com\/pt-pt\/author\/adf\/"}]}},"_links":{"self":[{"href":"https:\/\/adf-magazine.com\/pt-pt\/wp-json\/wp\/v2\/posts\/123013","targetHints":{"allow":["GET"]}}],"collection":[{"href":"https:\/\/adf-magazine.com\/pt-pt\/wp-json\/wp\/v2\/posts"}],"about":[{"href":"https:\/\/adf-magazine.com\/pt-pt\/wp-json\/wp\/v2\/types\/post"}],"author":[{"embeddable":true,"href":"https:\/\/adf-magazine.com\/pt-pt\/wp-json\/wp\/v2\/users\/1"}],"replies":[{"embeddable":true,"href":"https:\/\/adf-magazine.com\/pt-pt\/wp-json\/wp\/v2\/comments?post=123013"}],"version-history":[{"count":0,"href":"https:\/\/adf-magazine.com\/pt-pt\/wp-json\/wp\/v2\/posts\/123013\/revisions"}],"wp:featuredmedia":[{"embeddable":true,"href":"https:\/\/adf-magazine.com\/pt-pt\/wp-json\/wp\/v2\/media\/123007"}],"wp:attachment":[{"href":"https:\/\/adf-magazine.com\/pt-pt\/wp-json\/wp\/v2\/media?parent=123013"}],"wp:term":[{"taxonomy":"category","embeddable":true,"href":"https:\/\/adf-magazine.com\/pt-pt\/wp-json\/wp\/v2\/categories?post=123013"},{"taxonomy":"post_tag","embeddable":true,"href":"https:\/\/adf-magazine.com\/pt-pt\/wp-json\/wp\/v2\/tags?post=123013"}],"curies":[{"name":"wp","href":"https:\/\/api.w.org\/{rel}","templated":true}]}}