{"id":122482,"date":"2025-01-21T15:00:40","date_gmt":"2025-01-21T20:00:40","guid":{"rendered":"https:\/\/adf-magazine.com\/?p=122482"},"modified":"2025-01-21T15:00:40","modified_gmt":"2025-01-21T20:00:40","slug":"russia-volta-se-para-libia-apos-a-retirada-da-siria","status":"publish","type":"post","link":"https:\/\/adf-magazine.com\/pt-pt\/2025\/01\/russia-volta-se-para-libia-apos-a-retirada-da-siria\/","title":{"rendered":"R\u00fassia Volta-se Para L\u00edbia Ap\u00f3s a Retirada da S\u00edria"},"content":{"rendered":"<p style=\"font-weight: 400;\">EQUIPA DA ADF<\/p>\n<p style=\"font-weight: 400;\">Nas semanas que se seguiram \u00e0 queda de Bashar al-Assad na S\u00edria, as imagens de sat\u00e9lite contavam a hist\u00f3ria de um ex\u00e9rcito russo a retirar-se das suas bases mediterr\u00e2nicas, outrora t\u00e3o apreciadas.<\/p>\n<p style=\"font-weight: 400;\">Dois avi\u00f5es de carga Antonov AN-124 com os cones do nariz abertos preparavam-se para carregar, enquanto dezenas de ve\u00edculos se alinhavam na pista da base a\u00e9rea de Khmeimim, que durante muitos anos serviu de ponte a\u00e9rea da R\u00fassia para \u00c1frica.<\/p>\n<p style=\"font-weight: 400;\">O tr\u00e1fego a\u00e9reo di\u00e1rio entre a S\u00edria e a L\u00edbia aumentou significativamente, enquanto as autoridades russas e as autoridades s\u00edrias destitu\u00eddas se esfor\u00e7avam por encontrar ref\u00fagio para os navios russos, agora sem casa. No sul da L\u00edbia, fotografias de sat\u00e9lite mostram mercen\u00e1rios russos a construir e a expandir bases log\u00edsticas perto das fronteiras do Chade e do Sud\u00e3o.<\/p>\n<p style=\"font-weight: 400;\">Os peritos afirmam que as bases da R\u00fassia na S\u00edria s\u00e3o a chave para a sua actividade mercen\u00e1ria e outros projectos em \u00c1frica. Agora, as aten\u00e7\u00f5es do Presidente da R\u00fassia, Vladimir Putin, voltam-se para a L\u00edbia.<\/p>\n<p style=\"font-weight: 400;\">\u201cTendo apoiado o ditador deposto [Assad] durante nove anos, \u00e9 prov\u00e1vel que a nova autoridade em Damasco pe\u00e7a a Moscovo para evacuar os seus militares da S\u00edria,\u201d Mustafa Fetouri escreveu para a organiza\u00e7\u00e3o de investiga\u00e7\u00e3o medi\u00e1tica Middle East Monitor em Dezembro de 2024. \u201cMoscovo est\u00e1 certamente interessado em encontrar uma alternativa \u00e0 S\u00edria, e tudo indica que a L\u00edbia ser\u00e1 provavelmente essa op\u00e7\u00e3o.\u201d<\/p>\n<p style=\"font-weight: 400;\">Exilada das suas fortalezas na S\u00edria, a R\u00fassia procura desesperadamente relocalizar a sua presen\u00e7a na regi\u00e3o do Mar Mediterr\u00e2neo e j\u00e1 est\u00e1 ocupada a tentar estabelecer a L\u00edbia como a sua nova porta de entrada em \u00c1frica.<\/p>\n<p style=\"font-weight: 400;\">Chris Stephen, analista do Centro de An\u00e1lise de Pol\u00edticas Europeias, considera que \u00c1frica \u00e9 \u201co \u00fanico continente onde Moscovo ainda tem influ\u00eancia.\u201d No entanto, alertou para o facto de as profundas divis\u00f5es da L\u00edbia terem tornado o pa\u00eds t\u00e3o inst\u00e1vel como a S\u00edria.<\/p>\n<p style=\"font-weight: 400;\">\u201cSem portos e aeroportos para a abastecer, a miss\u00e3o imperial da R\u00fassia em \u00c1frica pode tornar-se t\u00e3o malfadada como a sua interven\u00e7\u00e3o falhada na S\u00edria,\u201d escreveu no dia 9 de Janeiro. \u201cO prest\u00edgio da R\u00fassia est\u00e1 a afundar-se. Putin fez figura de parvo com a sua invas\u00e3o da Ucr\u00e2nia. &#8230; Agora, Moscovo experimentou outra derrota humilhante na S\u00edria, onde as suas for\u00e7as s\u00e3o demasiado fracas para impedir Assad de ser deposto pelos rebeldes apoiados pela Turquia.\u201d<\/p>\n<p style=\"font-weight: 400;\">Os la\u00e7os militares da R\u00fassia com a L\u00edbia passam principalmente pelo Marechal Khalifa Haftar e pelo seu Ex\u00e9rcito Nacional L\u00edbio (LNA), a quem forneceu mercen\u00e1rios do Grupo Wagner, avi\u00f5es de ataque e armas. At\u00e9 ao cessar-fogo de 2020, o LNA travou uma guerra civil de seis anos com o Governo de Acordo Nacional (GAN), sediado em Tr\u00edpoli, que era armado pela Turquia.<\/p>\n<p style=\"font-weight: 400;\">Visto que Haftar ainda est\u00e1 em desacordo com o GAN, apoiado pelas Na\u00e7\u00f5es Unidas, os planos e pactos da R\u00fassia n\u00e3o s\u00e3o sancionados pelo Estado l\u00edbio reconhecido internacionalmente nem aprovados pelo parlamento, que tem a sua sede em Tobruk, controlada por Haftar.<\/p>\n<p style=\"font-weight: 400;\">O Minist\u00e9rio da Defesa da R\u00fassia, atrav\u00e9s do seu grupo mercen\u00e1rio Africa Corps, est\u00e1 a planear construir uma base naval em Tobruk e pretende utilizar a L\u00edbia como quartel-general para continuar a explorar a Rep\u00fablica Centro-Africana, o Mali, o N\u00edger e o Sud\u00e3o em busca de ouro, ur\u00e2nio e outros recursos naturais.<\/p>\n<p style=\"font-weight: 400;\">Tarek Megerisi, membro s\u00e9nior do Conselho Europeu de Rela\u00e7\u00f5es Externas, afirmou que a desloca\u00e7\u00e3o da R\u00fassia para a L\u00edbia \u00e9 uma m\u00e1 not\u00edcia para os conflitos em curso no Sud\u00e3o e no Sahel.<\/p>\n<p style=\"font-weight: 400;\">\u201cMuito do equipamento que chega \u00e0 L\u00edbia acaba por ir para outros teatros onde h\u00e1 combates activos, por isso, podemos assistir a uma escalada nessas regi\u00f5es no futuro,\u201d disse \u00e0 France 24.<\/p>\n<p style=\"font-weight: 400;\">Outra complica\u00e7\u00e3o para o Kremlin \u00e9 o facto de a L\u00edbia n\u00e3o possuir instala\u00e7\u00f5es de \u00e1guas profundas. A base de Tobruk necessitaria de grandes obras para acolher os maiores meios navais russos que ainda se encontram no limbo na S\u00edria.<\/p>\n<p style=\"font-weight: 400;\">\u201cTobruk, na L\u00edbia, \u00e9 uma op\u00e7\u00e3o, mas n\u00e3o oferece o mesmo grau de estabilidade que Tartus, sob o regime de Assad,\u201d Basil Germond, professor de seguran\u00e7a internacional na Universidade de Lancaster, disse ao The i Paper. \u201cAl\u00e9m disso, fica mais perto dos teatros africanos onde as tropas russas operam, mas mais longe da R\u00fassia em termos de transporte a\u00e9reo de e para a base.<\/p>\n<p style=\"font-weight: 400;\">\u201cA R\u00fassia j\u00e1 estava no seu ponto mais fraco em termos navais, mas a queda de Assad est\u00e1 a colocar ainda mais press\u00e3o sobre as limitadas capacidades de projec\u00e7\u00e3o naval de Moscovo.\u201d<\/p>\n<p style=\"font-weight: 400;\">A viragem do Kremlin para a L\u00edbia leva mesmo alguns bloguistas militares russos a questionarem-se se n\u00e3o estar\u00e1 a repetir os mesmos erros que foram cometidos na S\u00edria.<\/p>\n<p><span style=\"font-weight: 400;\">\u201cA L\u00edbia \u00e9 um lugar de risco,\u201d escreveu Fetouri. \u201cA rela\u00e7\u00e3o entre a R\u00fassia e Haftar tem sido uma esp\u00e9cie de neg\u00f3cio privado da fam\u00edlia Haftar. Se Haftar acabar como Assad, ent\u00e3o, tudo o que Moscovo investiu nele desaparecer\u00e1.\u201d<\/span><\/p>\n","protected":false},"excerpt":{"rendered":"<p>EQUIPA DA ADF Nas semanas que se seguiram \u00e0 queda de Bashar al-Assad na S\u00edria, as imagens de sat\u00e9lite contavam a hist\u00f3ria de um ex\u00e9rcito russo a retirar-se das suas bases mediterr\u00e2nicas, outrora t\u00e3o apreciadas. Dois avi\u00f5es de carga Antonov AN-124 com os cones do nariz abertos preparavam-se para carregar, enquanto dezenas de ve\u00edculos se<\/p>\n","protected":false},"author":1,"featured_media":122480,"comment_status":"open","ping_status":"closed","sticky":false,"template":"","format":"standard","meta":{"_acf_changed":false,"_monsterinsights_skip_tracking":false,"_monsterinsights_sitenote_active":false,"_monsterinsights_sitenote_note":"","_monsterinsights_sitenote_category":0,"_uf_show_specific_survey":0,"_uf_disable_surveys":false,"footnotes":""},"categories":[363],"tags":[500,520,611,501,637],"class_list":{"0":"post-122482","1":"post","2":"type-post","3":"status-publish","4":"format-standard","5":"has-post-thumbnail","7":"category-melhores-historias","8":"tag-chade","9":"tag-libia","10":"tag-russia-pt-pt","11":"tag-sahel-pt-pt","12":"tag-sudao"},"acf":[],"yoast_head":"<!-- This site is optimized with the Yoast SEO plugin v27.4 - https:\/\/yoast.com\/product\/yoast-seo-wordpress\/ -->\n<title>R\u00fassia Volta-se Para L\u00edbia Ap\u00f3s a Retirada da S\u00edria - Africa Defense Forum<\/title>\n<meta name=\"robots\" content=\"index, follow, max-snippet:-1, max-image-preview:large, max-video-preview:-1\" \/>\n<link rel=\"canonical\" href=\"https:\/\/adf-magazine.com\/pt-pt\/2025\/01\/russia-volta-se-para-libia-apos-a-retirada-da-siria\/\" \/>\n<meta property=\"og:locale\" content=\"pt_PT\" \/>\n<meta property=\"og:type\" content=\"article\" \/>\n<meta property=\"og:title\" content=\"R\u00fassia Volta-se Para L\u00edbia Ap\u00f3s a Retirada da S\u00edria - Africa Defense Forum\" \/>\n<meta property=\"og:description\" content=\"EQUIPA DA ADF Nas semanas que se seguiram \u00e0 queda de Bashar al-Assad na S\u00edria, as imagens de sat\u00e9lite contavam a hist\u00f3ria de um ex\u00e9rcito russo a retirar-se das suas bases mediterr\u00e2nicas, outrora t\u00e3o apreciadas. Dois avi\u00f5es de carga Antonov AN-124 com os cones do nariz abertos preparavam-se para carregar, enquanto dezenas de ve\u00edculos se\" \/>\n<meta property=\"og:url\" content=\"https:\/\/adf-magazine.com\/pt-pt\/2025\/01\/russia-volta-se-para-libia-apos-a-retirada-da-siria\/\" \/>\n<meta property=\"og:site_name\" content=\"Africa Defense Forum\" \/>\n<meta property=\"article:publisher\" content=\"https:\/\/www.facebook.com\/ADFmagazine\/\" \/>\n<meta property=\"article:published_time\" content=\"2025-01-21T20:00:40+00:00\" \/>\n<meta property=\"og:image\" content=\"https:\/\/adf-magazine.com\/wp-content\/uploads\/2025\/01\/GettyImages-2191078709.jpg\" \/>\n\t<meta property=\"og:image:width\" content=\"1024\" \/>\n\t<meta property=\"og:image:height\" content=\"683\" \/>\n\t<meta property=\"og:image:type\" content=\"image\/jpeg\" \/>\n<meta name=\"author\" content=\"ADF\" \/>\n<meta name=\"twitter:card\" content=\"summary_large_image\" \/>\n<meta name=\"twitter:creator\" content=\"@ADFmagazine\" \/>\n<meta name=\"twitter:site\" content=\"@ADFmagazine\" \/>\n<meta name=\"twitter:label1\" content=\"Escrito por\" \/>\n\t<meta name=\"twitter:data1\" content=\"ADF\" \/>\n\t<meta name=\"twitter:label2\" content=\"Tempo estimado de leitura\" \/>\n\t<meta name=\"twitter:data2\" content=\"5 minutos\" \/>\n<script type=\"application\/ld+json\" class=\"yoast-schema-graph\">{\"@context\":\"https:\\\/\\\/schema.org\",\"@graph\":[{\"@type\":\"Article\",\"@id\":\"https:\\\/\\\/adf-magazine.com\\\/pt-pt\\\/2025\\\/01\\\/russia-volta-se-para-libia-apos-a-retirada-da-siria\\\/#article\",\"isPartOf\":{\"@id\":\"https:\\\/\\\/adf-magazine.com\\\/pt-pt\\\/2025\\\/01\\\/russia-volta-se-para-libia-apos-a-retirada-da-siria\\\/\"},\"author\":{\"name\":\"ADF\",\"@id\":\"https:\\\/\\\/adf-magazine.com\\\/#\\\/schema\\\/person\\\/f266a6061389568b5a11465bb38bc025\"},\"headline\":\"R\u00fassia Volta-se Para L\u00edbia Ap\u00f3s a Retirada da S\u00edria\",\"datePublished\":\"2025-01-21T20:00:40+00:00\",\"mainEntityOfPage\":{\"@id\":\"https:\\\/\\\/adf-magazine.com\\\/pt-pt\\\/2025\\\/01\\\/russia-volta-se-para-libia-apos-a-retirada-da-siria\\\/\"},\"wordCount\":934,\"commentCount\":0,\"image\":{\"@id\":\"https:\\\/\\\/adf-magazine.com\\\/pt-pt\\\/2025\\\/01\\\/russia-volta-se-para-libia-apos-a-retirada-da-siria\\\/#primaryimage\"},\"thumbnailUrl\":\"https:\\\/\\\/adf-magazine.com\\\/wp-content\\\/uploads\\\/2025\\\/01\\\/GettyImages-2191078709.jpg\",\"keywords\":[\"Chade\",\"L\u00edbia\",\"Russia\",\"Sahel\",\"Sud\u00e3o\"],\"articleSection\":[\"Not\u00edcias diaries\"],\"inLanguage\":\"pt-PT\",\"potentialAction\":[{\"@type\":\"CommentAction\",\"name\":\"Comment\",\"target\":[\"https:\\\/\\\/adf-magazine.com\\\/pt-pt\\\/2025\\\/01\\\/russia-volta-se-para-libia-apos-a-retirada-da-siria\\\/#respond\"]}]},{\"@type\":\"WebPage\",\"@id\":\"https:\\\/\\\/adf-magazine.com\\\/pt-pt\\\/2025\\\/01\\\/russia-volta-se-para-libia-apos-a-retirada-da-siria\\\/\",\"url\":\"https:\\\/\\\/adf-magazine.com\\\/pt-pt\\\/2025\\\/01\\\/russia-volta-se-para-libia-apos-a-retirada-da-siria\\\/\",\"name\":\"R\u00fassia Volta-se Para L\u00edbia Ap\u00f3s a Retirada da S\u00edria - Africa Defense Forum\",\"isPartOf\":{\"@id\":\"https:\\\/\\\/adf-magazine.com\\\/#website\"},\"primaryImageOfPage\":{\"@id\":\"https:\\\/\\\/adf-magazine.com\\\/pt-pt\\\/2025\\\/01\\\/russia-volta-se-para-libia-apos-a-retirada-da-siria\\\/#primaryimage\"},\"image\":{\"@id\":\"https:\\\/\\\/adf-magazine.com\\\/pt-pt\\\/2025\\\/01\\\/russia-volta-se-para-libia-apos-a-retirada-da-siria\\\/#primaryimage\"},\"thumbnailUrl\":\"https:\\\/\\\/adf-magazine.com\\\/wp-content\\\/uploads\\\/2025\\\/01\\\/GettyImages-2191078709.jpg\",\"datePublished\":\"2025-01-21T20:00:40+00:00\",\"author\":{\"@id\":\"https:\\\/\\\/adf-magazine.com\\\/#\\\/schema\\\/person\\\/f266a6061389568b5a11465bb38bc025\"},\"breadcrumb\":{\"@id\":\"https:\\\/\\\/adf-magazine.com\\\/pt-pt\\\/2025\\\/01\\\/russia-volta-se-para-libia-apos-a-retirada-da-siria\\\/#breadcrumb\"},\"inLanguage\":\"pt-PT\",\"potentialAction\":[{\"@type\":\"ReadAction\",\"target\":[\"https:\\\/\\\/adf-magazine.com\\\/pt-pt\\\/2025\\\/01\\\/russia-volta-se-para-libia-apos-a-retirada-da-siria\\\/\"]}]},{\"@type\":\"ImageObject\",\"inLanguage\":\"pt-PT\",\"@id\":\"https:\\\/\\\/adf-magazine.com\\\/pt-pt\\\/2025\\\/01\\\/russia-volta-se-para-libia-apos-a-retirada-da-siria\\\/#primaryimage\",\"url\":\"https:\\\/\\\/adf-magazine.com\\\/wp-content\\\/uploads\\\/2025\\\/01\\\/GettyImages-2191078709.jpg\",\"contentUrl\":\"https:\\\/\\\/adf-magazine.com\\\/wp-content\\\/uploads\\\/2025\\\/01\\\/GettyImages-2191078709.jpg\",\"width\":1024,\"height\":683,\"caption\":\"Um retrato do Presidente da R\u00fassia, Vladimir Putin, ao lado de um retrato rasgado do ditador s\u00edrio deposto, Bashar al-Assad, enquanto cami\u00f5es militares russos entram na base militar s\u00edria de Khmeimim, arrendada \u00e0 R\u00fassia, no dia 29 de Dezembro de 2024. AFP\\\/GETTY IMAGES\"},{\"@type\":\"BreadcrumbList\",\"@id\":\"https:\\\/\\\/adf-magazine.com\\\/pt-pt\\\/2025\\\/01\\\/russia-volta-se-para-libia-apos-a-retirada-da-siria\\\/#breadcrumb\",\"itemListElement\":[{\"@type\":\"ListItem\",\"position\":1,\"name\":\"Home\",\"item\":\"https:\\\/\\\/adf-magazine.com\\\/\"},{\"@type\":\"ListItem\",\"position\":2,\"name\":\"R\u00fassia Volta-se Para L\u00edbia Ap\u00f3s a Retirada da S\u00edria\"}]},{\"@type\":\"WebSite\",\"@id\":\"https:\\\/\\\/adf-magazine.com\\\/#website\",\"url\":\"https:\\\/\\\/adf-magazine.com\\\/\",\"name\":\"Africa Defense Forum\",\"description\":\"Africa Defense Forum\",\"potentialAction\":[{\"@type\":\"SearchAction\",\"target\":{\"@type\":\"EntryPoint\",\"urlTemplate\":\"https:\\\/\\\/adf-magazine.com\\\/?s={search_term_string}\"},\"query-input\":{\"@type\":\"PropertyValueSpecification\",\"valueRequired\":true,\"valueName\":\"search_term_string\"}}],\"inLanguage\":\"pt-PT\"},{\"@type\":\"Person\",\"@id\":\"https:\\\/\\\/adf-magazine.com\\\/#\\\/schema\\\/person\\\/f266a6061389568b5a11465bb38bc025\",\"name\":\"ADF\",\"image\":{\"@type\":\"ImageObject\",\"inLanguage\":\"pt-PT\",\"@id\":\"https:\\\/\\\/adf-magazine.com\\\/wp-content\\\/uploads\\\/2020\\\/05\\\/cropped-ADF_icon.jpg\",\"url\":\"https:\\\/\\\/adf-magazine.com\\\/wp-content\\\/uploads\\\/2020\\\/05\\\/cropped-ADF_icon.jpg\",\"contentUrl\":\"https:\\\/\\\/adf-magazine.com\\\/wp-content\\\/uploads\\\/2020\\\/05\\\/cropped-ADF_icon.jpg\",\"caption\":\"ADF\"},\"description\":\"ADF is a professional military magazine published quarterly by U.S. Africa Command to provide an international forum for African security professionals. ADF covers topics such as counter terrorism strategies, security and defense operations, transnational crime, and all other issues affecting peace, stability, and good governance on the African continent.\",\"sameAs\":[\"https:\\\/\\\/x.com\\\/ADFmagazine\"],\"url\":\"https:\\\/\\\/adf-magazine.com\\\/pt-pt\\\/author\\\/adf\\\/\"}]}<\/script>\n<!-- \/ Yoast SEO plugin. -->","yoast_head_json":{"title":"R\u00fassia Volta-se Para L\u00edbia Ap\u00f3s a Retirada da S\u00edria - Africa Defense Forum","robots":{"index":"index","follow":"follow","max-snippet":"max-snippet:-1","max-image-preview":"max-image-preview:large","max-video-preview":"max-video-preview:-1"},"canonical":"https:\/\/adf-magazine.com\/pt-pt\/2025\/01\/russia-volta-se-para-libia-apos-a-retirada-da-siria\/","og_locale":"pt_PT","og_type":"article","og_title":"R\u00fassia Volta-se Para L\u00edbia Ap\u00f3s a Retirada da S\u00edria - Africa Defense Forum","og_description":"EQUIPA DA ADF Nas semanas que se seguiram \u00e0 queda de Bashar al-Assad na S\u00edria, as imagens de sat\u00e9lite contavam a hist\u00f3ria de um ex\u00e9rcito russo a retirar-se das suas bases mediterr\u00e2nicas, outrora t\u00e3o apreciadas. Dois avi\u00f5es de carga Antonov AN-124 com os cones do nariz abertos preparavam-se para carregar, enquanto dezenas de ve\u00edculos se","og_url":"https:\/\/adf-magazine.com\/pt-pt\/2025\/01\/russia-volta-se-para-libia-apos-a-retirada-da-siria\/","og_site_name":"Africa Defense Forum","article_publisher":"https:\/\/www.facebook.com\/ADFmagazine\/","article_published_time":"2025-01-21T20:00:40+00:00","og_image":[{"width":1024,"height":683,"url":"https:\/\/adf-magazine.com\/wp-content\/uploads\/2025\/01\/GettyImages-2191078709.jpg","type":"image\/jpeg"}],"author":"ADF","twitter_card":"summary_large_image","twitter_creator":"@ADFmagazine","twitter_site":"@ADFmagazine","twitter_misc":{"Escrito por":"ADF","Tempo estimado de leitura":"5 minutos"},"schema":{"@context":"https:\/\/schema.org","@graph":[{"@type":"Article","@id":"https:\/\/adf-magazine.com\/pt-pt\/2025\/01\/russia-volta-se-para-libia-apos-a-retirada-da-siria\/#article","isPartOf":{"@id":"https:\/\/adf-magazine.com\/pt-pt\/2025\/01\/russia-volta-se-para-libia-apos-a-retirada-da-siria\/"},"author":{"name":"ADF","@id":"https:\/\/adf-magazine.com\/#\/schema\/person\/f266a6061389568b5a11465bb38bc025"},"headline":"R\u00fassia Volta-se Para L\u00edbia Ap\u00f3s a Retirada da S\u00edria","datePublished":"2025-01-21T20:00:40+00:00","mainEntityOfPage":{"@id":"https:\/\/adf-magazine.com\/pt-pt\/2025\/01\/russia-volta-se-para-libia-apos-a-retirada-da-siria\/"},"wordCount":934,"commentCount":0,"image":{"@id":"https:\/\/adf-magazine.com\/pt-pt\/2025\/01\/russia-volta-se-para-libia-apos-a-retirada-da-siria\/#primaryimage"},"thumbnailUrl":"https:\/\/adf-magazine.com\/wp-content\/uploads\/2025\/01\/GettyImages-2191078709.jpg","keywords":["Chade","L\u00edbia","Russia","Sahel","Sud\u00e3o"],"articleSection":["Not\u00edcias diaries"],"inLanguage":"pt-PT","potentialAction":[{"@type":"CommentAction","name":"Comment","target":["https:\/\/adf-magazine.com\/pt-pt\/2025\/01\/russia-volta-se-para-libia-apos-a-retirada-da-siria\/#respond"]}]},{"@type":"WebPage","@id":"https:\/\/adf-magazine.com\/pt-pt\/2025\/01\/russia-volta-se-para-libia-apos-a-retirada-da-siria\/","url":"https:\/\/adf-magazine.com\/pt-pt\/2025\/01\/russia-volta-se-para-libia-apos-a-retirada-da-siria\/","name":"R\u00fassia Volta-se Para L\u00edbia Ap\u00f3s a Retirada da S\u00edria - Africa Defense Forum","isPartOf":{"@id":"https:\/\/adf-magazine.com\/#website"},"primaryImageOfPage":{"@id":"https:\/\/adf-magazine.com\/pt-pt\/2025\/01\/russia-volta-se-para-libia-apos-a-retirada-da-siria\/#primaryimage"},"image":{"@id":"https:\/\/adf-magazine.com\/pt-pt\/2025\/01\/russia-volta-se-para-libia-apos-a-retirada-da-siria\/#primaryimage"},"thumbnailUrl":"https:\/\/adf-magazine.com\/wp-content\/uploads\/2025\/01\/GettyImages-2191078709.jpg","datePublished":"2025-01-21T20:00:40+00:00","author":{"@id":"https:\/\/adf-magazine.com\/#\/schema\/person\/f266a6061389568b5a11465bb38bc025"},"breadcrumb":{"@id":"https:\/\/adf-magazine.com\/pt-pt\/2025\/01\/russia-volta-se-para-libia-apos-a-retirada-da-siria\/#breadcrumb"},"inLanguage":"pt-PT","potentialAction":[{"@type":"ReadAction","target":["https:\/\/adf-magazine.com\/pt-pt\/2025\/01\/russia-volta-se-para-libia-apos-a-retirada-da-siria\/"]}]},{"@type":"ImageObject","inLanguage":"pt-PT","@id":"https:\/\/adf-magazine.com\/pt-pt\/2025\/01\/russia-volta-se-para-libia-apos-a-retirada-da-siria\/#primaryimage","url":"https:\/\/adf-magazine.com\/wp-content\/uploads\/2025\/01\/GettyImages-2191078709.jpg","contentUrl":"https:\/\/adf-magazine.com\/wp-content\/uploads\/2025\/01\/GettyImages-2191078709.jpg","width":1024,"height":683,"caption":"Um retrato do Presidente da R\u00fassia, Vladimir Putin, ao lado de um retrato rasgado do ditador s\u00edrio deposto, Bashar al-Assad, enquanto cami\u00f5es militares russos entram na base militar s\u00edria de Khmeimim, arrendada \u00e0 R\u00fassia, no dia 29 de Dezembro de 2024. AFP\/GETTY IMAGES"},{"@type":"BreadcrumbList","@id":"https:\/\/adf-magazine.com\/pt-pt\/2025\/01\/russia-volta-se-para-libia-apos-a-retirada-da-siria\/#breadcrumb","itemListElement":[{"@type":"ListItem","position":1,"name":"Home","item":"https:\/\/adf-magazine.com\/"},{"@type":"ListItem","position":2,"name":"R\u00fassia Volta-se Para L\u00edbia Ap\u00f3s a Retirada da S\u00edria"}]},{"@type":"WebSite","@id":"https:\/\/adf-magazine.com\/#website","url":"https:\/\/adf-magazine.com\/","name":"Africa Defense Forum","description":"Africa Defense Forum","potentialAction":[{"@type":"SearchAction","target":{"@type":"EntryPoint","urlTemplate":"https:\/\/adf-magazine.com\/?s={search_term_string}"},"query-input":{"@type":"PropertyValueSpecification","valueRequired":true,"valueName":"search_term_string"}}],"inLanguage":"pt-PT"},{"@type":"Person","@id":"https:\/\/adf-magazine.com\/#\/schema\/person\/f266a6061389568b5a11465bb38bc025","name":"ADF","image":{"@type":"ImageObject","inLanguage":"pt-PT","@id":"https:\/\/adf-magazine.com\/wp-content\/uploads\/2020\/05\/cropped-ADF_icon.jpg","url":"https:\/\/adf-magazine.com\/wp-content\/uploads\/2020\/05\/cropped-ADF_icon.jpg","contentUrl":"https:\/\/adf-magazine.com\/wp-content\/uploads\/2020\/05\/cropped-ADF_icon.jpg","caption":"ADF"},"description":"ADF is a professional military magazine published quarterly by U.S. Africa Command to provide an international forum for African security professionals. ADF covers topics such as counter terrorism strategies, security and defense operations, transnational crime, and all other issues affecting peace, stability, and good governance on the African continent.","sameAs":["https:\/\/x.com\/ADFmagazine"],"url":"https:\/\/adf-magazine.com\/pt-pt\/author\/adf\/"}]}},"_links":{"self":[{"href":"https:\/\/adf-magazine.com\/pt-pt\/wp-json\/wp\/v2\/posts\/122482","targetHints":{"allow":["GET"]}}],"collection":[{"href":"https:\/\/adf-magazine.com\/pt-pt\/wp-json\/wp\/v2\/posts"}],"about":[{"href":"https:\/\/adf-magazine.com\/pt-pt\/wp-json\/wp\/v2\/types\/post"}],"author":[{"embeddable":true,"href":"https:\/\/adf-magazine.com\/pt-pt\/wp-json\/wp\/v2\/users\/1"}],"replies":[{"embeddable":true,"href":"https:\/\/adf-magazine.com\/pt-pt\/wp-json\/wp\/v2\/comments?post=122482"}],"version-history":[{"count":0,"href":"https:\/\/adf-magazine.com\/pt-pt\/wp-json\/wp\/v2\/posts\/122482\/revisions"}],"wp:featuredmedia":[{"embeddable":true,"href":"https:\/\/adf-magazine.com\/pt-pt\/wp-json\/wp\/v2\/media\/122480"}],"wp:attachment":[{"href":"https:\/\/adf-magazine.com\/pt-pt\/wp-json\/wp\/v2\/media?parent=122482"}],"wp:term":[{"taxonomy":"category","embeddable":true,"href":"https:\/\/adf-magazine.com\/pt-pt\/wp-json\/wp\/v2\/categories?post=122482"},{"taxonomy":"post_tag","embeddable":true,"href":"https:\/\/adf-magazine.com\/pt-pt\/wp-json\/wp\/v2\/tags?post=122482"}],"curies":[{"name":"wp","href":"https:\/\/api.w.org\/{rel}","templated":true}]}}