{"id":121501,"date":"2024-12-10T10:36:13","date_gmt":"2024-12-10T15:36:13","guid":{"rendered":"https:\/\/adf-magazine.com\/?p=121501"},"modified":"2024-12-16T10:39:48","modified_gmt":"2024-12-16T15:39:48","slug":"grupo-terrorista-lukarawas-aumenta-preocupacoes-com-a-seguranca-no-noroeste-da-nigeria","status":"publish","type":"post","link":"https:\/\/adf-magazine.com\/pt-pt\/2024\/12\/grupo-terrorista-lukarawas-aumenta-preocupacoes-com-a-seguranca-no-noroeste-da-nigeria\/","title":{"rendered":"Grupo Terrorista Lukarawas Aumenta Preocupa\u00e7\u00f5es com a Seguran\u00e7a no Noroeste da Nig\u00e9ria"},"content":{"rendered":"<p>EQUIPA DA ADF<\/p>\n<p>Uma organiza\u00e7\u00e3o terrorista conhecida como Lukarawas est\u00e1 a semear o medo nos Estados de Kebbi e Sokoto, no noroeste da Nig\u00e9ria, uma \u00e1rea onde o Boko Haram, a Prov\u00edncia da \u00c1frica Ocidental do Estado Isl\u00e2mico e gangues de bandidos causam continuamente estragos.<\/p>\n<p>No dia 9 de Novembro, o Lukarawas, que est\u00e1 ligado ao grupo Estado Isl\u00e2mico (EI), \u00e9 acusado de ter matado 15 pessoas em Mera, uma cidade do Estado de Kebbi, e de ter roubado um grande n\u00famero de cabe\u00e7as de gado.<\/p>\n<p>\u201cAt\u00e9 ao momento, ainda n\u00e3o conseguimos determinar a identidade dos atacantes,\u201d o superintendente Nafiu Abubakar, porta-voz da pol\u00edcia do Estado de Kebbi, disse \u00e0 Sahara Reporters. \u201cAinda \u00e9 muito cedo para confirmar se os atacantes eram ou n\u00e3o do grupo Lakurawa.\u201d<\/p>\n<p>Em resposta, as for\u00e7as de seguran\u00e7a nigerianas <a href=\"https:\/\/www.thecable.ng\/report-lakurawa-retreats-as-troops-intensify-ground-air-attacks\/\">lan\u00e7aram<\/a> ataques a\u00e9reos e terrestres a campos pertencentes ao grupo, o que resultou na apreens\u00e3o de gado roubado e na retirada for\u00e7ada do grupo em direc\u00e7\u00e3o a Borgu, uma \u201c\u00e1rea estrat\u00e9gica perto da fronteira entre a Nig\u00e9ria e o Benin,\u201d de acordo com um relat\u00f3rio da Zagazola Makama, uma rede independente de contraterrorismo e preven\u00e7\u00e3o do crime sediada na regi\u00e3o do Lago Chade.<\/p>\n<p>O Major-General Edward Buba, director das opera\u00e7\u00f5es de defesa da Nig\u00e9ria, disse que o golpe no N\u00edger levou a uma quebra da coopera\u00e7\u00e3o de seguran\u00e7a entre as for\u00e7as nigerianas e nigerinas, permitindo que o grupo terrorista explorasse as fraquezas da fronteira. Lukarawas tamb\u00e9m tem ra\u00edzes no Mali.<\/p>\n<p>\u201cOs terroristas aproveitaram as lacunas na coopera\u00e7\u00e3o entre os dois pa\u00edses e exploraram terrenos dif\u00edceis para fazer incurs\u00f5es em \u00e1reas remotas em alguns Estados do noroeste para espalhar a sua ideologia,\u201d Buba disse numa reportagem do jornal online nigeriano, Nairametrics.<\/p>\n<p>O ex\u00e9rcito nigeriano classificou o Lukarawas como um novo grupo, mas Murtala Ahmed Rufa\u2019i, professor associado de estudos sobre paz e conflitos na Universidade Usmanu Danfodiyo de Sokoto, escreveu que o grupo tem estado a operar em v\u00e1rias comunidades ao longo da fronteira entre a Nig\u00e9ria e o N\u00edger desde 1999. Rufa\u2019i acredita que o ex\u00e9rcito classifica o grupo como novo para desviar a culpa dos ataques recentes.<\/p>\n<p>Inicialmente pastores, os Lukarawas promovem agora a sua pr\u00f3pria vers\u00e3o do Isl\u00e3o, procurando formar um califado. \u00c9 conhecido por se deslocar de comunidade em comunidade, pregando contra a civiliza\u00e7\u00e3o ocidental e a governa\u00e7\u00e3o participativa. Trata-se de um procedimento semelhante ao utilizado pelo Boko Haram, que tamb\u00e9m est\u00e1 ligado ao EI.<\/p>\n<p>Membros do Mali tamb\u00e9m se instalaram em comunidades do noroeste da Nig\u00e9ria, onde casaram com habitantes locais e recrutaram jovens para o jihadismo. Muitos deles falam Fulfulde, que \u00e9 comummente falado pelo grupo \u00e9tnico Fulani.<\/p>\n<p>De acordo com Rufa\u2019i, o grupo foi inicialmente recrutado pelos governos locais para proteger as comunidades dos bandidos armados do Estado de Zamfara. Os Lakurawaoram <a href=\"https:\/\/www.taylorfrancis.com\/chapters\/oa-edit\/10.4324\/9781003428596-10\/importing-militant-jihadists-murtala-ahmed-rufa\">pagos pelos<\/a> seus servi\u00e7os e conseguiram interromper a amea\u00e7a dos bandidos entre 2016 e 2017, mas imediatamente come\u00e7aram a sua pr\u00f3pria campanha de viol\u00eancia.<\/p>\n<p>Estas ac\u00e7\u00f5es amea\u00e7aram os l\u00edderes que os convidaram a formar um grupo armado, levando a uma disputa que culminou no <a href=\"https:\/\/humanglemedia.com\/lakurawa-once-called-harmless-herders-now-a-deadly-terror-group-in-north-west-nigeria\/\">assassinato<\/a> de um chefe de distrito local.<\/p>\n<p>Buba parece acreditar que os Lukarawas n\u00e3o ser\u00e3o capazes de resistir \u00e0 for\u00e7a militar da Nig\u00e9ria.<\/p>\n<p>\u201cAs op\u00e7\u00f5es que se lhes oferecem s\u00e3o renderem-se ou serem mortos no campo de batalha,\u201d Buba disse numa reportagem do jornal nigeriano, Leadership. \u201cAssim, alguns l\u00edderes, comandantes e combatentes terroristas indicaram (que est\u00e3o prontos a) render-se. Estamos a abrir um corredor de rendi\u00e7\u00e3o para esse efeito.\u201d<\/p>\n<p>Escrevendo para o The Conversation, os investigadores John Sunday Ojo, do Instituto de Seguran\u00e7a e Assuntos Globais da Universidade de Leiden, nos Pa\u00edses Baixos, e <a href=\"https:\/\/theconversation.com\/profiles\/ezenwa-e-olumba-1247882\">Ezenwa E. Olumba<\/a>, do Centro de Investiga\u00e7\u00e3o sobre Conflitos, Viol\u00eancia e Terrorismo da Universidade Royal Holloway de Londres, argumentam que tais opera\u00e7\u00f5es n\u00e3o detiveram o Boko Haram ou os seus afiliados no passado.<\/p>\n<p>Segundo eles, a falta de opera\u00e7\u00f5es preventivas de informa\u00e7\u00e3o para impedir a infiltra\u00e7\u00e3o de grupos terroristas nas comunidades constitui um grande desafio.<\/p>\n<p>\u201cA confian\u00e7a das comunidades em grupos como os Lakurawa para protec\u00e7\u00e3o tornou poss\u00edvel que um bando de pastores armados no Mali se tornasse um poderoso grupo terrorista na Nig\u00e9ria,\u201d escreveram Ojo e Olumba. \u201cEsta situa\u00e7\u00e3o mostra como as ag\u00eancias de seguran\u00e7a na Nig\u00e9ria falharam com estas comunidades.\u201d<\/p>\n","protected":false},"excerpt":{"rendered":"<p>EQUIPA DA ADF Uma organiza\u00e7\u00e3o terrorista conhecida como Lukarawas est\u00e1 a semear o medo nos Estados de Kebbi e Sokoto, no noroeste da Nig\u00e9ria, uma \u00e1rea onde o Boko Haram, a Prov\u00edncia da \u00c1frica Ocidental do Estado Isl\u00e2mico e gangues de bandidos causam continuamente estragos. No dia 9 de Novembro, o Lukarawas, que est\u00e1 ligado<\/p>\n","protected":false},"author":1,"featured_media":121499,"comment_status":"open","ping_status":"closed","sticky":false,"template":"","format":"standard","meta":{"_acf_changed":false,"_monsterinsights_skip_tracking":false,"_monsterinsights_sitenote_active":false,"_monsterinsights_sitenote_note":"","_monsterinsights_sitenote_category":0,"_uf_show_specific_survey":0,"_uf_disable_surveys":false,"footnotes":""},"categories":[363],"tags":[452,502,453,1139],"class_list":{"0":"post-121501","1":"post","2":"type-post","3":"status-publish","4":"format-standard","5":"has-post-thumbnail","7":"category-melhores-historias","8":"tag-mali-pt-pt","9":"tag-niger-pt-pt","10":"tag-nigeria-pt-pt","11":"tag-terrorism-pt-pt"},"acf":[],"yoast_head":"<!-- This site is optimized with the Yoast SEO plugin v27.5 - https:\/\/yoast.com\/product\/yoast-seo-wordpress\/ -->\n<title>Grupo Terrorista Lukarawas Aumenta Preocupa\u00e7\u00f5es com a Seguran\u00e7a no Noroeste da Nig\u00e9ria - Africa Defense Forum<\/title>\n<meta name=\"robots\" content=\"index, follow, max-snippet:-1, max-image-preview:large, max-video-preview:-1\" \/>\n<link rel=\"canonical\" href=\"https:\/\/adf-magazine.com\/pt-pt\/2024\/12\/grupo-terrorista-lukarawas-aumenta-preocupacoes-com-a-seguranca-no-noroeste-da-nigeria\/\" \/>\n<meta property=\"og:locale\" content=\"pt_PT\" \/>\n<meta property=\"og:type\" content=\"article\" \/>\n<meta property=\"og:title\" content=\"Grupo Terrorista Lukarawas Aumenta Preocupa\u00e7\u00f5es com a Seguran\u00e7a no Noroeste da Nig\u00e9ria - Africa Defense Forum\" \/>\n<meta property=\"og:description\" content=\"EQUIPA DA ADF Uma organiza\u00e7\u00e3o terrorista conhecida como Lukarawas est\u00e1 a semear o medo nos Estados de Kebbi e Sokoto, no noroeste da Nig\u00e9ria, uma \u00e1rea onde o Boko Haram, a Prov\u00edncia da \u00c1frica Ocidental do Estado Isl\u00e2mico e gangues de bandidos causam continuamente estragos. No dia 9 de Novembro, o Lukarawas, que est\u00e1 ligado\" \/>\n<meta property=\"og:url\" content=\"https:\/\/adf-magazine.com\/pt-pt\/2024\/12\/grupo-terrorista-lukarawas-aumenta-preocupacoes-com-a-seguranca-no-noroeste-da-nigeria\/\" \/>\n<meta property=\"og:site_name\" content=\"Africa Defense Forum\" \/>\n<meta property=\"article:publisher\" content=\"https:\/\/www.facebook.com\/ADFmagazine\/\" \/>\n<meta property=\"article:published_time\" content=\"2024-12-10T15:36:13+00:00\" \/>\n<meta property=\"article:modified_time\" content=\"2024-12-16T15:39:48+00:00\" \/>\n<meta property=\"og:image\" content=\"https:\/\/adf-magazine.com\/wp-content\/uploads\/2024\/12\/GettyImages-1159261851.jpg\" \/>\n\t<meta property=\"og:image:width\" content=\"1024\" \/>\n\t<meta property=\"og:image:height\" content=\"683\" \/>\n\t<meta property=\"og:image:type\" content=\"image\/jpeg\" \/>\n<meta name=\"author\" content=\"ADF\" \/>\n<meta name=\"twitter:card\" content=\"summary_large_image\" \/>\n<meta name=\"twitter:creator\" content=\"@ADFmagazine\" \/>\n<meta name=\"twitter:site\" content=\"@ADFmagazine\" \/>\n<meta name=\"twitter:label1\" content=\"Escrito por\" \/>\n\t<meta name=\"twitter:data1\" content=\"ADF\" \/>\n\t<meta name=\"twitter:label2\" content=\"Tempo estimado de leitura\" \/>\n\t<meta name=\"twitter:data2\" content=\"4 minutos\" \/>\n<script type=\"application\/ld+json\" class=\"yoast-schema-graph\">{\"@context\":\"https:\\\/\\\/schema.org\",\"@graph\":[{\"@type\":\"Article\",\"@id\":\"https:\\\/\\\/adf-magazine.com\\\/pt-pt\\\/2024\\\/12\\\/grupo-terrorista-lukarawas-aumenta-preocupacoes-com-a-seguranca-no-noroeste-da-nigeria\\\/#article\",\"isPartOf\":{\"@id\":\"https:\\\/\\\/adf-magazine.com\\\/pt-pt\\\/2024\\\/12\\\/grupo-terrorista-lukarawas-aumenta-preocupacoes-com-a-seguranca-no-noroeste-da-nigeria\\\/\"},\"author\":{\"name\":\"ADF\",\"@id\":\"https:\\\/\\\/adf-magazine.com\\\/#\\\/schema\\\/person\\\/f266a6061389568b5a11465bb38bc025\"},\"headline\":\"Grupo Terrorista Lukarawas Aumenta Preocupa\u00e7\u00f5es com a Seguran\u00e7a no Noroeste da Nig\u00e9ria\",\"datePublished\":\"2024-12-10T15:36:13+00:00\",\"dateModified\":\"2024-12-16T15:39:48+00:00\",\"mainEntityOfPage\":{\"@id\":\"https:\\\/\\\/adf-magazine.com\\\/pt-pt\\\/2024\\\/12\\\/grupo-terrorista-lukarawas-aumenta-preocupacoes-com-a-seguranca-no-noroeste-da-nigeria\\\/\"},\"wordCount\":790,\"commentCount\":0,\"image\":{\"@id\":\"https:\\\/\\\/adf-magazine.com\\\/pt-pt\\\/2024\\\/12\\\/grupo-terrorista-lukarawas-aumenta-preocupacoes-com-a-seguranca-no-noroeste-da-nigeria\\\/#primaryimage\"},\"thumbnailUrl\":\"https:\\\/\\\/adf-magazine.com\\\/wp-content\\\/uploads\\\/2024\\\/12\\\/GettyImages-1159261851.jpg\",\"keywords\":[\"Mali\",\"Niger\",\"Nigeria\",\"Terrorism\"],\"articleSection\":[\"Not\u00edcias diaries\"],\"inLanguage\":\"pt-PT\",\"potentialAction\":[{\"@type\":\"CommentAction\",\"name\":\"Comment\",\"target\":[\"https:\\\/\\\/adf-magazine.com\\\/pt-pt\\\/2024\\\/12\\\/grupo-terrorista-lukarawas-aumenta-preocupacoes-com-a-seguranca-no-noroeste-da-nigeria\\\/#respond\"]}]},{\"@type\":\"WebPage\",\"@id\":\"https:\\\/\\\/adf-magazine.com\\\/pt-pt\\\/2024\\\/12\\\/grupo-terrorista-lukarawas-aumenta-preocupacoes-com-a-seguranca-no-noroeste-da-nigeria\\\/\",\"url\":\"https:\\\/\\\/adf-magazine.com\\\/pt-pt\\\/2024\\\/12\\\/grupo-terrorista-lukarawas-aumenta-preocupacoes-com-a-seguranca-no-noroeste-da-nigeria\\\/\",\"name\":\"Grupo Terrorista Lukarawas Aumenta Preocupa\u00e7\u00f5es com a Seguran\u00e7a no Noroeste da Nig\u00e9ria - Africa Defense Forum\",\"isPartOf\":{\"@id\":\"https:\\\/\\\/adf-magazine.com\\\/#website\"},\"primaryImageOfPage\":{\"@id\":\"https:\\\/\\\/adf-magazine.com\\\/pt-pt\\\/2024\\\/12\\\/grupo-terrorista-lukarawas-aumenta-preocupacoes-com-a-seguranca-no-noroeste-da-nigeria\\\/#primaryimage\"},\"image\":{\"@id\":\"https:\\\/\\\/adf-magazine.com\\\/pt-pt\\\/2024\\\/12\\\/grupo-terrorista-lukarawas-aumenta-preocupacoes-com-a-seguranca-no-noroeste-da-nigeria\\\/#primaryimage\"},\"thumbnailUrl\":\"https:\\\/\\\/adf-magazine.com\\\/wp-content\\\/uploads\\\/2024\\\/12\\\/GettyImages-1159261851.jpg\",\"datePublished\":\"2024-12-10T15:36:13+00:00\",\"dateModified\":\"2024-12-16T15:39:48+00:00\",\"author\":{\"@id\":\"https:\\\/\\\/adf-magazine.com\\\/#\\\/schema\\\/person\\\/f266a6061389568b5a11465bb38bc025\"},\"breadcrumb\":{\"@id\":\"https:\\\/\\\/adf-magazine.com\\\/pt-pt\\\/2024\\\/12\\\/grupo-terrorista-lukarawas-aumenta-preocupacoes-com-a-seguranca-no-noroeste-da-nigeria\\\/#breadcrumb\"},\"inLanguage\":\"pt-PT\",\"potentialAction\":[{\"@type\":\"ReadAction\",\"target\":[\"https:\\\/\\\/adf-magazine.com\\\/pt-pt\\\/2024\\\/12\\\/grupo-terrorista-lukarawas-aumenta-preocupacoes-com-a-seguranca-no-noroeste-da-nigeria\\\/\"]}]},{\"@type\":\"ImageObject\",\"inLanguage\":\"pt-PT\",\"@id\":\"https:\\\/\\\/adf-magazine.com\\\/pt-pt\\\/2024\\\/12\\\/grupo-terrorista-lukarawas-aumenta-preocupacoes-com-a-seguranca-no-noroeste-da-nigeria\\\/#primaryimage\",\"url\":\"https:\\\/\\\/adf-magazine.com\\\/wp-content\\\/uploads\\\/2024\\\/12\\\/GettyImages-1159261851.jpg\",\"contentUrl\":\"https:\\\/\\\/adf-magazine.com\\\/wp-content\\\/uploads\\\/2024\\\/12\\\/GettyImages-1159261851.jpg\",\"width\":1024,\"height\":683,\"caption\":\"Soldados nigerianos tiram fotografias a um ve\u00edculo que se pensa pertencer a uma organiza\u00e7\u00e3o terrorista afiliada ao grupo Estado Isl\u00e2mico. AFP\\\/GETTY IMAGES\"},{\"@type\":\"BreadcrumbList\",\"@id\":\"https:\\\/\\\/adf-magazine.com\\\/pt-pt\\\/2024\\\/12\\\/grupo-terrorista-lukarawas-aumenta-preocupacoes-com-a-seguranca-no-noroeste-da-nigeria\\\/#breadcrumb\",\"itemListElement\":[{\"@type\":\"ListItem\",\"position\":1,\"name\":\"Home\",\"item\":\"https:\\\/\\\/adf-magazine.com\\\/\"},{\"@type\":\"ListItem\",\"position\":2,\"name\":\"Grupo Terrorista Lukarawas Aumenta Preocupa\u00e7\u00f5es com a Seguran\u00e7a no Noroeste da Nig\u00e9ria\"}]},{\"@type\":\"WebSite\",\"@id\":\"https:\\\/\\\/adf-magazine.com\\\/#website\",\"url\":\"https:\\\/\\\/adf-magazine.com\\\/\",\"name\":\"Africa Defense Forum\",\"description\":\"Africa Defense Forum\",\"potentialAction\":[{\"@type\":\"SearchAction\",\"target\":{\"@type\":\"EntryPoint\",\"urlTemplate\":\"https:\\\/\\\/adf-magazine.com\\\/?s={search_term_string}\"},\"query-input\":{\"@type\":\"PropertyValueSpecification\",\"valueRequired\":true,\"valueName\":\"search_term_string\"}}],\"inLanguage\":\"pt-PT\"},{\"@type\":\"Person\",\"@id\":\"https:\\\/\\\/adf-magazine.com\\\/#\\\/schema\\\/person\\\/f266a6061389568b5a11465bb38bc025\",\"name\":\"ADF\",\"image\":{\"@type\":\"ImageObject\",\"inLanguage\":\"pt-PT\",\"@id\":\"https:\\\/\\\/adf-magazine.com\\\/wp-content\\\/uploads\\\/2020\\\/05\\\/cropped-ADF_icon.jpg\",\"url\":\"https:\\\/\\\/adf-magazine.com\\\/wp-content\\\/uploads\\\/2020\\\/05\\\/cropped-ADF_icon.jpg\",\"contentUrl\":\"https:\\\/\\\/adf-magazine.com\\\/wp-content\\\/uploads\\\/2020\\\/05\\\/cropped-ADF_icon.jpg\",\"caption\":\"ADF\"},\"description\":\"ADF is a professional military magazine published quarterly by U.S. Africa Command to provide an international forum for African security professionals. ADF covers topics such as counter terrorism strategies, security and defense operations, transnational crime, and all other issues affecting peace, stability, and good governance on the African continent.\",\"sameAs\":[\"https:\\\/\\\/x.com\\\/ADFmagazine\"],\"url\":\"https:\\\/\\\/adf-magazine.com\\\/pt-pt\\\/author\\\/adf\\\/\"}]}<\/script>\n<!-- \/ Yoast SEO plugin. -->","yoast_head_json":{"title":"Grupo Terrorista Lukarawas Aumenta Preocupa\u00e7\u00f5es com a Seguran\u00e7a no Noroeste da Nig\u00e9ria - Africa Defense Forum","robots":{"index":"index","follow":"follow","max-snippet":"max-snippet:-1","max-image-preview":"max-image-preview:large","max-video-preview":"max-video-preview:-1"},"canonical":"https:\/\/adf-magazine.com\/pt-pt\/2024\/12\/grupo-terrorista-lukarawas-aumenta-preocupacoes-com-a-seguranca-no-noroeste-da-nigeria\/","og_locale":"pt_PT","og_type":"article","og_title":"Grupo Terrorista Lukarawas Aumenta Preocupa\u00e7\u00f5es com a Seguran\u00e7a no Noroeste da Nig\u00e9ria - Africa Defense Forum","og_description":"EQUIPA DA ADF Uma organiza\u00e7\u00e3o terrorista conhecida como Lukarawas est\u00e1 a semear o medo nos Estados de Kebbi e Sokoto, no noroeste da Nig\u00e9ria, uma \u00e1rea onde o Boko Haram, a Prov\u00edncia da \u00c1frica Ocidental do Estado Isl\u00e2mico e gangues de bandidos causam continuamente estragos. No dia 9 de Novembro, o Lukarawas, que est\u00e1 ligado","og_url":"https:\/\/adf-magazine.com\/pt-pt\/2024\/12\/grupo-terrorista-lukarawas-aumenta-preocupacoes-com-a-seguranca-no-noroeste-da-nigeria\/","og_site_name":"Africa Defense Forum","article_publisher":"https:\/\/www.facebook.com\/ADFmagazine\/","article_published_time":"2024-12-10T15:36:13+00:00","article_modified_time":"2024-12-16T15:39:48+00:00","og_image":[{"width":1024,"height":683,"url":"https:\/\/adf-magazine.com\/wp-content\/uploads\/2024\/12\/GettyImages-1159261851.jpg","type":"image\/jpeg"}],"author":"ADF","twitter_card":"summary_large_image","twitter_creator":"@ADFmagazine","twitter_site":"@ADFmagazine","twitter_misc":{"Escrito por":"ADF","Tempo estimado de leitura":"4 minutos"},"schema":{"@context":"https:\/\/schema.org","@graph":[{"@type":"Article","@id":"https:\/\/adf-magazine.com\/pt-pt\/2024\/12\/grupo-terrorista-lukarawas-aumenta-preocupacoes-com-a-seguranca-no-noroeste-da-nigeria\/#article","isPartOf":{"@id":"https:\/\/adf-magazine.com\/pt-pt\/2024\/12\/grupo-terrorista-lukarawas-aumenta-preocupacoes-com-a-seguranca-no-noroeste-da-nigeria\/"},"author":{"name":"ADF","@id":"https:\/\/adf-magazine.com\/#\/schema\/person\/f266a6061389568b5a11465bb38bc025"},"headline":"Grupo Terrorista Lukarawas Aumenta Preocupa\u00e7\u00f5es com a Seguran\u00e7a no Noroeste da Nig\u00e9ria","datePublished":"2024-12-10T15:36:13+00:00","dateModified":"2024-12-16T15:39:48+00:00","mainEntityOfPage":{"@id":"https:\/\/adf-magazine.com\/pt-pt\/2024\/12\/grupo-terrorista-lukarawas-aumenta-preocupacoes-com-a-seguranca-no-noroeste-da-nigeria\/"},"wordCount":790,"commentCount":0,"image":{"@id":"https:\/\/adf-magazine.com\/pt-pt\/2024\/12\/grupo-terrorista-lukarawas-aumenta-preocupacoes-com-a-seguranca-no-noroeste-da-nigeria\/#primaryimage"},"thumbnailUrl":"https:\/\/adf-magazine.com\/wp-content\/uploads\/2024\/12\/GettyImages-1159261851.jpg","keywords":["Mali","Niger","Nigeria","Terrorism"],"articleSection":["Not\u00edcias diaries"],"inLanguage":"pt-PT","potentialAction":[{"@type":"CommentAction","name":"Comment","target":["https:\/\/adf-magazine.com\/pt-pt\/2024\/12\/grupo-terrorista-lukarawas-aumenta-preocupacoes-com-a-seguranca-no-noroeste-da-nigeria\/#respond"]}]},{"@type":"WebPage","@id":"https:\/\/adf-magazine.com\/pt-pt\/2024\/12\/grupo-terrorista-lukarawas-aumenta-preocupacoes-com-a-seguranca-no-noroeste-da-nigeria\/","url":"https:\/\/adf-magazine.com\/pt-pt\/2024\/12\/grupo-terrorista-lukarawas-aumenta-preocupacoes-com-a-seguranca-no-noroeste-da-nigeria\/","name":"Grupo Terrorista Lukarawas Aumenta Preocupa\u00e7\u00f5es com a Seguran\u00e7a no Noroeste da Nig\u00e9ria - Africa Defense Forum","isPartOf":{"@id":"https:\/\/adf-magazine.com\/#website"},"primaryImageOfPage":{"@id":"https:\/\/adf-magazine.com\/pt-pt\/2024\/12\/grupo-terrorista-lukarawas-aumenta-preocupacoes-com-a-seguranca-no-noroeste-da-nigeria\/#primaryimage"},"image":{"@id":"https:\/\/adf-magazine.com\/pt-pt\/2024\/12\/grupo-terrorista-lukarawas-aumenta-preocupacoes-com-a-seguranca-no-noroeste-da-nigeria\/#primaryimage"},"thumbnailUrl":"https:\/\/adf-magazine.com\/wp-content\/uploads\/2024\/12\/GettyImages-1159261851.jpg","datePublished":"2024-12-10T15:36:13+00:00","dateModified":"2024-12-16T15:39:48+00:00","author":{"@id":"https:\/\/adf-magazine.com\/#\/schema\/person\/f266a6061389568b5a11465bb38bc025"},"breadcrumb":{"@id":"https:\/\/adf-magazine.com\/pt-pt\/2024\/12\/grupo-terrorista-lukarawas-aumenta-preocupacoes-com-a-seguranca-no-noroeste-da-nigeria\/#breadcrumb"},"inLanguage":"pt-PT","potentialAction":[{"@type":"ReadAction","target":["https:\/\/adf-magazine.com\/pt-pt\/2024\/12\/grupo-terrorista-lukarawas-aumenta-preocupacoes-com-a-seguranca-no-noroeste-da-nigeria\/"]}]},{"@type":"ImageObject","inLanguage":"pt-PT","@id":"https:\/\/adf-magazine.com\/pt-pt\/2024\/12\/grupo-terrorista-lukarawas-aumenta-preocupacoes-com-a-seguranca-no-noroeste-da-nigeria\/#primaryimage","url":"https:\/\/adf-magazine.com\/wp-content\/uploads\/2024\/12\/GettyImages-1159261851.jpg","contentUrl":"https:\/\/adf-magazine.com\/wp-content\/uploads\/2024\/12\/GettyImages-1159261851.jpg","width":1024,"height":683,"caption":"Soldados nigerianos tiram fotografias a um ve\u00edculo que se pensa pertencer a uma organiza\u00e7\u00e3o terrorista afiliada ao grupo Estado Isl\u00e2mico. AFP\/GETTY IMAGES"},{"@type":"BreadcrumbList","@id":"https:\/\/adf-magazine.com\/pt-pt\/2024\/12\/grupo-terrorista-lukarawas-aumenta-preocupacoes-com-a-seguranca-no-noroeste-da-nigeria\/#breadcrumb","itemListElement":[{"@type":"ListItem","position":1,"name":"Home","item":"https:\/\/adf-magazine.com\/"},{"@type":"ListItem","position":2,"name":"Grupo Terrorista Lukarawas Aumenta Preocupa\u00e7\u00f5es com a Seguran\u00e7a no Noroeste da Nig\u00e9ria"}]},{"@type":"WebSite","@id":"https:\/\/adf-magazine.com\/#website","url":"https:\/\/adf-magazine.com\/","name":"Africa Defense Forum","description":"Africa Defense Forum","potentialAction":[{"@type":"SearchAction","target":{"@type":"EntryPoint","urlTemplate":"https:\/\/adf-magazine.com\/?s={search_term_string}"},"query-input":{"@type":"PropertyValueSpecification","valueRequired":true,"valueName":"search_term_string"}}],"inLanguage":"pt-PT"},{"@type":"Person","@id":"https:\/\/adf-magazine.com\/#\/schema\/person\/f266a6061389568b5a11465bb38bc025","name":"ADF","image":{"@type":"ImageObject","inLanguage":"pt-PT","@id":"https:\/\/adf-magazine.com\/wp-content\/uploads\/2020\/05\/cropped-ADF_icon.jpg","url":"https:\/\/adf-magazine.com\/wp-content\/uploads\/2020\/05\/cropped-ADF_icon.jpg","contentUrl":"https:\/\/adf-magazine.com\/wp-content\/uploads\/2020\/05\/cropped-ADF_icon.jpg","caption":"ADF"},"description":"ADF is a professional military magazine published quarterly by U.S. Africa Command to provide an international forum for African security professionals. ADF covers topics such as counter terrorism strategies, security and defense operations, transnational crime, and all other issues affecting peace, stability, and good governance on the African continent.","sameAs":["https:\/\/x.com\/ADFmagazine"],"url":"https:\/\/adf-magazine.com\/pt-pt\/author\/adf\/"}]}},"_links":{"self":[{"href":"https:\/\/adf-magazine.com\/pt-pt\/wp-json\/wp\/v2\/posts\/121501","targetHints":{"allow":["GET"]}}],"collection":[{"href":"https:\/\/adf-magazine.com\/pt-pt\/wp-json\/wp\/v2\/posts"}],"about":[{"href":"https:\/\/adf-magazine.com\/pt-pt\/wp-json\/wp\/v2\/types\/post"}],"author":[{"embeddable":true,"href":"https:\/\/adf-magazine.com\/pt-pt\/wp-json\/wp\/v2\/users\/1"}],"replies":[{"embeddable":true,"href":"https:\/\/adf-magazine.com\/pt-pt\/wp-json\/wp\/v2\/comments?post=121501"}],"version-history":[{"count":0,"href":"https:\/\/adf-magazine.com\/pt-pt\/wp-json\/wp\/v2\/posts\/121501\/revisions"}],"wp:featuredmedia":[{"embeddable":true,"href":"https:\/\/adf-magazine.com\/pt-pt\/wp-json\/wp\/v2\/media\/121499"}],"wp:attachment":[{"href":"https:\/\/adf-magazine.com\/pt-pt\/wp-json\/wp\/v2\/media?parent=121501"}],"wp:term":[{"taxonomy":"category","embeddable":true,"href":"https:\/\/adf-magazine.com\/pt-pt\/wp-json\/wp\/v2\/categories?post=121501"},{"taxonomy":"post_tag","embeddable":true,"href":"https:\/\/adf-magazine.com\/pt-pt\/wp-json\/wp\/v2\/tags?post=121501"}],"curies":[{"name":"wp","href":"https:\/\/api.w.org\/{rel}","templated":true}]}}