{"id":120389,"date":"2024-11-19T12:08:12","date_gmt":"2024-11-19T17:08:12","guid":{"rendered":"https:\/\/adf-magazine.com\/?p=120389"},"modified":"2024-12-04T12:09:17","modified_gmt":"2024-12-04T17:09:17","slug":"alianca-de-resposta-a-surtos-de-parceria-africana-assinala-10-anos-de-cooperacao","status":"publish","type":"post","link":"https:\/\/adf-magazine.com\/pt-pt\/2024\/11\/alianca-de-resposta-a-surtos-de-parceria-africana-assinala-10-anos-de-cooperacao\/","title":{"rendered":"Alian\u00e7a de Resposta a Surtos de Parceria Africana Assinala 10 Anos de Coopera\u00e7\u00e3o"},"content":{"rendered":"<p>EQUIPA DA ADF<\/p>\n<p>Autoridades de sa\u00fade, militares e governamentais de mais de 30 pa\u00edses africanos conclu\u00edram uma confer\u00eancia da Alian\u00e7a de Resposta a Surtos de Parceria Africana que incluiu uma simula\u00e7\u00e3o de resposta a um evento de v\u00edtimas em massa, uma estreia na confer\u00eancia anual.<\/p>\n<p>A alian\u00e7a, conhecida como APORA, reuniu-se de 4 a 8 de Novembro em Cotonou, no Benin. A reuni\u00e3o sublinhou a continua\u00e7\u00e3o da coopera\u00e7\u00e3o internacional, o envolvimento entre ex\u00e9rcitos e a necessidade de uma sede permanente da APORA em \u00c1frica.<\/p>\n<p>A simula\u00e7\u00e3o de acidentes em massa incluiu 345 militares, socorristas e for\u00e7as de protec\u00e7\u00e3o civil, real\u00e7ando a colabora\u00e7\u00e3o e a abordagem estruturada necess\u00e1rias para uma resposta de emerg\u00eancia eficaz.<\/p>\n<p>\u201cEsta edi\u00e7\u00e3o ir\u00e1 testar, entre outras coisas, a capacidade dos nossos pa\u00edses para responder pronta e eficazmente a qualquer possibilidade,\u201d disse o Ministro do Interior e da Seguran\u00e7a P\u00fablica do Benin, Alassane Seidou. \u201cO nosso pa\u00eds, tal como outros em \u00c1frica e no mundo, foi confrontado nos \u00faltimos anos com os riscos epidemiol\u00f3gicos e foi levado a desenvolver, gra\u00e7as ao empenho do governo, a capacidade de resili\u00eancia e de luta.\u201d<\/p>\n<p>O Coronel das For\u00e7as Armadas dos Camar\u00f5es, Julius Nwobegahay, presidente da APORA, referiu o aumento do n\u00famero de membros da alian\u00e7a e anunciou planos para estabelecer for\u00e7as de trabalho nacionais da APORA. Sublinhou a import\u00e2ncia do primeiro exerc\u00edcio de simula\u00e7\u00e3o ao vivo como um marco para testar a prepara\u00e7\u00e3o para o mundo real. Afirmou que os ensinamentos retirados da epidemia de \u00c9bola ajudaram a dar uma resposta r\u00e1pida \u00e0 COVID-19, ilustrando o poder de uma estrat\u00e9gia coordenada a n\u00edvel continental.<\/p>\n<p>O Dr. Thierno Balde, em representa\u00e7\u00e3o do Gabinete Regional da Organiza\u00e7\u00e3o Mundial de Sa\u00fade para \u00c1frica (OMS\/AFRO), discutiu a necessidade premente de \u00c1frica enfrentar m\u00faltiplas crises sanit\u00e1rias simult\u00e2neas, incluindo as inunda\u00e7\u00f5es e os v\u00edrus Marburgo e Mpox. Representando 47 pa\u00edses, a OMS\/AFRO estabelece parcerias com os minist\u00e9rios de sa\u00fade, utilizando a intelig\u00eancia artificial e as l\u00ednguas locais para melhorar a detec\u00e7\u00e3o de emerg\u00eancias. Balde apresentou o Sistema de Gest\u00e3o de Incidentes adapt\u00e1vel da OMS, concebido para agilizar respostas r\u00e1pidas e multidisciplinares.<\/p>\n<figure id=\"attachment_120381\" aria-describedby=\"caption-attachment-120381\" style=\"width: 1080px\" class=\"wp-caption aligncenter\"><a href=\"https:\/\/adf-magazine.com\/wp-content\/uploads\/2024\/12\/241104-F-XW046-0697-1.jpg\"><img fetchpriority=\"high\" decoding=\"async\" class=\"size-full wp-image-120381\" src=\"https:\/\/adf-magazine.com\/wp-content\/uploads\/2024\/12\/241104-F-XW046-0697-1.jpg\" alt=\"\" width=\"1080\" height=\"719\" srcset=\"https:\/\/adf-magazine.com\/wp-content\/uploads\/2024\/12\/241104-F-XW046-0697-1.jpg 1080w, https:\/\/adf-magazine.com\/wp-content\/uploads\/2024\/12\/241104-F-XW046-0697-1-300x200.jpg 300w, https:\/\/adf-magazine.com\/wp-content\/uploads\/2024\/12\/241104-F-XW046-0697-1-1024x682.jpg 1024w, https:\/\/adf-magazine.com\/wp-content\/uploads\/2024\/12\/241104-F-XW046-0697-1-768x511.jpg 768w, https:\/\/adf-magazine.com\/wp-content\/uploads\/2024\/12\/241104-F-XW046-0697-1-150x100.jpg 150w, https:\/\/adf-magazine.com\/wp-content\/uploads\/2024\/12\/241104-F-XW046-0697-1-450x300.jpg 450w, https:\/\/adf-magazine.com\/wp-content\/uploads\/2024\/12\/241104-F-XW046-0697-1-272x182.jpg 272w\" sizes=\"(max-width: 1080px) 100vw, 1080px\" \/><\/a><figcaption id=\"caption-attachment-120381\" class=\"wp-caption-text\">Membros das For\u00e7as Armadas dos EUA, das for\u00e7as militares do Benin e do governo do Benin mant\u00eam-se em sentido durante a cerim\u00f3nia de abertura da confer\u00eancia da APORA em Cotonou, Benin, no dia 4 de Novembro de 2024.<br \/>SEGUNDO-SARGENTO ALEXANDRIA LEE\/FOR\u00c7A A\u00c9REA DOS EUA<\/figcaption><\/figure>\n<p>O Coordenador do Controlo Infeccioso do Ruanda partilhou conhecimentos cr\u00edticos sobre o recente surto de Marburgo no seu pa\u00eds e sublinhou a necessidade de isolamento central e de diagn\u00f3sticos r\u00e1pidos para uma resposta eficaz. O pa\u00eds confirmou mais de 60 casos de Marburgo, incluindo algumas mortes. Foi o primeiro surto de Marburgo no pa\u00eds, uma febre hemorr\u00e1gica viral rara mas grave, semelhante ao \u00c9bola.<\/p>\n<p>A confer\u00eancia marcou o 10.\u00ba anivers\u00e1rio da APORA. Desde a sua funda\u00e7\u00e3o, a alian\u00e7a expandiu-se de um n\u00famero inicial de 12 pa\u00edses-membros para 32, demonstrando a sua crescente influ\u00eancia e empenho no refor\u00e7o das capacidades de resposta a surtos em toda a \u00c1frica. Os Centros de Controlo e Preven\u00e7\u00e3o de Doen\u00e7as dos EUA, a Ag\u00eancia de Redu\u00e7\u00e3o de Amea\u00e7as da Defesa dos EUA, a OMS e a Funda\u00e7\u00e3o Gates estiveram representados na confer\u00eancia.<\/p>\n<p>As alian\u00e7as em mat\u00e9ria de seguran\u00e7a sanit\u00e1ria tornaram-se uma componente essencial da seguran\u00e7a sanit\u00e1ria mundial, respondendo a amea\u00e7as conhecidas e emergentes que afectam as economias, as pol\u00edticas e as sociedades. Os participantes da confer\u00eancia salientaram que a colabora\u00e7\u00e3o entre os sectores militar e civil permite a prepara\u00e7\u00e3o, a atenua\u00e7\u00e3o e a resposta a essas amea\u00e7as. Especificamente, as parcerias civis-militares proporcionam oportunidades \u00fanicas de empenhamento operacional e estrat\u00e9gico, desde o n\u00edvel local ao regional e internacional.<\/p>\n<p>A APORA teve in\u00edcio em 2014, ap\u00f3s o surto de \u00c9bola na \u00c1frica Ocidental. O Departamento de Defesa dos EUA desenvolveu a alian\u00e7a atrav\u00e9s do Comando dos EUA para \u00c1frica e das For\u00e7as A\u00e9reas dos EUA na Europa e For\u00e7as A\u00e9reas em \u00c1frica. Os primeiros pa\u00edses juntaram-se para mitigar a amea\u00e7a de agentes patog\u00e9nicos emergentes e reemergentes devido \u00e0 falta de sistemas de detec\u00e7\u00e3o e resposta de aviso pr\u00e9vio. A APORA proporciona um f\u00f3rum para os parceiros debaterem a melhor forma de se prepararem para as epidemias.<\/p>\n<p>\u201cDurante uma semana atarefada, mantivemo-nos concentrados nas estrat\u00e9gias e ac\u00e7\u00f5es necess\u00e1rias para controlar epidemias ou emerg\u00eancias em \u00c1frica,\u201d o Coronel-Major Etienne L\u00e9once Ahouanvoeke, director central de sa\u00fade do Ex\u00e9rcito do Benin, disse durante as cerim\u00f3nias de encerramento. \u201cDesde o in\u00edcio das actividades desta confer\u00eancia, temos observado de perto e de longe uma colabora\u00e7\u00e3o e coordena\u00e7\u00e3o que promete produzir excelentes resultados.\u201d<\/p>\n<p>A participa\u00e7\u00e3o na APORA est\u00e1 aberta a todos os pa\u00edses africanos. Um desenvolvimento not\u00e1vel \u00e9 a cria\u00e7\u00e3o de uma For\u00e7a-Tarefa da APORA em cada pa\u00eds-membro, que servir\u00e1 de base para uma rede da APORA mais alargada.<\/p>\n<p>A confer\u00eancia deste ano introduziu uma nova \u00eanfase na resposta operacional, incluindo a melhoria dos sistemas de vigil\u00e2ncia e de aviso pr\u00e9vio, a melhoria da capacidade laboratorial e o refor\u00e7o da m\u00e3o-de-obra no sector da sa\u00fade. Para atingir estes objectivos, a APORA concentrou-se no refor\u00e7o da equipa atrav\u00e9s de forma\u00e7\u00e3o t\u00e1ctica, desenvolvimento de procedimentos operacionais normalizados e exerc\u00edcios de mesa. Estas iniciativas garantir\u00e3o que os pa\u00edses e os seus parceiros possam responder de forma r\u00e1pida e eficaz aos surtos.<\/p>\n<p>Ao criar sistemas de sa\u00fade mais fortes e resistentes, a APORA tem como objectivo reduzir os efeitos das doen\u00e7as infecciosas no continente e melhorar a sa\u00fade geral das popula\u00e7\u00f5es africanas.<\/p>\n","protected":false},"excerpt":{"rendered":"<p>EQUIPA DA ADF Autoridades de sa\u00fade, militares e governamentais de mais de 30 pa\u00edses africanos conclu\u00edram uma confer\u00eancia da Alian\u00e7a de Resposta a Surtos de Parceria Africana que incluiu uma simula\u00e7\u00e3o de resposta a um evento de v\u00edtimas em massa, uma estreia na confer\u00eancia anual. A alian\u00e7a, conhecida como APORA, reuniu-se de 4 a 8<\/p>\n","protected":false},"author":1,"featured_media":120377,"comment_status":"closed","ping_status":"closed","sticky":false,"template":"","format":"standard","meta":{"_acf_changed":false,"_monsterinsights_skip_tracking":false,"_monsterinsights_sitenote_active":false,"_monsterinsights_sitenote_note":"","_monsterinsights_sitenote_category":0,"_uf_show_specific_survey":0,"_uf_disable_surveys":false,"footnotes":""},"categories":[363],"tags":[1392],"class_list":{"0":"post-120389","1":"post","2":"type-post","3":"status-publish","4":"format-standard","5":"has-post-thumbnail","7":"category-melhores-historias","8":"tag-cameroun-pt-pt"},"acf":[],"yoast_head":"<!-- This site is optimized with the Yoast SEO plugin v27.4 - https:\/\/yoast.com\/product\/yoast-seo-wordpress\/ -->\n<title>Alian\u00e7a de Resposta a Surtos de Parceria Africana Assinala 10 Anos de Coopera\u00e7\u00e3o - Africa Defense Forum<\/title>\n<meta name=\"robots\" content=\"index, follow, max-snippet:-1, max-image-preview:large, max-video-preview:-1\" \/>\n<link rel=\"canonical\" href=\"https:\/\/adf-magazine.com\/pt-pt\/2024\/11\/alianca-de-resposta-a-surtos-de-parceria-africana-assinala-10-anos-de-cooperacao\/\" \/>\n<meta property=\"og:locale\" content=\"pt_PT\" \/>\n<meta property=\"og:type\" content=\"article\" \/>\n<meta property=\"og:title\" content=\"Alian\u00e7a de Resposta a Surtos de Parceria Africana Assinala 10 Anos de Coopera\u00e7\u00e3o - Africa Defense Forum\" \/>\n<meta property=\"og:description\" content=\"EQUIPA DA ADF Autoridades de sa\u00fade, militares e governamentais de mais de 30 pa\u00edses africanos conclu\u00edram uma confer\u00eancia da Alian\u00e7a de Resposta a Surtos de Parceria Africana que incluiu uma simula\u00e7\u00e3o de resposta a um evento de v\u00edtimas em massa, uma estreia na confer\u00eancia anual. A alian\u00e7a, conhecida como APORA, reuniu-se de 4 a 8\" \/>\n<meta property=\"og:url\" content=\"https:\/\/adf-magazine.com\/pt-pt\/2024\/11\/alianca-de-resposta-a-surtos-de-parceria-africana-assinala-10-anos-de-cooperacao\/\" \/>\n<meta property=\"og:site_name\" content=\"Africa Defense Forum\" \/>\n<meta property=\"article:publisher\" content=\"https:\/\/www.facebook.com\/ADFmagazine\/\" \/>\n<meta property=\"article:published_time\" content=\"2024-11-19T17:08:12+00:00\" \/>\n<meta property=\"article:modified_time\" content=\"2024-12-04T17:09:17+00:00\" \/>\n<meta property=\"og:image\" content=\"https:\/\/adf-magazine.com\/wp-content\/uploads\/2024\/12\/241105-F-XW046-0494_1.jpg\" \/>\n\t<meta property=\"og:image:width\" content=\"1080\" \/>\n\t<meta property=\"og:image:height\" content=\"719\" \/>\n\t<meta property=\"og:image:type\" content=\"image\/jpeg\" \/>\n<meta name=\"author\" content=\"ADF\" \/>\n<meta name=\"twitter:card\" content=\"summary_large_image\" \/>\n<meta name=\"twitter:creator\" content=\"@ADFmagazine\" \/>\n<meta name=\"twitter:site\" content=\"@ADFmagazine\" \/>\n<meta name=\"twitter:label1\" content=\"Escrito por\" \/>\n\t<meta name=\"twitter:data1\" content=\"ADF\" \/>\n\t<meta name=\"twitter:label2\" content=\"Tempo estimado de leitura\" \/>\n\t<meta name=\"twitter:data2\" content=\"5 minutos\" \/>\n<script type=\"application\/ld+json\" class=\"yoast-schema-graph\">{\"@context\":\"https:\\\/\\\/schema.org\",\"@graph\":[{\"@type\":\"Article\",\"@id\":\"https:\\\/\\\/adf-magazine.com\\\/pt-pt\\\/2024\\\/11\\\/alianca-de-resposta-a-surtos-de-parceria-africana-assinala-10-anos-de-cooperacao\\\/#article\",\"isPartOf\":{\"@id\":\"https:\\\/\\\/adf-magazine.com\\\/pt-pt\\\/2024\\\/11\\\/alianca-de-resposta-a-surtos-de-parceria-africana-assinala-10-anos-de-cooperacao\\\/\"},\"author\":{\"name\":\"ADF\",\"@id\":\"https:\\\/\\\/adf-magazine.com\\\/#\\\/schema\\\/person\\\/f266a6061389568b5a11465bb38bc025\"},\"headline\":\"Alian\u00e7a de Resposta a Surtos de Parceria Africana Assinala 10 Anos de Coopera\u00e7\u00e3o\",\"datePublished\":\"2024-11-19T17:08:12+00:00\",\"dateModified\":\"2024-12-04T17:09:17+00:00\",\"mainEntityOfPage\":{\"@id\":\"https:\\\/\\\/adf-magazine.com\\\/pt-pt\\\/2024\\\/11\\\/alianca-de-resposta-a-surtos-de-parceria-africana-assinala-10-anos-de-cooperacao\\\/\"},\"wordCount\":1053,\"image\":{\"@id\":\"https:\\\/\\\/adf-magazine.com\\\/pt-pt\\\/2024\\\/11\\\/alianca-de-resposta-a-surtos-de-parceria-africana-assinala-10-anos-de-cooperacao\\\/#primaryimage\"},\"thumbnailUrl\":\"https:\\\/\\\/adf-magazine.com\\\/wp-content\\\/uploads\\\/2024\\\/12\\\/241105-F-XW046-0494_1.jpg\",\"keywords\":[\"Cameroun\"],\"articleSection\":[\"Not\u00edcias diaries\"],\"inLanguage\":\"pt-PT\"},{\"@type\":\"WebPage\",\"@id\":\"https:\\\/\\\/adf-magazine.com\\\/pt-pt\\\/2024\\\/11\\\/alianca-de-resposta-a-surtos-de-parceria-africana-assinala-10-anos-de-cooperacao\\\/\",\"url\":\"https:\\\/\\\/adf-magazine.com\\\/pt-pt\\\/2024\\\/11\\\/alianca-de-resposta-a-surtos-de-parceria-africana-assinala-10-anos-de-cooperacao\\\/\",\"name\":\"Alian\u00e7a de Resposta a Surtos de Parceria Africana Assinala 10 Anos de Coopera\u00e7\u00e3o - Africa Defense Forum\",\"isPartOf\":{\"@id\":\"https:\\\/\\\/adf-magazine.com\\\/#website\"},\"primaryImageOfPage\":{\"@id\":\"https:\\\/\\\/adf-magazine.com\\\/pt-pt\\\/2024\\\/11\\\/alianca-de-resposta-a-surtos-de-parceria-africana-assinala-10-anos-de-cooperacao\\\/#primaryimage\"},\"image\":{\"@id\":\"https:\\\/\\\/adf-magazine.com\\\/pt-pt\\\/2024\\\/11\\\/alianca-de-resposta-a-surtos-de-parceria-africana-assinala-10-anos-de-cooperacao\\\/#primaryimage\"},\"thumbnailUrl\":\"https:\\\/\\\/adf-magazine.com\\\/wp-content\\\/uploads\\\/2024\\\/12\\\/241105-F-XW046-0494_1.jpg\",\"datePublished\":\"2024-11-19T17:08:12+00:00\",\"dateModified\":\"2024-12-04T17:09:17+00:00\",\"author\":{\"@id\":\"https:\\\/\\\/adf-magazine.com\\\/#\\\/schema\\\/person\\\/f266a6061389568b5a11465bb38bc025\"},\"breadcrumb\":{\"@id\":\"https:\\\/\\\/adf-magazine.com\\\/pt-pt\\\/2024\\\/11\\\/alianca-de-resposta-a-surtos-de-parceria-africana-assinala-10-anos-de-cooperacao\\\/#breadcrumb\"},\"inLanguage\":\"pt-PT\",\"potentialAction\":[{\"@type\":\"ReadAction\",\"target\":[\"https:\\\/\\\/adf-magazine.com\\\/pt-pt\\\/2024\\\/11\\\/alianca-de-resposta-a-surtos-de-parceria-africana-assinala-10-anos-de-cooperacao\\\/\"]}]},{\"@type\":\"ImageObject\",\"inLanguage\":\"pt-PT\",\"@id\":\"https:\\\/\\\/adf-magazine.com\\\/pt-pt\\\/2024\\\/11\\\/alianca-de-resposta-a-surtos-de-parceria-africana-assinala-10-anos-de-cooperacao\\\/#primaryimage\",\"url\":\"https:\\\/\\\/adf-magazine.com\\\/wp-content\\\/uploads\\\/2024\\\/12\\\/241105-F-XW046-0494_1.jpg\",\"contentUrl\":\"https:\\\/\\\/adf-magazine.com\\\/wp-content\\\/uploads\\\/2024\\\/12\\\/241105-F-XW046-0494_1.jpg\",\"width\":1080,\"height\":719,\"caption\":\"A partir da esquerda, o Coronel Thomas Stamp, da For\u00e7a A\u00e9rea dos EUA, o Coronel Michael Cohen, do Ex\u00e9rcito dos EUA, e o Coronel Etienne L\u00e9once Ahouanvoeke, do Ex\u00e9rcito do Benin, assistem a um exerc\u00edcio de treino simulado que demonstra uma resposta integrada entre grupos civis e militares em Cotonou, Benin, no dia 5 de Novembro de 2024. SEGUNDO-SARGENTO ALEXANDRIA LEE\\\/FOR\u00c7A A\u00c9REA DOS EUA\"},{\"@type\":\"BreadcrumbList\",\"@id\":\"https:\\\/\\\/adf-magazine.com\\\/pt-pt\\\/2024\\\/11\\\/alianca-de-resposta-a-surtos-de-parceria-africana-assinala-10-anos-de-cooperacao\\\/#breadcrumb\",\"itemListElement\":[{\"@type\":\"ListItem\",\"position\":1,\"name\":\"Home\",\"item\":\"https:\\\/\\\/adf-magazine.com\\\/\"},{\"@type\":\"ListItem\",\"position\":2,\"name\":\"Alian\u00e7a de Resposta a Surtos de Parceria Africana Assinala 10 Anos de Coopera\u00e7\u00e3o\"}]},{\"@type\":\"WebSite\",\"@id\":\"https:\\\/\\\/adf-magazine.com\\\/#website\",\"url\":\"https:\\\/\\\/adf-magazine.com\\\/\",\"name\":\"Africa Defense Forum\",\"description\":\"Africa Defense Forum\",\"potentialAction\":[{\"@type\":\"SearchAction\",\"target\":{\"@type\":\"EntryPoint\",\"urlTemplate\":\"https:\\\/\\\/adf-magazine.com\\\/?s={search_term_string}\"},\"query-input\":{\"@type\":\"PropertyValueSpecification\",\"valueRequired\":true,\"valueName\":\"search_term_string\"}}],\"inLanguage\":\"pt-PT\"},{\"@type\":\"Person\",\"@id\":\"https:\\\/\\\/adf-magazine.com\\\/#\\\/schema\\\/person\\\/f266a6061389568b5a11465bb38bc025\",\"name\":\"ADF\",\"image\":{\"@type\":\"ImageObject\",\"inLanguage\":\"pt-PT\",\"@id\":\"https:\\\/\\\/adf-magazine.com\\\/wp-content\\\/uploads\\\/2020\\\/05\\\/cropped-ADF_icon.jpg\",\"url\":\"https:\\\/\\\/adf-magazine.com\\\/wp-content\\\/uploads\\\/2020\\\/05\\\/cropped-ADF_icon.jpg\",\"contentUrl\":\"https:\\\/\\\/adf-magazine.com\\\/wp-content\\\/uploads\\\/2020\\\/05\\\/cropped-ADF_icon.jpg\",\"caption\":\"ADF\"},\"description\":\"ADF is a professional military magazine published quarterly by U.S. Africa Command to provide an international forum for African security professionals. ADF covers topics such as counter terrorism strategies, security and defense operations, transnational crime, and all other issues affecting peace, stability, and good governance on the African continent.\",\"sameAs\":[\"https:\\\/\\\/x.com\\\/ADFmagazine\"],\"url\":\"https:\\\/\\\/adf-magazine.com\\\/pt-pt\\\/author\\\/adf\\\/\"}]}<\/script>\n<!-- \/ Yoast SEO plugin. -->","yoast_head_json":{"title":"Alian\u00e7a de Resposta a Surtos de Parceria Africana Assinala 10 Anos de Coopera\u00e7\u00e3o - Africa Defense Forum","robots":{"index":"index","follow":"follow","max-snippet":"max-snippet:-1","max-image-preview":"max-image-preview:large","max-video-preview":"max-video-preview:-1"},"canonical":"https:\/\/adf-magazine.com\/pt-pt\/2024\/11\/alianca-de-resposta-a-surtos-de-parceria-africana-assinala-10-anos-de-cooperacao\/","og_locale":"pt_PT","og_type":"article","og_title":"Alian\u00e7a de Resposta a Surtos de Parceria Africana Assinala 10 Anos de Coopera\u00e7\u00e3o - Africa Defense Forum","og_description":"EQUIPA DA ADF Autoridades de sa\u00fade, militares e governamentais de mais de 30 pa\u00edses africanos conclu\u00edram uma confer\u00eancia da Alian\u00e7a de Resposta a Surtos de Parceria Africana que incluiu uma simula\u00e7\u00e3o de resposta a um evento de v\u00edtimas em massa, uma estreia na confer\u00eancia anual. A alian\u00e7a, conhecida como APORA, reuniu-se de 4 a 8","og_url":"https:\/\/adf-magazine.com\/pt-pt\/2024\/11\/alianca-de-resposta-a-surtos-de-parceria-africana-assinala-10-anos-de-cooperacao\/","og_site_name":"Africa Defense Forum","article_publisher":"https:\/\/www.facebook.com\/ADFmagazine\/","article_published_time":"2024-11-19T17:08:12+00:00","article_modified_time":"2024-12-04T17:09:17+00:00","og_image":[{"width":1080,"height":719,"url":"https:\/\/adf-magazine.com\/wp-content\/uploads\/2024\/12\/241105-F-XW046-0494_1.jpg","type":"image\/jpeg"}],"author":"ADF","twitter_card":"summary_large_image","twitter_creator":"@ADFmagazine","twitter_site":"@ADFmagazine","twitter_misc":{"Escrito por":"ADF","Tempo estimado de leitura":"5 minutos"},"schema":{"@context":"https:\/\/schema.org","@graph":[{"@type":"Article","@id":"https:\/\/adf-magazine.com\/pt-pt\/2024\/11\/alianca-de-resposta-a-surtos-de-parceria-africana-assinala-10-anos-de-cooperacao\/#article","isPartOf":{"@id":"https:\/\/adf-magazine.com\/pt-pt\/2024\/11\/alianca-de-resposta-a-surtos-de-parceria-africana-assinala-10-anos-de-cooperacao\/"},"author":{"name":"ADF","@id":"https:\/\/adf-magazine.com\/#\/schema\/person\/f266a6061389568b5a11465bb38bc025"},"headline":"Alian\u00e7a de Resposta a Surtos de Parceria Africana Assinala 10 Anos de Coopera\u00e7\u00e3o","datePublished":"2024-11-19T17:08:12+00:00","dateModified":"2024-12-04T17:09:17+00:00","mainEntityOfPage":{"@id":"https:\/\/adf-magazine.com\/pt-pt\/2024\/11\/alianca-de-resposta-a-surtos-de-parceria-africana-assinala-10-anos-de-cooperacao\/"},"wordCount":1053,"image":{"@id":"https:\/\/adf-magazine.com\/pt-pt\/2024\/11\/alianca-de-resposta-a-surtos-de-parceria-africana-assinala-10-anos-de-cooperacao\/#primaryimage"},"thumbnailUrl":"https:\/\/adf-magazine.com\/wp-content\/uploads\/2024\/12\/241105-F-XW046-0494_1.jpg","keywords":["Cameroun"],"articleSection":["Not\u00edcias diaries"],"inLanguage":"pt-PT"},{"@type":"WebPage","@id":"https:\/\/adf-magazine.com\/pt-pt\/2024\/11\/alianca-de-resposta-a-surtos-de-parceria-africana-assinala-10-anos-de-cooperacao\/","url":"https:\/\/adf-magazine.com\/pt-pt\/2024\/11\/alianca-de-resposta-a-surtos-de-parceria-africana-assinala-10-anos-de-cooperacao\/","name":"Alian\u00e7a de Resposta a Surtos de Parceria Africana Assinala 10 Anos de Coopera\u00e7\u00e3o - Africa Defense Forum","isPartOf":{"@id":"https:\/\/adf-magazine.com\/#website"},"primaryImageOfPage":{"@id":"https:\/\/adf-magazine.com\/pt-pt\/2024\/11\/alianca-de-resposta-a-surtos-de-parceria-africana-assinala-10-anos-de-cooperacao\/#primaryimage"},"image":{"@id":"https:\/\/adf-magazine.com\/pt-pt\/2024\/11\/alianca-de-resposta-a-surtos-de-parceria-africana-assinala-10-anos-de-cooperacao\/#primaryimage"},"thumbnailUrl":"https:\/\/adf-magazine.com\/wp-content\/uploads\/2024\/12\/241105-F-XW046-0494_1.jpg","datePublished":"2024-11-19T17:08:12+00:00","dateModified":"2024-12-04T17:09:17+00:00","author":{"@id":"https:\/\/adf-magazine.com\/#\/schema\/person\/f266a6061389568b5a11465bb38bc025"},"breadcrumb":{"@id":"https:\/\/adf-magazine.com\/pt-pt\/2024\/11\/alianca-de-resposta-a-surtos-de-parceria-africana-assinala-10-anos-de-cooperacao\/#breadcrumb"},"inLanguage":"pt-PT","potentialAction":[{"@type":"ReadAction","target":["https:\/\/adf-magazine.com\/pt-pt\/2024\/11\/alianca-de-resposta-a-surtos-de-parceria-africana-assinala-10-anos-de-cooperacao\/"]}]},{"@type":"ImageObject","inLanguage":"pt-PT","@id":"https:\/\/adf-magazine.com\/pt-pt\/2024\/11\/alianca-de-resposta-a-surtos-de-parceria-africana-assinala-10-anos-de-cooperacao\/#primaryimage","url":"https:\/\/adf-magazine.com\/wp-content\/uploads\/2024\/12\/241105-F-XW046-0494_1.jpg","contentUrl":"https:\/\/adf-magazine.com\/wp-content\/uploads\/2024\/12\/241105-F-XW046-0494_1.jpg","width":1080,"height":719,"caption":"A partir da esquerda, o Coronel Thomas Stamp, da For\u00e7a A\u00e9rea dos EUA, o Coronel Michael Cohen, do Ex\u00e9rcito dos EUA, e o Coronel Etienne L\u00e9once Ahouanvoeke, do Ex\u00e9rcito do Benin, assistem a um exerc\u00edcio de treino simulado que demonstra uma resposta integrada entre grupos civis e militares em Cotonou, Benin, no dia 5 de Novembro de 2024. SEGUNDO-SARGENTO ALEXANDRIA LEE\/FOR\u00c7A A\u00c9REA DOS EUA"},{"@type":"BreadcrumbList","@id":"https:\/\/adf-magazine.com\/pt-pt\/2024\/11\/alianca-de-resposta-a-surtos-de-parceria-africana-assinala-10-anos-de-cooperacao\/#breadcrumb","itemListElement":[{"@type":"ListItem","position":1,"name":"Home","item":"https:\/\/adf-magazine.com\/"},{"@type":"ListItem","position":2,"name":"Alian\u00e7a de Resposta a Surtos de Parceria Africana Assinala 10 Anos de Coopera\u00e7\u00e3o"}]},{"@type":"WebSite","@id":"https:\/\/adf-magazine.com\/#website","url":"https:\/\/adf-magazine.com\/","name":"Africa Defense Forum","description":"Africa Defense Forum","potentialAction":[{"@type":"SearchAction","target":{"@type":"EntryPoint","urlTemplate":"https:\/\/adf-magazine.com\/?s={search_term_string}"},"query-input":{"@type":"PropertyValueSpecification","valueRequired":true,"valueName":"search_term_string"}}],"inLanguage":"pt-PT"},{"@type":"Person","@id":"https:\/\/adf-magazine.com\/#\/schema\/person\/f266a6061389568b5a11465bb38bc025","name":"ADF","image":{"@type":"ImageObject","inLanguage":"pt-PT","@id":"https:\/\/adf-magazine.com\/wp-content\/uploads\/2020\/05\/cropped-ADF_icon.jpg","url":"https:\/\/adf-magazine.com\/wp-content\/uploads\/2020\/05\/cropped-ADF_icon.jpg","contentUrl":"https:\/\/adf-magazine.com\/wp-content\/uploads\/2020\/05\/cropped-ADF_icon.jpg","caption":"ADF"},"description":"ADF is a professional military magazine published quarterly by U.S. Africa Command to provide an international forum for African security professionals. ADF covers topics such as counter terrorism strategies, security and defense operations, transnational crime, and all other issues affecting peace, stability, and good governance on the African continent.","sameAs":["https:\/\/x.com\/ADFmagazine"],"url":"https:\/\/adf-magazine.com\/pt-pt\/author\/adf\/"}]}},"_links":{"self":[{"href":"https:\/\/adf-magazine.com\/pt-pt\/wp-json\/wp\/v2\/posts\/120389","targetHints":{"allow":["GET"]}}],"collection":[{"href":"https:\/\/adf-magazine.com\/pt-pt\/wp-json\/wp\/v2\/posts"}],"about":[{"href":"https:\/\/adf-magazine.com\/pt-pt\/wp-json\/wp\/v2\/types\/post"}],"author":[{"embeddable":true,"href":"https:\/\/adf-magazine.com\/pt-pt\/wp-json\/wp\/v2\/users\/1"}],"replies":[{"embeddable":true,"href":"https:\/\/adf-magazine.com\/pt-pt\/wp-json\/wp\/v2\/comments?post=120389"}],"version-history":[{"count":0,"href":"https:\/\/adf-magazine.com\/pt-pt\/wp-json\/wp\/v2\/posts\/120389\/revisions"}],"wp:featuredmedia":[{"embeddable":true,"href":"https:\/\/adf-magazine.com\/pt-pt\/wp-json\/wp\/v2\/media\/120377"}],"wp:attachment":[{"href":"https:\/\/adf-magazine.com\/pt-pt\/wp-json\/wp\/v2\/media?parent=120389"}],"wp:term":[{"taxonomy":"category","embeddable":true,"href":"https:\/\/adf-magazine.com\/pt-pt\/wp-json\/wp\/v2\/categories?post=120389"},{"taxonomy":"post_tag","embeddable":true,"href":"https:\/\/adf-magazine.com\/pt-pt\/wp-json\/wp\/v2\/tags?post=120389"}],"curies":[{"name":"wp","href":"https:\/\/api.w.org\/{rel}","templated":true}]}}