{"id":120046,"date":"2024-11-05T14:30:49","date_gmt":"2024-11-05T19:30:49","guid":{"rendered":"https:\/\/adf-magazine.com\/?p=120046"},"modified":"2024-11-15T14:31:31","modified_gmt":"2024-11-15T19:31:31","slug":"mudanca-nas-tacticas-do-boko-haram-exige-uma-adaptacao-das-forcas-de-seguranca","status":"publish","type":"post","link":"https:\/\/adf-magazine.com\/pt-pt\/2024\/11\/mudanca-nas-tacticas-do-boko-haram-exige-uma-adaptacao-das-forcas-de-seguranca\/","title":{"rendered":"Mudan\u00e7a nas T\u00e1cticas do Boko Haram Exige uma Adapta\u00e7\u00e3o das For\u00e7as de Seguran\u00e7a"},"content":{"rendered":"<p>EQUIPA DA ADF<\/p>\n<p>Meses de perdas no campo de batalha e centenas de deser\u00e7\u00f5es parecem ter enfraquecido o Boko Haram, mas n\u00e3o impediram os extremistas de continuar a aterrorizar a Bacia do Lago Chade.<\/p>\n<p>Os especialistas dizem que, como o grupo demonstrou uma capacidade alarmante de se reorganizar e adaptar as suas t\u00e1cticas, as for\u00e7as de seguran\u00e7a devem ser igualmente flex\u00edveis e resistentes.<\/p>\n<p>Abrangendo partes dos Camar\u00f5es, do Chade, do N\u00edger e da Nig\u00e9ria, a Bacia do Lago Chade tem-se revelado um teatro problem\u00e1tico com os seus muitos p\u00e2ntanos e ilhas.<\/p>\n<p>Os quatro pa\u00edses contribuem com tropas para a For\u00e7a-Tarefa Conjunta Multinacional (MNJTF) que concluiu recentemente a Opera\u00e7\u00e3o Lake Sanity 2, que desmantelou v\u00e1rios esconderijos terroristas.<\/p>\n<p>\u201cA [opera\u00e7\u00e3o] resultou na neutraliza\u00e7\u00e3o de numerosos combatentes terroristas do Boko Haram, no resgate bem-sucedido de v\u00e1rios ref\u00e9ns e na captura de armas e muni\u00e7\u00f5es,\u201d afirmou a MNJTF num comunicado de 26 de Outubro de 2024.<\/p>\n<p>Remadji Hoinathy e C\u00e9lestin Delanga, investigadores do Instituto de Estudos de Seguran\u00e7a, sediado na \u00c1frica do Sul, afirmaram que as for\u00e7as de seguran\u00e7a t\u00eam de antecipar a pr\u00f3xima viragem do grupo terrorista.<\/p>\n<p>\u201cA Opera\u00e7\u00e3o Lake Sanity teve algum sucesso contra o Boko Haram na Bacia do Lago Chade, mas os insurgentes v\u00e3o adaptar-se rapidamente \u00e0s novas t\u00e1cticas militares,\u201d escreveram num artigo de 16 de Setembro de 2024. \u201cPara manter os ganhos obtidos, a For\u00e7a-Tarefa Conjunta Multinacional, que lidera a opera\u00e7\u00e3o, deve manter-se \u00e0 frente desta din\u00e2mica.\u201d<\/p>\n<p>Ap\u00f3s as opera\u00e7\u00f5es da MNJTF, os militantes fugiram para as zonas perif\u00e9ricas, onde atacaram civis e utilizaram cada vez mais bombistas suicidas e dispositivos explosivos improvisados (DEI).<\/p>\n<p>\u201cA utiliza\u00e7\u00e3o de DEI transportados por ve\u00edculos e enterrados no solo representa um grave risco para as for\u00e7as de seguran\u00e7a e exige opera\u00e7\u00f5es de desminagem e tecnologias como ve\u00edculos resistentes a minas e protegidos contra emboscadas,\u201d escreveram os investigadores.<\/p>\n<p>\u201cO recurso do Boko Haram a engenhos explosivos e a ataques suicidas propaga o medo e perturba tanto a coes\u00e3o da comunidade como os esfor\u00e7os militares. Estas t\u00e1cticas devem ser combatidas frontalmente para evitar o ressurgimento e o regresso das fac\u00e7\u00f5es terroristas.\u201d<\/p>\n<p>No seu comunicado de imprensa de 26 de Outubro de 2024, a MNJTF afirmou que \u201cest\u00e1 activamente empenhada em estabilizar a \u00e1rea, garantindo protec\u00e7\u00e3o genu\u00edna aos civis e criando condi\u00e7\u00f5es conducentes a uma paz e desenvolvimento sustent\u00e1veis.\u201d<\/p>\n<p>No dia seguinte, por\u00e9m, o Boko Haram mostrou que ainda consegue reunir for\u00e7as para ataques em grande escala.<\/p>\n<p>No dia 27 de Outubro, cerca de 300 combatentes do Boko Haram invadiram uma base militar chadiana numa ilha chamada Barkaram, a 5 quil\u00f3metros da fronteira com a Nig\u00e9ria. Os militantes mataram pelo menos 40 soldados e o seu comandante, apoderaram-se de armas e queimaram ve\u00edculos equipados com armas pesadas.<\/p>\n<p>O Presidente do Chade, Mahamat Idriss D\u00e9by, avaliou sombriamente os danos no dia seguinte ao ataque e prometeu retalia\u00e7\u00e3o.<\/p>\n<p>\u201cDecidi lan\u00e7ar a Opera\u00e7\u00e3o Haskanite para vingar os nossos [soldados],\u201d disse num v\u00eddeo do governo. \u201cGostaria de assegurar ao povo chadiano que iremos perseguir estes lun\u00e1ticos. Vamos segui-los at\u00e9 \u00e0 sua \u00faltima base.\u201d<\/p>\n<p>Encontrada na regi\u00e3o do Lago Chade e nos desertos circundantes, Haskanite \u00e9 uma planta local conhecida pela sua for\u00e7a e resist\u00eancia.<\/p>\n<p>Com a imin\u00eancia de outra grande opera\u00e7\u00e3o militar na regi\u00e3o do Lago Chade, Hoinathy e Delanga afirmam que os vizinhos do Chade e a MNJTF devem concentrar-se na forma como os militantes do Boko Haram adaptam as suas t\u00e1cticas e se dividem em grupos mais pequenos.<\/p>\n<p>Embora reconhe\u00e7am que os grandes esfor\u00e7os militares coordenados podem atingir muitos objectivos, os investigadores apelaram tamb\u00e9m as for\u00e7as de seguran\u00e7a para melhorarem a sua capacidade de vigil\u00e2ncia das zonas perif\u00e9ricas.<\/p>\n<p>\u201cIsso deve incluir opera\u00e7\u00f5es regulares de for\u00e7as combinadas dos pa\u00edses da Bacia do Lago Chade para impedir que o Boko Haram reposicione os seus combatentes nestas \u00e1reas. Esta estrat\u00e9gia permitiria preservar a estabilidade alcan\u00e7ada em certas localidades e evitar a press\u00e3o de novas vagas de pessoas deslocadas \u00e0 for\u00e7a,\u201d escrevem os investigadores.<\/p>\n<p>O aumento da presen\u00e7a da pol\u00edcia e do governo nas \u00e1reas em redor do Lago Chade tamb\u00e9m ajudaria a combater as amea\u00e7as \u00e0 seguran\u00e7a e a criar confian\u00e7a nas comunidades. S\u00e3o igualmente necess\u00e1rias abordagens n\u00e3o cin\u00e9ticas, incluindo a assist\u00eancia humanit\u00e1ria e econ\u00f3mica \u00e0s pessoas afectadas pela viol\u00eancia.<\/p>\n<p>\u201cO envolvimento com as comunidades locais nestas \u00e1reas permitir\u00e1 a recolha de informa\u00e7\u00f5es e a cria\u00e7\u00e3o de uma frente unida contra os insurgentes,\u201d escreveram. \u201cOs esfor\u00e7os de desenvolvimento comunit\u00e1rio existentes como parte da estrat\u00e9gia de estabiliza\u00e7\u00e3o regional da Comiss\u00e3o da Bacia do Lago Chade devem ser intensificados, incluindo ac\u00e7\u00f5es civis-militares da MNJTF.\u201d<\/p>\n","protected":false},"excerpt":{"rendered":"<p>EQUIPA DA ADF Meses de perdas no campo de batalha e centenas de deser\u00e7\u00f5es parecem ter enfraquecido o Boko Haram, mas n\u00e3o impediram os extremistas de continuar a aterrorizar a Bacia do Lago Chade. Os especialistas dizem que, como o grupo demonstrou uma capacidade alarmante de se reorganizar e adaptar as suas t\u00e1cticas, as for\u00e7as<\/p>\n","protected":false},"author":1,"featured_media":120039,"comment_status":"open","ping_status":"closed","sticky":false,"template":"","format":"standard","meta":{"_acf_changed":false,"_monsterinsights_skip_tracking":false,"_monsterinsights_sitenote_active":false,"_monsterinsights_sitenote_note":"","_monsterinsights_sitenote_category":0,"_uf_show_specific_survey":0,"_uf_disable_surveys":false,"footnotes":""},"categories":[363],"tags":[1208,446,500,499,1020,874,1298,502],"class_list":{"0":"post-120046","1":"post","2":"type-post","3":"status-publish","4":"format-standard","5":"has-post-thumbnail","7":"category-melhores-historias","8":"tag-boko-haram-pt-pt","9":"tag-camaroes","10":"tag-chade","11":"tag-extremismo","12":"tag-insurgencia","13":"tag-lago-chade","14":"tag-mnjtf-pt-pt","15":"tag-niger-pt-pt"},"acf":[],"yoast_head":"<!-- This site is optimized with the Yoast SEO plugin v27.4 - https:\/\/yoast.com\/product\/yoast-seo-wordpress\/ -->\n<title>Mudan\u00e7a nas T\u00e1cticas do Boko Haram Exige uma Adapta\u00e7\u00e3o das For\u00e7as de Seguran\u00e7a - Africa Defense Forum<\/title>\n<meta name=\"robots\" content=\"index, follow, max-snippet:-1, max-image-preview:large, max-video-preview:-1\" \/>\n<link rel=\"canonical\" href=\"https:\/\/adf-magazine.com\/pt-pt\/2024\/11\/mudanca-nas-tacticas-do-boko-haram-exige-uma-adaptacao-das-forcas-de-seguranca\/\" \/>\n<meta property=\"og:locale\" content=\"pt_PT\" \/>\n<meta property=\"og:type\" content=\"article\" \/>\n<meta property=\"og:title\" content=\"Mudan\u00e7a nas T\u00e1cticas do Boko Haram Exige uma Adapta\u00e7\u00e3o das For\u00e7as de Seguran\u00e7a - Africa Defense Forum\" \/>\n<meta property=\"og:description\" content=\"EQUIPA DA ADF Meses de perdas no campo de batalha e centenas de deser\u00e7\u00f5es parecem ter enfraquecido o Boko Haram, mas n\u00e3o impediram os extremistas de continuar a aterrorizar a Bacia do Lago Chade. Os especialistas dizem que, como o grupo demonstrou uma capacidade alarmante de se reorganizar e adaptar as suas t\u00e1cticas, as for\u00e7as\" \/>\n<meta property=\"og:url\" content=\"https:\/\/adf-magazine.com\/pt-pt\/2024\/11\/mudanca-nas-tacticas-do-boko-haram-exige-uma-adaptacao-das-forcas-de-seguranca\/\" \/>\n<meta property=\"og:site_name\" content=\"Africa Defense Forum\" \/>\n<meta property=\"article:publisher\" content=\"https:\/\/www.facebook.com\/ADFmagazine\/\" \/>\n<meta property=\"article:published_time\" content=\"2024-11-05T19:30:49+00:00\" \/>\n<meta property=\"article:modified_time\" content=\"2024-11-15T19:31:31+00:00\" \/>\n<meta property=\"og:image\" content=\"https:\/\/adf-magazine.com\/wp-content\/uploads\/2024\/11\/ADAPTIVETACTICS1.jpg\" \/>\n\t<meta property=\"og:image:width\" content=\"1600\" \/>\n\t<meta property=\"og:image:height\" content=\"983\" \/>\n\t<meta property=\"og:image:type\" content=\"image\/jpeg\" \/>\n<meta name=\"author\" content=\"ADF\" \/>\n<meta name=\"twitter:card\" content=\"summary_large_image\" \/>\n<meta name=\"twitter:creator\" content=\"@ADFmagazine\" \/>\n<meta name=\"twitter:site\" content=\"@ADFmagazine\" \/>\n<meta name=\"twitter:label1\" content=\"Escrito por\" \/>\n\t<meta name=\"twitter:data1\" content=\"ADF\" \/>\n\t<meta name=\"twitter:label2\" content=\"Tempo estimado de leitura\" \/>\n\t<meta name=\"twitter:data2\" content=\"4 minutos\" \/>\n<script type=\"application\/ld+json\" class=\"yoast-schema-graph\">{\"@context\":\"https:\\\/\\\/schema.org\",\"@graph\":[{\"@type\":\"Article\",\"@id\":\"https:\\\/\\\/adf-magazine.com\\\/pt-pt\\\/2024\\\/11\\\/mudanca-nas-tacticas-do-boko-haram-exige-uma-adaptacao-das-forcas-de-seguranca\\\/#article\",\"isPartOf\":{\"@id\":\"https:\\\/\\\/adf-magazine.com\\\/pt-pt\\\/2024\\\/11\\\/mudanca-nas-tacticas-do-boko-haram-exige-uma-adaptacao-das-forcas-de-seguranca\\\/\"},\"author\":{\"name\":\"ADF\",\"@id\":\"https:\\\/\\\/adf-magazine.com\\\/#\\\/schema\\\/person\\\/f266a6061389568b5a11465bb38bc025\"},\"headline\":\"Mudan\u00e7a nas T\u00e1cticas do Boko Haram Exige uma Adapta\u00e7\u00e3o das For\u00e7as de Seguran\u00e7a\",\"datePublished\":\"2024-11-05T19:30:49+00:00\",\"dateModified\":\"2024-11-15T19:31:31+00:00\",\"mainEntityOfPage\":{\"@id\":\"https:\\\/\\\/adf-magazine.com\\\/pt-pt\\\/2024\\\/11\\\/mudanca-nas-tacticas-do-boko-haram-exige-uma-adaptacao-das-forcas-de-seguranca\\\/\"},\"wordCount\":856,\"commentCount\":0,\"image\":{\"@id\":\"https:\\\/\\\/adf-magazine.com\\\/pt-pt\\\/2024\\\/11\\\/mudanca-nas-tacticas-do-boko-haram-exige-uma-adaptacao-das-forcas-de-seguranca\\\/#primaryimage\"},\"thumbnailUrl\":\"https:\\\/\\\/adf-magazine.com\\\/wp-content\\\/uploads\\\/2024\\\/11\\\/ADAPTIVETACTICS1.jpg\",\"keywords\":[\"Boko Haram\",\"Camar\u00f5es\",\"Chade\",\"extremismo\",\"insurg\u00eancia\",\"Lago Chade\",\"MNJTF\",\"Niger\"],\"articleSection\":[\"Not\u00edcias diaries\"],\"inLanguage\":\"pt-PT\",\"potentialAction\":[{\"@type\":\"CommentAction\",\"name\":\"Comment\",\"target\":[\"https:\\\/\\\/adf-magazine.com\\\/pt-pt\\\/2024\\\/11\\\/mudanca-nas-tacticas-do-boko-haram-exige-uma-adaptacao-das-forcas-de-seguranca\\\/#respond\"]}]},{\"@type\":\"WebPage\",\"@id\":\"https:\\\/\\\/adf-magazine.com\\\/pt-pt\\\/2024\\\/11\\\/mudanca-nas-tacticas-do-boko-haram-exige-uma-adaptacao-das-forcas-de-seguranca\\\/\",\"url\":\"https:\\\/\\\/adf-magazine.com\\\/pt-pt\\\/2024\\\/11\\\/mudanca-nas-tacticas-do-boko-haram-exige-uma-adaptacao-das-forcas-de-seguranca\\\/\",\"name\":\"Mudan\u00e7a nas T\u00e1cticas do Boko Haram Exige uma Adapta\u00e7\u00e3o das For\u00e7as de Seguran\u00e7a - Africa Defense Forum\",\"isPartOf\":{\"@id\":\"https:\\\/\\\/adf-magazine.com\\\/#website\"},\"primaryImageOfPage\":{\"@id\":\"https:\\\/\\\/adf-magazine.com\\\/pt-pt\\\/2024\\\/11\\\/mudanca-nas-tacticas-do-boko-haram-exige-uma-adaptacao-das-forcas-de-seguranca\\\/#primaryimage\"},\"image\":{\"@id\":\"https:\\\/\\\/adf-magazine.com\\\/pt-pt\\\/2024\\\/11\\\/mudanca-nas-tacticas-do-boko-haram-exige-uma-adaptacao-das-forcas-de-seguranca\\\/#primaryimage\"},\"thumbnailUrl\":\"https:\\\/\\\/adf-magazine.com\\\/wp-content\\\/uploads\\\/2024\\\/11\\\/ADAPTIVETACTICS1.jpg\",\"datePublished\":\"2024-11-05T19:30:49+00:00\",\"dateModified\":\"2024-11-15T19:31:31+00:00\",\"author\":{\"@id\":\"https:\\\/\\\/adf-magazine.com\\\/#\\\/schema\\\/person\\\/f266a6061389568b5a11465bb38bc025\"},\"breadcrumb\":{\"@id\":\"https:\\\/\\\/adf-magazine.com\\\/pt-pt\\\/2024\\\/11\\\/mudanca-nas-tacticas-do-boko-haram-exige-uma-adaptacao-das-forcas-de-seguranca\\\/#breadcrumb\"},\"inLanguage\":\"pt-PT\",\"potentialAction\":[{\"@type\":\"ReadAction\",\"target\":[\"https:\\\/\\\/adf-magazine.com\\\/pt-pt\\\/2024\\\/11\\\/mudanca-nas-tacticas-do-boko-haram-exige-uma-adaptacao-das-forcas-de-seguranca\\\/\"]}]},{\"@type\":\"ImageObject\",\"inLanguage\":\"pt-PT\",\"@id\":\"https:\\\/\\\/adf-magazine.com\\\/pt-pt\\\/2024\\\/11\\\/mudanca-nas-tacticas-do-boko-haram-exige-uma-adaptacao-das-forcas-de-seguranca\\\/#primaryimage\",\"url\":\"https:\\\/\\\/adf-magazine.com\\\/wp-content\\\/uploads\\\/2024\\\/11\\\/ADAPTIVETACTICS1.jpg\",\"contentUrl\":\"https:\\\/\\\/adf-magazine.com\\\/wp-content\\\/uploads\\\/2024\\\/11\\\/ADAPTIVETACTICS1.jpg\",\"width\":1600,\"height\":983,\"caption\":\"O Presidente do Chade, Mahamat Idriss D\u00e9by, ao centro, examina os danos em Barkaram a 28 de Outubro de 2024, um dia depois de os militantes do Boko Haram terem atacado a base militar da ilha. PRESID\u00caNCIA CHADIANA\"},{\"@type\":\"BreadcrumbList\",\"@id\":\"https:\\\/\\\/adf-magazine.com\\\/pt-pt\\\/2024\\\/11\\\/mudanca-nas-tacticas-do-boko-haram-exige-uma-adaptacao-das-forcas-de-seguranca\\\/#breadcrumb\",\"itemListElement\":[{\"@type\":\"ListItem\",\"position\":1,\"name\":\"Home\",\"item\":\"https:\\\/\\\/adf-magazine.com\\\/\"},{\"@type\":\"ListItem\",\"position\":2,\"name\":\"Mudan\u00e7a nas T\u00e1cticas do Boko Haram Exige uma Adapta\u00e7\u00e3o das For\u00e7as de Seguran\u00e7a\"}]},{\"@type\":\"WebSite\",\"@id\":\"https:\\\/\\\/adf-magazine.com\\\/#website\",\"url\":\"https:\\\/\\\/adf-magazine.com\\\/\",\"name\":\"Africa Defense Forum\",\"description\":\"Africa Defense Forum\",\"potentialAction\":[{\"@type\":\"SearchAction\",\"target\":{\"@type\":\"EntryPoint\",\"urlTemplate\":\"https:\\\/\\\/adf-magazine.com\\\/?s={search_term_string}\"},\"query-input\":{\"@type\":\"PropertyValueSpecification\",\"valueRequired\":true,\"valueName\":\"search_term_string\"}}],\"inLanguage\":\"pt-PT\"},{\"@type\":\"Person\",\"@id\":\"https:\\\/\\\/adf-magazine.com\\\/#\\\/schema\\\/person\\\/f266a6061389568b5a11465bb38bc025\",\"name\":\"ADF\",\"image\":{\"@type\":\"ImageObject\",\"inLanguage\":\"pt-PT\",\"@id\":\"https:\\\/\\\/adf-magazine.com\\\/wp-content\\\/uploads\\\/2020\\\/05\\\/cropped-ADF_icon.jpg\",\"url\":\"https:\\\/\\\/adf-magazine.com\\\/wp-content\\\/uploads\\\/2020\\\/05\\\/cropped-ADF_icon.jpg\",\"contentUrl\":\"https:\\\/\\\/adf-magazine.com\\\/wp-content\\\/uploads\\\/2020\\\/05\\\/cropped-ADF_icon.jpg\",\"caption\":\"ADF\"},\"description\":\"ADF is a professional military magazine published quarterly by U.S. Africa Command to provide an international forum for African security professionals. ADF covers topics such as counter terrorism strategies, security and defense operations, transnational crime, and all other issues affecting peace, stability, and good governance on the African continent.\",\"sameAs\":[\"https:\\\/\\\/x.com\\\/ADFmagazine\"],\"url\":\"https:\\\/\\\/adf-magazine.com\\\/pt-pt\\\/author\\\/adf\\\/\"}]}<\/script>\n<!-- \/ Yoast SEO plugin. -->","yoast_head_json":{"title":"Mudan\u00e7a nas T\u00e1cticas do Boko Haram Exige uma Adapta\u00e7\u00e3o das For\u00e7as de Seguran\u00e7a - Africa Defense Forum","robots":{"index":"index","follow":"follow","max-snippet":"max-snippet:-1","max-image-preview":"max-image-preview:large","max-video-preview":"max-video-preview:-1"},"canonical":"https:\/\/adf-magazine.com\/pt-pt\/2024\/11\/mudanca-nas-tacticas-do-boko-haram-exige-uma-adaptacao-das-forcas-de-seguranca\/","og_locale":"pt_PT","og_type":"article","og_title":"Mudan\u00e7a nas T\u00e1cticas do Boko Haram Exige uma Adapta\u00e7\u00e3o das For\u00e7as de Seguran\u00e7a - Africa Defense Forum","og_description":"EQUIPA DA ADF Meses de perdas no campo de batalha e centenas de deser\u00e7\u00f5es parecem ter enfraquecido o Boko Haram, mas n\u00e3o impediram os extremistas de continuar a aterrorizar a Bacia do Lago Chade. Os especialistas dizem que, como o grupo demonstrou uma capacidade alarmante de se reorganizar e adaptar as suas t\u00e1cticas, as for\u00e7as","og_url":"https:\/\/adf-magazine.com\/pt-pt\/2024\/11\/mudanca-nas-tacticas-do-boko-haram-exige-uma-adaptacao-das-forcas-de-seguranca\/","og_site_name":"Africa Defense Forum","article_publisher":"https:\/\/www.facebook.com\/ADFmagazine\/","article_published_time":"2024-11-05T19:30:49+00:00","article_modified_time":"2024-11-15T19:31:31+00:00","og_image":[{"width":1600,"height":983,"url":"https:\/\/adf-magazine.com\/wp-content\/uploads\/2024\/11\/ADAPTIVETACTICS1.jpg","type":"image\/jpeg"}],"author":"ADF","twitter_card":"summary_large_image","twitter_creator":"@ADFmagazine","twitter_site":"@ADFmagazine","twitter_misc":{"Escrito por":"ADF","Tempo estimado de leitura":"4 minutos"},"schema":{"@context":"https:\/\/schema.org","@graph":[{"@type":"Article","@id":"https:\/\/adf-magazine.com\/pt-pt\/2024\/11\/mudanca-nas-tacticas-do-boko-haram-exige-uma-adaptacao-das-forcas-de-seguranca\/#article","isPartOf":{"@id":"https:\/\/adf-magazine.com\/pt-pt\/2024\/11\/mudanca-nas-tacticas-do-boko-haram-exige-uma-adaptacao-das-forcas-de-seguranca\/"},"author":{"name":"ADF","@id":"https:\/\/adf-magazine.com\/#\/schema\/person\/f266a6061389568b5a11465bb38bc025"},"headline":"Mudan\u00e7a nas T\u00e1cticas do Boko Haram Exige uma Adapta\u00e7\u00e3o das For\u00e7as de Seguran\u00e7a","datePublished":"2024-11-05T19:30:49+00:00","dateModified":"2024-11-15T19:31:31+00:00","mainEntityOfPage":{"@id":"https:\/\/adf-magazine.com\/pt-pt\/2024\/11\/mudanca-nas-tacticas-do-boko-haram-exige-uma-adaptacao-das-forcas-de-seguranca\/"},"wordCount":856,"commentCount":0,"image":{"@id":"https:\/\/adf-magazine.com\/pt-pt\/2024\/11\/mudanca-nas-tacticas-do-boko-haram-exige-uma-adaptacao-das-forcas-de-seguranca\/#primaryimage"},"thumbnailUrl":"https:\/\/adf-magazine.com\/wp-content\/uploads\/2024\/11\/ADAPTIVETACTICS1.jpg","keywords":["Boko Haram","Camar\u00f5es","Chade","extremismo","insurg\u00eancia","Lago Chade","MNJTF","Niger"],"articleSection":["Not\u00edcias diaries"],"inLanguage":"pt-PT","potentialAction":[{"@type":"CommentAction","name":"Comment","target":["https:\/\/adf-magazine.com\/pt-pt\/2024\/11\/mudanca-nas-tacticas-do-boko-haram-exige-uma-adaptacao-das-forcas-de-seguranca\/#respond"]}]},{"@type":"WebPage","@id":"https:\/\/adf-magazine.com\/pt-pt\/2024\/11\/mudanca-nas-tacticas-do-boko-haram-exige-uma-adaptacao-das-forcas-de-seguranca\/","url":"https:\/\/adf-magazine.com\/pt-pt\/2024\/11\/mudanca-nas-tacticas-do-boko-haram-exige-uma-adaptacao-das-forcas-de-seguranca\/","name":"Mudan\u00e7a nas T\u00e1cticas do Boko Haram Exige uma Adapta\u00e7\u00e3o das For\u00e7as de Seguran\u00e7a - Africa Defense Forum","isPartOf":{"@id":"https:\/\/adf-magazine.com\/#website"},"primaryImageOfPage":{"@id":"https:\/\/adf-magazine.com\/pt-pt\/2024\/11\/mudanca-nas-tacticas-do-boko-haram-exige-uma-adaptacao-das-forcas-de-seguranca\/#primaryimage"},"image":{"@id":"https:\/\/adf-magazine.com\/pt-pt\/2024\/11\/mudanca-nas-tacticas-do-boko-haram-exige-uma-adaptacao-das-forcas-de-seguranca\/#primaryimage"},"thumbnailUrl":"https:\/\/adf-magazine.com\/wp-content\/uploads\/2024\/11\/ADAPTIVETACTICS1.jpg","datePublished":"2024-11-05T19:30:49+00:00","dateModified":"2024-11-15T19:31:31+00:00","author":{"@id":"https:\/\/adf-magazine.com\/#\/schema\/person\/f266a6061389568b5a11465bb38bc025"},"breadcrumb":{"@id":"https:\/\/adf-magazine.com\/pt-pt\/2024\/11\/mudanca-nas-tacticas-do-boko-haram-exige-uma-adaptacao-das-forcas-de-seguranca\/#breadcrumb"},"inLanguage":"pt-PT","potentialAction":[{"@type":"ReadAction","target":["https:\/\/adf-magazine.com\/pt-pt\/2024\/11\/mudanca-nas-tacticas-do-boko-haram-exige-uma-adaptacao-das-forcas-de-seguranca\/"]}]},{"@type":"ImageObject","inLanguage":"pt-PT","@id":"https:\/\/adf-magazine.com\/pt-pt\/2024\/11\/mudanca-nas-tacticas-do-boko-haram-exige-uma-adaptacao-das-forcas-de-seguranca\/#primaryimage","url":"https:\/\/adf-magazine.com\/wp-content\/uploads\/2024\/11\/ADAPTIVETACTICS1.jpg","contentUrl":"https:\/\/adf-magazine.com\/wp-content\/uploads\/2024\/11\/ADAPTIVETACTICS1.jpg","width":1600,"height":983,"caption":"O Presidente do Chade, Mahamat Idriss D\u00e9by, ao centro, examina os danos em Barkaram a 28 de Outubro de 2024, um dia depois de os militantes do Boko Haram terem atacado a base militar da ilha. PRESID\u00caNCIA CHADIANA"},{"@type":"BreadcrumbList","@id":"https:\/\/adf-magazine.com\/pt-pt\/2024\/11\/mudanca-nas-tacticas-do-boko-haram-exige-uma-adaptacao-das-forcas-de-seguranca\/#breadcrumb","itemListElement":[{"@type":"ListItem","position":1,"name":"Home","item":"https:\/\/adf-magazine.com\/"},{"@type":"ListItem","position":2,"name":"Mudan\u00e7a nas T\u00e1cticas do Boko Haram Exige uma Adapta\u00e7\u00e3o das For\u00e7as de Seguran\u00e7a"}]},{"@type":"WebSite","@id":"https:\/\/adf-magazine.com\/#website","url":"https:\/\/adf-magazine.com\/","name":"Africa Defense Forum","description":"Africa Defense Forum","potentialAction":[{"@type":"SearchAction","target":{"@type":"EntryPoint","urlTemplate":"https:\/\/adf-magazine.com\/?s={search_term_string}"},"query-input":{"@type":"PropertyValueSpecification","valueRequired":true,"valueName":"search_term_string"}}],"inLanguage":"pt-PT"},{"@type":"Person","@id":"https:\/\/adf-magazine.com\/#\/schema\/person\/f266a6061389568b5a11465bb38bc025","name":"ADF","image":{"@type":"ImageObject","inLanguage":"pt-PT","@id":"https:\/\/adf-magazine.com\/wp-content\/uploads\/2020\/05\/cropped-ADF_icon.jpg","url":"https:\/\/adf-magazine.com\/wp-content\/uploads\/2020\/05\/cropped-ADF_icon.jpg","contentUrl":"https:\/\/adf-magazine.com\/wp-content\/uploads\/2020\/05\/cropped-ADF_icon.jpg","caption":"ADF"},"description":"ADF is a professional military magazine published quarterly by U.S. Africa Command to provide an international forum for African security professionals. ADF covers topics such as counter terrorism strategies, security and defense operations, transnational crime, and all other issues affecting peace, stability, and good governance on the African continent.","sameAs":["https:\/\/x.com\/ADFmagazine"],"url":"https:\/\/adf-magazine.com\/pt-pt\/author\/adf\/"}]}},"_links":{"self":[{"href":"https:\/\/adf-magazine.com\/pt-pt\/wp-json\/wp\/v2\/posts\/120046","targetHints":{"allow":["GET"]}}],"collection":[{"href":"https:\/\/adf-magazine.com\/pt-pt\/wp-json\/wp\/v2\/posts"}],"about":[{"href":"https:\/\/adf-magazine.com\/pt-pt\/wp-json\/wp\/v2\/types\/post"}],"author":[{"embeddable":true,"href":"https:\/\/adf-magazine.com\/pt-pt\/wp-json\/wp\/v2\/users\/1"}],"replies":[{"embeddable":true,"href":"https:\/\/adf-magazine.com\/pt-pt\/wp-json\/wp\/v2\/comments?post=120046"}],"version-history":[{"count":0,"href":"https:\/\/adf-magazine.com\/pt-pt\/wp-json\/wp\/v2\/posts\/120046\/revisions"}],"wp:featuredmedia":[{"embeddable":true,"href":"https:\/\/adf-magazine.com\/pt-pt\/wp-json\/wp\/v2\/media\/120039"}],"wp:attachment":[{"href":"https:\/\/adf-magazine.com\/pt-pt\/wp-json\/wp\/v2\/media?parent=120046"}],"wp:term":[{"taxonomy":"category","embeddable":true,"href":"https:\/\/adf-magazine.com\/pt-pt\/wp-json\/wp\/v2\/categories?post=120046"},{"taxonomy":"post_tag","embeddable":true,"href":"https:\/\/adf-magazine.com\/pt-pt\/wp-json\/wp\/v2\/tags?post=120046"}],"curies":[{"name":"wp","href":"https:\/\/api.w.org\/{rel}","templated":true}]}}