{"id":119152,"date":"2024-10-17T13:11:59","date_gmt":"2024-10-17T17:11:59","guid":{"rendered":"https:\/\/adf-magazine.com\/?p=119152"},"modified":"2024-10-17T13:11:59","modified_gmt":"2024-10-17T17:11:59","slug":"senegal-toma-medidas-para-proteger-a-fronteira-leste-com-sentinelle-est","status":"publish","type":"post","link":"https:\/\/adf-magazine.com\/pt-pt\/2024\/10\/senegal-toma-medidas-para-proteger-a-fronteira-leste-com-sentinelle-est\/","title":{"rendered":"Senegal Toma Medidas para Proteger a Fronteira Leste com Sentinelle Est"},"content":{"rendered":"<p>EQUIPA DA ADF<\/p>\n<p>As For\u00e7as Armadas do Senegal (SAF) lan\u00e7aram em Fevereiro de 2024 uma opera\u00e7\u00e3o terrestre, fluvial e a\u00e9rea para restabelecer a seguran\u00e7a no extremo leste do pa\u00eds, que faz fronteira com o Mali. A opera\u00e7\u00e3o, conhecida como Sentinelle Est, desmantelou locais ilegais de extrac\u00e7\u00e3o de ouro ao longo do rio Faleme, interrompeu rotas de tr\u00e1fico e enfrentou quadrilhas violentas que amea\u00e7avam a regi\u00e3o.<\/p>\n<p>\u201cO objectivo \u00e9 refor\u00e7ar a seguran\u00e7a das popula\u00e7\u00f5es que vivem ao longo da fronteira,\u201d a direc\u00e7\u00e3o de informa\u00e7\u00e3o p\u00fablica militar do Senegal disse num comunicado. \u201cForam realizadas ac\u00e7\u00f5es em todas as aldeias fronteiri\u00e7as, em locais de interesse econ\u00f3mico e em espa\u00e7os desabitados.\u201d<\/p>\n<p>Em Abril de 2024, a opera\u00e7\u00e3o estava em curso. As SAF referiram a coopera\u00e7\u00e3o com os seus hom\u00f3logos malianos para travar um grupo armado \u201cparticularmente violento\u201d que actua na zona. O esfor\u00e7o incluiu patrulhas terrestres e fluviais, reconhecimento das rotas transfronteiri\u00e7as e ac\u00e7\u00f5es de sensibiliza\u00e7\u00e3o da popula\u00e7\u00e3o civil para as amea\u00e7as.<\/p>\n<p>Numa actualiza\u00e7\u00e3o de 9 de Abril, a direc\u00e7\u00e3o informou que as for\u00e7as armadas tinham uma \u201cboa presen\u00e7a no terreno\u201d e que estavam em curso esfor\u00e7os para \u201crefor\u00e7ar a seguran\u00e7a da popula\u00e7\u00e3o e proteger as infra-estruturas e a actividade econ\u00f3mica.\u201d<\/p>\n<p>Os analistas alertaram para a amea\u00e7a que representa para o Senegal a expans\u00e3o da presen\u00e7a terrorista no oeste do Mali, em particular dos combatentes alinhados com o grupo extremista Jama\u2019at Nusrat al-Islam wal-Muslimin. Este grupo opera perto da fronteira senegalesa em zonas como K\u00e9ni\u00e9ba, no Mali, um centro de extrac\u00e7\u00e3o ilegal de ouro.<\/p>\n<p>\u201cOs jihadistas ainda n\u00e3o t\u00eam capacidade para extrair o ouro, mas procuram antes tributar os mineiros locais,\u201d Mathias Khalfaoui escreveu para o Hudson Institute. \u201cPara al\u00e9m dos benef\u00edcios financeiros que os jihadistas obt\u00eam nestas regi\u00f5es, estas \u00e1reas de actividade criminosa s\u00e3o prop\u00edcias ao recrutamento de jihadistas.\u201d<\/p>\n<p>Em 2022, o Senegal inaugurou uma nova base militar em Goudiry, no leste do pa\u00eds. A base destina-se a melhorar a capacidade das for\u00e7as armadas para fazer face \u00e0s amea\u00e7as e ao tr\u00e1fico transfronteiri\u00e7os.<\/p>\n","protected":false},"excerpt":{"rendered":"<p>EQUIPA DA ADF As For\u00e7as Armadas do Senegal (SAF) lan\u00e7aram em Fevereiro de 2024 uma opera\u00e7\u00e3o terrestre, fluvial e a\u00e9rea para restabelecer a seguran\u00e7a no extremo leste do pa\u00eds, que faz fronteira com o Mali. A opera\u00e7\u00e3o, conhecida como Sentinelle Est, desmantelou locais ilegais de extrac\u00e7\u00e3o de ouro ao longo do rio Faleme, interrompeu rotas<\/p>\n","protected":false},"author":1,"featured_media":0,"comment_status":"open","ping_status":"closed","sticky":false,"template":"","format":"standard","meta":{"_acf_changed":false,"_monsterinsights_skip_tracking":false,"_monsterinsights_sitenote_active":false,"_monsterinsights_sitenote_note":"","_monsterinsights_sitenote_category":0,"_uf_show_specific_survey":0,"_uf_disable_surveys":false,"footnotes":""},"categories":[335,341],"tags":[944,1524,405,1715],"class_list":{"0":"post-119152","1":"post","2":"type-post","3":"status-publish","4":"format-standard","6":"category-colunas","7":"category-defesa-e-seguranca","8":"tag-mineracao","9":"tag-mineracao-pt-pt","10":"tag-senegal-pt-pt","11":"tag-senegal-pt-pt-2"},"acf":[],"yoast_head":"<!-- This site is optimized with the Yoast SEO plugin v27.4 - https:\/\/yoast.com\/product\/yoast-seo-wordpress\/ -->\n<title>Senegal Toma Medidas para Proteger a Fronteira Leste com Sentinelle Est - Africa Defense Forum<\/title>\n<meta name=\"robots\" content=\"index, follow, max-snippet:-1, max-image-preview:large, max-video-preview:-1\" \/>\n<link rel=\"canonical\" href=\"https:\/\/adf-magazine.com\/pt-pt\/2024\/10\/senegal-toma-medidas-para-proteger-a-fronteira-leste-com-sentinelle-est\/\" \/>\n<meta property=\"og:locale\" content=\"pt_PT\" \/>\n<meta property=\"og:type\" content=\"article\" \/>\n<meta property=\"og:title\" content=\"Senegal Toma Medidas para Proteger a Fronteira Leste com Sentinelle Est - Africa Defense Forum\" \/>\n<meta property=\"og:description\" content=\"EQUIPA DA ADF As For\u00e7as Armadas do Senegal (SAF) lan\u00e7aram em Fevereiro de 2024 uma opera\u00e7\u00e3o terrestre, fluvial e a\u00e9rea para restabelecer a seguran\u00e7a no extremo leste do pa\u00eds, que faz fronteira com o Mali. A opera\u00e7\u00e3o, conhecida como Sentinelle Est, desmantelou locais ilegais de extrac\u00e7\u00e3o de ouro ao longo do rio Faleme, interrompeu rotas\" \/>\n<meta property=\"og:url\" content=\"https:\/\/adf-magazine.com\/pt-pt\/2024\/10\/senegal-toma-medidas-para-proteger-a-fronteira-leste-com-sentinelle-est\/\" \/>\n<meta property=\"og:site_name\" content=\"Africa Defense Forum\" \/>\n<meta property=\"article:publisher\" content=\"https:\/\/www.facebook.com\/ADFmagazine\/\" \/>\n<meta property=\"article:published_time\" content=\"2024-10-17T17:11:59+00:00\" \/>\n<meta name=\"author\" content=\"ADF\" \/>\n<meta name=\"twitter:card\" content=\"summary_large_image\" \/>\n<meta name=\"twitter:creator\" content=\"@ADFmagazine\" \/>\n<meta name=\"twitter:site\" content=\"@ADFmagazine\" \/>\n<meta name=\"twitter:label1\" content=\"Escrito por\" \/>\n\t<meta name=\"twitter:data1\" content=\"ADF\" \/>\n\t<meta name=\"twitter:label2\" content=\"Tempo estimado de leitura\" \/>\n\t<meta name=\"twitter:data2\" content=\"2 minutos\" \/>\n<script type=\"application\/ld+json\" class=\"yoast-schema-graph\">{\"@context\":\"https:\\\/\\\/schema.org\",\"@graph\":[{\"@type\":\"Article\",\"@id\":\"https:\\\/\\\/adf-magazine.com\\\/pt-pt\\\/2024\\\/10\\\/senegal-toma-medidas-para-proteger-a-fronteira-leste-com-sentinelle-est\\\/#article\",\"isPartOf\":{\"@id\":\"https:\\\/\\\/adf-magazine.com\\\/pt-pt\\\/2024\\\/10\\\/senegal-toma-medidas-para-proteger-a-fronteira-leste-com-sentinelle-est\\\/\"},\"author\":{\"name\":\"ADF\",\"@id\":\"https:\\\/\\\/adf-magazine.com\\\/#\\\/schema\\\/person\\\/f266a6061389568b5a11465bb38bc025\"},\"headline\":\"Senegal Toma Medidas para Proteger a Fronteira Leste com Sentinelle Est\",\"datePublished\":\"2024-10-17T17:11:59+00:00\",\"mainEntityOfPage\":{\"@id\":\"https:\\\/\\\/adf-magazine.com\\\/pt-pt\\\/2024\\\/10\\\/senegal-toma-medidas-para-proteger-a-fronteira-leste-com-sentinelle-est\\\/\"},\"wordCount\":395,\"commentCount\":0,\"keywords\":[\"Minera\u00e7\u00e3o\",\"Minera\u00e7\u00e3o\",\"Senegal\",\"Senegal\"],\"articleSection\":[\"Colunas\",\"Defesa e Seguran\u00e7a\"],\"inLanguage\":\"pt-PT\",\"potentialAction\":[{\"@type\":\"CommentAction\",\"name\":\"Comment\",\"target\":[\"https:\\\/\\\/adf-magazine.com\\\/pt-pt\\\/2024\\\/10\\\/senegal-toma-medidas-para-proteger-a-fronteira-leste-com-sentinelle-est\\\/#respond\"]}]},{\"@type\":\"WebPage\",\"@id\":\"https:\\\/\\\/adf-magazine.com\\\/pt-pt\\\/2024\\\/10\\\/senegal-toma-medidas-para-proteger-a-fronteira-leste-com-sentinelle-est\\\/\",\"url\":\"https:\\\/\\\/adf-magazine.com\\\/pt-pt\\\/2024\\\/10\\\/senegal-toma-medidas-para-proteger-a-fronteira-leste-com-sentinelle-est\\\/\",\"name\":\"Senegal Toma Medidas para Proteger a Fronteira Leste com Sentinelle Est - Africa Defense Forum\",\"isPartOf\":{\"@id\":\"https:\\\/\\\/adf-magazine.com\\\/#website\"},\"datePublished\":\"2024-10-17T17:11:59+00:00\",\"author\":{\"@id\":\"https:\\\/\\\/adf-magazine.com\\\/#\\\/schema\\\/person\\\/f266a6061389568b5a11465bb38bc025\"},\"breadcrumb\":{\"@id\":\"https:\\\/\\\/adf-magazine.com\\\/pt-pt\\\/2024\\\/10\\\/senegal-toma-medidas-para-proteger-a-fronteira-leste-com-sentinelle-est\\\/#breadcrumb\"},\"inLanguage\":\"pt-PT\",\"potentialAction\":[{\"@type\":\"ReadAction\",\"target\":[\"https:\\\/\\\/adf-magazine.com\\\/pt-pt\\\/2024\\\/10\\\/senegal-toma-medidas-para-proteger-a-fronteira-leste-com-sentinelle-est\\\/\"]}]},{\"@type\":\"BreadcrumbList\",\"@id\":\"https:\\\/\\\/adf-magazine.com\\\/pt-pt\\\/2024\\\/10\\\/senegal-toma-medidas-para-proteger-a-fronteira-leste-com-sentinelle-est\\\/#breadcrumb\",\"itemListElement\":[{\"@type\":\"ListItem\",\"position\":1,\"name\":\"Home\",\"item\":\"https:\\\/\\\/adf-magazine.com\\\/\"},{\"@type\":\"ListItem\",\"position\":2,\"name\":\"Senegal Toma Medidas para Proteger a Fronteira Leste com Sentinelle Est\"}]},{\"@type\":\"WebSite\",\"@id\":\"https:\\\/\\\/adf-magazine.com\\\/#website\",\"url\":\"https:\\\/\\\/adf-magazine.com\\\/\",\"name\":\"Africa Defense Forum\",\"description\":\"Africa Defense Forum\",\"potentialAction\":[{\"@type\":\"SearchAction\",\"target\":{\"@type\":\"EntryPoint\",\"urlTemplate\":\"https:\\\/\\\/adf-magazine.com\\\/?s={search_term_string}\"},\"query-input\":{\"@type\":\"PropertyValueSpecification\",\"valueRequired\":true,\"valueName\":\"search_term_string\"}}],\"inLanguage\":\"pt-PT\"},{\"@type\":\"Person\",\"@id\":\"https:\\\/\\\/adf-magazine.com\\\/#\\\/schema\\\/person\\\/f266a6061389568b5a11465bb38bc025\",\"name\":\"ADF\",\"image\":{\"@type\":\"ImageObject\",\"inLanguage\":\"pt-PT\",\"@id\":\"https:\\\/\\\/adf-magazine.com\\\/wp-content\\\/uploads\\\/2020\\\/05\\\/cropped-ADF_icon.jpg\",\"url\":\"https:\\\/\\\/adf-magazine.com\\\/wp-content\\\/uploads\\\/2020\\\/05\\\/cropped-ADF_icon.jpg\",\"contentUrl\":\"https:\\\/\\\/adf-magazine.com\\\/wp-content\\\/uploads\\\/2020\\\/05\\\/cropped-ADF_icon.jpg\",\"caption\":\"ADF\"},\"description\":\"ADF is a professional military magazine published quarterly by U.S. Africa Command to provide an international forum for African security professionals. ADF covers topics such as counter terrorism strategies, security and defense operations, transnational crime, and all other issues affecting peace, stability, and good governance on the African continent.\",\"sameAs\":[\"https:\\\/\\\/x.com\\\/ADFmagazine\"],\"url\":\"https:\\\/\\\/adf-magazine.com\\\/pt-pt\\\/author\\\/adf\\\/\"}]}<\/script>\n<!-- \/ Yoast SEO plugin. -->","yoast_head_json":{"title":"Senegal Toma Medidas para Proteger a Fronteira Leste com Sentinelle Est - Africa Defense Forum","robots":{"index":"index","follow":"follow","max-snippet":"max-snippet:-1","max-image-preview":"max-image-preview:large","max-video-preview":"max-video-preview:-1"},"canonical":"https:\/\/adf-magazine.com\/pt-pt\/2024\/10\/senegal-toma-medidas-para-proteger-a-fronteira-leste-com-sentinelle-est\/","og_locale":"pt_PT","og_type":"article","og_title":"Senegal Toma Medidas para Proteger a Fronteira Leste com Sentinelle Est - Africa Defense Forum","og_description":"EQUIPA DA ADF As For\u00e7as Armadas do Senegal (SAF) lan\u00e7aram em Fevereiro de 2024 uma opera\u00e7\u00e3o terrestre, fluvial e a\u00e9rea para restabelecer a seguran\u00e7a no extremo leste do pa\u00eds, que faz fronteira com o Mali. A opera\u00e7\u00e3o, conhecida como Sentinelle Est, desmantelou locais ilegais de extrac\u00e7\u00e3o de ouro ao longo do rio Faleme, interrompeu rotas","og_url":"https:\/\/adf-magazine.com\/pt-pt\/2024\/10\/senegal-toma-medidas-para-proteger-a-fronteira-leste-com-sentinelle-est\/","og_site_name":"Africa Defense Forum","article_publisher":"https:\/\/www.facebook.com\/ADFmagazine\/","article_published_time":"2024-10-17T17:11:59+00:00","author":"ADF","twitter_card":"summary_large_image","twitter_creator":"@ADFmagazine","twitter_site":"@ADFmagazine","twitter_misc":{"Escrito por":"ADF","Tempo estimado de leitura":"2 minutos"},"schema":{"@context":"https:\/\/schema.org","@graph":[{"@type":"Article","@id":"https:\/\/adf-magazine.com\/pt-pt\/2024\/10\/senegal-toma-medidas-para-proteger-a-fronteira-leste-com-sentinelle-est\/#article","isPartOf":{"@id":"https:\/\/adf-magazine.com\/pt-pt\/2024\/10\/senegal-toma-medidas-para-proteger-a-fronteira-leste-com-sentinelle-est\/"},"author":{"name":"ADF","@id":"https:\/\/adf-magazine.com\/#\/schema\/person\/f266a6061389568b5a11465bb38bc025"},"headline":"Senegal Toma Medidas para Proteger a Fronteira Leste com Sentinelle Est","datePublished":"2024-10-17T17:11:59+00:00","mainEntityOfPage":{"@id":"https:\/\/adf-magazine.com\/pt-pt\/2024\/10\/senegal-toma-medidas-para-proteger-a-fronteira-leste-com-sentinelle-est\/"},"wordCount":395,"commentCount":0,"keywords":["Minera\u00e7\u00e3o","Minera\u00e7\u00e3o","Senegal","Senegal"],"articleSection":["Colunas","Defesa e Seguran\u00e7a"],"inLanguage":"pt-PT","potentialAction":[{"@type":"CommentAction","name":"Comment","target":["https:\/\/adf-magazine.com\/pt-pt\/2024\/10\/senegal-toma-medidas-para-proteger-a-fronteira-leste-com-sentinelle-est\/#respond"]}]},{"@type":"WebPage","@id":"https:\/\/adf-magazine.com\/pt-pt\/2024\/10\/senegal-toma-medidas-para-proteger-a-fronteira-leste-com-sentinelle-est\/","url":"https:\/\/adf-magazine.com\/pt-pt\/2024\/10\/senegal-toma-medidas-para-proteger-a-fronteira-leste-com-sentinelle-est\/","name":"Senegal Toma Medidas para Proteger a Fronteira Leste com Sentinelle Est - Africa Defense Forum","isPartOf":{"@id":"https:\/\/adf-magazine.com\/#website"},"datePublished":"2024-10-17T17:11:59+00:00","author":{"@id":"https:\/\/adf-magazine.com\/#\/schema\/person\/f266a6061389568b5a11465bb38bc025"},"breadcrumb":{"@id":"https:\/\/adf-magazine.com\/pt-pt\/2024\/10\/senegal-toma-medidas-para-proteger-a-fronteira-leste-com-sentinelle-est\/#breadcrumb"},"inLanguage":"pt-PT","potentialAction":[{"@type":"ReadAction","target":["https:\/\/adf-magazine.com\/pt-pt\/2024\/10\/senegal-toma-medidas-para-proteger-a-fronteira-leste-com-sentinelle-est\/"]}]},{"@type":"BreadcrumbList","@id":"https:\/\/adf-magazine.com\/pt-pt\/2024\/10\/senegal-toma-medidas-para-proteger-a-fronteira-leste-com-sentinelle-est\/#breadcrumb","itemListElement":[{"@type":"ListItem","position":1,"name":"Home","item":"https:\/\/adf-magazine.com\/"},{"@type":"ListItem","position":2,"name":"Senegal Toma Medidas para Proteger a Fronteira Leste com Sentinelle Est"}]},{"@type":"WebSite","@id":"https:\/\/adf-magazine.com\/#website","url":"https:\/\/adf-magazine.com\/","name":"Africa Defense Forum","description":"Africa Defense Forum","potentialAction":[{"@type":"SearchAction","target":{"@type":"EntryPoint","urlTemplate":"https:\/\/adf-magazine.com\/?s={search_term_string}"},"query-input":{"@type":"PropertyValueSpecification","valueRequired":true,"valueName":"search_term_string"}}],"inLanguage":"pt-PT"},{"@type":"Person","@id":"https:\/\/adf-magazine.com\/#\/schema\/person\/f266a6061389568b5a11465bb38bc025","name":"ADF","image":{"@type":"ImageObject","inLanguage":"pt-PT","@id":"https:\/\/adf-magazine.com\/wp-content\/uploads\/2020\/05\/cropped-ADF_icon.jpg","url":"https:\/\/adf-magazine.com\/wp-content\/uploads\/2020\/05\/cropped-ADF_icon.jpg","contentUrl":"https:\/\/adf-magazine.com\/wp-content\/uploads\/2020\/05\/cropped-ADF_icon.jpg","caption":"ADF"},"description":"ADF is a professional military magazine published quarterly by U.S. Africa Command to provide an international forum for African security professionals. ADF covers topics such as counter terrorism strategies, security and defense operations, transnational crime, and all other issues affecting peace, stability, and good governance on the African continent.","sameAs":["https:\/\/x.com\/ADFmagazine"],"url":"https:\/\/adf-magazine.com\/pt-pt\/author\/adf\/"}]}},"_links":{"self":[{"href":"https:\/\/adf-magazine.com\/pt-pt\/wp-json\/wp\/v2\/posts\/119152","targetHints":{"allow":["GET"]}}],"collection":[{"href":"https:\/\/adf-magazine.com\/pt-pt\/wp-json\/wp\/v2\/posts"}],"about":[{"href":"https:\/\/adf-magazine.com\/pt-pt\/wp-json\/wp\/v2\/types\/post"}],"author":[{"embeddable":true,"href":"https:\/\/adf-magazine.com\/pt-pt\/wp-json\/wp\/v2\/users\/1"}],"replies":[{"embeddable":true,"href":"https:\/\/adf-magazine.com\/pt-pt\/wp-json\/wp\/v2\/comments?post=119152"}],"version-history":[{"count":0,"href":"https:\/\/adf-magazine.com\/pt-pt\/wp-json\/wp\/v2\/posts\/119152\/revisions"}],"wp:attachment":[{"href":"https:\/\/adf-magazine.com\/pt-pt\/wp-json\/wp\/v2\/media?parent=119152"}],"wp:term":[{"taxonomy":"category","embeddable":true,"href":"https:\/\/adf-magazine.com\/pt-pt\/wp-json\/wp\/v2\/categories?post=119152"},{"taxonomy":"post_tag","embeddable":true,"href":"https:\/\/adf-magazine.com\/pt-pt\/wp-json\/wp\/v2\/tags?post=119152"}],"curies":[{"name":"wp","href":"https:\/\/api.w.org\/{rel}","templated":true}]}}