{"id":119144,"date":"2024-10-17T13:07:27","date_gmt":"2024-10-17T17:07:27","guid":{"rendered":"https:\/\/adf-magazine.com\/?p=119144"},"modified":"2024-10-17T13:07:27","modified_gmt":"2024-10-17T17:07:27","slug":"unmiss-tenta-acalmar-os-focos-de-tensao-no-sul-do-sudao","status":"publish","type":"post","link":"https:\/\/adf-magazine.com\/pt-pt\/2024\/10\/unmiss-tenta-acalmar-os-focos-de-tensao-no-sul-do-sudao\/","title":{"rendered":"Unmiss Tenta Acalmar Os Focos  De Tens\u00e3o No Sul Do Sud\u00e3o"},"content":{"rendered":"<p>No final de 2023, assistiu-se a um aumento do conflito intercomunit\u00e1rio em partes do Sud\u00e3o do Sul, que resultou em 862 casos de morte, ferimentos, raptos e viol\u00eancia sexual relacionada com o conflito, de acordo com uma miss\u00e3o de manuten\u00e7\u00e3o da paz das Na\u00e7\u00f5es Unidas.<\/p>\n<p>A Miss\u00e3o das Na\u00e7\u00f5es Unidas no Sud\u00e3o do Sul (UNMISS) produziu o seu \u00faltimo relat\u00f3rio trimestral de 2023 e constatou um aumento de 4% nos incidentes e um aumento de 35% nas v\u00edtimas em compara\u00e7\u00e3o com o trimestre anterior.<\/p>\n<p>A viol\u00eancia intercomunit\u00e1ria perpetrada por mil\u00edcias e\/ou grupos de defesa civil foi respons\u00e1vel por 86% de todos os civis afectados durante o per\u00edodo. O principal foco de conflito, o Estado de Warrap, registou um aumento de 87% no n\u00famero de v\u00edtimas em rela\u00e7\u00e3o ao trimestre anterior, passando de 244 para 457. Mais de metade das pessoas afectadas pela viol\u00eancia foram apanhadas em ataques de retalia\u00e7\u00e3o relacionados com o actual conflito fronteiri\u00e7o entre as comunidades Dinka Twic Mayardit, em Warrap, e Dinka Ngok, em Abyei, tendo sido mortas 263 pessoas e feridas 186.<\/p>\n<p>O relat\u00f3rio regista um aumento de 54% das v\u00edtimas de rapto, de 65 para 100, em rela\u00e7\u00e3o ao trimestre anterior.<\/p>\n<p>Os ataques em pequena escala por alegados elementos armados Murle, da \u00c1rea Administrativa da Grande Pibor, representam 43% de todos os raptos no Sud\u00e3o do Sul. O documento refere que 104 v\u00edtimas foram objecto de viol\u00eancia sexual.<\/p>\n<p>A protec\u00e7\u00e3o civil da UNMISS no pa\u00eds mais novo do mundo registou mais de 10.000 patrulhas de manuten\u00e7\u00e3o da paz realizadas por terra, ar e barco em 2023. A miss\u00e3o ajuda as comunidades a reconciliarem-se e a constru\u00edrem a paz atrav\u00e9s do di\u00e1logo e apoia activamente os processos pol\u00edticos e de paz, incluindo a reforma do sector da seguran\u00e7a e da justi\u00e7a, a elabora\u00e7\u00e3o da constitui\u00e7\u00e3o e os preparativos para as elei\u00e7\u00f5es.<\/p>\n<p>A ONU renovou o mandato da miss\u00e3o por mais um ano. Tem sido renovado anualmente desde a sua cria\u00e7\u00e3o em 2011. Desde 2021, o seu mandato tem sido o de \u201cevitar o regresso \u00e0 guerra civil, construir uma paz duradoura a n\u00edvel local e nacional e apoiar uma governa\u00e7\u00e3o inclusiva e respons\u00e1vel e elei\u00e7\u00f5es livres, justas e pac\u00edficas.\u201d<\/p>\n<p>No entanto, uma investiga\u00e7\u00e3o recente do Instituto de Estudos de Seguran\u00e7a, sediado na \u00c1frica do Sul, indica que a miss\u00e3o carece de um mandato expl\u00edcito de reforma do sector da seguran\u00e7a e da capacidade para o levar a cabo.<\/p>\n","protected":false},"excerpt":{"rendered":"<p>No final de 2023, assistiu-se a um aumento do conflito intercomunit\u00e1rio em partes do Sud\u00e3o do Sul, que resultou em 862 casos de morte, ferimentos, raptos e viol\u00eancia sexual relacionada com o conflito, de acordo com uma miss\u00e3o de manuten\u00e7\u00e3o da paz das Na\u00e7\u00f5es Unidas. A Miss\u00e3o das Na\u00e7\u00f5es Unidas no Sud\u00e3o do Sul (UNMISS)<\/p>\n","protected":false},"author":1,"featured_media":118615,"comment_status":"open","ping_status":"closed","sticky":false,"template":"","format":"standard","meta":{"_acf_changed":false,"_monsterinsights_skip_tracking":false,"_monsterinsights_sitenote_active":false,"_monsterinsights_sitenote_note":"","_monsterinsights_sitenote_category":0,"_uf_show_specific_survey":0,"_uf_disable_surveys":false,"footnotes":""},"categories":[335,1235],"tags":[1421,745,1729,744,746,1435],"class_list":{"0":"post-119144","1":"post","2":"type-post","3":"status-publish","4":"format-standard","5":"has-post-thumbnail","7":"category-colunas","8":"category-manutencao-da-paz","9":"tag-manutencao-de-paz-pt-pt","10":"tag-manutencao-de-paz","11":"tag-sudao-do-sul-pt-pt","12":"tag-sudao-do-sul","13":"tag-unmiss-pt-pt","14":"tag-unmiss-pt-pt-2"},"acf":[],"yoast_head":"<!-- This site is optimized with the Yoast SEO plugin v27.4 - https:\/\/yoast.com\/product\/yoast-seo-wordpress\/ -->\n<title>Unmiss Tenta Acalmar Os Focos De Tens\u00e3o No Sul Do Sud\u00e3o - Africa Defense Forum<\/title>\n<meta name=\"robots\" content=\"index, follow, max-snippet:-1, max-image-preview:large, max-video-preview:-1\" \/>\n<link rel=\"canonical\" href=\"https:\/\/adf-magazine.com\/pt-pt\/2024\/10\/unmiss-tenta-acalmar-os-focos-de-tensao-no-sul-do-sudao\/\" \/>\n<meta property=\"og:locale\" content=\"pt_PT\" \/>\n<meta property=\"og:type\" content=\"article\" \/>\n<meta property=\"og:title\" content=\"Unmiss Tenta Acalmar Os Focos De Tens\u00e3o No Sul Do Sud\u00e3o - Africa Defense Forum\" \/>\n<meta property=\"og:description\" content=\"No final de 2023, assistiu-se a um aumento do conflito intercomunit\u00e1rio em partes do Sud\u00e3o do Sul, que resultou em 862 casos de morte, ferimentos, raptos e viol\u00eancia sexual relacionada com o conflito, de acordo com uma miss\u00e3o de manuten\u00e7\u00e3o da paz das Na\u00e7\u00f5es Unidas. A Miss\u00e3o das Na\u00e7\u00f5es Unidas no Sud\u00e3o do Sul (UNMISS)\" \/>\n<meta property=\"og:url\" content=\"https:\/\/adf-magazine.com\/pt-pt\/2024\/10\/unmiss-tenta-acalmar-os-focos-de-tensao-no-sul-do-sudao\/\" \/>\n<meta property=\"og:site_name\" content=\"Africa Defense Forum\" \/>\n<meta property=\"article:publisher\" content=\"https:\/\/www.facebook.com\/ADFmagazine\/\" \/>\n<meta property=\"article:published_time\" content=\"2024-10-17T17:07:27+00:00\" \/>\n<meta property=\"og:image\" content=\"https:\/\/adf-magazine.com\/wp-content\/uploads\/2024\/10\/kp-teach.jpg\" \/>\n\t<meta property=\"og:image:width\" content=\"1080\" \/>\n\t<meta property=\"og:image:height\" content=\"720\" \/>\n\t<meta property=\"og:image:type\" content=\"image\/jpeg\" \/>\n<meta name=\"author\" content=\"ADF\" \/>\n<meta name=\"twitter:card\" content=\"summary_large_image\" \/>\n<meta name=\"twitter:creator\" content=\"@ADFmagazine\" \/>\n<meta name=\"twitter:site\" content=\"@ADFmagazine\" \/>\n<meta name=\"twitter:label1\" content=\"Escrito por\" \/>\n\t<meta name=\"twitter:data1\" content=\"ADF\" \/>\n\t<meta name=\"twitter:label2\" content=\"Tempo estimado de leitura\" \/>\n\t<meta name=\"twitter:data2\" content=\"2 minutos\" \/>\n<script type=\"application\/ld+json\" class=\"yoast-schema-graph\">{\"@context\":\"https:\\\/\\\/schema.org\",\"@graph\":[{\"@type\":\"Article\",\"@id\":\"https:\\\/\\\/adf-magazine.com\\\/pt-pt\\\/2024\\\/10\\\/unmiss-tenta-acalmar-os-focos-de-tensao-no-sul-do-sudao\\\/#article\",\"isPartOf\":{\"@id\":\"https:\\\/\\\/adf-magazine.com\\\/pt-pt\\\/2024\\\/10\\\/unmiss-tenta-acalmar-os-focos-de-tensao-no-sul-do-sudao\\\/\"},\"author\":{\"name\":\"ADF\",\"@id\":\"https:\\\/\\\/adf-magazine.com\\\/#\\\/schema\\\/person\\\/f266a6061389568b5a11465bb38bc025\"},\"headline\":\"Unmiss Tenta Acalmar Os Focos De Tens\u00e3o No Sul Do Sud\u00e3o\",\"datePublished\":\"2024-10-17T17:07:27+00:00\",\"mainEntityOfPage\":{\"@id\":\"https:\\\/\\\/adf-magazine.com\\\/pt-pt\\\/2024\\\/10\\\/unmiss-tenta-acalmar-os-focos-de-tensao-no-sul-do-sudao\\\/\"},\"wordCount\":449,\"commentCount\":0,\"image\":{\"@id\":\"https:\\\/\\\/adf-magazine.com\\\/pt-pt\\\/2024\\\/10\\\/unmiss-tenta-acalmar-os-focos-de-tensao-no-sul-do-sudao\\\/#primaryimage\"},\"thumbnailUrl\":\"https:\\\/\\\/adf-magazine.com\\\/wp-content\\\/uploads\\\/2024\\\/10\\\/kp-teach.jpg\",\"keywords\":[\"Manuten\u00e7\u00e3o de Paz\",\"Manuten\u00e7\u00e3o de Paz\",\"Sud\u00e3o do Sul\",\"Sud\u00e3o do Sul\",\"UNMISS\",\"UNMISS\"],\"articleSection\":[\"Colunas\",\"Manuten\u00e7\u00e3o da Paz\"],\"inLanguage\":\"pt-PT\",\"potentialAction\":[{\"@type\":\"CommentAction\",\"name\":\"Comment\",\"target\":[\"https:\\\/\\\/adf-magazine.com\\\/pt-pt\\\/2024\\\/10\\\/unmiss-tenta-acalmar-os-focos-de-tensao-no-sul-do-sudao\\\/#respond\"]}]},{\"@type\":\"WebPage\",\"@id\":\"https:\\\/\\\/adf-magazine.com\\\/pt-pt\\\/2024\\\/10\\\/unmiss-tenta-acalmar-os-focos-de-tensao-no-sul-do-sudao\\\/\",\"url\":\"https:\\\/\\\/adf-magazine.com\\\/pt-pt\\\/2024\\\/10\\\/unmiss-tenta-acalmar-os-focos-de-tensao-no-sul-do-sudao\\\/\",\"name\":\"Unmiss Tenta Acalmar Os Focos De Tens\u00e3o No Sul Do Sud\u00e3o - Africa Defense Forum\",\"isPartOf\":{\"@id\":\"https:\\\/\\\/adf-magazine.com\\\/#website\"},\"primaryImageOfPage\":{\"@id\":\"https:\\\/\\\/adf-magazine.com\\\/pt-pt\\\/2024\\\/10\\\/unmiss-tenta-acalmar-os-focos-de-tensao-no-sul-do-sudao\\\/#primaryimage\"},\"image\":{\"@id\":\"https:\\\/\\\/adf-magazine.com\\\/pt-pt\\\/2024\\\/10\\\/unmiss-tenta-acalmar-os-focos-de-tensao-no-sul-do-sudao\\\/#primaryimage\"},\"thumbnailUrl\":\"https:\\\/\\\/adf-magazine.com\\\/wp-content\\\/uploads\\\/2024\\\/10\\\/kp-teach.jpg\",\"datePublished\":\"2024-10-17T17:07:27+00:00\",\"author\":{\"@id\":\"https:\\\/\\\/adf-magazine.com\\\/#\\\/schema\\\/person\\\/f266a6061389568b5a11465bb38bc025\"},\"breadcrumb\":{\"@id\":\"https:\\\/\\\/adf-magazine.com\\\/pt-pt\\\/2024\\\/10\\\/unmiss-tenta-acalmar-os-focos-de-tensao-no-sul-do-sudao\\\/#breadcrumb\"},\"inLanguage\":\"pt-PT\",\"potentialAction\":[{\"@type\":\"ReadAction\",\"target\":[\"https:\\\/\\\/adf-magazine.com\\\/pt-pt\\\/2024\\\/10\\\/unmiss-tenta-acalmar-os-focos-de-tensao-no-sul-do-sudao\\\/\"]}]},{\"@type\":\"ImageObject\",\"inLanguage\":\"pt-PT\",\"@id\":\"https:\\\/\\\/adf-magazine.com\\\/pt-pt\\\/2024\\\/10\\\/unmiss-tenta-acalmar-os-focos-de-tensao-no-sul-do-sudao\\\/#primaryimage\",\"url\":\"https:\\\/\\\/adf-magazine.com\\\/wp-content\\\/uploads\\\/2024\\\/10\\\/kp-teach.jpg\",\"contentUrl\":\"https:\\\/\\\/adf-magazine.com\\\/wp-content\\\/uploads\\\/2024\\\/10\\\/kp-teach.jpg\",\"width\":1080,\"height\":720},{\"@type\":\"BreadcrumbList\",\"@id\":\"https:\\\/\\\/adf-magazine.com\\\/pt-pt\\\/2024\\\/10\\\/unmiss-tenta-acalmar-os-focos-de-tensao-no-sul-do-sudao\\\/#breadcrumb\",\"itemListElement\":[{\"@type\":\"ListItem\",\"position\":1,\"name\":\"Home\",\"item\":\"https:\\\/\\\/adf-magazine.com\\\/\"},{\"@type\":\"ListItem\",\"position\":2,\"name\":\"Unmiss Tenta Acalmar Os Focos De Tens\u00e3o No Sul Do Sud\u00e3o\"}]},{\"@type\":\"WebSite\",\"@id\":\"https:\\\/\\\/adf-magazine.com\\\/#website\",\"url\":\"https:\\\/\\\/adf-magazine.com\\\/\",\"name\":\"Africa Defense Forum\",\"description\":\"Africa Defense Forum\",\"potentialAction\":[{\"@type\":\"SearchAction\",\"target\":{\"@type\":\"EntryPoint\",\"urlTemplate\":\"https:\\\/\\\/adf-magazine.com\\\/?s={search_term_string}\"},\"query-input\":{\"@type\":\"PropertyValueSpecification\",\"valueRequired\":true,\"valueName\":\"search_term_string\"}}],\"inLanguage\":\"pt-PT\"},{\"@type\":\"Person\",\"@id\":\"https:\\\/\\\/adf-magazine.com\\\/#\\\/schema\\\/person\\\/f266a6061389568b5a11465bb38bc025\",\"name\":\"ADF\",\"image\":{\"@type\":\"ImageObject\",\"inLanguage\":\"pt-PT\",\"@id\":\"https:\\\/\\\/adf-magazine.com\\\/wp-content\\\/uploads\\\/2020\\\/05\\\/cropped-ADF_icon.jpg\",\"url\":\"https:\\\/\\\/adf-magazine.com\\\/wp-content\\\/uploads\\\/2020\\\/05\\\/cropped-ADF_icon.jpg\",\"contentUrl\":\"https:\\\/\\\/adf-magazine.com\\\/wp-content\\\/uploads\\\/2020\\\/05\\\/cropped-ADF_icon.jpg\",\"caption\":\"ADF\"},\"description\":\"ADF is a professional military magazine published quarterly by U.S. Africa Command to provide an international forum for African security professionals. ADF covers topics such as counter terrorism strategies, security and defense operations, transnational crime, and all other issues affecting peace, stability, and good governance on the African continent.\",\"sameAs\":[\"https:\\\/\\\/x.com\\\/ADFmagazine\"],\"url\":\"https:\\\/\\\/adf-magazine.com\\\/pt-pt\\\/author\\\/adf\\\/\"}]}<\/script>\n<!-- \/ Yoast SEO plugin. -->","yoast_head_json":{"title":"Unmiss Tenta Acalmar Os Focos De Tens\u00e3o No Sul Do Sud\u00e3o - Africa Defense Forum","robots":{"index":"index","follow":"follow","max-snippet":"max-snippet:-1","max-image-preview":"max-image-preview:large","max-video-preview":"max-video-preview:-1"},"canonical":"https:\/\/adf-magazine.com\/pt-pt\/2024\/10\/unmiss-tenta-acalmar-os-focos-de-tensao-no-sul-do-sudao\/","og_locale":"pt_PT","og_type":"article","og_title":"Unmiss Tenta Acalmar Os Focos De Tens\u00e3o No Sul Do Sud\u00e3o - Africa Defense Forum","og_description":"No final de 2023, assistiu-se a um aumento do conflito intercomunit\u00e1rio em partes do Sud\u00e3o do Sul, que resultou em 862 casos de morte, ferimentos, raptos e viol\u00eancia sexual relacionada com o conflito, de acordo com uma miss\u00e3o de manuten\u00e7\u00e3o da paz das Na\u00e7\u00f5es Unidas. A Miss\u00e3o das Na\u00e7\u00f5es Unidas no Sud\u00e3o do Sul (UNMISS)","og_url":"https:\/\/adf-magazine.com\/pt-pt\/2024\/10\/unmiss-tenta-acalmar-os-focos-de-tensao-no-sul-do-sudao\/","og_site_name":"Africa Defense Forum","article_publisher":"https:\/\/www.facebook.com\/ADFmagazine\/","article_published_time":"2024-10-17T17:07:27+00:00","og_image":[{"width":1080,"height":720,"url":"https:\/\/adf-magazine.com\/wp-content\/uploads\/2024\/10\/kp-teach.jpg","type":"image\/jpeg"}],"author":"ADF","twitter_card":"summary_large_image","twitter_creator":"@ADFmagazine","twitter_site":"@ADFmagazine","twitter_misc":{"Escrito por":"ADF","Tempo estimado de leitura":"2 minutos"},"schema":{"@context":"https:\/\/schema.org","@graph":[{"@type":"Article","@id":"https:\/\/adf-magazine.com\/pt-pt\/2024\/10\/unmiss-tenta-acalmar-os-focos-de-tensao-no-sul-do-sudao\/#article","isPartOf":{"@id":"https:\/\/adf-magazine.com\/pt-pt\/2024\/10\/unmiss-tenta-acalmar-os-focos-de-tensao-no-sul-do-sudao\/"},"author":{"name":"ADF","@id":"https:\/\/adf-magazine.com\/#\/schema\/person\/f266a6061389568b5a11465bb38bc025"},"headline":"Unmiss Tenta Acalmar Os Focos De Tens\u00e3o No Sul Do Sud\u00e3o","datePublished":"2024-10-17T17:07:27+00:00","mainEntityOfPage":{"@id":"https:\/\/adf-magazine.com\/pt-pt\/2024\/10\/unmiss-tenta-acalmar-os-focos-de-tensao-no-sul-do-sudao\/"},"wordCount":449,"commentCount":0,"image":{"@id":"https:\/\/adf-magazine.com\/pt-pt\/2024\/10\/unmiss-tenta-acalmar-os-focos-de-tensao-no-sul-do-sudao\/#primaryimage"},"thumbnailUrl":"https:\/\/adf-magazine.com\/wp-content\/uploads\/2024\/10\/kp-teach.jpg","keywords":["Manuten\u00e7\u00e3o de Paz","Manuten\u00e7\u00e3o de Paz","Sud\u00e3o do Sul","Sud\u00e3o do Sul","UNMISS","UNMISS"],"articleSection":["Colunas","Manuten\u00e7\u00e3o da Paz"],"inLanguage":"pt-PT","potentialAction":[{"@type":"CommentAction","name":"Comment","target":["https:\/\/adf-magazine.com\/pt-pt\/2024\/10\/unmiss-tenta-acalmar-os-focos-de-tensao-no-sul-do-sudao\/#respond"]}]},{"@type":"WebPage","@id":"https:\/\/adf-magazine.com\/pt-pt\/2024\/10\/unmiss-tenta-acalmar-os-focos-de-tensao-no-sul-do-sudao\/","url":"https:\/\/adf-magazine.com\/pt-pt\/2024\/10\/unmiss-tenta-acalmar-os-focos-de-tensao-no-sul-do-sudao\/","name":"Unmiss Tenta Acalmar Os Focos De Tens\u00e3o No Sul Do Sud\u00e3o - Africa Defense Forum","isPartOf":{"@id":"https:\/\/adf-magazine.com\/#website"},"primaryImageOfPage":{"@id":"https:\/\/adf-magazine.com\/pt-pt\/2024\/10\/unmiss-tenta-acalmar-os-focos-de-tensao-no-sul-do-sudao\/#primaryimage"},"image":{"@id":"https:\/\/adf-magazine.com\/pt-pt\/2024\/10\/unmiss-tenta-acalmar-os-focos-de-tensao-no-sul-do-sudao\/#primaryimage"},"thumbnailUrl":"https:\/\/adf-magazine.com\/wp-content\/uploads\/2024\/10\/kp-teach.jpg","datePublished":"2024-10-17T17:07:27+00:00","author":{"@id":"https:\/\/adf-magazine.com\/#\/schema\/person\/f266a6061389568b5a11465bb38bc025"},"breadcrumb":{"@id":"https:\/\/adf-magazine.com\/pt-pt\/2024\/10\/unmiss-tenta-acalmar-os-focos-de-tensao-no-sul-do-sudao\/#breadcrumb"},"inLanguage":"pt-PT","potentialAction":[{"@type":"ReadAction","target":["https:\/\/adf-magazine.com\/pt-pt\/2024\/10\/unmiss-tenta-acalmar-os-focos-de-tensao-no-sul-do-sudao\/"]}]},{"@type":"ImageObject","inLanguage":"pt-PT","@id":"https:\/\/adf-magazine.com\/pt-pt\/2024\/10\/unmiss-tenta-acalmar-os-focos-de-tensao-no-sul-do-sudao\/#primaryimage","url":"https:\/\/adf-magazine.com\/wp-content\/uploads\/2024\/10\/kp-teach.jpg","contentUrl":"https:\/\/adf-magazine.com\/wp-content\/uploads\/2024\/10\/kp-teach.jpg","width":1080,"height":720},{"@type":"BreadcrumbList","@id":"https:\/\/adf-magazine.com\/pt-pt\/2024\/10\/unmiss-tenta-acalmar-os-focos-de-tensao-no-sul-do-sudao\/#breadcrumb","itemListElement":[{"@type":"ListItem","position":1,"name":"Home","item":"https:\/\/adf-magazine.com\/"},{"@type":"ListItem","position":2,"name":"Unmiss Tenta Acalmar Os Focos De Tens\u00e3o No Sul Do Sud\u00e3o"}]},{"@type":"WebSite","@id":"https:\/\/adf-magazine.com\/#website","url":"https:\/\/adf-magazine.com\/","name":"Africa Defense Forum","description":"Africa Defense Forum","potentialAction":[{"@type":"SearchAction","target":{"@type":"EntryPoint","urlTemplate":"https:\/\/adf-magazine.com\/?s={search_term_string}"},"query-input":{"@type":"PropertyValueSpecification","valueRequired":true,"valueName":"search_term_string"}}],"inLanguage":"pt-PT"},{"@type":"Person","@id":"https:\/\/adf-magazine.com\/#\/schema\/person\/f266a6061389568b5a11465bb38bc025","name":"ADF","image":{"@type":"ImageObject","inLanguage":"pt-PT","@id":"https:\/\/adf-magazine.com\/wp-content\/uploads\/2020\/05\/cropped-ADF_icon.jpg","url":"https:\/\/adf-magazine.com\/wp-content\/uploads\/2020\/05\/cropped-ADF_icon.jpg","contentUrl":"https:\/\/adf-magazine.com\/wp-content\/uploads\/2020\/05\/cropped-ADF_icon.jpg","caption":"ADF"},"description":"ADF is a professional military magazine published quarterly by U.S. Africa Command to provide an international forum for African security professionals. ADF covers topics such as counter terrorism strategies, security and defense operations, transnational crime, and all other issues affecting peace, stability, and good governance on the African continent.","sameAs":["https:\/\/x.com\/ADFmagazine"],"url":"https:\/\/adf-magazine.com\/pt-pt\/author\/adf\/"}]}},"_links":{"self":[{"href":"https:\/\/adf-magazine.com\/pt-pt\/wp-json\/wp\/v2\/posts\/119144","targetHints":{"allow":["GET"]}}],"collection":[{"href":"https:\/\/adf-magazine.com\/pt-pt\/wp-json\/wp\/v2\/posts"}],"about":[{"href":"https:\/\/adf-magazine.com\/pt-pt\/wp-json\/wp\/v2\/types\/post"}],"author":[{"embeddable":true,"href":"https:\/\/adf-magazine.com\/pt-pt\/wp-json\/wp\/v2\/users\/1"}],"replies":[{"embeddable":true,"href":"https:\/\/adf-magazine.com\/pt-pt\/wp-json\/wp\/v2\/comments?post=119144"}],"version-history":[{"count":0,"href":"https:\/\/adf-magazine.com\/pt-pt\/wp-json\/wp\/v2\/posts\/119144\/revisions"}],"wp:featuredmedia":[{"embeddable":true,"href":"https:\/\/adf-magazine.com\/pt-pt\/wp-json\/wp\/v2\/media\/118615"}],"wp:attachment":[{"href":"https:\/\/adf-magazine.com\/pt-pt\/wp-json\/wp\/v2\/media?parent=119144"}],"wp:term":[{"taxonomy":"category","embeddable":true,"href":"https:\/\/adf-magazine.com\/pt-pt\/wp-json\/wp\/v2\/categories?post=119144"},{"taxonomy":"post_tag","embeddable":true,"href":"https:\/\/adf-magazine.com\/pt-pt\/wp-json\/wp\/v2\/tags?post=119144"}],"curies":[{"name":"wp","href":"https:\/\/api.w.org\/{rel}","templated":true}]}}