{"id":118265,"date":"2024-10-01T15:30:23","date_gmt":"2024-10-01T19:30:23","guid":{"rendered":"https:\/\/adf-magazine.com\/?p=118265"},"modified":"2024-10-01T15:30:23","modified_gmt":"2024-10-01T19:30:23","slug":"junta-militar-do-mali-esforca-se-por-conter-aumento-da-violencia","status":"publish","type":"post","link":"https:\/\/adf-magazine.com\/pt-pt\/2024\/10\/junta-militar-do-mali-esforca-se-por-conter-aumento-da-violencia\/","title":{"rendered":"Junta Militar do Mali Esfor\u00e7a-se por Conter Aumento da Viol\u00eancia"},"content":{"rendered":"<p><span lang=\"PT\">EQUIPA DA ADF<\/span><\/p>\n<p>A junta militar do Mali comprometeu-se repetidamente a restaurar a seguran\u00e7a no pa\u00eds depois de ter utilizado a amea\u00e7a terrorista como justifica\u00e7\u00e3o para os golpes de Estado de 2020 e 2021. Pelo contr\u00e1rio, a viol\u00eancia agravou-se.<\/p>\n<p>No ano passado, o Mali registou um aumento de 38% na viol\u00eancia contra civis, de acordo com o projecto de Localiza\u00e7\u00e3o de Conflitos Armados e Dados de Eventos (ACLED). Os confrontos mortais entre as for\u00e7as de seguran\u00e7a, os grupos terroristas e os rebeldes Tuaregues continuaram este ano.<\/p>\n<p>Em Agosto, a Jama\u2019at Nusrat al-Islam wal-Muslimin (JNIM), o principal grupo terrorista a operar no Mali, lan\u00e7ou uma ofensiva generalizada no centro, oeste e norte do Mali. Isso seguiu-se a uma feroz batalha em Julho, durante a qual a JNIM e os rebeldes Tuaregues mataram cerca de 80 mercen\u00e1rios russos.<\/p>\n<p>A batalha, travada perto da fronteira com a Arg\u00e9lia, representou a maior perda da R\u00fassia no Mali desde que se instalou no pa\u00eds em Dezembro de 2021. Dois membros das For\u00e7as Armadas do Mali (FAMa) tamb\u00e9m foram mortos durante a batalha de cinco dias, enquanto 10 ficaram feridos, e dois ve\u00edculos blindados e duas carrinhas foram desactivados, de acordo com o site da FAMa, que disse que cerca de 20 terroristas foram mortos.<\/p>\n<p>A ofensiva de Agosto da JNIM invadiu numerosas posi\u00e7\u00f5es militares malianas nas regi\u00f5es de Bandiagara, Kayes, Mopti e Tombuctu, o que levou a um aumento de 5% da viol\u00eancia global em Agosto, em compara\u00e7\u00e3o com Julho, segundo o ACLED. Em retalia\u00e7\u00e3o, as for\u00e7as malianas efectuaram mais de uma dezena de ataques com drones contra posi\u00e7\u00f5es da JNIM. Entre as 49 v\u00edtimas mortais contam-se civis.<\/p>\n<p>Investigadores do Instituto de Estudos de Seguran\u00e7a, da Universidade da Nig\u00e9ria e da Universidade de Pret\u00f3ria identificaram v\u00e1rios factores que est\u00e3o na origem do caos cont\u00ednuo no Mali: a incapacidade do governo de se adaptar \u00e0 din\u00e2mica em mudan\u00e7a das opera\u00e7\u00f5es de contra-insurg\u00eancia, a assist\u00eancia militar limitada, a influ\u00eancia estrangeira nos esfor\u00e7os de contra-insurg\u00eancia e a incapacidade de apreciar a import\u00e2ncia das opera\u00e7\u00f5es no terreno e da capacidade a\u00e9rea.<\/p>\n<p>\u201cPara inverter a mar\u00e9 contra a crescente inseguran\u00e7a, as for\u00e7as de contra-insurg\u00eancia do Mali devem adaptar-se e responder eficazmente a estes factores,\u201d escreveram os investigadores no The Conversation.<\/p>\n<p>N\u00e3o ser\u00e1 f\u00e1cil. A escalada da viol\u00eancia no norte do Mali \u00e9 complicada pelo ressurgimento dos rebeldes Tuaregues, que tinham concordado com os Acordos de Argel em 2015, que proporcionaram um quadro para a paz, mas nunca foram totalmente implementados.<\/p>\n<p>A regi\u00e3o, situada no flanco ocidental do Sahel, situa-se numa zona de espa\u00e7os n\u00e3o governados, observaram os investigadores. Os Tuaregues e as fac\u00e7\u00f5es extremistas est\u00e3o activos h\u00e1 muito tempo. Os 2.000 quil\u00f3metros da fronteira norte com a Arg\u00e9lia est\u00e3o mal protegidos e o seu terreno plano facilita os insurgentes a verem algum inimigo que se aproxima.<\/p>\n<p>As for\u00e7as armadas do Mali n\u00e3o disp\u00f5em de recursos suficientes nem de meios militares avan\u00e7ados para substituir a arquitectura de seguran\u00e7a estabelecida pelas miss\u00f5es militares extintas. \u201cEm nenhum outro lugar isso \u00e9 mais evidente do que nas capacidades a\u00e9reas do pa\u00eds,\u201d escreveram os investigadores, uma vez que o poder a\u00e9reo, como avi\u00f5es de ataque ligeiro, helic\u00f3pteros e drones de combate, \u00e9 fundamental para as opera\u00e7\u00f5es de contra-insurg\u00eancia.<\/p>\n<p>As for\u00e7as internacionais de manuten\u00e7\u00e3o da paz no Mali abandonaram o pa\u00eds desde que a junta tomou o poder. A Miss\u00e3o Multidimensional Integrada de Estabiliza\u00e7\u00e3o das Na\u00e7\u00f5es Unidas no Mali, ou MINUSMA, terminou em Dezembro de 2023, ap\u00f3s mais de 10 anos. As \u00faltimas tropas francesas deixaram o Mali em 2022, ap\u00f3s nove anos de destacamento. A Fran\u00e7a acusou a junta de obstruir as suas opera\u00e7\u00f5es militares.<\/p>\n<p>A partida destas for\u00e7as amea\u00e7a inverter todos os progressos registados na \u00faltima d\u00e9cada em mat\u00e9ria de seguran\u00e7a.<\/p>\n<p>\u201cIsso deve-se ao facto de o Mali ter passado de m\u00faltiplas parcerias militares para uma depend\u00eancia exclusiva da R\u00fassia,\u201d escreveram os investigadores. \u201cA R\u00fassia est\u00e1 actualmente incapaz de prestar apoio ao Mali devido \u00e0 guerra na Ucr\u00e2nia.\u201d O poss\u00edvel papel de actores estrangeiros pode tamb\u00e9m causar falhas estrat\u00e9gicas e operacionais nas opera\u00e7\u00f5es de contra-insurg\u00eancia \u201catrav\u00e9s da guerra por procura\u00e7\u00e3o, da ruptura da cadeia de abastecimento e do incentivo \u00e0 deser\u00e7\u00e3o,\u201d acrescentaram.<\/p>\n<p>As juntas militares dos pa\u00edses vizinhos, Burquina Faso e N\u00edger, para onde tamb\u00e9m foram enviados combatentes russos, t\u00eam tido dificuldades em conter o terrorismo. Os incidentes de \u201cviol\u00eancia pol\u00edtica\u201d nesses pa\u00edses e no Mali aumentaram colectivamente 5% no ano passado, o que representa um aumento de 46% em rela\u00e7\u00e3o a 2021, informou o ACLED.<\/p>\n","protected":false},"excerpt":{"rendered":"<p>EQUIPA DA ADF A junta militar do Mali comprometeu-se repetidamente a restaurar a seguran\u00e7a no pa\u00eds depois de ter utilizado a amea\u00e7a terrorista como justifica\u00e7\u00e3o para os golpes de Estado de 2020 e 2021. Pelo contr\u00e1rio, a viol\u00eancia agravou-se. No ano passado, o Mali registou um aumento de 38% na viol\u00eancia contra civis, de acordo<\/p>\n","protected":false},"author":1,"featured_media":118260,"comment_status":"open","ping_status":"closed","sticky":false,"template":"","format":"standard","meta":{"_acf_changed":false,"_monsterinsights_skip_tracking":false,"_monsterinsights_sitenote_active":false,"_monsterinsights_sitenote_note":"","_monsterinsights_sitenote_category":0,"_uf_show_specific_survey":0,"_uf_disable_surveys":false,"footnotes":""},"categories":[363],"tags":[452,745,611,501,1139],"class_list":{"0":"post-118265","1":"post","2":"type-post","3":"status-publish","4":"format-standard","5":"has-post-thumbnail","7":"category-melhores-historias","8":"tag-mali-pt-pt","9":"tag-manutencao-de-paz","10":"tag-russia-pt-pt","11":"tag-sahel-pt-pt","12":"tag-terrorism-pt-pt"},"acf":[],"yoast_head":"<!-- This site is optimized with the Yoast SEO plugin v27.4 - https:\/\/yoast.com\/product\/yoast-seo-wordpress\/ -->\n<title>Junta Militar do Mali Esfor\u00e7a-se por Conter Aumento da Viol\u00eancia - Africa Defense Forum<\/title>\n<meta name=\"robots\" content=\"index, follow, max-snippet:-1, max-image-preview:large, max-video-preview:-1\" \/>\n<link rel=\"canonical\" href=\"https:\/\/adf-magazine.com\/pt-pt\/2024\/10\/junta-militar-do-mali-esforca-se-por-conter-aumento-da-violencia\/\" \/>\n<meta property=\"og:locale\" content=\"pt_PT\" \/>\n<meta property=\"og:type\" content=\"article\" \/>\n<meta property=\"og:title\" content=\"Junta Militar do Mali Esfor\u00e7a-se por Conter Aumento da Viol\u00eancia - Africa Defense Forum\" \/>\n<meta property=\"og:description\" content=\"EQUIPA DA ADF A junta militar do Mali comprometeu-se repetidamente a restaurar a seguran\u00e7a no pa\u00eds depois de ter utilizado a amea\u00e7a terrorista como justifica\u00e7\u00e3o para os golpes de Estado de 2020 e 2021. Pelo contr\u00e1rio, a viol\u00eancia agravou-se. No ano passado, o Mali registou um aumento de 38% na viol\u00eancia contra civis, de acordo\" \/>\n<meta property=\"og:url\" content=\"https:\/\/adf-magazine.com\/pt-pt\/2024\/10\/junta-militar-do-mali-esforca-se-por-conter-aumento-da-violencia\/\" \/>\n<meta property=\"og:site_name\" content=\"Africa Defense Forum\" \/>\n<meta property=\"article:publisher\" content=\"https:\/\/www.facebook.com\/ADFmagazine\/\" \/>\n<meta property=\"article:published_time\" content=\"2024-10-01T19:30:23+00:00\" \/>\n<meta property=\"og:image\" content=\"https:\/\/adf-magazine.com\/wp-content\/uploads\/2024\/10\/GettyImages-1207442214.jpg\" \/>\n\t<meta property=\"og:image:width\" content=\"1024\" \/>\n\t<meta property=\"og:image:height\" content=\"683\" \/>\n\t<meta property=\"og:image:type\" content=\"image\/jpeg\" \/>\n<meta name=\"author\" content=\"ADF\" \/>\n<meta name=\"twitter:card\" content=\"summary_large_image\" \/>\n<meta name=\"twitter:creator\" content=\"@ADFmagazine\" \/>\n<meta name=\"twitter:site\" content=\"@ADFmagazine\" \/>\n<meta name=\"twitter:label1\" content=\"Escrito por\" \/>\n\t<meta name=\"twitter:data1\" content=\"ADF\" \/>\n\t<meta name=\"twitter:label2\" content=\"Tempo estimado de leitura\" \/>\n\t<meta name=\"twitter:data2\" content=\"4 minutos\" \/>\n<script type=\"application\/ld+json\" class=\"yoast-schema-graph\">{\"@context\":\"https:\\\/\\\/schema.org\",\"@graph\":[{\"@type\":\"Article\",\"@id\":\"https:\\\/\\\/adf-magazine.com\\\/pt-pt\\\/2024\\\/10\\\/junta-militar-do-mali-esforca-se-por-conter-aumento-da-violencia\\\/#article\",\"isPartOf\":{\"@id\":\"https:\\\/\\\/adf-magazine.com\\\/pt-pt\\\/2024\\\/10\\\/junta-militar-do-mali-esforca-se-por-conter-aumento-da-violencia\\\/\"},\"author\":{\"name\":\"ADF\",\"@id\":\"https:\\\/\\\/adf-magazine.com\\\/#\\\/schema\\\/person\\\/f266a6061389568b5a11465bb38bc025\"},\"headline\":\"Junta Militar do Mali Esfor\u00e7a-se por Conter Aumento da Viol\u00eancia\",\"datePublished\":\"2024-10-01T19:30:23+00:00\",\"mainEntityOfPage\":{\"@id\":\"https:\\\/\\\/adf-magazine.com\\\/pt-pt\\\/2024\\\/10\\\/junta-militar-do-mali-esforca-se-por-conter-aumento-da-violencia\\\/\"},\"wordCount\":838,\"commentCount\":0,\"image\":{\"@id\":\"https:\\\/\\\/adf-magazine.com\\\/pt-pt\\\/2024\\\/10\\\/junta-militar-do-mali-esforca-se-por-conter-aumento-da-violencia\\\/#primaryimage\"},\"thumbnailUrl\":\"https:\\\/\\\/adf-magazine.com\\\/wp-content\\\/uploads\\\/2024\\\/10\\\/GettyImages-1207442214.jpg\",\"keywords\":[\"Mali\",\"Manuten\u00e7\u00e3o de Paz\",\"Russia\",\"Sahel\",\"Terrorism\"],\"articleSection\":[\"Not\u00edcias diaries\"],\"inLanguage\":\"pt-PT\",\"potentialAction\":[{\"@type\":\"CommentAction\",\"name\":\"Comment\",\"target\":[\"https:\\\/\\\/adf-magazine.com\\\/pt-pt\\\/2024\\\/10\\\/junta-militar-do-mali-esforca-se-por-conter-aumento-da-violencia\\\/#respond\"]}]},{\"@type\":\"WebPage\",\"@id\":\"https:\\\/\\\/adf-magazine.com\\\/pt-pt\\\/2024\\\/10\\\/junta-militar-do-mali-esforca-se-por-conter-aumento-da-violencia\\\/\",\"url\":\"https:\\\/\\\/adf-magazine.com\\\/pt-pt\\\/2024\\\/10\\\/junta-militar-do-mali-esforca-se-por-conter-aumento-da-violencia\\\/\",\"name\":\"Junta Militar do Mali Esfor\u00e7a-se por Conter Aumento da Viol\u00eancia - Africa Defense Forum\",\"isPartOf\":{\"@id\":\"https:\\\/\\\/adf-magazine.com\\\/#website\"},\"primaryImageOfPage\":{\"@id\":\"https:\\\/\\\/adf-magazine.com\\\/pt-pt\\\/2024\\\/10\\\/junta-militar-do-mali-esforca-se-por-conter-aumento-da-violencia\\\/#primaryimage\"},\"image\":{\"@id\":\"https:\\\/\\\/adf-magazine.com\\\/pt-pt\\\/2024\\\/10\\\/junta-militar-do-mali-esforca-se-por-conter-aumento-da-violencia\\\/#primaryimage\"},\"thumbnailUrl\":\"https:\\\/\\\/adf-magazine.com\\\/wp-content\\\/uploads\\\/2024\\\/10\\\/GettyImages-1207442214.jpg\",\"datePublished\":\"2024-10-01T19:30:23+00:00\",\"author\":{\"@id\":\"https:\\\/\\\/adf-magazine.com\\\/#\\\/schema\\\/person\\\/f266a6061389568b5a11465bb38bc025\"},\"breadcrumb\":{\"@id\":\"https:\\\/\\\/adf-magazine.com\\\/pt-pt\\\/2024\\\/10\\\/junta-militar-do-mali-esforca-se-por-conter-aumento-da-violencia\\\/#breadcrumb\"},\"inLanguage\":\"pt-PT\",\"potentialAction\":[{\"@type\":\"ReadAction\",\"target\":[\"https:\\\/\\\/adf-magazine.com\\\/pt-pt\\\/2024\\\/10\\\/junta-militar-do-mali-esforca-se-por-conter-aumento-da-violencia\\\/\"]}]},{\"@type\":\"ImageObject\",\"inLanguage\":\"pt-PT\",\"@id\":\"https:\\\/\\\/adf-magazine.com\\\/pt-pt\\\/2024\\\/10\\\/junta-militar-do-mali-esforca-se-por-conter-aumento-da-violencia\\\/#primaryimage\",\"url\":\"https:\\\/\\\/adf-magazine.com\\\/wp-content\\\/uploads\\\/2024\\\/10\\\/GettyImages-1207442214.jpg\",\"contentUrl\":\"https:\\\/\\\/adf-magazine.com\\\/wp-content\\\/uploads\\\/2024\\\/10\\\/GettyImages-1207442214.jpg\",\"width\":1024,\"height\":683,\"caption\":\"An anti aircraft gun is seen mounted on the back of a pick up truck as militants from the Movement for the Salvation of Azawad (MSA), a Tuareg political and armed movement in the Azawad Region in Mali, gather in the desert outside Menaka on March 14, 2020 during the MSA congress. (Photo by Souleymane Ag Anara \\\/ AFP) (Photo by SOULEYMANE AG ANARA\\\/AFP via Getty Images)\"},{\"@type\":\"BreadcrumbList\",\"@id\":\"https:\\\/\\\/adf-magazine.com\\\/pt-pt\\\/2024\\\/10\\\/junta-militar-do-mali-esforca-se-por-conter-aumento-da-violencia\\\/#breadcrumb\",\"itemListElement\":[{\"@type\":\"ListItem\",\"position\":1,\"name\":\"Home\",\"item\":\"https:\\\/\\\/adf-magazine.com\\\/\"},{\"@type\":\"ListItem\",\"position\":2,\"name\":\"Junta Militar do Mali Esfor\u00e7a-se por Conter Aumento da Viol\u00eancia\"}]},{\"@type\":\"WebSite\",\"@id\":\"https:\\\/\\\/adf-magazine.com\\\/#website\",\"url\":\"https:\\\/\\\/adf-magazine.com\\\/\",\"name\":\"Africa Defense Forum\",\"description\":\"Africa Defense Forum\",\"potentialAction\":[{\"@type\":\"SearchAction\",\"target\":{\"@type\":\"EntryPoint\",\"urlTemplate\":\"https:\\\/\\\/adf-magazine.com\\\/?s={search_term_string}\"},\"query-input\":{\"@type\":\"PropertyValueSpecification\",\"valueRequired\":true,\"valueName\":\"search_term_string\"}}],\"inLanguage\":\"pt-PT\"},{\"@type\":\"Person\",\"@id\":\"https:\\\/\\\/adf-magazine.com\\\/#\\\/schema\\\/person\\\/f266a6061389568b5a11465bb38bc025\",\"name\":\"ADF\",\"image\":{\"@type\":\"ImageObject\",\"inLanguage\":\"pt-PT\",\"@id\":\"https:\\\/\\\/adf-magazine.com\\\/wp-content\\\/uploads\\\/2020\\\/05\\\/cropped-ADF_icon.jpg\",\"url\":\"https:\\\/\\\/adf-magazine.com\\\/wp-content\\\/uploads\\\/2020\\\/05\\\/cropped-ADF_icon.jpg\",\"contentUrl\":\"https:\\\/\\\/adf-magazine.com\\\/wp-content\\\/uploads\\\/2020\\\/05\\\/cropped-ADF_icon.jpg\",\"caption\":\"ADF\"},\"description\":\"ADF is a professional military magazine published quarterly by U.S. Africa Command to provide an international forum for African security professionals. ADF covers topics such as counter terrorism strategies, security and defense operations, transnational crime, and all other issues affecting peace, stability, and good governance on the African continent.\",\"sameAs\":[\"https:\\\/\\\/x.com\\\/ADFmagazine\"],\"url\":\"https:\\\/\\\/adf-magazine.com\\\/pt-pt\\\/author\\\/adf\\\/\"}]}<\/script>\n<!-- \/ Yoast SEO plugin. -->","yoast_head_json":{"title":"Junta Militar do Mali Esfor\u00e7a-se por Conter Aumento da Viol\u00eancia - Africa Defense Forum","robots":{"index":"index","follow":"follow","max-snippet":"max-snippet:-1","max-image-preview":"max-image-preview:large","max-video-preview":"max-video-preview:-1"},"canonical":"https:\/\/adf-magazine.com\/pt-pt\/2024\/10\/junta-militar-do-mali-esforca-se-por-conter-aumento-da-violencia\/","og_locale":"pt_PT","og_type":"article","og_title":"Junta Militar do Mali Esfor\u00e7a-se por Conter Aumento da Viol\u00eancia - Africa Defense Forum","og_description":"EQUIPA DA ADF A junta militar do Mali comprometeu-se repetidamente a restaurar a seguran\u00e7a no pa\u00eds depois de ter utilizado a amea\u00e7a terrorista como justifica\u00e7\u00e3o para os golpes de Estado de 2020 e 2021. Pelo contr\u00e1rio, a viol\u00eancia agravou-se. No ano passado, o Mali registou um aumento de 38% na viol\u00eancia contra civis, de acordo","og_url":"https:\/\/adf-magazine.com\/pt-pt\/2024\/10\/junta-militar-do-mali-esforca-se-por-conter-aumento-da-violencia\/","og_site_name":"Africa Defense Forum","article_publisher":"https:\/\/www.facebook.com\/ADFmagazine\/","article_published_time":"2024-10-01T19:30:23+00:00","og_image":[{"width":1024,"height":683,"url":"https:\/\/adf-magazine.com\/wp-content\/uploads\/2024\/10\/GettyImages-1207442214.jpg","type":"image\/jpeg"}],"author":"ADF","twitter_card":"summary_large_image","twitter_creator":"@ADFmagazine","twitter_site":"@ADFmagazine","twitter_misc":{"Escrito por":"ADF","Tempo estimado de leitura":"4 minutos"},"schema":{"@context":"https:\/\/schema.org","@graph":[{"@type":"Article","@id":"https:\/\/adf-magazine.com\/pt-pt\/2024\/10\/junta-militar-do-mali-esforca-se-por-conter-aumento-da-violencia\/#article","isPartOf":{"@id":"https:\/\/adf-magazine.com\/pt-pt\/2024\/10\/junta-militar-do-mali-esforca-se-por-conter-aumento-da-violencia\/"},"author":{"name":"ADF","@id":"https:\/\/adf-magazine.com\/#\/schema\/person\/f266a6061389568b5a11465bb38bc025"},"headline":"Junta Militar do Mali Esfor\u00e7a-se por Conter Aumento da Viol\u00eancia","datePublished":"2024-10-01T19:30:23+00:00","mainEntityOfPage":{"@id":"https:\/\/adf-magazine.com\/pt-pt\/2024\/10\/junta-militar-do-mali-esforca-se-por-conter-aumento-da-violencia\/"},"wordCount":838,"commentCount":0,"image":{"@id":"https:\/\/adf-magazine.com\/pt-pt\/2024\/10\/junta-militar-do-mali-esforca-se-por-conter-aumento-da-violencia\/#primaryimage"},"thumbnailUrl":"https:\/\/adf-magazine.com\/wp-content\/uploads\/2024\/10\/GettyImages-1207442214.jpg","keywords":["Mali","Manuten\u00e7\u00e3o de Paz","Russia","Sahel","Terrorism"],"articleSection":["Not\u00edcias diaries"],"inLanguage":"pt-PT","potentialAction":[{"@type":"CommentAction","name":"Comment","target":["https:\/\/adf-magazine.com\/pt-pt\/2024\/10\/junta-militar-do-mali-esforca-se-por-conter-aumento-da-violencia\/#respond"]}]},{"@type":"WebPage","@id":"https:\/\/adf-magazine.com\/pt-pt\/2024\/10\/junta-militar-do-mali-esforca-se-por-conter-aumento-da-violencia\/","url":"https:\/\/adf-magazine.com\/pt-pt\/2024\/10\/junta-militar-do-mali-esforca-se-por-conter-aumento-da-violencia\/","name":"Junta Militar do Mali Esfor\u00e7a-se por Conter Aumento da Viol\u00eancia - Africa Defense Forum","isPartOf":{"@id":"https:\/\/adf-magazine.com\/#website"},"primaryImageOfPage":{"@id":"https:\/\/adf-magazine.com\/pt-pt\/2024\/10\/junta-militar-do-mali-esforca-se-por-conter-aumento-da-violencia\/#primaryimage"},"image":{"@id":"https:\/\/adf-magazine.com\/pt-pt\/2024\/10\/junta-militar-do-mali-esforca-se-por-conter-aumento-da-violencia\/#primaryimage"},"thumbnailUrl":"https:\/\/adf-magazine.com\/wp-content\/uploads\/2024\/10\/GettyImages-1207442214.jpg","datePublished":"2024-10-01T19:30:23+00:00","author":{"@id":"https:\/\/adf-magazine.com\/#\/schema\/person\/f266a6061389568b5a11465bb38bc025"},"breadcrumb":{"@id":"https:\/\/adf-magazine.com\/pt-pt\/2024\/10\/junta-militar-do-mali-esforca-se-por-conter-aumento-da-violencia\/#breadcrumb"},"inLanguage":"pt-PT","potentialAction":[{"@type":"ReadAction","target":["https:\/\/adf-magazine.com\/pt-pt\/2024\/10\/junta-militar-do-mali-esforca-se-por-conter-aumento-da-violencia\/"]}]},{"@type":"ImageObject","inLanguage":"pt-PT","@id":"https:\/\/adf-magazine.com\/pt-pt\/2024\/10\/junta-militar-do-mali-esforca-se-por-conter-aumento-da-violencia\/#primaryimage","url":"https:\/\/adf-magazine.com\/wp-content\/uploads\/2024\/10\/GettyImages-1207442214.jpg","contentUrl":"https:\/\/adf-magazine.com\/wp-content\/uploads\/2024\/10\/GettyImages-1207442214.jpg","width":1024,"height":683,"caption":"An anti aircraft gun is seen mounted on the back of a pick up truck as militants from the Movement for the Salvation of Azawad (MSA), a Tuareg political and armed movement in the Azawad Region in Mali, gather in the desert outside Menaka on March 14, 2020 during the MSA congress. (Photo by Souleymane Ag Anara \/ AFP) (Photo by SOULEYMANE AG ANARA\/AFP via Getty Images)"},{"@type":"BreadcrumbList","@id":"https:\/\/adf-magazine.com\/pt-pt\/2024\/10\/junta-militar-do-mali-esforca-se-por-conter-aumento-da-violencia\/#breadcrumb","itemListElement":[{"@type":"ListItem","position":1,"name":"Home","item":"https:\/\/adf-magazine.com\/"},{"@type":"ListItem","position":2,"name":"Junta Militar do Mali Esfor\u00e7a-se por Conter Aumento da Viol\u00eancia"}]},{"@type":"WebSite","@id":"https:\/\/adf-magazine.com\/#website","url":"https:\/\/adf-magazine.com\/","name":"Africa Defense Forum","description":"Africa Defense Forum","potentialAction":[{"@type":"SearchAction","target":{"@type":"EntryPoint","urlTemplate":"https:\/\/adf-magazine.com\/?s={search_term_string}"},"query-input":{"@type":"PropertyValueSpecification","valueRequired":true,"valueName":"search_term_string"}}],"inLanguage":"pt-PT"},{"@type":"Person","@id":"https:\/\/adf-magazine.com\/#\/schema\/person\/f266a6061389568b5a11465bb38bc025","name":"ADF","image":{"@type":"ImageObject","inLanguage":"pt-PT","@id":"https:\/\/adf-magazine.com\/wp-content\/uploads\/2020\/05\/cropped-ADF_icon.jpg","url":"https:\/\/adf-magazine.com\/wp-content\/uploads\/2020\/05\/cropped-ADF_icon.jpg","contentUrl":"https:\/\/adf-magazine.com\/wp-content\/uploads\/2020\/05\/cropped-ADF_icon.jpg","caption":"ADF"},"description":"ADF is a professional military magazine published quarterly by U.S. Africa Command to provide an international forum for African security professionals. ADF covers topics such as counter terrorism strategies, security and defense operations, transnational crime, and all other issues affecting peace, stability, and good governance on the African continent.","sameAs":["https:\/\/x.com\/ADFmagazine"],"url":"https:\/\/adf-magazine.com\/pt-pt\/author\/adf\/"}]}},"_links":{"self":[{"href":"https:\/\/adf-magazine.com\/pt-pt\/wp-json\/wp\/v2\/posts\/118265","targetHints":{"allow":["GET"]}}],"collection":[{"href":"https:\/\/adf-magazine.com\/pt-pt\/wp-json\/wp\/v2\/posts"}],"about":[{"href":"https:\/\/adf-magazine.com\/pt-pt\/wp-json\/wp\/v2\/types\/post"}],"author":[{"embeddable":true,"href":"https:\/\/adf-magazine.com\/pt-pt\/wp-json\/wp\/v2\/users\/1"}],"replies":[{"embeddable":true,"href":"https:\/\/adf-magazine.com\/pt-pt\/wp-json\/wp\/v2\/comments?post=118265"}],"version-history":[{"count":0,"href":"https:\/\/adf-magazine.com\/pt-pt\/wp-json\/wp\/v2\/posts\/118265\/revisions"}],"wp:featuredmedia":[{"embeddable":true,"href":"https:\/\/adf-magazine.com\/pt-pt\/wp-json\/wp\/v2\/media\/118260"}],"wp:attachment":[{"href":"https:\/\/adf-magazine.com\/pt-pt\/wp-json\/wp\/v2\/media?parent=118265"}],"wp:term":[{"taxonomy":"category","embeddable":true,"href":"https:\/\/adf-magazine.com\/pt-pt\/wp-json\/wp\/v2\/categories?post=118265"},{"taxonomy":"post_tag","embeddable":true,"href":"https:\/\/adf-magazine.com\/pt-pt\/wp-json\/wp\/v2\/tags?post=118265"}],"curies":[{"name":"wp","href":"https:\/\/api.w.org\/{rel}","templated":true}]}}