{"id":117644,"date":"2024-09-17T15:24:28","date_gmt":"2024-09-17T19:24:28","guid":{"rendered":"https:\/\/adf-magazine.com\/?p=117644"},"modified":"2024-09-17T15:24:50","modified_gmt":"2024-09-17T19:24:50","slug":"observadores-preocupados-com-o-impacto-do-levantamento-do-embargo-de-armas-a-rca","status":"publish","type":"post","link":"https:\/\/adf-magazine.com\/pt-pt\/2024\/09\/observadores-preocupados-com-o-impacto-do-levantamento-do-embargo-de-armas-a-rca\/","title":{"rendered":"Observadores Preocupados Com o Impacto do Levantamento do Embargo de Armas \u00e0 RCA"},"content":{"rendered":"<p>EQUIPA DA ADF<\/p>\n<p>O recente levantamento do embargo de armas imposto pelas Na\u00e7\u00f5es Unidas \u00e0 Rep\u00fablica Centro-Africana, que dura h\u00e1 11 anos, foi elogiado como uma vit\u00f3ria diplom\u00e1tica, mas tamb\u00e9m suscitou preocupa\u00e7\u00f5es quanto ao seu potencial para agravar a inseguran\u00e7a na regi\u00e3o.<\/p>\n<p>\u201cO problema da seguran\u00e7a na \u00c1frica Central n\u00e3o pode ser resolvido apenas com a importa\u00e7\u00e3o de armas,\u201d os redactores do Corbeau News Centrafrique escreveram recentemente.<\/p>\n<p>A corrup\u00e7\u00e3o, a falta de disciplina nas For\u00e7as Armadas Centro-Africanas e a cont\u00ednua depend\u00eancia do governo em rela\u00e7\u00e3o aos mercen\u00e1rios russos continuam a ser os principais obst\u00e1culos \u00e0 paz, de acordo com os editores do Corbeau.<\/p>\n<p>O Presidente Faustin-Archange Touad\u00e9ra convidou o Africa Corps da R\u00fassia, na altura a corpora\u00e7\u00e3o militar privada conhecida como Grupo Wagner, a entrar na RCA em 2018. Os mercen\u00e1rios foram ostensivamente contratados para treinar as suas for\u00e7as armadas para combater os rebeldes da Coliga\u00e7\u00e3o dos Patriotas para a Mudan\u00e7a (CPC) que tentam reinstalar o antigo Presidente Fran\u00e7ois Boziz\u00e9, que vive no ex\u00edlio na Guin\u00e9-Bissau e est\u00e1 sujeito a um mandado de captura internacional.<\/p>\n<p>Boziz\u00e9 foi afastado do cargo em 2013. Nesse mesmo ano, a ONU imp\u00f4s o seu embargo de armas. Desde ent\u00e3o, o pa\u00eds tem estado em guerra.<\/p>\n<p>\u201cDurante anos, o regime de Touad\u00e9ra culpa o embargo de armas pela sua incapacidade de restaurar a seguran\u00e7a,\u201d escrevem os editores do Corbeau. \u201cNo entanto, o levantamento do embargo n\u00e3o p\u00f4s fim \u00e0 viol\u00eancia.\u201d<\/p>\n<p>O antigo Grupo Wagner tornou-se um dos principais actores da viol\u00eancia na RCA. Desde Dezembro de 2020, os mercen\u00e1rios russos mataram mais de 900 civis, o que os torna o grupo mais mort\u00edfero do pa\u00eds, de acordo com o Projecto de Localiza\u00e7\u00e3o de Conflitos Armados e Dados de Eventos.<\/p>\n<p>Os mercen\u00e1rios russos come\u00e7aram por ser conselheiros desarmados. No entanto, ao longo do tempo, a R\u00fassia explorou a falta de aplica\u00e7\u00e3o do embargo e introduziu ilegalmente armas no pa\u00eds, muitas vezes, sob o pretexto de defender as suas actividades mineiras.<\/p>\n<p>O analista Dami Fakolujo, que escreve para o site Spheres of Influence, observou recentemente que o embargo e outras medidas destinadas a travar a venda de armas falharam, em parte, porque os outros pa\u00edses n\u00e3o conseguiram aplic\u00e1-las.<\/p>\n<p>As lacunas que permitiam a aquisi\u00e7\u00e3o de armas pelas for\u00e7as armadas nacionais significavam que essas mesmas armas acabavam frequentemente nas m\u00e3os dos rebeldes. Os grupos rebeldes e os seus apoiantes contrabandeavam habitualmente armas e muni\u00e7\u00f5es para a RCA a partir da Rep\u00fablica Democr\u00e1tica do Congo e do Sud\u00e3o.<\/p>\n<p>\u201cAl\u00e9m disso, pa\u00edses como a R\u00fassia desrespeitam descaradamente estes embargos, o que leva a uma incapacidade de resolver as complexas causas socioecon\u00f3micas do com\u00e9rcio de armas,\u201d escreveu Fakolujo.<\/p>\n<p>Apesar do embargo, em 2017, verificou-se que a RCA possu\u00eda a segunda maior quantidade de armas ligeiras e de pequeno calibre ilegais entre nove pa\u00edses africanos estudados. Algumas dessas armas provinham do Chade e da RDC, de acordo com o Small Arms Survey, que monitoriza o tr\u00e1fico deste tipo de armas.<\/p>\n<p>As autoridades da RCA e os seus apoiantes na ONU argumentaram durante muitos anos que o embargo de armas os colocava em desvantagem contra os grupos rebeldes. Ao levantar o embargo de armas, a ONU continua a proibir a venda de armas a grupos armados at\u00e9 Julho de 2025. Manteve igualmente em vigor, at\u00e9 essa altura, san\u00e7\u00f5es espec\u00edficas contra determinados grupos e indiv\u00edduos.<\/p>\n<p>O levantamento do embargo da ONU coincide com o actual colapso da CPC. Nos \u00faltimos meses, o grupo fracturou-se e enfraqueceu. Pelo menos uma fac\u00e7\u00e3o contactou o governo para iniciar conversa\u00e7\u00f5es de paz em Agosto. Outras fac\u00e7\u00f5es da CPC e cerca de uma dezena de outros grupos rebeldes continuam a atacar civis.<\/p>\n<p>Os peritos afirmam que o levantamento do embargo de armas \u00e0 RCA poder\u00e1 conduzir a uma maior inseguran\u00e7a, aumentando o fluxo de armas atrav\u00e9s das fronteiras, nomeadamente para o Sud\u00e3o.<\/p>\n<p>As For\u00e7as de Apoio R\u00e1pido do Sud\u00e3o controlam o posto fronteiri\u00e7o de Am Dafok com a RCA e utilizam essa capacidade para trazer armas e combatentes da RCA.<\/p>\n<p>\u201cEste quadro sombrio mostra que, para al\u00e9m dos apelos ao desarmamento e dos an\u00fancios do levantamento do embargo, a Rep\u00fablica Centro-Africana est\u00e1 ainda longe da paz e da estabilidade,\u201d escrevem os redactores do Corbeau. \u201cA viol\u00eancia continua a assolar o pa\u00eds, exacerbada pelas for\u00e7as que deveriam combat\u00ea-la.\u201d<\/p>\n","protected":false},"excerpt":{"rendered":"<p>EQUIPA DA ADF O recente levantamento do embargo de armas imposto pelas Na\u00e7\u00f5es Unidas \u00e0 Rep\u00fablica Centro-Africana, que dura h\u00e1 11 anos, foi elogiado como uma vit\u00f3ria diplom\u00e1tica, mas tamb\u00e9m suscitou preocupa\u00e7\u00f5es quanto ao seu potencial para agravar a inseguran\u00e7a na regi\u00e3o. \u201cO problema da seguran\u00e7a na \u00c1frica Central n\u00e3o pode ser resolvido apenas com<\/p>\n","protected":false},"author":1,"featured_media":117636,"comment_status":"open","ping_status":"closed","sticky":false,"template":"","format":"standard","meta":{"_acf_changed":false,"_monsterinsights_skip_tracking":false,"_monsterinsights_sitenote_active":false,"_monsterinsights_sitenote_note":"","_monsterinsights_sitenote_category":0,"_uf_show_specific_survey":0,"_uf_disable_surveys":false,"footnotes":""},"categories":[363],"tags":[609,447,611,637,1070],"class_list":{"0":"post-117644","1":"post","2":"type-post","3":"status-publish","4":"format-standard","5":"has-post-thumbnail","7":"category-melhores-historias","8":"tag-republica-centro-africana","9":"tag-republica-democratica-do-congo","10":"tag-russia-pt-pt","11":"tag-sudao","12":"tag-trafico-de-armas-pt-pt"},"acf":[],"yoast_head":"<!-- This site is optimized with the Yoast SEO plugin v27.4 - https:\/\/yoast.com\/product\/yoast-seo-wordpress\/ -->\n<title>Observadores Preocupados Com o Impacto do Levantamento do Embargo de Armas \u00e0 RCA - Africa Defense Forum<\/title>\n<meta name=\"robots\" content=\"index, follow, max-snippet:-1, max-image-preview:large, max-video-preview:-1\" \/>\n<link rel=\"canonical\" href=\"https:\/\/adf-magazine.com\/pt-pt\/2024\/09\/observadores-preocupados-com-o-impacto-do-levantamento-do-embargo-de-armas-a-rca\/\" \/>\n<meta property=\"og:locale\" content=\"pt_PT\" \/>\n<meta property=\"og:type\" content=\"article\" \/>\n<meta property=\"og:title\" content=\"Observadores Preocupados Com o Impacto do Levantamento do Embargo de Armas \u00e0 RCA - Africa Defense Forum\" \/>\n<meta property=\"og:description\" content=\"EQUIPA DA ADF O recente levantamento do embargo de armas imposto pelas Na\u00e7\u00f5es Unidas \u00e0 Rep\u00fablica Centro-Africana, que dura h\u00e1 11 anos, foi elogiado como uma vit\u00f3ria diplom\u00e1tica, mas tamb\u00e9m suscitou preocupa\u00e7\u00f5es quanto ao seu potencial para agravar a inseguran\u00e7a na regi\u00e3o. \u201cO problema da seguran\u00e7a na \u00c1frica Central n\u00e3o pode ser resolvido apenas com\" \/>\n<meta property=\"og:url\" content=\"https:\/\/adf-magazine.com\/pt-pt\/2024\/09\/observadores-preocupados-com-o-impacto-do-levantamento-do-embargo-de-armas-a-rca\/\" \/>\n<meta property=\"og:site_name\" content=\"Africa Defense Forum\" \/>\n<meta property=\"article:publisher\" content=\"https:\/\/www.facebook.com\/ADFmagazine\/\" \/>\n<meta property=\"article:published_time\" content=\"2024-09-17T19:24:28+00:00\" \/>\n<meta property=\"article:modified_time\" content=\"2024-09-17T19:24:50+00:00\" \/>\n<meta property=\"og:image\" content=\"https:\/\/adf-magazine.com\/wp-content\/uploads\/2024\/09\/GettyImages-467591329.jpg\" \/>\n\t<meta property=\"og:image:width\" content=\"1024\" \/>\n\t<meta property=\"og:image:height\" content=\"681\" \/>\n\t<meta property=\"og:image:type\" content=\"image\/jpeg\" \/>\n<meta name=\"author\" content=\"ADF\" \/>\n<meta name=\"twitter:card\" content=\"summary_large_image\" \/>\n<meta name=\"twitter:creator\" content=\"@ADFmagazine\" \/>\n<meta name=\"twitter:site\" content=\"@ADFmagazine\" \/>\n<meta name=\"twitter:label1\" content=\"Escrito por\" \/>\n\t<meta name=\"twitter:data1\" content=\"ADF\" \/>\n\t<meta name=\"twitter:label2\" content=\"Tempo estimado de leitura\" \/>\n\t<meta name=\"twitter:data2\" content=\"4 minutos\" \/>\n<script type=\"application\/ld+json\" class=\"yoast-schema-graph\">{\"@context\":\"https:\\\/\\\/schema.org\",\"@graph\":[{\"@type\":\"Article\",\"@id\":\"https:\\\/\\\/adf-magazine.com\\\/pt-pt\\\/2024\\\/09\\\/observadores-preocupados-com-o-impacto-do-levantamento-do-embargo-de-armas-a-rca\\\/#article\",\"isPartOf\":{\"@id\":\"https:\\\/\\\/adf-magazine.com\\\/pt-pt\\\/2024\\\/09\\\/observadores-preocupados-com-o-impacto-do-levantamento-do-embargo-de-armas-a-rca\\\/\"},\"author\":{\"name\":\"ADF\",\"@id\":\"https:\\\/\\\/adf-magazine.com\\\/#\\\/schema\\\/person\\\/f266a6061389568b5a11465bb38bc025\"},\"headline\":\"Observadores Preocupados Com o Impacto do Levantamento do Embargo de Armas \u00e0 RCA\",\"datePublished\":\"2024-09-17T19:24:28+00:00\",\"dateModified\":\"2024-09-17T19:24:50+00:00\",\"mainEntityOfPage\":{\"@id\":\"https:\\\/\\\/adf-magazine.com\\\/pt-pt\\\/2024\\\/09\\\/observadores-preocupados-com-o-impacto-do-levantamento-do-embargo-de-armas-a-rca\\\/\"},\"wordCount\":793,\"commentCount\":0,\"image\":{\"@id\":\"https:\\\/\\\/adf-magazine.com\\\/pt-pt\\\/2024\\\/09\\\/observadores-preocupados-com-o-impacto-do-levantamento-do-embargo-de-armas-a-rca\\\/#primaryimage\"},\"thumbnailUrl\":\"https:\\\/\\\/adf-magazine.com\\\/wp-content\\\/uploads\\\/2024\\\/09\\\/GettyImages-467591329.jpg\",\"keywords\":[\"Rep\u00fablica Centro-Africana\",\"Rep\u00fablica Democr\u00e1tica do Congo\",\"Russia\",\"Sud\u00e3o\",\"tr\u00e1fico de armas\"],\"articleSection\":[\"Not\u00edcias diaries\"],\"inLanguage\":\"pt-PT\",\"potentialAction\":[{\"@type\":\"CommentAction\",\"name\":\"Comment\",\"target\":[\"https:\\\/\\\/adf-magazine.com\\\/pt-pt\\\/2024\\\/09\\\/observadores-preocupados-com-o-impacto-do-levantamento-do-embargo-de-armas-a-rca\\\/#respond\"]}]},{\"@type\":\"WebPage\",\"@id\":\"https:\\\/\\\/adf-magazine.com\\\/pt-pt\\\/2024\\\/09\\\/observadores-preocupados-com-o-impacto-do-levantamento-do-embargo-de-armas-a-rca\\\/\",\"url\":\"https:\\\/\\\/adf-magazine.com\\\/pt-pt\\\/2024\\\/09\\\/observadores-preocupados-com-o-impacto-do-levantamento-do-embargo-de-armas-a-rca\\\/\",\"name\":\"Observadores Preocupados Com o Impacto do Levantamento do Embargo de Armas \u00e0 RCA - Africa Defense Forum\",\"isPartOf\":{\"@id\":\"https:\\\/\\\/adf-magazine.com\\\/#website\"},\"primaryImageOfPage\":{\"@id\":\"https:\\\/\\\/adf-magazine.com\\\/pt-pt\\\/2024\\\/09\\\/observadores-preocupados-com-o-impacto-do-levantamento-do-embargo-de-armas-a-rca\\\/#primaryimage\"},\"image\":{\"@id\":\"https:\\\/\\\/adf-magazine.com\\\/pt-pt\\\/2024\\\/09\\\/observadores-preocupados-com-o-impacto-do-levantamento-do-embargo-de-armas-a-rca\\\/#primaryimage\"},\"thumbnailUrl\":\"https:\\\/\\\/adf-magazine.com\\\/wp-content\\\/uploads\\\/2024\\\/09\\\/GettyImages-467591329.jpg\",\"datePublished\":\"2024-09-17T19:24:28+00:00\",\"dateModified\":\"2024-09-17T19:24:50+00:00\",\"author\":{\"@id\":\"https:\\\/\\\/adf-magazine.com\\\/#\\\/schema\\\/person\\\/f266a6061389568b5a11465bb38bc025\"},\"breadcrumb\":{\"@id\":\"https:\\\/\\\/adf-magazine.com\\\/pt-pt\\\/2024\\\/09\\\/observadores-preocupados-com-o-impacto-do-levantamento-do-embargo-de-armas-a-rca\\\/#breadcrumb\"},\"inLanguage\":\"pt-PT\",\"potentialAction\":[{\"@type\":\"ReadAction\",\"target\":[\"https:\\\/\\\/adf-magazine.com\\\/pt-pt\\\/2024\\\/09\\\/observadores-preocupados-com-o-impacto-do-levantamento-do-embargo-de-armas-a-rca\\\/\"]}]},{\"@type\":\"ImageObject\",\"inLanguage\":\"pt-PT\",\"@id\":\"https:\\\/\\\/adf-magazine.com\\\/pt-pt\\\/2024\\\/09\\\/observadores-preocupados-com-o-impacto-do-levantamento-do-embargo-de-armas-a-rca\\\/#primaryimage\",\"url\":\"https:\\\/\\\/adf-magazine.com\\\/wp-content\\\/uploads\\\/2024\\\/09\\\/GettyImages-467591329.jpg\",\"contentUrl\":\"https:\\\/\\\/adf-magazine.com\\\/wp-content\\\/uploads\\\/2024\\\/09\\\/GettyImages-467591329.jpg\",\"width\":1024,\"height\":681,\"caption\":\"As Na\u00e7\u00f5es Unidas levantaram recentemente um embargo de armas de 11 anos \u00e0 Rep\u00fablica Centro-Africana, abrindo caminho para a entrada de mais armas no pa\u00eds e, potencialmente, para zonas de conflito na regi\u00e3o. AFP\\\/GETTY IMAGES\"},{\"@type\":\"BreadcrumbList\",\"@id\":\"https:\\\/\\\/adf-magazine.com\\\/pt-pt\\\/2024\\\/09\\\/observadores-preocupados-com-o-impacto-do-levantamento-do-embargo-de-armas-a-rca\\\/#breadcrumb\",\"itemListElement\":[{\"@type\":\"ListItem\",\"position\":1,\"name\":\"Home\",\"item\":\"https:\\\/\\\/adf-magazine.com\\\/\"},{\"@type\":\"ListItem\",\"position\":2,\"name\":\"Observadores Preocupados Com o Impacto do Levantamento do Embargo de Armas \u00e0 RCA\"}]},{\"@type\":\"WebSite\",\"@id\":\"https:\\\/\\\/adf-magazine.com\\\/#website\",\"url\":\"https:\\\/\\\/adf-magazine.com\\\/\",\"name\":\"Africa Defense Forum\",\"description\":\"Africa Defense Forum\",\"potentialAction\":[{\"@type\":\"SearchAction\",\"target\":{\"@type\":\"EntryPoint\",\"urlTemplate\":\"https:\\\/\\\/adf-magazine.com\\\/?s={search_term_string}\"},\"query-input\":{\"@type\":\"PropertyValueSpecification\",\"valueRequired\":true,\"valueName\":\"search_term_string\"}}],\"inLanguage\":\"pt-PT\"},{\"@type\":\"Person\",\"@id\":\"https:\\\/\\\/adf-magazine.com\\\/#\\\/schema\\\/person\\\/f266a6061389568b5a11465bb38bc025\",\"name\":\"ADF\",\"image\":{\"@type\":\"ImageObject\",\"inLanguage\":\"pt-PT\",\"@id\":\"https:\\\/\\\/adf-magazine.com\\\/wp-content\\\/uploads\\\/2020\\\/05\\\/cropped-ADF_icon.jpg\",\"url\":\"https:\\\/\\\/adf-magazine.com\\\/wp-content\\\/uploads\\\/2020\\\/05\\\/cropped-ADF_icon.jpg\",\"contentUrl\":\"https:\\\/\\\/adf-magazine.com\\\/wp-content\\\/uploads\\\/2020\\\/05\\\/cropped-ADF_icon.jpg\",\"caption\":\"ADF\"},\"description\":\"ADF is a professional military magazine published quarterly by U.S. Africa Command to provide an international forum for African security professionals. ADF covers topics such as counter terrorism strategies, security and defense operations, transnational crime, and all other issues affecting peace, stability, and good governance on the African continent.\",\"sameAs\":[\"https:\\\/\\\/x.com\\\/ADFmagazine\"],\"url\":\"https:\\\/\\\/adf-magazine.com\\\/pt-pt\\\/author\\\/adf\\\/\"}]}<\/script>\n<!-- \/ Yoast SEO plugin. -->","yoast_head_json":{"title":"Observadores Preocupados Com o Impacto do Levantamento do Embargo de Armas \u00e0 RCA - Africa Defense Forum","robots":{"index":"index","follow":"follow","max-snippet":"max-snippet:-1","max-image-preview":"max-image-preview:large","max-video-preview":"max-video-preview:-1"},"canonical":"https:\/\/adf-magazine.com\/pt-pt\/2024\/09\/observadores-preocupados-com-o-impacto-do-levantamento-do-embargo-de-armas-a-rca\/","og_locale":"pt_PT","og_type":"article","og_title":"Observadores Preocupados Com o Impacto do Levantamento do Embargo de Armas \u00e0 RCA - Africa Defense Forum","og_description":"EQUIPA DA ADF O recente levantamento do embargo de armas imposto pelas Na\u00e7\u00f5es Unidas \u00e0 Rep\u00fablica Centro-Africana, que dura h\u00e1 11 anos, foi elogiado como uma vit\u00f3ria diplom\u00e1tica, mas tamb\u00e9m suscitou preocupa\u00e7\u00f5es quanto ao seu potencial para agravar a inseguran\u00e7a na regi\u00e3o. \u201cO problema da seguran\u00e7a na \u00c1frica Central n\u00e3o pode ser resolvido apenas com","og_url":"https:\/\/adf-magazine.com\/pt-pt\/2024\/09\/observadores-preocupados-com-o-impacto-do-levantamento-do-embargo-de-armas-a-rca\/","og_site_name":"Africa Defense Forum","article_publisher":"https:\/\/www.facebook.com\/ADFmagazine\/","article_published_time":"2024-09-17T19:24:28+00:00","article_modified_time":"2024-09-17T19:24:50+00:00","og_image":[{"width":1024,"height":681,"url":"https:\/\/adf-magazine.com\/wp-content\/uploads\/2024\/09\/GettyImages-467591329.jpg","type":"image\/jpeg"}],"author":"ADF","twitter_card":"summary_large_image","twitter_creator":"@ADFmagazine","twitter_site":"@ADFmagazine","twitter_misc":{"Escrito por":"ADF","Tempo estimado de leitura":"4 minutos"},"schema":{"@context":"https:\/\/schema.org","@graph":[{"@type":"Article","@id":"https:\/\/adf-magazine.com\/pt-pt\/2024\/09\/observadores-preocupados-com-o-impacto-do-levantamento-do-embargo-de-armas-a-rca\/#article","isPartOf":{"@id":"https:\/\/adf-magazine.com\/pt-pt\/2024\/09\/observadores-preocupados-com-o-impacto-do-levantamento-do-embargo-de-armas-a-rca\/"},"author":{"name":"ADF","@id":"https:\/\/adf-magazine.com\/#\/schema\/person\/f266a6061389568b5a11465bb38bc025"},"headline":"Observadores Preocupados Com o Impacto do Levantamento do Embargo de Armas \u00e0 RCA","datePublished":"2024-09-17T19:24:28+00:00","dateModified":"2024-09-17T19:24:50+00:00","mainEntityOfPage":{"@id":"https:\/\/adf-magazine.com\/pt-pt\/2024\/09\/observadores-preocupados-com-o-impacto-do-levantamento-do-embargo-de-armas-a-rca\/"},"wordCount":793,"commentCount":0,"image":{"@id":"https:\/\/adf-magazine.com\/pt-pt\/2024\/09\/observadores-preocupados-com-o-impacto-do-levantamento-do-embargo-de-armas-a-rca\/#primaryimage"},"thumbnailUrl":"https:\/\/adf-magazine.com\/wp-content\/uploads\/2024\/09\/GettyImages-467591329.jpg","keywords":["Rep\u00fablica Centro-Africana","Rep\u00fablica Democr\u00e1tica do Congo","Russia","Sud\u00e3o","tr\u00e1fico de armas"],"articleSection":["Not\u00edcias diaries"],"inLanguage":"pt-PT","potentialAction":[{"@type":"CommentAction","name":"Comment","target":["https:\/\/adf-magazine.com\/pt-pt\/2024\/09\/observadores-preocupados-com-o-impacto-do-levantamento-do-embargo-de-armas-a-rca\/#respond"]}]},{"@type":"WebPage","@id":"https:\/\/adf-magazine.com\/pt-pt\/2024\/09\/observadores-preocupados-com-o-impacto-do-levantamento-do-embargo-de-armas-a-rca\/","url":"https:\/\/adf-magazine.com\/pt-pt\/2024\/09\/observadores-preocupados-com-o-impacto-do-levantamento-do-embargo-de-armas-a-rca\/","name":"Observadores Preocupados Com o Impacto do Levantamento do Embargo de Armas \u00e0 RCA - Africa Defense Forum","isPartOf":{"@id":"https:\/\/adf-magazine.com\/#website"},"primaryImageOfPage":{"@id":"https:\/\/adf-magazine.com\/pt-pt\/2024\/09\/observadores-preocupados-com-o-impacto-do-levantamento-do-embargo-de-armas-a-rca\/#primaryimage"},"image":{"@id":"https:\/\/adf-magazine.com\/pt-pt\/2024\/09\/observadores-preocupados-com-o-impacto-do-levantamento-do-embargo-de-armas-a-rca\/#primaryimage"},"thumbnailUrl":"https:\/\/adf-magazine.com\/wp-content\/uploads\/2024\/09\/GettyImages-467591329.jpg","datePublished":"2024-09-17T19:24:28+00:00","dateModified":"2024-09-17T19:24:50+00:00","author":{"@id":"https:\/\/adf-magazine.com\/#\/schema\/person\/f266a6061389568b5a11465bb38bc025"},"breadcrumb":{"@id":"https:\/\/adf-magazine.com\/pt-pt\/2024\/09\/observadores-preocupados-com-o-impacto-do-levantamento-do-embargo-de-armas-a-rca\/#breadcrumb"},"inLanguage":"pt-PT","potentialAction":[{"@type":"ReadAction","target":["https:\/\/adf-magazine.com\/pt-pt\/2024\/09\/observadores-preocupados-com-o-impacto-do-levantamento-do-embargo-de-armas-a-rca\/"]}]},{"@type":"ImageObject","inLanguage":"pt-PT","@id":"https:\/\/adf-magazine.com\/pt-pt\/2024\/09\/observadores-preocupados-com-o-impacto-do-levantamento-do-embargo-de-armas-a-rca\/#primaryimage","url":"https:\/\/adf-magazine.com\/wp-content\/uploads\/2024\/09\/GettyImages-467591329.jpg","contentUrl":"https:\/\/adf-magazine.com\/wp-content\/uploads\/2024\/09\/GettyImages-467591329.jpg","width":1024,"height":681,"caption":"As Na\u00e7\u00f5es Unidas levantaram recentemente um embargo de armas de 11 anos \u00e0 Rep\u00fablica Centro-Africana, abrindo caminho para a entrada de mais armas no pa\u00eds e, potencialmente, para zonas de conflito na regi\u00e3o. AFP\/GETTY IMAGES"},{"@type":"BreadcrumbList","@id":"https:\/\/adf-magazine.com\/pt-pt\/2024\/09\/observadores-preocupados-com-o-impacto-do-levantamento-do-embargo-de-armas-a-rca\/#breadcrumb","itemListElement":[{"@type":"ListItem","position":1,"name":"Home","item":"https:\/\/adf-magazine.com\/"},{"@type":"ListItem","position":2,"name":"Observadores Preocupados Com o Impacto do Levantamento do Embargo de Armas \u00e0 RCA"}]},{"@type":"WebSite","@id":"https:\/\/adf-magazine.com\/#website","url":"https:\/\/adf-magazine.com\/","name":"Africa Defense Forum","description":"Africa Defense Forum","potentialAction":[{"@type":"SearchAction","target":{"@type":"EntryPoint","urlTemplate":"https:\/\/adf-magazine.com\/?s={search_term_string}"},"query-input":{"@type":"PropertyValueSpecification","valueRequired":true,"valueName":"search_term_string"}}],"inLanguage":"pt-PT"},{"@type":"Person","@id":"https:\/\/adf-magazine.com\/#\/schema\/person\/f266a6061389568b5a11465bb38bc025","name":"ADF","image":{"@type":"ImageObject","inLanguage":"pt-PT","@id":"https:\/\/adf-magazine.com\/wp-content\/uploads\/2020\/05\/cropped-ADF_icon.jpg","url":"https:\/\/adf-magazine.com\/wp-content\/uploads\/2020\/05\/cropped-ADF_icon.jpg","contentUrl":"https:\/\/adf-magazine.com\/wp-content\/uploads\/2020\/05\/cropped-ADF_icon.jpg","caption":"ADF"},"description":"ADF is a professional military magazine published quarterly by U.S. Africa Command to provide an international forum for African security professionals. ADF covers topics such as counter terrorism strategies, security and defense operations, transnational crime, and all other issues affecting peace, stability, and good governance on the African continent.","sameAs":["https:\/\/x.com\/ADFmagazine"],"url":"https:\/\/adf-magazine.com\/pt-pt\/author\/adf\/"}]}},"_links":{"self":[{"href":"https:\/\/adf-magazine.com\/pt-pt\/wp-json\/wp\/v2\/posts\/117644","targetHints":{"allow":["GET"]}}],"collection":[{"href":"https:\/\/adf-magazine.com\/pt-pt\/wp-json\/wp\/v2\/posts"}],"about":[{"href":"https:\/\/adf-magazine.com\/pt-pt\/wp-json\/wp\/v2\/types\/post"}],"author":[{"embeddable":true,"href":"https:\/\/adf-magazine.com\/pt-pt\/wp-json\/wp\/v2\/users\/1"}],"replies":[{"embeddable":true,"href":"https:\/\/adf-magazine.com\/pt-pt\/wp-json\/wp\/v2\/comments?post=117644"}],"version-history":[{"count":0,"href":"https:\/\/adf-magazine.com\/pt-pt\/wp-json\/wp\/v2\/posts\/117644\/revisions"}],"wp:featuredmedia":[{"embeddable":true,"href":"https:\/\/adf-magazine.com\/pt-pt\/wp-json\/wp\/v2\/media\/117636"}],"wp:attachment":[{"href":"https:\/\/adf-magazine.com\/pt-pt\/wp-json\/wp\/v2\/media?parent=117644"}],"wp:term":[{"taxonomy":"category","embeddable":true,"href":"https:\/\/adf-magazine.com\/pt-pt\/wp-json\/wp\/v2\/categories?post=117644"},{"taxonomy":"post_tag","embeddable":true,"href":"https:\/\/adf-magazine.com\/pt-pt\/wp-json\/wp\/v2\/tags?post=117644"}],"curies":[{"name":"wp","href":"https:\/\/api.w.org\/{rel}","templated":true}]}}