{"id":117215,"date":"2024-09-10T13:38:54","date_gmt":"2024-09-10T17:38:54","guid":{"rendered":"https:\/\/adf-magazine.com\/?p=117215"},"modified":"2024-09-10T13:39:38","modified_gmt":"2024-09-10T17:39:38","slug":"militares-libios-e-dos-eua-debatem-cooperacao-e-resposta-a-desastres","status":"publish","type":"post","link":"https:\/\/adf-magazine.com\/pt-pt\/2024\/09\/militares-libios-e-dos-eua-debatem-cooperacao-e-resposta-a-desastres\/","title":{"rendered":"Militares L\u00edbios e dos EUA Debatem Coopera\u00e7\u00e3o e Resposta a Desastres"},"content":{"rendered":"<div>\n<p><span lang=\"PT\">EQUIPA DA ADF<\/span><\/p>\n<p>Em Agosto, oficiais militares l\u00edbios juntaram-se a oficiais militares dos Estados Unidos para um semin\u00e1rio de tr\u00eas dias em Malta, com o objectivo de refor\u00e7ar a coopera\u00e7\u00e3o.<\/p>\n<p>Os funcion\u00e1rios partilharam experi\u00eancias sobre a atenua\u00e7\u00e3o de crises e a redu\u00e7\u00e3o de danos causados aos civis durante as opera\u00e7\u00f5es militares. As conversa\u00e7\u00f5es centraram-se tamb\u00e9m no envolvimento da comunidade em zonas de conflito, na resposta a crises emergentes e na coordena\u00e7\u00e3o eficaz durante os desastres naturais.<\/p>\n<p>\u201cEste compromisso marca um passo significativo na nossa coopera\u00e7\u00e3o em curso,\u201d um oficial militar dos EUA disse num comunicado de imprensa. \u201cEstou optimista de que este \u00e9 apenas o in\u00edcio dos nossos esfor\u00e7os de colabora\u00e7\u00e3o.\u201d<\/p>\n<p>Os representantes militares l\u00edbios tamb\u00e9m sublinharam a import\u00e2ncia da adaptabilidade e do envolvimento da comunidade numa gest\u00e3o de crises bem-sucedida.<\/p>\n<\/div>\n<div>\n<p><span lang=\"PT\">Durante o semin\u00e1rio, o contingente americano tamb\u00e9m visitou os barcos de patrulha P51 e P71 das For\u00e7as Armadas de Malta, o que suscitou um debate sobre o papel dos meios navais durante os desastres e as opera\u00e7\u00f5es de busca e salvamento mar\u00edtimo.<\/span><\/p>\n<p>\u201cA experi\u00eancia em primeira m\u00e3o das instala\u00e7\u00f5es mar\u00edtimas de Malta alargou a nossa compreens\u00e3o da resposta integrada a crises, particularmente em contextos mar\u00edtimos,\u201d um outro representante militar dos EUA disse no comunicado de imprensa. \u201c\u00c9 uma excelente oportunidade para ver como os seus meios mar\u00edtimos s\u00e3o utilizados em coordena\u00e7\u00e3o com as autoridades civis nos esfor\u00e7os de socorro em caso de desastre e nas opera\u00e7\u00f5es de seguran\u00e7a.\u201d<\/p>\n<figure id=\"attachment_117209\" aria-describedby=\"caption-attachment-117209\" style=\"width: 1080px\" class=\"wp-caption aligncenter\"><a href=\"https:\/\/adf-magazine.com\/wp-content\/uploads\/2024\/09\/MALTA2.jpg\"><img fetchpriority=\"high\" decoding=\"async\" class=\"size-full wp-image-117209\" src=\"https:\/\/adf-magazine.com\/wp-content\/uploads\/2024\/09\/MALTA2.jpg\" alt=\"\" width=\"1080\" height=\"719\" srcset=\"https:\/\/adf-magazine.com\/wp-content\/uploads\/2024\/09\/MALTA2.jpg 1080w, https:\/\/adf-magazine.com\/wp-content\/uploads\/2024\/09\/MALTA2-300x200.jpg 300w, https:\/\/adf-magazine.com\/wp-content\/uploads\/2024\/09\/MALTA2-1024x682.jpg 1024w, https:\/\/adf-magazine.com\/wp-content\/uploads\/2024\/09\/MALTA2-768x511.jpg 768w, https:\/\/adf-magazine.com\/wp-content\/uploads\/2024\/09\/MALTA2-272x182.jpg 272w\" sizes=\"(max-width: 1080px) 100vw, 1080px\" \/><\/a><figcaption id=\"caption-attachment-117209\" class=\"wp-caption-text\">Oficiais militares dos EUA e da L\u00edbia visitam barcos de patrulha das For\u00e7as Armadas de Malta durante um evento centrado nas capacidades mar\u00edtimas em Valletta, Malta, no dia 21 de Agosto de 2024. CAPIT\u00c3O REED MILBRATH\/FOR\u00c7A A\u00c9REA DOS EUA<\/figcaption><\/figure>\n<p>A import\u00e2ncia da coopera\u00e7\u00e3o foi sublinhada no in\u00edcio de Setembro de 2023, quando as fortes chuvas causadas pelo ciclone Daniel provocaram a ruptura de duas barragens antigas na cidade de Derna, na L\u00edbia, arrastando bairros inteiros para o Mar Mediterr\u00e2neo. As inunda\u00e7\u00f5es repentinas mataram mais de 4.350 pessoas e cerca de 8.540 ficaram desaparecidas.<\/p>\n<p>Hani Elbah, um funcion\u00e1rio p\u00fablico de 47 anos, viu a inunda\u00e7\u00e3o aproximar-se e assistiu \u00e0 destrui\u00e7\u00e3o, pelas \u00e1guas, de um edif\u00edcio de sete andares onde viviam 21 fam\u00edlias.<\/p>\n<p>\u201cAs fam\u00edlias estavam todas l\u00e1 em cima,\u201d disse Elbah \u00e0 Voz da Am\u00e9rica (VOA). \u201cA inunda\u00e7\u00e3o esmagou-o como a um pacote de leite.\u201d<\/p>\n<p>O desastre exigiu 1,8 bilh\u00f5es de d\u00f3lares para a reconstru\u00e7\u00e3o e recupera\u00e7\u00e3o, de acordo com um relat\u00f3rio conjunto do Banco Mundial, das Na\u00e7\u00f5es Unidas e da Uni\u00e3o Europeia. Segundo o relat\u00f3rio, o desastre afectou cerca de 1,5 milh\u00f5es de pessoas, ou seja, 22% da popula\u00e7\u00e3o da L\u00edbia.<\/p>\n<p>No total, cerca de 250.000 pessoas foram seleccionadas para receber assist\u00eancia at\u00e9 Dezembro de 2023, com um custo de mais de 71 milh\u00f5es de d\u00f3lares.<\/p>\n<p>\u201cA cidade j\u00e1 estava desgastada antes,\u201d disse Elbah \u00e0 VOA. \u201cAgora precisamos de tudo, de A a Z. Precisamos de infra-estruturas, projectos de habita\u00e7\u00e3o e projectos de abastecimento de \u00e1gua. Precisamos sobretudo de apoio psicol\u00f3gico.\u201d<\/p>\n<p>Poucos dias depois da inunda\u00e7\u00e3o, a Ag\u00eancia dos Estados Unidos para o Desenvolvimento Internacional (USAID) doou 1 milh\u00e3o de d\u00f3lares em fundos iniciais de assist\u00eancia a cat\u00e1strofes, activou uma Equipa de Resposta de Assist\u00eancia a Cat\u00e1strofes em T\u00fanis, Tun\u00edsia, e uma Equipa de Gest\u00e3o de Resposta em Washington, D.C.<\/p>\n<p>No in\u00edcio de Outubro, a USAID transportou por via a\u00e9rea 3 toneladas m\u00e9tricas de ajuda de emerg\u00eancia para a L\u00edbia, incluindo \u00e1gua, saneamento e artigos de higiene. Este facto elevou a quantidade total de bens de emerg\u00eancia entregues pela USAID para 29 toneladas m\u00e9tricas.<\/p>\n<p>No total, o governo dos EUA forneceu mais de 900 milh\u00f5es de d\u00f3lares em assist\u00eancia \u00e0 L\u00edbia desde 2011, incluindo cerca de 275 milh\u00f5es de d\u00f3lares para assist\u00eancia humanit\u00e1ria.<\/p>\n<\/div>\n","protected":false},"excerpt":{"rendered":"<p>EQUIPA DA ADF Em Agosto, oficiais militares l\u00edbios juntaram-se a oficiais militares dos Estados Unidos para um semin\u00e1rio de tr\u00eas dias em Malta, com o objectivo de refor\u00e7ar a coopera\u00e7\u00e3o. Os funcion\u00e1rios partilharam experi\u00eancias sobre a atenua\u00e7\u00e3o de crises e a redu\u00e7\u00e3o de danos causados aos civis durante as opera\u00e7\u00f5es militares. As conversa\u00e7\u00f5es centraram-se tamb\u00e9m<\/p>\n","protected":false},"author":1,"featured_media":117213,"comment_status":"open","ping_status":"closed","sticky":false,"template":"","format":"standard","meta":{"_acf_changed":false,"_monsterinsights_skip_tracking":false,"_monsterinsights_sitenote_active":false,"_monsterinsights_sitenote_note":"","_monsterinsights_sitenote_category":0,"_uf_show_specific_survey":0,"_uf_disable_surveys":false,"footnotes":""},"categories":[363],"tags":[1527,520,545,1018,521],"class_list":{"0":"post-117215","1":"post","2":"type-post","3":"status-publish","4":"format-standard","5":"has-post-thumbnail","7":"category-melhores-historias","8":"tag-calamidade-natural","9":"tag-libia","10":"tag-maritimo","11":"tag-seguranca-nacional","12":"tag-tunisia-pt-pt"},"acf":[],"yoast_head":"<!-- This site is optimized with the Yoast SEO plugin v27.5 - https:\/\/yoast.com\/product\/yoast-seo-wordpress\/ -->\n<title>Militares L\u00edbios e dos EUA Debatem Coopera\u00e7\u00e3o e Resposta a Desastres - Africa Defense Forum<\/title>\n<meta name=\"robots\" content=\"index, follow, max-snippet:-1, max-image-preview:large, max-video-preview:-1\" \/>\n<link rel=\"canonical\" href=\"https:\/\/adf-magazine.com\/pt-pt\/2024\/09\/militares-libios-e-dos-eua-debatem-cooperacao-e-resposta-a-desastres\/\" \/>\n<meta property=\"og:locale\" content=\"pt_PT\" \/>\n<meta property=\"og:type\" content=\"article\" \/>\n<meta property=\"og:title\" content=\"Militares L\u00edbios e dos EUA Debatem Coopera\u00e7\u00e3o e Resposta a Desastres - Africa Defense Forum\" \/>\n<meta property=\"og:description\" content=\"EQUIPA DA ADF Em Agosto, oficiais militares l\u00edbios juntaram-se a oficiais militares dos Estados Unidos para um semin\u00e1rio de tr\u00eas dias em Malta, com o objectivo de refor\u00e7ar a coopera\u00e7\u00e3o. Os funcion\u00e1rios partilharam experi\u00eancias sobre a atenua\u00e7\u00e3o de crises e a redu\u00e7\u00e3o de danos causados aos civis durante as opera\u00e7\u00f5es militares. As conversa\u00e7\u00f5es centraram-se tamb\u00e9m\" \/>\n<meta property=\"og:url\" content=\"https:\/\/adf-magazine.com\/pt-pt\/2024\/09\/militares-libios-e-dos-eua-debatem-cooperacao-e-resposta-a-desastres\/\" \/>\n<meta property=\"og:site_name\" content=\"Africa Defense Forum\" \/>\n<meta property=\"article:publisher\" content=\"https:\/\/www.facebook.com\/ADFmagazine\/\" \/>\n<meta property=\"article:published_time\" content=\"2024-09-10T17:38:54+00:00\" \/>\n<meta property=\"article:modified_time\" content=\"2024-09-10T17:39:38+00:00\" \/>\n<meta property=\"og:image\" content=\"https:\/\/adf-magazine.com\/wp-content\/uploads\/2024\/09\/MALTA1.jpg\" \/>\n\t<meta property=\"og:image:width\" content=\"1080\" \/>\n\t<meta property=\"og:image:height\" content=\"719\" \/>\n\t<meta property=\"og:image:type\" content=\"image\/jpeg\" \/>\n<meta name=\"author\" content=\"ADF\" \/>\n<meta name=\"twitter:card\" content=\"summary_large_image\" \/>\n<meta name=\"twitter:creator\" content=\"@ADFmagazine\" \/>\n<meta name=\"twitter:site\" content=\"@ADFmagazine\" \/>\n<meta name=\"twitter:label1\" content=\"Escrito por\" \/>\n\t<meta name=\"twitter:data1\" content=\"ADF\" \/>\n\t<meta name=\"twitter:label2\" content=\"Tempo estimado de leitura\" \/>\n\t<meta name=\"twitter:data2\" content=\"3 minutos\" \/>\n<script type=\"application\/ld+json\" class=\"yoast-schema-graph\">{\"@context\":\"https:\\\/\\\/schema.org\",\"@graph\":[{\"@type\":\"Article\",\"@id\":\"https:\\\/\\\/adf-magazine.com\\\/pt-pt\\\/2024\\\/09\\\/militares-libios-e-dos-eua-debatem-cooperacao-e-resposta-a-desastres\\\/#article\",\"isPartOf\":{\"@id\":\"https:\\\/\\\/adf-magazine.com\\\/pt-pt\\\/2024\\\/09\\\/militares-libios-e-dos-eua-debatem-cooperacao-e-resposta-a-desastres\\\/\"},\"author\":{\"name\":\"ADF\",\"@id\":\"https:\\\/\\\/adf-magazine.com\\\/#\\\/schema\\\/person\\\/f266a6061389568b5a11465bb38bc025\"},\"headline\":\"Militares L\u00edbios e dos EUA Debatem Coopera\u00e7\u00e3o e Resposta a Desastres\",\"datePublished\":\"2024-09-10T17:38:54+00:00\",\"dateModified\":\"2024-09-10T17:39:38+00:00\",\"mainEntityOfPage\":{\"@id\":\"https:\\\/\\\/adf-magazine.com\\\/pt-pt\\\/2024\\\/09\\\/militares-libios-e-dos-eua-debatem-cooperacao-e-resposta-a-desastres\\\/\"},\"wordCount\":710,\"commentCount\":0,\"image\":{\"@id\":\"https:\\\/\\\/adf-magazine.com\\\/pt-pt\\\/2024\\\/09\\\/militares-libios-e-dos-eua-debatem-cooperacao-e-resposta-a-desastres\\\/#primaryimage\"},\"thumbnailUrl\":\"https:\\\/\\\/adf-magazine.com\\\/wp-content\\\/uploads\\\/2024\\\/09\\\/MALTA1.jpg\",\"keywords\":[\"calamidade natural\",\"L\u00edbia\",\"mar\u00edtimo\",\"seguran\u00e7a nacional\",\"Tunisia\"],\"articleSection\":[\"Not\u00edcias diaries\"],\"inLanguage\":\"pt-PT\",\"potentialAction\":[{\"@type\":\"CommentAction\",\"name\":\"Comment\",\"target\":[\"https:\\\/\\\/adf-magazine.com\\\/pt-pt\\\/2024\\\/09\\\/militares-libios-e-dos-eua-debatem-cooperacao-e-resposta-a-desastres\\\/#respond\"]}]},{\"@type\":\"WebPage\",\"@id\":\"https:\\\/\\\/adf-magazine.com\\\/pt-pt\\\/2024\\\/09\\\/militares-libios-e-dos-eua-debatem-cooperacao-e-resposta-a-desastres\\\/\",\"url\":\"https:\\\/\\\/adf-magazine.com\\\/pt-pt\\\/2024\\\/09\\\/militares-libios-e-dos-eua-debatem-cooperacao-e-resposta-a-desastres\\\/\",\"name\":\"Militares L\u00edbios e dos EUA Debatem Coopera\u00e7\u00e3o e Resposta a Desastres - Africa Defense Forum\",\"isPartOf\":{\"@id\":\"https:\\\/\\\/adf-magazine.com\\\/#website\"},\"primaryImageOfPage\":{\"@id\":\"https:\\\/\\\/adf-magazine.com\\\/pt-pt\\\/2024\\\/09\\\/militares-libios-e-dos-eua-debatem-cooperacao-e-resposta-a-desastres\\\/#primaryimage\"},\"image\":{\"@id\":\"https:\\\/\\\/adf-magazine.com\\\/pt-pt\\\/2024\\\/09\\\/militares-libios-e-dos-eua-debatem-cooperacao-e-resposta-a-desastres\\\/#primaryimage\"},\"thumbnailUrl\":\"https:\\\/\\\/adf-magazine.com\\\/wp-content\\\/uploads\\\/2024\\\/09\\\/MALTA1.jpg\",\"datePublished\":\"2024-09-10T17:38:54+00:00\",\"dateModified\":\"2024-09-10T17:39:38+00:00\",\"author\":{\"@id\":\"https:\\\/\\\/adf-magazine.com\\\/#\\\/schema\\\/person\\\/f266a6061389568b5a11465bb38bc025\"},\"breadcrumb\":{\"@id\":\"https:\\\/\\\/adf-magazine.com\\\/pt-pt\\\/2024\\\/09\\\/militares-libios-e-dos-eua-debatem-cooperacao-e-resposta-a-desastres\\\/#breadcrumb\"},\"inLanguage\":\"pt-PT\",\"potentialAction\":[{\"@type\":\"ReadAction\",\"target\":[\"https:\\\/\\\/adf-magazine.com\\\/pt-pt\\\/2024\\\/09\\\/militares-libios-e-dos-eua-debatem-cooperacao-e-resposta-a-desastres\\\/\"]}]},{\"@type\":\"ImageObject\",\"inLanguage\":\"pt-PT\",\"@id\":\"https:\\\/\\\/adf-magazine.com\\\/pt-pt\\\/2024\\\/09\\\/militares-libios-e-dos-eua-debatem-cooperacao-e-resposta-a-desastres\\\/#primaryimage\",\"url\":\"https:\\\/\\\/adf-magazine.com\\\/wp-content\\\/uploads\\\/2024\\\/09\\\/MALTA1.jpg\",\"contentUrl\":\"https:\\\/\\\/adf-magazine.com\\\/wp-content\\\/uploads\\\/2024\\\/09\\\/MALTA1.jpg\",\"width\":1080,\"height\":719,\"caption\":\"Oficiais militares dos EUA e da L\u00edbia participam num interc\u00e2mbio de ex\u00e9rcitos no Centro Cultural L\u00edbio em Valletta, Malta, no dia 20 de Agosto de 2024. CAPIT\u00c3O REED MILBRATH\\\/FOR\u00c7A A\u00c9REA DOS EUA\"},{\"@type\":\"BreadcrumbList\",\"@id\":\"https:\\\/\\\/adf-magazine.com\\\/pt-pt\\\/2024\\\/09\\\/militares-libios-e-dos-eua-debatem-cooperacao-e-resposta-a-desastres\\\/#breadcrumb\",\"itemListElement\":[{\"@type\":\"ListItem\",\"position\":1,\"name\":\"Home\",\"item\":\"https:\\\/\\\/adf-magazine.com\\\/\"},{\"@type\":\"ListItem\",\"position\":2,\"name\":\"Militares L\u00edbios e dos EUA Debatem Coopera\u00e7\u00e3o e Resposta a Desastres\"}]},{\"@type\":\"WebSite\",\"@id\":\"https:\\\/\\\/adf-magazine.com\\\/#website\",\"url\":\"https:\\\/\\\/adf-magazine.com\\\/\",\"name\":\"Africa Defense Forum\",\"description\":\"Africa Defense Forum\",\"potentialAction\":[{\"@type\":\"SearchAction\",\"target\":{\"@type\":\"EntryPoint\",\"urlTemplate\":\"https:\\\/\\\/adf-magazine.com\\\/?s={search_term_string}\"},\"query-input\":{\"@type\":\"PropertyValueSpecification\",\"valueRequired\":true,\"valueName\":\"search_term_string\"}}],\"inLanguage\":\"pt-PT\"},{\"@type\":\"Person\",\"@id\":\"https:\\\/\\\/adf-magazine.com\\\/#\\\/schema\\\/person\\\/f266a6061389568b5a11465bb38bc025\",\"name\":\"ADF\",\"image\":{\"@type\":\"ImageObject\",\"inLanguage\":\"pt-PT\",\"@id\":\"https:\\\/\\\/adf-magazine.com\\\/wp-content\\\/uploads\\\/2020\\\/05\\\/cropped-ADF_icon.jpg\",\"url\":\"https:\\\/\\\/adf-magazine.com\\\/wp-content\\\/uploads\\\/2020\\\/05\\\/cropped-ADF_icon.jpg\",\"contentUrl\":\"https:\\\/\\\/adf-magazine.com\\\/wp-content\\\/uploads\\\/2020\\\/05\\\/cropped-ADF_icon.jpg\",\"caption\":\"ADF\"},\"description\":\"ADF is a professional military magazine published quarterly by U.S. Africa Command to provide an international forum for African security professionals. ADF covers topics such as counter terrorism strategies, security and defense operations, transnational crime, and all other issues affecting peace, stability, and good governance on the African continent.\",\"sameAs\":[\"https:\\\/\\\/x.com\\\/ADFmagazine\"],\"url\":\"https:\\\/\\\/adf-magazine.com\\\/pt-pt\\\/author\\\/adf\\\/\"}]}<\/script>\n<!-- \/ Yoast SEO plugin. -->","yoast_head_json":{"title":"Militares L\u00edbios e dos EUA Debatem Coopera\u00e7\u00e3o e Resposta a Desastres - Africa Defense Forum","robots":{"index":"index","follow":"follow","max-snippet":"max-snippet:-1","max-image-preview":"max-image-preview:large","max-video-preview":"max-video-preview:-1"},"canonical":"https:\/\/adf-magazine.com\/pt-pt\/2024\/09\/militares-libios-e-dos-eua-debatem-cooperacao-e-resposta-a-desastres\/","og_locale":"pt_PT","og_type":"article","og_title":"Militares L\u00edbios e dos EUA Debatem Coopera\u00e7\u00e3o e Resposta a Desastres - Africa Defense Forum","og_description":"EQUIPA DA ADF Em Agosto, oficiais militares l\u00edbios juntaram-se a oficiais militares dos Estados Unidos para um semin\u00e1rio de tr\u00eas dias em Malta, com o objectivo de refor\u00e7ar a coopera\u00e7\u00e3o. Os funcion\u00e1rios partilharam experi\u00eancias sobre a atenua\u00e7\u00e3o de crises e a redu\u00e7\u00e3o de danos causados aos civis durante as opera\u00e7\u00f5es militares. As conversa\u00e7\u00f5es centraram-se tamb\u00e9m","og_url":"https:\/\/adf-magazine.com\/pt-pt\/2024\/09\/militares-libios-e-dos-eua-debatem-cooperacao-e-resposta-a-desastres\/","og_site_name":"Africa Defense Forum","article_publisher":"https:\/\/www.facebook.com\/ADFmagazine\/","article_published_time":"2024-09-10T17:38:54+00:00","article_modified_time":"2024-09-10T17:39:38+00:00","og_image":[{"width":1080,"height":719,"url":"https:\/\/adf-magazine.com\/wp-content\/uploads\/2024\/09\/MALTA1.jpg","type":"image\/jpeg"}],"author":"ADF","twitter_card":"summary_large_image","twitter_creator":"@ADFmagazine","twitter_site":"@ADFmagazine","twitter_misc":{"Escrito por":"ADF","Tempo estimado de leitura":"3 minutos"},"schema":{"@context":"https:\/\/schema.org","@graph":[{"@type":"Article","@id":"https:\/\/adf-magazine.com\/pt-pt\/2024\/09\/militares-libios-e-dos-eua-debatem-cooperacao-e-resposta-a-desastres\/#article","isPartOf":{"@id":"https:\/\/adf-magazine.com\/pt-pt\/2024\/09\/militares-libios-e-dos-eua-debatem-cooperacao-e-resposta-a-desastres\/"},"author":{"name":"ADF","@id":"https:\/\/adf-magazine.com\/#\/schema\/person\/f266a6061389568b5a11465bb38bc025"},"headline":"Militares L\u00edbios e dos EUA Debatem Coopera\u00e7\u00e3o e Resposta a Desastres","datePublished":"2024-09-10T17:38:54+00:00","dateModified":"2024-09-10T17:39:38+00:00","mainEntityOfPage":{"@id":"https:\/\/adf-magazine.com\/pt-pt\/2024\/09\/militares-libios-e-dos-eua-debatem-cooperacao-e-resposta-a-desastres\/"},"wordCount":710,"commentCount":0,"image":{"@id":"https:\/\/adf-magazine.com\/pt-pt\/2024\/09\/militares-libios-e-dos-eua-debatem-cooperacao-e-resposta-a-desastres\/#primaryimage"},"thumbnailUrl":"https:\/\/adf-magazine.com\/wp-content\/uploads\/2024\/09\/MALTA1.jpg","keywords":["calamidade natural","L\u00edbia","mar\u00edtimo","seguran\u00e7a nacional","Tunisia"],"articleSection":["Not\u00edcias diaries"],"inLanguage":"pt-PT","potentialAction":[{"@type":"CommentAction","name":"Comment","target":["https:\/\/adf-magazine.com\/pt-pt\/2024\/09\/militares-libios-e-dos-eua-debatem-cooperacao-e-resposta-a-desastres\/#respond"]}]},{"@type":"WebPage","@id":"https:\/\/adf-magazine.com\/pt-pt\/2024\/09\/militares-libios-e-dos-eua-debatem-cooperacao-e-resposta-a-desastres\/","url":"https:\/\/adf-magazine.com\/pt-pt\/2024\/09\/militares-libios-e-dos-eua-debatem-cooperacao-e-resposta-a-desastres\/","name":"Militares L\u00edbios e dos EUA Debatem Coopera\u00e7\u00e3o e Resposta a Desastres - Africa Defense Forum","isPartOf":{"@id":"https:\/\/adf-magazine.com\/#website"},"primaryImageOfPage":{"@id":"https:\/\/adf-magazine.com\/pt-pt\/2024\/09\/militares-libios-e-dos-eua-debatem-cooperacao-e-resposta-a-desastres\/#primaryimage"},"image":{"@id":"https:\/\/adf-magazine.com\/pt-pt\/2024\/09\/militares-libios-e-dos-eua-debatem-cooperacao-e-resposta-a-desastres\/#primaryimage"},"thumbnailUrl":"https:\/\/adf-magazine.com\/wp-content\/uploads\/2024\/09\/MALTA1.jpg","datePublished":"2024-09-10T17:38:54+00:00","dateModified":"2024-09-10T17:39:38+00:00","author":{"@id":"https:\/\/adf-magazine.com\/#\/schema\/person\/f266a6061389568b5a11465bb38bc025"},"breadcrumb":{"@id":"https:\/\/adf-magazine.com\/pt-pt\/2024\/09\/militares-libios-e-dos-eua-debatem-cooperacao-e-resposta-a-desastres\/#breadcrumb"},"inLanguage":"pt-PT","potentialAction":[{"@type":"ReadAction","target":["https:\/\/adf-magazine.com\/pt-pt\/2024\/09\/militares-libios-e-dos-eua-debatem-cooperacao-e-resposta-a-desastres\/"]}]},{"@type":"ImageObject","inLanguage":"pt-PT","@id":"https:\/\/adf-magazine.com\/pt-pt\/2024\/09\/militares-libios-e-dos-eua-debatem-cooperacao-e-resposta-a-desastres\/#primaryimage","url":"https:\/\/adf-magazine.com\/wp-content\/uploads\/2024\/09\/MALTA1.jpg","contentUrl":"https:\/\/adf-magazine.com\/wp-content\/uploads\/2024\/09\/MALTA1.jpg","width":1080,"height":719,"caption":"Oficiais militares dos EUA e da L\u00edbia participam num interc\u00e2mbio de ex\u00e9rcitos no Centro Cultural L\u00edbio em Valletta, Malta, no dia 20 de Agosto de 2024. CAPIT\u00c3O REED MILBRATH\/FOR\u00c7A A\u00c9REA DOS EUA"},{"@type":"BreadcrumbList","@id":"https:\/\/adf-magazine.com\/pt-pt\/2024\/09\/militares-libios-e-dos-eua-debatem-cooperacao-e-resposta-a-desastres\/#breadcrumb","itemListElement":[{"@type":"ListItem","position":1,"name":"Home","item":"https:\/\/adf-magazine.com\/"},{"@type":"ListItem","position":2,"name":"Militares L\u00edbios e dos EUA Debatem Coopera\u00e7\u00e3o e Resposta a Desastres"}]},{"@type":"WebSite","@id":"https:\/\/adf-magazine.com\/#website","url":"https:\/\/adf-magazine.com\/","name":"Africa Defense Forum","description":"Africa Defense Forum","potentialAction":[{"@type":"SearchAction","target":{"@type":"EntryPoint","urlTemplate":"https:\/\/adf-magazine.com\/?s={search_term_string}"},"query-input":{"@type":"PropertyValueSpecification","valueRequired":true,"valueName":"search_term_string"}}],"inLanguage":"pt-PT"},{"@type":"Person","@id":"https:\/\/adf-magazine.com\/#\/schema\/person\/f266a6061389568b5a11465bb38bc025","name":"ADF","image":{"@type":"ImageObject","inLanguage":"pt-PT","@id":"https:\/\/adf-magazine.com\/wp-content\/uploads\/2020\/05\/cropped-ADF_icon.jpg","url":"https:\/\/adf-magazine.com\/wp-content\/uploads\/2020\/05\/cropped-ADF_icon.jpg","contentUrl":"https:\/\/adf-magazine.com\/wp-content\/uploads\/2020\/05\/cropped-ADF_icon.jpg","caption":"ADF"},"description":"ADF is a professional military magazine published quarterly by U.S. Africa Command to provide an international forum for African security professionals. ADF covers topics such as counter terrorism strategies, security and defense operations, transnational crime, and all other issues affecting peace, stability, and good governance on the African continent.","sameAs":["https:\/\/x.com\/ADFmagazine"],"url":"https:\/\/adf-magazine.com\/pt-pt\/author\/adf\/"}]}},"_links":{"self":[{"href":"https:\/\/adf-magazine.com\/pt-pt\/wp-json\/wp\/v2\/posts\/117215","targetHints":{"allow":["GET"]}}],"collection":[{"href":"https:\/\/adf-magazine.com\/pt-pt\/wp-json\/wp\/v2\/posts"}],"about":[{"href":"https:\/\/adf-magazine.com\/pt-pt\/wp-json\/wp\/v2\/types\/post"}],"author":[{"embeddable":true,"href":"https:\/\/adf-magazine.com\/pt-pt\/wp-json\/wp\/v2\/users\/1"}],"replies":[{"embeddable":true,"href":"https:\/\/adf-magazine.com\/pt-pt\/wp-json\/wp\/v2\/comments?post=117215"}],"version-history":[{"count":0,"href":"https:\/\/adf-magazine.com\/pt-pt\/wp-json\/wp\/v2\/posts\/117215\/revisions"}],"wp:featuredmedia":[{"embeddable":true,"href":"https:\/\/adf-magazine.com\/pt-pt\/wp-json\/wp\/v2\/media\/117213"}],"wp:attachment":[{"href":"https:\/\/adf-magazine.com\/pt-pt\/wp-json\/wp\/v2\/media?parent=117215"}],"wp:term":[{"taxonomy":"category","embeddable":true,"href":"https:\/\/adf-magazine.com\/pt-pt\/wp-json\/wp\/v2\/categories?post=117215"},{"taxonomy":"post_tag","embeddable":true,"href":"https:\/\/adf-magazine.com\/pt-pt\/wp-json\/wp\/v2\/tags?post=117215"}],"curies":[{"name":"wp","href":"https:\/\/api.w.org\/{rel}","templated":true}]}}