{"id":116722,"date":"2024-08-06T14:36:45","date_gmt":"2024-08-06T18:36:45","guid":{"rendered":"https:\/\/adf-magazine.com\/?p=116722"},"modified":"2024-08-06T14:38:03","modified_gmt":"2024-08-06T18:38:03","slug":"ataques-do-al-shabaab-aumentam-na-somalia-durante-a-retirada-das-tropas-da-atmis","status":"publish","type":"post","link":"https:\/\/adf-magazine.com\/pt-pt\/2024\/08\/ataques-do-al-shabaab-aumentam-na-somalia-durante-a-retirada-das-tropas-da-atmis\/","title":{"rendered":"Ataques do al-Shabaab Aumentam na Som\u00e1lia Durante a Retirada das Tropas da ATMIS"},"content":{"rendered":"<p style=\"font-weight: 400;\">EQUIPA DA ADF<\/p>\n<p>No final de Julho, o al-Shabaab lan\u00e7ou ataques quase simult\u00e2neos contra as aldeias somalis de Buulo Xaaji e Harboole e atacou tr\u00eas bases militares onde estavam estacionados membros do Ex\u00e9rcito Nacional da Som\u00e1lia e combatentes paramilitares do Estado de Jubaland.<\/p>\n<p>O presidente de Jubaland, Ahmed Mohamed Islaam, disse que mais de 135 combatentes do al-Shabaab foram mortos e mais de 80 feridos e \u201cfeitos prisioneiros de guerra\u201d na batalha que se seguiu, informou a Agence France-Presse. De acordo com o grupo de monitoriza\u00e7\u00e3o SITE, o al-Shabaab afirmou ter matado 71 elementos das for\u00e7as de seguran\u00e7a e ferido outros, embora estas afirma\u00e7\u00f5es n\u00e3o possam ser confirmadas.<\/p>\n<p>Jubaland \u00e9, desde h\u00e1 muito, um foco de actividade do al-Shabaab. A sua proximidade com a grande cidade portu\u00e1ria de Kismayo torna-a estrategicamente importante para as for\u00e7as governamentais e para os terroristas. O controlo desta \u00e1rea permite ao al-Shabaab facilitar as opera\u00e7\u00f5es de contrabando e influenciar as comunidades locais.<\/p>\n<p>\u201cA repuls\u00e3o bem-sucedida do ataque do al-Shabaab demonstra a crescente profici\u00eancia t\u00e1ctica das for\u00e7as governamentais somalis,\u201d o analista Avery Warfield escreveu no Geopolitical Monitor. \u201cAo abandonarem proactivamente as bases e cercarem os militantes, as for\u00e7as somalis minimizaram as suas baixas e infligiram perdas significativas ao inimigo. Esta estrat\u00e9gia indica uma melhoria das capacidades de informa\u00e7\u00e3o e de coordena\u00e7\u00e3o entre as unidades militares somalis.\u201d<\/p>\n<p>Os ataques tamb\u00e9m p\u00f5em em evid\u00eancia a resist\u00eancia do al-Shabaab \u00e0 press\u00e3o militar e sublinham os receios dos especialistas, incluindo o chefe da Miss\u00e3o de Transi\u00e7\u00e3o da Uni\u00e3o Africana na Som\u00e1lia (ATMIS), o embaixador Mohamed el-Amine Souef, que acredita que as for\u00e7as de seguran\u00e7a somalis necessitar\u00e3o da ajuda cont\u00ednua das for\u00e7as internacionais depois de a miss\u00e3o deixar o pa\u00eds no final do ano.<\/p>\n<p>\u201cAs ambi\u00e7\u00f5es pol\u00edticas em torno da transi\u00e7\u00e3o n\u00e3o t\u00eam correspondido consistentemente \u00e0s realidades do terreno, o que provoca atrasos,\u201d Omar Mahmood, analista s\u00e9nior da \u00c1frica Oriental, no International Crisis Group, disse ao jornal The East African em meados de Julho.<\/p>\n<p>O Ex\u00e9rcito Nacional da Som\u00e1lia retomou 22 bases da ATMIS e reconquistou algum territ\u00f3rio, mas Mahmood disse acreditar que \u00e9 necess\u00e1rio mais tempo para continuar a desenvolver o sector da seguran\u00e7a da Som\u00e1lia.<\/p>\n<p>\u201c\u00c9 prov\u00e1vel que a Som\u00e1lia continue a necessitar da assist\u00eancia de tropas estrangeiras durante, pelo menos, os pr\u00f3ximos dois anos, a fim de evitar um retrocesso em mat\u00e9ria de seguran\u00e7a,\u201d acrescentou Mahmood.<\/p>\n<p>Ruth Namatovu, investigadora do Instituto de Investiga\u00e7\u00e3o e Integra\u00e7\u00e3o de Pol\u00edticas em \u00c1frica, da Universidade do Norte do Illinois, disse ao jornal The East African que a retirada \u201cn\u00e3o tem um plano claro, as diferentes partes interessadas t\u00eam agendas diferentes.\u201d<\/p>\n<p><span style=\"font-weight: 400;\">Namatovu disse que, historicamente, o per\u00edodo em que as responsabilidades de seguran\u00e7a s\u00e3o transferidas de uma miss\u00e3o internacional para as for\u00e7as locais \u00e9 particularmente perigoso. \u201cA Som\u00e1lia est\u00e1 a tentar evitar um resultado final semelhante, minimizando os riscos de se livrar das for\u00e7as estrangeiras de uma s\u00f3 vez, numa altura em que o al-Shabaab se tornou mais resistente, sofisticado e aumentou as suas for\u00e7as em termos de pessoal,\u201d afirmou.<\/span><\/p>\n<p>De acordo com uma avalia\u00e7\u00e3o da UA a que o The East African teve acesso, o al-Shabaab est\u00e1 cada vez mais apto a utilizar drones e est\u00e1 a criar formas de utilizar engenhos explosivos improvisados nos seus ataques. Segundo os analistas, o grupo terrorista disp\u00f5e de um sistema de informa\u00e7\u00e3o adequado e utiliza dados geogr\u00e1ficos de fonte aberta para planear ataques.<\/p>\n<p>De acordo com a UA, o al-Shabaab tem vindo a formar gradualmente uma for\u00e7a pan-africana de combatentes estrangeiros conhecidos como Muhajirin. A maioria dos Muhajirins s\u00e3o et\u00edopes, quenianos e tanzanianos, embora tamb\u00e9m haja combatentes do Burundi, do Congo, do Ruanda e do Uganda.<\/p>\n<p>A avalia\u00e7\u00e3o da UA refere que o al-Shabaab tamb\u00e9m estabeleceu la\u00e7os com as For\u00e7as Democr\u00e1ticas Aliadas, um grupo ugand\u00eas que tamb\u00e9m aterroriza o leste da Rep\u00fablica Democr\u00e1tica do Congo.<\/p>\n<p>Enquanto prosseguem os combates entre as for\u00e7as internacionais e o al-Shabaab, o governo somali est\u00e1 a tomar medidas para erradicar os conte\u00fados extremistas online. Com a ajuda de empresas tecnol\u00f3gicas e da Ag\u00eancia Nacional de Informa\u00e7\u00f5es e Seguran\u00e7a, est\u00e1 a visar sites e contas de redes sociais ligados ao grupo.<\/p>\n<p>\u201cFoi uma tarefa dif\u00edcil quando come\u00e7\u00e1mos, exigiu conhecimentos, compet\u00eancias e muito trabalho,\u201d o Vice-Ministro da Informa\u00e7\u00e3o da Som\u00e1lia, Abdirahman Yusuf al-Adala, disse \u00e0 Voz da Am\u00e9rica, em Mar\u00e7o. \u201cForm\u00e1mos pessoas com as compet\u00eancias necess\u00e1rias, foram criados gabinetes especiais, foi disponibilizado equipamento e foi aprovada legisla\u00e7\u00e3o pelo Parlamento. Mais de um ano depois, estamos numa boa posi\u00e7\u00e3o e acreditamos ter atingido muitos dos nossos objectivos.\u201d<\/p>\n<p>Uma grande ofensiva contra o al-Shabaab <span style=\"font-weight: 400;\"><a href=\"https:\/\/www.thedefensepost.com\/2022\/08\/24\/somalia-president-war-al-shabaab\/\">lan\u00e7ada pelas for\u00e7as governamentais<\/a><\/span><span style=\"font-weight: 400;\"> e pelas mil\u00edcias dos cl\u00e3s locais, em 2022, levou a uma relativa pausa nas actividades do grupo terrorista. A calma terminou em Mar\u00e7o, quando o grupo atacou um hotel popular perto do pal\u00e1cio presidencial em Mogad\u00edscio.<br \/>\n<\/span><\/p>\n","protected":false},"excerpt":{"rendered":"<p>EQUIPA DA ADF No final de Julho, o al-Shabaab lan\u00e7ou ataques quase simult\u00e2neos contra as aldeias somalis de Buulo Xaaji e Harboole e atacou tr\u00eas bases militares onde estavam estacionados membros do Ex\u00e9rcito Nacional da Som\u00e1lia e combatentes paramilitares do Estado de Jubaland. O presidente de Jubaland, Ahmed Mohamed Islaam, disse que mais de 135<\/p>\n","protected":false},"author":1,"featured_media":116720,"comment_status":"open","ping_status":"closed","sticky":false,"template":"","format":"standard","meta":{"_acf_changed":false,"_monsterinsights_skip_tracking":false,"_monsterinsights_sitenote_active":false,"_monsterinsights_sitenote_note":"","_monsterinsights_sitenote_category":0,"_uf_show_specific_survey":0,"_uf_disable_surveys":false,"footnotes":""},"categories":[363],"tags":[1287,1137,499,535,1139],"class_list":{"0":"post-116722","1":"post","2":"type-post","3":"status-publish","4":"format-standard","5":"has-post-thumbnail","7":"category-melhores-historias","8":"tag-al-shabaab-pt-pt","9":"tag-atmis-pt-pt","10":"tag-extremismo","11":"tag-somalia-pt-pt","12":"tag-terrorism-pt-pt"},"acf":[],"yoast_head":"<!-- This site is optimized with the Yoast SEO plugin v27.4 - https:\/\/yoast.com\/product\/yoast-seo-wordpress\/ -->\n<title>Ataques do al-Shabaab Aumentam na Som\u00e1lia Durante a Retirada das Tropas da ATMIS - Africa Defense Forum<\/title>\n<meta name=\"robots\" content=\"index, follow, max-snippet:-1, max-image-preview:large, max-video-preview:-1\" \/>\n<link rel=\"canonical\" href=\"https:\/\/adf-magazine.com\/pt-pt\/2024\/08\/ataques-do-al-shabaab-aumentam-na-somalia-durante-a-retirada-das-tropas-da-atmis\/\" \/>\n<meta property=\"og:locale\" content=\"pt_PT\" \/>\n<meta property=\"og:type\" content=\"article\" \/>\n<meta property=\"og:title\" content=\"Ataques do al-Shabaab Aumentam na Som\u00e1lia Durante a Retirada das Tropas da ATMIS - Africa Defense Forum\" \/>\n<meta property=\"og:description\" content=\"EQUIPA DA ADF No final de Julho, o al-Shabaab lan\u00e7ou ataques quase simult\u00e2neos contra as aldeias somalis de Buulo Xaaji e Harboole e atacou tr\u00eas bases militares onde estavam estacionados membros do Ex\u00e9rcito Nacional da Som\u00e1lia e combatentes paramilitares do Estado de Jubaland. O presidente de Jubaland, Ahmed Mohamed Islaam, disse que mais de 135\" \/>\n<meta property=\"og:url\" content=\"https:\/\/adf-magazine.com\/pt-pt\/2024\/08\/ataques-do-al-shabaab-aumentam-na-somalia-durante-a-retirada-das-tropas-da-atmis\/\" \/>\n<meta property=\"og:site_name\" content=\"Africa Defense Forum\" \/>\n<meta property=\"article:publisher\" content=\"https:\/\/www.facebook.com\/ADFmagazine\/\" \/>\n<meta property=\"article:published_time\" content=\"2024-08-06T18:36:45+00:00\" \/>\n<meta property=\"article:modified_time\" content=\"2024-08-06T18:38:03+00:00\" \/>\n<meta property=\"og:image\" content=\"https:\/\/adf-magazine.com\/wp-content\/uploads\/2024\/08\/GettyImages-2090998008.jpg\" \/>\n\t<meta property=\"og:image:width\" content=\"1024\" \/>\n\t<meta property=\"og:image:height\" content=\"683\" \/>\n\t<meta property=\"og:image:type\" content=\"image\/jpeg\" \/>\n<meta name=\"author\" content=\"ADF\" \/>\n<meta name=\"twitter:card\" content=\"summary_large_image\" \/>\n<meta name=\"twitter:creator\" content=\"@ADFmagazine\" \/>\n<meta name=\"twitter:site\" content=\"@ADFmagazine\" \/>\n<meta name=\"twitter:label1\" content=\"Escrito por\" \/>\n\t<meta name=\"twitter:data1\" content=\"ADF\" \/>\n\t<meta name=\"twitter:label2\" content=\"Tempo estimado de leitura\" \/>\n\t<meta name=\"twitter:data2\" content=\"4 minutos\" \/>\n<script type=\"application\/ld+json\" class=\"yoast-schema-graph\">{\"@context\":\"https:\\\/\\\/schema.org\",\"@graph\":[{\"@type\":\"Article\",\"@id\":\"https:\\\/\\\/adf-magazine.com\\\/pt-pt\\\/2024\\\/08\\\/ataques-do-al-shabaab-aumentam-na-somalia-durante-a-retirada-das-tropas-da-atmis\\\/#article\",\"isPartOf\":{\"@id\":\"https:\\\/\\\/adf-magazine.com\\\/pt-pt\\\/2024\\\/08\\\/ataques-do-al-shabaab-aumentam-na-somalia-durante-a-retirada-das-tropas-da-atmis\\\/\"},\"author\":{\"name\":\"ADF\",\"@id\":\"https:\\\/\\\/adf-magazine.com\\\/#\\\/schema\\\/person\\\/f266a6061389568b5a11465bb38bc025\"},\"headline\":\"Ataques do al-Shabaab Aumentam na Som\u00e1lia Durante a Retirada das Tropas da ATMIS\",\"datePublished\":\"2024-08-06T18:36:45+00:00\",\"dateModified\":\"2024-08-06T18:38:03+00:00\",\"mainEntityOfPage\":{\"@id\":\"https:\\\/\\\/adf-magazine.com\\\/pt-pt\\\/2024\\\/08\\\/ataques-do-al-shabaab-aumentam-na-somalia-durante-a-retirada-das-tropas-da-atmis\\\/\"},\"wordCount\":903,\"commentCount\":0,\"image\":{\"@id\":\"https:\\\/\\\/adf-magazine.com\\\/pt-pt\\\/2024\\\/08\\\/ataques-do-al-shabaab-aumentam-na-somalia-durante-a-retirada-das-tropas-da-atmis\\\/#primaryimage\"},\"thumbnailUrl\":\"https:\\\/\\\/adf-magazine.com\\\/wp-content\\\/uploads\\\/2024\\\/08\\\/GettyImages-2090998008.jpg\",\"keywords\":[\"al-Shabaab\",\"ATMIS\",\"extremismo\",\"Somalia\",\"Terrorism\"],\"articleSection\":[\"Not\u00edcias diaries\"],\"inLanguage\":\"pt-PT\",\"potentialAction\":[{\"@type\":\"CommentAction\",\"name\":\"Comment\",\"target\":[\"https:\\\/\\\/adf-magazine.com\\\/pt-pt\\\/2024\\\/08\\\/ataques-do-al-shabaab-aumentam-na-somalia-durante-a-retirada-das-tropas-da-atmis\\\/#respond\"]}]},{\"@type\":\"WebPage\",\"@id\":\"https:\\\/\\\/adf-magazine.com\\\/pt-pt\\\/2024\\\/08\\\/ataques-do-al-shabaab-aumentam-na-somalia-durante-a-retirada-das-tropas-da-atmis\\\/\",\"url\":\"https:\\\/\\\/adf-magazine.com\\\/pt-pt\\\/2024\\\/08\\\/ataques-do-al-shabaab-aumentam-na-somalia-durante-a-retirada-das-tropas-da-atmis\\\/\",\"name\":\"Ataques do al-Shabaab Aumentam na Som\u00e1lia Durante a Retirada das Tropas da ATMIS - Africa Defense Forum\",\"isPartOf\":{\"@id\":\"https:\\\/\\\/adf-magazine.com\\\/#website\"},\"primaryImageOfPage\":{\"@id\":\"https:\\\/\\\/adf-magazine.com\\\/pt-pt\\\/2024\\\/08\\\/ataques-do-al-shabaab-aumentam-na-somalia-durante-a-retirada-das-tropas-da-atmis\\\/#primaryimage\"},\"image\":{\"@id\":\"https:\\\/\\\/adf-magazine.com\\\/pt-pt\\\/2024\\\/08\\\/ataques-do-al-shabaab-aumentam-na-somalia-durante-a-retirada-das-tropas-da-atmis\\\/#primaryimage\"},\"thumbnailUrl\":\"https:\\\/\\\/adf-magazine.com\\\/wp-content\\\/uploads\\\/2024\\\/08\\\/GettyImages-2090998008.jpg\",\"datePublished\":\"2024-08-06T18:36:45+00:00\",\"dateModified\":\"2024-08-06T18:38:03+00:00\",\"author\":{\"@id\":\"https:\\\/\\\/adf-magazine.com\\\/#\\\/schema\\\/person\\\/f266a6061389568b5a11465bb38bc025\"},\"breadcrumb\":{\"@id\":\"https:\\\/\\\/adf-magazine.com\\\/pt-pt\\\/2024\\\/08\\\/ataques-do-al-shabaab-aumentam-na-somalia-durante-a-retirada-das-tropas-da-atmis\\\/#breadcrumb\"},\"inLanguage\":\"pt-PT\",\"potentialAction\":[{\"@type\":\"ReadAction\",\"target\":[\"https:\\\/\\\/adf-magazine.com\\\/pt-pt\\\/2024\\\/08\\\/ataques-do-al-shabaab-aumentam-na-somalia-durante-a-retirada-das-tropas-da-atmis\\\/\"]}]},{\"@type\":\"ImageObject\",\"inLanguage\":\"pt-PT\",\"@id\":\"https:\\\/\\\/adf-magazine.com\\\/pt-pt\\\/2024\\\/08\\\/ataques-do-al-shabaab-aumentam-na-somalia-durante-a-retirada-das-tropas-da-atmis\\\/#primaryimage\",\"url\":\"https:\\\/\\\/adf-magazine.com\\\/wp-content\\\/uploads\\\/2024\\\/08\\\/GettyImages-2090998008.jpg\",\"contentUrl\":\"https:\\\/\\\/adf-magazine.com\\\/wp-content\\\/uploads\\\/2024\\\/08\\\/GettyImages-2090998008.jpg\",\"width\":1024,\"height\":683,\"caption\":\"Um soldado do Ex\u00e9rcito Nacional da Som\u00e1lia mant\u00e9m-se em sentido durante a formatura matinal no Centro de Forma\u00e7\u00e3o General Dhagabadan, em Mogad\u00edscio. AFP\\\/GETTY IMAGES\"},{\"@type\":\"BreadcrumbList\",\"@id\":\"https:\\\/\\\/adf-magazine.com\\\/pt-pt\\\/2024\\\/08\\\/ataques-do-al-shabaab-aumentam-na-somalia-durante-a-retirada-das-tropas-da-atmis\\\/#breadcrumb\",\"itemListElement\":[{\"@type\":\"ListItem\",\"position\":1,\"name\":\"Home\",\"item\":\"https:\\\/\\\/adf-magazine.com\\\/\"},{\"@type\":\"ListItem\",\"position\":2,\"name\":\"Ataques do al-Shabaab Aumentam na Som\u00e1lia Durante a Retirada das Tropas da ATMIS\"}]},{\"@type\":\"WebSite\",\"@id\":\"https:\\\/\\\/adf-magazine.com\\\/#website\",\"url\":\"https:\\\/\\\/adf-magazine.com\\\/\",\"name\":\"Africa Defense Forum\",\"description\":\"Africa Defense Forum\",\"potentialAction\":[{\"@type\":\"SearchAction\",\"target\":{\"@type\":\"EntryPoint\",\"urlTemplate\":\"https:\\\/\\\/adf-magazine.com\\\/?s={search_term_string}\"},\"query-input\":{\"@type\":\"PropertyValueSpecification\",\"valueRequired\":true,\"valueName\":\"search_term_string\"}}],\"inLanguage\":\"pt-PT\"},{\"@type\":\"Person\",\"@id\":\"https:\\\/\\\/adf-magazine.com\\\/#\\\/schema\\\/person\\\/f266a6061389568b5a11465bb38bc025\",\"name\":\"ADF\",\"image\":{\"@type\":\"ImageObject\",\"inLanguage\":\"pt-PT\",\"@id\":\"https:\\\/\\\/adf-magazine.com\\\/wp-content\\\/uploads\\\/2020\\\/05\\\/cropped-ADF_icon.jpg\",\"url\":\"https:\\\/\\\/adf-magazine.com\\\/wp-content\\\/uploads\\\/2020\\\/05\\\/cropped-ADF_icon.jpg\",\"contentUrl\":\"https:\\\/\\\/adf-magazine.com\\\/wp-content\\\/uploads\\\/2020\\\/05\\\/cropped-ADF_icon.jpg\",\"caption\":\"ADF\"},\"description\":\"ADF is a professional military magazine published quarterly by U.S. Africa Command to provide an international forum for African security professionals. ADF covers topics such as counter terrorism strategies, security and defense operations, transnational crime, and all other issues affecting peace, stability, and good governance on the African continent.\",\"sameAs\":[\"https:\\\/\\\/x.com\\\/ADFmagazine\"],\"url\":\"https:\\\/\\\/adf-magazine.com\\\/pt-pt\\\/author\\\/adf\\\/\"}]}<\/script>\n<!-- \/ Yoast SEO plugin. -->","yoast_head_json":{"title":"Ataques do al-Shabaab Aumentam na Som\u00e1lia Durante a Retirada das Tropas da ATMIS - Africa Defense Forum","robots":{"index":"index","follow":"follow","max-snippet":"max-snippet:-1","max-image-preview":"max-image-preview:large","max-video-preview":"max-video-preview:-1"},"canonical":"https:\/\/adf-magazine.com\/pt-pt\/2024\/08\/ataques-do-al-shabaab-aumentam-na-somalia-durante-a-retirada-das-tropas-da-atmis\/","og_locale":"pt_PT","og_type":"article","og_title":"Ataques do al-Shabaab Aumentam na Som\u00e1lia Durante a Retirada das Tropas da ATMIS - Africa Defense Forum","og_description":"EQUIPA DA ADF No final de Julho, o al-Shabaab lan\u00e7ou ataques quase simult\u00e2neos contra as aldeias somalis de Buulo Xaaji e Harboole e atacou tr\u00eas bases militares onde estavam estacionados membros do Ex\u00e9rcito Nacional da Som\u00e1lia e combatentes paramilitares do Estado de Jubaland. O presidente de Jubaland, Ahmed Mohamed Islaam, disse que mais de 135","og_url":"https:\/\/adf-magazine.com\/pt-pt\/2024\/08\/ataques-do-al-shabaab-aumentam-na-somalia-durante-a-retirada-das-tropas-da-atmis\/","og_site_name":"Africa Defense Forum","article_publisher":"https:\/\/www.facebook.com\/ADFmagazine\/","article_published_time":"2024-08-06T18:36:45+00:00","article_modified_time":"2024-08-06T18:38:03+00:00","og_image":[{"width":1024,"height":683,"url":"https:\/\/adf-magazine.com\/wp-content\/uploads\/2024\/08\/GettyImages-2090998008.jpg","type":"image\/jpeg"}],"author":"ADF","twitter_card":"summary_large_image","twitter_creator":"@ADFmagazine","twitter_site":"@ADFmagazine","twitter_misc":{"Escrito por":"ADF","Tempo estimado de leitura":"4 minutos"},"schema":{"@context":"https:\/\/schema.org","@graph":[{"@type":"Article","@id":"https:\/\/adf-magazine.com\/pt-pt\/2024\/08\/ataques-do-al-shabaab-aumentam-na-somalia-durante-a-retirada-das-tropas-da-atmis\/#article","isPartOf":{"@id":"https:\/\/adf-magazine.com\/pt-pt\/2024\/08\/ataques-do-al-shabaab-aumentam-na-somalia-durante-a-retirada-das-tropas-da-atmis\/"},"author":{"name":"ADF","@id":"https:\/\/adf-magazine.com\/#\/schema\/person\/f266a6061389568b5a11465bb38bc025"},"headline":"Ataques do al-Shabaab Aumentam na Som\u00e1lia Durante a Retirada das Tropas da ATMIS","datePublished":"2024-08-06T18:36:45+00:00","dateModified":"2024-08-06T18:38:03+00:00","mainEntityOfPage":{"@id":"https:\/\/adf-magazine.com\/pt-pt\/2024\/08\/ataques-do-al-shabaab-aumentam-na-somalia-durante-a-retirada-das-tropas-da-atmis\/"},"wordCount":903,"commentCount":0,"image":{"@id":"https:\/\/adf-magazine.com\/pt-pt\/2024\/08\/ataques-do-al-shabaab-aumentam-na-somalia-durante-a-retirada-das-tropas-da-atmis\/#primaryimage"},"thumbnailUrl":"https:\/\/adf-magazine.com\/wp-content\/uploads\/2024\/08\/GettyImages-2090998008.jpg","keywords":["al-Shabaab","ATMIS","extremismo","Somalia","Terrorism"],"articleSection":["Not\u00edcias diaries"],"inLanguage":"pt-PT","potentialAction":[{"@type":"CommentAction","name":"Comment","target":["https:\/\/adf-magazine.com\/pt-pt\/2024\/08\/ataques-do-al-shabaab-aumentam-na-somalia-durante-a-retirada-das-tropas-da-atmis\/#respond"]}]},{"@type":"WebPage","@id":"https:\/\/adf-magazine.com\/pt-pt\/2024\/08\/ataques-do-al-shabaab-aumentam-na-somalia-durante-a-retirada-das-tropas-da-atmis\/","url":"https:\/\/adf-magazine.com\/pt-pt\/2024\/08\/ataques-do-al-shabaab-aumentam-na-somalia-durante-a-retirada-das-tropas-da-atmis\/","name":"Ataques do al-Shabaab Aumentam na Som\u00e1lia Durante a Retirada das Tropas da ATMIS - Africa Defense Forum","isPartOf":{"@id":"https:\/\/adf-magazine.com\/#website"},"primaryImageOfPage":{"@id":"https:\/\/adf-magazine.com\/pt-pt\/2024\/08\/ataques-do-al-shabaab-aumentam-na-somalia-durante-a-retirada-das-tropas-da-atmis\/#primaryimage"},"image":{"@id":"https:\/\/adf-magazine.com\/pt-pt\/2024\/08\/ataques-do-al-shabaab-aumentam-na-somalia-durante-a-retirada-das-tropas-da-atmis\/#primaryimage"},"thumbnailUrl":"https:\/\/adf-magazine.com\/wp-content\/uploads\/2024\/08\/GettyImages-2090998008.jpg","datePublished":"2024-08-06T18:36:45+00:00","dateModified":"2024-08-06T18:38:03+00:00","author":{"@id":"https:\/\/adf-magazine.com\/#\/schema\/person\/f266a6061389568b5a11465bb38bc025"},"breadcrumb":{"@id":"https:\/\/adf-magazine.com\/pt-pt\/2024\/08\/ataques-do-al-shabaab-aumentam-na-somalia-durante-a-retirada-das-tropas-da-atmis\/#breadcrumb"},"inLanguage":"pt-PT","potentialAction":[{"@type":"ReadAction","target":["https:\/\/adf-magazine.com\/pt-pt\/2024\/08\/ataques-do-al-shabaab-aumentam-na-somalia-durante-a-retirada-das-tropas-da-atmis\/"]}]},{"@type":"ImageObject","inLanguage":"pt-PT","@id":"https:\/\/adf-magazine.com\/pt-pt\/2024\/08\/ataques-do-al-shabaab-aumentam-na-somalia-durante-a-retirada-das-tropas-da-atmis\/#primaryimage","url":"https:\/\/adf-magazine.com\/wp-content\/uploads\/2024\/08\/GettyImages-2090998008.jpg","contentUrl":"https:\/\/adf-magazine.com\/wp-content\/uploads\/2024\/08\/GettyImages-2090998008.jpg","width":1024,"height":683,"caption":"Um soldado do Ex\u00e9rcito Nacional da Som\u00e1lia mant\u00e9m-se em sentido durante a formatura matinal no Centro de Forma\u00e7\u00e3o General Dhagabadan, em Mogad\u00edscio. AFP\/GETTY IMAGES"},{"@type":"BreadcrumbList","@id":"https:\/\/adf-magazine.com\/pt-pt\/2024\/08\/ataques-do-al-shabaab-aumentam-na-somalia-durante-a-retirada-das-tropas-da-atmis\/#breadcrumb","itemListElement":[{"@type":"ListItem","position":1,"name":"Home","item":"https:\/\/adf-magazine.com\/"},{"@type":"ListItem","position":2,"name":"Ataques do al-Shabaab Aumentam na Som\u00e1lia Durante a Retirada das Tropas da ATMIS"}]},{"@type":"WebSite","@id":"https:\/\/adf-magazine.com\/#website","url":"https:\/\/adf-magazine.com\/","name":"Africa Defense Forum","description":"Africa Defense Forum","potentialAction":[{"@type":"SearchAction","target":{"@type":"EntryPoint","urlTemplate":"https:\/\/adf-magazine.com\/?s={search_term_string}"},"query-input":{"@type":"PropertyValueSpecification","valueRequired":true,"valueName":"search_term_string"}}],"inLanguage":"pt-PT"},{"@type":"Person","@id":"https:\/\/adf-magazine.com\/#\/schema\/person\/f266a6061389568b5a11465bb38bc025","name":"ADF","image":{"@type":"ImageObject","inLanguage":"pt-PT","@id":"https:\/\/adf-magazine.com\/wp-content\/uploads\/2020\/05\/cropped-ADF_icon.jpg","url":"https:\/\/adf-magazine.com\/wp-content\/uploads\/2020\/05\/cropped-ADF_icon.jpg","contentUrl":"https:\/\/adf-magazine.com\/wp-content\/uploads\/2020\/05\/cropped-ADF_icon.jpg","caption":"ADF"},"description":"ADF is a professional military magazine published quarterly by U.S. Africa Command to provide an international forum for African security professionals. ADF covers topics such as counter terrorism strategies, security and defense operations, transnational crime, and all other issues affecting peace, stability, and good governance on the African continent.","sameAs":["https:\/\/x.com\/ADFmagazine"],"url":"https:\/\/adf-magazine.com\/pt-pt\/author\/adf\/"}]}},"_links":{"self":[{"href":"https:\/\/adf-magazine.com\/pt-pt\/wp-json\/wp\/v2\/posts\/116722","targetHints":{"allow":["GET"]}}],"collection":[{"href":"https:\/\/adf-magazine.com\/pt-pt\/wp-json\/wp\/v2\/posts"}],"about":[{"href":"https:\/\/adf-magazine.com\/pt-pt\/wp-json\/wp\/v2\/types\/post"}],"author":[{"embeddable":true,"href":"https:\/\/adf-magazine.com\/pt-pt\/wp-json\/wp\/v2\/users\/1"}],"replies":[{"embeddable":true,"href":"https:\/\/adf-magazine.com\/pt-pt\/wp-json\/wp\/v2\/comments?post=116722"}],"version-history":[{"count":0,"href":"https:\/\/adf-magazine.com\/pt-pt\/wp-json\/wp\/v2\/posts\/116722\/revisions"}],"wp:featuredmedia":[{"embeddable":true,"href":"https:\/\/adf-magazine.com\/pt-pt\/wp-json\/wp\/v2\/media\/116720"}],"wp:attachment":[{"href":"https:\/\/adf-magazine.com\/pt-pt\/wp-json\/wp\/v2\/media?parent=116722"}],"wp:term":[{"taxonomy":"category","embeddable":true,"href":"https:\/\/adf-magazine.com\/pt-pt\/wp-json\/wp\/v2\/categories?post=116722"},{"taxonomy":"post_tag","embeddable":true,"href":"https:\/\/adf-magazine.com\/pt-pt\/wp-json\/wp\/v2\/tags?post=116722"}],"curies":[{"name":"wp","href":"https:\/\/api.w.org\/{rel}","templated":true}]}}