{"id":116250,"date":"2024-07-12T13:56:30","date_gmt":"2024-07-12T17:56:30","guid":{"rendered":"https:\/\/adf-magazine.com\/?p=116250"},"modified":"2024-07-15T09:39:10","modified_gmt":"2024-07-15T13:39:10","slug":"uma-forca-uma-missao","status":"publish","type":"post","link":"https:\/\/adf-magazine.com\/pt-pt\/2024\/07\/uma-forca-uma-missao\/","title":{"rendered":"\u2018Uma For\u00e7a, Uma Miss\u00e3o\u2019"},"content":{"rendered":"<figure id=\"attachment_116243\" aria-describedby=\"caption-attachment-116243\" style=\"width: 150px\" class=\"wp-caption alignleft\"><a href=\"https:\/\/adf-magazine.com\/wp-content\/uploads\/2024\/07\/PerspectiveLtGenOgolla_CMYK-1.jpg\"><img decoding=\"async\" class=\"wp-image-116243 size-thumbnail\" src=\"https:\/\/adf-magazine.com\/wp-content\/uploads\/2024\/07\/PerspectiveLtGenOgolla_CMYK-1-150x150.jpg\" alt=\"\" width=\"150\" height=\"150\" \/><\/a><figcaption id=\"caption-attachment-116243\" class=\"wp-caption-text\">Le lieutenant-g\u00e9n\u00e9ral Ogolla est d\u00e9c\u00e9d\u00e9 dans un accident d\u2019h\u00e9licopt\u00e8re le 18 avril 2024, \u00e0 400 km au Nord-Ouest de Nairobi. Le pr\u00e9sident a d\u00e9clar\u00e9 trois journ\u00e9es de deuil national, alors que le g\u00e9n\u00e9ral Ogolla \u00e9tait comm\u00e9mor\u00e9 pour ses 40 ans de service \u00e0 son pays en tant que pilote de chasse, commandant de l\u2019Arm\u00e9e de l\u2019air k\u00e9nyane, vice-chef d\u2019\u00e9tat-major et chef d\u2019\u00e9tat-major des KDF.<\/figcaption><\/figure>\n<p><b><i>O Tenente-General Francis Omondi Ogolla tornou-se chefe das For\u00e7as de Defesa do Qu\u00e9nia (KDF) em Abril de 2023. Falou a 14 de Outubro de 2023, num evento na Guarni\u00e7\u00e3o de Embakasi, Nairobi, para assinalar o Dia das KDF. O tema foi \u201cUma For\u00e7a, Uma Miss\u00e3o: Refor\u00e7o da seguran\u00e7a nacional e regional.\u201d As observa\u00e7\u00f5es de Ogolla foram editadas por quest\u00f5es de espa\u00e7o e clareza.<\/i><\/b><\/p>\n<p>Todos os anos, este dia serve de testemunho do esp\u00edrito indom\u00e1vel dos nossos soldados, aviadores e marinheiros. A nossa observ\u00e2ncia do Dia das KDF n\u00e3o \u00e9 uma tradi\u00e7\u00e3o recente. Tem um significado profundamente enraizado na nossa mem\u00f3ria nacional. As sementes desta comemora\u00e7\u00e3o foram lan\u00e7adas em Outubro de 2011, quando os nossos soldados lan\u00e7aram corajosamente a Opera\u00e7\u00e3o Linda Nchi [uma interven\u00e7\u00e3o militar na Som\u00e1lia].<span class=\"Apple-converted-space\">\u00a0<\/span><\/p>\n<p>O Dia das KDF foi institu\u00eddo e tem sido observado anualmente desde Outubro de 2012. Serve para recordar a robustez e o empenho das nossas for\u00e7as de defesa e a sua incans\u00e1vel procura de paz e seguran\u00e7a para a nossa querida na\u00e7\u00e3o.<\/p>\n<p>Perante a adversidade, a verdadeira for\u00e7a de uma na\u00e7\u00e3o n\u00e3o emerge do seu armamento ou das suas proezas estrat\u00e9gicas, mas da sua unidade e do seu sentido partilhado de objectivos. H\u00e1 pouco mais de um ano, essa unidade foi posta \u00e0 prova e depar\u00e1mo-nos com uma sombra iminente que estendia os bra\u00e7os em direc\u00e7\u00e3o \u00e0 nossa p\u00e1tria: o al-Shabaab.<span class=\"Apple-converted-space\">\u00a0<\/span><\/p>\n<p>Compreendendo a gravidade desta amea\u00e7a, os tr\u00eas pilares das nossas for\u00e7as de defesa \u2014 o ex\u00e9rcito, a for\u00e7a a\u00e9rea e a marinha \u2014 convergiram, cada um com as suas for\u00e7as \u00fanicas, mas todos unidos por uma \u00fanica miss\u00e3o. Esta sinergia perfeita foi emblem\u00e1tica do nosso lema: uma for\u00e7a, uma miss\u00e3o.<span class=\"Apple-converted-space\">\u00a0<\/span><\/p>\n<p>O objectivo foi claro: neutralizar a amea\u00e7a do al-Shabaab e garantir a seguran\u00e7a da nossa p\u00e1tria. No entanto, as guerras nunca s\u00e3o simples. E esta tamb\u00e9m n\u00e3o o foi. A jornada foi dif\u00edcil e repleta de desafios. O nosso planeamento meticuloso deparou-se com a imprevisibilidade, a nossa determina\u00e7\u00e3o com a resist\u00eancia. Mas em cada desafio, encontr\u00e1mos uma oportunidade; em cada rev\u00e9s, uma li\u00e7\u00e3o; e em cada vit\u00f3ria, uma esperan\u00e7a renovada.<span class=\"Apple-converted-space\">\u00a0<\/span><\/p>\n<p>\u00c0 medida que navegamos nesta complexa trama da geopol\u00edtica mundial e num panorama de seguran\u00e7a em constante evolu\u00e7\u00e3o, o nosso empenho permanece inabal\u00e1vel. Evolu\u00edmos, adaptamo-nos, mas o nosso objectivo principal mant\u00e9m-se inalterado. Os nossos olhos e ouvidos est\u00e3o permanentemente a perscrutar os horizontes, assegurando que as nossas estrat\u00e9gias e capacidades s\u00e3o n\u00e3o s\u00f3 reactivas, mas tamb\u00e9m proactivas em rela\u00e7\u00e3o a quaisquer desafios \u00e0 nossa soberania nacional.<span class=\"Apple-converted-space\">\u00a0<\/span><\/p>\n<p>Numa \u00e9poca em que o nevoeiro da guerra se torna cada vez mais complexo e o teatro de conflitos cada vez mais intrincado, a base do nosso estimado servi\u00e7o militar continua a ser o seu empenho no profissionalismo e na conduta \u00e9tica. As For\u00e7as de Defesa do Qu\u00e9nia, na sua busca da seguran\u00e7a nacional e da paz, t\u00eam estes princ\u00edpios na mais alta considera\u00e7\u00e3o.<\/p>\n<p>Este compromisso profissional e \u00e9tico assenta numa base de dedica\u00e7\u00e3o subjacente: dedica\u00e7\u00e3o \u00e0 nossa p\u00e1tria, dedica\u00e7\u00e3o aos ideais que defendemos e dedica\u00e7\u00e3o \u00e0 confian\u00e7a sagrada que nos foi depositada pelo povo do Qu\u00e9nia.<span class=\"Apple-converted-space\">\u00a0<\/span><\/p>\n<p>Ao longo dos registos da hist\u00f3ria, os \u00eaxitos de qualquer institui\u00e7\u00e3o, em particular de uma for\u00e7a de defesa, n\u00e3o s\u00e3o alcan\u00e7ados de forma isolada. \u00c9 o esp\u00edrito de colabora\u00e7\u00e3o e apoio inabal\u00e1vel da lideran\u00e7a que impulsiona uma organiza\u00e7\u00e3o a atingir os seus objectivos. Hoje, estou perante v\u00f3s n\u00e3o apenas como representante das KDF, mas como testemunho do imenso apoio e confian\u00e7a que recebemos.<span class=\"Apple-converted-space\">\u00a0<\/span><\/p>\n<p>A estes, os dedicados membros do nosso governo nacional, a nossa sincera gratid\u00e3o n\u00e3o tem limites. A vossa cren\u00e7a inabal\u00e1vel nas nossas capacidades, o vosso apoio cont\u00ednuo e o vosso empenho na nossa vis\u00e3o comum t\u00eam sido a for\u00e7a motriz por detr\u00e1s de cada manobra, estrat\u00e9gia e vit\u00f3ria.<span class=\"Apple-converted-space\">\u00a0<\/span><\/p>\n<p>Num mundo cheio de complexidades, onde os desafios evoluem todos os dias, o nosso compromisso mant\u00e9m-se firme e singular. As For\u00e7as de Defesa do Qu\u00e9nia, unidas pelo dever, pela honra e pelo amor \u00e0 nossa p\u00e1tria, continuar\u00e3o a manter-se como uma fortaleza inquebr\u00e1vel, unidas na diversidade, dedicadas no nosso objectivo.<\/p>\n","protected":false},"excerpt":{"rendered":"<p>O Tenente-General Francis Omondi Ogolla tornou-se chefe das For\u00e7as de Defesa do Qu\u00e9nia (KDF) em Abril de 2023. Falou a 14 de Outubro de 2023, num evento na Guarni\u00e7\u00e3o de Embakasi, Nairobi, para assinalar o Dia das KDF. O tema foi \u201cUma For\u00e7a, Uma Miss\u00e3o: Refor\u00e7o da seguran\u00e7a nacional e regional.\u201d As observa\u00e7\u00f5es de Ogolla<\/p>\n","protected":false},"author":1,"featured_media":115739,"comment_status":"open","ping_status":"closed","sticky":false,"template":"","format":"standard","meta":{"_acf_changed":false,"_monsterinsights_skip_tracking":false,"_monsterinsights_sitenote_active":false,"_monsterinsights_sitenote_note":"","_monsterinsights_sitenote_category":0,"_uf_show_specific_survey":0,"_uf_disable_surveys":false,"footnotes":""},"categories":[335,337],"tags":[],"class_list":{"0":"post-116250","1":"post","2":"type-post","3":"status-publish","4":"format-standard","5":"has-post-thumbnail","7":"category-colunas","8":"category-perspectiva-africana"},"acf":[],"yoast_head":"<!-- This site is optimized with the Yoast SEO plugin v27.4 - https:\/\/yoast.com\/product\/yoast-seo-wordpress\/ -->\n<title>\u2018Uma For\u00e7a, Uma Miss\u00e3o\u2019 - Africa Defense Forum<\/title>\n<meta name=\"robots\" content=\"index, follow, max-snippet:-1, max-image-preview:large, max-video-preview:-1\" \/>\n<link rel=\"canonical\" href=\"https:\/\/adf-magazine.com\/pt-pt\/2024\/07\/uma-forca-uma-missao\/\" \/>\n<meta property=\"og:locale\" content=\"pt_PT\" \/>\n<meta property=\"og:type\" content=\"article\" \/>\n<meta property=\"og:title\" content=\"\u2018Uma For\u00e7a, Uma Miss\u00e3o\u2019 - Africa Defense Forum\" \/>\n<meta property=\"og:description\" content=\"O Tenente-General Francis Omondi Ogolla tornou-se chefe das For\u00e7as de Defesa do Qu\u00e9nia (KDF) em Abril de 2023. Falou a 14 de Outubro de 2023, num evento na Guarni\u00e7\u00e3o de Embakasi, Nairobi, para assinalar o Dia das KDF. O tema foi \u201cUma For\u00e7a, Uma Miss\u00e3o: Refor\u00e7o da seguran\u00e7a nacional e regional.\u201d As observa\u00e7\u00f5es de Ogolla\" \/>\n<meta property=\"og:url\" content=\"https:\/\/adf-magazine.com\/pt-pt\/2024\/07\/uma-forca-uma-missao\/\" \/>\n<meta property=\"og:site_name\" content=\"Africa Defense Forum\" \/>\n<meta property=\"article:publisher\" content=\"https:\/\/www.facebook.com\/ADFmagazine\/\" \/>\n<meta property=\"article:published_time\" content=\"2024-07-12T17:56:30+00:00\" \/>\n<meta property=\"article:modified_time\" content=\"2024-07-15T13:39:10+00:00\" \/>\n<meta property=\"og:image\" content=\"https:\/\/adf-magazine.com\/wp-content\/uploads\/2024\/07\/Perspective_415306463_CMYK.jpg\" \/>\n\t<meta property=\"og:image:width\" content=\"1080\" \/>\n\t<meta property=\"og:image:height\" content=\"720\" \/>\n\t<meta property=\"og:image:type\" content=\"image\/jpeg\" \/>\n<meta name=\"author\" content=\"ADF\" \/>\n<meta name=\"twitter:card\" content=\"summary_large_image\" \/>\n<meta name=\"twitter:creator\" content=\"@ADFmagazine\" \/>\n<meta name=\"twitter:site\" content=\"@ADFmagazine\" \/>\n<meta name=\"twitter:label1\" content=\"Escrito por\" \/>\n\t<meta name=\"twitter:data1\" content=\"ADF\" \/>\n\t<meta name=\"twitter:label2\" content=\"Tempo estimado de leitura\" \/>\n\t<meta name=\"twitter:data2\" content=\"4 minutos\" \/>\n<script type=\"application\/ld+json\" class=\"yoast-schema-graph\">{\"@context\":\"https:\\\/\\\/schema.org\",\"@graph\":[{\"@type\":\"Article\",\"@id\":\"https:\\\/\\\/adf-magazine.com\\\/pt-pt\\\/2024\\\/07\\\/uma-forca-uma-missao\\\/#article\",\"isPartOf\":{\"@id\":\"https:\\\/\\\/adf-magazine.com\\\/pt-pt\\\/2024\\\/07\\\/uma-forca-uma-missao\\\/\"},\"author\":{\"name\":\"ADF\",\"@id\":\"https:\\\/\\\/adf-magazine.com\\\/#\\\/schema\\\/person\\\/f266a6061389568b5a11465bb38bc025\"},\"headline\":\"\u2018Uma For\u00e7a, Uma Miss\u00e3o\u2019\",\"datePublished\":\"2024-07-12T17:56:30+00:00\",\"dateModified\":\"2024-07-15T13:39:10+00:00\",\"mainEntityOfPage\":{\"@id\":\"https:\\\/\\\/adf-magazine.com\\\/pt-pt\\\/2024\\\/07\\\/uma-forca-uma-missao\\\/\"},\"wordCount\":862,\"commentCount\":0,\"image\":{\"@id\":\"https:\\\/\\\/adf-magazine.com\\\/pt-pt\\\/2024\\\/07\\\/uma-forca-uma-missao\\\/#primaryimage\"},\"thumbnailUrl\":\"https:\\\/\\\/adf-magazine.com\\\/wp-content\\\/uploads\\\/2024\\\/07\\\/Perspective_415306463_CMYK.jpg\",\"articleSection\":[\"Colunas\",\"Perspectiva Africana\"],\"inLanguage\":\"pt-PT\",\"potentialAction\":[{\"@type\":\"CommentAction\",\"name\":\"Comment\",\"target\":[\"https:\\\/\\\/adf-magazine.com\\\/pt-pt\\\/2024\\\/07\\\/uma-forca-uma-missao\\\/#respond\"]}]},{\"@type\":\"WebPage\",\"@id\":\"https:\\\/\\\/adf-magazine.com\\\/pt-pt\\\/2024\\\/07\\\/uma-forca-uma-missao\\\/\",\"url\":\"https:\\\/\\\/adf-magazine.com\\\/pt-pt\\\/2024\\\/07\\\/uma-forca-uma-missao\\\/\",\"name\":\"\u2018Uma For\u00e7a, Uma Miss\u00e3o\u2019 - Africa Defense Forum\",\"isPartOf\":{\"@id\":\"https:\\\/\\\/adf-magazine.com\\\/#website\"},\"primaryImageOfPage\":{\"@id\":\"https:\\\/\\\/adf-magazine.com\\\/pt-pt\\\/2024\\\/07\\\/uma-forca-uma-missao\\\/#primaryimage\"},\"image\":{\"@id\":\"https:\\\/\\\/adf-magazine.com\\\/pt-pt\\\/2024\\\/07\\\/uma-forca-uma-missao\\\/#primaryimage\"},\"thumbnailUrl\":\"https:\\\/\\\/adf-magazine.com\\\/wp-content\\\/uploads\\\/2024\\\/07\\\/Perspective_415306463_CMYK.jpg\",\"datePublished\":\"2024-07-12T17:56:30+00:00\",\"dateModified\":\"2024-07-15T13:39:10+00:00\",\"author\":{\"@id\":\"https:\\\/\\\/adf-magazine.com\\\/#\\\/schema\\\/person\\\/f266a6061389568b5a11465bb38bc025\"},\"breadcrumb\":{\"@id\":\"https:\\\/\\\/adf-magazine.com\\\/pt-pt\\\/2024\\\/07\\\/uma-forca-uma-missao\\\/#breadcrumb\"},\"inLanguage\":\"pt-PT\",\"potentialAction\":[{\"@type\":\"ReadAction\",\"target\":[\"https:\\\/\\\/adf-magazine.com\\\/pt-pt\\\/2024\\\/07\\\/uma-forca-uma-missao\\\/\"]}]},{\"@type\":\"ImageObject\",\"inLanguage\":\"pt-PT\",\"@id\":\"https:\\\/\\\/adf-magazine.com\\\/pt-pt\\\/2024\\\/07\\\/uma-forca-uma-missao\\\/#primaryimage\",\"url\":\"https:\\\/\\\/adf-magazine.com\\\/wp-content\\\/uploads\\\/2024\\\/07\\\/Perspective_415306463_CMYK.jpg\",\"contentUrl\":\"https:\\\/\\\/adf-magazine.com\\\/wp-content\\\/uploads\\\/2024\\\/07\\\/Perspective_415306463_CMYK.jpg\",\"width\":1080,\"height\":720},{\"@type\":\"BreadcrumbList\",\"@id\":\"https:\\\/\\\/adf-magazine.com\\\/pt-pt\\\/2024\\\/07\\\/uma-forca-uma-missao\\\/#breadcrumb\",\"itemListElement\":[{\"@type\":\"ListItem\",\"position\":1,\"name\":\"Home\",\"item\":\"https:\\\/\\\/adf-magazine.com\\\/\"},{\"@type\":\"ListItem\",\"position\":2,\"name\":\"\u2018Uma For\u00e7a, Uma Miss\u00e3o\u2019\"}]},{\"@type\":\"WebSite\",\"@id\":\"https:\\\/\\\/adf-magazine.com\\\/#website\",\"url\":\"https:\\\/\\\/adf-magazine.com\\\/\",\"name\":\"Africa Defense Forum\",\"description\":\"Africa Defense Forum\",\"potentialAction\":[{\"@type\":\"SearchAction\",\"target\":{\"@type\":\"EntryPoint\",\"urlTemplate\":\"https:\\\/\\\/adf-magazine.com\\\/?s={search_term_string}\"},\"query-input\":{\"@type\":\"PropertyValueSpecification\",\"valueRequired\":true,\"valueName\":\"search_term_string\"}}],\"inLanguage\":\"pt-PT\"},{\"@type\":\"Person\",\"@id\":\"https:\\\/\\\/adf-magazine.com\\\/#\\\/schema\\\/person\\\/f266a6061389568b5a11465bb38bc025\",\"name\":\"ADF\",\"image\":{\"@type\":\"ImageObject\",\"inLanguage\":\"pt-PT\",\"@id\":\"https:\\\/\\\/adf-magazine.com\\\/wp-content\\\/uploads\\\/2020\\\/05\\\/cropped-ADF_icon.jpg\",\"url\":\"https:\\\/\\\/adf-magazine.com\\\/wp-content\\\/uploads\\\/2020\\\/05\\\/cropped-ADF_icon.jpg\",\"contentUrl\":\"https:\\\/\\\/adf-magazine.com\\\/wp-content\\\/uploads\\\/2020\\\/05\\\/cropped-ADF_icon.jpg\",\"caption\":\"ADF\"},\"description\":\"ADF is a professional military magazine published quarterly by U.S. Africa Command to provide an international forum for African security professionals. ADF covers topics such as counter terrorism strategies, security and defense operations, transnational crime, and all other issues affecting peace, stability, and good governance on the African continent.\",\"sameAs\":[\"https:\\\/\\\/x.com\\\/ADFmagazine\"],\"url\":\"https:\\\/\\\/adf-magazine.com\\\/pt-pt\\\/author\\\/adf\\\/\"}]}<\/script>\n<!-- \/ Yoast SEO plugin. -->","yoast_head_json":{"title":"\u2018Uma For\u00e7a, Uma Miss\u00e3o\u2019 - Africa Defense Forum","robots":{"index":"index","follow":"follow","max-snippet":"max-snippet:-1","max-image-preview":"max-image-preview:large","max-video-preview":"max-video-preview:-1"},"canonical":"https:\/\/adf-magazine.com\/pt-pt\/2024\/07\/uma-forca-uma-missao\/","og_locale":"pt_PT","og_type":"article","og_title":"\u2018Uma For\u00e7a, Uma Miss\u00e3o\u2019 - Africa Defense Forum","og_description":"O Tenente-General Francis Omondi Ogolla tornou-se chefe das For\u00e7as de Defesa do Qu\u00e9nia (KDF) em Abril de 2023. Falou a 14 de Outubro de 2023, num evento na Guarni\u00e7\u00e3o de Embakasi, Nairobi, para assinalar o Dia das KDF. O tema foi \u201cUma For\u00e7a, Uma Miss\u00e3o: Refor\u00e7o da seguran\u00e7a nacional e regional.\u201d As observa\u00e7\u00f5es de Ogolla","og_url":"https:\/\/adf-magazine.com\/pt-pt\/2024\/07\/uma-forca-uma-missao\/","og_site_name":"Africa Defense Forum","article_publisher":"https:\/\/www.facebook.com\/ADFmagazine\/","article_published_time":"2024-07-12T17:56:30+00:00","article_modified_time":"2024-07-15T13:39:10+00:00","og_image":[{"width":1080,"height":720,"url":"https:\/\/adf-magazine.com\/wp-content\/uploads\/2024\/07\/Perspective_415306463_CMYK.jpg","type":"image\/jpeg"}],"author":"ADF","twitter_card":"summary_large_image","twitter_creator":"@ADFmagazine","twitter_site":"@ADFmagazine","twitter_misc":{"Escrito por":"ADF","Tempo estimado de leitura":"4 minutos"},"schema":{"@context":"https:\/\/schema.org","@graph":[{"@type":"Article","@id":"https:\/\/adf-magazine.com\/pt-pt\/2024\/07\/uma-forca-uma-missao\/#article","isPartOf":{"@id":"https:\/\/adf-magazine.com\/pt-pt\/2024\/07\/uma-forca-uma-missao\/"},"author":{"name":"ADF","@id":"https:\/\/adf-magazine.com\/#\/schema\/person\/f266a6061389568b5a11465bb38bc025"},"headline":"\u2018Uma For\u00e7a, Uma Miss\u00e3o\u2019","datePublished":"2024-07-12T17:56:30+00:00","dateModified":"2024-07-15T13:39:10+00:00","mainEntityOfPage":{"@id":"https:\/\/adf-magazine.com\/pt-pt\/2024\/07\/uma-forca-uma-missao\/"},"wordCount":862,"commentCount":0,"image":{"@id":"https:\/\/adf-magazine.com\/pt-pt\/2024\/07\/uma-forca-uma-missao\/#primaryimage"},"thumbnailUrl":"https:\/\/adf-magazine.com\/wp-content\/uploads\/2024\/07\/Perspective_415306463_CMYK.jpg","articleSection":["Colunas","Perspectiva Africana"],"inLanguage":"pt-PT","potentialAction":[{"@type":"CommentAction","name":"Comment","target":["https:\/\/adf-magazine.com\/pt-pt\/2024\/07\/uma-forca-uma-missao\/#respond"]}]},{"@type":"WebPage","@id":"https:\/\/adf-magazine.com\/pt-pt\/2024\/07\/uma-forca-uma-missao\/","url":"https:\/\/adf-magazine.com\/pt-pt\/2024\/07\/uma-forca-uma-missao\/","name":"\u2018Uma For\u00e7a, Uma Miss\u00e3o\u2019 - Africa Defense Forum","isPartOf":{"@id":"https:\/\/adf-magazine.com\/#website"},"primaryImageOfPage":{"@id":"https:\/\/adf-magazine.com\/pt-pt\/2024\/07\/uma-forca-uma-missao\/#primaryimage"},"image":{"@id":"https:\/\/adf-magazine.com\/pt-pt\/2024\/07\/uma-forca-uma-missao\/#primaryimage"},"thumbnailUrl":"https:\/\/adf-magazine.com\/wp-content\/uploads\/2024\/07\/Perspective_415306463_CMYK.jpg","datePublished":"2024-07-12T17:56:30+00:00","dateModified":"2024-07-15T13:39:10+00:00","author":{"@id":"https:\/\/adf-magazine.com\/#\/schema\/person\/f266a6061389568b5a11465bb38bc025"},"breadcrumb":{"@id":"https:\/\/adf-magazine.com\/pt-pt\/2024\/07\/uma-forca-uma-missao\/#breadcrumb"},"inLanguage":"pt-PT","potentialAction":[{"@type":"ReadAction","target":["https:\/\/adf-magazine.com\/pt-pt\/2024\/07\/uma-forca-uma-missao\/"]}]},{"@type":"ImageObject","inLanguage":"pt-PT","@id":"https:\/\/adf-magazine.com\/pt-pt\/2024\/07\/uma-forca-uma-missao\/#primaryimage","url":"https:\/\/adf-magazine.com\/wp-content\/uploads\/2024\/07\/Perspective_415306463_CMYK.jpg","contentUrl":"https:\/\/adf-magazine.com\/wp-content\/uploads\/2024\/07\/Perspective_415306463_CMYK.jpg","width":1080,"height":720},{"@type":"BreadcrumbList","@id":"https:\/\/adf-magazine.com\/pt-pt\/2024\/07\/uma-forca-uma-missao\/#breadcrumb","itemListElement":[{"@type":"ListItem","position":1,"name":"Home","item":"https:\/\/adf-magazine.com\/"},{"@type":"ListItem","position":2,"name":"\u2018Uma For\u00e7a, Uma Miss\u00e3o\u2019"}]},{"@type":"WebSite","@id":"https:\/\/adf-magazine.com\/#website","url":"https:\/\/adf-magazine.com\/","name":"Africa Defense Forum","description":"Africa Defense Forum","potentialAction":[{"@type":"SearchAction","target":{"@type":"EntryPoint","urlTemplate":"https:\/\/adf-magazine.com\/?s={search_term_string}"},"query-input":{"@type":"PropertyValueSpecification","valueRequired":true,"valueName":"search_term_string"}}],"inLanguage":"pt-PT"},{"@type":"Person","@id":"https:\/\/adf-magazine.com\/#\/schema\/person\/f266a6061389568b5a11465bb38bc025","name":"ADF","image":{"@type":"ImageObject","inLanguage":"pt-PT","@id":"https:\/\/adf-magazine.com\/wp-content\/uploads\/2020\/05\/cropped-ADF_icon.jpg","url":"https:\/\/adf-magazine.com\/wp-content\/uploads\/2020\/05\/cropped-ADF_icon.jpg","contentUrl":"https:\/\/adf-magazine.com\/wp-content\/uploads\/2020\/05\/cropped-ADF_icon.jpg","caption":"ADF"},"description":"ADF is a professional military magazine published quarterly by U.S. Africa Command to provide an international forum for African security professionals. ADF covers topics such as counter terrorism strategies, security and defense operations, transnational crime, and all other issues affecting peace, stability, and good governance on the African continent.","sameAs":["https:\/\/x.com\/ADFmagazine"],"url":"https:\/\/adf-magazine.com\/pt-pt\/author\/adf\/"}]}},"_links":{"self":[{"href":"https:\/\/adf-magazine.com\/pt-pt\/wp-json\/wp\/v2\/posts\/116250","targetHints":{"allow":["GET"]}}],"collection":[{"href":"https:\/\/adf-magazine.com\/pt-pt\/wp-json\/wp\/v2\/posts"}],"about":[{"href":"https:\/\/adf-magazine.com\/pt-pt\/wp-json\/wp\/v2\/types\/post"}],"author":[{"embeddable":true,"href":"https:\/\/adf-magazine.com\/pt-pt\/wp-json\/wp\/v2\/users\/1"}],"replies":[{"embeddable":true,"href":"https:\/\/adf-magazine.com\/pt-pt\/wp-json\/wp\/v2\/comments?post=116250"}],"version-history":[{"count":0,"href":"https:\/\/adf-magazine.com\/pt-pt\/wp-json\/wp\/v2\/posts\/116250\/revisions"}],"wp:featuredmedia":[{"embeddable":true,"href":"https:\/\/adf-magazine.com\/pt-pt\/wp-json\/wp\/v2\/media\/115739"}],"wp:attachment":[{"href":"https:\/\/adf-magazine.com\/pt-pt\/wp-json\/wp\/v2\/media?parent=116250"}],"wp:term":[{"taxonomy":"category","embeddable":true,"href":"https:\/\/adf-magazine.com\/pt-pt\/wp-json\/wp\/v2\/categories?post=116250"},{"taxonomy":"post_tag","embeddable":true,"href":"https:\/\/adf-magazine.com\/pt-pt\/wp-json\/wp\/v2\/tags?post=116250"}],"curies":[{"name":"wp","href":"https:\/\/api.w.org\/{rel}","templated":true}]}}